{"id":14290,"date":"2022-05-01T10:00:40","date_gmt":"2022-05-01T08:00:40","guid":{"rendered":"https:\/\/www.welovecycling.com\/sk\/?p=14290"},"modified":"2022-04-29T08:58:08","modified_gmt":"2022-04-29T06:58:08","slug":"majovy-prehlad-mtb-a-cestnych-pretekov","status":"publish","type":"post","link":"https:\/\/www.welovecycling.com\/sk\/2022\/05\/01\/majovy-prehlad-mtb-a-cestnych-pretekov\/","title":{"rendered":"M\u00e1jov\u00fd preh\u013ead MTB a cestn\u00fdch pretekov"},"content":{"rendered":"<p><strong>M\u00e1j l\u00e1sky \u010das a v na\u0161om pr\u00edpade aj l\u00e1sky k cyklistike a pretekom. Tak po\u010fme sa pozrie\u0165 na aktu\u00e1lny m\u00e1jov\u00fd preh\u013ead MTB a cestn\u00fdch pretekov v Nemecku, Belgicku, \u0160panielsku, ale aj v susednom \u010cesku a u n\u00e1s na Slovensku. Z\u00e1ver mesiaca v\u0161ak bude nabit\u00fd zauj\u00edmav\u00fdmi akciami, ktor\u00e9 sa ani nebud\u00fa da\u0165 v\u0161etky stihn\u00fa\u0165 a bude potrebn\u00e9 si rozumne vybra\u0165, vzh\u013eadom na term\u00edny.<\/strong><!--more--><\/p>\n<h2><strong>1. Peklo Severu 2022 # 1, Nemecko, Sebnitz &#8211; 01. 05. 2022<\/strong><\/h2>\n<p>Aj MTB cyklisti maj\u00fa preteky s ozna\u010den\u00edm Peklo Severu a kon\u00e1 sa po\u010das sez\u00f3ny vo viacer\u00fdch lokalit\u00e1ch na severe \u010ciech v bl\u00edzkosti N\u00e1rodn\u00e9ho parku \u010cesk\u00e9 \u0160v\u00fdcarsko. Za\u010diatok pripadol na nemeck\u00e9 pohrani\u010dn\u00e9 meste\u010dko Sebnitz. <strong>Okruh m\u00e1 d\u013a\u017eku 16,5 km a prev\u00fd\u0161enie 420 m.<\/strong> Povrch sa sklad\u00e1 z lesn\u00fdch aj hodpod\u00e1rskych ciest a n\u00e1jdu sa tu aj nejak\u00e9 singeltraily. Okruh je r\u00fdchly, ale kondi\u010dne n\u00e1ro\u010dn\u00fd. Pri optim\u00e1lnych podmienkach sa d\u00e1 cel\u00fd odjazdi\u0165 na bicykli, bez nutnosti zostupovania.<\/p>\n<lite-youtube videoid=Nqvk3vJ3RsE params=\"enablejsapi=1\" style=\"background-image: url('https:\/\/i.ytimg.com\/vi_webp\/Nqvk3vJ3RsE\/maxresdefault.webp');\"><\/lite-youtube>\n<h2><strong>2. MERCEDES-BENZ UCI MTB WORLD CUP, Nemecko, Albstadt &#8211; 06. 05. &#8211; 08. 05. 2022<\/strong><\/h2>\n<p>Svetov\u00fd poh\u00e1r UCI v horsk\u00fdch bicykloch m\u00e1 dlh\u00fa hist\u00f3riu. Tento rok od\u0161tartovala s\u00e9ria v Lurdoch, nasledovalo kolo v Petropolise a tretia zast\u00e1vka je v Albstadte. <strong>Tu je tra\u0165 zn\u00e1ma najm\u00e4 dlh\u00fdmi st\u00fapaniami a obsahuje menej technick\u00fdch \u010dast\u00ed.<\/strong> Napriek tomu, aj toto kolo s\u013eubuje ve\u013ea z\u00e1\u017eitkov. V priebehu rokov UCI upravila form\u00e1t celej s\u00e9rie, aby udr\u017eala krok s vyv\u00edjaj\u00facimi sa trendmi a splnila o\u010dak\u00e1vania \u0161portovcov a fan\u00fa\u0161ikov.<\/p>\n<lite-youtube videoid=ci0aLBMNu6Q params=\"enablejsapi=1\" style=\"background-image: url('https:\/\/i.ytimg.com\/vi_webp\/ci0aLBMNu6Q\/maxresdefault.webp');\"><\/lite-youtube>\n<h2><strong>3. MERCEDES-BENZ UCI MTB WORLD CUP, \u010cesk\u00e1 republika, Nov\u00e9 M\u011bsto na Morav\u011b &#8211; 13.05. &#8211; 15. 05. 2022<\/strong><\/h2>\n<p>Seri\u00e1l svetov\u00e9ho poh\u00e1ra v MTB pokra\u010duje tento \u010fal\u0161\u00ed t\u00fd\u017ede\u0148 a to u na\u0161ich susedov v Novom M\u011bste na Morav\u011b. <strong>Tra\u0165 ako ka\u017edoro\u010dne pon\u00fakne \u0161irok\u00fa paletu lesn\u00fdch prek\u00e1\u017eok, nebud\u00fa ch\u00fdba\u0165 rockgardeny \u010di strm\u00fd kamenist\u00fd drop.<\/strong> V roku 2018 sa do celkovej s\u00fa\u0165a\u017ee Svetov\u00e9ho poh\u00e1ra horsk\u00fdch bicyklov XCO UCI pridali preteky na kr\u00e1tkej trati v cross-country (XCC) a tak Svetov\u00fd poh\u00e1r ka\u017ed\u00fd rok prin\u00e1\u0161a kopu z\u00e1\u017eitkov nielen v downhille, ale aj v cross-country.<\/p>\n<lite-youtube videoid=kZbrQLROosY params=\"enablejsapi=1\" style=\"background-image: url('https:\/\/i.ytimg.com\/vi_webp\/kZbrQLROosY\/maxresdefault.webp');\"><\/lite-youtube>\n<h2><strong>4. Peklo Severu 2022 # 2, \u010cesk\u00e1 republika, Varnsdorf &#8211; 14.&nbsp;05. 2022<\/strong><\/h2>\n<p>Peklo Severu m\u00e1 trad\u00edciu u\u017e viac ako dvadsa\u0165 rokov a podporuje mlad\u00fdch cyklistov, hobby jazdcov, ale v hist\u00f3rii n\u00e1jdete aj zn\u00e1me men\u00e1 horskej cyklistiky. Druh\u00e9 kolo sa bude kona\u0165 vo Varnsdorfe, ktor\u00fd mal v minulosti prez\u00fdvku \u201eMal\u00fd Manchester\u201c, v\u010faka trad\u00edcii v textilnom priemysle. <strong>Jazdi\u0165 sa bude na dvoch hlavn\u00fdch okruhoch a usporiadatelia nezab\u00fadaj\u00fa ani na mal\u00fdch cyklistov, pre ktor\u00fdch pripravili detsk\u00fd okruh.<\/strong> Pr\u00ed\u010fte si u\u017ei\u0165 pr\u00edjemn\u00fd v\u00edkend a nezabudnite nav\u0161t\u00edvi\u0165 aj bl\u00edzku rozh\u013ead\u0148u Hr\u00e1dok. <\/p>\n<lite-youtube videoid=4AlxfVN5b8U params=\"enablejsapi=1\" style=\"background-image: url('https:\/\/i.ytimg.com\/vi_webp\/4AlxfVN5b8U\/maxresdefault.webp');\"><\/lite-youtube>\n<h2><strong>5. Belgian Mountainbike Challenge, Belgicko, La Roche-en-Ardenne &#8211; 19. 05. &#8211; 22. 05. 2022<\/strong><\/h2>\n<p>Po 2 rokoch absencie z d\u00f4vodu pand\u00e9mie je Belgian Mountainbike Challenge sp\u00e4\u0165 v cyklistickom kalend\u00e1ri. S nov\u00fdm hlavn\u00fdm sponzorom Ekopak s\u00fa usporiadatelia motivovan\u00ed, aby sa ro\u010dn\u00edk 2022 stal t\u00fdm najlep\u0161\u00edm v hist\u00f3rii. \u0160tyri dni bohato naplnen\u00e9 r\u00f4znym programom, zaru\u010duj\u00fa poriadnu z\u00e1bavu a \u0161portov\u00e9 vy\u017eitie. Prv\u00fd de\u0148 je pripraven\u00e1 \u010dasovka v d\u013a\u017eke 21,2 km. Druh\u00fd de\u0148 pokra\u010duje trasou dlhou 85,8 km, tretia etapa m\u00e1 d\u013a\u017eku 83,9 km a z\u00e1vere\u010dn\u00e1 trasa je v d\u013a\u017eke 63 km. <strong>Celkovo 260 km s prev\u00fd\u0161en\u00edm 8 000 metrov, to u\u017e je poriadna porcia.<\/strong>\n<lite-youtube videoid=kvTz300nJeE params=\"enablejsapi=1\" style=\"background-image: url('https:\/\/i.ytimg.com\/vi_webp\/kvTz300nJeE\/maxresdefault.webp');\"><\/lite-youtube>\n<h2><strong>6. XCO Drozdovo, Slovensko, Bike Park Drozdovo &#8211; 29. 05. 2022<\/strong><\/h2>\n<p>SKI centrum Drozdovo bude aj tento rok hosti\u0165 Slovensk\u00fd poh\u00e1r v MTB XCO, UCI kateg\u00f3rie C1. C1 je kateg\u00f3ria, v ktorej m\u00f4\u017eu jazdci z\u00edska\u0165 vy\u0161\u0161\u00ed po\u010det bodov v UCI rebr\u00ed\u010dku a pr\u00e1ve preto je na tomto podujat\u00ed v\u017edy zauj\u00edmav\u00e1 \u00fa\u010das\u0165 aj zahrani\u010dn\u00fdch pretek\u00e1rov. <strong>V\u010faka tomu si m\u00f4\u017eete zmera\u0165 sily so zahrani\u010dnou konkurenciou a aj pre div\u00e1kov je t\u00e1to \u00fa\u010das\u0165 atrakt\u00edvna.<\/strong> Ako ka\u017ed\u00fd rok bude aj teraz pripraven\u00e1 technick\u00e1 tra\u0165, kde m\u00f4\u017eu jazdci uk\u00e1za\u0165 svoje zru\u010dnosti.<\/p>\n<lite-youtube videoid=IBR51aR46SY params=\"enablejsapi=1\" style=\"background-image: url('https:\/\/i.ytimg.com\/vi_webp\/IBR51aR46SY\/maxresdefault.webp');\"><\/lite-youtube>\n<h2><strong>7. Pressingowa Petarda MTB XCO, Po\u013esko, Jastrz\u0119bie-Zdr\u00f3j &#8211; 29. 05. 2022<\/strong><\/h2>\n<p>V susednom Po\u013esku sa koncom mesiaca uskuto\u010dn\u00ed jedno z podujat\u00ed Po\u013esk\u00e9ho poh\u00e1ra MTB XCO UCI kateg\u00f3rie C3. V\u010faka zaradeniu do UCI, organiz\u00e1tori o\u010dak\u00e1vaj\u00fa \u00fa\u010das\u0165 nielen dom\u00e1cich pretek\u00e1rov, ale aj dostato\u010dn\u00e9 mno\u017estvo zahrani\u010dn\u00fdch jazdcov. <strong>Preteky sa konaj\u00fa v kr\u00e1snom prostred\u00ed mestsk\u00e9ho lesn\u00e9ho parku &#8211; O\u015brodek Wypoczynku Niedzielnego v meste Jastrz\u0119bie-Zdr\u00f3j, ktor\u00e9 je bl\u00edzko hran\u00edc s \u010ceskom.<\/strong><\/p>\n<lite-youtube videoid=oDsPY_RwoT4 params=\"enablejsapi=1\" style=\"background-image: url('https:\/\/i.ytimg.com\/vi_webp\/oDsPY_RwoT4\/maxresdefault.webp');\"><\/lite-youtube>\n<h2><strong>8. Copa Catalana Internacional BTT &#8211; Cala Ratjada, \u0160panielsko, Mallorca &#8211; 29. 05. 2022<\/strong><\/h2>\n<p>Po\u010das svojej dlhej hist\u00f3rie sa Copa Catalana Internacional BTT upev\u0148uje ako jeden z popredn\u00fdch svetov\u00fdch \u0161ampion\u00e1tov v MTB. V s\u00fa\u010dasnej dobe je to na svete v porad\u00ed druh\u00fd \u0161ampion\u00e1t XCO s najv\u00e4\u010d\u0161\u00edm po\u010dtom bodov UCI (okrem majstrovstiev sveta). <strong>Preteka\u0165 sa bude v XCO v kateg\u00f3rii C1.<\/strong> Okruh m\u00e1 d\u013a\u017eku 5,5 km a okrem technick\u00fdch \u010dast\u00ed si u\u017eijete aj n\u00e1dhern\u00fa pr\u00edrodu Malorky a v\u00fdh\u013eady na more.<\/p>\n<lite-youtube videoid=NgKTQaF2cg0 params=\"enablejsapi=1\" style=\"background-image: url('https:\/\/i.ytimg.com\/vi_webp\/NgKTQaF2cg0\/maxresdefault.webp');\"><\/lite-youtube>\n<h2><strong>Cestn\u00e1 cyklistika<\/strong><\/h2>\n<p>U\u017e ako je zvykom, pon\u00fakame aj v\u00fdber top akci\u00ed z cesty. T\u00fdch nebude v\u0161ak ve\u013ea, ke\u010f\u017ee n\u00e1m kone\u010dne za\u010d\u00edna cyklistick\u00fd sviatok v podobe ProTour pretekov. Dopredu v\u00e1s ale chceme upozorni\u0165, \u017ee \u00fa\u010das\u0165 Petra Sagana na ak\u00fdchko\u013evek pretekoch v tomto mesiaci je st\u00e1le ot\u00e1zna. Preto jeho kalend\u00e1r v tomto \u010dl\u00e1nku neh\u013eadajte.<strong> Ako alternat\u00edvu v\u00e1m pon\u00fakame kalend\u00e1r slovenskej cyklistickej reprezent\u00e1cie do 23 rokov a n\u00e1\u0161ho jedin\u00e9ho kontinent\u00e1lneho z\u00e1stupcu na Slovensku, Duklu Bansk\u00fa Bystricu.<\/strong> <\/p>\n<p>https:\/\/www.instagram.com\/p\/CZPY3VhOZ4I\/<\/p>\n<h2><strong>Giro d\u2019Italia<\/strong><\/h2>\n<p>V\u00fdborn\u00fa \u0161\u00e1lku kapu\u010d\u00edna, \u010di skvel\u00e9 \u0161pagety si pretek\u00e1ri vychutnaj\u00fa u\u017e 6. m\u00e1ja a bud\u00fa ma\u0165 na to \u010das a\u017e do 29. 05. 2022. TOP sviatok cel\u00e9ho mesiaca medzi cyklistami patr\u00ed pr\u00e1ve cestn\u00fdm pretekom Giro d\u2019Italia. O 15 tis\u00edcov\u00e9 prize money sa pretek\u00e1ri pobij\u00fa pr\u00e1ve po\u010das t\u00fdchto dn\u00ed a ako u\u017e pretek\u00e1rov pozn\u00e1me, ur\u010dite si nenechaj\u00fa medzi rivalmi ni\u010d zadarmo. <strong>The Grande Partenza za\u010d\u00edna v hlavnom meste Ma\u010farska, ne\u010faleko Slovenska, v Budape\u0161ti.<\/strong> Prv\u00fa etapu bud\u00fa kon\u010di\u0165 len 25 km od slovensk\u00e9ho mesta \u0160t\u00farovo. Po\u010das 3 410,3 km cyklisti prejd\u00fa cez radu zn\u00e1mych st\u00fapan\u00ed, ako napr\u00edklad Stelvio, Colle delle Finestre, Mortirolo \u010di in\u00e9; cez vrece popul\u00e1rnych destin\u00e1ci\u00ed, ku ktor\u00fdm patr\u00ed Etna, Neapol, Pescara, Parma, Sanremo, Tur\u00edn, zn\u00e1my aj ako star\u00e1 d\u00e1ma a v\u0161etko to vyvrchol\u00ed v meste Verona. Posledn\u00fdm v\u00ed\u0165azom Giro d\u2019Italia je Egan Bernal z t\u00edmu Ineos Grenadiers.<\/p>\n<p>https:\/\/www.instagram.com\/p\/CcXLSSjMYHn\/<\/p>\n<h2><strong>GP Gorenjska a Orlen Nations GRAND PRIX<\/strong><\/h2>\n<p>Jednod\u0148ov\u00fd z\u00e1vod cestnej cyklistiky na \u00fazem\u00ed Slovinska \u0161tartuje 22. m\u00e1ja. Stoj\u00ed za spomenutie u\u017e len kv\u00f4li \u00fa\u010dasti na\u0161ej slovenskej U23-jky a je tomu tak aj pri pretekoch Orlen Nations GRAND PRIX v Po\u013esku. Tie za\u010d\u00ednaj\u00fa 28. m\u00e1ja a kon\u010dia o de\u0148 nesk\u00f4r, 29. m\u00e1ja.  <\/p>\n<h2><strong>Circuit de Vallonie<\/strong><\/h2>\n<p>Tieto preteky sa ka\u017edoro\u010dne konaj\u00fa v Belgicku u\u017e od roku 1966. V roku 2022 za\u010d\u00ednaj\u00fa 13. 05. <strong>Duklu Bansk\u00fa Bystricu na ceste bude \u010daka\u0165 extra v\u00fdzva v podobe World Tour t\u00edmov, ako napr\u00edklad Cofidis, Jumbo &#8211; Visma, Lotto Soudal \u010di in\u00e9.<\/strong> Posledn\u00fdm v\u00ed\u0165azom je Christophe Laporte.<\/p>\n<p>https:\/\/www.instagram.com\/p\/CcYKNEnq8UA\/<\/p>\n<h2><strong>Ostatn\u00e9 preteky t\u00edmu Dukla Bansk\u00e1 Bystrica<\/strong><\/h2>\n<ul>\n<li>06. 05. &#8211; 09. 05. 2022 &#8211;  Greek Monuments Tour<\/li>\n<li>08. 05. 2022 &#8211;  1. kolo SP v cestnej cyklistike, Hri\u010dov<\/li>\n<li>15. 05. &#8211; 16. 05. 2022 &#8211;  Tour de Eu Loire<\/li>\n<li>19. 05. &#8211; 23. 05. 2022 &#8211;  Alpes Rhone Tour<\/li>\n<li>26. 05. &#8211; 30. 05. 2022 &#8211;  Orlen, Ncup<\/li>\n<\/ul>\n","protected":false},"excerpt":{"rendered":"<p>M\u00e1j l\u00e1sky \u010das a v na\u0161om pr\u00edpade aj l\u00e1sky k cyklistike a pretekom. Tak po\u010fme sa pozrie\u0165 na aktu\u00e1lny m\u00e1jov\u00fd [&hellip;]<\/p>\n","protected":false},"author":81,"featured_media":14306,"comment_status":"open","ping_status":"open","sticky":false,"template":"","format":"standard","meta":{"footnotes":""},"categories":[34],"tags":[478,540,115,1498,546,331,65,417,1497,412,37,179,523,419,545],"global-categories":[1074],"class_list":["post-14290","post","type-post","status-publish","format-standard","has-post-thumbnail","hentry","category-podujatia","tag-akcia","tag-ceska-republika","tag-cestna-cyklistika","tag-circuit-de-vallonie","tag-cyklistika","tag-etapove-preteky","tag-giro-d-italia","tag-jar","tag-maj","tag-mtb","tag-podujatia","tag-preteky","tag-slovensko","tag-taliansko","tag-trasa","global-categories-cycling"],"yoast_head":"<!-- This site is optimized with the Yoast SEO Premium plugin v25.3 (Yoast SEO v25.9) - https:\/\/yoast.com\/wordpress\/plugins\/seo\/ -->\n<title>M\u00e1jov\u00fd preh\u013ead MTB a cestn\u00fdch pretekov - \u0160koda We Love Cycling Slovensko<\/title>\n<meta name=\"description\" content=\"Po\u010fme sa pozrie\u0165 na aktu\u00e1lny preh\u013ead MTB a cestn\u00fdch pretekov v Nemecku, Belgicku, \u0160panielsku, ale aj v susednom \u010cesku a u n\u00e1s na Slovensku.\" \/>\n<meta name=\"robots\" content=\"index, follow, max-snippet:-1, max-image-preview:large, max-video-preview:-1\" \/>\n<link rel=\"canonical\" href=\"https:\/\/www.welovecycling.com\/sk\/2022\/05\/01\/majovy-prehlad-mtb-a-cestnych-pretekov\/\" \/>\n<meta property=\"og:locale\" content=\"sk_SK\" \/>\n<meta property=\"og:type\" content=\"article\" \/>\n<meta property=\"og:title\" content=\"M\u00e1jov\u00fd preh\u013ead MTB a cestn\u00fdch pretekov\" \/>\n<meta property=\"og:description\" content=\"Po\u010fme sa pozrie\u0165 na aktu\u00e1lny preh\u013ead MTB a cestn\u00fdch pretekov v Nemecku, Belgicku, \u0160panielsku, ale aj v susednom \u010cesku a u n\u00e1s na Slovensku.\" \/>\n<meta property=\"og:url\" content=\"https:\/\/www.welovecycling.com\/sk\/2022\/05\/01\/majovy-prehlad-mtb-a-cestnych-pretekov\/\" \/>\n<meta property=\"og:site_name\" content=\"\u0160koda We Love Cycling Slovensko\" \/>\n<meta property=\"article:published_time\" content=\"2022-05-01T08:00:40+00:00\" \/>\n<meta property=\"og:image\" content=\"https:\/\/d2p6e6u75xmxt8.cloudfront.net\/4\/2022\/04\/WLC_maj_00.webp\" \/>\n\t<meta property=\"og:image:width\" content=\"1380\" \/>\n\t<meta property=\"og:image:height\" content=\"600\" \/>\n\t<meta property=\"og:image:type\" content=\"image\/webp\" \/>\n<meta name=\"twitter:card\" content=\"summary_large_image\" \/>\n<meta name=\"twitter:label1\" content=\"Written by\" \/>\n\t<meta name=\"twitter:data1\" content=\"Radovan Vr\u0161ka\" \/>\n\t<meta name=\"twitter:label2\" content=\"Est. reading time\" \/>\n\t<meta name=\"twitter:data2\" content=\"5\" \/>\n<script type=\"application\/ld+json\" class=\"yoast-schema-graph\">{\"@context\":\"https:\/\/schema.org\",\"@graph\":[{\"@type\":\"WebPage\",\"@id\":\"https:\/\/www.welovecycling.com\/sk\/2022\/05\/01\/majovy-prehlad-mtb-a-cestnych-pretekov\/\",\"url\":\"https:\/\/www.welovecycling.com\/sk\/2022\/05\/01\/majovy-prehlad-mtb-a-cestnych-pretekov\/\",\"name\":\"M\u00e1jov\u00fd preh\u013ead MTB a cestn\u00fdch pretekov - \u0160koda We Love Cycling Slovensko\",\"isPartOf\":{\"@id\":\"https:\/\/www.welovecycling.com\/sk\/#website\"},\"primaryImageOfPage\":{\"@id\":\"https:\/\/www.welovecycling.com\/sk\/2022\/05\/01\/majovy-prehlad-mtb-a-cestnych-pretekov\/#primaryimage\"},\"image\":{\"@id\":\"https:\/\/www.welovecycling.com\/sk\/2022\/05\/01\/majovy-prehlad-mtb-a-cestnych-pretekov\/#primaryimage\"},\"thumbnailUrl\":\"https:\/\/d2p6e6u75xmxt8.cloudfront.net\/4\/2022\/04\/WLC_maj_00.webp\",\"datePublished\":\"2022-05-01T08:00:40+00:00\",\"author\":{\"@id\":\"\"},\"description\":\"Po\u010fme sa pozrie\u0165 na aktu\u00e1lny preh\u013ead MTB a cestn\u00fdch pretekov v Nemecku, Belgicku, \u0160panielsku, ale aj v susednom \u010cesku a u n\u00e1s na Slovensku.\",\"breadcrumb\":{\"@id\":\"https:\/\/www.welovecycling.com\/sk\/2022\/05\/01\/majovy-prehlad-mtb-a-cestnych-pretekov\/#breadcrumb\"},\"inLanguage\":\"sk-SK\",\"potentialAction\":[{\"@type\":\"ReadAction\",\"target\":[\"https:\/\/www.welovecycling.com\/sk\/2022\/05\/01\/majovy-prehlad-mtb-a-cestnych-pretekov\/\"]}]},{\"@type\":\"ImageObject\",\"inLanguage\":\"sk-SK\",\"@id\":\"https:\/\/www.welovecycling.com\/sk\/2022\/05\/01\/majovy-prehlad-mtb-a-cestnych-pretekov\/#primaryimage\",\"url\":\"https:\/\/d2p6e6u75xmxt8.cloudfront.net\/4\/2022\/04\/WLC_maj_00.webp\",\"contentUrl\":\"https:\/\/d2p6e6u75xmxt8.cloudfront.net\/4\/2022\/04\/WLC_maj_00.webp\",\"width\":1380,\"height\":600},{\"@type\":\"BreadcrumbList\",\"@id\":\"https:\/\/www.welovecycling.com\/sk\/2022\/05\/01\/majovy-prehlad-mtb-a-cestnych-pretekov\/#breadcrumb\",\"itemListElement\":[{\"@type\":\"ListItem\",\"position\":1,\"name\":\"Home\",\"item\":\"https:\/\/www.welovecycling.com\/sk\/\"},{\"@type\":\"ListItem\",\"position\":2,\"name\":\"M\u00e1jov\u00fd preh\u013ead MTB a cestn\u00fdch pretekov\"}]},{\"@type\":\"WebSite\",\"@id\":\"https:\/\/www.welovecycling.com\/sk\/#website\",\"url\":\"https:\/\/www.welovecycling.com\/sk\/\",\"name\":\"\u0160koda We Love Cycling Slovensko\",\"description\":\"\u0160koda We Love Cycling Slovensko je v\u00e1\u0161 ka\u017edodenn\u00fd zdroj noviniek a in\u0161pir\u00e1cie z sveta cyklistiky\",\"potentialAction\":[{\"@type\":\"SearchAction\",\"target\":{\"@type\":\"EntryPoint\",\"urlTemplate\":\"https:\/\/www.welovecycling.com\/sk\/?s={search_term_string}\"},\"query-input\":{\"@type\":\"PropertyValueSpecification\",\"valueRequired\":true,\"valueName\":\"search_term_string\"}}],\"inLanguage\":\"sk-SK\"},{\"@type\":\"Person\",\"@id\":\"\",\"url\":\"https:\/\/www.welovecycling.com\/sk\/author\/\"}]}<\/script>\n<!-- \/ Yoast SEO Premium plugin. -->","yoast_head_json":{"title":"M\u00e1jov\u00fd preh\u013ead MTB a cestn\u00fdch pretekov - \u0160koda We Love Cycling Slovensko","description":"Po\u010fme sa pozrie\u0165 na aktu\u00e1lny preh\u013ead MTB a cestn\u00fdch pretekov v Nemecku, Belgicku, \u0160panielsku, ale aj v susednom \u010cesku a u n\u00e1s na Slovensku.","robots":{"index":"index","follow":"follow","max-snippet":"max-snippet:-1","max-image-preview":"max-image-preview:large","max-video-preview":"max-video-preview:-1"},"canonical":"https:\/\/www.welovecycling.com\/sk\/2022\/05\/01\/majovy-prehlad-mtb-a-cestnych-pretekov\/","og_locale":"sk_SK","og_type":"article","og_title":"M\u00e1jov\u00fd preh\u013ead MTB a cestn\u00fdch pretekov","og_description":"Po\u010fme sa pozrie\u0165 na aktu\u00e1lny preh\u013ead MTB a cestn\u00fdch pretekov v Nemecku, Belgicku, \u0160panielsku, ale aj v susednom \u010cesku a u n\u00e1s na Slovensku.","og_url":"https:\/\/www.welovecycling.com\/sk\/2022\/05\/01\/majovy-prehlad-mtb-a-cestnych-pretekov\/","og_site_name":"\u0160koda We Love Cycling Slovensko","article_published_time":"2022-05-01T08:00:40+00:00","og_image":[{"width":1380,"height":600,"url":"https:\/\/d2p6e6u75xmxt8.cloudfront.net\/4\/2022\/04\/WLC_maj_00.webp","type":"image\/webp"}],"twitter_card":"summary_large_image","twitter_misc":{"Written by":"Radovan Vr\u0161ka","Est. reading time":"5"},"schema":{"@context":"https:\/\/schema.org","@graph":[{"@type":"WebPage","@id":"https:\/\/www.welovecycling.com\/sk\/2022\/05\/01\/majovy-prehlad-mtb-a-cestnych-pretekov\/","url":"https:\/\/www.welovecycling.com\/sk\/2022\/05\/01\/majovy-prehlad-mtb-a-cestnych-pretekov\/","name":"M\u00e1jov\u00fd preh\u013ead MTB a cestn\u00fdch pretekov - \u0160koda We Love Cycling Slovensko","isPartOf":{"@id":"https:\/\/www.welovecycling.com\/sk\/#website"},"primaryImageOfPage":{"@id":"https:\/\/www.welovecycling.com\/sk\/2022\/05\/01\/majovy-prehlad-mtb-a-cestnych-pretekov\/#primaryimage"},"image":{"@id":"https:\/\/www.welovecycling.com\/sk\/2022\/05\/01\/majovy-prehlad-mtb-a-cestnych-pretekov\/#primaryimage"},"thumbnailUrl":"https:\/\/d2p6e6u75xmxt8.cloudfront.net\/4\/2022\/04\/WLC_maj_00.webp","datePublished":"2022-05-01T08:00:40+00:00","author":{"@id":""},"description":"Po\u010fme sa pozrie\u0165 na aktu\u00e1lny preh\u013ead MTB a cestn\u00fdch pretekov v Nemecku, Belgicku, \u0160panielsku, ale aj v susednom \u010cesku a u n\u00e1s na Slovensku.","breadcrumb":{"@id":"https:\/\/www.welovecycling.com\/sk\/2022\/05\/01\/majovy-prehlad-mtb-a-cestnych-pretekov\/#breadcrumb"},"inLanguage":"sk-SK","potentialAction":[{"@type":"ReadAction","target":["https:\/\/www.welovecycling.com\/sk\/2022\/05\/01\/majovy-prehlad-mtb-a-cestnych-pretekov\/"]}]},{"@type":"ImageObject","inLanguage":"sk-SK","@id":"https:\/\/www.welovecycling.com\/sk\/2022\/05\/01\/majovy-prehlad-mtb-a-cestnych-pretekov\/#primaryimage","url":"https:\/\/d2p6e6u75xmxt8.cloudfront.net\/4\/2022\/04\/WLC_maj_00.webp","contentUrl":"https:\/\/d2p6e6u75xmxt8.cloudfront.net\/4\/2022\/04\/WLC_maj_00.webp","width":1380,"height":600},{"@type":"BreadcrumbList","@id":"https:\/\/www.welovecycling.com\/sk\/2022\/05\/01\/majovy-prehlad-mtb-a-cestnych-pretekov\/#breadcrumb","itemListElement":[{"@type":"ListItem","position":1,"name":"Home","item":"https:\/\/www.welovecycling.com\/sk\/"},{"@type":"ListItem","position":2,"name":"M\u00e1jov\u00fd preh\u013ead MTB a cestn\u00fdch pretekov"}]},{"@type":"WebSite","@id":"https:\/\/www.welovecycling.com\/sk\/#website","url":"https:\/\/www.welovecycling.com\/sk\/","name":"\u0160koda We Love Cycling Slovensko","description":"\u0160koda We Love Cycling Slovensko je v\u00e1\u0161 ka\u017edodenn\u00fd zdroj noviniek a in\u0161pir\u00e1cie z sveta cyklistiky","potentialAction":[{"@type":"SearchAction","target":{"@type":"EntryPoint","urlTemplate":"https:\/\/www.welovecycling.com\/sk\/?s={search_term_string}"},"query-input":{"@type":"PropertyValueSpecification","valueRequired":true,"valueName":"search_term_string"}}],"inLanguage":"sk-SK"},{"@type":"Person","@id":"","url":"https:\/\/www.welovecycling.com\/sk\/author\/"}]}},"_links":{"self":[{"href":"https:\/\/www.welovecycling.com\/sk\/wp-json\/wp\/v2\/posts\/14290","targetHints":{"allow":["GET"]}}],"collection":[{"href":"https:\/\/www.welovecycling.com\/sk\/wp-json\/wp\/v2\/posts"}],"about":[{"href":"https:\/\/www.welovecycling.com\/sk\/wp-json\/wp\/v2\/types\/post"}],"author":[{"embeddable":true,"href":"https:\/\/www.welovecycling.com\/sk\/wp-json\/wp\/v2\/users\/81"}],"replies":[{"embeddable":true,"href":"https:\/\/www.welovecycling.com\/sk\/wp-json\/wp\/v2\/comments?post=14290"}],"version-history":[{"count":2,"href":"https:\/\/www.welovecycling.com\/sk\/wp-json\/wp\/v2\/posts\/14290\/revisions"}],"predecessor-version":[{"id":14309,"href":"https:\/\/www.welovecycling.com\/sk\/wp-json\/wp\/v2\/posts\/14290\/revisions\/14309"}],"wp:featuredmedia":[{"embeddable":true,"href":"https:\/\/www.welovecycling.com\/sk\/wp-json\/wp\/v2\/media\/14306"}],"wp:attachment":[{"href":"https:\/\/www.welovecycling.com\/sk\/wp-json\/wp\/v2\/media?parent=14290"}],"wp:term":[{"taxonomy":"category","embeddable":true,"href":"https:\/\/www.welovecycling.com\/sk\/wp-json\/wp\/v2\/categories?post=14290"},{"taxonomy":"post_tag","embeddable":true,"href":"https:\/\/www.welovecycling.com\/sk\/wp-json\/wp\/v2\/tags?post=14290"},{"taxonomy":"global-categories","embeddable":true,"href":"https:\/\/www.welovecycling.com\/sk\/wp-json\/wp\/v2\/global-categories?post=14290"}],"curies":[{"name":"wp","href":"https:\/\/api.w.org\/{rel}","templated":true}]}}