{"id":14243,"date":"2022-05-02T10:00:41","date_gmt":"2022-05-02T08:00:41","guid":{"rendered":"https:\/\/www.welovecycling.com\/sk\/?p=14243"},"modified":"2022-04-29T08:55:58","modified_gmt":"2022-04-29T06:55:58","slug":"tip-na-vylet-nahananie-vyskovych-metrov-a-slnecnych-lucov-na-makarskej","status":"publish","type":"post","link":"https:\/\/www.welovecycling.com\/sk\/2022\/05\/02\/tip-na-vylet-nahananie-vyskovych-metrov-a-slnecnych-lucov-na-makarskej\/","title":{"rendered":"Tip na v\u00fdlet: Nah\u00e1\u0148anie v\u00fd\u0161kov\u00fdch metrov a slne\u010dn\u00fdch l\u00fa\u010dov na Makarskej"},"content":{"rendered":"<p><strong>Ak ste v\u00e1\u0161niv\u00ed cyklisti a po\u010das jazdy sa radi pokoch\u00e1te v\u00fdh\u013eadmi na more a hory, ur\u010dite by ste mali zamieri\u0165 smerom na ju\u017en\u00e9 pobre\u017eie Chorv\u00e1tska. Pobyt na Makarskej nielen nakopne do novej cyklistickej sez\u00f3ny, ale napln\u00ed v\u00e1s pokojom, ktor\u00fd s\u00e1la z okolitej pr\u00edrody.<\/strong><!--more--><\/p>\n<p>Okolie Makarskej rivi\u00e9ry sa vyzna\u010duje \u010dlenitou krajinou a roviny si tu ve\u013emi nepotr\u00e9nujete. <strong>Odmenou za nast\u00fapan\u00e9 v\u00fd\u0161kov\u00e9 metre v\u00e1m v\u0161ak bud\u00fa dlh\u00e9 odkryt\u00e9 zjazdy s dych vyr\u00e1\u017eaj\u00facimi v\u00fdh\u013eadmi na more a meste\u010dk\u00e1 na pobre\u017e\u00ed.<\/strong><\/p>\n<div id='gallery-1' class='gallery galleryid-14243 gallery-columns-2 gallery-size-full'><figure class='gallery-item'>\n\t\t\t<div class='gallery-icon landscape'>\n\t\t\t\t<a href='https:\/\/d2p6e6u75xmxt8.cloudfront.net\/4\/2022\/04\/Tip_Makarska_01.webp'><img loading=\"lazy\" decoding=\"async\" width=\"1200\" height=\"800\" src=\"https:\/\/d2p6e6u75xmxt8.cloudfront.net\/4\/2022\/04\/Tip_Makarska_01.webp\" class=\"attachment-full size-full\" alt=\"\" srcset=\"https:\/\/d2p6e6u75xmxt8.cloudfront.net\/4\/2022\/04\/Tip_Makarska_01.webp 1200w, https:\/\/d2p6e6u75xmxt8.cloudfront.net\/4\/2022\/04\/Tip_Makarska_01-300x200.webp 300w, https:\/\/d2p6e6u75xmxt8.cloudfront.net\/4\/2022\/04\/Tip_Makarska_01-1024x683.webp 1024w, https:\/\/d2p6e6u75xmxt8.cloudfront.net\/4\/2022\/04\/Tip_Makarska_01-768x512.webp 768w, https:\/\/d2p6e6u75xmxt8.cloudfront.net\/4\/2022\/04\/Tip_Makarska_01-272x182.webp 272w\" sizes=\"auto, (max-width: 1200px) 100vw, 1200px\" \/><\/a>\n\t\t\t<\/div><\/figure><figure class='gallery-item'>\n\t\t\t<div class='gallery-icon landscape'>\n\t\t\t\t<a href='https:\/\/d2p6e6u75xmxt8.cloudfront.net\/4\/2022\/04\/Tip_Makarska_02.webp'><img loading=\"lazy\" decoding=\"async\" width=\"1200\" height=\"800\" src=\"https:\/\/d2p6e6u75xmxt8.cloudfront.net\/4\/2022\/04\/Tip_Makarska_02.webp\" class=\"attachment-full size-full\" alt=\"\" srcset=\"https:\/\/d2p6e6u75xmxt8.cloudfront.net\/4\/2022\/04\/Tip_Makarska_02.webp 1200w, https:\/\/d2p6e6u75xmxt8.cloudfront.net\/4\/2022\/04\/Tip_Makarska_02-300x200.webp 300w, https:\/\/d2p6e6u75xmxt8.cloudfront.net\/4\/2022\/04\/Tip_Makarska_02-1024x683.webp 1024w, https:\/\/d2p6e6u75xmxt8.cloudfront.net\/4\/2022\/04\/Tip_Makarska_02-768x512.webp 768w, https:\/\/d2p6e6u75xmxt8.cloudfront.net\/4\/2022\/04\/Tip_Makarska_02-272x182.webp 272w\" sizes=\"auto, (max-width: 1200px) 100vw, 1200px\" \/><\/a>\n\t\t\t<\/div><\/figure>\n\t\t<\/div>\n\n<p>V\u00fdlet na Makarsk\u00fa sa oplat\u00ed pl\u00e1nova\u0165 v <strong>apr\u00edli pred sez\u00f3nou, alebo a\u017e po jej konci niekedy v septembri-okt\u00f3bri<\/strong>. Po\u010dasie je tam na bicykel ide\u00e1lne, okolo 20 \u00b0C, prekvapi\u0165 v\u00e1s m\u00f4\u017ee len siln\u00fd vietor, na ktor\u00fd sa siln\u00fd vietor v Bratislave nechyt\u00e1 \u263a. Po v\u00fdjazde sa m\u00f4\u017eete odmeni\u0165 ve\u010dernou prech\u00e1dzkou po meste bez turistov.<\/p>\n<div id='gallery-2' class='gallery galleryid-14243 gallery-columns-2 gallery-size-full'><figure class='gallery-item'>\n\t\t\t<div class='gallery-icon landscape'>\n\t\t\t\t<a href='https:\/\/d2p6e6u75xmxt8.cloudfront.net\/4\/2022\/04\/Tip_Makarska_03.webp'><img loading=\"lazy\" decoding=\"async\" width=\"1200\" height=\"800\" src=\"https:\/\/d2p6e6u75xmxt8.cloudfront.net\/4\/2022\/04\/Tip_Makarska_03.webp\" class=\"attachment-full size-full\" alt=\"\" srcset=\"https:\/\/d2p6e6u75xmxt8.cloudfront.net\/4\/2022\/04\/Tip_Makarska_03.webp 1200w, https:\/\/d2p6e6u75xmxt8.cloudfront.net\/4\/2022\/04\/Tip_Makarska_03-300x200.webp 300w, https:\/\/d2p6e6u75xmxt8.cloudfront.net\/4\/2022\/04\/Tip_Makarska_03-1024x683.webp 1024w, https:\/\/d2p6e6u75xmxt8.cloudfront.net\/4\/2022\/04\/Tip_Makarska_03-768x512.webp 768w, https:\/\/d2p6e6u75xmxt8.cloudfront.net\/4\/2022\/04\/Tip_Makarska_03-272x182.webp 272w\" sizes=\"auto, (max-width: 1200px) 100vw, 1200px\" \/><\/a>\n\t\t\t<\/div><\/figure><figure class='gallery-item'>\n\t\t\t<div class='gallery-icon landscape'>\n\t\t\t\t<a href='https:\/\/d2p6e6u75xmxt8.cloudfront.net\/4\/2022\/04\/Tip_Makarska_04.webp'><img loading=\"lazy\" decoding=\"async\" width=\"1200\" height=\"800\" src=\"https:\/\/d2p6e6u75xmxt8.cloudfront.net\/4\/2022\/04\/Tip_Makarska_04.webp\" class=\"attachment-full size-full\" alt=\"\" srcset=\"https:\/\/d2p6e6u75xmxt8.cloudfront.net\/4\/2022\/04\/Tip_Makarska_04.webp 1200w, https:\/\/d2p6e6u75xmxt8.cloudfront.net\/4\/2022\/04\/Tip_Makarska_04-300x200.webp 300w, https:\/\/d2p6e6u75xmxt8.cloudfront.net\/4\/2022\/04\/Tip_Makarska_04-1024x683.webp 1024w, https:\/\/d2p6e6u75xmxt8.cloudfront.net\/4\/2022\/04\/Tip_Makarska_04-768x512.webp 768w, https:\/\/d2p6e6u75xmxt8.cloudfront.net\/4\/2022\/04\/Tip_Makarska_04-272x182.webp 272w\" sizes=\"auto, (max-width: 1200px) 100vw, 1200px\" \/><\/a>\n\t\t\t<\/div><\/figure>\n\t\t<\/div>\n\n<p>My sme sa na Makarskej zdr\u017eali 8 dn\u00ed v obdob\u00ed Ve\u013ekej noci, z toho 6 dn\u00ed n\u00e1m bezvetrie a pr\u00edjemn\u00e9 po\u010dasie dovolilo vyrazi\u0165 na bicykel v kr\u00e1tkom oble\u010den\u00ed. <strong>Po n\u00e1vrate do pr\u00e1ce sme tak mohli provokova\u0165 kolegov op\u00e1len\u00fdmi tv\u00e1rami<\/strong> (ostatn\u00e9 op\u00e1lenie charakteristick\u00e9 pre cyklistov odpor\u00fa\u010dam zakry\u0165 dlh\u00fdmi nohavicami \u263a).<\/p>\n<div id='gallery-3' class='gallery galleryid-14243 gallery-columns-2 gallery-size-full'><figure class='gallery-item'>\n\t\t\t<div class='gallery-icon landscape'>\n\t\t\t\t<a href='https:\/\/d2p6e6u75xmxt8.cloudfront.net\/4\/2022\/04\/Tip_Makarska_05.webp'><img loading=\"lazy\" decoding=\"async\" width=\"1200\" height=\"800\" src=\"https:\/\/d2p6e6u75xmxt8.cloudfront.net\/4\/2022\/04\/Tip_Makarska_05.webp\" class=\"attachment-full size-full\" alt=\"\" srcset=\"https:\/\/d2p6e6u75xmxt8.cloudfront.net\/4\/2022\/04\/Tip_Makarska_05.webp 1200w, https:\/\/d2p6e6u75xmxt8.cloudfront.net\/4\/2022\/04\/Tip_Makarska_05-300x200.webp 300w, https:\/\/d2p6e6u75xmxt8.cloudfront.net\/4\/2022\/04\/Tip_Makarska_05-1024x683.webp 1024w, https:\/\/d2p6e6u75xmxt8.cloudfront.net\/4\/2022\/04\/Tip_Makarska_05-768x512.webp 768w, https:\/\/d2p6e6u75xmxt8.cloudfront.net\/4\/2022\/04\/Tip_Makarska_05-272x182.webp 272w\" sizes=\"auto, (max-width: 1200px) 100vw, 1200px\" \/><\/a>\n\t\t\t<\/div><\/figure><figure class='gallery-item'>\n\t\t\t<div class='gallery-icon landscape'>\n\t\t\t\t<a href='https:\/\/d2p6e6u75xmxt8.cloudfront.net\/4\/2022\/04\/Tip_Makarska_06.webp'><img loading=\"lazy\" decoding=\"async\" width=\"1200\" height=\"800\" src=\"https:\/\/d2p6e6u75xmxt8.cloudfront.net\/4\/2022\/04\/Tip_Makarska_06.webp\" class=\"attachment-full size-full\" alt=\"\" srcset=\"https:\/\/d2p6e6u75xmxt8.cloudfront.net\/4\/2022\/04\/Tip_Makarska_06.webp 1200w, https:\/\/d2p6e6u75xmxt8.cloudfront.net\/4\/2022\/04\/Tip_Makarska_06-300x200.webp 300w, https:\/\/d2p6e6u75xmxt8.cloudfront.net\/4\/2022\/04\/Tip_Makarska_06-1024x683.webp 1024w, https:\/\/d2p6e6u75xmxt8.cloudfront.net\/4\/2022\/04\/Tip_Makarska_06-768x512.webp 768w, https:\/\/d2p6e6u75xmxt8.cloudfront.net\/4\/2022\/04\/Tip_Makarska_06-272x182.webp 272w\" sizes=\"auto, (max-width: 1200px) 100vw, 1200px\" \/><\/a>\n\t\t\t<\/div><\/figure>\n\t\t<\/div>\n\n<p>V okol\u00ed pr\u00edrodn\u00e9ho parku Biokovo mus\u00edte po\u010d\u00edta\u0165 s t\u00fdm, \u017ee sa m\u00f4\u017eete vybra\u0165 v podstate len tromi smermi &#8211; <strong>po pobre\u017e\u00ed na sever, na juh, alebo do vn\u00fatrozemia cez kopce<\/strong>. Prv\u00fd de\u0148 n\u00e1s na pobre\u017e\u00ed prekvapila celkom hust\u00e1 prem\u00e1vka \u2013 niektor\u00e9 aut\u00e1 predbiehaj\u00fa dos\u0165 natesno a treba si zvykn\u00fa\u0165 na to, \u017ee kami\u00f3ny na v\u00e1s pred obiehan\u00edm zatr\u00fabia. Pri zjazdoch sa treba dr\u017ea\u0165 vpravo, aj ke\u010f v\u00e1m cyklopo\u010d\u00edta\u010d ukazuje viac ako 50 km\/h.<\/p>\n<p><strong>Vo vn\u00fatrozem\u00ed je doprava ove\u013ea pokojnej\u0161ia.<\/strong> Cesty s\u00fa s\u00edce hor\u0161ie a jamy v\u00e1s dr\u017eia v pozore, no odmenou v\u00e1m je ni\u010d\u00edm neru\u0161en\u00e1 jazda v hor\u00e1ch, po\u010das ktorej ve\u013eakr\u00e1t nestretnete ani \u010dlovie\u010dika.<\/p>\n<p><a href=\"https:\/\/d2p6e6u75xmxt8.cloudfront.net\/4\/2022\/04\/Tip_Makarska_07.jpg\"><img loading=\"lazy\" decoding=\"async\" src=\"https:\/\/d2p6e6u75xmxt8.cloudfront.net\/4\/2022\/04\/Tip_Makarska_07.jpg\" alt=\"\" width=\"1200\" height=\"800\" class=\"alignnone size-full wp-image-14257\" \/><\/a><\/p>\n<p>Ako som u\u017e spom\u00ednala, my sme na Makarskej pobudli nie\u010do viac ako t\u00fd\u017ede\u0148. Za ten \u010das sme stihli podrobne presk\u00fama\u0165 okolie pr\u00edrodn\u00e9ho parku Biokovo, a ja v\u00e1m teraz predstav\u00edm moje dve najob\u013e\u00fabenej\u0161ie trasy.<\/p>\n<h2><strong>Makarsk\u00e1-Omi\u0161-\u0160estanovac-Zagvozd-Kozica-Makarsk\u00e1<\/strong><\/h2>\n<p>D\u013a\u017eka trasy 130 km, prev\u00fd\u0161enie 2 000 m. Pri t\u00fdchto \u010d\u00edslach ste mo\u017eno spozorneli, no verte mi, nie je to tak\u00e9 stra\u0161n\u00e9, ako sa zd\u00e1 \ud83d\ude0a. <strong>Z Makarskej do Omi\u0161u je to v podstate len 30 kilometrov dole kopcom a hne\u010f sa tunelom dostanete do vn\u00fatrozemia.<\/strong> Tam za\u010d\u00ednaj\u00fa prv\u00e9 kop\u010deky, no tie zv\u00e4\u010d\u0161a nepresahuj\u00fa sklon 5 stup\u0148ov, \u010do dovo\u013euje pr\u00edjemn\u00e9, kon\u0161tantn\u00e9 st\u00fapanie.<\/p>\n<div class=\"shortcode-ys-post-pinup\"><article class=\"loop-simple post-6389 post type-post status-publish format-standard has-post-thumbnail hentry category-cestna-cyklisitika category-odporucame tag-cesta tag-cestna-cyklistika tag-cestny-bicykel tag-cyklistika tag-ebike tag-elektrobicykel tag-europa tag-horska-cyklistika tag-horucava tag-hory tag-jazdenie tag-mtb tag-ostrov tag-sicilia tag-sopka tag-taliansko tag-tip-na-vylet tag-trening tag-vylet\" data-postid=\"6389\" role=\"article\" data-post-id=\"6389\" data-word-count=\"452\" data-headline-length=\"55\" data-category=\"Odpor\u00fa\u010dame\" data-author=\"We Love Cycling\" data-published=\"2019-03-04T09:19:11+01:00\" data-published-day=\"Monday\">\n    <div class=\"entry-thumbnail article-thumbnail\" content=\"https:\/\/d2p6e6u75xmxt8.cloudfront.net\/4\/2019\/02\/00.JPG-150x150.webp\"><a href=\"https:\/\/www.welovecycling.com\/sk\/2019\/03\/04\/cyklisticka-destinacia-stredomorska-sicilia\/\" class=\"image-holder\" target=\"_self\"><img decoding=\"async\" loading=\"lazy\" class=\"\" src=\"https:\/\/d2p6e6u75xmxt8.cloudfront.net\/4\/2019\/02\/00.JPG-1024x445.webp\" srcset=\"https:\/\/d2p6e6u75xmxt8.cloudfront.net\/4\/2019\/02\/00.JPG.webp 1380w, https:\/\/d2p6e6u75xmxt8.cloudfront.net\/4\/2019\/02\/00.JPG-300x130.webp 300w, https:\/\/d2p6e6u75xmxt8.cloudfront.net\/4\/2019\/02\/00.JPG-1024x445.webp 1024w, https:\/\/d2p6e6u75xmxt8.cloudfront.net\/4\/2019\/02\/00.JPG-768x334.webp 768w\" width=\"1024\" height=\"445\" sizes=\"auto, (min-width: 1200px) 460px, (min-width: 768px) 38vw, 100vw\" alt=\"cyklisticka-destinacia-stredomorska-sicilia\"\/><\/a><\/div>    <div class=\"entry-meta\">\n        <a class=\"label label-secondary post-category\" href=\"https:\/\/www.welovecycling.com\/sk\/category\/odporucame\/\" title=\"Odpor\u00fa\u010dame\">Odpor\u00fa\u010dame<\/a>\n    <\/div>\n    <div class=\"entry-details\">\n        <a href=\"https:\/\/www.welovecycling.com\/sk\/2019\/03\/04\/cyklisticka-destinacia-stredomorska-sicilia\/\" class='entry-title-wrapper'>\n            <h3 class=\"entry-title\"><span>Cyklistick\u00e1 destin\u00e1cia &#8211; stredomorsk\u00e1 Sic\u00edlia<\/span><\/h3>\n        <\/a>\n    <\/div>\n    <\/article>\n<\/div>\n<p>Mal\u00fa prest\u00e1vku na dobitie bateriek odpor\u00fa\u010dam v \u0160estanovaci po zhruba 65 kilometroch. <strong>Na ceste \u010falej toti\u017e u\u017e idete takmer \u00faplne mimo civiliz\u00e1cie a ve\u013ea pr\u00edle\u017eitost\u00ed na doplnenie z\u00e1sob u\u017e nie je<\/strong> (mimo sez\u00f3ny je ve\u013ea kaviarn\u00ed zatvoren\u00fdch). Ka\u017edop\u00e1dne v\u00e1s smerom pod Kozicu \u010dak\u00e1 e\u0161te jedno v\u00e4\u010d\u0161ie st\u00fapanie a potom pr\u00edde \u010dere\u0161ni\u010dka na va\u0161ej celodennej \u201eprech\u00e1dzke ru\u017eovou z\u00e1hradou\u201c.<\/p>\n<p>Kozica \u2013 7 kilometrov dlh\u00e9 st\u00fapanie s priemerom 5,8 stup\u0148a, ktor\u00e9 v\u00e1m pripad\u00e1 po \u0161tyroch hodin\u00e1ch v sedle nekone\u010dn\u00e9. Ale nez\u00fafajte! <strong>Biokovo m\u00e1 vroden\u00fd dar vr\u00e1ti\u0165 po\u017ei\u010dan\u00e9. Zastavi\u0165 a kocha\u0165 sa v\u00fdh\u013eadmi musia aj lovci koruniek na Strave.<\/strong> A \u010do je najlep\u0161ie \u2013 po dosiahnut\u00ed vrcholu na v\u00e1s \u010dak\u00e1 len nekone\u010dn\u00fd zjazd do Makarskej (ani \u0161liapnutie navy\u0161e, s\u013eubujem \ud83d\ude0a).<\/p>\n<div id='gallery-4' class='gallery galleryid-6389 gallery-columns-2 gallery-size-full'><figure class='gallery-item'>\n\t\t\t<div class='gallery-icon landscape'>\n\t\t\t\t<a href='https:\/\/d2p6e6u75xmxt8.cloudfront.net\/4\/2022\/04\/Tip_Makarska_08.webp'><img loading=\"lazy\" decoding=\"async\" width=\"1200\" height=\"800\" src=\"https:\/\/d2p6e6u75xmxt8.cloudfront.net\/4\/2022\/04\/Tip_Makarska_08.webp\" class=\"attachment-full size-full\" alt=\"\" srcset=\"https:\/\/d2p6e6u75xmxt8.cloudfront.net\/4\/2022\/04\/Tip_Makarska_08.webp 1200w, https:\/\/d2p6e6u75xmxt8.cloudfront.net\/4\/2022\/04\/Tip_Makarska_08-300x200.webp 300w, https:\/\/d2p6e6u75xmxt8.cloudfront.net\/4\/2022\/04\/Tip_Makarska_08-1024x683.webp 1024w, https:\/\/d2p6e6u75xmxt8.cloudfront.net\/4\/2022\/04\/Tip_Makarska_08-768x512.webp 768w, https:\/\/d2p6e6u75xmxt8.cloudfront.net\/4\/2022\/04\/Tip_Makarska_08-272x182.webp 272w\" sizes=\"auto, (max-width: 1200px) 100vw, 1200px\" \/><\/a>\n\t\t\t<\/div><\/figure><figure class='gallery-item'>\n\t\t\t<div class='gallery-icon landscape'>\n\t\t\t\t<a href='https:\/\/d2p6e6u75xmxt8.cloudfront.net\/4\/2022\/04\/Tip_Makarska_09.webp'><img loading=\"lazy\" decoding=\"async\" width=\"1200\" height=\"800\" src=\"https:\/\/d2p6e6u75xmxt8.cloudfront.net\/4\/2022\/04\/Tip_Makarska_09.webp\" class=\"attachment-full size-full\" alt=\"\" srcset=\"https:\/\/d2p6e6u75xmxt8.cloudfront.net\/4\/2022\/04\/Tip_Makarska_09.webp 1200w, https:\/\/d2p6e6u75xmxt8.cloudfront.net\/4\/2022\/04\/Tip_Makarska_09-300x200.webp 300w, https:\/\/d2p6e6u75xmxt8.cloudfront.net\/4\/2022\/04\/Tip_Makarska_09-1024x683.webp 1024w, https:\/\/d2p6e6u75xmxt8.cloudfront.net\/4\/2022\/04\/Tip_Makarska_09-768x512.webp 768w, https:\/\/d2p6e6u75xmxt8.cloudfront.net\/4\/2022\/04\/Tip_Makarska_09-272x182.webp 272w\" sizes=\"auto, (max-width: 1200px) 100vw, 1200px\" \/><\/a>\n\t\t\t<\/div><\/figure>\n\t\t<\/div>\n\n<h2><strong>Sveti Jure \u2013 klasika, ktor\u00e1 neomrz\u00ed<\/strong><\/h2>\n<p>D\u013a\u017eka trasy z Makarskej 60 km, prev\u00fd\u0161enie 1 800 m. Na Makarsk\u00fa chod\u00ed rozbieha\u0165 sez\u00f3nu ve\u013ea slovensk\u00fdch cyklistov, no pod\u013ea toho, \u010do som mala mo\u017enos\u0165 vidie\u0165, m\u00e1 legend\u00e1rne st\u00fapanie na Sveti Jure v h\u013ead\u00e1\u010diku pribli\u017ene 99,98 % z nich. <strong>Nenechajte sa v\u0161ak odradi\u0165 \u2013 na vrchole to vytv\u00e1ra pr\u00edjemn\u00fa, a\u017e domovsk\u00fa atmosf\u00e9ru.<\/strong><\/p>\n<p>Niet divu, \u017ee Sveti Jure je cie\u013eom mnoh\u00fdch cyklistov. Predsa je to tret\u00ed najvy\u0161\u0161\u00ed vrch Chorv\u00e1tska, pri\u010dom vy\u0161\u0161ie sa v tejto krajine na bicykli nedostanete. <strong>Vrchol m\u00e1 vo v\u00fd\u0161ke 1 762 m n.m. a idete tam od nuly.<\/strong> Rozumiete tomu teda spr\u00e1vne, je to 30 kilometrov jedn\u00fdm smerom \u2013 hore. Cesta na sam\u00fd vrch tejto legendy je s\u00edce dlh\u00e1, no strm\u00fdch \u00fasekov je tu len zop\u00e1r, preto si dovol\u00edm tvrdi\u0165, \u017ee ju zvl\u00e1dnu aj menej zdatn\u00ed cyklisti. Nepr\u00edjemnosti m\u00f4\u017ee narobi\u0165 len siln\u00fd protivietor na odkryt\u00fdch \u010dastiach kopca, ktor\u00fd z 8 percentn\u00e9ho sklonu spravil v\u00fd\u017eivn\u00fdch 16.<\/p>\n<div id='gallery-5' class='gallery galleryid-6389 gallery-columns-2 gallery-size-full'><figure class='gallery-item'>\n\t\t\t<div class='gallery-icon landscape'>\n\t\t\t\t<a href='https:\/\/d2p6e6u75xmxt8.cloudfront.net\/4\/2022\/04\/Tip_Makarska_10.webp'><img loading=\"lazy\" decoding=\"async\" width=\"1200\" height=\"800\" src=\"https:\/\/d2p6e6u75xmxt8.cloudfront.net\/4\/2022\/04\/Tip_Makarska_10.webp\" class=\"attachment-full size-full\" alt=\"\" srcset=\"https:\/\/d2p6e6u75xmxt8.cloudfront.net\/4\/2022\/04\/Tip_Makarska_10.webp 1200w, https:\/\/d2p6e6u75xmxt8.cloudfront.net\/4\/2022\/04\/Tip_Makarska_10-300x200.webp 300w, https:\/\/d2p6e6u75xmxt8.cloudfront.net\/4\/2022\/04\/Tip_Makarska_10-1024x683.webp 1024w, https:\/\/d2p6e6u75xmxt8.cloudfront.net\/4\/2022\/04\/Tip_Makarska_10-768x512.webp 768w, https:\/\/d2p6e6u75xmxt8.cloudfront.net\/4\/2022\/04\/Tip_Makarska_10-272x182.webp 272w\" sizes=\"auto, (max-width: 1200px) 100vw, 1200px\" \/><\/a>\n\t\t\t<\/div><\/figure><figure class='gallery-item'>\n\t\t\t<div class='gallery-icon landscape'>\n\t\t\t\t<a href='https:\/\/d2p6e6u75xmxt8.cloudfront.net\/4\/2022\/04\/Tip_Makarska_11.webp'><img loading=\"lazy\" decoding=\"async\" width=\"1200\" height=\"800\" src=\"https:\/\/d2p6e6u75xmxt8.cloudfront.net\/4\/2022\/04\/Tip_Makarska_11.webp\" class=\"attachment-full size-full\" alt=\"\" srcset=\"https:\/\/d2p6e6u75xmxt8.cloudfront.net\/4\/2022\/04\/Tip_Makarska_11.webp 1200w, https:\/\/d2p6e6u75xmxt8.cloudfront.net\/4\/2022\/04\/Tip_Makarska_11-300x200.webp 300w, https:\/\/d2p6e6u75xmxt8.cloudfront.net\/4\/2022\/04\/Tip_Makarska_11-1024x683.webp 1024w, https:\/\/d2p6e6u75xmxt8.cloudfront.net\/4\/2022\/04\/Tip_Makarska_11-768x512.webp 768w, https:\/\/d2p6e6u75xmxt8.cloudfront.net\/4\/2022\/04\/Tip_Makarska_11-272x182.webp 272w\" sizes=\"auto, (max-width: 1200px) 100vw, 1200px\" \/><\/a>\n\t\t\t<\/div><\/figure>\n\t\t<\/div>\n\n<p>Budem sa opakova\u0165, ale vrstva soli na poko\u017eke po zdolan\u00ed poslednej z\u00e1kruty st\u00e1la za to. <strong>Pri mori ukazoval teplomer 22 \u00b0C, zato hore boli e\u0161te zvy\u0161ky snehu.<\/strong> Po vyd\u00fdchan\u00ed sa n\u00e1m naskytol a\u017e g\u00fd\u010dov\u00fd poh\u013ead \u2013 modr\u00e1 obloha spl\u00fdvala s morom, ktor\u00e9 obklopovali  hory. Jeden cyklista zobral posledn\u00e9 metre tak v\u00e1\u017ene, a\u017e si nev\u0161imol zavret\u00fa br\u00e1nu k vysiela\u010du a nap\u00e1lil to rovno do nej. Vyviazol na\u0161\u0165astie len s krvav\u00fdm kolenom, ale boles\u0165 ho pre\u0161la v momente, ke\u010f sme ho odfotili.<\/p>\n<p><a href=\"https:\/\/d2p6e6u75xmxt8.cloudfront.net\/4\/2022\/04\/Tip_Makarska_12.jpg\"><img loading=\"lazy\" decoding=\"async\" src=\"https:\/\/d2p6e6u75xmxt8.cloudfront.net\/4\/2022\/04\/Tip_Makarska_12.jpg\" alt=\"\" width=\"1200\" height=\"800\" class=\"alignnone size-full wp-image-14262\" \/><\/a><\/p>\n<p>Smerom dole sme e\u0161te p\u00e1rkr\u00e1t na chv\u00ed\u013eu zastavili a spravili si zop\u00e1r fotiek. <strong>Zjaz\u010fova\u0165 r\u00fdchlo sa tam aj tak ned\u00e1, preto\u017ee niektor\u00e9 z\u00e1kruty s\u00fa zradn\u00e9 a cesta je pln\u00e1 j\u00e1m.<\/strong> \u00daprimne povedan\u00e9 to bol prv\u00fd zjazd po dlhom \u010dase, ktor\u00fd som si v\u00f4bec neu\u017eila \u2013 brzdov\u00e9 platni\u010dky a ruky dostali zabra\u0165. Ako bonus sme aj napriek bunde celkom vymrzli. Odpor\u00fa\u010dam teda pribali\u0165 okrem bundy aj dlh\u00e9 rukavice, \u0161atku a n\u00e1vleky. Ni\u010d to v\u0161ak nemen\u00ed na celkovom dojme, ktor\u00fd bol za m\u0148a perfektn\u00fd!<\/p>\n<div id='gallery-6' class='gallery galleryid-6389 gallery-columns-2 gallery-size-full'><figure class='gallery-item'>\n\t\t\t<div class='gallery-icon landscape'>\n\t\t\t\t<a href='https:\/\/d2p6e6u75xmxt8.cloudfront.net\/4\/2022\/04\/Tip_Makarska_14.webp'><img loading=\"lazy\" decoding=\"async\" width=\"1200\" height=\"800\" src=\"https:\/\/d2p6e6u75xmxt8.cloudfront.net\/4\/2022\/04\/Tip_Makarska_14.webp\" class=\"attachment-full size-full\" alt=\"\" srcset=\"https:\/\/d2p6e6u75xmxt8.cloudfront.net\/4\/2022\/04\/Tip_Makarska_14.webp 1200w, https:\/\/d2p6e6u75xmxt8.cloudfront.net\/4\/2022\/04\/Tip_Makarska_14-300x200.webp 300w, https:\/\/d2p6e6u75xmxt8.cloudfront.net\/4\/2022\/04\/Tip_Makarska_14-1024x683.webp 1024w, https:\/\/d2p6e6u75xmxt8.cloudfront.net\/4\/2022\/04\/Tip_Makarska_14-768x512.webp 768w, https:\/\/d2p6e6u75xmxt8.cloudfront.net\/4\/2022\/04\/Tip_Makarska_14-272x182.webp 272w\" sizes=\"auto, (max-width: 1200px) 100vw, 1200px\" \/><\/a>\n\t\t\t<\/div><\/figure><figure class='gallery-item'>\n\t\t\t<div class='gallery-icon landscape'>\n\t\t\t\t<a href='https:\/\/d2p6e6u75xmxt8.cloudfront.net\/4\/2022\/04\/Tip_Makarska_15.webp'><img loading=\"lazy\" decoding=\"async\" width=\"1200\" height=\"800\" src=\"https:\/\/d2p6e6u75xmxt8.cloudfront.net\/4\/2022\/04\/Tip_Makarska_15.webp\" class=\"attachment-full size-full\" alt=\"\" srcset=\"https:\/\/d2p6e6u75xmxt8.cloudfront.net\/4\/2022\/04\/Tip_Makarska_15.webp 1200w, https:\/\/d2p6e6u75xmxt8.cloudfront.net\/4\/2022\/04\/Tip_Makarska_15-300x200.webp 300w, https:\/\/d2p6e6u75xmxt8.cloudfront.net\/4\/2022\/04\/Tip_Makarska_15-1024x683.webp 1024w, https:\/\/d2p6e6u75xmxt8.cloudfront.net\/4\/2022\/04\/Tip_Makarska_15-768x512.webp 768w, https:\/\/d2p6e6u75xmxt8.cloudfront.net\/4\/2022\/04\/Tip_Makarska_15-272x182.webp 272w\" sizes=\"auto, (max-width: 1200px) 100vw, 1200px\" \/><\/a>\n\t\t\t<\/div><\/figure>\n\t\t<\/div>\n\n<h2><strong>Ba\u013ete kufre, nerozm\u00fd\u0161\u013eajte!<\/strong><\/h2>\n<p>Ak m\u00e1te chu\u0165 vytrhn\u00fa\u0165 sa z be\u017en\u00e9ho pracovn\u00e9ho \u017eivota a dopria\u0165 si akt\u00edvnu dovolenku, ur\u010dite odpor\u00fa\u010dam Makarsk\u00fa. Mimo sez\u00f3ny sa d\u00e1 v meste bez turistov vo\u013ene d\u00fdcha\u0165 a aj \u00e1ut je na cest\u00e1ch menej. V okol\u00ed n\u00e1rodn\u00e9ho parku Biokovo si na svoje pr\u00eddu n\u00e1ro\u010dn\u00ed cyklisti, ako aj menej zdatn\u00ed \u201ehobb\u00edci\u201c. <strong>U\u017e len zbali\u0165 kufre, k\u00fapi\u0165 dia\u013eni\u010dn\u00e9 zn\u00e1mky a hor sa nah\u00e1\u0148a\u0165 v\u00fd\u0161kov\u00e9 metre a slne\u010dn\u00e9 l\u00fa\u010de!<\/strong><\/p>\n","protected":false},"excerpt":{"rendered":"<p>Ak ste v\u00e1\u0161niv\u00ed cyklisti a po\u010das jazdy sa radi pokoch\u00e1te v\u00fdh\u013eadmi na more a hory, ur\u010dite by ste mali zamieri\u0165 [&hellip;]<\/p>\n","protected":false},"author":81,"featured_media":14250,"comment_status":"open","ping_status":"open","sticky":false,"template":"","format":"standard","meta":{"footnotes":""},"categories":[191],"tags":[115,1476,448,533,1496,1495,767,763,931,568,741,545,318,508,183],"global-categories":[1074],"class_list":["post-14243","post","type-post","status-publish","format-standard","has-post-thumbnail","hentry","category-odporucame","tag-cestna-cyklistika","tag-chorvatsko","tag-cyklotrasy","tag-europa","tag-makarska-riviera","tag-more","tag-motivacia","tag-oddych","tag-odporucame","tag-slnko","tag-tip-na-vylet","tag-trasa","tag-vyjazd","tag-vylet","tag-zabava","global-categories-cycling"],"yoast_head":"<!-- This site is optimized with the Yoast SEO Premium plugin v25.3 (Yoast SEO v25.9) - https:\/\/yoast.com\/wordpress\/plugins\/seo\/ -->\n<title>Tip na v\u00fdlet: Nah\u00e1\u0148anie v\u00fd\u0161kov\u00fdch metrov a slne\u010dn\u00fdch l\u00fa\u010dov na Makarskej - \u0160koda We Love Cycling Slovensko<\/title>\n<meta name=\"description\" content=\"Ak ste v\u00e1\u0161niv\u00ed cyklisti a po\u010das jazdy sa radi pokoch\u00e1te v\u00fdh\u013eadmi na more a hory, ur\u010dite by ste mali zamieri\u0165 smerom do Makarskej.\" \/>\n<meta name=\"robots\" content=\"index, follow, max-snippet:-1, max-image-preview:large, max-video-preview:-1\" \/>\n<link rel=\"canonical\" href=\"https:\/\/www.welovecycling.com\/sk\/2022\/05\/02\/tip-na-vylet-nahananie-vyskovych-metrov-a-slnecnych-lucov-na-makarskej\/\" \/>\n<meta property=\"og:locale\" content=\"sk_SK\" \/>\n<meta property=\"og:type\" content=\"article\" \/>\n<meta property=\"og:title\" content=\"Tip na v\u00fdlet: Nah\u00e1\u0148anie v\u00fd\u0161kov\u00fdch metrov a slne\u010dn\u00fdch l\u00fa\u010dov na Makarskej\" \/>\n<meta property=\"og:description\" content=\"Ak ste v\u00e1\u0161niv\u00ed cyklisti a po\u010das jazdy sa radi pokoch\u00e1te v\u00fdh\u013eadmi na more a hory, ur\u010dite by ste mali zamieri\u0165 smerom do Makarskej.\" \/>\n<meta property=\"og:url\" content=\"https:\/\/www.welovecycling.com\/sk\/2022\/05\/02\/tip-na-vylet-nahananie-vyskovych-metrov-a-slnecnych-lucov-na-makarskej\/\" \/>\n<meta property=\"og:site_name\" content=\"\u0160koda We Love Cycling Slovensko\" \/>\n<meta property=\"article:published_time\" content=\"2022-05-02T08:00:41+00:00\" \/>\n<meta property=\"og:image\" content=\"https:\/\/d2p6e6u75xmxt8.cloudfront.net\/4\/2022\/04\/Tip_Makarska_00.webp\" \/>\n\t<meta property=\"og:image:width\" content=\"1380\" \/>\n\t<meta property=\"og:image:height\" content=\"600\" \/>\n\t<meta property=\"og:image:type\" content=\"image\/webp\" \/>\n<meta name=\"twitter:card\" content=\"summary_large_image\" \/>\n<meta name=\"twitter:label1\" content=\"Written by\" \/>\n\t<meta name=\"twitter:data1\" content=\"We Love Cycling\" \/>\n\t<meta name=\"twitter:label2\" content=\"Est. reading time\" \/>\n\t<meta name=\"twitter:data2\" content=\"5\" \/>\n<script type=\"application\/ld+json\" class=\"yoast-schema-graph\">{\"@context\":\"https:\/\/schema.org\",\"@graph\":[{\"@type\":\"WebPage\",\"@id\":\"https:\/\/www.welovecycling.com\/sk\/2022\/05\/02\/tip-na-vylet-nahananie-vyskovych-metrov-a-slnecnych-lucov-na-makarskej\/\",\"url\":\"https:\/\/www.welovecycling.com\/sk\/2022\/05\/02\/tip-na-vylet-nahananie-vyskovych-metrov-a-slnecnych-lucov-na-makarskej\/\",\"name\":\"Tip na v\u00fdlet: Nah\u00e1\u0148anie v\u00fd\u0161kov\u00fdch metrov a slne\u010dn\u00fdch l\u00fa\u010dov na Makarskej - \u0160koda We Love Cycling Slovensko\",\"isPartOf\":{\"@id\":\"https:\/\/www.welovecycling.com\/sk\/#website\"},\"primaryImageOfPage\":{\"@id\":\"https:\/\/www.welovecycling.com\/sk\/2022\/05\/02\/tip-na-vylet-nahananie-vyskovych-metrov-a-slnecnych-lucov-na-makarskej\/#primaryimage\"},\"image\":{\"@id\":\"https:\/\/www.welovecycling.com\/sk\/2022\/05\/02\/tip-na-vylet-nahananie-vyskovych-metrov-a-slnecnych-lucov-na-makarskej\/#primaryimage\"},\"thumbnailUrl\":\"https:\/\/d2p6e6u75xmxt8.cloudfront.net\/4\/2022\/04\/Tip_Makarska_00.webp\",\"datePublished\":\"2022-05-02T08:00:41+00:00\",\"author\":{\"@id\":\"\"},\"description\":\"Ak ste v\u00e1\u0161niv\u00ed cyklisti a po\u010das jazdy sa radi pokoch\u00e1te v\u00fdh\u013eadmi na more a hory, ur\u010dite by ste mali zamieri\u0165 smerom do Makarskej.\",\"breadcrumb\":{\"@id\":\"https:\/\/www.welovecycling.com\/sk\/2022\/05\/02\/tip-na-vylet-nahananie-vyskovych-metrov-a-slnecnych-lucov-na-makarskej\/#breadcrumb\"},\"inLanguage\":\"sk-SK\",\"potentialAction\":[{\"@type\":\"ReadAction\",\"target\":[\"https:\/\/www.welovecycling.com\/sk\/2022\/05\/02\/tip-na-vylet-nahananie-vyskovych-metrov-a-slnecnych-lucov-na-makarskej\/\"]}]},{\"@type\":\"ImageObject\",\"inLanguage\":\"sk-SK\",\"@id\":\"https:\/\/www.welovecycling.com\/sk\/2022\/05\/02\/tip-na-vylet-nahananie-vyskovych-metrov-a-slnecnych-lucov-na-makarskej\/#primaryimage\",\"url\":\"https:\/\/d2p6e6u75xmxt8.cloudfront.net\/4\/2022\/04\/Tip_Makarska_00.webp\",\"contentUrl\":\"https:\/\/d2p6e6u75xmxt8.cloudfront.net\/4\/2022\/04\/Tip_Makarska_00.webp\",\"width\":1380,\"height\":600},{\"@type\":\"BreadcrumbList\",\"@id\":\"https:\/\/www.welovecycling.com\/sk\/2022\/05\/02\/tip-na-vylet-nahananie-vyskovych-metrov-a-slnecnych-lucov-na-makarskej\/#breadcrumb\",\"itemListElement\":[{\"@type\":\"ListItem\",\"position\":1,\"name\":\"Home\",\"item\":\"https:\/\/www.welovecycling.com\/sk\/\"},{\"@type\":\"ListItem\",\"position\":2,\"name\":\"Tip na v\u00fdlet: Nah\u00e1\u0148anie v\u00fd\u0161kov\u00fdch metrov a slne\u010dn\u00fdch l\u00fa\u010dov na Makarskej\"}]},{\"@type\":\"WebSite\",\"@id\":\"https:\/\/www.welovecycling.com\/sk\/#website\",\"url\":\"https:\/\/www.welovecycling.com\/sk\/\",\"name\":\"\u0160koda We Love Cycling Slovensko\",\"description\":\"\u0160koda We Love Cycling Slovensko je v\u00e1\u0161 ka\u017edodenn\u00fd zdroj noviniek a in\u0161pir\u00e1cie z sveta cyklistiky\",\"potentialAction\":[{\"@type\":\"SearchAction\",\"target\":{\"@type\":\"EntryPoint\",\"urlTemplate\":\"https:\/\/www.welovecycling.com\/sk\/?s={search_term_string}\"},\"query-input\":{\"@type\":\"PropertyValueSpecification\",\"valueRequired\":true,\"valueName\":\"search_term_string\"}}],\"inLanguage\":\"sk-SK\"},{\"@type\":\"Person\",\"@id\":\"\",\"url\":\"https:\/\/www.welovecycling.com\/sk\/author\/\"}]}<\/script>\n<!-- \/ Yoast SEO Premium plugin. -->","yoast_head_json":{"title":"Tip na v\u00fdlet: Nah\u00e1\u0148anie v\u00fd\u0161kov\u00fdch metrov a slne\u010dn\u00fdch l\u00fa\u010dov na Makarskej - \u0160koda We Love Cycling Slovensko","description":"Ak ste v\u00e1\u0161niv\u00ed cyklisti a po\u010das jazdy sa radi pokoch\u00e1te v\u00fdh\u013eadmi na more a hory, ur\u010dite by ste mali zamieri\u0165 smerom do Makarskej.","robots":{"index":"index","follow":"follow","max-snippet":"max-snippet:-1","max-image-preview":"max-image-preview:large","max-video-preview":"max-video-preview:-1"},"canonical":"https:\/\/www.welovecycling.com\/sk\/2022\/05\/02\/tip-na-vylet-nahananie-vyskovych-metrov-a-slnecnych-lucov-na-makarskej\/","og_locale":"sk_SK","og_type":"article","og_title":"Tip na v\u00fdlet: Nah\u00e1\u0148anie v\u00fd\u0161kov\u00fdch metrov a slne\u010dn\u00fdch l\u00fa\u010dov na Makarskej","og_description":"Ak ste v\u00e1\u0161niv\u00ed cyklisti a po\u010das jazdy sa radi pokoch\u00e1te v\u00fdh\u013eadmi na more a hory, ur\u010dite by ste mali zamieri\u0165 smerom do Makarskej.","og_url":"https:\/\/www.welovecycling.com\/sk\/2022\/05\/02\/tip-na-vylet-nahananie-vyskovych-metrov-a-slnecnych-lucov-na-makarskej\/","og_site_name":"\u0160koda We Love Cycling Slovensko","article_published_time":"2022-05-02T08:00:41+00:00","og_image":[{"width":1380,"height":600,"url":"https:\/\/d2p6e6u75xmxt8.cloudfront.net\/4\/2022\/04\/Tip_Makarska_00.webp","type":"image\/webp"}],"twitter_card":"summary_large_image","twitter_misc":{"Written by":"We Love Cycling","Est. reading time":"5"},"schema":{"@context":"https:\/\/schema.org","@graph":[{"@type":"WebPage","@id":"https:\/\/www.welovecycling.com\/sk\/2022\/05\/02\/tip-na-vylet-nahananie-vyskovych-metrov-a-slnecnych-lucov-na-makarskej\/","url":"https:\/\/www.welovecycling.com\/sk\/2022\/05\/02\/tip-na-vylet-nahananie-vyskovych-metrov-a-slnecnych-lucov-na-makarskej\/","name":"Tip na v\u00fdlet: Nah\u00e1\u0148anie v\u00fd\u0161kov\u00fdch metrov a slne\u010dn\u00fdch l\u00fa\u010dov na Makarskej - \u0160koda We Love Cycling Slovensko","isPartOf":{"@id":"https:\/\/www.welovecycling.com\/sk\/#website"},"primaryImageOfPage":{"@id":"https:\/\/www.welovecycling.com\/sk\/2022\/05\/02\/tip-na-vylet-nahananie-vyskovych-metrov-a-slnecnych-lucov-na-makarskej\/#primaryimage"},"image":{"@id":"https:\/\/www.welovecycling.com\/sk\/2022\/05\/02\/tip-na-vylet-nahananie-vyskovych-metrov-a-slnecnych-lucov-na-makarskej\/#primaryimage"},"thumbnailUrl":"https:\/\/d2p6e6u75xmxt8.cloudfront.net\/4\/2022\/04\/Tip_Makarska_00.webp","datePublished":"2022-05-02T08:00:41+00:00","author":{"@id":""},"description":"Ak ste v\u00e1\u0161niv\u00ed cyklisti a po\u010das jazdy sa radi pokoch\u00e1te v\u00fdh\u013eadmi na more a hory, ur\u010dite by ste mali zamieri\u0165 smerom do Makarskej.","breadcrumb":{"@id":"https:\/\/www.welovecycling.com\/sk\/2022\/05\/02\/tip-na-vylet-nahananie-vyskovych-metrov-a-slnecnych-lucov-na-makarskej\/#breadcrumb"},"inLanguage":"sk-SK","potentialAction":[{"@type":"ReadAction","target":["https:\/\/www.welovecycling.com\/sk\/2022\/05\/02\/tip-na-vylet-nahananie-vyskovych-metrov-a-slnecnych-lucov-na-makarskej\/"]}]},{"@type":"ImageObject","inLanguage":"sk-SK","@id":"https:\/\/www.welovecycling.com\/sk\/2022\/05\/02\/tip-na-vylet-nahananie-vyskovych-metrov-a-slnecnych-lucov-na-makarskej\/#primaryimage","url":"https:\/\/d2p6e6u75xmxt8.cloudfront.net\/4\/2022\/04\/Tip_Makarska_00.webp","contentUrl":"https:\/\/d2p6e6u75xmxt8.cloudfront.net\/4\/2022\/04\/Tip_Makarska_00.webp","width":1380,"height":600},{"@type":"BreadcrumbList","@id":"https:\/\/www.welovecycling.com\/sk\/2022\/05\/02\/tip-na-vylet-nahananie-vyskovych-metrov-a-slnecnych-lucov-na-makarskej\/#breadcrumb","itemListElement":[{"@type":"ListItem","position":1,"name":"Home","item":"https:\/\/www.welovecycling.com\/sk\/"},{"@type":"ListItem","position":2,"name":"Tip na v\u00fdlet: Nah\u00e1\u0148anie v\u00fd\u0161kov\u00fdch metrov a slne\u010dn\u00fdch l\u00fa\u010dov na Makarskej"}]},{"@type":"WebSite","@id":"https:\/\/www.welovecycling.com\/sk\/#website","url":"https:\/\/www.welovecycling.com\/sk\/","name":"\u0160koda We Love Cycling Slovensko","description":"\u0160koda We Love Cycling Slovensko je v\u00e1\u0161 ka\u017edodenn\u00fd zdroj noviniek a in\u0161pir\u00e1cie z sveta cyklistiky","potentialAction":[{"@type":"SearchAction","target":{"@type":"EntryPoint","urlTemplate":"https:\/\/www.welovecycling.com\/sk\/?s={search_term_string}"},"query-input":{"@type":"PropertyValueSpecification","valueRequired":true,"valueName":"search_term_string"}}],"inLanguage":"sk-SK"},{"@type":"Person","@id":"","url":"https:\/\/www.welovecycling.com\/sk\/author\/"}]}},"_links":{"self":[{"href":"https:\/\/www.welovecycling.com\/sk\/wp-json\/wp\/v2\/posts\/14243","targetHints":{"allow":["GET"]}}],"collection":[{"href":"https:\/\/www.welovecycling.com\/sk\/wp-json\/wp\/v2\/posts"}],"about":[{"href":"https:\/\/www.welovecycling.com\/sk\/wp-json\/wp\/v2\/types\/post"}],"author":[{"embeddable":true,"href":"https:\/\/www.welovecycling.com\/sk\/wp-json\/wp\/v2\/users\/81"}],"replies":[{"embeddable":true,"href":"https:\/\/www.welovecycling.com\/sk\/wp-json\/wp\/v2\/comments?post=14243"}],"version-history":[{"count":2,"href":"https:\/\/www.welovecycling.com\/sk\/wp-json\/wp\/v2\/posts\/14243\/revisions"}],"predecessor-version":[{"id":14267,"href":"https:\/\/www.welovecycling.com\/sk\/wp-json\/wp\/v2\/posts\/14243\/revisions\/14267"}],"wp:featuredmedia":[{"embeddable":true,"href":"https:\/\/www.welovecycling.com\/sk\/wp-json\/wp\/v2\/media\/14250"}],"wp:attachment":[{"href":"https:\/\/www.welovecycling.com\/sk\/wp-json\/wp\/v2\/media?parent=14243"}],"wp:term":[{"taxonomy":"category","embeddable":true,"href":"https:\/\/www.welovecycling.com\/sk\/wp-json\/wp\/v2\/categories?post=14243"},{"taxonomy":"post_tag","embeddable":true,"href":"https:\/\/www.welovecycling.com\/sk\/wp-json\/wp\/v2\/tags?post=14243"},{"taxonomy":"global-categories","embeddable":true,"href":"https:\/\/www.welovecycling.com\/sk\/wp-json\/wp\/v2\/global-categories?post=14243"}],"curies":[{"name":"wp","href":"https:\/\/api.w.org\/{rel}","templated":true}]}}