{"id":14230,"date":"2022-04-25T10:00:45","date_gmt":"2022-04-25T08:00:45","guid":{"rendered":"https:\/\/www.welovecycling.com\/sk\/?p=14230"},"modified":"2022-04-19T10:29:04","modified_gmt":"2022-04-19T08:29:04","slug":"food-connect-predchadzanie-plytvaniu-potravinami-s-elektrickymi-cargo-bicyklami","status":"publish","type":"post","link":"https:\/\/www.welovecycling.com\/sk\/2022\/04\/25\/food-connect-predchadzanie-plytvaniu-potravinami-s-elektrickymi-cargo-bicyklami\/","title":{"rendered":"Food Connect: Predch\u00e1dzanie plytvaniu potravinami s elektrick\u00fdmi cargo bicyklami"},"content":{"rendered":"<p><strong>Food Connect je organiz\u00e1cia, ktor\u00e1 zachra\u0148uje potraviny po d\u00e1tume spotreby, ktor\u00e9 u\u017e nie s\u00fa predajn\u00e9, no st\u00e1le s\u00fa v dobrom stave. Na doru\u010denie jedla do komunitn\u00fdch chladni\u010diek pou\u017e\u00edva t\u00edm \u0161iestich pomocn\u00edkov siln\u00e9 eCargo bicykle s u\u017eito\u010dnou hmotnos\u0165ou 250 kg.<\/strong><\/p>\n<p><!--more--><\/p>\n<p>Zozn\u00e1mte sa s Ritchiem Dixonom z mesta Milton Keynes, ktor\u00fd sa nach\u00e1dza asi 80 km severoz\u00e1padne od Lond\u00fdna. Mesto bolo zalo\u017een\u00e9 v 60. rokoch s cie\u013eom zmierni\u0165 dopyt po bytoch v hlavnom meste Spojen\u00e9ho kr\u00e1\u013eovstva. Toto nov\u00e9 mesto malo by\u0165 oblas\u0165ou s cie\u013eovou popul\u00e1ciou 250&nbsp;000 obyvate\u013eov, \u010do sa takmer podarilo.<\/p>\n<p>Ritchie Dixon pracuje pre <a href=\"https:\/\/www.hubbub.org.uk\/food-connect\" rel=\"noopener\" target=\"_blank\">projekt Food Connect<\/a>, ktor\u00fd je zodpovedn\u00fd za distrib\u00faciu potrav\u00edn po d\u00e1tume spotreby \u013eu\u010fom v n\u00fadzi. Aby bol tovar doru\u010den\u00fd v\u010das, jazd\u00ed Ritchie na eCargo bicykli poh\u00e1\u0148anom motorom Bosch, ktor\u00fd mu umo\u017e\u0148uje unies\u0165 a\u017e 250 kilogramov. <strong>Vo veku 54 rokov jazd\u00ed Ritchie ka\u017ed\u00fd pracovn\u00fd de\u0148 a dost\u00e1va plat za pr\u00e1cu, ktor\u00fa m\u00e1 r\u00e1d, preto\u017ee tr\u00e1vi \u010das vonku a ver\u00ed, \u017ee pom\u00e1ha \u013eu\u010fom v n\u00fadzi.<\/strong><\/p>\n<lite-youtube videoid=8P_I1RA8EFw params=\"enablejsapi=1\" style=\"background-image: url('https:\/\/i.ytimg.com\/vi_webp\/8P_I1RA8EFw\/maxresdefault.webp');\"><\/lite-youtube>\n<p>Pod\u013ea odhadov Organiz\u00e1cie Spojen\u00fdch n\u00e1rodov sa ro\u010dne vyhod\u00ed 1,6 miliardy ton potrav\u00edn, \u010do je zhruba tretina v\u0161etk\u00fdch potrav\u00edn vyroben\u00fdch na svete. V\u0161eobecn\u00e9 plytvanie m\u00e1 dramatick\u00e9 d\u00f4sledky, ako je napr\u00edklad vy\u010derp\u00e1vanie p\u00f4dy \u010di ub\u00fadanie vodn\u00fdch zdrojov.<\/p>\n<p>To viedlo k spusteniu nov\u00e9ho projektu, ktor\u00fd sa za\u010dal v Milton Keynes po\u010das pand\u00e9mie Covid-19 v septembri 2021. V priebehu roka sa vytvorilo \u0161es\u0165 nov\u00fdch zelen\u00fdch pracovn\u00fdch miest podobn\u00fdch t\u00fdm, ktor\u00e9 m\u00e1 Ritchie Dixon a <strong>novozalo\u017een\u00e1 pos\u00e1dka na bicykloch u\u0161etrila 240 ton jedla pred vyhoden\u00edm<\/strong>. Toto mno\u017estvo predstavuje spolu viac ako 575 000 jed\u00e1l. Dod\u00e1vka tak\u00e9ho mno\u017estva jedla na e-bicykloch ochr\u00e1nila na\u0161u atmosf\u00e9ru pred 8 tonami emisi\u00ed.<\/p>\n<p>Namiesto toho, aby ho vyhodili, t\u00edm pracovn\u00edkov vr\u00e1tane Ritchieho doru\u010d\u00ed jedlo do komunitn\u00fdch chladni\u010diek, zn\u00e1mych ako potravinov\u00e9 centr\u00e1. <strong>\u013dudia v n\u00fadzi prostredn\u00edctvom t\u00fdchto centier dost\u00e1vaj\u00fa jedlo zadarmo.<\/strong> Ka\u017ed\u00fd, kto vst\u00fapi do centra, si m\u00f4\u017ee zobra\u0165 denne a\u017e desa\u0165 kusov vec\u00ed z verejn\u00fdch chladni\u010diek. Ka\u017ed\u00fd n\u00e1v\u0161tevn\u00edk sa m\u00f4\u017ee spo\u013eahn\u00fa\u0165, \u017ee na mieste n\u00e1jde dostatok jedla, bez oh\u013eadu na denn\u00fa dobu.<\/p>\n<p>Pod\u013ea Helen Innes z organiz\u00e1cie Hubbub, ktor\u00e1 sie\u0165 prev\u00e1dzkuje, sa centr\u00e1 uk\u00e1zali ako \u017eivotaschopn\u00e9 rie\u0161enie na zdie\u013eanie mno\u017estva jedla, ktor\u00e9 by sa inak zlikvidovalo. Naj\u0165a\u017e\u0161ie bolo vymyslie\u0165 logistiku so zberom a distrib\u00faciou potrav\u00edn po expir\u00e1cii do t\u00fdchto centier. Kv\u00f4li \u010dasovej tiesni mus\u00ed by\u0165 jedlo doru\u010den\u00e9 \u010do najr\u00fdchlej\u0161ie, \u010do je skvel\u00e1 pr\u00edle\u017eitos\u0165 pre vyu\u017eitie eCargo bicykla. <strong>V okruhu 10 km sa bicykle eCargo uk\u00e1zali ako najr\u00fdchlej\u0161\u00ed dopravn\u00fd prostriedok.<\/strong> Okrem toho prispievaj\u00fa k zni\u017eovaniu celkovej produkcie emisi\u00ed.<\/p>\n","protected":false},"excerpt":{"rendered":"<p>Food Connect je organiz\u00e1cia, ktor\u00e1 zachra\u0148uje potraviny po d\u00e1tume spotreby, ktor\u00e9 u\u017e nie s\u00fa predajn\u00e9, no st\u00e1le s\u00fa v dobrom [&hellip;]<\/p>\n","protected":false},"author":81,"featured_media":14232,"comment_status":"open","ping_status":"open","sticky":false,"template":"","format":"standard","meta":{"footnotes":""},"categories":[191],"tags":[115,261,691,1395,1405,1493,1492,1494],"global-categories":[],"class_list":["post-14230","post","type-post","status-publish","format-standard","has-post-thumbnail","hentry","category-odporucame","tag-cestna-cyklistika","tag-ebike","tag-elektrobicykel","tag-emisie","tag-londyn","tag-potraviny","tag-projekt","tag-ritchie-dixon"],"yoast_head":"<!-- This site is optimized with the Yoast SEO Premium plugin v25.3 (Yoast SEO v25.9) - https:\/\/yoast.com\/wordpress\/plugins\/seo\/ -->\n<title>Food Connect: Predch\u00e1dzanie plytvaniu potravinami s elektrick\u00fdmi cargo bicyklami<\/title>\n<meta name=\"description\" content=\"Food Connect je organiz\u00e1cia, ktor\u00e1 zachra\u0148uje potraviny po d\u00e1tume spotreby, ktor\u00e9 u\u017e nie s\u00fa predajn\u00e9, no st\u00e1le s\u00fa v dobrom stave.\" \/>\n<meta name=\"robots\" content=\"index, follow, max-snippet:-1, max-image-preview:large, max-video-preview:-1\" \/>\n<link rel=\"canonical\" href=\"https:\/\/www.welovecycling.com\/sk\/2022\/04\/25\/food-connect-predchadzanie-plytvaniu-potravinami-s-elektrickymi-cargo-bicyklami\/\" \/>\n<meta property=\"og:locale\" content=\"sk_SK\" \/>\n<meta property=\"og:type\" content=\"article\" \/>\n<meta property=\"og:title\" content=\"Food Connect: Predch\u00e1dzanie plytvaniu potravinami s elektrick\u00fdmi cargo bicyklami\" \/>\n<meta property=\"og:description\" content=\"Food Connect je organiz\u00e1cia, ktor\u00e1 zachra\u0148uje potraviny po d\u00e1tume spotreby, ktor\u00e9 u\u017e nie s\u00fa predajn\u00e9, no st\u00e1le s\u00fa v dobrom stave.\" \/>\n<meta property=\"og:url\" content=\"https:\/\/www.welovecycling.com\/sk\/2022\/04\/25\/food-connect-predchadzanie-plytvaniu-potravinami-s-elektrickymi-cargo-bicyklami\/\" \/>\n<meta property=\"og:site_name\" content=\"\u0160koda We Love Cycling Slovensko\" \/>\n<meta property=\"article:published_time\" content=\"2022-04-25T08:00:45+00:00\" \/>\n<meta property=\"og:image\" content=\"https:\/\/d2p6e6u75xmxt8.cloudfront.net\/4\/2022\/04\/Ripe-Food-profimedia-0673554540-CVR.webp\" \/>\n\t<meta property=\"og:image:width\" content=\"1366\" \/>\n\t<meta property=\"og:image:height\" content=\"600\" \/>\n\t<meta property=\"og:image:type\" content=\"image\/webp\" \/>\n<meta name=\"twitter:card\" content=\"summary_large_image\" \/>\n<meta name=\"twitter:label1\" content=\"Written by\" \/>\n\t<meta name=\"twitter:data1\" content=\"Adam Marsal\" \/>\n\t<meta name=\"twitter:label2\" content=\"Est. reading time\" \/>\n\t<meta name=\"twitter:data2\" content=\"5\" \/>\n<script type=\"application\/ld+json\" class=\"yoast-schema-graph\">{\"@context\":\"https:\/\/schema.org\",\"@graph\":[{\"@type\":\"WebPage\",\"@id\":\"https:\/\/www.welovecycling.com\/sk\/2022\/04\/25\/food-connect-predchadzanie-plytvaniu-potravinami-s-elektrickymi-cargo-bicyklami\/\",\"url\":\"https:\/\/www.welovecycling.com\/sk\/2022\/04\/25\/food-connect-predchadzanie-plytvaniu-potravinami-s-elektrickymi-cargo-bicyklami\/\",\"name\":\"Food Connect: Predch\u00e1dzanie plytvaniu potravinami s elektrick\u00fdmi cargo bicyklami\",\"isPartOf\":{\"@id\":\"https:\/\/www.welovecycling.com\/sk\/#website\"},\"primaryImageOfPage\":{\"@id\":\"https:\/\/www.welovecycling.com\/sk\/2022\/04\/25\/food-connect-predchadzanie-plytvaniu-potravinami-s-elektrickymi-cargo-bicyklami\/#primaryimage\"},\"image\":{\"@id\":\"https:\/\/www.welovecycling.com\/sk\/2022\/04\/25\/food-connect-predchadzanie-plytvaniu-potravinami-s-elektrickymi-cargo-bicyklami\/#primaryimage\"},\"thumbnailUrl\":\"https:\/\/d2p6e6u75xmxt8.cloudfront.net\/4\/2022\/04\/Ripe-Food-profimedia-0673554540-CVR.webp\",\"datePublished\":\"2022-04-25T08:00:45+00:00\",\"author\":{\"@id\":\"\"},\"description\":\"Food Connect je organiz\u00e1cia, ktor\u00e1 zachra\u0148uje potraviny po d\u00e1tume spotreby, ktor\u00e9 u\u017e nie s\u00fa predajn\u00e9, no st\u00e1le s\u00fa v dobrom stave.\",\"breadcrumb\":{\"@id\":\"https:\/\/www.welovecycling.com\/sk\/2022\/04\/25\/food-connect-predchadzanie-plytvaniu-potravinami-s-elektrickymi-cargo-bicyklami\/#breadcrumb\"},\"inLanguage\":\"sk-SK\",\"potentialAction\":[{\"@type\":\"ReadAction\",\"target\":[\"https:\/\/www.welovecycling.com\/sk\/2022\/04\/25\/food-connect-predchadzanie-plytvaniu-potravinami-s-elektrickymi-cargo-bicyklami\/\"]}]},{\"@type\":\"ImageObject\",\"inLanguage\":\"sk-SK\",\"@id\":\"https:\/\/www.welovecycling.com\/sk\/2022\/04\/25\/food-connect-predchadzanie-plytvaniu-potravinami-s-elektrickymi-cargo-bicyklami\/#primaryimage\",\"url\":\"https:\/\/d2p6e6u75xmxt8.cloudfront.net\/4\/2022\/04\/Ripe-Food-profimedia-0673554540-CVR.webp\",\"contentUrl\":\"https:\/\/d2p6e6u75xmxt8.cloudfront.net\/4\/2022\/04\/Ripe-Food-profimedia-0673554540-CVR.webp\",\"width\":1366,\"height\":600,\"caption\":\"Ritchie Dixon\"},{\"@type\":\"BreadcrumbList\",\"@id\":\"https:\/\/www.welovecycling.com\/sk\/2022\/04\/25\/food-connect-predchadzanie-plytvaniu-potravinami-s-elektrickymi-cargo-bicyklami\/#breadcrumb\",\"itemListElement\":[{\"@type\":\"ListItem\",\"position\":1,\"name\":\"Home\",\"item\":\"https:\/\/www.welovecycling.com\/sk\/\"},{\"@type\":\"ListItem\",\"position\":2,\"name\":\"Food Connect: Predch\u00e1dzanie plytvaniu potravinami s elektrick\u00fdmi cargo bicyklami\"}]},{\"@type\":\"WebSite\",\"@id\":\"https:\/\/www.welovecycling.com\/sk\/#website\",\"url\":\"https:\/\/www.welovecycling.com\/sk\/\",\"name\":\"\u0160koda We Love Cycling Slovensko\",\"description\":\"\u0160koda We Love Cycling Slovensko je v\u00e1\u0161 ka\u017edodenn\u00fd zdroj noviniek a in\u0161pir\u00e1cie z sveta cyklistiky\",\"potentialAction\":[{\"@type\":\"SearchAction\",\"target\":{\"@type\":\"EntryPoint\",\"urlTemplate\":\"https:\/\/www.welovecycling.com\/sk\/?s={search_term_string}\"},\"query-input\":{\"@type\":\"PropertyValueSpecification\",\"valueRequired\":true,\"valueName\":\"search_term_string\"}}],\"inLanguage\":\"sk-SK\"},{\"@type\":\"Person\",\"@id\":\"\",\"url\":\"https:\/\/www.welovecycling.com\/sk\/author\/\"}]}<\/script>\n<!-- \/ Yoast SEO Premium plugin. -->","yoast_head_json":{"title":"Food Connect: Predch\u00e1dzanie plytvaniu potravinami s elektrick\u00fdmi cargo bicyklami","description":"Food Connect je organiz\u00e1cia, ktor\u00e1 zachra\u0148uje potraviny po d\u00e1tume spotreby, ktor\u00e9 u\u017e nie s\u00fa predajn\u00e9, no st\u00e1le s\u00fa v dobrom stave.","robots":{"index":"index","follow":"follow","max-snippet":"max-snippet:-1","max-image-preview":"max-image-preview:large","max-video-preview":"max-video-preview:-1"},"canonical":"https:\/\/www.welovecycling.com\/sk\/2022\/04\/25\/food-connect-predchadzanie-plytvaniu-potravinami-s-elektrickymi-cargo-bicyklami\/","og_locale":"sk_SK","og_type":"article","og_title":"Food Connect: Predch\u00e1dzanie plytvaniu potravinami s elektrick\u00fdmi cargo bicyklami","og_description":"Food Connect je organiz\u00e1cia, ktor\u00e1 zachra\u0148uje potraviny po d\u00e1tume spotreby, ktor\u00e9 u\u017e nie s\u00fa predajn\u00e9, no st\u00e1le s\u00fa v dobrom stave.","og_url":"https:\/\/www.welovecycling.com\/sk\/2022\/04\/25\/food-connect-predchadzanie-plytvaniu-potravinami-s-elektrickymi-cargo-bicyklami\/","og_site_name":"\u0160koda We Love Cycling Slovensko","article_published_time":"2022-04-25T08:00:45+00:00","og_image":[{"width":1366,"height":600,"url":"https:\/\/d2p6e6u75xmxt8.cloudfront.net\/4\/2022\/04\/Ripe-Food-profimedia-0673554540-CVR.webp","type":"image\/webp"}],"twitter_card":"summary_large_image","twitter_misc":{"Written by":"Adam Marsal","Est. reading time":"5"},"schema":{"@context":"https:\/\/schema.org","@graph":[{"@type":"WebPage","@id":"https:\/\/www.welovecycling.com\/sk\/2022\/04\/25\/food-connect-predchadzanie-plytvaniu-potravinami-s-elektrickymi-cargo-bicyklami\/","url":"https:\/\/www.welovecycling.com\/sk\/2022\/04\/25\/food-connect-predchadzanie-plytvaniu-potravinami-s-elektrickymi-cargo-bicyklami\/","name":"Food Connect: Predch\u00e1dzanie plytvaniu potravinami s elektrick\u00fdmi cargo bicyklami","isPartOf":{"@id":"https:\/\/www.welovecycling.com\/sk\/#website"},"primaryImageOfPage":{"@id":"https:\/\/www.welovecycling.com\/sk\/2022\/04\/25\/food-connect-predchadzanie-plytvaniu-potravinami-s-elektrickymi-cargo-bicyklami\/#primaryimage"},"image":{"@id":"https:\/\/www.welovecycling.com\/sk\/2022\/04\/25\/food-connect-predchadzanie-plytvaniu-potravinami-s-elektrickymi-cargo-bicyklami\/#primaryimage"},"thumbnailUrl":"https:\/\/d2p6e6u75xmxt8.cloudfront.net\/4\/2022\/04\/Ripe-Food-profimedia-0673554540-CVR.webp","datePublished":"2022-04-25T08:00:45+00:00","author":{"@id":""},"description":"Food Connect je organiz\u00e1cia, ktor\u00e1 zachra\u0148uje potraviny po d\u00e1tume spotreby, ktor\u00e9 u\u017e nie s\u00fa predajn\u00e9, no st\u00e1le s\u00fa v dobrom stave.","breadcrumb":{"@id":"https:\/\/www.welovecycling.com\/sk\/2022\/04\/25\/food-connect-predchadzanie-plytvaniu-potravinami-s-elektrickymi-cargo-bicyklami\/#breadcrumb"},"inLanguage":"sk-SK","potentialAction":[{"@type":"ReadAction","target":["https:\/\/www.welovecycling.com\/sk\/2022\/04\/25\/food-connect-predchadzanie-plytvaniu-potravinami-s-elektrickymi-cargo-bicyklami\/"]}]},{"@type":"ImageObject","inLanguage":"sk-SK","@id":"https:\/\/www.welovecycling.com\/sk\/2022\/04\/25\/food-connect-predchadzanie-plytvaniu-potravinami-s-elektrickymi-cargo-bicyklami\/#primaryimage","url":"https:\/\/d2p6e6u75xmxt8.cloudfront.net\/4\/2022\/04\/Ripe-Food-profimedia-0673554540-CVR.webp","contentUrl":"https:\/\/d2p6e6u75xmxt8.cloudfront.net\/4\/2022\/04\/Ripe-Food-profimedia-0673554540-CVR.webp","width":1366,"height":600,"caption":"Ritchie Dixon"},{"@type":"BreadcrumbList","@id":"https:\/\/www.welovecycling.com\/sk\/2022\/04\/25\/food-connect-predchadzanie-plytvaniu-potravinami-s-elektrickymi-cargo-bicyklami\/#breadcrumb","itemListElement":[{"@type":"ListItem","position":1,"name":"Home","item":"https:\/\/www.welovecycling.com\/sk\/"},{"@type":"ListItem","position":2,"name":"Food Connect: Predch\u00e1dzanie plytvaniu potravinami s elektrick\u00fdmi cargo bicyklami"}]},{"@type":"WebSite","@id":"https:\/\/www.welovecycling.com\/sk\/#website","url":"https:\/\/www.welovecycling.com\/sk\/","name":"\u0160koda We Love Cycling Slovensko","description":"\u0160koda We Love Cycling Slovensko je v\u00e1\u0161 ka\u017edodenn\u00fd zdroj noviniek a in\u0161pir\u00e1cie z sveta cyklistiky","potentialAction":[{"@type":"SearchAction","target":{"@type":"EntryPoint","urlTemplate":"https:\/\/www.welovecycling.com\/sk\/?s={search_term_string}"},"query-input":{"@type":"PropertyValueSpecification","valueRequired":true,"valueName":"search_term_string"}}],"inLanguage":"sk-SK"},{"@type":"Person","@id":"","url":"https:\/\/www.welovecycling.com\/sk\/author\/"}]}},"_links":{"self":[{"href":"https:\/\/www.welovecycling.com\/sk\/wp-json\/wp\/v2\/posts\/14230","targetHints":{"allow":["GET"]}}],"collection":[{"href":"https:\/\/www.welovecycling.com\/sk\/wp-json\/wp\/v2\/posts"}],"about":[{"href":"https:\/\/www.welovecycling.com\/sk\/wp-json\/wp\/v2\/types\/post"}],"author":[{"embeddable":true,"href":"https:\/\/www.welovecycling.com\/sk\/wp-json\/wp\/v2\/users\/81"}],"replies":[{"embeddable":true,"href":"https:\/\/www.welovecycling.com\/sk\/wp-json\/wp\/v2\/comments?post=14230"}],"version-history":[{"count":2,"href":"https:\/\/www.welovecycling.com\/sk\/wp-json\/wp\/v2\/posts\/14230\/revisions"}],"predecessor-version":[{"id":14238,"href":"https:\/\/www.welovecycling.com\/sk\/wp-json\/wp\/v2\/posts\/14230\/revisions\/14238"}],"wp:featuredmedia":[{"embeddable":true,"href":"https:\/\/www.welovecycling.com\/sk\/wp-json\/wp\/v2\/media\/14232"}],"wp:attachment":[{"href":"https:\/\/www.welovecycling.com\/sk\/wp-json\/wp\/v2\/media?parent=14230"}],"wp:term":[{"taxonomy":"category","embeddable":true,"href":"https:\/\/www.welovecycling.com\/sk\/wp-json\/wp\/v2\/categories?post=14230"},{"taxonomy":"post_tag","embeddable":true,"href":"https:\/\/www.welovecycling.com\/sk\/wp-json\/wp\/v2\/tags?post=14230"},{"taxonomy":"global-categories","embeddable":true,"href":"https:\/\/www.welovecycling.com\/sk\/wp-json\/wp\/v2\/global-categories?post=14230"}],"curies":[{"name":"wp","href":"https:\/\/api.w.org\/{rel}","templated":true}]}}