{"id":14220,"date":"2022-04-20T10:00:12","date_gmt":"2022-04-20T08:00:12","guid":{"rendered":"https:\/\/www.welovecycling.com\/sk\/?p=14220"},"modified":"2022-04-19T09:33:14","modified_gmt":"2022-04-19T07:33:14","slug":"pribeh-casovky-proti-vetru-dutch-headwind-time-trial-championships","status":"publish","type":"post","link":"https:\/\/www.welovecycling.com\/sk\/2022\/04\/20\/pribeh-casovky-proti-vetru-dutch-headwind-time-trial-championships\/","title":{"rendered":"Pr\u00edbeh \u010dasovky proti vetru &#8211; Dutch Headwind Time Trial Championships"},"content":{"rendered":"<p><strong>Ak\u00e9 s\u00fa pod\u013ea v\u00e1s najbrut\u00e1lnej\u0161ie preteky v cyklistike? Tour de France? Par\u00ed\u017e-Roubaix? Mo\u017eno Race Across America? No, mno\u017estvo brutality na jeden kilometer neh\u013eadajte nikde inde, ako na Dutch Headwind Time Trial Championships &#8211; holandsk\u00fdch majstrovstv\u00e1ch v \u010dasovke proti vetru. Tieto ka\u017edoro\u010dne sa konaj\u00face preteky, ktor\u00e9 maj\u00fa u\u017e svoj siedmy ro\u010dn\u00edk, je vlastne 8,5-kilometrov\u00e1 \u010dasovka pozd\u013a\u017e protipovod\u0148ovej bari\u00e9ry Oosterscheldekering v ju\u017enom Holandsku. Tra\u0165 je ve\u013emi jednoduch\u00e1 \u2013 zvl\u00e1dnu\u0165 rovinku do jedn\u00e9ho z najsilnej\u0161\u00edch protivetrov v Eur\u00f3pe.<\/strong><\/p>\n<p><!--more--><\/p>\n<p>Preteky od\u0161tartoval Robrecht Stoekenbroek v roku 2013 a ka\u017ed\u00fd rok naberali na sile a takisto z\u00edskali svojich sponzorov Eneco a Gazelle. Ale nemyslite si, \u017ee tieto preteky s\u00fa len akousi exhib\u00edciou. S\u00fa to skuto\u010dn\u00e9 preteky. Spolu s miestami vyhraden\u00fdmi pre div\u00e1kov, odoln\u00fdmi vo\u010di b\u00farke, sa tieto preteky konaj\u00fa v predpovedan\u00fd \u201enajhor\u0161\u00ed de\u0148\u201c v roku. <strong>To znamen\u00e1, \u017ee jazdci musia by\u0165 pripraven\u00ed na preteky vo ve\u013emi kr\u00e1tkom \u010dase \u2013 tri dni pred bl\u00ed\u017eiacou sa b\u00farkou.<\/strong><\/p>\n<h2><strong>Ako to pretek\u00e1ri tento rok zvl\u00e1dli?<\/strong><\/h2>\n<p>Tento rok sa preteky konali tesne pred b\u00farkou Eunice, ktor\u00e1 zasiahla Eur\u00f3pu, no podmienky neboli o ni\u010d menej brut\u00e1lne. R\u00fdchlos\u0165 vetra bola hodnoten\u00e1 na stupnici hodnotou 7 z 10 (\u017elt\u00fd k\u00f3d). O jeden bod menej, ako pri pretekoch v roku 2020, ktor\u00e9 museli by\u0165 pre nebezpe\u010dn\u00e9 podmienky ukon\u010den\u00e9. Ur\u010dite to nie je letn\u00fd v\u00e1nok, s ktor\u00fdm sa tu jazdci stret\u00e1vaj\u00fa.<\/p>\n<div class=\"embed-controller-wrapper\">\n<blockquote class=\"twitter-tweet\" data-width=\"500\" data-dnt=\"true\">\n<p lang=\"nl\" dir=\"ltr\">Check hier de aftermats van de bruutste editie van het <a href=\"https:\/\/twitter.com\/Eneco?ref_src=twsrc%5Etfw\">@Eneco<\/a> NK Tegenwindfietsen ooit! \ud83c\udf27\ud83d\udca8\ud83d\udeb4\ud83c\udffc\u200d\u2642\ufe0f\ud83d\ude31<a href=\"https:\/\/twitter.com\/hashtag\/nktegenwindfietsen?src=hash&amp;ref_src=twsrc%5Etfw\">#nktegenwindfietsen<\/a> <a href=\"https:\/\/twitter.com\/hashtag\/matseditie?src=hash&amp;ref_src=twsrc%5Etfw\">#matseditie<\/a> <a href=\"https:\/\/t.co\/IAR5EPtLmx\">pic.twitter.com\/IAR5EPtLmx<\/a><\/p>\n<p>&mdash; NK Tegenwindfietsen (@NKTegenwind) <a href=\"https:\/\/twitter.com\/NKTegenwind\/status\/1490628812501139461?ref_src=twsrc%5Etfw\">February 7, 2022<\/a><\/p><\/blockquote>\n<p><script async data-src=\"https:\/\/platform.twitter.com\/widgets.js\" charset=\"utf-8\"><\/script><\/div>\n<p>Cyklisti be\u017ene v \u010dasovke vyu\u017e\u00edvaj\u00fa aerodynamiku vo svoj prospech. <strong>Zdokona\u013euj\u00fa svoje umenie vo veternom tuneli \u2013 \u010do je pravdepodobne doslovn\u00fd pocit z t\u00fdchto pretekov.<\/strong> Aby na\u0161li dokonal\u00fa poz\u00edciu, aby mohli prereza\u0165 vzduch \u010do najefekt\u00edvnej\u0161\u00edm sp\u00f4sobom. Organiz\u00e1tori d\u00e1vaj\u00fa ka\u017ed\u00e9mu jazdcovi bicykel s identick\u00fdmi \u0161pecifik\u00e1ciami, jednor\u00fdchlostn\u00fd hlin\u00edkov\u00fd mestsk\u00fd bicykel Gazelle, ktor\u00fd s\u00edce obsahuje brzdu, ale je f\u00e9r poveda\u0165, \u017ee ju nikto nepotrebuje.<\/p>\n<p>Napriek trojd\u0148ov\u00e9mu predstihu s\u00fa preteky obmedzen\u00e9 na 300 pretek\u00e1rov ro\u010dne, pri\u010dom ka\u017ed\u00fd \u0161tartuje v 30-sekundov\u00fdch intervaloch. \u201eNajr\u00fdchlej\u0161\u00ed\u201c \u010das mal v roku 2013, na prvom ro\u010dn\u00edku, Bart Brentjens. Jeho \u010das 17 min\u00fat a 51 sek\u00fand je relat\u00edvny, hoci v t\u00fdchto pretekoch nevl\u00e1dne \u010das, ale r\u00fdchlos\u0165 vetra. Na tomto exponovanom \u00faseku bari\u00e9ry m\u00f4\u017ee r\u00fdchlos\u0165 vetra po\u010das pretekov v n\u00e1razoch dosiahnu\u0165 a\u017e 120 kilometrov za hodinu, \u010do je vietor, ktor\u00fd m\u00e1 silu podlomi\u0165 v\u00e1m nohy. Pre cyklistov to znamen\u00e1 da\u0165 zo seba v\u0161etko, aby sa prakticky nikam nedostali.<strong> Na tohtoro\u010dnom podujat\u00ed, ktor\u00e9 vyhral Jurjun van der Velde v \u010dase 20 min\u00fat a 23 sek\u00fand, dosiahol na 8,5 km dlhej trati impozantn\u00fa r\u00fdchlos\u0165 25,21 km\/h.<\/strong> Ak vezmeme do \u00favahy, \u017ee tento \u010das dok\u00e1\u017eete na mestskom bicykli a vietor na v\u00e1s \u00fato\u010d\u00ed po\u010das celej jazdy, je to ohromuj\u00faci \u010das.<\/p>\n<p>V \u017eenskej discipl\u00edne by sa Lisa Scheenaardov\u00e1 mohla pova\u017eova\u0165 za Marianne Vos tejto \u0161peci\u00e1lnej discipl\u00edny, ktor\u00e1 vyhrala posledn\u00e9 tri ro\u010dn\u00edky. A je bezkonkuren\u010dn\u00e1, v tohtoro\u010dn\u00fdch pretekoch vyhrala o takmer 5 min\u00fat.<\/p>\n<h2><strong>Pre\u010do preteky absolvova\u0165?<\/strong><\/h2>\n<p>Tak pre\u010do to robi\u0165? Pre\u010do sa podrobova\u0165 30-min\u00fatov\u00e9mu mu\u010deniu? Stoekenbroek povedal pre <a href=\"https:\/\/then24.com\/2022\/02\/06\/leiden-student-jurjun-25-wins-beastly-edition-of-the-nk-headwind-cycling-wind-gusts-of-80-km-per-hour\/\" rel=\"noopener\" target=\"_blank\">THEN24<\/a>: <em>\u201eNa tento ro\u010dn\u00edk sa pretek\u00e1ri zaregistrovali r\u00fdchlej\u0161ie ako kedyko\u013evek predt\u00fdm, do troch hod\u00edn. Mysl\u00edm si, \u017ee je to pre Holandsko ist\u00fd druh terapie po dvoch koronov\u00fdch rokoch.\u201c<\/em><\/p>\n<p>A mo\u017eno to je pr\u00e1ve ono. Je to nie\u010do, ako \u00fatek od reality, ke\u010f ste 30 min\u00fat len vy a vietor, kde na ni\u010dom inom nez\u00e1le\u017e\u00ed a kde bojujete so \u017eivlami, aby ste zistili, kto je lep\u0161\u00ed. Pre tak\u00fato my\u0161lienku sn\u00e1\u010f neexistuje lep\u0161ie miesto ako Holandsko. Je to krajina, ktor\u00e1 sa v\u010faka vynaliezavosti a h\u00fa\u017eevnatosti br\u00e1ni vrtochom mora. Mo\u017eno tieto vlastnosti nebudete potrebova\u0165 pri jazde na t\u00fdchto pretekoch, ale ur\u010dite budete potrebova\u0165 holandsk\u00fa odvahu.<\/p>\n<p>Ak sa chcete dozvedie\u0165 viac o pretekoch, sledujte ich na <a href=\"https:\/\/twitter.com\/NKTegenwind\" rel=\"noopener\" target=\"_blank\">Twitteri<\/a> a ak sa chcete z\u00fa\u010dastni\u0165 v roku 2023, mus\u00edte by\u0165 r\u00fdchli a bl\u00edzko Holandska. Ak sa v\u0161ak z\u00fa\u010dastnite, neo\u013eutujete.<\/p>\n","protected":false},"excerpt":{"rendered":"<p>Ak\u00e9 s\u00fa pod\u013ea v\u00e1s najbrut\u00e1lnej\u0161ie preteky v cyklistike? Tour de France? Par\u00ed\u017e-Roubaix? Mo\u017eno Race Across America? No, mno\u017estvo brutality na [&hellip;]<\/p>\n","protected":false},"author":81,"featured_media":14222,"comment_status":"open","ping_status":"open","sticky":false,"template":"","format":"standard","meta":{"footnotes":""},"categories":[4],"tags":[1489,227,115,1487,1057,1490,1491,179,1488,1254],"global-categories":[],"class_list":["post-14220","post","type-post","status-publish","format-standard","has-post-thumbnail","hentry","category-cestna-cyklisitika","tag-bart-brentjens","tag-casovka","tag-cestna-cyklistika","tag-dutch-headwind-time-trial-championships","tag-holandsko","tag-jurjun-van-der-velde","tag-lisa-scheenaardova","tag-preteky","tag-robrecht-stoekenbroek","tag-vietor"],"yoast_head":"<!-- This site is optimized with the Yoast SEO Premium plugin v25.3 (Yoast SEO v25.9) - https:\/\/yoast.com\/wordpress\/plugins\/seo\/ -->\n<title>Pr\u00edbeh \u010dasovky proti vetru - Dutch Headwind Time Trial Championships<\/title>\n<meta name=\"description\" content=\"Ak\u00e9 s\u00fa najbrut\u00e1lnej\u0161ie preteky? Mno\u017estvo brutality na jeden kilometer neh\u013eadajte inde, ako na Dutch Headwind Time Trial Championships.\" \/>\n<meta name=\"robots\" content=\"index, follow, max-snippet:-1, max-image-preview:large, max-video-preview:-1\" \/>\n<link rel=\"canonical\" href=\"https:\/\/www.welovecycling.com\/sk\/2022\/04\/20\/pribeh-casovky-proti-vetru-dutch-headwind-time-trial-championships\/\" \/>\n<meta property=\"og:locale\" content=\"sk_SK\" \/>\n<meta property=\"og:type\" content=\"article\" \/>\n<meta property=\"og:title\" content=\"Pr\u00edbeh \u010dasovky proti vetru - Dutch Headwind Time Trial Championships\" \/>\n<meta property=\"og:description\" content=\"Ak\u00e9 s\u00fa najbrut\u00e1lnej\u0161ie preteky? Mno\u017estvo brutality na jeden kilometer neh\u013eadajte inde, ako na Dutch Headwind Time Trial Championships.\" \/>\n<meta property=\"og:url\" content=\"https:\/\/www.welovecycling.com\/sk\/2022\/04\/20\/pribeh-casovky-proti-vetru-dutch-headwind-time-trial-championships\/\" \/>\n<meta property=\"og:site_name\" content=\"\u0160koda We Love Cycling Slovensko\" \/>\n<meta property=\"article:published_time\" content=\"2022-04-20T08:00:12+00:00\" \/>\n<meta property=\"og:image\" content=\"https:\/\/d2p6e6u75xmxt8.cloudfront.net\/4\/2022\/04\/Headwind-cycling-championships-profimedia-0659899433-CVR.webp\" \/>\n\t<meta property=\"og:image:width\" content=\"1366\" \/>\n\t<meta property=\"og:image:height\" content=\"600\" \/>\n\t<meta property=\"og:image:type\" content=\"image\/webp\" \/>\n<meta name=\"twitter:card\" content=\"summary_large_image\" \/>\n<meta name=\"twitter:label1\" content=\"Written by\" \/>\n\t<meta name=\"twitter:data1\" content=\"Joshua Donaldson\" \/>\n\t<meta name=\"twitter:label2\" content=\"Est. reading time\" \/>\n\t<meta name=\"twitter:data2\" content=\"5\" \/>\n<script type=\"application\/ld+json\" class=\"yoast-schema-graph\">{\"@context\":\"https:\/\/schema.org\",\"@graph\":[{\"@type\":\"WebPage\",\"@id\":\"https:\/\/www.welovecycling.com\/sk\/2022\/04\/20\/pribeh-casovky-proti-vetru-dutch-headwind-time-trial-championships\/\",\"url\":\"https:\/\/www.welovecycling.com\/sk\/2022\/04\/20\/pribeh-casovky-proti-vetru-dutch-headwind-time-trial-championships\/\",\"name\":\"Pr\u00edbeh \u010dasovky proti vetru - Dutch Headwind Time Trial Championships\",\"isPartOf\":{\"@id\":\"https:\/\/www.welovecycling.com\/sk\/#website\"},\"primaryImageOfPage\":{\"@id\":\"https:\/\/www.welovecycling.com\/sk\/2022\/04\/20\/pribeh-casovky-proti-vetru-dutch-headwind-time-trial-championships\/#primaryimage\"},\"image\":{\"@id\":\"https:\/\/www.welovecycling.com\/sk\/2022\/04\/20\/pribeh-casovky-proti-vetru-dutch-headwind-time-trial-championships\/#primaryimage\"},\"thumbnailUrl\":\"https:\/\/d2p6e6u75xmxt8.cloudfront.net\/4\/2022\/04\/Headwind-cycling-championships-profimedia-0659899433-CVR.webp\",\"datePublished\":\"2022-04-20T08:00:12+00:00\",\"author\":{\"@id\":\"\"},\"description\":\"Ak\u00e9 s\u00fa najbrut\u00e1lnej\u0161ie preteky? Mno\u017estvo brutality na jeden kilometer neh\u013eadajte inde, ako na Dutch Headwind Time Trial Championships.\",\"breadcrumb\":{\"@id\":\"https:\/\/www.welovecycling.com\/sk\/2022\/04\/20\/pribeh-casovky-proti-vetru-dutch-headwind-time-trial-championships\/#breadcrumb\"},\"inLanguage\":\"sk-SK\",\"potentialAction\":[{\"@type\":\"ReadAction\",\"target\":[\"https:\/\/www.welovecycling.com\/sk\/2022\/04\/20\/pribeh-casovky-proti-vetru-dutch-headwind-time-trial-championships\/\"]}]},{\"@type\":\"ImageObject\",\"inLanguage\":\"sk-SK\",\"@id\":\"https:\/\/www.welovecycling.com\/sk\/2022\/04\/20\/pribeh-casovky-proti-vetru-dutch-headwind-time-trial-championships\/#primaryimage\",\"url\":\"https:\/\/d2p6e6u75xmxt8.cloudfront.net\/4\/2022\/04\/Headwind-cycling-championships-profimedia-0659899433-CVR.webp\",\"contentUrl\":\"https:\/\/d2p6e6u75xmxt8.cloudfront.net\/4\/2022\/04\/Headwind-cycling-championships-profimedia-0659899433-CVR.webp\",\"width\":1366,\"height\":600,\"caption\":\"Dutch Headwind Championships\"},{\"@type\":\"BreadcrumbList\",\"@id\":\"https:\/\/www.welovecycling.com\/sk\/2022\/04\/20\/pribeh-casovky-proti-vetru-dutch-headwind-time-trial-championships\/#breadcrumb\",\"itemListElement\":[{\"@type\":\"ListItem\",\"position\":1,\"name\":\"Home\",\"item\":\"https:\/\/www.welovecycling.com\/sk\/\"},{\"@type\":\"ListItem\",\"position\":2,\"name\":\"Pr\u00edbeh \u010dasovky proti vetru &#8211; Dutch Headwind Time Trial Championships\"}]},{\"@type\":\"WebSite\",\"@id\":\"https:\/\/www.welovecycling.com\/sk\/#website\",\"url\":\"https:\/\/www.welovecycling.com\/sk\/\",\"name\":\"\u0160koda We Love Cycling Slovensko\",\"description\":\"\u0160koda We Love Cycling Slovensko je v\u00e1\u0161 ka\u017edodenn\u00fd zdroj noviniek a in\u0161pir\u00e1cie z sveta cyklistiky\",\"potentialAction\":[{\"@type\":\"SearchAction\",\"target\":{\"@type\":\"EntryPoint\",\"urlTemplate\":\"https:\/\/www.welovecycling.com\/sk\/?s={search_term_string}\"},\"query-input\":{\"@type\":\"PropertyValueSpecification\",\"valueRequired\":true,\"valueName\":\"search_term_string\"}}],\"inLanguage\":\"sk-SK\"},{\"@type\":\"Person\",\"@id\":\"\",\"url\":\"https:\/\/www.welovecycling.com\/sk\/author\/\"}]}<\/script>\n<!-- \/ Yoast SEO Premium plugin. -->","yoast_head_json":{"title":"Pr\u00edbeh \u010dasovky proti vetru - Dutch Headwind Time Trial Championships","description":"Ak\u00e9 s\u00fa najbrut\u00e1lnej\u0161ie preteky? Mno\u017estvo brutality na jeden kilometer neh\u013eadajte inde, ako na Dutch Headwind Time Trial Championships.","robots":{"index":"index","follow":"follow","max-snippet":"max-snippet:-1","max-image-preview":"max-image-preview:large","max-video-preview":"max-video-preview:-1"},"canonical":"https:\/\/www.welovecycling.com\/sk\/2022\/04\/20\/pribeh-casovky-proti-vetru-dutch-headwind-time-trial-championships\/","og_locale":"sk_SK","og_type":"article","og_title":"Pr\u00edbeh \u010dasovky proti vetru - Dutch Headwind Time Trial Championships","og_description":"Ak\u00e9 s\u00fa najbrut\u00e1lnej\u0161ie preteky? Mno\u017estvo brutality na jeden kilometer neh\u013eadajte inde, ako na Dutch Headwind Time Trial Championships.","og_url":"https:\/\/www.welovecycling.com\/sk\/2022\/04\/20\/pribeh-casovky-proti-vetru-dutch-headwind-time-trial-championships\/","og_site_name":"\u0160koda We Love Cycling Slovensko","article_published_time":"2022-04-20T08:00:12+00:00","og_image":[{"width":1366,"height":600,"url":"https:\/\/d2p6e6u75xmxt8.cloudfront.net\/4\/2022\/04\/Headwind-cycling-championships-profimedia-0659899433-CVR.webp","type":"image\/webp"}],"twitter_card":"summary_large_image","twitter_misc":{"Written by":"Joshua Donaldson","Est. reading time":"5"},"schema":{"@context":"https:\/\/schema.org","@graph":[{"@type":"WebPage","@id":"https:\/\/www.welovecycling.com\/sk\/2022\/04\/20\/pribeh-casovky-proti-vetru-dutch-headwind-time-trial-championships\/","url":"https:\/\/www.welovecycling.com\/sk\/2022\/04\/20\/pribeh-casovky-proti-vetru-dutch-headwind-time-trial-championships\/","name":"Pr\u00edbeh \u010dasovky proti vetru - Dutch Headwind Time Trial Championships","isPartOf":{"@id":"https:\/\/www.welovecycling.com\/sk\/#website"},"primaryImageOfPage":{"@id":"https:\/\/www.welovecycling.com\/sk\/2022\/04\/20\/pribeh-casovky-proti-vetru-dutch-headwind-time-trial-championships\/#primaryimage"},"image":{"@id":"https:\/\/www.welovecycling.com\/sk\/2022\/04\/20\/pribeh-casovky-proti-vetru-dutch-headwind-time-trial-championships\/#primaryimage"},"thumbnailUrl":"https:\/\/d2p6e6u75xmxt8.cloudfront.net\/4\/2022\/04\/Headwind-cycling-championships-profimedia-0659899433-CVR.webp","datePublished":"2022-04-20T08:00:12+00:00","author":{"@id":""},"description":"Ak\u00e9 s\u00fa najbrut\u00e1lnej\u0161ie preteky? Mno\u017estvo brutality na jeden kilometer neh\u013eadajte inde, ako na Dutch Headwind Time Trial Championships.","breadcrumb":{"@id":"https:\/\/www.welovecycling.com\/sk\/2022\/04\/20\/pribeh-casovky-proti-vetru-dutch-headwind-time-trial-championships\/#breadcrumb"},"inLanguage":"sk-SK","potentialAction":[{"@type":"ReadAction","target":["https:\/\/www.welovecycling.com\/sk\/2022\/04\/20\/pribeh-casovky-proti-vetru-dutch-headwind-time-trial-championships\/"]}]},{"@type":"ImageObject","inLanguage":"sk-SK","@id":"https:\/\/www.welovecycling.com\/sk\/2022\/04\/20\/pribeh-casovky-proti-vetru-dutch-headwind-time-trial-championships\/#primaryimage","url":"https:\/\/d2p6e6u75xmxt8.cloudfront.net\/4\/2022\/04\/Headwind-cycling-championships-profimedia-0659899433-CVR.webp","contentUrl":"https:\/\/d2p6e6u75xmxt8.cloudfront.net\/4\/2022\/04\/Headwind-cycling-championships-profimedia-0659899433-CVR.webp","width":1366,"height":600,"caption":"Dutch Headwind Championships"},{"@type":"BreadcrumbList","@id":"https:\/\/www.welovecycling.com\/sk\/2022\/04\/20\/pribeh-casovky-proti-vetru-dutch-headwind-time-trial-championships\/#breadcrumb","itemListElement":[{"@type":"ListItem","position":1,"name":"Home","item":"https:\/\/www.welovecycling.com\/sk\/"},{"@type":"ListItem","position":2,"name":"Pr\u00edbeh \u010dasovky proti vetru &#8211; Dutch Headwind Time Trial Championships"}]},{"@type":"WebSite","@id":"https:\/\/www.welovecycling.com\/sk\/#website","url":"https:\/\/www.welovecycling.com\/sk\/","name":"\u0160koda We Love Cycling Slovensko","description":"\u0160koda We Love Cycling Slovensko je v\u00e1\u0161 ka\u017edodenn\u00fd zdroj noviniek a in\u0161pir\u00e1cie z sveta cyklistiky","potentialAction":[{"@type":"SearchAction","target":{"@type":"EntryPoint","urlTemplate":"https:\/\/www.welovecycling.com\/sk\/?s={search_term_string}"},"query-input":{"@type":"PropertyValueSpecification","valueRequired":true,"valueName":"search_term_string"}}],"inLanguage":"sk-SK"},{"@type":"Person","@id":"","url":"https:\/\/www.welovecycling.com\/sk\/author\/"}]}},"_links":{"self":[{"href":"https:\/\/www.welovecycling.com\/sk\/wp-json\/wp\/v2\/posts\/14220","targetHints":{"allow":["GET"]}}],"collection":[{"href":"https:\/\/www.welovecycling.com\/sk\/wp-json\/wp\/v2\/posts"}],"about":[{"href":"https:\/\/www.welovecycling.com\/sk\/wp-json\/wp\/v2\/types\/post"}],"author":[{"embeddable":true,"href":"https:\/\/www.welovecycling.com\/sk\/wp-json\/wp\/v2\/users\/81"}],"replies":[{"embeddable":true,"href":"https:\/\/www.welovecycling.com\/sk\/wp-json\/wp\/v2\/comments?post=14220"}],"version-history":[{"count":2,"href":"https:\/\/www.welovecycling.com\/sk\/wp-json\/wp\/v2\/posts\/14220\/revisions"}],"predecessor-version":[{"id":14229,"href":"https:\/\/www.welovecycling.com\/sk\/wp-json\/wp\/v2\/posts\/14220\/revisions\/14229"}],"wp:featuredmedia":[{"embeddable":true,"href":"https:\/\/www.welovecycling.com\/sk\/wp-json\/wp\/v2\/media\/14222"}],"wp:attachment":[{"href":"https:\/\/www.welovecycling.com\/sk\/wp-json\/wp\/v2\/media?parent=14220"}],"wp:term":[{"taxonomy":"category","embeddable":true,"href":"https:\/\/www.welovecycling.com\/sk\/wp-json\/wp\/v2\/categories?post=14220"},{"taxonomy":"post_tag","embeddable":true,"href":"https:\/\/www.welovecycling.com\/sk\/wp-json\/wp\/v2\/tags?post=14220"},{"taxonomy":"global-categories","embeddable":true,"href":"https:\/\/www.welovecycling.com\/sk\/wp-json\/wp\/v2\/global-categories?post=14220"}],"curies":[{"name":"wp","href":"https:\/\/api.w.org\/{rel}","templated":true}]}}