{"id":14208,"date":"2022-04-19T11:00:38","date_gmt":"2022-04-19T09:00:38","guid":{"rendered":"https:\/\/www.welovecycling.com\/sk\/?p=14208"},"modified":"2022-04-19T08:43:22","modified_gmt":"2022-04-19T06:43:22","slug":"detska-tour-budmerice-preteky-v-anglickom-parku","status":"publish","type":"post","link":"https:\/\/www.welovecycling.com\/sk\/2022\/04\/19\/detska-tour-budmerice-preteky-v-anglickom-parku\/","title":{"rendered":"Detsk\u00e1 tour Budmerice \u2013 preteky v\u00a0anglickom parku"},"content":{"rendered":"<p><strong>Deviaty ro\u010dn\u00edk ob\u013e\u00fabenej s\u00e9rie Detskej tour Petra Sagana od\u0161tartoval minul\u00fd v\u00edkend. \u00davodn\u00fd v\u00edkend sa konal v\u00a0Budmericiach, neda\u013eeko Mal\u00fdch Karp\u00e1t. Pretekalo sa priamo v\u00a0anglickom parku, kde bola postaven\u00e1 skvel\u00e1 tra\u0165. Kr\u00e1sne prostredie po\u013eovn\u00edckeho ka\u0161tie\u013ea, ktor\u00fd dal postavi\u0165 gr\u00f3f J\u00e1n P\u00e1lffy v\u00a0Lindavskom lese, umoc\u0148ovalo atmosf\u00e9ru cel\u00fdch pretekov.<\/strong><!--more--><\/p>\n<h2><strong>Apr\u00edlov\u00e9 po\u010dasie trochu potr\u00e1pilo<\/strong><\/h2>\n<p>Napriek tomu, \u017ee lokalita bola vybran\u00e1 v\u00a0ju\u017enej oblasti Slovenska, <strong>apr\u00edlov\u00e9 po\u010dasie ostalo vern\u00e9 svojim vrtochom a\u00a0\u00fa\u010dastn\u00edkov pretekov potr\u00e1pilo chladom a\u00a0studen\u00fdm vetrom<\/strong>. Aspo\u0148\u017ee predpovedan\u00e9 sne\u017eenie sa nekonalo. No, ale aj vrtochy po\u010dasia s\u00fa nie\u010do, na \u010do si musia u\u017e aj mal\u00ed pretek\u00e1ri zvyka\u0165 a\u00a0mnoh\u00fdch to skuto\u010dne neodradilo od \u00fa\u010dasti.<\/p>\n<p><a href=\"https:\/\/d2p6e6u75xmxt8.cloudfront.net\/4\/2022\/04\/DTPS_Budmerice_01.jpg\"><img loading=\"lazy\" decoding=\"async\" src=\"https:\/\/d2p6e6u75xmxt8.cloudfront.net\/4\/2022\/04\/DTPS_Budmerice_01.jpg\" alt=\"\" width=\"1200\" height=\"800\" class=\"size-full wp-image-14210\" \/><\/a><\/p>\n<h2><strong>\u00da\u010das\u0165 cyklistov z\u00a0viacer\u00fdch kraj\u00edn<\/strong><\/h2>\n<p>U\u017e na prvom kole v\u00a0Budmericiach sa z\u00fa\u010dastnili cyklisti z\u00a0okolit\u00fdch kraj\u00edn. Okrem dom\u00e1cich jazdcov to boli deti z\u00a0\u010ciech aj Ma\u010farska. <strong>O\u00a0dramatick\u00e9 momenty nebola n\u00fadza a\u00a0pretek\u00e1ri div\u00e1kom pripravili skuto\u010dn\u00e9 \u0161portov\u00e9 z\u00e1\u017eitky.<\/strong> V\u00a0jednotliv\u00fdch kateg\u00f3ri\u00e1ch sme videli jednozna\u010dn\u00e9 v\u00ed\u0165azstv\u00e1, ale aj nap\u00ednav\u00e9 s\u00faboje \u010di dokonca jeden foto fini\u0161.<\/p>\n<p><a href=\"https:\/\/d2p6e6u75xmxt8.cloudfront.net\/4\/2022\/04\/DTPS_Budmerice_02.jpg\"><img loading=\"lazy\" decoding=\"async\" src=\"https:\/\/d2p6e6u75xmxt8.cloudfront.net\/4\/2022\/04\/DTPS_Budmerice_02.jpg\" alt=\"\" width=\"1200\" height=\"800\" class=\"alignnone size-full wp-image-14211\" \/><\/a><\/p>\n<div class=\"shortcode-ys-post-pinup\"><article class=\"loop-simple post-14171 post type-post status-publish format-standard has-post-thumbnail hentry category-deti-na-bicykloch tag-deti tag-deti-na-bicykli tag-detska-tour-petra-sagana tag-jar tag-kosice tag-leto tag-martin tag-motivacia tag-peter-sagan tag-pozvanka tag-preteky tag-rodina tag-sala tag-sezona-2022 tag-zabava tag-zilina global-categories-cycling\" data-postid=\"14171\" role=\"article\" data-post-id=\"14171\" data-word-count=\"185\" data-headline-length=\"60\" data-category=\"Deti na bicykloch\" data-global-category=\"Cycling\" data-author=\"Radovan Vr\u0161ka\" data-published=\"2022-04-10T10:00:48+02:00\" data-published-day=\"Sunday\">\n    <div class=\"entry-thumbnail article-thumbnail\" content=\"https:\/\/d2p6e6u75xmxt8.cloudfront.net\/4\/2022\/04\/DTPS_00-150x150.webp\"><a href=\"https:\/\/www.welovecycling.com\/sk\/2022\/04\/10\/detska-tour-petra-sagana-aj-na-novych-miestach\/\" class=\"image-holder\" target=\"_self\"><img decoding=\"async\" loading=\"lazy\" class=\"\" src=\"https:\/\/d2p6e6u75xmxt8.cloudfront.net\/4\/2022\/04\/DTPS_00-1024x445.webp\" srcset=\"https:\/\/d2p6e6u75xmxt8.cloudfront.net\/4\/2022\/04\/DTPS_00.webp 1380w, https:\/\/d2p6e6u75xmxt8.cloudfront.net\/4\/2022\/04\/DTPS_00-300x130.webp 300w, https:\/\/d2p6e6u75xmxt8.cloudfront.net\/4\/2022\/04\/DTPS_00-1024x445.webp 1024w, https:\/\/d2p6e6u75xmxt8.cloudfront.net\/4\/2022\/04\/DTPS_00-768x334.webp 768w\" width=\"1024\" height=\"445\" sizes=\"auto, (min-width: 1200px) 460px, (min-width: 768px) 38vw, 100vw\" alt=\"detska-tour-petra-sagana-aj-na-novych-miestach\"\/><\/a><\/div>    <div class=\"entry-meta\">\n        <a class=\"label label-secondary post-category\" href=\"https:\/\/www.welovecycling.com\/sk\/category\/deti-na-bicykloch\/\" title=\"Deti na bicykloch\">Deti na bicykloch<\/a>\n    <\/div>\n    <div class=\"entry-details\">\n        <a href=\"https:\/\/www.welovecycling.com\/sk\/2022\/04\/10\/detska-tour-petra-sagana-aj-na-novych-miestach\/\" class='entry-title-wrapper'>\n            <h3 class=\"entry-title\"><span>Detsk\u00e1 tour Petra Sagana v roku 2022 aj na nov\u00fdch miestach<\/span><\/h3>\n        <\/a>\n    <\/div>\n    <\/article>\n<\/div>\n<h2><strong>Sprievodn\u00fd program na \u00farovni<\/strong><\/h2>\n<p>Trad\u00edciou ost\u00e1va bohat\u00fd sprievodn\u00fd program a\u00a0ve\u013ea atrakci\u00ed. Tento rok bude celou s\u00e9riou Detskej tour moder\u00e1torsky sprev\u00e1dza\u0165 b\u00fdval\u00e1 slovensk\u00e1 \u0161pi\u010dkov\u00e1 cyklistka a \u00fa\u010dastn\u00ed\u010dka Tour de France, \u010di Giro d&#8217;Italia &#8211; Lenka Ilavsk\u00e1. Ur\u010dite sa m\u00e1me na \u010do te\u0161i\u0165 a\u00a0ver\u00edme, \u017ee po\u010dasie n\u00e1m bude priaznivo naklonen\u00e9. <strong>2. kolo Detskej tour Petra Sagana sa uskuto\u010dn\u00ed 7. m\u00e1ja v\u00a0Martine.<\/strong> <\/p>\n","protected":false},"excerpt":{"rendered":"<p>Deviaty ro\u010dn\u00edk ob\u013e\u00fabenej s\u00e9rie Detskej tour Petra Sagana od\u0161tartoval minul\u00fd v\u00edkend. \u00davodn\u00fd v\u00edkend sa konal v\u00a0Budmericiach, neda\u013eeko Mal\u00fdch Karp\u00e1t. Pretekalo [&hellip;]<\/p>\n","protected":false},"author":81,"featured_media":14213,"comment_status":"open","ping_status":"open","sticky":false,"template":"","format":"standard","meta":{"footnotes":""},"categories":[51],"tags":[478,1474,1486,507,53,1386,764,767,179,509,474,523,183],"global-categories":[1074],"class_list":["post-14208","post","type-post","status-publish","format-standard","has-post-thumbnail","hentry","category-deti-na-bicykloch","tag-akcia","tag-april","tag-budmerice","tag-cyklorodinka","tag-deti","tag-deti-na-bicykli","tag-detska-tour-petra-sagana","tag-motivacia","tag-preteky","tag-rodina","tag-rodinny-maraton","tag-slovensko","tag-zabava","global-categories-cycling"],"yoast_head":"<!-- This site is optimized with the Yoast SEO Premium plugin v25.3 (Yoast SEO v25.9) - https:\/\/yoast.com\/wordpress\/plugins\/seo\/ -->\n<title>Detsk\u00e1 tour Budmerice \u2013 preteky v\u00a0anglickom parku - \u0160koda We Love Cycling Slovensko<\/title>\n<meta name=\"description\" content=\"Deviaty ro\u010dn\u00edk ob\u013e\u00fabenej s\u00e9rie Detsk\u00e1 tour Petra Sagana od\u0161tartoval minul\u00fd v\u00edkend. Konala sa v\u00a0Budmericiach, neda\u013eeko Mal\u00fdch Karp\u00e1t.\" \/>\n<meta name=\"robots\" content=\"index, follow, max-snippet:-1, max-image-preview:large, max-video-preview:-1\" \/>\n<link rel=\"canonical\" href=\"https:\/\/www.welovecycling.com\/sk\/2022\/04\/19\/detska-tour-budmerice-preteky-v-anglickom-parku\/\" \/>\n<meta property=\"og:locale\" content=\"sk_SK\" \/>\n<meta property=\"og:type\" content=\"article\" \/>\n<meta property=\"og:title\" content=\"Detsk\u00e1 tour Budmerice \u2013 preteky v\u00a0anglickom parku\" \/>\n<meta property=\"og:description\" content=\"Deviaty ro\u010dn\u00edk ob\u013e\u00fabenej s\u00e9rie Detsk\u00e1 tour Petra Sagana od\u0161tartoval minul\u00fd v\u00edkend. Konala sa v\u00a0Budmericiach, neda\u013eeko Mal\u00fdch Karp\u00e1t.\" \/>\n<meta property=\"og:url\" content=\"https:\/\/www.welovecycling.com\/sk\/2022\/04\/19\/detska-tour-budmerice-preteky-v-anglickom-parku\/\" \/>\n<meta property=\"og:site_name\" content=\"\u0160koda We Love Cycling Slovensko\" \/>\n<meta property=\"article:published_time\" content=\"2022-04-19T09:00:38+00:00\" \/>\n<meta property=\"og:image\" content=\"https:\/\/d2p6e6u75xmxt8.cloudfront.net\/4\/2022\/04\/DTPS_Budmerice_00.JPG.webp\" \/>\n\t<meta property=\"og:image:width\" content=\"1380\" \/>\n\t<meta property=\"og:image:height\" content=\"600\" \/>\n\t<meta property=\"og:image:type\" content=\"image\/webp\" \/>\n<meta name=\"twitter:card\" content=\"summary_large_image\" \/>\n<meta name=\"twitter:label1\" content=\"Written by\" \/>\n\t<meta name=\"twitter:data1\" content=\"Radovan Vr\u0161ka\" \/>\n\t<meta name=\"twitter:label2\" content=\"Est. reading time\" \/>\n\t<meta name=\"twitter:data2\" content=\"3\" \/>\n<script type=\"application\/ld+json\" class=\"yoast-schema-graph\">{\"@context\":\"https:\/\/schema.org\",\"@graph\":[{\"@type\":\"WebPage\",\"@id\":\"https:\/\/www.welovecycling.com\/sk\/2022\/04\/19\/detska-tour-budmerice-preteky-v-anglickom-parku\/\",\"url\":\"https:\/\/www.welovecycling.com\/sk\/2022\/04\/19\/detska-tour-budmerice-preteky-v-anglickom-parku\/\",\"name\":\"Detsk\u00e1 tour Budmerice \u2013 preteky v\u00a0anglickom parku - \u0160koda We Love Cycling Slovensko\",\"isPartOf\":{\"@id\":\"https:\/\/www.welovecycling.com\/sk\/#website\"},\"primaryImageOfPage\":{\"@id\":\"https:\/\/www.welovecycling.com\/sk\/2022\/04\/19\/detska-tour-budmerice-preteky-v-anglickom-parku\/#primaryimage\"},\"image\":{\"@id\":\"https:\/\/www.welovecycling.com\/sk\/2022\/04\/19\/detska-tour-budmerice-preteky-v-anglickom-parku\/#primaryimage\"},\"thumbnailUrl\":\"https:\/\/d2p6e6u75xmxt8.cloudfront.net\/4\/2022\/04\/DTPS_Budmerice_00.JPG.webp\",\"datePublished\":\"2022-04-19T09:00:38+00:00\",\"author\":{\"@id\":\"\"},\"description\":\"Deviaty ro\u010dn\u00edk ob\u013e\u00fabenej s\u00e9rie Detsk\u00e1 tour Petra Sagana od\u0161tartoval minul\u00fd v\u00edkend. Konala sa v\u00a0Budmericiach, neda\u013eeko Mal\u00fdch Karp\u00e1t.\",\"breadcrumb\":{\"@id\":\"https:\/\/www.welovecycling.com\/sk\/2022\/04\/19\/detska-tour-budmerice-preteky-v-anglickom-parku\/#breadcrumb\"},\"inLanguage\":\"sk-SK\",\"potentialAction\":[{\"@type\":\"ReadAction\",\"target\":[\"https:\/\/www.welovecycling.com\/sk\/2022\/04\/19\/detska-tour-budmerice-preteky-v-anglickom-parku\/\"]}]},{\"@type\":\"ImageObject\",\"inLanguage\":\"sk-SK\",\"@id\":\"https:\/\/www.welovecycling.com\/sk\/2022\/04\/19\/detska-tour-budmerice-preteky-v-anglickom-parku\/#primaryimage\",\"url\":\"https:\/\/d2p6e6u75xmxt8.cloudfront.net\/4\/2022\/04\/DTPS_Budmerice_00.JPG.webp\",\"contentUrl\":\"https:\/\/d2p6e6u75xmxt8.cloudfront.net\/4\/2022\/04\/DTPS_Budmerice_00.JPG.webp\",\"width\":1380,\"height\":600},{\"@type\":\"BreadcrumbList\",\"@id\":\"https:\/\/www.welovecycling.com\/sk\/2022\/04\/19\/detska-tour-budmerice-preteky-v-anglickom-parku\/#breadcrumb\",\"itemListElement\":[{\"@type\":\"ListItem\",\"position\":1,\"name\":\"Home\",\"item\":\"https:\/\/www.welovecycling.com\/sk\/\"},{\"@type\":\"ListItem\",\"position\":2,\"name\":\"Detsk\u00e1 tour Budmerice \u2013 preteky v\u00a0anglickom parku\"}]},{\"@type\":\"WebSite\",\"@id\":\"https:\/\/www.welovecycling.com\/sk\/#website\",\"url\":\"https:\/\/www.welovecycling.com\/sk\/\",\"name\":\"\u0160koda We Love Cycling Slovensko\",\"description\":\"\u0160koda We Love Cycling Slovensko je v\u00e1\u0161 ka\u017edodenn\u00fd zdroj noviniek a in\u0161pir\u00e1cie z sveta cyklistiky\",\"potentialAction\":[{\"@type\":\"SearchAction\",\"target\":{\"@type\":\"EntryPoint\",\"urlTemplate\":\"https:\/\/www.welovecycling.com\/sk\/?s={search_term_string}\"},\"query-input\":{\"@type\":\"PropertyValueSpecification\",\"valueRequired\":true,\"valueName\":\"search_term_string\"}}],\"inLanguage\":\"sk-SK\"},{\"@type\":\"Person\",\"@id\":\"\",\"url\":\"https:\/\/www.welovecycling.com\/sk\/author\/\"}]}<\/script>\n<!-- \/ Yoast SEO Premium plugin. -->","yoast_head_json":{"title":"Detsk\u00e1 tour Budmerice \u2013 preteky v\u00a0anglickom parku - \u0160koda We Love Cycling Slovensko","description":"Deviaty ro\u010dn\u00edk ob\u013e\u00fabenej s\u00e9rie Detsk\u00e1 tour Petra Sagana od\u0161tartoval minul\u00fd v\u00edkend. Konala sa v\u00a0Budmericiach, neda\u013eeko Mal\u00fdch Karp\u00e1t.","robots":{"index":"index","follow":"follow","max-snippet":"max-snippet:-1","max-image-preview":"max-image-preview:large","max-video-preview":"max-video-preview:-1"},"canonical":"https:\/\/www.welovecycling.com\/sk\/2022\/04\/19\/detska-tour-budmerice-preteky-v-anglickom-parku\/","og_locale":"sk_SK","og_type":"article","og_title":"Detsk\u00e1 tour Budmerice \u2013 preteky v\u00a0anglickom parku","og_description":"Deviaty ro\u010dn\u00edk ob\u013e\u00fabenej s\u00e9rie Detsk\u00e1 tour Petra Sagana od\u0161tartoval minul\u00fd v\u00edkend. Konala sa v\u00a0Budmericiach, neda\u013eeko Mal\u00fdch Karp\u00e1t.","og_url":"https:\/\/www.welovecycling.com\/sk\/2022\/04\/19\/detska-tour-budmerice-preteky-v-anglickom-parku\/","og_site_name":"\u0160koda We Love Cycling Slovensko","article_published_time":"2022-04-19T09:00:38+00:00","og_image":[{"width":1380,"height":600,"url":"https:\/\/d2p6e6u75xmxt8.cloudfront.net\/4\/2022\/04\/DTPS_Budmerice_00.JPG.webp","type":"image\/webp"}],"twitter_card":"summary_large_image","twitter_misc":{"Written by":"Radovan Vr\u0161ka","Est. reading time":"3"},"schema":{"@context":"https:\/\/schema.org","@graph":[{"@type":"WebPage","@id":"https:\/\/www.welovecycling.com\/sk\/2022\/04\/19\/detska-tour-budmerice-preteky-v-anglickom-parku\/","url":"https:\/\/www.welovecycling.com\/sk\/2022\/04\/19\/detska-tour-budmerice-preteky-v-anglickom-parku\/","name":"Detsk\u00e1 tour Budmerice \u2013 preteky v\u00a0anglickom parku - \u0160koda We Love Cycling Slovensko","isPartOf":{"@id":"https:\/\/www.welovecycling.com\/sk\/#website"},"primaryImageOfPage":{"@id":"https:\/\/www.welovecycling.com\/sk\/2022\/04\/19\/detska-tour-budmerice-preteky-v-anglickom-parku\/#primaryimage"},"image":{"@id":"https:\/\/www.welovecycling.com\/sk\/2022\/04\/19\/detska-tour-budmerice-preteky-v-anglickom-parku\/#primaryimage"},"thumbnailUrl":"https:\/\/d2p6e6u75xmxt8.cloudfront.net\/4\/2022\/04\/DTPS_Budmerice_00.JPG.webp","datePublished":"2022-04-19T09:00:38+00:00","author":{"@id":""},"description":"Deviaty ro\u010dn\u00edk ob\u013e\u00fabenej s\u00e9rie Detsk\u00e1 tour Petra Sagana od\u0161tartoval minul\u00fd v\u00edkend. Konala sa v\u00a0Budmericiach, neda\u013eeko Mal\u00fdch Karp\u00e1t.","breadcrumb":{"@id":"https:\/\/www.welovecycling.com\/sk\/2022\/04\/19\/detska-tour-budmerice-preteky-v-anglickom-parku\/#breadcrumb"},"inLanguage":"sk-SK","potentialAction":[{"@type":"ReadAction","target":["https:\/\/www.welovecycling.com\/sk\/2022\/04\/19\/detska-tour-budmerice-preteky-v-anglickom-parku\/"]}]},{"@type":"ImageObject","inLanguage":"sk-SK","@id":"https:\/\/www.welovecycling.com\/sk\/2022\/04\/19\/detska-tour-budmerice-preteky-v-anglickom-parku\/#primaryimage","url":"https:\/\/d2p6e6u75xmxt8.cloudfront.net\/4\/2022\/04\/DTPS_Budmerice_00.JPG.webp","contentUrl":"https:\/\/d2p6e6u75xmxt8.cloudfront.net\/4\/2022\/04\/DTPS_Budmerice_00.JPG.webp","width":1380,"height":600},{"@type":"BreadcrumbList","@id":"https:\/\/www.welovecycling.com\/sk\/2022\/04\/19\/detska-tour-budmerice-preteky-v-anglickom-parku\/#breadcrumb","itemListElement":[{"@type":"ListItem","position":1,"name":"Home","item":"https:\/\/www.welovecycling.com\/sk\/"},{"@type":"ListItem","position":2,"name":"Detsk\u00e1 tour Budmerice \u2013 preteky v\u00a0anglickom parku"}]},{"@type":"WebSite","@id":"https:\/\/www.welovecycling.com\/sk\/#website","url":"https:\/\/www.welovecycling.com\/sk\/","name":"\u0160koda We Love Cycling Slovensko","description":"\u0160koda We Love Cycling Slovensko je v\u00e1\u0161 ka\u017edodenn\u00fd zdroj noviniek a in\u0161pir\u00e1cie z sveta cyklistiky","potentialAction":[{"@type":"SearchAction","target":{"@type":"EntryPoint","urlTemplate":"https:\/\/www.welovecycling.com\/sk\/?s={search_term_string}"},"query-input":{"@type":"PropertyValueSpecification","valueRequired":true,"valueName":"search_term_string"}}],"inLanguage":"sk-SK"},{"@type":"Person","@id":"","url":"https:\/\/www.welovecycling.com\/sk\/author\/"}]}},"_links":{"self":[{"href":"https:\/\/www.welovecycling.com\/sk\/wp-json\/wp\/v2\/posts\/14208","targetHints":{"allow":["GET"]}}],"collection":[{"href":"https:\/\/www.welovecycling.com\/sk\/wp-json\/wp\/v2\/posts"}],"about":[{"href":"https:\/\/www.welovecycling.com\/sk\/wp-json\/wp\/v2\/types\/post"}],"author":[{"embeddable":true,"href":"https:\/\/www.welovecycling.com\/sk\/wp-json\/wp\/v2\/users\/81"}],"replies":[{"embeddable":true,"href":"https:\/\/www.welovecycling.com\/sk\/wp-json\/wp\/v2\/comments?post=14208"}],"version-history":[{"count":2,"href":"https:\/\/www.welovecycling.com\/sk\/wp-json\/wp\/v2\/posts\/14208\/revisions"}],"predecessor-version":[{"id":14219,"href":"https:\/\/www.welovecycling.com\/sk\/wp-json\/wp\/v2\/posts\/14208\/revisions\/14219"}],"wp:featuredmedia":[{"embeddable":true,"href":"https:\/\/www.welovecycling.com\/sk\/wp-json\/wp\/v2\/media\/14213"}],"wp:attachment":[{"href":"https:\/\/www.welovecycling.com\/sk\/wp-json\/wp\/v2\/media?parent=14208"}],"wp:term":[{"taxonomy":"category","embeddable":true,"href":"https:\/\/www.welovecycling.com\/sk\/wp-json\/wp\/v2\/categories?post=14208"},{"taxonomy":"post_tag","embeddable":true,"href":"https:\/\/www.welovecycling.com\/sk\/wp-json\/wp\/v2\/tags?post=14208"},{"taxonomy":"global-categories","embeddable":true,"href":"https:\/\/www.welovecycling.com\/sk\/wp-json\/wp\/v2\/global-categories?post=14208"}],"curies":[{"name":"wp","href":"https:\/\/api.w.org\/{rel}","templated":true}]}}