{"id":14200,"date":"2022-04-22T10:00:48","date_gmt":"2022-04-22T08:00:48","guid":{"rendered":"https:\/\/www.welovecycling.com\/sk\/?p=14200"},"modified":"2023-10-02T15:04:43","modified_gmt":"2023-10-02T13:04:43","slug":"ako-vybrat-spravne-detsku-cyklisticku-prilbu","status":"publish","type":"post","link":"https:\/\/www.welovecycling.com\/sk\/2022\/04\/22\/ako-vybrat-spravne-detsku-cyklisticku-prilbu\/","title":{"rendered":"Ako spr\u00e1vne vybra\u0165 detsk\u00fa cyklistick\u00fa prilbu"},"content":{"rendered":"<p><strong>Prilba je d\u00f4le\u017eitou s\u00fa\u010das\u0165ou v\u00fdbavy pri jazde na bicykli a to ist\u00e9 plat\u00ed, samozrejme, aj v pr\u00edpade na\u0161ich det\u00ed. Cyklistick\u00e1 prilba je k\u013e\u00fa\u010dov\u00e1 pre ich bezpe\u010dnos\u0165, preto\u017ee bud\u00fa pravdepodobne n\u00e1chyln\u00ed na p\u00e1dy na za\u010diatku svojej cesty bicyklovania. Aj ke\u010f prilbu by samozrejme mali nosi\u0165 neust\u00e1le po\u010das bicyklovania.<\/strong><\/p>\n<p><!--more--><\/p>\n<p>\u010eal\u0161\u00edm d\u00f4le\u017eit\u00fdm faktorom, ktor\u00fd si treba zapam\u00e4ta\u0165 je, \u017ee prilba nebude vykon\u00e1va\u0165 svoju funkciu spr\u00e1vne, ak nebude spr\u00e1vne sedie\u0165 alebo ak nie je spr\u00e1vne umiestnen\u00e1 na hlave. Preto postupujte pod\u013ea na\u0161ich <strong>jednoduch\u00fdch krokov, ako zadov\u00e1\u017ei\u0165 spr\u00e1vnu prilbu pre va\u0161e die\u0165a<\/strong>.<\/p>\n<p>Aby ste sa uistili, \u017ee dobre sed\u00ed, mus\u00edte zmera\u0165 hlavu v\u00e1\u0161ho die\u0165a\u0165a. Prilby nie s\u00fa ako detsk\u00e9 oble\u010denie, ktor\u00e9 by ste im mohli k\u00fapi\u0165 o trochu v\u00e4\u010d\u0161ie, s t\u00fdm, \u017ee do nich dorast\u00fa. <strong>Prilba by mala dobre sedie\u0165 v\u017edy, ke\u010f si ju nasadia na hlavu.<\/strong><\/p>\n<figure id=\"attachment_14201\" aria-describedby=\"caption-attachment-14201\" style=\"width: 1000px\" class=\"wp-caption alignnone\"><a href=\"https:\/\/d2p6e6u75xmxt8.cloudfront.net\/4\/2022\/04\/Girl-on-a-bicycle-profimedia-0490672200.jpg\"><img loading=\"lazy\" decoding=\"async\" class=\"wp-image-14201 size-full\" src=\"https:\/\/d2p6e6u75xmxt8.cloudfront.net\/4\/2022\/04\/Girl-on-a-bicycle-profimedia-0490672200.jpg\" alt=\"A girl on a bicycle\" width=\"1000\" height=\"562\" \/><\/a><figcaption id=\"caption-attachment-14201\" class=\"wp-caption-text\">Prilba je k\u013e\u00fa\u010dov\u00e1 pre bezpe\u010dnos\u0165 v\u00e1\u0161ho die\u0165a\u0165a na dvoch koles\u00e1ch. \u00a9 Profimedia<\/figcaption><\/figure>\n<h2><strong>\u010co budete potrebova\u0165<\/strong><\/h2>\n<ul>\n<li>Die\u0165a<\/li>\n<li>Meter (alebo alternat\u00edvne: k\u00fasok \u0161n\u00farky, pero\/ceruzku a prav\u00edtko)<\/li>\n<\/ul>\n<h2><strong>In\u0161trukcie<\/strong><\/h2>\n<p>1. Omotajte meter alebo \u0161n\u00farku okolo hlavy die\u0165a\u0165a tesne nad obo\u010d\u00edm \u2013 pribli\u017ene na \u0161\u00edrku 1-2 prstov dospel\u00e9ho \u2013 a u\u0161ami.<\/p>\n<p>2. Ak pou\u017e\u00edvate \u0161n\u00farku: obto\u010dte mu ju okolo hlavy, ozna\u010dte miesto, kde sa \u0161n\u00farka stret\u00e1va s druhou stranou, a odmerajte ho pod\u013ea prav\u00edtka.<\/p>\n<p>3. Pou\u017eite toto meranie na informovanie sa o k\u00fape prilby. V popise produktu n\u00e1jdete rozsah ve\u013ekost\u00ed konkr\u00e9tnej prilby, napr. 52 a\u017e 57 cm.<\/p>\n<p>4. Proces nieko\u013ekokr\u00e1t zopakujte, aby ste sa uistili, \u017ee m\u00e1te presn\u00e9 meranie.<\/p>\n<p>5. Nasa\u010fte prilbu na hlavu die\u0165a\u0165a tak, aby sedela naplocho. Mala by by\u0165 tesne nad obo\u010d\u00edm, a mala by zakr\u00fdva\u0165 \u010delo, aby boli dostato\u010dne chr\u00e1nen\u00e9 a nebr\u00e1nila im vo v\u00fdh\u013eade.<\/p>\n<p>6. Univerz\u00e1lne prilby bud\u00fa ma\u0165 vzadu koliesko na nastavenie tesnosti. Toto by sa malo vykona\u0165 pred upevnen\u00edm remienka na bradu. Alternat\u00edvne, ak nie je k dispoz\u00edcii \u017eiadne u\u0165ahovacie koliesko, prilba m\u00f4\u017ee ma\u0165 r\u00f4zne ve\u013ek\u00e9 vypch\u00e1vky, ktor\u00e9 je mo\u017en\u00e9 vo vn\u00fatri meni\u0165. Prilba by mala by\u0165 dostato\u010dne tesn\u00e1, aby nespadla, ke\u010f die\u0165a potrasie hlavou, ale dostato\u010dne vo\u013en\u00e1, aby nevyv\u00edjala tlak.<\/p>\n<p>7. Zapnite podbradn\u00e9 remienky. Mali by le\u017ea\u0165 naplocho na hlave die\u0165a\u0165a, s \u201eY\u201c na ka\u017edom u\u0161nom laloku (pokia\u013e nie s\u00fa zo\u0161it\u00e9).<\/p>\n<p>8. Remienky by mali by\u0165 pohodlne zapnut\u00e9, aby ste medzi sponu a bradu e\u0161te zmestili jeden prst.<\/p>\n<p>9. Napnutie m\u00f4\u017eete skontrolova\u0165 tak, \u017ee po\u017eiadate die\u0165a, aby otvorilo \u00fasta, a vy by ste mali vidie\u0165, \u017ee prilba sa vidite\u013ene \u0165ah\u00e1 nadol.<\/p>\n<div class=\"shortcode-ys-post-pinup\"><article class=\"loop-simple post-12866 post type-post status-publish format-standard has-post-thumbnail hentry category-deti-na-bicykloch tag-deti tag-deti-na-bicykli tag-detske-bicykle tag-horsky-bicykel tag-prvy-bicykel tag-triban-100 tag-woom-2-starter\" data-postid=\"12866\" role=\"article\" data-post-id=\"12866\" data-word-count=\"330\" data-headline-length=\"56\" data-category=\"Deti na bicykloch\" data-author=\"Siegfried Mortkowitz\" data-published=\"2021-09-13T10:00:15+02:00\" data-published-day=\"Monday\">\n    <div class=\"entry-thumbnail article-thumbnail\" content=\"https:\/\/d2p6e6u75xmxt8.cloudfront.net\/4\/2021\/09\/Kid-on-a-bike-profimedia-0628057318-CVR-150x150.webp\"><a href=\"https:\/\/www.welovecycling.com\/sk\/2021\/09\/13\/nakup-prveho-alebo-druheho-bicykla-pre-vase-dieta\/\" class=\"image-holder\" target=\"_self\"><img decoding=\"async\" loading=\"lazy\" class=\"\" src=\"https:\/\/d2p6e6u75xmxt8.cloudfront.net\/4\/2021\/09\/Kid-on-a-bike-profimedia-0628057318-CVR-1024x450.webp\" srcset=\"https:\/\/d2p6e6u75xmxt8.cloudfront.net\/4\/2021\/09\/Kid-on-a-bike-profimedia-0628057318-CVR.webp 1366w, https:\/\/d2p6e6u75xmxt8.cloudfront.net\/4\/2021\/09\/Kid-on-a-bike-profimedia-0628057318-CVR-300x132.webp 300w, https:\/\/d2p6e6u75xmxt8.cloudfront.net\/4\/2021\/09\/Kid-on-a-bike-profimedia-0628057318-CVR-1024x450.webp 1024w, https:\/\/d2p6e6u75xmxt8.cloudfront.net\/4\/2021\/09\/Kid-on-a-bike-profimedia-0628057318-CVR-768x337.webp 768w\" width=\"1024\" height=\"450\" sizes=\"auto, (min-width: 1200px) 456px, (min-width: 768px) 38vw, 100vw\" alt=\"nakup-prveho-alebo-druheho-bicykla-pre-vase-dieta\"\/><\/a><\/div>    <div class=\"entry-meta\">\n        <a class=\"label label-secondary post-category\" href=\"https:\/\/www.welovecycling.com\/sk\/category\/deti-na-bicykloch\/\" title=\"Deti na bicykloch\">Deti na bicykloch<\/a>\n    <\/div>\n    <div class=\"entry-details\">\n        <a href=\"https:\/\/www.welovecycling.com\/sk\/2021\/09\/13\/nakup-prveho-alebo-druheho-bicykla-pre-vase-dieta\/\" class='entry-title-wrapper'>\n            <h3 class=\"entry-title\"><span>N\u00e1kup prv\u00e9ho (alebo druh\u00e9ho) bicykla pre va\u0161e die\u0165a<\/span><\/h3>\n        <\/a>\n    <\/div>\n    <\/article>\n<\/div>\n<h2><strong>Tipy<\/strong><\/h2>\n<ul>\n<li>Dlh\u00e9 vlasy by ste mali nosi\u0165 na spodnej \u010dasti krku, aby prilba dobre sedela.<\/li>\n<li>S prilbami by ste sa mali vyhn\u00fa\u0165 hrub\u00fdm alebo vlnen\u00fdm \u010diapkam, preto\u017ee to m\u00f4\u017ee ovplyvni\u0165 ich \u00fa\u010dinnos\u0165. Existuj\u00fa alternat\u00edvne termo vlo\u017eky vyroben\u00e9 v detsk\u00fdch ve\u013ekostiach, ktor\u00e9 dok\u00e1\u017eu udr\u017ea\u0165 teplo.<\/li>\n<li>Zaka\u017ed\u00fdm skontrolujte, \u010di prilba dobre sed\u00ed. Do prilby nie je \u017eiadne \u201erastie&#8220;, mala by v\u017edy dobre sedie\u0165 a pod\u013ea potreby sa prisp\u00f4sobi\u0165. Mo\u017eno budete musie\u0165 premera\u0165 ich hlavu a k\u00fapi\u0165 nov\u00fa prilbu, ke\u010f vyrast\u00fa.<\/li>\n<li>Nekupujte z druhej ruky. Po\u0161koden\u00e1 prilba bude hrozba z h\u013eadiska bezpe\u010dnosti a nie je to nie\u010do, \u010do sa d\u00e1 v\u017edy zisti\u0165 len pri poh\u013eade na \u0148u.<\/li>\n<li>Ak m\u00e1 va\u0161e die\u0165a nehodu, mali by ste prilbu vymeni\u0165. Niektor\u00e9 spolo\u010dnosti dokonca pon\u00fakaj\u00fa z\u013eavu na v\u00fdmenu pri n\u00e1raze.<\/li>\n<\/ul>\n<p><strong>\u0160\u0165astn\u00fa cyklistiku!<\/strong><\/p>\n","protected":false},"excerpt":{"rendered":"<p>Prilba je d\u00f4le\u017eitou s\u00fa\u010das\u0165ou v\u00fdbavy pri jazde na bicykli a to ist\u00e9 plat\u00ed, samozrejme, aj v pr\u00edpade na\u0161ich det\u00ed. Cyklistick\u00e1 [&hellip;]<\/p>\n","protected":false},"author":166,"featured_media":14203,"comment_status":"open","ping_status":"open","sticky":false,"template":"","format":"standard","meta":{"footnotes":""},"categories":[51],"tags":[1294,62,507,53,1386,215,264],"global-categories":[],"class_list":["post-14200","post","type-post","status-publish","format-standard","has-post-thumbnail","hentry","category-deti-na-bicykloch","tag-bezpecna-jazda","tag-bezpecnost","tag-cyklorodinka","tag-deti","tag-deti-na-bicykli","tag-nakupny-poradca","tag-prilba"],"yoast_head":"<!-- This site is optimized with the Yoast SEO Premium plugin v25.3 (Yoast SEO v25.9) - https:\/\/yoast.com\/wordpress\/plugins\/seo\/ -->\n<title>Ako spr\u00e1vne vybra\u0165 detsk\u00fa cyklistick\u00fa prilbu - \u0160koda We Love Cycling Slovensko<\/title>\n<meta name=\"description\" content=\"Prilba je d\u00f4le\u017eitou s\u00fa\u010das\u0165ou v\u00fdbavy pri jazde na bicykli a to ist\u00e9 plat\u00ed, samozrejme, aj v pr\u00edpade na\u0161ich det\u00ed.\" \/>\n<meta name=\"robots\" content=\"index, follow, max-snippet:-1, max-image-preview:large, max-video-preview:-1\" \/>\n<link rel=\"canonical\" href=\"https:\/\/www.welovecycling.com\/sk\/2022\/04\/22\/ako-vybrat-spravne-detsku-cyklisticku-prilbu\/\" \/>\n<meta property=\"og:locale\" content=\"sk_SK\" \/>\n<meta property=\"og:type\" content=\"article\" \/>\n<meta property=\"og:title\" content=\"Ako spr\u00e1vne vybra\u0165 detsk\u00fa cyklistick\u00fa prilbu\" \/>\n<meta property=\"og:description\" content=\"Prilba je d\u00f4le\u017eitou s\u00fa\u010das\u0165ou v\u00fdbavy pri jazde na bicykli a to ist\u00e9 plat\u00ed, samozrejme, aj v pr\u00edpade na\u0161ich det\u00ed.\" \/>\n<meta property=\"og:url\" content=\"https:\/\/www.welovecycling.com\/sk\/2022\/04\/22\/ako-vybrat-spravne-detsku-cyklisticku-prilbu\/\" \/>\n<meta property=\"og:site_name\" content=\"\u0160koda We Love Cycling Slovensko\" \/>\n<meta property=\"article:published_time\" content=\"2022-04-22T08:00:48+00:00\" \/>\n<meta property=\"article:modified_time\" content=\"2023-10-02T13:04:43+00:00\" \/>\n<meta property=\"og:image\" content=\"https:\/\/d2p6e6u75xmxt8.cloudfront.net\/4\/2022\/04\/Child-with-a-bike-profimedia-0642148384-CVR.webp\" \/>\n\t<meta property=\"og:image:width\" content=\"1366\" \/>\n\t<meta property=\"og:image:height\" content=\"600\" \/>\n\t<meta property=\"og:image:type\" content=\"image\/webp\" \/>\n<meta name=\"author\" content=\"davidlysnar\" \/>\n<meta name=\"twitter:card\" content=\"summary_large_image\" \/>\n<meta name=\"twitter:label1\" content=\"Written by\" \/>\n\t<meta name=\"twitter:data1\" content=\"Siegfried Mortkowitz\" \/>\n\t<meta name=\"twitter:label2\" content=\"Est. reading time\" \/>\n\t<meta name=\"twitter:data2\" content=\"5\" \/>\n<script type=\"application\/ld+json\" class=\"yoast-schema-graph\">{\"@context\":\"https:\/\/schema.org\",\"@graph\":[{\"@type\":\"WebPage\",\"@id\":\"https:\/\/www.welovecycling.com\/sk\/2022\/04\/22\/ako-vybrat-spravne-detsku-cyklisticku-prilbu\/\",\"url\":\"https:\/\/www.welovecycling.com\/sk\/2022\/04\/22\/ako-vybrat-spravne-detsku-cyklisticku-prilbu\/\",\"name\":\"Ako spr\u00e1vne vybra\u0165 detsk\u00fa cyklistick\u00fa prilbu - \u0160koda We Love Cycling Slovensko\",\"isPartOf\":{\"@id\":\"https:\/\/www.welovecycling.com\/sk\/#website\"},\"primaryImageOfPage\":{\"@id\":\"https:\/\/www.welovecycling.com\/sk\/2022\/04\/22\/ako-vybrat-spravne-detsku-cyklisticku-prilbu\/#primaryimage\"},\"image\":{\"@id\":\"https:\/\/www.welovecycling.com\/sk\/2022\/04\/22\/ako-vybrat-spravne-detsku-cyklisticku-prilbu\/#primaryimage\"},\"thumbnailUrl\":\"https:\/\/d2p6e6u75xmxt8.cloudfront.net\/4\/2022\/04\/Child-with-a-bike-profimedia-0642148384-CVR.webp\",\"datePublished\":\"2022-04-22T08:00:48+00:00\",\"dateModified\":\"2023-10-02T13:04:43+00:00\",\"author\":{\"@id\":\"https:\/\/www.welovecycling.com\/sk\/#\/schema\/person\/5df994e9ebcd794daf3f66c90df416ae\"},\"description\":\"Prilba je d\u00f4le\u017eitou s\u00fa\u010das\u0165ou v\u00fdbavy pri jazde na bicykli a to ist\u00e9 plat\u00ed, samozrejme, aj v pr\u00edpade na\u0161ich det\u00ed.\",\"breadcrumb\":{\"@id\":\"https:\/\/www.welovecycling.com\/sk\/2022\/04\/22\/ako-vybrat-spravne-detsku-cyklisticku-prilbu\/#breadcrumb\"},\"inLanguage\":\"sk-SK\",\"potentialAction\":[{\"@type\":\"ReadAction\",\"target\":[\"https:\/\/www.welovecycling.com\/sk\/2022\/04\/22\/ako-vybrat-spravne-detsku-cyklisticku-prilbu\/\"]}]},{\"@type\":\"ImageObject\",\"inLanguage\":\"sk-SK\",\"@id\":\"https:\/\/www.welovecycling.com\/sk\/2022\/04\/22\/ako-vybrat-spravne-detsku-cyklisticku-prilbu\/#primaryimage\",\"url\":\"https:\/\/d2p6e6u75xmxt8.cloudfront.net\/4\/2022\/04\/Child-with-a-bike-profimedia-0642148384-CVR.webp\",\"contentUrl\":\"https:\/\/d2p6e6u75xmxt8.cloudfront.net\/4\/2022\/04\/Child-with-a-bike-profimedia-0642148384-CVR.webp\",\"width\":1366,\"height\":600,\"caption\":\"Child with a bicycle\"},{\"@type\":\"BreadcrumbList\",\"@id\":\"https:\/\/www.welovecycling.com\/sk\/2022\/04\/22\/ako-vybrat-spravne-detsku-cyklisticku-prilbu\/#breadcrumb\",\"itemListElement\":[{\"@type\":\"ListItem\",\"position\":1,\"name\":\"Home\",\"item\":\"https:\/\/www.welovecycling.com\/sk\/\"},{\"@type\":\"ListItem\",\"position\":2,\"name\":\"Ako spr\u00e1vne vybra\u0165 detsk\u00fa cyklistick\u00fa prilbu\"}]},{\"@type\":\"WebSite\",\"@id\":\"https:\/\/www.welovecycling.com\/sk\/#website\",\"url\":\"https:\/\/www.welovecycling.com\/sk\/\",\"name\":\"\u0160koda We Love Cycling Slovensko\",\"description\":\"\u0160koda We Love Cycling Slovensko je v\u00e1\u0161 ka\u017edodenn\u00fd zdroj noviniek a in\u0161pir\u00e1cie z sveta cyklistiky\",\"potentialAction\":[{\"@type\":\"SearchAction\",\"target\":{\"@type\":\"EntryPoint\",\"urlTemplate\":\"https:\/\/www.welovecycling.com\/sk\/?s={search_term_string}\"},\"query-input\":{\"@type\":\"PropertyValueSpecification\",\"valueRequired\":true,\"valueName\":\"search_term_string\"}}],\"inLanguage\":\"sk-SK\"},{\"@type\":\"Person\",\"@id\":\"https:\/\/www.welovecycling.com\/sk\/#\/schema\/person\/5df994e9ebcd794daf3f66c90df416ae\",\"name\":\"davidlysnar\",\"image\":{\"@type\":\"ImageObject\",\"inLanguage\":\"sk-SK\",\"@id\":\"https:\/\/www.welovecycling.com\/sk\/#\/schema\/person\/image\/\",\"url\":\"https:\/\/secure.gravatar.com\/avatar\/a7bdd3523c15587fa90134724116797f20b7bb896bbe16df3c6f27853de0b36f?s=96&d=mm&r=g\",\"contentUrl\":\"https:\/\/secure.gravatar.com\/avatar\/a7bdd3523c15587fa90134724116797f20b7bb896bbe16df3c6f27853de0b36f?s=96&d=mm&r=g\",\"caption\":\"davidlysnar\"},\"url\":\"https:\/\/www.welovecycling.com\/sk\/author\/davidlysnar\/\"}]}<\/script>\n<!-- \/ Yoast SEO Premium plugin. -->","yoast_head_json":{"title":"Ako spr\u00e1vne vybra\u0165 detsk\u00fa cyklistick\u00fa prilbu - \u0160koda We Love Cycling Slovensko","description":"Prilba je d\u00f4le\u017eitou s\u00fa\u010das\u0165ou v\u00fdbavy pri jazde na bicykli a to ist\u00e9 plat\u00ed, samozrejme, aj v pr\u00edpade na\u0161ich det\u00ed.","robots":{"index":"index","follow":"follow","max-snippet":"max-snippet:-1","max-image-preview":"max-image-preview:large","max-video-preview":"max-video-preview:-1"},"canonical":"https:\/\/www.welovecycling.com\/sk\/2022\/04\/22\/ako-vybrat-spravne-detsku-cyklisticku-prilbu\/","og_locale":"sk_SK","og_type":"article","og_title":"Ako spr\u00e1vne vybra\u0165 detsk\u00fa cyklistick\u00fa prilbu","og_description":"Prilba je d\u00f4le\u017eitou s\u00fa\u010das\u0165ou v\u00fdbavy pri jazde na bicykli a to ist\u00e9 plat\u00ed, samozrejme, aj v pr\u00edpade na\u0161ich det\u00ed.","og_url":"https:\/\/www.welovecycling.com\/sk\/2022\/04\/22\/ako-vybrat-spravne-detsku-cyklisticku-prilbu\/","og_site_name":"\u0160koda We Love Cycling Slovensko","article_published_time":"2022-04-22T08:00:48+00:00","article_modified_time":"2023-10-02T13:04:43+00:00","og_image":[{"width":1366,"height":600,"url":"https:\/\/d2p6e6u75xmxt8.cloudfront.net\/4\/2022\/04\/Child-with-a-bike-profimedia-0642148384-CVR.webp","type":"image\/webp"}],"author":"davidlysnar","twitter_card":"summary_large_image","twitter_misc":{"Written by":"Siegfried Mortkowitz","Est. reading time":"5"},"schema":{"@context":"https:\/\/schema.org","@graph":[{"@type":"WebPage","@id":"https:\/\/www.welovecycling.com\/sk\/2022\/04\/22\/ako-vybrat-spravne-detsku-cyklisticku-prilbu\/","url":"https:\/\/www.welovecycling.com\/sk\/2022\/04\/22\/ako-vybrat-spravne-detsku-cyklisticku-prilbu\/","name":"Ako spr\u00e1vne vybra\u0165 detsk\u00fa cyklistick\u00fa prilbu - \u0160koda We Love Cycling Slovensko","isPartOf":{"@id":"https:\/\/www.welovecycling.com\/sk\/#website"},"primaryImageOfPage":{"@id":"https:\/\/www.welovecycling.com\/sk\/2022\/04\/22\/ako-vybrat-spravne-detsku-cyklisticku-prilbu\/#primaryimage"},"image":{"@id":"https:\/\/www.welovecycling.com\/sk\/2022\/04\/22\/ako-vybrat-spravne-detsku-cyklisticku-prilbu\/#primaryimage"},"thumbnailUrl":"https:\/\/d2p6e6u75xmxt8.cloudfront.net\/4\/2022\/04\/Child-with-a-bike-profimedia-0642148384-CVR.webp","datePublished":"2022-04-22T08:00:48+00:00","dateModified":"2023-10-02T13:04:43+00:00","author":{"@id":"https:\/\/www.welovecycling.com\/sk\/#\/schema\/person\/5df994e9ebcd794daf3f66c90df416ae"},"description":"Prilba je d\u00f4le\u017eitou s\u00fa\u010das\u0165ou v\u00fdbavy pri jazde na bicykli a to ist\u00e9 plat\u00ed, samozrejme, aj v pr\u00edpade na\u0161ich det\u00ed.","breadcrumb":{"@id":"https:\/\/www.welovecycling.com\/sk\/2022\/04\/22\/ako-vybrat-spravne-detsku-cyklisticku-prilbu\/#breadcrumb"},"inLanguage":"sk-SK","potentialAction":[{"@type":"ReadAction","target":["https:\/\/www.welovecycling.com\/sk\/2022\/04\/22\/ako-vybrat-spravne-detsku-cyklisticku-prilbu\/"]}]},{"@type":"ImageObject","inLanguage":"sk-SK","@id":"https:\/\/www.welovecycling.com\/sk\/2022\/04\/22\/ako-vybrat-spravne-detsku-cyklisticku-prilbu\/#primaryimage","url":"https:\/\/d2p6e6u75xmxt8.cloudfront.net\/4\/2022\/04\/Child-with-a-bike-profimedia-0642148384-CVR.webp","contentUrl":"https:\/\/d2p6e6u75xmxt8.cloudfront.net\/4\/2022\/04\/Child-with-a-bike-profimedia-0642148384-CVR.webp","width":1366,"height":600,"caption":"Child with a bicycle"},{"@type":"BreadcrumbList","@id":"https:\/\/www.welovecycling.com\/sk\/2022\/04\/22\/ako-vybrat-spravne-detsku-cyklisticku-prilbu\/#breadcrumb","itemListElement":[{"@type":"ListItem","position":1,"name":"Home","item":"https:\/\/www.welovecycling.com\/sk\/"},{"@type":"ListItem","position":2,"name":"Ako spr\u00e1vne vybra\u0165 detsk\u00fa cyklistick\u00fa prilbu"}]},{"@type":"WebSite","@id":"https:\/\/www.welovecycling.com\/sk\/#website","url":"https:\/\/www.welovecycling.com\/sk\/","name":"\u0160koda We Love Cycling Slovensko","description":"\u0160koda We Love Cycling Slovensko je v\u00e1\u0161 ka\u017edodenn\u00fd zdroj noviniek a in\u0161pir\u00e1cie z sveta cyklistiky","potentialAction":[{"@type":"SearchAction","target":{"@type":"EntryPoint","urlTemplate":"https:\/\/www.welovecycling.com\/sk\/?s={search_term_string}"},"query-input":{"@type":"PropertyValueSpecification","valueRequired":true,"valueName":"search_term_string"}}],"inLanguage":"sk-SK"},{"@type":"Person","@id":"https:\/\/www.welovecycling.com\/sk\/#\/schema\/person\/5df994e9ebcd794daf3f66c90df416ae","name":"davidlysnar","image":{"@type":"ImageObject","inLanguage":"sk-SK","@id":"https:\/\/www.welovecycling.com\/sk\/#\/schema\/person\/image\/","url":"https:\/\/secure.gravatar.com\/avatar\/a7bdd3523c15587fa90134724116797f20b7bb896bbe16df3c6f27853de0b36f?s=96&d=mm&r=g","contentUrl":"https:\/\/secure.gravatar.com\/avatar\/a7bdd3523c15587fa90134724116797f20b7bb896bbe16df3c6f27853de0b36f?s=96&d=mm&r=g","caption":"davidlysnar"},"url":"https:\/\/www.welovecycling.com\/sk\/author\/davidlysnar\/"}]}},"_links":{"self":[{"href":"https:\/\/www.welovecycling.com\/sk\/wp-json\/wp\/v2\/posts\/14200","targetHints":{"allow":["GET"]}}],"collection":[{"href":"https:\/\/www.welovecycling.com\/sk\/wp-json\/wp\/v2\/posts"}],"about":[{"href":"https:\/\/www.welovecycling.com\/sk\/wp-json\/wp\/v2\/types\/post"}],"author":[{"embeddable":true,"href":"https:\/\/www.welovecycling.com\/sk\/wp-json\/wp\/v2\/users\/166"}],"replies":[{"embeddable":true,"href":"https:\/\/www.welovecycling.com\/sk\/wp-json\/wp\/v2\/comments?post=14200"}],"version-history":[{"count":2,"href":"https:\/\/www.welovecycling.com\/sk\/wp-json\/wp\/v2\/posts\/14200\/revisions"}],"predecessor-version":[{"id":18358,"href":"https:\/\/www.welovecycling.com\/sk\/wp-json\/wp\/v2\/posts\/14200\/revisions\/18358"}],"wp:featuredmedia":[{"embeddable":true,"href":"https:\/\/www.welovecycling.com\/sk\/wp-json\/wp\/v2\/media\/14203"}],"wp:attachment":[{"href":"https:\/\/www.welovecycling.com\/sk\/wp-json\/wp\/v2\/media?parent=14200"}],"wp:term":[{"taxonomy":"category","embeddable":true,"href":"https:\/\/www.welovecycling.com\/sk\/wp-json\/wp\/v2\/categories?post=14200"},{"taxonomy":"post_tag","embeddable":true,"href":"https:\/\/www.welovecycling.com\/sk\/wp-json\/wp\/v2\/tags?post=14200"},{"taxonomy":"global-categories","embeddable":true,"href":"https:\/\/www.welovecycling.com\/sk\/wp-json\/wp\/v2\/global-categories?post=14200"}],"curies":[{"name":"wp","href":"https:\/\/api.w.org\/{rel}","templated":true}]}}