{"id":14171,"date":"2022-04-10T10:00:48","date_gmt":"2022-04-10T08:00:48","guid":{"rendered":"https:\/\/www.welovecycling.com\/sk\/?p=14171"},"modified":"2022-04-09T10:39:31","modified_gmt":"2022-04-09T08:39:31","slug":"detska-tour-petra-sagana-aj-na-novych-miestach","status":"publish","type":"post","link":"https:\/\/www.welovecycling.com\/sk\/2022\/04\/10\/detska-tour-petra-sagana-aj-na-novych-miestach\/","title":{"rendered":"Detsk\u00e1 tour Petra Sagana v roku 2022 aj na nov\u00fdch miestach"},"content":{"rendered":"<p><strong>Detsk\u00e1 tour Petra Sagana vznikla u\u017e v\u00a0roku 2014 a\u00a0odvtedy sa jej z\u00fa\u010dastnilo obrovsk\u00e9 mno\u017estvo pretek\u00e1rov aj fan\u00fa\u0161ikov. Tour sa za ten \u010das konala v 62 lokalit\u00e1ch a\u00a0o\u00a0spoluorganiz\u00e1ciu je ka\u017ed\u00fd rok ve\u013ek\u00fd z\u00e1ujem. Ani tento rok to nebude in\u00e9, tak\u017ee sa m\u00f4\u017eete te\u0161i\u0165 na nov\u00e9 prostredie, zauj\u00edmav\u00e9 miesta a\u00a0technick\u00e9 trate.<\/strong><\/p>\n<p><!--more--><\/p>\n<h2><strong>Anglick\u00fd park a\u00a0honosn\u00fd ka\u0161tie\u013e<\/strong><\/h2>\n<p>Tohtoro\u010dn\u00e1 Detsk\u00e1 tour bude ma\u0165 a\u017e sedem k\u00f4l a\u00a0<strong>za\u010d\u00edname u\u017e\u00a010. apr\u00edla v\u00a0Budmericiach<\/strong>. Zajazd\u00edme si v\u00a0kr\u00e1snom anglickom parku, kam kedysi chodil gr\u00f3f P\u00e1lffy na po\u013eova\u010dky a\u00a0nav\u0161t\u00edvi\u0165 m\u00f4\u017eete aj honosn\u00fd ka\u0161tie\u013e.<\/p>\n<figure id=\"attachment_14188\" aria-describedby=\"caption-attachment-14188\" style=\"width: 1200px\" class=\"wp-caption alignnone\"><a href=\"https:\/\/d2p6e6u75xmxt8.cloudfront.net\/4\/2022\/04\/DTPS2021_Topolcianky-122.jpg\"><img loading=\"lazy\" decoding=\"async\" src=\"https:\/\/d2p6e6u75xmxt8.cloudfront.net\/4\/2022\/04\/DTPS2021_Topolcianky-122.jpg\" alt=\"Detsk\u00e1 tour Petra Sagana\" width=\"1200\" height=\"800\" class=\"size-full wp-image-14188\" \/><\/a><figcaption id=\"caption-attachment-14188\" class=\"wp-caption-text\">Detsk\u00e1 tour Petra Sagana<\/figcaption><\/figure>\n<h2><strong>Nov\u00e9 miesta aj osved\u010den\u00e9 lokality<\/strong><\/h2>\n<p>\u010eal\u0161\u00edm nov\u00fdm miestom bude Martin a\u00a0zauj\u00edmavos\u0165ou bude, \u017ee si pretek\u00e1ri zajazdia priamo na letisku. Svoju premi\u00e9ru bude ma\u0165 aj lesopark v\u00a0meste \u0160a\u013ea, kde sa bude jazdi\u0165 v\u00a0pr\u00edjemnom prostred\u00ed, ved\u013ea rieky V\u00e1h. <\/p>\n<p>Medzi tradi\u010dn\u00e9 miesta patr\u00ed obrovsk\u00fd are\u00e1l X-BIONIC\u00ae SPHERE v\u00a0\u0160amor\u00edne \u010di Dem\u00e4nov\u00e1 Rezort s\u00a0tiahlym a\u00a0technick\u00fdm st\u00fapan\u00edm. A\u00a0viacer\u00ed sa te\u0161ia aj na n\u00e1vrat na tra\u0165 v\u00a0Ko\u0161iciach na Jahodn\u00fa, kde sa po troch rokoch Detsk\u00e1 tour Petra Sagana s\u00a0rados\u0165ou vracia.<\/p>\n<figure id=\"attachment_14175\" aria-describedby=\"caption-attachment-14175\" style=\"width: 1200px\" class=\"wp-caption alignnone\"><a href=\"https:\/\/d2p6e6u75xmxt8.cloudfront.net\/4\/2022\/04\/DTPS_03.jpg\"><img loading=\"lazy\" decoding=\"async\" src=\"https:\/\/d2p6e6u75xmxt8.cloudfront.net\/4\/2022\/04\/DTPS_03.jpg\" alt=\"\" width=\"1200\" height=\"800\" class=\"size-full wp-image-14175\" \/><\/a><figcaption id=\"caption-attachment-14175\" class=\"wp-caption-text\">Detsk\u00e1 tour Petra Sagana<\/figcaption><\/figure>\n<h2><strong>Fin\u00e1le<\/strong><\/h2>\n<p>Fin\u00e1le bude patri\u0165 \u017diline a\u00a0tratiam, na ktor\u00fdch dlh\u00e9 roky tr\u00e9noval aj samotn\u00fd Pe\u0165o Sagan. Nie je preto \u017eiadnym prekvapen\u00edm, \u017ee t\u00e1to lokalita je ve\u013emi ob\u013e\u00faben\u00e1 a\u00a0pravidelne sa jej z\u00fa\u010dast\u0148uje najviac cyklistov a\u00a0fan\u00fa\u0161ikov.<\/p>\n<h2><strong>Kalend\u00e1r pre rok 2022<\/strong><\/h2>\n<p>10. 04. 2022 &#8211; Budmerice<br \/>\n07. 05. 2022 &#8211; Martin<br \/>\n14. 05. 2022 &#8211; Dem\u00e4nov\u00e1<br \/>\n18. 06. 2022 &#8211; \u0160amor\u00edn<br \/>\n26. 06. 2022 &#8211; Ko\u0161ice<br \/>\n27. 08. 2022 &#8211; \u0160a\u013ea<br \/>\n18. 09. 2022 &#8211; \u017dilina<\/p>\n<p><a href=\"https:\/\/d2p6e6u75xmxt8.cloudfront.net\/4\/2022\/04\/DTPS2021_Topolcianky-448.jpg\"><img loading=\"lazy\" decoding=\"async\" src=\"https:\/\/d2p6e6u75xmxt8.cloudfront.net\/4\/2022\/04\/DTPS2021_Topolcianky-448.jpg\" alt=\"\" width=\"1200\" height=\"800\" class=\"alignnone size-full wp-image-14187\" \/><\/a><br \/>\n<strong>Pr\u00ed\u010fte si aj tento rok u\u017ei\u0165 rados\u0165 z\u00a0jazdy a stretnutie s\u00a0priate\u013emi na Detskej Tour Petra Sagana v\u00a0roku 2022.<\/strong> <\/p>\n","protected":false},"excerpt":{"rendered":"<p>Detsk\u00e1 tour Petra Sagana vznikla u\u017e v\u00a0roku 2014 a\u00a0odvtedy sa jej z\u00fa\u010dastnilo obrovsk\u00e9 mno\u017estvo pretek\u00e1rov aj fan\u00fa\u0161ikov. Tour sa za [&hellip;]<\/p>\n","protected":false},"author":81,"featured_media":14174,"comment_status":"open","ping_status":"open","sticky":false,"template":"","format":"standard","meta":{"footnotes":""},"categories":[51],"tags":[53,1386,764,417,875,566,1482,767,46,91,179,509,1483,1411,183,821],"global-categories":[1074],"class_list":["post-14171","post","type-post","status-publish","format-standard","has-post-thumbnail","hentry","category-deti-na-bicykloch","tag-deti","tag-deti-na-bicykli","tag-detska-tour-petra-sagana","tag-jar","tag-kosice","tag-leto","tag-martin","tag-motivacia","tag-peter-sagan","tag-pozvanka","tag-preteky","tag-rodina","tag-sala","tag-sezona-2022","tag-zabava","tag-zilina","global-categories-cycling"],"yoast_head":"<!-- This site is optimized with the Yoast SEO Premium plugin v25.3 (Yoast SEO v25.9) - https:\/\/yoast.com\/wordpress\/plugins\/seo\/ -->\n<title>Detsk\u00e1 tour Petra Sagana v roku 2022 aj na nov\u00fdch miestach - \u0160koda We Love Cycling Slovensko<\/title>\n<meta name=\"description\" content=\"Detsk\u00e1 tour Petra Sagana vznikla u\u017e v\u00a0roku 2014 a\u00a0odvtedy sa jej z\u00fa\u010dastnilo mno\u017estvo pretek\u00e1rov aj fan\u00fa\u0161ikov. Konala sa v 62 lokalit\u00e1ch.\" \/>\n<meta name=\"robots\" content=\"index, follow, max-snippet:-1, max-image-preview:large, max-video-preview:-1\" \/>\n<link rel=\"canonical\" href=\"https:\/\/www.welovecycling.com\/sk\/2022\/04\/10\/detska-tour-petra-sagana-aj-na-novych-miestach\/\" \/>\n<meta property=\"og:locale\" content=\"sk_SK\" \/>\n<meta property=\"og:type\" content=\"article\" \/>\n<meta property=\"og:title\" content=\"Detsk\u00e1 tour Petra Sagana v roku 2022 aj na nov\u00fdch miestach\" \/>\n<meta property=\"og:description\" content=\"Detsk\u00e1 tour Petra Sagana vznikla u\u017e v\u00a0roku 2014 a\u00a0odvtedy sa jej z\u00fa\u010dastnilo mno\u017estvo pretek\u00e1rov aj fan\u00fa\u0161ikov. Konala sa v 62 lokalit\u00e1ch.\" \/>\n<meta property=\"og:url\" content=\"https:\/\/www.welovecycling.com\/sk\/2022\/04\/10\/detska-tour-petra-sagana-aj-na-novych-miestach\/\" \/>\n<meta property=\"og:site_name\" content=\"\u0160koda We Love Cycling Slovensko\" \/>\n<meta property=\"article:published_time\" content=\"2022-04-10T08:00:48+00:00\" \/>\n<meta property=\"og:image\" content=\"https:\/\/d2p6e6u75xmxt8.cloudfront.net\/4\/2022\/04\/DTPS_00.webp\" \/>\n\t<meta property=\"og:image:width\" content=\"1380\" \/>\n\t<meta property=\"og:image:height\" content=\"600\" \/>\n\t<meta property=\"og:image:type\" content=\"image\/webp\" \/>\n<meta name=\"twitter:card\" content=\"summary_large_image\" \/>\n<meta name=\"twitter:label1\" content=\"Written by\" \/>\n\t<meta name=\"twitter:data1\" content=\"Radovan Vr\u0161ka\" \/>\n\t<meta name=\"twitter:label2\" content=\"Est. reading time\" \/>\n\t<meta name=\"twitter:data2\" content=\"3\" \/>\n<script type=\"application\/ld+json\" class=\"yoast-schema-graph\">{\"@context\":\"https:\/\/schema.org\",\"@graph\":[{\"@type\":\"WebPage\",\"@id\":\"https:\/\/www.welovecycling.com\/sk\/2022\/04\/10\/detska-tour-petra-sagana-aj-na-novych-miestach\/\",\"url\":\"https:\/\/www.welovecycling.com\/sk\/2022\/04\/10\/detska-tour-petra-sagana-aj-na-novych-miestach\/\",\"name\":\"Detsk\u00e1 tour Petra Sagana v roku 2022 aj na nov\u00fdch miestach - \u0160koda We Love Cycling Slovensko\",\"isPartOf\":{\"@id\":\"https:\/\/www.welovecycling.com\/sk\/#website\"},\"primaryImageOfPage\":{\"@id\":\"https:\/\/www.welovecycling.com\/sk\/2022\/04\/10\/detska-tour-petra-sagana-aj-na-novych-miestach\/#primaryimage\"},\"image\":{\"@id\":\"https:\/\/www.welovecycling.com\/sk\/2022\/04\/10\/detska-tour-petra-sagana-aj-na-novych-miestach\/#primaryimage\"},\"thumbnailUrl\":\"https:\/\/d2p6e6u75xmxt8.cloudfront.net\/4\/2022\/04\/DTPS_00.webp\",\"datePublished\":\"2022-04-10T08:00:48+00:00\",\"author\":{\"@id\":\"\"},\"description\":\"Detsk\u00e1 tour Petra Sagana vznikla u\u017e v\u00a0roku 2014 a\u00a0odvtedy sa jej z\u00fa\u010dastnilo mno\u017estvo pretek\u00e1rov aj fan\u00fa\u0161ikov. Konala sa v 62 lokalit\u00e1ch.\",\"breadcrumb\":{\"@id\":\"https:\/\/www.welovecycling.com\/sk\/2022\/04\/10\/detska-tour-petra-sagana-aj-na-novych-miestach\/#breadcrumb\"},\"inLanguage\":\"sk-SK\",\"potentialAction\":[{\"@type\":\"ReadAction\",\"target\":[\"https:\/\/www.welovecycling.com\/sk\/2022\/04\/10\/detska-tour-petra-sagana-aj-na-novych-miestach\/\"]}]},{\"@type\":\"ImageObject\",\"inLanguage\":\"sk-SK\",\"@id\":\"https:\/\/www.welovecycling.com\/sk\/2022\/04\/10\/detska-tour-petra-sagana-aj-na-novych-miestach\/#primaryimage\",\"url\":\"https:\/\/d2p6e6u75xmxt8.cloudfront.net\/4\/2022\/04\/DTPS_00.webp\",\"contentUrl\":\"https:\/\/d2p6e6u75xmxt8.cloudfront.net\/4\/2022\/04\/DTPS_00.webp\",\"width\":1380,\"height\":600,\"caption\":\"OLYMPUS DIGITAL CAMERA\"},{\"@type\":\"BreadcrumbList\",\"@id\":\"https:\/\/www.welovecycling.com\/sk\/2022\/04\/10\/detska-tour-petra-sagana-aj-na-novych-miestach\/#breadcrumb\",\"itemListElement\":[{\"@type\":\"ListItem\",\"position\":1,\"name\":\"Home\",\"item\":\"https:\/\/www.welovecycling.com\/sk\/\"},{\"@type\":\"ListItem\",\"position\":2,\"name\":\"Detsk\u00e1 tour Petra Sagana v roku 2022 aj na nov\u00fdch miestach\"}]},{\"@type\":\"WebSite\",\"@id\":\"https:\/\/www.welovecycling.com\/sk\/#website\",\"url\":\"https:\/\/www.welovecycling.com\/sk\/\",\"name\":\"\u0160koda We Love Cycling Slovensko\",\"description\":\"\u0160koda We Love Cycling Slovensko je v\u00e1\u0161 ka\u017edodenn\u00fd zdroj noviniek a in\u0161pir\u00e1cie z sveta cyklistiky\",\"potentialAction\":[{\"@type\":\"SearchAction\",\"target\":{\"@type\":\"EntryPoint\",\"urlTemplate\":\"https:\/\/www.welovecycling.com\/sk\/?s={search_term_string}\"},\"query-input\":{\"@type\":\"PropertyValueSpecification\",\"valueRequired\":true,\"valueName\":\"search_term_string\"}}],\"inLanguage\":\"sk-SK\"},{\"@type\":\"Person\",\"@id\":\"\",\"url\":\"https:\/\/www.welovecycling.com\/sk\/author\/\"}]}<\/script>\n<!-- \/ Yoast SEO Premium plugin. -->","yoast_head_json":{"title":"Detsk\u00e1 tour Petra Sagana v roku 2022 aj na nov\u00fdch miestach - \u0160koda We Love Cycling Slovensko","description":"Detsk\u00e1 tour Petra Sagana vznikla u\u017e v\u00a0roku 2014 a\u00a0odvtedy sa jej z\u00fa\u010dastnilo mno\u017estvo pretek\u00e1rov aj fan\u00fa\u0161ikov. Konala sa v 62 lokalit\u00e1ch.","robots":{"index":"index","follow":"follow","max-snippet":"max-snippet:-1","max-image-preview":"max-image-preview:large","max-video-preview":"max-video-preview:-1"},"canonical":"https:\/\/www.welovecycling.com\/sk\/2022\/04\/10\/detska-tour-petra-sagana-aj-na-novych-miestach\/","og_locale":"sk_SK","og_type":"article","og_title":"Detsk\u00e1 tour Petra Sagana v roku 2022 aj na nov\u00fdch miestach","og_description":"Detsk\u00e1 tour Petra Sagana vznikla u\u017e v\u00a0roku 2014 a\u00a0odvtedy sa jej z\u00fa\u010dastnilo mno\u017estvo pretek\u00e1rov aj fan\u00fa\u0161ikov. Konala sa v 62 lokalit\u00e1ch.","og_url":"https:\/\/www.welovecycling.com\/sk\/2022\/04\/10\/detska-tour-petra-sagana-aj-na-novych-miestach\/","og_site_name":"\u0160koda We Love Cycling Slovensko","article_published_time":"2022-04-10T08:00:48+00:00","og_image":[{"width":1380,"height":600,"url":"https:\/\/d2p6e6u75xmxt8.cloudfront.net\/4\/2022\/04\/DTPS_00.webp","type":"image\/webp"}],"twitter_card":"summary_large_image","twitter_misc":{"Written by":"Radovan Vr\u0161ka","Est. reading time":"3"},"schema":{"@context":"https:\/\/schema.org","@graph":[{"@type":"WebPage","@id":"https:\/\/www.welovecycling.com\/sk\/2022\/04\/10\/detska-tour-petra-sagana-aj-na-novych-miestach\/","url":"https:\/\/www.welovecycling.com\/sk\/2022\/04\/10\/detska-tour-petra-sagana-aj-na-novych-miestach\/","name":"Detsk\u00e1 tour Petra Sagana v roku 2022 aj na nov\u00fdch miestach - \u0160koda We Love Cycling Slovensko","isPartOf":{"@id":"https:\/\/www.welovecycling.com\/sk\/#website"},"primaryImageOfPage":{"@id":"https:\/\/www.welovecycling.com\/sk\/2022\/04\/10\/detska-tour-petra-sagana-aj-na-novych-miestach\/#primaryimage"},"image":{"@id":"https:\/\/www.welovecycling.com\/sk\/2022\/04\/10\/detska-tour-petra-sagana-aj-na-novych-miestach\/#primaryimage"},"thumbnailUrl":"https:\/\/d2p6e6u75xmxt8.cloudfront.net\/4\/2022\/04\/DTPS_00.webp","datePublished":"2022-04-10T08:00:48+00:00","author":{"@id":""},"description":"Detsk\u00e1 tour Petra Sagana vznikla u\u017e v\u00a0roku 2014 a\u00a0odvtedy sa jej z\u00fa\u010dastnilo mno\u017estvo pretek\u00e1rov aj fan\u00fa\u0161ikov. Konala sa v 62 lokalit\u00e1ch.","breadcrumb":{"@id":"https:\/\/www.welovecycling.com\/sk\/2022\/04\/10\/detska-tour-petra-sagana-aj-na-novych-miestach\/#breadcrumb"},"inLanguage":"sk-SK","potentialAction":[{"@type":"ReadAction","target":["https:\/\/www.welovecycling.com\/sk\/2022\/04\/10\/detska-tour-petra-sagana-aj-na-novych-miestach\/"]}]},{"@type":"ImageObject","inLanguage":"sk-SK","@id":"https:\/\/www.welovecycling.com\/sk\/2022\/04\/10\/detska-tour-petra-sagana-aj-na-novych-miestach\/#primaryimage","url":"https:\/\/d2p6e6u75xmxt8.cloudfront.net\/4\/2022\/04\/DTPS_00.webp","contentUrl":"https:\/\/d2p6e6u75xmxt8.cloudfront.net\/4\/2022\/04\/DTPS_00.webp","width":1380,"height":600,"caption":"OLYMPUS DIGITAL CAMERA"},{"@type":"BreadcrumbList","@id":"https:\/\/www.welovecycling.com\/sk\/2022\/04\/10\/detska-tour-petra-sagana-aj-na-novych-miestach\/#breadcrumb","itemListElement":[{"@type":"ListItem","position":1,"name":"Home","item":"https:\/\/www.welovecycling.com\/sk\/"},{"@type":"ListItem","position":2,"name":"Detsk\u00e1 tour Petra Sagana v roku 2022 aj na nov\u00fdch miestach"}]},{"@type":"WebSite","@id":"https:\/\/www.welovecycling.com\/sk\/#website","url":"https:\/\/www.welovecycling.com\/sk\/","name":"\u0160koda We Love Cycling Slovensko","description":"\u0160koda We Love Cycling Slovensko je v\u00e1\u0161 ka\u017edodenn\u00fd zdroj noviniek a in\u0161pir\u00e1cie z sveta cyklistiky","potentialAction":[{"@type":"SearchAction","target":{"@type":"EntryPoint","urlTemplate":"https:\/\/www.welovecycling.com\/sk\/?s={search_term_string}"},"query-input":{"@type":"PropertyValueSpecification","valueRequired":true,"valueName":"search_term_string"}}],"inLanguage":"sk-SK"},{"@type":"Person","@id":"","url":"https:\/\/www.welovecycling.com\/sk\/author\/"}]}},"_links":{"self":[{"href":"https:\/\/www.welovecycling.com\/sk\/wp-json\/wp\/v2\/posts\/14171","targetHints":{"allow":["GET"]}}],"collection":[{"href":"https:\/\/www.welovecycling.com\/sk\/wp-json\/wp\/v2\/posts"}],"about":[{"href":"https:\/\/www.welovecycling.com\/sk\/wp-json\/wp\/v2\/types\/post"}],"author":[{"embeddable":true,"href":"https:\/\/www.welovecycling.com\/sk\/wp-json\/wp\/v2\/users\/81"}],"replies":[{"embeddable":true,"href":"https:\/\/www.welovecycling.com\/sk\/wp-json\/wp\/v2\/comments?post=14171"}],"version-history":[{"count":2,"href":"https:\/\/www.welovecycling.com\/sk\/wp-json\/wp\/v2\/posts\/14171\/revisions"}],"predecessor-version":[{"id":14190,"href":"https:\/\/www.welovecycling.com\/sk\/wp-json\/wp\/v2\/posts\/14171\/revisions\/14190"}],"wp:featuredmedia":[{"embeddable":true,"href":"https:\/\/www.welovecycling.com\/sk\/wp-json\/wp\/v2\/media\/14174"}],"wp:attachment":[{"href":"https:\/\/www.welovecycling.com\/sk\/wp-json\/wp\/v2\/media?parent=14171"}],"wp:term":[{"taxonomy":"category","embeddable":true,"href":"https:\/\/www.welovecycling.com\/sk\/wp-json\/wp\/v2\/categories?post=14171"},{"taxonomy":"post_tag","embeddable":true,"href":"https:\/\/www.welovecycling.com\/sk\/wp-json\/wp\/v2\/tags?post=14171"},{"taxonomy":"global-categories","embeddable":true,"href":"https:\/\/www.welovecycling.com\/sk\/wp-json\/wp\/v2\/global-categories?post=14171"}],"curies":[{"name":"wp","href":"https:\/\/api.w.org\/{rel}","templated":true}]}}