{"id":14130,"date":"2022-04-05T10:00:46","date_gmt":"2022-04-05T08:00:46","guid":{"rendered":"https:\/\/www.welovecycling.com\/sk\/?p=14130"},"modified":"2022-04-04T08:22:39","modified_gmt":"2022-04-04T06:22:39","slug":"cyklistika-pre-ukrajinu","status":"publish","type":"post","link":"https:\/\/www.welovecycling.com\/sk\/2022\/04\/05\/cyklistika-pre-ukrajinu\/","title":{"rendered":"Cyklistika pre Ukrajinu"},"content":{"rendered":"<p><strong>Boje na Ukrajine trvaj\u00fa u\u017e viac ako mesiac, odkedy rusk\u00e9 ozbrojen\u00e9 sily vtrhli do krajiny 24. febru\u00e1ra. Odvtedy z krajiny utieklo pribli\u017ene 3,4 mili\u00f3na Ukrajincov, ktor\u00ed h\u013eadali \u00fato\u010disko, kde m\u00f4\u017eu pre\u010dka\u0165 na ukon\u010denie bojov.<\/strong><\/p>\n<p><!--more--><\/p>\n<p>V d\u00f4sledku konfliktu krajiny, spolo\u010dnosti, humanit\u00e1rne organiz\u00e1cie a \u013eudia na celom svete vykro\u010dili vpred, aby poskytli podporu a pomoc ukrajinsk\u00e9mu \u013eudu, vr\u00e1tane iniciat\u00edv zalo\u017een\u00fdch na cyklistike. Pozrite sa ni\u017e\u0161ie, <strong>ako m\u00f4\u017eete pom\u00f4c\u0165 Ukrajine, prostredn\u00edctvom akci\u00ed zalo\u017een\u00fdch na va\u0161om ob\u013e\u00fabenom dvojkolesovom vozidle<\/strong>.<\/p>\n<figure id=\"attachment_14131\" aria-describedby=\"caption-attachment-14131\" style=\"width: 1000px\" class=\"wp-caption alignnone\"><a href=\"https:\/\/d2p6e6u75xmxt8.cloudfront.net\/4\/2022\/04\/Cycling-for-Ukraine-profimedia-0672941153.jpg\"><img loading=\"lazy\" decoding=\"async\" class=\"wp-image-14131 size-full\" src=\"https:\/\/d2p6e6u75xmxt8.cloudfront.net\/4\/2022\/04\/Cycling-for-Ukraine-profimedia-0672941153.jpg\" alt=\"Cycling for Ukraine\" width=\"1000\" height=\"664\" \/><\/a><figcaption id=\"caption-attachment-14131\" class=\"wp-caption-text\">Na Ukrajine sa bojuje u\u017e mesiac. \u00a9 Profimedia<\/figcaption><\/figure>\n<p>Cyklistick\u00e1 zna\u010dka Rubber N\u2019 Road v New Yorku zbiera peniaze na pomoc na Ukrajine <a href=\"https:\/\/rubbernroad.com\/products\/ride-bikes-not-tanks-t-shirt?variant=42516749091038\" rel=\"noopener\" target=\"_blank\">predajom tri\u010diek<\/a> s logom s ukrajinskou vlajkou a odkazom \u201eRide Bikes Not Tanks\u201c. Tri\u010dk\u00e1 si m\u00f4\u017eete zak\u00fapi\u0165 priamo na webovej str\u00e1nke spolo\u010dnosti za 40 dol\u00e1rov. \u010co je na tri\u010dk\u00e1 dos\u0165 vysok\u00e1 cena, ale od\u00f4vodnen\u00e9 d\u00f4vodom a skuto\u010dnos\u0165ou, \u017ee ka\u017ed\u00fd cent z v\u00fd\u0165a\u017eku bude odovzdan\u00fd spolo\u010dnosti Ukrajinsk\u00e9ho \u010cerven\u00e9ho kr\u00ed\u017ea, ktor\u00fa ak chcete prispie\u0165 priamo, m\u00f4\u017eete n\u00e1js\u0165 <a href=\"https:\/\/donate.redcrossredcrescent.org\/ua\/donate\/~my-donation\" rel=\"noopener\" target=\"_blank\">TU<\/a>.<\/p>\n<p><em>\u201eCyklistika je pre n\u00e1s prostriedkom na podporu komunity a podnecovanie zmien,\u201c<\/em> povedal spolumajite\u013e Rubber N\u2019 Road Gil Lavi v tla\u010dovej spr\u00e1ve. <em>\u201eTri\u010dko \u201eThe Ride Bikes Not Tanks\u201c je miestnym \u00fasil\u00edm na\u0161ej komunity, ktor\u00e9 n\u00e1s hreje pri srdci. Zobrazuje tv\u00e1re a ruky jazdcov, ktor\u00ed robia z Rubber N\u2019 Road glob\u00e1lnu rodinu.\u201c<\/em><\/p>\n<p>Spolo\u010dnos\u0165 zatia\u013e vyzbierala pribli\u017ene 10 000 dol\u00e1rov. <\/p>\n<p>Na virtu\u00e1lnej platforme pre indoor cycling Rouvy so s\u00eddlom v \u010ceskej republike, prebiehala benefi\u010dn\u00e1 jazda s n\u00e1zvom <a href=\"https:\/\/rouvy.com\/challenges\/ride-for-ukraine\" rel=\"noopener\" target=\"_blank\">Ride for Ukraine<\/a>. Na \u00fa\u010das\u0165 museli jazdci absolvova\u0165 10 km virtu\u00e1lnu trasu.<strong> T\u00fato trasu sprev\u00e1dzalo video z jazdy, ne\u010faleko ukrajinsk\u00e9ho hlavn\u00e9ho mesta Kyjev<\/strong>. Aby bola jazda platn\u00e1, trasu bolo potrebn\u00e9 absolvova\u0165 v re\u017eime \u010dasovky. To znamen\u00e1, \u017ee jazdu nebolo mo\u017en\u00e9 preru\u0161i\u0165 a jazdec nemohol zmeni\u0165 poz\u00edciu svojho virtu\u00e1lneho avatara na trase.<\/p>\n<p>Za ka\u017ed\u00fa absolvovan\u00fa jazdu sa Rouvy zaviazal venova\u0165 jedno euro <a href=\"https:\/\/www.unicef.org\/\" rel=\"noopener\" target=\"_blank\">UNICEF<\/a>. Jazdy sa z\u00fa\u010dastnilo viac ako 15 000 jazdcov. Hoci sa t\u00e1to v\u00fdzva skon\u010dila, st\u00e1le m\u00f4\u017eete prispieva\u0165 priamo do UNICEF a pom\u00e1ha\u0165 ukrajinsk\u00fdm de\u0165om <a href=\"https:\/\/www.unicef.org\/emergencies\/war-ukraine-pose-immediate-threat-children\" rel=\"noopener\" target=\"_blank\">tu<\/a>.<\/p>\n<p>A napokon v D\u00e1nsku sa  Ministerstvo dopravy spojilo s Asoci\u00e1ciou cyklistov. Vytvorili iniciat\u00edvu \u201eDaj bicykel\u201c, <strong>ktor\u00e1 poskytuje ukrajinsk\u00fdm ute\u010dencom bicykle ako dar<\/strong>.<\/p>\n<p>Obyvatelia D\u00e1nska m\u00f4\u017eu darova\u0165 svoje star\u00e9 alebo nepou\u017e\u00edvan\u00e9 bicykle nahran\u00edm fotografie a inform\u00e1ci\u00ed o ich ve\u013ekosti a stave prostredn\u00edctvom vyhradenej webovej str\u00e1nky. Ukrajinci m\u00f4\u017eu pou\u017ei\u0165 t\u00fa ist\u00fa <a href=\"https:\/\/givencykel.dk\/\" rel=\"noopener\" target=\"_blank\">webov\u00fa str\u00e1nku<\/a> na vy\u017eiadanie bicykla pomocou tam dostupn\u00e9ho formul\u00e1ra. Dobrovo\u013en\u00edci potom doru\u010dia bicykle ute\u010dencom, ke\u010f sa dar a \u017eiados\u0165 zhoduj\u00fa.<\/p>\n<p>Cie\u013eom iniciat\u00edvy je poskytn\u00fa\u0165 ute\u010dencom slobodu pohybu v novej krajine. <strong>Pom\u00f4c\u0165 im za\u010dleni\u0165 sa do spolo\u010dnosti miluj\u00facej bicykle a c\u00edti\u0165 sa mo\u017eno trochu ako doma v miestnych komunit\u00e1ch<\/strong>. Tieto iniciat\u00edvy sa m\u00f4\u017eu zda\u0165 skromn\u00e9 v porovnan\u00ed s obludnos\u0165ou a krutos\u0165ou vojny. Ale v\u0161etko, \u010do pom\u00e1ha zachra\u0148ova\u0165 alebo zlep\u0161ova\u0165 \u017eivoty, \u010di u\u017e na Ukrajine alebo mimo krajiny, ur\u010dite v Ukrajincoch vyvol\u00e1 pocit, \u017ee nie s\u00fa sami.<\/p>\n<p>A tieto tri akcie poskytuj\u00fa \u010fal\u0161ie tri d\u00f4vody, pre\u010do milujeme cyklistiku.<\/p>\n","protected":false},"excerpt":{"rendered":"<p>Boje na Ukrajine trvaj\u00fa u\u017e viac ako mesiac, odkedy rusk\u00e9 ozbrojen\u00e9 sily vtrhli do krajiny 24. febru\u00e1ra. Odvtedy z krajiny [&hellip;]<\/p>\n","protected":false},"author":81,"featured_media":14133,"comment_status":"open","ping_status":"open","sticky":false,"template":"","format":"standard","meta":{"footnotes":""},"categories":[191],"tags":[540,115,180,539,1218,1477,1478],"global-categories":[],"class_list":["post-14130","post","type-post","status-publish","format-standard","has-post-thumbnail","hentry","category-odporucame","tag-ceska-republika","tag-cestna-cyklistika","tag-horska-cyklistika","tag-pomoc","tag-rouvy","tag-ukrajina","tag-unicef"],"yoast_head":"<!-- This site is optimized with the Yoast SEO Premium plugin v25.3 (Yoast SEO v25.9) - https:\/\/yoast.com\/wordpress\/plugins\/seo\/ -->\n<title>Cyklistika pre Ukrajinu - \u0160koda We Love Cycling Slovensko<\/title>\n<meta name=\"description\" content=\"Boje na Ukrajine trvaj\u00fa u\u017e viac ako mesiac. Humanit\u00e1rne organiz\u00e1cie a \u013eudia vykro\u010dili vpred, aby poskytli podporu a pomoc ukrajinsk\u00e9mu \u013eudu.\" \/>\n<meta name=\"robots\" content=\"index, follow, max-snippet:-1, max-image-preview:large, max-video-preview:-1\" \/>\n<link rel=\"canonical\" href=\"https:\/\/www.welovecycling.com\/sk\/2022\/04\/05\/cyklistika-pre-ukrajinu\/\" \/>\n<meta property=\"og:locale\" content=\"sk_SK\" \/>\n<meta property=\"og:type\" content=\"article\" \/>\n<meta property=\"og:title\" content=\"Cyklistika pre Ukrajinu\" \/>\n<meta property=\"og:description\" content=\"Boje na Ukrajine trvaj\u00fa u\u017e viac ako mesiac. Humanit\u00e1rne organiz\u00e1cie a \u013eudia vykro\u010dili vpred, aby poskytli podporu a pomoc ukrajinsk\u00e9mu \u013eudu.\" \/>\n<meta property=\"og:url\" content=\"https:\/\/www.welovecycling.com\/sk\/2022\/04\/05\/cyklistika-pre-ukrajinu\/\" \/>\n<meta property=\"og:site_name\" content=\"\u0160koda We Love Cycling Slovensko\" \/>\n<meta property=\"article:published_time\" content=\"2022-04-05T08:00:46+00:00\" \/>\n<meta property=\"og:image\" content=\"https:\/\/d2p6e6u75xmxt8.cloudfront.net\/4\/2022\/04\/Cycling-for-Ukraine-profimedia-0665401064-CVR.webp\" \/>\n\t<meta property=\"og:image:width\" content=\"1366\" \/>\n\t<meta property=\"og:image:height\" content=\"600\" \/>\n\t<meta property=\"og:image:type\" content=\"image\/webp\" \/>\n<meta name=\"twitter:card\" content=\"summary_large_image\" \/>\n<meta name=\"twitter:label1\" content=\"Written by\" \/>\n\t<meta name=\"twitter:data1\" content=\"Siegfried Mortkowitz\" \/>\n\t<meta name=\"twitter:label2\" content=\"Est. reading time\" \/>\n\t<meta name=\"twitter:data2\" content=\"5\" \/>\n<script type=\"application\/ld+json\" class=\"yoast-schema-graph\">{\"@context\":\"https:\/\/schema.org\",\"@graph\":[{\"@type\":\"WebPage\",\"@id\":\"https:\/\/www.welovecycling.com\/sk\/2022\/04\/05\/cyklistika-pre-ukrajinu\/\",\"url\":\"https:\/\/www.welovecycling.com\/sk\/2022\/04\/05\/cyklistika-pre-ukrajinu\/\",\"name\":\"Cyklistika pre Ukrajinu - \u0160koda We Love Cycling Slovensko\",\"isPartOf\":{\"@id\":\"https:\/\/www.welovecycling.com\/sk\/#website\"},\"primaryImageOfPage\":{\"@id\":\"https:\/\/www.welovecycling.com\/sk\/2022\/04\/05\/cyklistika-pre-ukrajinu\/#primaryimage\"},\"image\":{\"@id\":\"https:\/\/www.welovecycling.com\/sk\/2022\/04\/05\/cyklistika-pre-ukrajinu\/#primaryimage\"},\"thumbnailUrl\":\"https:\/\/d2p6e6u75xmxt8.cloudfront.net\/4\/2022\/04\/Cycling-for-Ukraine-profimedia-0665401064-CVR.webp\",\"datePublished\":\"2022-04-05T08:00:46+00:00\",\"author\":{\"@id\":\"\"},\"description\":\"Boje na Ukrajine trvaj\u00fa u\u017e viac ako mesiac. Humanit\u00e1rne organiz\u00e1cie a \u013eudia vykro\u010dili vpred, aby poskytli podporu a pomoc ukrajinsk\u00e9mu \u013eudu.\",\"breadcrumb\":{\"@id\":\"https:\/\/www.welovecycling.com\/sk\/2022\/04\/05\/cyklistika-pre-ukrajinu\/#breadcrumb\"},\"inLanguage\":\"sk-SK\",\"potentialAction\":[{\"@type\":\"ReadAction\",\"target\":[\"https:\/\/www.welovecycling.com\/sk\/2022\/04\/05\/cyklistika-pre-ukrajinu\/\"]}]},{\"@type\":\"ImageObject\",\"inLanguage\":\"sk-SK\",\"@id\":\"https:\/\/www.welovecycling.com\/sk\/2022\/04\/05\/cyklistika-pre-ukrajinu\/#primaryimage\",\"url\":\"https:\/\/d2p6e6u75xmxt8.cloudfront.net\/4\/2022\/04\/Cycling-for-Ukraine-profimedia-0665401064-CVR.webp\",\"contentUrl\":\"https:\/\/d2p6e6u75xmxt8.cloudfront.net\/4\/2022\/04\/Cycling-for-Ukraine-profimedia-0665401064-CVR.webp\",\"width\":1366,\"height\":600,\"caption\":\"Cycling for Ukraine\"},{\"@type\":\"BreadcrumbList\",\"@id\":\"https:\/\/www.welovecycling.com\/sk\/2022\/04\/05\/cyklistika-pre-ukrajinu\/#breadcrumb\",\"itemListElement\":[{\"@type\":\"ListItem\",\"position\":1,\"name\":\"Home\",\"item\":\"https:\/\/www.welovecycling.com\/sk\/\"},{\"@type\":\"ListItem\",\"position\":2,\"name\":\"Cyklistika pre Ukrajinu\"}]},{\"@type\":\"WebSite\",\"@id\":\"https:\/\/www.welovecycling.com\/sk\/#website\",\"url\":\"https:\/\/www.welovecycling.com\/sk\/\",\"name\":\"\u0160koda We Love Cycling Slovensko\",\"description\":\"\u0160koda We Love Cycling Slovensko je v\u00e1\u0161 ka\u017edodenn\u00fd zdroj noviniek a in\u0161pir\u00e1cie z sveta cyklistiky\",\"potentialAction\":[{\"@type\":\"SearchAction\",\"target\":{\"@type\":\"EntryPoint\",\"urlTemplate\":\"https:\/\/www.welovecycling.com\/sk\/?s={search_term_string}\"},\"query-input\":{\"@type\":\"PropertyValueSpecification\",\"valueRequired\":true,\"valueName\":\"search_term_string\"}}],\"inLanguage\":\"sk-SK\"},{\"@type\":\"Person\",\"@id\":\"\",\"url\":\"https:\/\/www.welovecycling.com\/sk\/author\/\"}]}<\/script>\n<!-- \/ Yoast SEO Premium plugin. -->","yoast_head_json":{"title":"Cyklistika pre Ukrajinu - \u0160koda We Love Cycling Slovensko","description":"Boje na Ukrajine trvaj\u00fa u\u017e viac ako mesiac. Humanit\u00e1rne organiz\u00e1cie a \u013eudia vykro\u010dili vpred, aby poskytli podporu a pomoc ukrajinsk\u00e9mu \u013eudu.","robots":{"index":"index","follow":"follow","max-snippet":"max-snippet:-1","max-image-preview":"max-image-preview:large","max-video-preview":"max-video-preview:-1"},"canonical":"https:\/\/www.welovecycling.com\/sk\/2022\/04\/05\/cyklistika-pre-ukrajinu\/","og_locale":"sk_SK","og_type":"article","og_title":"Cyklistika pre Ukrajinu","og_description":"Boje na Ukrajine trvaj\u00fa u\u017e viac ako mesiac. Humanit\u00e1rne organiz\u00e1cie a \u013eudia vykro\u010dili vpred, aby poskytli podporu a pomoc ukrajinsk\u00e9mu \u013eudu.","og_url":"https:\/\/www.welovecycling.com\/sk\/2022\/04\/05\/cyklistika-pre-ukrajinu\/","og_site_name":"\u0160koda We Love Cycling Slovensko","article_published_time":"2022-04-05T08:00:46+00:00","og_image":[{"width":1366,"height":600,"url":"https:\/\/d2p6e6u75xmxt8.cloudfront.net\/4\/2022\/04\/Cycling-for-Ukraine-profimedia-0665401064-CVR.webp","type":"image\/webp"}],"twitter_card":"summary_large_image","twitter_misc":{"Written by":"Siegfried Mortkowitz","Est. reading time":"5"},"schema":{"@context":"https:\/\/schema.org","@graph":[{"@type":"WebPage","@id":"https:\/\/www.welovecycling.com\/sk\/2022\/04\/05\/cyklistika-pre-ukrajinu\/","url":"https:\/\/www.welovecycling.com\/sk\/2022\/04\/05\/cyklistika-pre-ukrajinu\/","name":"Cyklistika pre Ukrajinu - \u0160koda We Love Cycling Slovensko","isPartOf":{"@id":"https:\/\/www.welovecycling.com\/sk\/#website"},"primaryImageOfPage":{"@id":"https:\/\/www.welovecycling.com\/sk\/2022\/04\/05\/cyklistika-pre-ukrajinu\/#primaryimage"},"image":{"@id":"https:\/\/www.welovecycling.com\/sk\/2022\/04\/05\/cyklistika-pre-ukrajinu\/#primaryimage"},"thumbnailUrl":"https:\/\/d2p6e6u75xmxt8.cloudfront.net\/4\/2022\/04\/Cycling-for-Ukraine-profimedia-0665401064-CVR.webp","datePublished":"2022-04-05T08:00:46+00:00","author":{"@id":""},"description":"Boje na Ukrajine trvaj\u00fa u\u017e viac ako mesiac. Humanit\u00e1rne organiz\u00e1cie a \u013eudia vykro\u010dili vpred, aby poskytli podporu a pomoc ukrajinsk\u00e9mu \u013eudu.","breadcrumb":{"@id":"https:\/\/www.welovecycling.com\/sk\/2022\/04\/05\/cyklistika-pre-ukrajinu\/#breadcrumb"},"inLanguage":"sk-SK","potentialAction":[{"@type":"ReadAction","target":["https:\/\/www.welovecycling.com\/sk\/2022\/04\/05\/cyklistika-pre-ukrajinu\/"]}]},{"@type":"ImageObject","inLanguage":"sk-SK","@id":"https:\/\/www.welovecycling.com\/sk\/2022\/04\/05\/cyklistika-pre-ukrajinu\/#primaryimage","url":"https:\/\/d2p6e6u75xmxt8.cloudfront.net\/4\/2022\/04\/Cycling-for-Ukraine-profimedia-0665401064-CVR.webp","contentUrl":"https:\/\/d2p6e6u75xmxt8.cloudfront.net\/4\/2022\/04\/Cycling-for-Ukraine-profimedia-0665401064-CVR.webp","width":1366,"height":600,"caption":"Cycling for Ukraine"},{"@type":"BreadcrumbList","@id":"https:\/\/www.welovecycling.com\/sk\/2022\/04\/05\/cyklistika-pre-ukrajinu\/#breadcrumb","itemListElement":[{"@type":"ListItem","position":1,"name":"Home","item":"https:\/\/www.welovecycling.com\/sk\/"},{"@type":"ListItem","position":2,"name":"Cyklistika pre Ukrajinu"}]},{"@type":"WebSite","@id":"https:\/\/www.welovecycling.com\/sk\/#website","url":"https:\/\/www.welovecycling.com\/sk\/","name":"\u0160koda We Love Cycling Slovensko","description":"\u0160koda We Love Cycling Slovensko je v\u00e1\u0161 ka\u017edodenn\u00fd zdroj noviniek a in\u0161pir\u00e1cie z sveta cyklistiky","potentialAction":[{"@type":"SearchAction","target":{"@type":"EntryPoint","urlTemplate":"https:\/\/www.welovecycling.com\/sk\/?s={search_term_string}"},"query-input":{"@type":"PropertyValueSpecification","valueRequired":true,"valueName":"search_term_string"}}],"inLanguage":"sk-SK"},{"@type":"Person","@id":"","url":"https:\/\/www.welovecycling.com\/sk\/author\/"}]}},"_links":{"self":[{"href":"https:\/\/www.welovecycling.com\/sk\/wp-json\/wp\/v2\/posts\/14130","targetHints":{"allow":["GET"]}}],"collection":[{"href":"https:\/\/www.welovecycling.com\/sk\/wp-json\/wp\/v2\/posts"}],"about":[{"href":"https:\/\/www.welovecycling.com\/sk\/wp-json\/wp\/v2\/types\/post"}],"author":[{"embeddable":true,"href":"https:\/\/www.welovecycling.com\/sk\/wp-json\/wp\/v2\/users\/81"}],"replies":[{"embeddable":true,"href":"https:\/\/www.welovecycling.com\/sk\/wp-json\/wp\/v2\/comments?post=14130"}],"version-history":[{"count":2,"href":"https:\/\/www.welovecycling.com\/sk\/wp-json\/wp\/v2\/posts\/14130\/revisions"}],"predecessor-version":[{"id":14138,"href":"https:\/\/www.welovecycling.com\/sk\/wp-json\/wp\/v2\/posts\/14130\/revisions\/14138"}],"wp:featuredmedia":[{"embeddable":true,"href":"https:\/\/www.welovecycling.com\/sk\/wp-json\/wp\/v2\/media\/14133"}],"wp:attachment":[{"href":"https:\/\/www.welovecycling.com\/sk\/wp-json\/wp\/v2\/media?parent=14130"}],"wp:term":[{"taxonomy":"category","embeddable":true,"href":"https:\/\/www.welovecycling.com\/sk\/wp-json\/wp\/v2\/categories?post=14130"},{"taxonomy":"post_tag","embeddable":true,"href":"https:\/\/www.welovecycling.com\/sk\/wp-json\/wp\/v2\/tags?post=14130"},{"taxonomy":"global-categories","embeddable":true,"href":"https:\/\/www.welovecycling.com\/sk\/wp-json\/wp\/v2\/global-categories?post=14130"}],"curies":[{"name":"wp","href":"https:\/\/api.w.org\/{rel}","templated":true}]}}