{"id":14110,"date":"2022-04-02T10:00:19","date_gmt":"2022-04-02T08:00:19","guid":{"rendered":"https:\/\/www.welovecycling.com\/sk\/?p=14110"},"modified":"2022-03-31T12:14:37","modified_gmt":"2022-03-31T10:14:37","slug":"aprilova-desiatka-mtb-pretekov-zacina-sa-nam-to-rozbiehat","status":"publish","type":"post","link":"https:\/\/www.welovecycling.com\/sk\/2022\/04\/02\/aprilova-desiatka-mtb-pretekov-zacina-sa-nam-to-rozbiehat\/","title":{"rendered":"Apr\u00edlov\u00e1 desiatka MTB pretekov \u2013 za\u010d\u00edna sa n\u00e1m to rozbieha\u0165"},"content":{"rendered":"<p><strong>Tento mesiac m\u00e1me pre v\u00e1s okrem in\u00fdch pretekov skvel\u00fa ponuku troch zauj\u00edmav\u00fdch akci\u00ed v Chorv\u00e1tsku. Vyzer\u00e1 to tak, \u017ee tento rok v\u00e1s t\u00e1to ob\u013e\u00faben\u00e1 dovolenkov\u00e1 destin\u00e1cia uvid\u00ed ove\u013ea sk\u00f4r. Ale aj na Slovensku \u010di v susednom \u010cesku sa za\u010d\u00ednaj\u00fa viacer\u00e9 ob\u013e\u00faben\u00e9 marat\u00f3nske s\u00e9rie.<\/strong><!--more--><\/p>\n<h2><strong>1. \u010cesk\u00fd poh\u00e1r MTB Brno &#8211; 02. 04. &#8211; 03. 04. 2022<\/strong><\/h2>\n<p>Aj tento rok sa bude kona\u0165 v Anthropos Arena \u010cesk\u00fd poh\u00e1r horsk\u00fdch bicyklov. S\u00fa\u0165a\u017ei\u0165 bud\u00fa v\u0161etky kateg\u00f3rie od Kadet cez Junior a\u017e po Elite kateg\u00f3riu. Nede\u013ea je vyhraden\u00e1 detskej a \u017eiackej kateg\u00f3rii. <strong>Tra\u0165 m\u00e1 d\u013a\u017eku 4,1 km a prev\u00fd\u0161enie 210 m.<\/strong> S oh\u013eadom na jednotliv\u00e9 kateg\u00f3rie sa tra\u0165 bude jazdi\u0165 na viacero k\u00f4l. Tento mestsk\u00fd okruh je postaven\u00fd so zameran\u00edm na najnov\u0161ie trendy v XCO, aby pretek\u00e1rov preveril po v\u0161etk\u00fdch str\u00e1nkach.<\/p>\n<lite-youtube videoid=5nzKxV9UjnU params=\"enablejsapi=1\" style=\"background-image: url('https:\/\/i.ytimg.com\/vi_webp\/5nzKxV9UjnU\/maxresdefault.webp');\"><\/lite-youtube>\n<h2><strong>2. IXS Downhill Cup Lo\u0161ijn Chorv\u00e1tsko &#8211; 03. 04. 2022<\/strong><\/h2>\n<p>\u010co tak \u00eds\u0165 na dovolenku do Chorv\u00e1tska tento rok o nie\u010do sk\u00f4r. More s\u00edce e\u0161te bude studen\u00e9, ale pretek\u00e1rom ostrie\u013ean\u00fdm horsk\u00fdmi vetrami a da\u017e\u010fami to predsa prek\u00e1\u017ea\u0165 nem\u00f4\u017ee. Ostrov Lo\u0161ijn je obdaren\u00fd pr\u00edjemnou kl\u00edmou a n\u00e1dhern\u00fdmi pr\u00edrodn\u00fdmi scen\u00e9riami. Miesto konania je v stredovekom meste\u010dku Veli Lo\u0161ijn s tis\u00edc obyvate\u013emi.<strong> Zjazd za\u010d\u00edna na kopci sv.J\u00e1na nad t\u00fdmto meste\u010dkom a kon\u010d\u00ed v centre hne\u010f ved\u013ea mora. D\u013a\u017eka trate je 1,3 km<\/strong> a u\u017eijete si kamenist\u00fd ter\u00e9n, ako aj technick\u00e9 skoky, \u010di \u0161pecifick\u00e9 mestsk\u00e9 prostredie.<\/p>\n<lite-youtube videoid=6aa9c8u3zDA params=\"enablejsapi=1\" style=\"background-image: url('https:\/\/i.ytimg.com\/vi_webp\/6aa9c8u3zDA\/maxresdefault.webp');\"><\/lite-youtube>\n<h2><strong>3. XCM Kamenjak Rocky Trails Chorv\u00e1tsko &#8211; 02. 04. &#8211; 03. 04. 2022<\/strong><\/h2>\n<p>A e\u0161te jeden tip na cestu do Chorv\u00e1tska. Je v\u0161ak \u0161koda, \u017ee je to v rovnakom term\u00edne a oba preteky nestihnete, preto\u017ee s\u00fa od seba dos\u0165 vzdialen\u00e9 &#8211; minim\u00e1lne tri hodiny cesty. Preteky sa tu konaj\u00fa v pr\u00edrodnej rezerv\u00e1cii Gornji Kamenjak. V prv\u00fd de\u0148 sa jazd\u00ed XCO kolo, <strong>ktor\u00e9 m\u00e1 d\u013a\u017eku 4 km s prev\u00fd\u0161en\u00edm 190 m<\/strong> a budete prekvapen\u00ed, ak\u00e1 technick\u00e1 tra\u0165 v\u00e1s \u010dak\u00e1. V druh\u00fd de\u0148 je na programe d\u0148a XCM marat\u00f3n, po\u010das ktor\u00e9ho prejdete cez nieko\u013eko kr\u00e1snych \u010dast\u00ed Istrijsk\u00e9ho poloostrova.<\/p>\n<lite-youtube videoid=3rUppG5l7zc params=\"enablejsapi=1\" style=\"background-image: url('https:\/\/i.ytimg.com\/vi_webp\/3rUppG5l7zc\/maxresdefault.webp');\"><\/lite-youtube>\n<h2><strong>4. MTB Croatia Cup &#8211; Vodice &#8211; 10. 04. 2022<\/strong><\/h2>\n<p>Do tretice v\u0161etko dobr\u00e9 a tieto preteky sa konaj\u00fa v Chorv\u00e1tsku o t\u00fd\u017ede\u0148 nesk\u00f4r. Preteky sa konaj\u00fa ne\u010faleko mesta \u0160ibenik a pon\u00fakaj\u00fa poriadnu d\u00e1vku kilometrov, <strong>preto\u017ee Elite tra\u0165 m\u00e1 d\u013a\u017eku 150 km a Master 70 km<\/strong>. U\u017eijete si poriadne v\u00fd\u0161\u013eapy, prejazdy cez typick\u00e9 p\u00edniov\u00e9 h\u00e1je, ale aj technick\u00e9 zjazdy.<\/p>\n<lite-youtube videoid=HyNra_cmtPw params=\"enablejsapi=1\" style=\"background-image: url('https:\/\/i.ytimg.com\/vi_webp\/HyNra_cmtPw\/maxresdefault.webp');\"><\/lite-youtube>\n<h2><strong>5. Detsk\u00e1 tour Petra Sagana \u2013 Budmerice &#8211; 10. 04. 2022<\/strong><\/h2>\n<p>Tohtoro\u010dn\u00e1 sez\u00f3na ob\u013e\u00fabenej detskej s\u00e9rie, ktor\u00e1 sa kon\u00e1 pod z\u00e1\u0161titou Petra Sagana, bude ma\u0165 premi\u00e9ru v prekr\u00e1snom anglickom parku v bl\u00edzkosti ka\u0161tie\u013ea v Budmericiach.<strong> Po\u010das roka sa preteky bud\u00fa kona\u0165 na viacer\u00fdch nov\u00fdch miestach, ale aj na osved\u010den\u00fdch a ob\u013e\u00faben\u00fdch lokalit\u00e1ch.<\/strong> Pr\u00ed\u010fte si s va\u0161imi ratoles\u0165ami u\u017ei\u0165 poriadnu d\u00e1vku z\u00e1bavy.<\/p>\n<lite-youtube videoid=KPnk9OVMGg8 params=\"enablejsapi=1\" style=\"background-image: url('https:\/\/i.ytimg.com\/vi_webp\/KPnk9OVMGg8\/maxresdefault.webp');\"><\/lite-youtube>\n<h2><strong>6. Capoliveri Legend XCO &#8211; Taliansko &#8211; 16. 04. &#8211; 18. 04. 2022<\/strong><\/h2>\n<p>Zajazdi\u0165 si na ostrove Elba je z\u00e1\u017eitok na cel\u00fd \u017eivot. Preteky sa konaj\u00fa po\u010das troch dn\u00ed a usporiadatelia vyu\u017eili okrem soboty, ktor\u00e1 je ur\u010den\u00e1 za\u010diato\u010dn\u00edkom aj nede\u013eu pre profesion\u00e1lov a Ve\u013ekono\u010dn\u00fd pondelok bude patri\u0165 Pro-Biker Show. Trasa Capoliveri Legend XCO je ur\u010den\u00e1 pre n\u00e1ro\u010dn\u00fdch cyklistov. M\u00e1 po\u010detn\u00e9 zmeny sklonu, ktor\u00e9 ponech\u00e1vaj\u00fa len mal\u00fd priestor na zotavenie. <strong>Trasa je umiestnen\u00e1 5 km od ob\u00fdvan\u00e9ho centra mesta Capoliveri, a jazd\u00ed sa na teras\u00e1ch star\u00fdch \u017eelezn\u00fdch ban\u00ed vo Vallone Alto, s v\u00fdh\u013eadom na Tyrh\u00e9nske more v n\u00e1rodnom parku v rezerv\u00e1cii Unesco MaB.<\/strong><\/p>\n<lite-youtube videoid=32TTawLyJJg params=\"enablejsapi=1\" style=\"background-image: url('https:\/\/i.ytimg.com\/vi_webp\/32TTawLyJJg\/maxresdefault.webp');\"><\/lite-youtube>\n<h2><strong>7. Czech MTB Cup \u2013 Tou\u0161kov &#8211; 23. 04. 2022<\/strong><\/h2>\n<p>Po \u00favodnom kole v Brne pokra\u010duje s\u00e9ria v meste Tou\u0161kov a v prekr\u00e1snom are\u00e1li tou\u0161kovskej rokliny. Jazdci si u\u017eij\u00fa r\u00f4zne technick\u00e9 povrchy ako lesn\u00e9 cesty, koryto \u010di single track. <strong>K dispoz\u00edcii s\u00fa dva okruhy 2 300 m s prev\u00fd\u0161en\u00edm 103 m a dlh\u0161\u00ed 4 000 m s prev\u00fd\u0161en\u00edm 141 m.<\/strong> Skvelou spr\u00e1vou je, \u017ee preteky s\u00fa ka\u017edoro\u010dne streamovan\u00e9 online a ich sledovanie zabezpe\u010duje spolo\u010dnos\u0165 SportSoft Timing, poskytuj\u00faca profesion\u00e1lne \u010dasomern\u00e9 slu\u017eby. Sledova\u0165 ich m\u00f4\u017eete na <a href=\"https:\/\/www.youtube.com\/c\/SportSoftTimingLive\/videos\" rel=\"noopener\" target=\"_blank\">YouTube<\/a>.<\/p>\n<lite-youtube videoid=EUwizPLaPs0 params=\"enablejsapi=1\" style=\"background-image: url('https:\/\/i.ytimg.com\/vi_webp\/EUwizPLaPs0\/maxresdefault.webp');\"><\/lite-youtube>\n<h2><strong>8. TURIECKAP \u2013 Tur\u010dianske Teplice &#8211; 24. 04. 2022<\/strong><\/h2>\n<p>Preteky TURIECKAP \u2013 Memori\u00e1l Petra Vri\u010dana, 1. kolo SP MTB XC, UCI C1 sa bude kona\u0165 t\u00fd\u017ede\u0148 po Ve\u013ekej noci, tak\u017ee m\u00e1te mo\u017enos\u0165 pr\u00eds\u0165 vyjazdi\u0165 to,  \u010do ste s chu\u0165ou cez sviatky pojedli. <strong>Preteky sa bud\u00fa kona\u0165 v lesoparku B\u00f3r, kde m\u00e1 okruh d\u013a\u017eku 5 000 m a prev\u00fd\u0161enie 150 m.<\/strong> Samozrejme v z\u00e1vislosti od kateg\u00f3rie sa bude jazdi\u0165 na viacero k\u00f4l. Od roku 2022 bude TURIECKAP XCE ako prv\u00fd na Slovensku s\u00fa\u010das\u0165ou \u201eN\u00e1rodnej s\u00e9rie\u201c MTB Eliminator, pod z\u00e1\u0161titou CITY MOUNTAINBIKE, organiz\u00e1cia zastre\u0161uj\u00faca Svetov\u00fd poh\u00e1r a Majstrovstv\u00e1 sveta XCE.<\/p>\n<lite-youtube videoid=alV4GR40uus params=\"enablejsapi=1\" style=\"background-image: url('https:\/\/i.ytimg.com\/vi_webp\/alV4GR40uus\/maxresdefault.webp');\"><\/lite-youtube>\n<h2><strong>9. Marathon Templario MTB Race \u2013 \u0160panielsko &#8211; 24. 04. 2022<\/strong><\/h2>\n<p>Templ\u00e1rsky marat\u00f3n pon\u00faka dve trate. Krat\u0161ia m\u00e1 40 km a prev\u00fd\u0161enie 1 000 m no a t\u00e1 dlh\u0161ia marat\u00f3nska pon\u00faka poriadnu porciu 89 km s prev\u00fd\u0161en\u00edm 2 300 m. Trasa vedie cez pastviny v okol\u00ed n\u00e1dhern\u00e9ho historick\u00e9ho meste\u010dka Jerez de los Caballeros a s\u00fa to prv\u00e9 \u00fap\u00e4tia pohoria Sierra Morena, patriace do regi\u00f3nu Sierra Suroeste. <strong>Na pretekoch bude mo\u017enos\u0165 z\u00e1rove\u0148 z\u00edska\u0165 cenn\u00e9 body pre \u0160panielsky poh\u00e1r Extremadura Open.<\/strong><\/p>\n<lite-youtube videoid=E4OjJxQcb50 params=\"enablejsapi=1\" style=\"background-image: url('https:\/\/i.ytimg.com\/vi_webp\/E4OjJxQcb50\/maxresdefault.webp');\"><\/lite-youtube>\n<h2><strong>10. \u00d6tztaler Mountainbike Festival &#8211; Rak\u00fasko &#8211; 30. 04. &#8211; 01.&nbsp;05. 2022<\/strong><\/h2>\n<p>Z\u00e1ver mesiaca bude patri\u0165 na\u0161im susedom v rak\u00faskom Haimingu. <strong>Usporiadatelia pripravili trate pre v\u0161etky kateg\u00f3rie od U7 a\u017e po kateg\u00f3riu Elite<\/strong> a to od 500 metrovej trate pre t\u00fdch najmen\u0161\u00edch a\u017e po tra\u0165 v d\u013a\u017eke 4 300 m a s prev\u00fd\u0161en\u00edm 190 m. Ke\u010f\u017ee je to l\u00e1kav\u00e1 destin\u00e1cia a kr\u00e1sne prostredie v \u010darovnom Tirolsku, ur\u010dite sa z\u00fa\u010dastnia viacer\u00ed slovensk\u00ed jazdci.<\/p>\n<lite-youtube videoid=PEFzJZS1PPE params=\"enablejsapi=1\" style=\"background-image: url('https:\/\/i.ytimg.com\/vi_webp\/PEFzJZS1PPE\/maxresdefault.webp');\"><\/lite-youtube>\n<p>Tituln\u00e1 fotografia: Pexels.com<\/p>\n","protected":false},"excerpt":{"rendered":"<p>Tento mesiac m\u00e1me pre v\u00e1s okrem in\u00fdch pretekov skvel\u00fa ponuku troch zauj\u00edmav\u00fdch akci\u00ed v Chorv\u00e1tsku. Vyzer\u00e1 to tak, \u017ee tento [&hellip;]<\/p>\n","protected":false},"author":81,"featured_media":14121,"comment_status":"open","ping_status":"open","sticky":false,"template":"","format":"standard","meta":{"footnotes":""},"categories":[3],"tags":[1474,540,1476,1475,764,1040,412,179,598,935,1411,251,419,1444],"global-categories":[1074],"class_list":["post-14110","post","type-post","status-publish","format-standard","has-post-thumbnail","hentry","category-mtb","tag-april","tag-ceska-republika","tag-chorvatsko","tag-czech-mtb-cup","tag-detska-tour-petra-sagana","tag-mesacna-desiatka","tag-mtb","tag-preteky","tag-rakusko","tag-seria","tag-sezona-2022","tag-spanielsko","tag-taliansko","tag-xco","global-categories-cycling"],"yoast_head":"<!-- This site is optimized with the Yoast SEO Premium plugin v25.3 (Yoast SEO v25.9) - https:\/\/yoast.com\/wordpress\/plugins\/seo\/ -->\n<title>Apr\u00edlov\u00e1 desiatka MTB pretekov \u2013 za\u010d\u00edna sa n\u00e1m to rozbieha\u0165 - \u0160koda We Love Cycling Slovensko<\/title>\n<meta name=\"description\" content=\"V apr\u00edli m\u00e1me pre v\u00e1s okrem in\u00fdch pretekov skvel\u00fa ponuku troch zauj\u00edmav\u00fdch akci\u00ed v Chorv\u00e1tsku, ale aj na Slovensku a v \u010cesku.\" \/>\n<meta name=\"robots\" content=\"index, follow, max-snippet:-1, max-image-preview:large, max-video-preview:-1\" \/>\n<link rel=\"canonical\" href=\"https:\/\/www.welovecycling.com\/sk\/2022\/04\/02\/aprilova-desiatka-mtb-pretekov-zacina-sa-nam-to-rozbiehat\/\" \/>\n<meta property=\"og:locale\" content=\"sk_SK\" \/>\n<meta property=\"og:type\" content=\"article\" \/>\n<meta property=\"og:title\" content=\"Apr\u00edlov\u00e1 desiatka MTB pretekov \u2013 za\u010d\u00edna sa n\u00e1m to rozbieha\u0165\" \/>\n<meta property=\"og:description\" content=\"V apr\u00edli m\u00e1me pre v\u00e1s okrem in\u00fdch pretekov skvel\u00fa ponuku troch zauj\u00edmav\u00fdch akci\u00ed v Chorv\u00e1tsku, ale aj na Slovensku a v \u010cesku.\" \/>\n<meta property=\"og:url\" content=\"https:\/\/www.welovecycling.com\/sk\/2022\/04\/02\/aprilova-desiatka-mtb-pretekov-zacina-sa-nam-to-rozbiehat\/\" \/>\n<meta property=\"og:site_name\" content=\"\u0160koda We Love Cycling Slovensko\" \/>\n<meta property=\"article:published_time\" content=\"2022-04-02T08:00:19+00:00\" \/>\n<meta property=\"og:image\" content=\"https:\/\/d2p6e6u75xmxt8.cloudfront.net\/4\/2022\/03\/April_00.webp\" \/>\n\t<meta property=\"og:image:width\" content=\"1380\" \/>\n\t<meta property=\"og:image:height\" content=\"600\" \/>\n\t<meta property=\"og:image:type\" content=\"image\/webp\" \/>\n<meta name=\"twitter:card\" content=\"summary_large_image\" \/>\n<meta name=\"twitter:label1\" content=\"Written by\" \/>\n\t<meta name=\"twitter:data1\" content=\"Radovan Vr\u0161ka\" \/>\n\t<meta name=\"twitter:label2\" content=\"Est. reading time\" \/>\n\t<meta name=\"twitter:data2\" content=\"7\" \/>\n<script type=\"application\/ld+json\" class=\"yoast-schema-graph\">{\"@context\":\"https:\/\/schema.org\",\"@graph\":[{\"@type\":\"WebPage\",\"@id\":\"https:\/\/www.welovecycling.com\/sk\/2022\/04\/02\/aprilova-desiatka-mtb-pretekov-zacina-sa-nam-to-rozbiehat\/\",\"url\":\"https:\/\/www.welovecycling.com\/sk\/2022\/04\/02\/aprilova-desiatka-mtb-pretekov-zacina-sa-nam-to-rozbiehat\/\",\"name\":\"Apr\u00edlov\u00e1 desiatka MTB pretekov \u2013 za\u010d\u00edna sa n\u00e1m to rozbieha\u0165 - \u0160koda We Love Cycling Slovensko\",\"isPartOf\":{\"@id\":\"https:\/\/www.welovecycling.com\/sk\/#website\"},\"primaryImageOfPage\":{\"@id\":\"https:\/\/www.welovecycling.com\/sk\/2022\/04\/02\/aprilova-desiatka-mtb-pretekov-zacina-sa-nam-to-rozbiehat\/#primaryimage\"},\"image\":{\"@id\":\"https:\/\/www.welovecycling.com\/sk\/2022\/04\/02\/aprilova-desiatka-mtb-pretekov-zacina-sa-nam-to-rozbiehat\/#primaryimage\"},\"thumbnailUrl\":\"https:\/\/d2p6e6u75xmxt8.cloudfront.net\/4\/2022\/03\/April_00.webp\",\"datePublished\":\"2022-04-02T08:00:19+00:00\",\"author\":{\"@id\":\"\"},\"description\":\"V apr\u00edli m\u00e1me pre v\u00e1s okrem in\u00fdch pretekov skvel\u00fa ponuku troch zauj\u00edmav\u00fdch akci\u00ed v Chorv\u00e1tsku, ale aj na Slovensku a v \u010cesku.\",\"breadcrumb\":{\"@id\":\"https:\/\/www.welovecycling.com\/sk\/2022\/04\/02\/aprilova-desiatka-mtb-pretekov-zacina-sa-nam-to-rozbiehat\/#breadcrumb\"},\"inLanguage\":\"sk-SK\",\"potentialAction\":[{\"@type\":\"ReadAction\",\"target\":[\"https:\/\/www.welovecycling.com\/sk\/2022\/04\/02\/aprilova-desiatka-mtb-pretekov-zacina-sa-nam-to-rozbiehat\/\"]}]},{\"@type\":\"ImageObject\",\"inLanguage\":\"sk-SK\",\"@id\":\"https:\/\/www.welovecycling.com\/sk\/2022\/04\/02\/aprilova-desiatka-mtb-pretekov-zacina-sa-nam-to-rozbiehat\/#primaryimage\",\"url\":\"https:\/\/d2p6e6u75xmxt8.cloudfront.net\/4\/2022\/03\/April_00.webp\",\"contentUrl\":\"https:\/\/d2p6e6u75xmxt8.cloudfront.net\/4\/2022\/03\/April_00.webp\",\"width\":1380,\"height\":600},{\"@type\":\"BreadcrumbList\",\"@id\":\"https:\/\/www.welovecycling.com\/sk\/2022\/04\/02\/aprilova-desiatka-mtb-pretekov-zacina-sa-nam-to-rozbiehat\/#breadcrumb\",\"itemListElement\":[{\"@type\":\"ListItem\",\"position\":1,\"name\":\"Home\",\"item\":\"https:\/\/www.welovecycling.com\/sk\/\"},{\"@type\":\"ListItem\",\"position\":2,\"name\":\"Apr\u00edlov\u00e1 desiatka MTB pretekov \u2013 za\u010d\u00edna sa n\u00e1m to rozbieha\u0165\"}]},{\"@type\":\"WebSite\",\"@id\":\"https:\/\/www.welovecycling.com\/sk\/#website\",\"url\":\"https:\/\/www.welovecycling.com\/sk\/\",\"name\":\"\u0160koda We Love Cycling Slovensko\",\"description\":\"\u0160koda We Love Cycling Slovensko je v\u00e1\u0161 ka\u017edodenn\u00fd zdroj noviniek a in\u0161pir\u00e1cie z sveta cyklistiky\",\"potentialAction\":[{\"@type\":\"SearchAction\",\"target\":{\"@type\":\"EntryPoint\",\"urlTemplate\":\"https:\/\/www.welovecycling.com\/sk\/?s={search_term_string}\"},\"query-input\":{\"@type\":\"PropertyValueSpecification\",\"valueRequired\":true,\"valueName\":\"search_term_string\"}}],\"inLanguage\":\"sk-SK\"},{\"@type\":\"Person\",\"@id\":\"\",\"url\":\"https:\/\/www.welovecycling.com\/sk\/author\/\"}]}<\/script>\n<!-- \/ Yoast SEO Premium plugin. -->","yoast_head_json":{"title":"Apr\u00edlov\u00e1 desiatka MTB pretekov \u2013 za\u010d\u00edna sa n\u00e1m to rozbieha\u0165 - \u0160koda We Love Cycling Slovensko","description":"V apr\u00edli m\u00e1me pre v\u00e1s okrem in\u00fdch pretekov skvel\u00fa ponuku troch zauj\u00edmav\u00fdch akci\u00ed v Chorv\u00e1tsku, ale aj na Slovensku a v \u010cesku.","robots":{"index":"index","follow":"follow","max-snippet":"max-snippet:-1","max-image-preview":"max-image-preview:large","max-video-preview":"max-video-preview:-1"},"canonical":"https:\/\/www.welovecycling.com\/sk\/2022\/04\/02\/aprilova-desiatka-mtb-pretekov-zacina-sa-nam-to-rozbiehat\/","og_locale":"sk_SK","og_type":"article","og_title":"Apr\u00edlov\u00e1 desiatka MTB pretekov \u2013 za\u010d\u00edna sa n\u00e1m to rozbieha\u0165","og_description":"V apr\u00edli m\u00e1me pre v\u00e1s okrem in\u00fdch pretekov skvel\u00fa ponuku troch zauj\u00edmav\u00fdch akci\u00ed v Chorv\u00e1tsku, ale aj na Slovensku a v \u010cesku.","og_url":"https:\/\/www.welovecycling.com\/sk\/2022\/04\/02\/aprilova-desiatka-mtb-pretekov-zacina-sa-nam-to-rozbiehat\/","og_site_name":"\u0160koda We Love Cycling Slovensko","article_published_time":"2022-04-02T08:00:19+00:00","og_image":[{"width":1380,"height":600,"url":"https:\/\/d2p6e6u75xmxt8.cloudfront.net\/4\/2022\/03\/April_00.webp","type":"image\/webp"}],"twitter_card":"summary_large_image","twitter_misc":{"Written by":"Radovan Vr\u0161ka","Est. reading time":"7"},"schema":{"@context":"https:\/\/schema.org","@graph":[{"@type":"WebPage","@id":"https:\/\/www.welovecycling.com\/sk\/2022\/04\/02\/aprilova-desiatka-mtb-pretekov-zacina-sa-nam-to-rozbiehat\/","url":"https:\/\/www.welovecycling.com\/sk\/2022\/04\/02\/aprilova-desiatka-mtb-pretekov-zacina-sa-nam-to-rozbiehat\/","name":"Apr\u00edlov\u00e1 desiatka MTB pretekov \u2013 za\u010d\u00edna sa n\u00e1m to rozbieha\u0165 - \u0160koda We Love Cycling Slovensko","isPartOf":{"@id":"https:\/\/www.welovecycling.com\/sk\/#website"},"primaryImageOfPage":{"@id":"https:\/\/www.welovecycling.com\/sk\/2022\/04\/02\/aprilova-desiatka-mtb-pretekov-zacina-sa-nam-to-rozbiehat\/#primaryimage"},"image":{"@id":"https:\/\/www.welovecycling.com\/sk\/2022\/04\/02\/aprilova-desiatka-mtb-pretekov-zacina-sa-nam-to-rozbiehat\/#primaryimage"},"thumbnailUrl":"https:\/\/d2p6e6u75xmxt8.cloudfront.net\/4\/2022\/03\/April_00.webp","datePublished":"2022-04-02T08:00:19+00:00","author":{"@id":""},"description":"V apr\u00edli m\u00e1me pre v\u00e1s okrem in\u00fdch pretekov skvel\u00fa ponuku troch zauj\u00edmav\u00fdch akci\u00ed v Chorv\u00e1tsku, ale aj na Slovensku a v \u010cesku.","breadcrumb":{"@id":"https:\/\/www.welovecycling.com\/sk\/2022\/04\/02\/aprilova-desiatka-mtb-pretekov-zacina-sa-nam-to-rozbiehat\/#breadcrumb"},"inLanguage":"sk-SK","potentialAction":[{"@type":"ReadAction","target":["https:\/\/www.welovecycling.com\/sk\/2022\/04\/02\/aprilova-desiatka-mtb-pretekov-zacina-sa-nam-to-rozbiehat\/"]}]},{"@type":"ImageObject","inLanguage":"sk-SK","@id":"https:\/\/www.welovecycling.com\/sk\/2022\/04\/02\/aprilova-desiatka-mtb-pretekov-zacina-sa-nam-to-rozbiehat\/#primaryimage","url":"https:\/\/d2p6e6u75xmxt8.cloudfront.net\/4\/2022\/03\/April_00.webp","contentUrl":"https:\/\/d2p6e6u75xmxt8.cloudfront.net\/4\/2022\/03\/April_00.webp","width":1380,"height":600},{"@type":"BreadcrumbList","@id":"https:\/\/www.welovecycling.com\/sk\/2022\/04\/02\/aprilova-desiatka-mtb-pretekov-zacina-sa-nam-to-rozbiehat\/#breadcrumb","itemListElement":[{"@type":"ListItem","position":1,"name":"Home","item":"https:\/\/www.welovecycling.com\/sk\/"},{"@type":"ListItem","position":2,"name":"Apr\u00edlov\u00e1 desiatka MTB pretekov \u2013 za\u010d\u00edna sa n\u00e1m to rozbieha\u0165"}]},{"@type":"WebSite","@id":"https:\/\/www.welovecycling.com\/sk\/#website","url":"https:\/\/www.welovecycling.com\/sk\/","name":"\u0160koda We Love Cycling Slovensko","description":"\u0160koda We Love Cycling Slovensko je v\u00e1\u0161 ka\u017edodenn\u00fd zdroj noviniek a in\u0161pir\u00e1cie z sveta cyklistiky","potentialAction":[{"@type":"SearchAction","target":{"@type":"EntryPoint","urlTemplate":"https:\/\/www.welovecycling.com\/sk\/?s={search_term_string}"},"query-input":{"@type":"PropertyValueSpecification","valueRequired":true,"valueName":"search_term_string"}}],"inLanguage":"sk-SK"},{"@type":"Person","@id":"","url":"https:\/\/www.welovecycling.com\/sk\/author\/"}]}},"_links":{"self":[{"href":"https:\/\/www.welovecycling.com\/sk\/wp-json\/wp\/v2\/posts\/14110","targetHints":{"allow":["GET"]}}],"collection":[{"href":"https:\/\/www.welovecycling.com\/sk\/wp-json\/wp\/v2\/posts"}],"about":[{"href":"https:\/\/www.welovecycling.com\/sk\/wp-json\/wp\/v2\/types\/post"}],"author":[{"embeddable":true,"href":"https:\/\/www.welovecycling.com\/sk\/wp-json\/wp\/v2\/users\/81"}],"replies":[{"embeddable":true,"href":"https:\/\/www.welovecycling.com\/sk\/wp-json\/wp\/v2\/comments?post=14110"}],"version-history":[{"count":2,"href":"https:\/\/www.welovecycling.com\/sk\/wp-json\/wp\/v2\/posts\/14110\/revisions"}],"predecessor-version":[{"id":14127,"href":"https:\/\/www.welovecycling.com\/sk\/wp-json\/wp\/v2\/posts\/14110\/revisions\/14127"}],"wp:featuredmedia":[{"embeddable":true,"href":"https:\/\/www.welovecycling.com\/sk\/wp-json\/wp\/v2\/media\/14121"}],"wp:attachment":[{"href":"https:\/\/www.welovecycling.com\/sk\/wp-json\/wp\/v2\/media?parent=14110"}],"wp:term":[{"taxonomy":"category","embeddable":true,"href":"https:\/\/www.welovecycling.com\/sk\/wp-json\/wp\/v2\/categories?post=14110"},{"taxonomy":"post_tag","embeddable":true,"href":"https:\/\/www.welovecycling.com\/sk\/wp-json\/wp\/v2\/tags?post=14110"},{"taxonomy":"global-categories","embeddable":true,"href":"https:\/\/www.welovecycling.com\/sk\/wp-json\/wp\/v2\/global-categories?post=14110"}],"curies":[{"name":"wp","href":"https:\/\/api.w.org\/{rel}","templated":true}]}}