{"id":14090,"date":"2022-04-01T10:00:19","date_gmt":"2022-04-01T08:00:19","guid":{"rendered":"https:\/\/www.welovecycling.com\/sk\/?p=14090"},"modified":"2022-03-30T09:21:20","modified_gmt":"2022-03-30T07:21:20","slug":"aprilovy-prehlad-top-pretekov-sveta","status":"publish","type":"post","link":"https:\/\/www.welovecycling.com\/sk\/2022\/04\/01\/aprilovy-prehlad-top-pretekov-sveta\/","title":{"rendered":"Apr\u00edlov\u00fd preh\u013ead TOP pretekov sveta"},"content":{"rendered":"<p><strong>Tak, ako sme sa spolo\u010dne te\u0161ili minul\u00fd mesiac na za\u010diatok sez\u00f3ny, v apr\u00edli u\u017e prof\u00edci id\u00fa \u201efull gas.\u201d Marcov\u00e9 klasiky s\u00fa u\u017e minulos\u0165ou a na dvere klop\u00fa etap\u00e1ky, na ktor\u00fdch sa bud\u00fa pripravova\u0165 t\u00ed najlep\u0161\u00ed z najlep\u0161\u00edch, aby na najzn\u00e1mej\u0161\u00edch pretekoch ako Giro d\u2019Italia \u010di Tour de France mohli zdol\u00e1va\u0165 poriadnu porciu kilometrov.<\/strong><!--more--><\/p>\n<h2><strong>Cestn\u00e1 cyklistika<\/strong><\/h2>\n<ul>\n<li><strong>OKOLO FL\u00c1MSKA:<\/strong> 03. 04. 2022<\/li>\n<li><strong>AMSTEL GOLD RACE:<\/strong> 13. 04. 2022<\/li>\n<li><strong>PARIS-ROUBAIX:<\/strong> 17. 04. 2022<\/li>\n<li><strong>OKOLO \u00c1LP:<\/strong> 18. 04. &#8211; 22. 04. 2022<\/li>\n<li><strong>VAL\u00d3NSKY \u0160\u00cdP:<\/strong> 20. 04. 2022<\/li>\n<li><strong>LI\u00c8GE\u2013BASTOGNE\u2013LI\u00c8GE:<\/strong> 24. 04. 2022<\/li>\n<li><strong>OKOLO ROMANDIE:<\/strong> 26. 05. &#8211; 01. 05. 2022<\/li>\n<\/ul>\n<p><a href=\"https:\/\/d2p6e6u75xmxt8.cloudfront.net\/4\/2022\/03\/Jarne_klasiky_00.jpg\"><img loading=\"lazy\" decoding=\"async\" class=\"alignnone size-full wp-image-14100\" src=\"https:\/\/d2p6e6u75xmxt8.cloudfront.net\/4\/2022\/03\/Jarne_klasiky_00.jpg\" alt=\"\" width=\"1200\" height=\"800\" \/><\/a><\/p>\n<h2><strong>OKOLO FL\u00c1MSKA<\/strong><\/h2>\n<p>Ako sme na za\u010diatku n\u00e1\u0161ho \u010dl\u00e1nku ospevovali etap\u00e1ky, nesmieme zabudn\u00fa\u0165 ani na pokra\u010dovanie jarn\u00fdch, najzn\u00e1mej\u0161\u00edch klas\u00edk, medzi ktor\u00e9 sa rad\u00ed aj \u0161tart 106. ro\u010dn\u00edka Okolo Fl\u00e1mska, ktor\u00e9 pozn\u00e1me aj ako De Ronde van Vlaanderen. <strong>Kr\u00e1tke, ostr\u00e9 a \u010dasto dl\u00e1\u017eden\u00e9 st\u00fapania s\u00fa symbolom vy\u010derp\u00e1vaj\u00faceho charakteru pretekov.<\/strong> Jazdci vyr\u00e1\u017eaj\u00fa z Antverp, pri\u010dom trasa m\u00e1 272,5 kilometra. Dl\u00e1\u017eden\u00e9 kombo na Oude Kwaremont a Paterberg organiz\u00e1tori naserv\u00edrovali ako fin\u00e1le. Prvenstvo bude obhajova\u0165 Kasper Asgreen z t\u00edmu Quick-Step. \u0160tartova\u0165 by mal aj Peter Sagan.<\/p>\n<p>https:\/\/www.instagram.com\/p\/CNR6ZcRhhWa\/<\/p>\n<h2><strong>AMSTEL GOLD RACE<\/strong><\/h2>\n<p>Na 56. ro\u010dn\u00edk \u010fal\u0161ej zn\u00e1mej holandskej klasiky sa ur\u010dite te\u0161\u00ed najr\u00fdchlej\u0161\u00ed mu\u017e vla\u0148aj\u0161ieho ro\u010dn\u00edka Wout van Aert alias Flemish powerhouse, ktor\u00fd bol vo fotofini\u0161i napokon r\u00fdchlej\u0161\u00ed ne\u017e Tom Pidcock. <strong>S \u00fazkymi cestami, desiatkami kopcov a neust\u00e1lym kr\u00faten\u00edm sa, preteky otv\u00e1raj\u00fa tril\u00f3giu troch ard\u00e9nskych klas\u00edk.<\/strong> Verzia trate tohto roku m\u00e1 a\u017e 254,1 kilometra a obsahuje 33 st\u00fapan\u00ed. Cauberg bol cel\u00e9 roky neodmyslite\u013en\u00fdm st\u00fapan\u00edm, ale tento scen\u00e1r bol prv\u00fdkr\u00e1t zmenen\u00fd v roku 2017 v prospech fin\u00e1le s Geulhemmerbergom a Bemelerbergom. \u0160tartova\u0165 by mal aj Peter Sagan.<\/p>\n<p>https:\/\/www.instagram.com\/p\/CRE2Y6DlWat\/<\/p>\n<h2><strong>PARIS-ROUBAIX<\/strong><\/h2>\n<p>Kto by si nepam\u00e4tal na tieto bl\u00e1zniv\u00e9 preteky so \u0161ialenou kond\u00edciou trate z okt\u00f3bra 2021, zn\u00e1me aj ako Peklo severu? Zv\u00ed\u0165azil tu Sony Colbrelli, Peter Sagan s p\u00e1dom a Martin Svr\u010dek skon\u010dil medzi juniormi \u0161iesty! <strong>Tieto preteky maj\u00fa 257,2 kilometra a zv\u00e4\u010d\u0161a \u0165a\u017ek\u00e9 kond\u00edcie trate, s\u00fa jedny z najstar\u0161\u00edch a naj\u0165a\u017e\u0161\u00edch jednod\u0148ov\u00fdch pretekov<\/strong>, v ktor\u00fdch jazdci musia pretrpie\u0165 nieko\u013eko dl\u00e1\u017eden\u00fdch sektorov \u2013 presnej\u0161ie 54,8 kilometra \u2013 predt\u00fdm, ako skon\u010dia na velodrome Roubaix. \u0160tartova\u0165 by mal aj Peter Sagan.<\/p>\n<p>https:\/\/www.instagram.com\/p\/CUk6qQ0sd_j\/<\/p>\n<h2><strong>OKOLO \u00c1LP<\/strong><\/h2>\n<p>45. ro\u010dn\u00edk od\u0161tartuje v pondelok 18. apr\u00edla a skon\u010d\u00ed v piatok 21. apr\u00edla. <strong>Horsk\u00e9 preteky poved\u00fa cez talianske a rak\u00faske Alpy, pri\u010dom prev\u00fd\u0161enie dosahuje pribli\u017ene a\u017e 13 750 metrov.<\/strong> Hist\u00f3ria pretekov siaha do roku 1962. Dlho sme tieto preteky mohli pozna\u0165 pod n\u00e1zvom Giro del Trentino (Tour of Trentino), no n\u00e1zov sa zmenil v roku 2016, kedy sa preteky roz\u0161\u00edrili aj na \u00fazemie Rak\u00faska. Presl\u00e1vili sa najm\u00e4 vysielan\u00edm na Eurosporte. Celkov\u00fdm v\u00ed\u0165azom je Simon Yates.<\/p>\n<p>https:\/\/www.instagram.com\/p\/CSD8bFDNYKW\/<\/p>\n<h2><strong>VAL\u00d3NSKY \u0160\u00cdP<\/strong><\/h2>\n<p>Alebo aj LA FL\u00c8CHE WALLONNE od\u0161tartuj\u00fa 86. ed\u00edciu pretekov u\u017e 20. apr\u00edla. Z roku 1936 s\u00fa strm\u00e9 kopce v Arden\u00e1ch symbolom pretekov. <strong>Cie\u013e le\u017e\u00ed na vrchole Wall of Huy, 1,3 kilometrov\u00e9 st\u00fapanie s \u00fasekmi do 17 %.<\/strong> Toto vydanie pretekov bude ma\u0165 v roku 2022 celkovo 202,1 kilometrov. Julian Alaphilippe vyhral minuloro\u010dn\u00fa ed\u00edciu pred Primo\u017eom Rogli\u010dom a rekord\u00e9rom Alejandra Valverdeho.<\/p>\n<p>https:\/\/www.facebook.com\/FlecheWallonne\/photos\/3957138567686928<\/p>\n<p><!--more--><\/p>\n<h2><strong>LI\u00c8GE\u2013BASTOGNE\u2013LI\u00c8GE<\/strong><\/h2>\n<p>108. ro\u010dn\u00edk Li\u00e8ge\u2013Bastogne\u2013Li\u00e8ge sa uskuto\u010dn\u00ed v nede\u013eu 24. apr\u00edla. <strong>La Doyenne, ako preteky prez\u00fdvaj\u00fa, je jednou z najstar\u0161\u00edch klas\u00edk v cyklistickom kalend\u00e1ri a je \u0161tvrt\u00fdm monumentom v sez\u00f3ne.<\/strong> Li\u00e8ge\u2013Bastogne\u2013Li\u00e8ge je poslednou z jarn\u00fdch klas\u00edk pred za\u010diatkom sez\u00f3ny Grand Tour. Preteky maj\u00fa d\u013a\u017eku 254,7 kilometra, id\u00fa z Li\u00e8ge smerom na Bastogne, kde sa oto\u010dia a smeruj\u00fa sp\u00e4\u0165 do Li\u00e8ge cez jedny z naj\u0165a\u017e\u0161\u00edch st\u00fapan\u00ed v Arden\u00e1ch, vr\u00e1tane ikonickej La Redoute. Po 27 rokoch na predmest\u00ed Ans sa cie\u013e La Doyenne v roku 2019 vr\u00e1til do centra Li\u00e8ge. Tadej Poga\u010dar si minul\u00fd ro\u010dn\u00edk vyjazdil jednotku na chrbte.<\/p>\n<p>https:\/\/www.instagram.com\/p\/COGKC8CBDzN\/<\/p>\n<h2><strong>OKOLO ROMANDIE<\/strong><\/h2>\n<p>75. ro\u010dn\u00edk Tour de Romandie je v kalend\u00e1ri od utorka 26. apr\u00edla do nedele 1. m\u00e1ja. <strong>Trasa zah\u0155\u0148a prev\u00fd\u0161enie viac ako 14 000 metrov.<\/strong> Prol\u00f3g a z\u00e1vere\u010dn\u00fa \u010dasovku jednotlivcov uzatv\u00e1ra jedna horsk\u00e1 etapa a \u0161ance pre \u0161print\u00e9rov, \u201e\u00fanik\u00e1rov\u201d a klasik\u00e1rov. 74. ro\u010dn\u00edk priniesol prventsvo Geraintovi Thomasovi.<\/p>\n<p>https:\/\/www.instagram.com\/p\/COZz7v4hC48\/<\/p>\n<p>Tituln\u00e1 foto: Photo by Simon Connellan on Unsplash<\/p>\n","protected":false},"excerpt":{"rendered":"<p>Tak, ako sme sa spolo\u010dne te\u0161ili minul\u00fd mesiac na za\u010diatok sez\u00f3ny, v apr\u00edli u\u017e prof\u00edci id\u00fa \u201efull gas.\u201d Marcov\u00e9 klasiky [&hellip;]<\/p>\n","protected":false},"author":81,"featured_media":14099,"comment_status":"open","ping_status":"open","sticky":false,"template":"","format":"standard","meta":{"footnotes":""},"categories":[63],"tags":[491,427,331,418,1473,1472,432,1471,429,1470,428,46,179,885,1411,219],"global-categories":[1074],"class_list":["post-14090","post","type-post","status-publish","format-standard","has-post-thumbnail","hentry","category-grand-tour","tag-alejandro-valverde","tag-amstel-gold-race","tag-etapove-preteky","tag-jarne-klasiky","tag-kasper-asgreen","tag-la-fleche-wallonne","tag-liege-bastogne-liege","tag-okolo-alp","tag-okolo-flamska","tag-okolo-romandie","tag-pariz-roubaix","tag-peter-sagan","tag-preteky","tag-profesional","tag-sezona-2022","tag-vuelta-a-espana","global-categories-cycling"],"yoast_head":"<!-- This site is optimized with the Yoast SEO Premium plugin v25.3 (Yoast SEO v25.9) - https:\/\/yoast.com\/wordpress\/plugins\/seo\/ -->\n<title>Apr\u00edlov\u00fd preh\u013ead TOP pretekov sveta - \u0160koda We Love Cycling Slovensko<\/title>\n<meta name=\"description\" content=\"Tak, ako sme sa spolo\u010dne te\u0161ili minul\u00fd mesiac na za\u010diatok sez\u00f3ny, v apr\u00edli u\u017e prof\u00edci id\u00fa \u201efull gas.\u201d Marcov\u00e9 klasiky s\u00fa minulos\u0165ou.\" \/>\n<meta name=\"robots\" content=\"index, follow, max-snippet:-1, max-image-preview:large, max-video-preview:-1\" \/>\n<link rel=\"canonical\" href=\"https:\/\/www.welovecycling.com\/sk\/2022\/04\/01\/aprilovy-prehlad-top-pretekov-sveta\/\" \/>\n<meta property=\"og:locale\" content=\"sk_SK\" \/>\n<meta property=\"og:type\" content=\"article\" \/>\n<meta property=\"og:title\" content=\"Apr\u00edlov\u00fd preh\u013ead TOP pretekov sveta\" \/>\n<meta property=\"og:description\" content=\"Tak, ako sme sa spolo\u010dne te\u0161ili minul\u00fd mesiac na za\u010diatok sez\u00f3ny, v apr\u00edli u\u017e prof\u00edci id\u00fa \u201efull gas.\u201d Marcov\u00e9 klasiky s\u00fa minulos\u0165ou.\" \/>\n<meta property=\"og:url\" content=\"https:\/\/www.welovecycling.com\/sk\/2022\/04\/01\/aprilovy-prehlad-top-pretekov-sveta\/\" \/>\n<meta property=\"og:site_name\" content=\"\u0160koda We Love Cycling Slovensko\" \/>\n<meta property=\"article:published_time\" content=\"2022-04-01T08:00:19+00:00\" \/>\n<meta property=\"og:image\" content=\"https:\/\/d2p6e6u75xmxt8.cloudfront.net\/4\/2022\/03\/Paris-Roubaix_00.webp\" \/>\n\t<meta property=\"og:image:width\" content=\"1380\" \/>\n\t<meta property=\"og:image:height\" content=\"600\" \/>\n\t<meta property=\"og:image:type\" content=\"image\/webp\" \/>\n<meta name=\"twitter:card\" content=\"summary_large_image\" \/>\n<meta name=\"twitter:label1\" content=\"Written by\" \/>\n\t<meta name=\"twitter:data1\" content=\"Dominik Tvrd\u00fd\" \/>\n\t<meta name=\"twitter:label2\" content=\"Est. reading time\" \/>\n\t<meta name=\"twitter:data2\" content=\"4\" \/>\n<script type=\"application\/ld+json\" class=\"yoast-schema-graph\">{\"@context\":\"https:\/\/schema.org\",\"@graph\":[{\"@type\":\"WebPage\",\"@id\":\"https:\/\/www.welovecycling.com\/sk\/2022\/04\/01\/aprilovy-prehlad-top-pretekov-sveta\/\",\"url\":\"https:\/\/www.welovecycling.com\/sk\/2022\/04\/01\/aprilovy-prehlad-top-pretekov-sveta\/\",\"name\":\"Apr\u00edlov\u00fd preh\u013ead TOP pretekov sveta - \u0160koda We Love Cycling Slovensko\",\"isPartOf\":{\"@id\":\"https:\/\/www.welovecycling.com\/sk\/#website\"},\"primaryImageOfPage\":{\"@id\":\"https:\/\/www.welovecycling.com\/sk\/2022\/04\/01\/aprilovy-prehlad-top-pretekov-sveta\/#primaryimage\"},\"image\":{\"@id\":\"https:\/\/www.welovecycling.com\/sk\/2022\/04\/01\/aprilovy-prehlad-top-pretekov-sveta\/#primaryimage\"},\"thumbnailUrl\":\"https:\/\/d2p6e6u75xmxt8.cloudfront.net\/4\/2022\/03\/Paris-Roubaix_00.webp\",\"datePublished\":\"2022-04-01T08:00:19+00:00\",\"author\":{\"@id\":\"\"},\"description\":\"Tak, ako sme sa spolo\u010dne te\u0161ili minul\u00fd mesiac na za\u010diatok sez\u00f3ny, v apr\u00edli u\u017e prof\u00edci id\u00fa \u201efull gas.\u201d Marcov\u00e9 klasiky s\u00fa minulos\u0165ou.\",\"breadcrumb\":{\"@id\":\"https:\/\/www.welovecycling.com\/sk\/2022\/04\/01\/aprilovy-prehlad-top-pretekov-sveta\/#breadcrumb\"},\"inLanguage\":\"sk-SK\",\"potentialAction\":[{\"@type\":\"ReadAction\",\"target\":[\"https:\/\/www.welovecycling.com\/sk\/2022\/04\/01\/aprilovy-prehlad-top-pretekov-sveta\/\"]}]},{\"@type\":\"ImageObject\",\"inLanguage\":\"sk-SK\",\"@id\":\"https:\/\/www.welovecycling.com\/sk\/2022\/04\/01\/aprilovy-prehlad-top-pretekov-sveta\/#primaryimage\",\"url\":\"https:\/\/d2p6e6u75xmxt8.cloudfront.net\/4\/2022\/03\/Paris-Roubaix_00.webp\",\"contentUrl\":\"https:\/\/d2p6e6u75xmxt8.cloudfront.net\/4\/2022\/03\/Paris-Roubaix_00.webp\",\"width\":1380,\"height\":600},{\"@type\":\"BreadcrumbList\",\"@id\":\"https:\/\/www.welovecycling.com\/sk\/2022\/04\/01\/aprilovy-prehlad-top-pretekov-sveta\/#breadcrumb\",\"itemListElement\":[{\"@type\":\"ListItem\",\"position\":1,\"name\":\"Home\",\"item\":\"https:\/\/www.welovecycling.com\/sk\/\"},{\"@type\":\"ListItem\",\"position\":2,\"name\":\"Apr\u00edlov\u00fd preh\u013ead TOP pretekov sveta\"}]},{\"@type\":\"WebSite\",\"@id\":\"https:\/\/www.welovecycling.com\/sk\/#website\",\"url\":\"https:\/\/www.welovecycling.com\/sk\/\",\"name\":\"\u0160koda We Love Cycling Slovensko\",\"description\":\"\u0160koda We Love Cycling Slovensko je v\u00e1\u0161 ka\u017edodenn\u00fd zdroj noviniek a in\u0161pir\u00e1cie z sveta cyklistiky\",\"potentialAction\":[{\"@type\":\"SearchAction\",\"target\":{\"@type\":\"EntryPoint\",\"urlTemplate\":\"https:\/\/www.welovecycling.com\/sk\/?s={search_term_string}\"},\"query-input\":{\"@type\":\"PropertyValueSpecification\",\"valueRequired\":true,\"valueName\":\"search_term_string\"}}],\"inLanguage\":\"sk-SK\"},{\"@type\":\"Person\",\"@id\":\"\",\"url\":\"https:\/\/www.welovecycling.com\/sk\/author\/\"}]}<\/script>\n<!-- \/ Yoast SEO Premium plugin. -->","yoast_head_json":{"title":"Apr\u00edlov\u00fd preh\u013ead TOP pretekov sveta - \u0160koda We Love Cycling Slovensko","description":"Tak, ako sme sa spolo\u010dne te\u0161ili minul\u00fd mesiac na za\u010diatok sez\u00f3ny, v apr\u00edli u\u017e prof\u00edci id\u00fa \u201efull gas.\u201d Marcov\u00e9 klasiky s\u00fa minulos\u0165ou.","robots":{"index":"index","follow":"follow","max-snippet":"max-snippet:-1","max-image-preview":"max-image-preview:large","max-video-preview":"max-video-preview:-1"},"canonical":"https:\/\/www.welovecycling.com\/sk\/2022\/04\/01\/aprilovy-prehlad-top-pretekov-sveta\/","og_locale":"sk_SK","og_type":"article","og_title":"Apr\u00edlov\u00fd preh\u013ead TOP pretekov sveta","og_description":"Tak, ako sme sa spolo\u010dne te\u0161ili minul\u00fd mesiac na za\u010diatok sez\u00f3ny, v apr\u00edli u\u017e prof\u00edci id\u00fa \u201efull gas.\u201d Marcov\u00e9 klasiky s\u00fa minulos\u0165ou.","og_url":"https:\/\/www.welovecycling.com\/sk\/2022\/04\/01\/aprilovy-prehlad-top-pretekov-sveta\/","og_site_name":"\u0160koda We Love Cycling Slovensko","article_published_time":"2022-04-01T08:00:19+00:00","og_image":[{"width":1380,"height":600,"url":"https:\/\/d2p6e6u75xmxt8.cloudfront.net\/4\/2022\/03\/Paris-Roubaix_00.webp","type":"image\/webp"}],"twitter_card":"summary_large_image","twitter_misc":{"Written by":"Dominik Tvrd\u00fd","Est. reading time":"4"},"schema":{"@context":"https:\/\/schema.org","@graph":[{"@type":"WebPage","@id":"https:\/\/www.welovecycling.com\/sk\/2022\/04\/01\/aprilovy-prehlad-top-pretekov-sveta\/","url":"https:\/\/www.welovecycling.com\/sk\/2022\/04\/01\/aprilovy-prehlad-top-pretekov-sveta\/","name":"Apr\u00edlov\u00fd preh\u013ead TOP pretekov sveta - \u0160koda We Love Cycling Slovensko","isPartOf":{"@id":"https:\/\/www.welovecycling.com\/sk\/#website"},"primaryImageOfPage":{"@id":"https:\/\/www.welovecycling.com\/sk\/2022\/04\/01\/aprilovy-prehlad-top-pretekov-sveta\/#primaryimage"},"image":{"@id":"https:\/\/www.welovecycling.com\/sk\/2022\/04\/01\/aprilovy-prehlad-top-pretekov-sveta\/#primaryimage"},"thumbnailUrl":"https:\/\/d2p6e6u75xmxt8.cloudfront.net\/4\/2022\/03\/Paris-Roubaix_00.webp","datePublished":"2022-04-01T08:00:19+00:00","author":{"@id":""},"description":"Tak, ako sme sa spolo\u010dne te\u0161ili minul\u00fd mesiac na za\u010diatok sez\u00f3ny, v apr\u00edli u\u017e prof\u00edci id\u00fa \u201efull gas.\u201d Marcov\u00e9 klasiky s\u00fa minulos\u0165ou.","breadcrumb":{"@id":"https:\/\/www.welovecycling.com\/sk\/2022\/04\/01\/aprilovy-prehlad-top-pretekov-sveta\/#breadcrumb"},"inLanguage":"sk-SK","potentialAction":[{"@type":"ReadAction","target":["https:\/\/www.welovecycling.com\/sk\/2022\/04\/01\/aprilovy-prehlad-top-pretekov-sveta\/"]}]},{"@type":"ImageObject","inLanguage":"sk-SK","@id":"https:\/\/www.welovecycling.com\/sk\/2022\/04\/01\/aprilovy-prehlad-top-pretekov-sveta\/#primaryimage","url":"https:\/\/d2p6e6u75xmxt8.cloudfront.net\/4\/2022\/03\/Paris-Roubaix_00.webp","contentUrl":"https:\/\/d2p6e6u75xmxt8.cloudfront.net\/4\/2022\/03\/Paris-Roubaix_00.webp","width":1380,"height":600},{"@type":"BreadcrumbList","@id":"https:\/\/www.welovecycling.com\/sk\/2022\/04\/01\/aprilovy-prehlad-top-pretekov-sveta\/#breadcrumb","itemListElement":[{"@type":"ListItem","position":1,"name":"Home","item":"https:\/\/www.welovecycling.com\/sk\/"},{"@type":"ListItem","position":2,"name":"Apr\u00edlov\u00fd preh\u013ead TOP pretekov sveta"}]},{"@type":"WebSite","@id":"https:\/\/www.welovecycling.com\/sk\/#website","url":"https:\/\/www.welovecycling.com\/sk\/","name":"\u0160koda We Love Cycling Slovensko","description":"\u0160koda We Love Cycling Slovensko je v\u00e1\u0161 ka\u017edodenn\u00fd zdroj noviniek a in\u0161pir\u00e1cie z sveta cyklistiky","potentialAction":[{"@type":"SearchAction","target":{"@type":"EntryPoint","urlTemplate":"https:\/\/www.welovecycling.com\/sk\/?s={search_term_string}"},"query-input":{"@type":"PropertyValueSpecification","valueRequired":true,"valueName":"search_term_string"}}],"inLanguage":"sk-SK"},{"@type":"Person","@id":"","url":"https:\/\/www.welovecycling.com\/sk\/author\/"}]}},"_links":{"self":[{"href":"https:\/\/www.welovecycling.com\/sk\/wp-json\/wp\/v2\/posts\/14090","targetHints":{"allow":["GET"]}}],"collection":[{"href":"https:\/\/www.welovecycling.com\/sk\/wp-json\/wp\/v2\/posts"}],"about":[{"href":"https:\/\/www.welovecycling.com\/sk\/wp-json\/wp\/v2\/types\/post"}],"author":[{"embeddable":true,"href":"https:\/\/www.welovecycling.com\/sk\/wp-json\/wp\/v2\/users\/81"}],"replies":[{"embeddable":true,"href":"https:\/\/www.welovecycling.com\/sk\/wp-json\/wp\/v2\/comments?post=14090"}],"version-history":[{"count":2,"href":"https:\/\/www.welovecycling.com\/sk\/wp-json\/wp\/v2\/posts\/14090\/revisions"}],"predecessor-version":[{"id":14109,"href":"https:\/\/www.welovecycling.com\/sk\/wp-json\/wp\/v2\/posts\/14090\/revisions\/14109"}],"wp:featuredmedia":[{"embeddable":true,"href":"https:\/\/www.welovecycling.com\/sk\/wp-json\/wp\/v2\/media\/14099"}],"wp:attachment":[{"href":"https:\/\/www.welovecycling.com\/sk\/wp-json\/wp\/v2\/media?parent=14090"}],"wp:term":[{"taxonomy":"category","embeddable":true,"href":"https:\/\/www.welovecycling.com\/sk\/wp-json\/wp\/v2\/categories?post=14090"},{"taxonomy":"post_tag","embeddable":true,"href":"https:\/\/www.welovecycling.com\/sk\/wp-json\/wp\/v2\/tags?post=14090"},{"taxonomy":"global-categories","embeddable":true,"href":"https:\/\/www.welovecycling.com\/sk\/wp-json\/wp\/v2\/global-categories?post=14090"}],"curies":[{"name":"wp","href":"https:\/\/api.w.org\/{rel}","templated":true}]}}