{"id":14070,"date":"2022-04-06T10:00:48","date_gmt":"2022-04-06T08:00:48","guid":{"rendered":"https:\/\/www.welovecycling.com\/sk\/?p=14070"},"modified":"2022-03-30T09:23:53","modified_gmt":"2022-03-30T07:23:53","slug":"vsetko-co-potrebujete-pri-planovani-viacdnoveho-vyletu-na-horskom-bicykli","status":"publish","type":"post","link":"https:\/\/www.welovecycling.com\/sk\/2022\/04\/06\/vsetko-co-potrebujete-pri-planovani-viacdnoveho-vyletu-na-horskom-bicykli\/","title":{"rendered":"V\u0161etko, \u010do potrebujete pri pl\u00e1novan\u00ed viacd\u0148ov\u00e9ho v\u00fdletu na horskom bicykli"},"content":{"rendered":"<p><strong>Napl\u00e1nova\u0165 si viacd\u0148ov\u00fd v\u00fdlet na bicykli v ter\u00e9ne alias bikepacking je v\u00fdzva sama o sebe. Zatia\u013e, \u010do pre niekoho to m\u00f4\u017ee by\u0165 ve\u013ek\u00e9 nezn\u00e1mo l\u00e1kadlom na dobrodru\u017estvo, pre in\u00e9ho to m\u00f4\u017ee by\u0165 nepr\u00edjemn\u00e1 neistota. Ak si chcete u\u017ei\u0165 \u00faspe\u0161n\u00fd v\u00fdlet na bicykli, budete si musie\u0165 napl\u00e1nova\u0165 nieko\u013eko vec\u00ed vopred a uisti\u0165 sa, \u017ee si zbal\u00edte to najnutnej\u0161ie. V tomto kr\u00e1tkom a jednoduchom sprievodcovi pokryjeme niektor\u00e9 z\u00e1kladn\u00e9 veci oh\u013eadne pl\u00e1novania trasy a vec\u00ed, ktor\u00e9 by ste mali ma\u0165 so sebou.<\/strong><\/p>\n<p><!--more--><\/p>\n<p>V kone\u010dnom d\u00f4sledku v\u00e1s to len na\u0161tartuje. Ak u\u017e m\u00e1te nejak\u00e9 sk\u00fasenosti s turistikou, potom sa uplatnia podobn\u00e9 zru\u010dnosti. Len trochu in\u00fdm tempom. T<strong>oto tempo bude nevyhnutne z\u00e1visl\u00e9 od va\u0161ich dlh\u00fdch dn\u00ed v sedle, preto\u017ee v\u00e1\u0161 bicykel bude plne nalo\u017een\u00fd a ter\u00e9n sa m\u00f4\u017ee ve\u013emi l\u00ed\u0161i\u0165.<\/strong> Ak\u00e1ko\u013evek cesta, ktor\u00fa podniknete, sa stane ve\u013ek\u00fdm z\u00e1\u017eitkom a ur\u010dite si na nej u\u017eijete kopu z\u00e1bavy.<\/p>\n<figure id=\"attachment_14071\" aria-describedby=\"caption-attachment-14071\" style=\"width: 1000px\" class=\"wp-caption alignnone\"><a href=\"https:\/\/d2p6e6u75xmxt8.cloudfront.net\/4\/2022\/03\/Bikepacking-profimedia-0418251797.jpg\"><img loading=\"lazy\" decoding=\"async\" class=\"wp-image-14071 size-full\" src=\"https:\/\/d2p6e6u75xmxt8.cloudfront.net\/4\/2022\/03\/Bikepacking-profimedia-0418251797.jpg\" alt=\"Bikepacking\" width=\"1000\" height=\"667\" \/><\/a><figcaption id=\"caption-attachment-14071\" class=\"wp-caption-text\">Ak nem\u00e1te ve\u013ea \u010dasu alebo v\u00e1s \u0161peci\u00e1lne nezauj\u00edma navrhovanie konkr\u00e9tnej bikepackingovej trasy, m\u00f4\u017eete vyu\u017ei\u0165 niektor\u00e9 z u\u017e vytvoren\u00fdch. \u00a9 Profimedia<\/figcaption><\/figure>\n<h2><strong>1) Trasa<\/strong><\/h2>\n<p>Jednou z najlep\u0161\u00edch vec\u00ed na bikepackingu je sloboda objavovania. Samozrejme, v z\u00e1vislosti od v\u00e1\u0161ho bicykla a va\u0161ej t\u00fa\u017eby sk\u00fasi\u0165 drsnej\u0161\u00ed ter\u00e9n, m\u00f4\u017eete by\u0165 mierne obmedzen\u00ed. Ale ove\u013ea menej, ako si mysl\u00edte. <strong>Ak ste niekde v lese na bicykli, m\u00f4\u017eete sa zastavi\u0165, kde sa v\u00e1m p\u00e1\u010di<\/strong> (samozrejme v rozumn\u00fdch medziach). A ako na ka\u017ed\u00fd v\u00fdlet, m\u00f4\u017eete \u00eds\u0165 na druh\u00fd koniec sveta, alebo m\u00f4\u017eete vyrazi\u0165 len do bl\u00edzkeho okolia. Mo\u017enosti s\u00fa nekone\u010dn\u00e9.<\/p>\n<p>To v\u0161etko je tu v\u0161ak pri h\u013eadan\u00ed n\u00e1vodu celkom zbyto\u010dn\u00e9. Ako si teda vybra\u0165 trasu? Mo\u017eno preferujete starom\u00f3dnu papierov\u00fa mapu a ceruzku, alebo online platformu, ako napr\u00edklad nejak\u00fd online pl\u00e1nova\u010d tr\u00e1s. Napr\u00edklad aplik\u00e1cia <a href=\"https:\/\/www.komoot.com\/\" rel=\"noopener\" target=\"_blank\">Komoot<\/a> v\u00e1m pohodlne umo\u017e\u0148uje vyt\u00fd\u010di\u0165 trasu pod\u013ea va\u0161ich preferenci\u00ed. <strong>\u010ci u\u017e je to cesta, horsk\u00fd povrch alebo \u0161trk.<\/strong> Pou\u017e\u00edvanie satelitn\u00fdch sn\u00edmok (napr\u00edklad v map\u00e1ch Google) na presk\u00famanie ter\u00e9nu v\u00e1m m\u00f4\u017ee pom\u00f4c\u0165 vyhn\u00fa\u0165 sa prekvapeniam na va\u0161ej ceste a zv\u00fdrazni\u0165 jazdn\u00e9 trasy.<\/p>\n<h2><strong>2) Ubytovanie a z\u00e1sobovanie vodou<\/strong><\/h2>\n<p>D\u00f4le\u017eit\u00fdm prvkom pl\u00e1novania va\u0161ej trasy bude zisti\u0165, kde budete spa\u0165. M\u00f4\u017ee to by\u0165 nie\u010do, \u010do si napl\u00e1nujete vopred, alebo m\u00f4\u017eete jazdi\u0165, a\u017e k\u00fdm nebudete unaven\u00ed. M\u00f4\u017eete sa rozhodn\u00fa\u0165 rezervova\u0165 si kempy vopred, divok\u00fd kemp za pochodu alebo kombin\u00e1ciu oboch. Mo\u017eno e\u0161te neviete, ako \u010faleko m\u00f4\u017eete pohodlne prejs\u0165 za de\u0148 s plne nalo\u017een\u00fdm bicyklom. A to je tie\u017e v poriadku.<\/p>\n<p>Divok\u00e9 kempovanie je dobrodru\u017estvo samo o sebe, tak\u017ee ak ste to e\u0161te nikdy nerobili, stoj\u00ed za to urobi\u0165 si trochu prieskum. <strong>Zistite si nie\u010do o z\u00e1konoch v krajine, v ktorej pl\u00e1nujete spa\u0165, preto\u017ee na mnoh\u00fdch miestach je to technicky nez\u00e1konn\u00e9 bez povolenia vlastn\u00edka pozemku.<\/strong> Budete musie\u0165 zv\u00e1\u017ei\u0165 aj tak\u00e9 veci, ako napr\u00edklad n\u00e1js\u0165 a filtrova\u0165 vodu a myslie\u0165 aj na to, kde sa umyjete. Filtr\u00e1cia vody je zvy\u010dajne nevyhnutn\u00fdm krokom, ak si naber\u00e1te vodu z riek a potokov. Najm\u00e4, ak s\u00fa pr\u00edtomn\u00e9 hospod\u00e1rske zvierat\u00e1. Existuje mno\u017estvo dostupn\u00fdch syst\u00e9mov, \u010di u\u017e vo forme tabliet alebo fyzick\u00e9ho filtra, a \u010dasto z\u00e1vis\u00ed od osobn\u00fdch preferenci\u00ed.<\/p>\n<p>Nech u\u017e sa rozhodnete akoko\u013evek, dobr\u00fd sp\u00e1nok je k\u013e\u00fa\u010dom k tomu, aby ste si u\u017eili dobrodru\u017estvo, tak\u017ee v\u00e1m pom\u00f4\u017ee presk\u00fama\u0165 z\u00e1klady oh\u013eadom spania vonku.<\/p>\n<figure id=\"attachment_14072\" aria-describedby=\"caption-attachment-14072\" style=\"width: 1000px\" class=\"wp-caption alignnone\"><a href=\"https:\/\/d2p6e6u75xmxt8.cloudfront.net\/4\/2022\/03\/Bikepacking-profimedia-0450997638.jpg\"><img loading=\"lazy\" decoding=\"async\" class=\"wp-image-14072 size-full\" src=\"https:\/\/d2p6e6u75xmxt8.cloudfront.net\/4\/2022\/03\/Bikepacking-profimedia-0450997638.jpg\" alt=\"Friends bikepacking\" width=\"1000\" height=\"667\" \/><\/a><figcaption id=\"caption-attachment-14072\" class=\"wp-caption-text\">Pri balen\u00ed je d\u00f4le\u017eit\u00e9 d\u00e1va\u0165 pozor na rozlo\u017eenie hmotnosti, preto\u017ee nespr\u00e1vne rozlo\u017eenie m\u00f4\u017ee urobi\u0165 z ovl\u00e1dania bicykla no\u010dn\u00fa moru. \u00a9 Profimedia<\/figcaption><\/figure>\n<h2><strong>3) S\u00faprava ta\u0161iek na bicykel<\/strong><\/h2>\n<p>Potreba investova\u0165 do dobrej s\u00fapravy je m\u00fdtus. Najlep\u0161ia s\u00faprava, ktor\u00fa m\u00f4\u017eete pou\u017ei\u0165, aby ste sa na bicykli dobre zabavili, s\u00fa veci, ktor\u00e9 u\u017e m\u00e1te. Samozrejme, existuj\u00fa veci, ktor\u00e9 si mo\u017eno budete musie\u0165 k\u00fapi\u0165, aby ste mohli za\u010da\u0165. \u010casom mo\u017eno budete chcie\u0165 vylep\u0161i\u0165 svoj v\u00fdber, aby ste sa c\u00edtili pohodlnej\u0161ie, ale nem\u00e1 zmysel m\u00ed\u0148a\u0165 stovky eur, aby ste zistili, \u017ee to pre v\u00e1s nefunguje. <strong>Va\u0161a prv\u00e1 testovacia jazda by v\u00e1s nemala st\u00e1\u0165 ve\u013ea pe\u0148az\u00ed a zist\u00edte, \u010do skuto\u010dne potrebujete.<\/strong><\/p>\n<p>Ta\u0161ky \u0161it\u00e9 na mieru s\u00fa kr\u00e1sne, ale nem\u00f4\u017eeme ich ma\u0165 v\u0161etci, aj ke\u010f po tom t\u00fa\u017eime. Tak\u017ee poriadna such\u00e1 ta\u0161ka upevnen\u00e1 na riadidl\u00e1ch to sprav\u00ed. Po nalo\u017een\u00ed sa odpor\u00fa\u010da vzia\u0165 bicykel na mal\u00fa sk\u00fa\u0161obn\u00fa jazdu, preto\u017ee ta\u0161ka mus\u00ed ponecha\u0165 dostatok miesta na manipul\u00e1ciu s bicyklom a ona samotn\u00e1 sa nesmie pr\u00edli\u0161 vo\u013ene pohybova\u0165. Ak potrebujete ma\u0165 so sebou ruksak, je to v poriadku, udr\u017eujte ho v\u0161ak pomerne \u013eahk\u00fd a nie v\u00e4\u010d\u0161\u00ed ako 20 litrov. Ak sa c\u00edtite mimoriadne kreat\u00edvne a m\u00e1te \u010das, vytvorenie vlastn\u00fdch bicyklov\u00fdch ta\u0161iek m\u00f4\u017ee by\u0165 skuto\u010dne obohacuj\u00facim \u00fasil\u00edm.<\/p>\n<div class=\"shortcode-ys-post-pinup\"><article class=\"loop-simple post-12471 post type-post status-publish format-standard has-post-thumbnail hentry category-odporucame tag-bikepacking tag-cestna-cyklistika tag-horska-cyklistika tag-komponenty tag-nosic-batoziny tag-vylet\" data-postid=\"12471\" role=\"article\" data-post-id=\"12471\" data-word-count=\"587\" data-headline-length=\"49\" data-category=\"Odpor\u00fa\u010dame\" data-author=\"Filippo Mari\" data-published=\"2021-08-27T10:00:52+02:00\" data-published-day=\"Friday\">\n    <div class=\"entry-thumbnail article-thumbnail\" content=\"https:\/\/d2p6e6u75xmxt8.cloudfront.net\/4\/2021\/08\/Bike-touring-profimedia-0388493254-CVR-150x150.webp\"><a href=\"https:\/\/www.welovecycling.com\/sk\/2021\/08\/27\/najlepsie-zadne-nosice-vhodne-pre-bikepacking\/\" class=\"image-holder\" target=\"_self\"><img decoding=\"async\" loading=\"lazy\" class=\"\" src=\"https:\/\/d2p6e6u75xmxt8.cloudfront.net\/4\/2021\/08\/Bike-touring-profimedia-0388493254-CVR-1024x447.webp\" srcset=\"https:\/\/d2p6e6u75xmxt8.cloudfront.net\/4\/2021\/08\/Bike-touring-profimedia-0388493254-CVR.webp 1366w, https:\/\/d2p6e6u75xmxt8.cloudfront.net\/4\/2021\/08\/Bike-touring-profimedia-0388493254-CVR-300x131.webp 300w, https:\/\/d2p6e6u75xmxt8.cloudfront.net\/4\/2021\/08\/Bike-touring-profimedia-0388493254-CVR-1024x447.webp 1024w, https:\/\/d2p6e6u75xmxt8.cloudfront.net\/4\/2021\/08\/Bike-touring-profimedia-0388493254-CVR-768x335.webp 768w\" width=\"1024\" height=\"447\" sizes=\"auto, (min-width: 1200px) 458px, (min-width: 768px) 38vw, 100vw\" alt=\"najlepsie-zadne-nosice-vhodne-pre-bikepacking\"\/><\/a><\/div>    <div class=\"entry-meta\">\n        <a class=\"label label-secondary post-category\" href=\"https:\/\/www.welovecycling.com\/sk\/category\/odporucame\/\" title=\"Odpor\u00fa\u010dame\">Odpor\u00fa\u010dame<\/a>\n    <\/div>\n    <div class=\"entry-details\">\n        <a href=\"https:\/\/www.welovecycling.com\/sk\/2021\/08\/27\/najlepsie-zadne-nosice-vhodne-pre-bikepacking\/\" class='entry-title-wrapper'>\n            <h3 class=\"entry-title\"><span>Najlep\u0161ie zadn\u00e9 nosi\u010de vhodn\u00e9 pre bikepacking<\/span><\/h3>\n        <\/a>\n    <\/div>\n    <\/article>\n<\/div>\n<p>Jedinou nev\u00fdhodou lacnej\u0161ieho vybavenia je, \u017ee m\u00f4\u017ee by\u0165 \u010dasto o nie\u010do objemnej\u0161ia ako drah\u0161ie alternat\u00edvy. Pom\u00e1ha, ak cestujete s inou osobou a m\u00f4\u017eete medzi sebou zdie\u013ea\u0165 n\u00e1klad, pri\u010dom jeden m\u00f4\u017ee nies\u0165 stan a druh\u00fd nesie kuchynsk\u00e9 vybavenie. Samozrejme, \u010d\u00edm \u013eah\u0161ie, t\u00fdm lep\u0161ie, ale ak nepl\u00e1nujete ve\u013ea m\u00ed\u0148a\u0165, oplat\u00ed sa d\u00e1va\u0165 pozor na to, \u010do si zabal\u00edte. Jazda bude vo v\u0161eobecnosti o nie\u010do jednoduch\u0161ia a pr\u00edjemnej\u0161ia, ale je potrebn\u00e9 n\u00e1js\u0165 rovnov\u00e1hu medzi dostatkom jedla a oble\u010denia, aby ste boli v pohodl\u00ed a pritom neviezli zbyto\u010dn\u00fd n\u00e1klad. S ur\u010dit\u00fdmi vari\u00e1ciami v z\u00e1vislosti od podnebia\/ro\u010dn\u00e9ho obdobia budete pravdepodobne nosi\u0165 t\u00fa ist\u00fa zostavu ta\u0161iek, \u010di u\u017e ide o 3-4 dni alebo t\u00fd\u017edne, ktorej jednoduchos\u0165 je pr\u00edjemn\u00fdm aspektom viacd\u0148ov\u00e9ho v\u00fdletu!<\/p>\n<h2><strong>4) Jedlo<\/strong><\/h2>\n<p>\u010eal\u0161\u00edm k\u013e\u00fa\u010dov\u00fdm prvkom pre pre\u017eitie \u010dloveka popri vode a sp\u00e1nku je jedlo. M\u00f4\u017ee to by\u0165 aj skvel\u00e1 ka\u017edodenn\u00e1 odmena za cestovanie na dlh\u00e9 vzdialenosti, \u010di u\u017e ide o roztopen\u00fa \u010dokol\u00e1du v zadnom vrecku alebo grilovan\u00fd syrov\u00fd sendvi\u010d \u010dakaj\u00faci v kaviarni na vrchole st\u00fapania. V z\u00e1vislosti od toho, kde cestujete a \u010di budete cestova\u0165 cez mest\u00e1, to samozrejme v\u00fdrazne ovplyvn\u00ed, ko\u013eko prejdete, tak\u017ee v\u00e1m to m\u00f4\u017ee pom\u00f4c\u0165 napl\u00e1nova\u0165 si to.<\/p>\n<p>Ak sa pl\u00e1nujete zastavi\u0165 v mest\u00e1ch na jedlo, potom dostatok ob\u010derstvenia je k\u013e\u00fa\u010dom k udr\u017eaniu va\u0161ej energetickej hladiny po\u010das d\u0148a. Ko\u013eko kal\u00f3ri\u00ed sp\u00e1lite, je \u0165a\u017ek\u00e9 odhadn\u00fa\u0165 pri jazde v ter\u00e9ne, ale dobr\u00fdm pravidlom je jes\u0165 ka\u017ed\u00fa hodinu.<strong> Ne\u010dakajte, k\u00fdm budete hladn\u00ed \u2013 m\u00e1lo a \u010dasto je pre stabilitu lep\u0161ie.<\/strong><\/p>\n<p>Ak pl\u00e1nujete na p\u00e1r dn\u00ed zmizn\u00fa\u0165 v divo\u010dine, budete si, samozrejme, musie\u0165 vzia\u0165 so sebou v\u0161etky svoje jedl\u00e1, plus zvl\u00e1\u0161tne n\u00fadzov\u00e9 jedlo. Existuje nespo\u010detn\u00e9 mno\u017estvo sp\u00f4sobov, ako sa s t\u00fdm vysporiada\u0165, \u010di u\u017e si kupujete vrec\u00fa\u0161ka s jedlom, nos\u00edte bal\u00ed\u010dky cestov\u00edn a om\u00e1\u010dky alebo dehydrujete svoje vlastn\u00e9 jedl\u00e1. <strong>Cie\u013eom je vysok\u00fd obsah kal\u00f3ri\u00ed.<\/strong><\/p>\n<h2><strong>Zabudnite na pl\u00e1n<\/strong><\/h2>\n<p>Neprem\u00fd\u0161\u013eajte nad t\u00fdm v\u0161ak dlho. Jednoducho vyjdite von a urobte to. Va\u0161a prv\u00e1 cesta by mala by\u0165 pravdepodobne bl\u00edzko domova, tak\u017ee ak na nie\u010do zabudnete alebo sa rozhodnete, \u017ee sa v\u00e1m to nep\u00e1\u010di, m\u00f4\u017eete sa zbali\u0165 a od\u00eds\u0165 \u2013 nie je to absol\u00fatne \u017eiadna hanba. Jazdi\u0165 od jedn\u00e9ho d\u0148a ku \u010fal\u0161iemu m\u00f4\u017ee by\u0165 tvrd\u00e1 pr\u00e1ca, <strong>tak\u017ee ak ste ochotn\u00ed by\u0165 flexibiln\u00ed vo svojich pl\u00e1noch, ur\u010dite za\u017eijete skvel\u00e9 dobrodru\u017estvo.<\/strong><\/p>\n","protected":false},"excerpt":{"rendered":"<p>Napl\u00e1nova\u0165 si viacd\u0148ov\u00fd v\u00fdlet na bicykli v ter\u00e9ne alias bikepacking je v\u00fdzva sama o sebe. Zatia\u013e, \u010do pre niekoho to [&hellip;]<\/p>\n","protected":false},"author":81,"featured_media":14074,"comment_status":"open","ping_status":"open","sticky":false,"template":"","format":"standard","meta":{"footnotes":""},"categories":[191],"tags":[1376,1310,180,902,793,318,508],"global-categories":[],"class_list":["post-14070","post","type-post","status-publish","format-standard","has-post-thumbnail","hentry","category-odporucame","tag-bikepacking","tag-dlhy-vyjazd","tag-horska-cyklistika","tag-horsky-bicykel","tag-planovanie","tag-vyjazd","tag-vylet"],"yoast_head":"<!-- This site is optimized with the Yoast SEO Premium plugin v25.3 (Yoast SEO v25.9) - https:\/\/yoast.com\/wordpress\/plugins\/seo\/ -->\n<title>V\u0161etko, \u010do potrebujete pri pl\u00e1novan\u00ed viacd\u0148ov\u00e9ho v\u00fdletu na horskom bicykli<\/title>\n<meta name=\"description\" content=\"Napl\u00e1nova\u0165 si viacd\u0148ov\u00fd v\u00fdlet na bicykli v ter\u00e9ne alias bikepacking je v\u00fdzva sama o sebe. Budete si musie\u0165 napl\u00e1nova\u0165 nieko\u013eko vec\u00ed.\" \/>\n<meta name=\"robots\" content=\"index, follow, max-snippet:-1, max-image-preview:large, max-video-preview:-1\" \/>\n<link rel=\"canonical\" href=\"https:\/\/www.welovecycling.com\/sk\/2022\/04\/06\/vsetko-co-potrebujete-pri-planovani-viacdnoveho-vyletu-na-horskom-bicykli\/\" \/>\n<meta property=\"og:locale\" content=\"sk_SK\" \/>\n<meta property=\"og:type\" content=\"article\" \/>\n<meta property=\"og:title\" content=\"V\u0161etko, \u010do potrebujete pri pl\u00e1novan\u00ed viacd\u0148ov\u00e9ho v\u00fdletu na horskom bicykli\" \/>\n<meta property=\"og:description\" content=\"Napl\u00e1nova\u0165 si viacd\u0148ov\u00fd v\u00fdlet na bicykli v ter\u00e9ne alias bikepacking je v\u00fdzva sama o sebe. Budete si musie\u0165 napl\u00e1nova\u0165 nieko\u013eko vec\u00ed.\" \/>\n<meta property=\"og:url\" content=\"https:\/\/www.welovecycling.com\/sk\/2022\/04\/06\/vsetko-co-potrebujete-pri-planovani-viacdnoveho-vyletu-na-horskom-bicykli\/\" \/>\n<meta property=\"og:site_name\" content=\"\u0160koda We Love Cycling Slovensko\" \/>\n<meta property=\"article:published_time\" content=\"2022-04-06T08:00:48+00:00\" \/>\n<meta property=\"og:image\" content=\"https:\/\/d2p6e6u75xmxt8.cloudfront.net\/4\/2022\/03\/Bicycle-trip-profimedia-0487054401-CVR.webp\" \/>\n\t<meta property=\"og:image:width\" content=\"1366\" \/>\n\t<meta property=\"og:image:height\" content=\"600\" \/>\n\t<meta property=\"og:image:type\" content=\"image\/webp\" \/>\n<meta name=\"twitter:card\" content=\"summary_large_image\" \/>\n<meta name=\"twitter:label1\" content=\"Written by\" \/>\n\t<meta name=\"twitter:data1\" content=\"Filippo Mari\" \/>\n\t<meta name=\"twitter:label2\" content=\"Est. reading time\" \/>\n\t<meta name=\"twitter:data2\" content=\"6\" \/>\n<script type=\"application\/ld+json\" class=\"yoast-schema-graph\">{\"@context\":\"https:\/\/schema.org\",\"@graph\":[{\"@type\":\"WebPage\",\"@id\":\"https:\/\/www.welovecycling.com\/sk\/2022\/04\/06\/vsetko-co-potrebujete-pri-planovani-viacdnoveho-vyletu-na-horskom-bicykli\/\",\"url\":\"https:\/\/www.welovecycling.com\/sk\/2022\/04\/06\/vsetko-co-potrebujete-pri-planovani-viacdnoveho-vyletu-na-horskom-bicykli\/\",\"name\":\"V\u0161etko, \u010do potrebujete pri pl\u00e1novan\u00ed viacd\u0148ov\u00e9ho v\u00fdletu na horskom bicykli\",\"isPartOf\":{\"@id\":\"https:\/\/www.welovecycling.com\/sk\/#website\"},\"primaryImageOfPage\":{\"@id\":\"https:\/\/www.welovecycling.com\/sk\/2022\/04\/06\/vsetko-co-potrebujete-pri-planovani-viacdnoveho-vyletu-na-horskom-bicykli\/#primaryimage\"},\"image\":{\"@id\":\"https:\/\/www.welovecycling.com\/sk\/2022\/04\/06\/vsetko-co-potrebujete-pri-planovani-viacdnoveho-vyletu-na-horskom-bicykli\/#primaryimage\"},\"thumbnailUrl\":\"https:\/\/d2p6e6u75xmxt8.cloudfront.net\/4\/2022\/03\/Bicycle-trip-profimedia-0487054401-CVR.webp\",\"datePublished\":\"2022-04-06T08:00:48+00:00\",\"author\":{\"@id\":\"\"},\"description\":\"Napl\u00e1nova\u0165 si viacd\u0148ov\u00fd v\u00fdlet na bicykli v ter\u00e9ne alias bikepacking je v\u00fdzva sama o sebe. Budete si musie\u0165 napl\u00e1nova\u0165 nieko\u013eko vec\u00ed.\",\"breadcrumb\":{\"@id\":\"https:\/\/www.welovecycling.com\/sk\/2022\/04\/06\/vsetko-co-potrebujete-pri-planovani-viacdnoveho-vyletu-na-horskom-bicykli\/#breadcrumb\"},\"inLanguage\":\"sk-SK\",\"potentialAction\":[{\"@type\":\"ReadAction\",\"target\":[\"https:\/\/www.welovecycling.com\/sk\/2022\/04\/06\/vsetko-co-potrebujete-pri-planovani-viacdnoveho-vyletu-na-horskom-bicykli\/\"]}]},{\"@type\":\"ImageObject\",\"inLanguage\":\"sk-SK\",\"@id\":\"https:\/\/www.welovecycling.com\/sk\/2022\/04\/06\/vsetko-co-potrebujete-pri-planovani-viacdnoveho-vyletu-na-horskom-bicykli\/#primaryimage\",\"url\":\"https:\/\/d2p6e6u75xmxt8.cloudfront.net\/4\/2022\/03\/Bicycle-trip-profimedia-0487054401-CVR.webp\",\"contentUrl\":\"https:\/\/d2p6e6u75xmxt8.cloudfront.net\/4\/2022\/03\/Bicycle-trip-profimedia-0487054401-CVR.webp\",\"width\":1366,\"height\":600,\"caption\":\"Bikepacking\"},{\"@type\":\"BreadcrumbList\",\"@id\":\"https:\/\/www.welovecycling.com\/sk\/2022\/04\/06\/vsetko-co-potrebujete-pri-planovani-viacdnoveho-vyletu-na-horskom-bicykli\/#breadcrumb\",\"itemListElement\":[{\"@type\":\"ListItem\",\"position\":1,\"name\":\"Home\",\"item\":\"https:\/\/www.welovecycling.com\/sk\/\"},{\"@type\":\"ListItem\",\"position\":2,\"name\":\"V\u0161etko, \u010do potrebujete pri pl\u00e1novan\u00ed viacd\u0148ov\u00e9ho v\u00fdletu na horskom bicykli\"}]},{\"@type\":\"WebSite\",\"@id\":\"https:\/\/www.welovecycling.com\/sk\/#website\",\"url\":\"https:\/\/www.welovecycling.com\/sk\/\",\"name\":\"\u0160koda We Love Cycling Slovensko\",\"description\":\"\u0160koda We Love Cycling Slovensko je v\u00e1\u0161 ka\u017edodenn\u00fd zdroj noviniek a in\u0161pir\u00e1cie z sveta cyklistiky\",\"potentialAction\":[{\"@type\":\"SearchAction\",\"target\":{\"@type\":\"EntryPoint\",\"urlTemplate\":\"https:\/\/www.welovecycling.com\/sk\/?s={search_term_string}\"},\"query-input\":{\"@type\":\"PropertyValueSpecification\",\"valueRequired\":true,\"valueName\":\"search_term_string\"}}],\"inLanguage\":\"sk-SK\"},{\"@type\":\"Person\",\"@id\":\"\",\"url\":\"https:\/\/www.welovecycling.com\/sk\/author\/\"}]}<\/script>\n<!-- \/ Yoast SEO Premium plugin. -->","yoast_head_json":{"title":"V\u0161etko, \u010do potrebujete pri pl\u00e1novan\u00ed viacd\u0148ov\u00e9ho v\u00fdletu na horskom bicykli","description":"Napl\u00e1nova\u0165 si viacd\u0148ov\u00fd v\u00fdlet na bicykli v ter\u00e9ne alias bikepacking je v\u00fdzva sama o sebe. Budete si musie\u0165 napl\u00e1nova\u0165 nieko\u013eko vec\u00ed.","robots":{"index":"index","follow":"follow","max-snippet":"max-snippet:-1","max-image-preview":"max-image-preview:large","max-video-preview":"max-video-preview:-1"},"canonical":"https:\/\/www.welovecycling.com\/sk\/2022\/04\/06\/vsetko-co-potrebujete-pri-planovani-viacdnoveho-vyletu-na-horskom-bicykli\/","og_locale":"sk_SK","og_type":"article","og_title":"V\u0161etko, \u010do potrebujete pri pl\u00e1novan\u00ed viacd\u0148ov\u00e9ho v\u00fdletu na horskom bicykli","og_description":"Napl\u00e1nova\u0165 si viacd\u0148ov\u00fd v\u00fdlet na bicykli v ter\u00e9ne alias bikepacking je v\u00fdzva sama o sebe. Budete si musie\u0165 napl\u00e1nova\u0165 nieko\u013eko vec\u00ed.","og_url":"https:\/\/www.welovecycling.com\/sk\/2022\/04\/06\/vsetko-co-potrebujete-pri-planovani-viacdnoveho-vyletu-na-horskom-bicykli\/","og_site_name":"\u0160koda We Love Cycling Slovensko","article_published_time":"2022-04-06T08:00:48+00:00","og_image":[{"width":1366,"height":600,"url":"https:\/\/d2p6e6u75xmxt8.cloudfront.net\/4\/2022\/03\/Bicycle-trip-profimedia-0487054401-CVR.webp","type":"image\/webp"}],"twitter_card":"summary_large_image","twitter_misc":{"Written by":"Filippo Mari","Est. reading time":"6"},"schema":{"@context":"https:\/\/schema.org","@graph":[{"@type":"WebPage","@id":"https:\/\/www.welovecycling.com\/sk\/2022\/04\/06\/vsetko-co-potrebujete-pri-planovani-viacdnoveho-vyletu-na-horskom-bicykli\/","url":"https:\/\/www.welovecycling.com\/sk\/2022\/04\/06\/vsetko-co-potrebujete-pri-planovani-viacdnoveho-vyletu-na-horskom-bicykli\/","name":"V\u0161etko, \u010do potrebujete pri pl\u00e1novan\u00ed viacd\u0148ov\u00e9ho v\u00fdletu na horskom bicykli","isPartOf":{"@id":"https:\/\/www.welovecycling.com\/sk\/#website"},"primaryImageOfPage":{"@id":"https:\/\/www.welovecycling.com\/sk\/2022\/04\/06\/vsetko-co-potrebujete-pri-planovani-viacdnoveho-vyletu-na-horskom-bicykli\/#primaryimage"},"image":{"@id":"https:\/\/www.welovecycling.com\/sk\/2022\/04\/06\/vsetko-co-potrebujete-pri-planovani-viacdnoveho-vyletu-na-horskom-bicykli\/#primaryimage"},"thumbnailUrl":"https:\/\/d2p6e6u75xmxt8.cloudfront.net\/4\/2022\/03\/Bicycle-trip-profimedia-0487054401-CVR.webp","datePublished":"2022-04-06T08:00:48+00:00","author":{"@id":""},"description":"Napl\u00e1nova\u0165 si viacd\u0148ov\u00fd v\u00fdlet na bicykli v ter\u00e9ne alias bikepacking je v\u00fdzva sama o sebe. Budete si musie\u0165 napl\u00e1nova\u0165 nieko\u013eko vec\u00ed.","breadcrumb":{"@id":"https:\/\/www.welovecycling.com\/sk\/2022\/04\/06\/vsetko-co-potrebujete-pri-planovani-viacdnoveho-vyletu-na-horskom-bicykli\/#breadcrumb"},"inLanguage":"sk-SK","potentialAction":[{"@type":"ReadAction","target":["https:\/\/www.welovecycling.com\/sk\/2022\/04\/06\/vsetko-co-potrebujete-pri-planovani-viacdnoveho-vyletu-na-horskom-bicykli\/"]}]},{"@type":"ImageObject","inLanguage":"sk-SK","@id":"https:\/\/www.welovecycling.com\/sk\/2022\/04\/06\/vsetko-co-potrebujete-pri-planovani-viacdnoveho-vyletu-na-horskom-bicykli\/#primaryimage","url":"https:\/\/d2p6e6u75xmxt8.cloudfront.net\/4\/2022\/03\/Bicycle-trip-profimedia-0487054401-CVR.webp","contentUrl":"https:\/\/d2p6e6u75xmxt8.cloudfront.net\/4\/2022\/03\/Bicycle-trip-profimedia-0487054401-CVR.webp","width":1366,"height":600,"caption":"Bikepacking"},{"@type":"BreadcrumbList","@id":"https:\/\/www.welovecycling.com\/sk\/2022\/04\/06\/vsetko-co-potrebujete-pri-planovani-viacdnoveho-vyletu-na-horskom-bicykli\/#breadcrumb","itemListElement":[{"@type":"ListItem","position":1,"name":"Home","item":"https:\/\/www.welovecycling.com\/sk\/"},{"@type":"ListItem","position":2,"name":"V\u0161etko, \u010do potrebujete pri pl\u00e1novan\u00ed viacd\u0148ov\u00e9ho v\u00fdletu na horskom bicykli"}]},{"@type":"WebSite","@id":"https:\/\/www.welovecycling.com\/sk\/#website","url":"https:\/\/www.welovecycling.com\/sk\/","name":"\u0160koda We Love Cycling Slovensko","description":"\u0160koda We Love Cycling Slovensko je v\u00e1\u0161 ka\u017edodenn\u00fd zdroj noviniek a in\u0161pir\u00e1cie z sveta cyklistiky","potentialAction":[{"@type":"SearchAction","target":{"@type":"EntryPoint","urlTemplate":"https:\/\/www.welovecycling.com\/sk\/?s={search_term_string}"},"query-input":{"@type":"PropertyValueSpecification","valueRequired":true,"valueName":"search_term_string"}}],"inLanguage":"sk-SK"},{"@type":"Person","@id":"","url":"https:\/\/www.welovecycling.com\/sk\/author\/"}]}},"_links":{"self":[{"href":"https:\/\/www.welovecycling.com\/sk\/wp-json\/wp\/v2\/posts\/14070","targetHints":{"allow":["GET"]}}],"collection":[{"href":"https:\/\/www.welovecycling.com\/sk\/wp-json\/wp\/v2\/posts"}],"about":[{"href":"https:\/\/www.welovecycling.com\/sk\/wp-json\/wp\/v2\/types\/post"}],"author":[{"embeddable":true,"href":"https:\/\/www.welovecycling.com\/sk\/wp-json\/wp\/v2\/users\/81"}],"replies":[{"embeddable":true,"href":"https:\/\/www.welovecycling.com\/sk\/wp-json\/wp\/v2\/comments?post=14070"}],"version-history":[{"count":2,"href":"https:\/\/www.welovecycling.com\/sk\/wp-json\/wp\/v2\/posts\/14070\/revisions"}],"predecessor-version":[{"id":14079,"href":"https:\/\/www.welovecycling.com\/sk\/wp-json\/wp\/v2\/posts\/14070\/revisions\/14079"}],"wp:featuredmedia":[{"embeddable":true,"href":"https:\/\/www.welovecycling.com\/sk\/wp-json\/wp\/v2\/media\/14074"}],"wp:attachment":[{"href":"https:\/\/www.welovecycling.com\/sk\/wp-json\/wp\/v2\/media?parent=14070"}],"wp:term":[{"taxonomy":"category","embeddable":true,"href":"https:\/\/www.welovecycling.com\/sk\/wp-json\/wp\/v2\/categories?post=14070"},{"taxonomy":"post_tag","embeddable":true,"href":"https:\/\/www.welovecycling.com\/sk\/wp-json\/wp\/v2\/tags?post=14070"},{"taxonomy":"global-categories","embeddable":true,"href":"https:\/\/www.welovecycling.com\/sk\/wp-json\/wp\/v2\/global-categories?post=14070"}],"curies":[{"name":"wp","href":"https:\/\/api.w.org\/{rel}","templated":true}]}}