{"id":14053,"date":"2022-03-25T10:00:19","date_gmt":"2022-03-25T09:00:19","guid":{"rendered":"https:\/\/www.welovecycling.com\/sk\/?p=14053"},"modified":"2022-03-21T08:24:06","modified_gmt":"2022-03-21T07:24:06","slug":"deti-na-privesnych-vozikoch-su-vystavene-znecisteniu-ovzdusia","status":"publish","type":"post","link":"https:\/\/www.welovecycling.com\/sk\/2022\/03\/25\/deti-na-privesnych-vozikoch-su-vystavene-znecisteniu-ovzdusia\/","title":{"rendered":"Deti na pr\u00edvesn\u00fdch voz\u00edkoch s\u00fa vystaven\u00e9 zne\u010disteniu ovzdu\u0161ia"},"content":{"rendered":"<p><strong>Pod\u013ea nov\u00e9ho v\u00fdskumu, ktor\u00fd zverejnila Univerzita v Surrey v \u010dasopise Journal of Hazardous Materials Advances, \u010dastice zne\u010distenia s\u00fa v\u00e4\u010d\u0161ie vo v\u00fd\u0161ke pr\u00edvesn\u00e9ho voz\u00edka za bicykel ako vo v\u00fd\u0161ke cyklistu.<\/strong><\/p>\n<p><!--more--><\/p>\n<p>Vedci uskuto\u010dnili celkovo 82 samostatn\u00fdch j\u00e1zd v d\u013a\u017eke 176 km. <strong>Tieto jazdy sa opakovali na 2,1 km preddefinovanej trase.<\/strong> Bolo to medzi v\u00fdchodiskom (kampus univerzity) a cie\u013eom (miestna \u0161kola), aby sa simulovalo rann\u00e9 vylo\u017eenie det\u00ed v \u0161kole (8:00 \u2013 10:00; miestneho \u010dasu) a popolud\u0148aj\u0161ie vyzdvihnutie zo \u0161koly (15:00 \u2013 17:00).<\/p>\n<figure id=\"attachment_14054\" aria-describedby=\"caption-attachment-14054\" style=\"width: 659px\" class=\"wp-caption alignnone\"><a href=\"https:\/\/d2p6e6u75xmxt8.cloudfront.net\/4\/2022\/03\/kids-trailer-infographic.jpg\"><img loading=\"lazy\" decoding=\"async\" class=\"size-full wp-image-14054\" src=\"https:\/\/d2p6e6u75xmxt8.cloudfront.net\/4\/2022\/03\/kids-trailer-infographic.jpg\" alt=\"Children's bike trailer\" width=\"659\" height=\"777\" \/><\/a><figcaption id=\"caption-attachment-14054\" class=\"wp-caption-text\">Podrobnosti o a) mape trasy pre merania v ter\u00e9ne s uveden\u00edm \u0161tartu pri University of Surrey a cie\u013ea ako z\u00e1kladnej \u0161koly v Sandfielde; b) podrobnosti o experiment\u00e1lnom nastaven\u00ed zobrazuj\u00face bicykel a pr\u00edvesn\u00fd voz\u00edk bez krytu a c) s krytom pr\u00edvesu na bicykel. (Kredit: University of Surrey)<\/figcaption><\/figure>\n<p>V porovnan\u00ed s cyklistom, ktor\u00fd je o nie\u010do vy\u0161\u0161ie ako die\u0165a vo voz\u00edku, <strong>bola priemern\u00e1 koncentr\u00e1cia jemn\u00fdch \u010dast\u00edc v pr\u00edvese vy\u0161\u0161ia a\u017e o 14 % a 18 % po\u010das rann\u00fdch a popolud\u0148aj\u0161\u00edch j\u00e1zd<\/strong>. Samozrejme po\u010das lockdownu, ke\u010f boli \u0161koly zatvoren\u00e9, bolo mno\u017estvo cyklistick\u00fdch pr\u00edvesov a\u017e o 91 % ni\u017e\u0161ie v porovnan\u00ed so zmiernen\u00fdm obdob\u00edm po skon\u010den\u00ed lockdownu, ke\u010f sa \u0161koly znovu otvorili v marci 2021.<\/p>\n<div class=\"shortcode-ys-post-pinup\"><article class=\"loop-simple post-11688 post type-post status-publish format-standard has-post-thumbnail hentry category-odporucame tag-bicyklovanie tag-cyklorodinka tag-deti tag-horska-cyklistika tag-odporucame tag-rodina tag-zabava tag-zdravie global-categories-cycling\" data-postid=\"11688\" role=\"article\" data-post-id=\"11688\" data-word-count=\"410\" data-headline-length=\"46\" data-category=\"Odpor\u00fa\u010dame\" data-global-category=\"Cycling\" data-author=\"Radovan Vr\u0161ka\" data-published=\"2021-04-22T10:00:32+02:00\" data-published-day=\"Thursday\">\n    <div class=\"entry-thumbnail article-thumbnail\" content=\"https:\/\/d2p6e6u75xmxt8.cloudfront.net\/4\/2021\/04\/Rodina_00-150x150.webp\"><a href=\"https:\/\/www.welovecycling.com\/sk\/2021\/04\/22\/bicykluje-cela-rodina-par-tipov-pre-vas\/\" class=\"image-holder\" target=\"_self\"><img decoding=\"async\" loading=\"lazy\" class=\"\" src=\"https:\/\/d2p6e6u75xmxt8.cloudfront.net\/4\/2021\/04\/Rodina_00-1024x445.webp\" srcset=\"https:\/\/d2p6e6u75xmxt8.cloudfront.net\/4\/2021\/04\/Rodina_00.webp 1380w, https:\/\/d2p6e6u75xmxt8.cloudfront.net\/4\/2021\/04\/Rodina_00-300x130.webp 300w, https:\/\/d2p6e6u75xmxt8.cloudfront.net\/4\/2021\/04\/Rodina_00-1024x445.webp 1024w, https:\/\/d2p6e6u75xmxt8.cloudfront.net\/4\/2021\/04\/Rodina_00-768x334.webp 768w\" width=\"1024\" height=\"445\" sizes=\"auto, (min-width: 1200px) 460px, (min-width: 768px) 38vw, 100vw\" alt=\"bicykluje-cela-rodina-par-tipov-pre-vas\"\/><\/a><\/div>    <div class=\"entry-meta\">\n        <a class=\"label label-secondary post-category\" href=\"https:\/\/www.welovecycling.com\/sk\/category\/odporucame\/\" title=\"Odpor\u00fa\u010dame\">Odpor\u00fa\u010dame<\/a>\n    <\/div>\n    <div class=\"entry-details\">\n        <a href=\"https:\/\/www.welovecycling.com\/sk\/2021\/04\/22\/bicykluje-cela-rodina-par-tipov-pre-vas\/\" class='entry-title-wrapper'>\n            <h3 class=\"entry-title\"><span>Bicykluje cel\u00e1 rodina \u2013 p\u00e1r tipov pre v\u00e1s<\/span><\/h3>\n        <\/a>\n    <\/div>\n    <\/article>\n<\/div>\n<p>V\u00fdskumn\u00edci tie\u017e vysk\u00fa\u0161ali kryty pr\u00edvesov, ktor\u00e9 viedli a\u017e k 50 % zn\u00ed\u017eeniu jemn\u00fdch \u010dast\u00edc po\u010das rann\u00fdch j\u00e1zd. To v\u0161ak nemen\u00ed v\u00fdsledok, preto\u017ee abstrakt v\u00fdskumu uv\u00e1dza:<\/p>\n<p><em>\u201eMal\u00e9 deti prepravovan\u00e9 v pr\u00edvesn\u00fdch voz\u00edkoch s\u00fa vystaven\u00e9 vy\u0161\u0161\u00edm koncentr\u00e1ci\u00e1m zne\u010distenia ovzdu\u0161ia v porovnan\u00ed s cyklistami. Je to najm\u00e4 po\u010das rann\u00fdch \u0161pi\u010diek v miestach s najv\u00e4\u010d\u0161\u00edm zne\u010disten\u00edm, ako s\u00fa napr\u00edklad semafory.\u201c<\/em><\/p>\n","protected":false},"excerpt":{"rendered":"<p>Pod\u013ea nov\u00e9ho v\u00fdskumu, ktor\u00fd zverejnila Univerzita v Surrey v \u010dasopise Journal of Hazardous Materials Advances, \u010dastice zne\u010distenia s\u00fa v\u00e4\u010d\u0161ie vo [&hellip;]<\/p>\n","protected":false},"author":81,"featured_media":14056,"comment_status":"open","ping_status":"open","sticky":false,"template":"","format":"standard","meta":{"footnotes":""},"categories":[57],"tags":[1294,62,275,115,865,507,518,53,1386,525,1219,1095],"global-categories":[],"class_list":["post-14053","post","type-post","status-publish","format-standard","has-post-thumbnail","hentry","category-bezpecnost","tag-bezpecna-jazda","tag-bezpecnost","tag-cesta","tag-cestna-cyklistika","tag-cestna-premavka","tag-cyklorodinka","tag-cyklovozik","tag-deti","tag-deti-na-bicykli","tag-mesto","tag-studia","tag-vyskum"],"yoast_head":"<!-- This site is optimized with the Yoast SEO Premium plugin v25.3 (Yoast SEO v25.9) - https:\/\/yoast.com\/wordpress\/plugins\/seo\/ -->\n<title>Deti na pr\u00edvesn\u00fdch voz\u00edkoch s\u00fa vystaven\u00e9 zne\u010disteniu ovzdu\u0161ia<\/title>\n<meta name=\"description\" content=\"Pod\u013ea nov\u00e9ho v\u00fdskumu, ktor\u00fd zverejnila Univerzita v Surrey, \u010dastice zne\u010distenia s\u00fa v\u00e4\u010d\u0161ie vo v\u00fd\u0161ke pr\u00edvesn\u00e9ho voz\u00edka za bicykel.\" \/>\n<meta name=\"robots\" content=\"index, follow, max-snippet:-1, max-image-preview:large, max-video-preview:-1\" \/>\n<link rel=\"canonical\" href=\"https:\/\/www.welovecycling.com\/sk\/2022\/03\/25\/deti-na-privesnych-vozikoch-su-vystavene-znecisteniu-ovzdusia\/\" \/>\n<meta property=\"og:locale\" content=\"sk_SK\" \/>\n<meta property=\"og:type\" content=\"article\" \/>\n<meta property=\"og:title\" content=\"Deti na pr\u00edvesn\u00fdch voz\u00edkoch s\u00fa vystaven\u00e9 zne\u010disteniu ovzdu\u0161ia\" \/>\n<meta property=\"og:description\" content=\"Pod\u013ea nov\u00e9ho v\u00fdskumu, ktor\u00fd zverejnila Univerzita v Surrey, \u010dastice zne\u010distenia s\u00fa v\u00e4\u010d\u0161ie vo v\u00fd\u0161ke pr\u00edvesn\u00e9ho voz\u00edka za bicykel.\" \/>\n<meta property=\"og:url\" content=\"https:\/\/www.welovecycling.com\/sk\/2022\/03\/25\/deti-na-privesnych-vozikoch-su-vystavene-znecisteniu-ovzdusia\/\" \/>\n<meta property=\"og:site_name\" content=\"\u0160koda We Love Cycling Slovensko\" \/>\n<meta property=\"article:published_time\" content=\"2022-03-25T09:00:19+00:00\" \/>\n<meta property=\"og:image\" content=\"https:\/\/d2p6e6u75xmxt8.cloudfront.net\/4\/2022\/03\/Childrens-Bike-Trailer-profimedia-0639467706-CVR.webp\" \/>\n\t<meta property=\"og:image:width\" content=\"1366\" \/>\n\t<meta property=\"og:image:height\" content=\"600\" \/>\n\t<meta property=\"og:image:type\" content=\"image\/webp\" \/>\n<meta name=\"twitter:card\" content=\"summary_large_image\" \/>\n<meta name=\"twitter:label1\" content=\"Written by\" \/>\n\t<meta name=\"twitter:data1\" content=\"Radovan Vr\u0161ka\" \/>\n\t<meta name=\"twitter:label2\" content=\"Est. reading time\" \/>\n\t<meta name=\"twitter:data2\" content=\"3\" \/>\n<script type=\"application\/ld+json\" class=\"yoast-schema-graph\">{\"@context\":\"https:\/\/schema.org\",\"@graph\":[{\"@type\":\"WebPage\",\"@id\":\"https:\/\/www.welovecycling.com\/sk\/2022\/03\/25\/deti-na-privesnych-vozikoch-su-vystavene-znecisteniu-ovzdusia\/\",\"url\":\"https:\/\/www.welovecycling.com\/sk\/2022\/03\/25\/deti-na-privesnych-vozikoch-su-vystavene-znecisteniu-ovzdusia\/\",\"name\":\"Deti na pr\u00edvesn\u00fdch voz\u00edkoch s\u00fa vystaven\u00e9 zne\u010disteniu ovzdu\u0161ia\",\"isPartOf\":{\"@id\":\"https:\/\/www.welovecycling.com\/sk\/#website\"},\"primaryImageOfPage\":{\"@id\":\"https:\/\/www.welovecycling.com\/sk\/2022\/03\/25\/deti-na-privesnych-vozikoch-su-vystavene-znecisteniu-ovzdusia\/#primaryimage\"},\"image\":{\"@id\":\"https:\/\/www.welovecycling.com\/sk\/2022\/03\/25\/deti-na-privesnych-vozikoch-su-vystavene-znecisteniu-ovzdusia\/#primaryimage\"},\"thumbnailUrl\":\"https:\/\/d2p6e6u75xmxt8.cloudfront.net\/4\/2022\/03\/Childrens-Bike-Trailer-profimedia-0639467706-CVR.webp\",\"datePublished\":\"2022-03-25T09:00:19+00:00\",\"author\":{\"@id\":\"\"},\"description\":\"Pod\u013ea nov\u00e9ho v\u00fdskumu, ktor\u00fd zverejnila Univerzita v Surrey, \u010dastice zne\u010distenia s\u00fa v\u00e4\u010d\u0161ie vo v\u00fd\u0161ke pr\u00edvesn\u00e9ho voz\u00edka za bicykel.\",\"breadcrumb\":{\"@id\":\"https:\/\/www.welovecycling.com\/sk\/2022\/03\/25\/deti-na-privesnych-vozikoch-su-vystavene-znecisteniu-ovzdusia\/#breadcrumb\"},\"inLanguage\":\"sk-SK\",\"potentialAction\":[{\"@type\":\"ReadAction\",\"target\":[\"https:\/\/www.welovecycling.com\/sk\/2022\/03\/25\/deti-na-privesnych-vozikoch-su-vystavene-znecisteniu-ovzdusia\/\"]}]},{\"@type\":\"ImageObject\",\"inLanguage\":\"sk-SK\",\"@id\":\"https:\/\/www.welovecycling.com\/sk\/2022\/03\/25\/deti-na-privesnych-vozikoch-su-vystavene-znecisteniu-ovzdusia\/#primaryimage\",\"url\":\"https:\/\/d2p6e6u75xmxt8.cloudfront.net\/4\/2022\/03\/Childrens-Bike-Trailer-profimedia-0639467706-CVR.webp\",\"contentUrl\":\"https:\/\/d2p6e6u75xmxt8.cloudfront.net\/4\/2022\/03\/Childrens-Bike-Trailer-profimedia-0639467706-CVR.webp\",\"width\":1366,\"height\":600,\"caption\":\"Children's Bicycle Trailer\"},{\"@type\":\"BreadcrumbList\",\"@id\":\"https:\/\/www.welovecycling.com\/sk\/2022\/03\/25\/deti-na-privesnych-vozikoch-su-vystavene-znecisteniu-ovzdusia\/#breadcrumb\",\"itemListElement\":[{\"@type\":\"ListItem\",\"position\":1,\"name\":\"Home\",\"item\":\"https:\/\/www.welovecycling.com\/sk\/\"},{\"@type\":\"ListItem\",\"position\":2,\"name\":\"Deti na pr\u00edvesn\u00fdch voz\u00edkoch s\u00fa vystaven\u00e9 zne\u010disteniu ovzdu\u0161ia\"}]},{\"@type\":\"WebSite\",\"@id\":\"https:\/\/www.welovecycling.com\/sk\/#website\",\"url\":\"https:\/\/www.welovecycling.com\/sk\/\",\"name\":\"\u0160koda We Love Cycling Slovensko\",\"description\":\"\u0160koda We Love Cycling Slovensko je v\u00e1\u0161 ka\u017edodenn\u00fd zdroj noviniek a in\u0161pir\u00e1cie z sveta cyklistiky\",\"potentialAction\":[{\"@type\":\"SearchAction\",\"target\":{\"@type\":\"EntryPoint\",\"urlTemplate\":\"https:\/\/www.welovecycling.com\/sk\/?s={search_term_string}\"},\"query-input\":{\"@type\":\"PropertyValueSpecification\",\"valueRequired\":true,\"valueName\":\"search_term_string\"}}],\"inLanguage\":\"sk-SK\"},{\"@type\":\"Person\",\"@id\":\"\",\"url\":\"https:\/\/www.welovecycling.com\/sk\/author\/\"}]}<\/script>\n<!-- \/ Yoast SEO Premium plugin. -->","yoast_head_json":{"title":"Deti na pr\u00edvesn\u00fdch voz\u00edkoch s\u00fa vystaven\u00e9 zne\u010disteniu ovzdu\u0161ia","description":"Pod\u013ea nov\u00e9ho v\u00fdskumu, ktor\u00fd zverejnila Univerzita v Surrey, \u010dastice zne\u010distenia s\u00fa v\u00e4\u010d\u0161ie vo v\u00fd\u0161ke pr\u00edvesn\u00e9ho voz\u00edka za bicykel.","robots":{"index":"index","follow":"follow","max-snippet":"max-snippet:-1","max-image-preview":"max-image-preview:large","max-video-preview":"max-video-preview:-1"},"canonical":"https:\/\/www.welovecycling.com\/sk\/2022\/03\/25\/deti-na-privesnych-vozikoch-su-vystavene-znecisteniu-ovzdusia\/","og_locale":"sk_SK","og_type":"article","og_title":"Deti na pr\u00edvesn\u00fdch voz\u00edkoch s\u00fa vystaven\u00e9 zne\u010disteniu ovzdu\u0161ia","og_description":"Pod\u013ea nov\u00e9ho v\u00fdskumu, ktor\u00fd zverejnila Univerzita v Surrey, \u010dastice zne\u010distenia s\u00fa v\u00e4\u010d\u0161ie vo v\u00fd\u0161ke pr\u00edvesn\u00e9ho voz\u00edka za bicykel.","og_url":"https:\/\/www.welovecycling.com\/sk\/2022\/03\/25\/deti-na-privesnych-vozikoch-su-vystavene-znecisteniu-ovzdusia\/","og_site_name":"\u0160koda We Love Cycling Slovensko","article_published_time":"2022-03-25T09:00:19+00:00","og_image":[{"width":1366,"height":600,"url":"https:\/\/d2p6e6u75xmxt8.cloudfront.net\/4\/2022\/03\/Childrens-Bike-Trailer-profimedia-0639467706-CVR.webp","type":"image\/webp"}],"twitter_card":"summary_large_image","twitter_misc":{"Written by":"Radovan Vr\u0161ka","Est. reading time":"3"},"schema":{"@context":"https:\/\/schema.org","@graph":[{"@type":"WebPage","@id":"https:\/\/www.welovecycling.com\/sk\/2022\/03\/25\/deti-na-privesnych-vozikoch-su-vystavene-znecisteniu-ovzdusia\/","url":"https:\/\/www.welovecycling.com\/sk\/2022\/03\/25\/deti-na-privesnych-vozikoch-su-vystavene-znecisteniu-ovzdusia\/","name":"Deti na pr\u00edvesn\u00fdch voz\u00edkoch s\u00fa vystaven\u00e9 zne\u010disteniu ovzdu\u0161ia","isPartOf":{"@id":"https:\/\/www.welovecycling.com\/sk\/#website"},"primaryImageOfPage":{"@id":"https:\/\/www.welovecycling.com\/sk\/2022\/03\/25\/deti-na-privesnych-vozikoch-su-vystavene-znecisteniu-ovzdusia\/#primaryimage"},"image":{"@id":"https:\/\/www.welovecycling.com\/sk\/2022\/03\/25\/deti-na-privesnych-vozikoch-su-vystavene-znecisteniu-ovzdusia\/#primaryimage"},"thumbnailUrl":"https:\/\/d2p6e6u75xmxt8.cloudfront.net\/4\/2022\/03\/Childrens-Bike-Trailer-profimedia-0639467706-CVR.webp","datePublished":"2022-03-25T09:00:19+00:00","author":{"@id":""},"description":"Pod\u013ea nov\u00e9ho v\u00fdskumu, ktor\u00fd zverejnila Univerzita v Surrey, \u010dastice zne\u010distenia s\u00fa v\u00e4\u010d\u0161ie vo v\u00fd\u0161ke pr\u00edvesn\u00e9ho voz\u00edka za bicykel.","breadcrumb":{"@id":"https:\/\/www.welovecycling.com\/sk\/2022\/03\/25\/deti-na-privesnych-vozikoch-su-vystavene-znecisteniu-ovzdusia\/#breadcrumb"},"inLanguage":"sk-SK","potentialAction":[{"@type":"ReadAction","target":["https:\/\/www.welovecycling.com\/sk\/2022\/03\/25\/deti-na-privesnych-vozikoch-su-vystavene-znecisteniu-ovzdusia\/"]}]},{"@type":"ImageObject","inLanguage":"sk-SK","@id":"https:\/\/www.welovecycling.com\/sk\/2022\/03\/25\/deti-na-privesnych-vozikoch-su-vystavene-znecisteniu-ovzdusia\/#primaryimage","url":"https:\/\/d2p6e6u75xmxt8.cloudfront.net\/4\/2022\/03\/Childrens-Bike-Trailer-profimedia-0639467706-CVR.webp","contentUrl":"https:\/\/d2p6e6u75xmxt8.cloudfront.net\/4\/2022\/03\/Childrens-Bike-Trailer-profimedia-0639467706-CVR.webp","width":1366,"height":600,"caption":"Children's Bicycle Trailer"},{"@type":"BreadcrumbList","@id":"https:\/\/www.welovecycling.com\/sk\/2022\/03\/25\/deti-na-privesnych-vozikoch-su-vystavene-znecisteniu-ovzdusia\/#breadcrumb","itemListElement":[{"@type":"ListItem","position":1,"name":"Home","item":"https:\/\/www.welovecycling.com\/sk\/"},{"@type":"ListItem","position":2,"name":"Deti na pr\u00edvesn\u00fdch voz\u00edkoch s\u00fa vystaven\u00e9 zne\u010disteniu ovzdu\u0161ia"}]},{"@type":"WebSite","@id":"https:\/\/www.welovecycling.com\/sk\/#website","url":"https:\/\/www.welovecycling.com\/sk\/","name":"\u0160koda We Love Cycling Slovensko","description":"\u0160koda We Love Cycling Slovensko je v\u00e1\u0161 ka\u017edodenn\u00fd zdroj noviniek a in\u0161pir\u00e1cie z sveta cyklistiky","potentialAction":[{"@type":"SearchAction","target":{"@type":"EntryPoint","urlTemplate":"https:\/\/www.welovecycling.com\/sk\/?s={search_term_string}"},"query-input":{"@type":"PropertyValueSpecification","valueRequired":true,"valueName":"search_term_string"}}],"inLanguage":"sk-SK"},{"@type":"Person","@id":"","url":"https:\/\/www.welovecycling.com\/sk\/author\/"}]}},"_links":{"self":[{"href":"https:\/\/www.welovecycling.com\/sk\/wp-json\/wp\/v2\/posts\/14053","targetHints":{"allow":["GET"]}}],"collection":[{"href":"https:\/\/www.welovecycling.com\/sk\/wp-json\/wp\/v2\/posts"}],"about":[{"href":"https:\/\/www.welovecycling.com\/sk\/wp-json\/wp\/v2\/types\/post"}],"author":[{"embeddable":true,"href":"https:\/\/www.welovecycling.com\/sk\/wp-json\/wp\/v2\/users\/81"}],"replies":[{"embeddable":true,"href":"https:\/\/www.welovecycling.com\/sk\/wp-json\/wp\/v2\/comments?post=14053"}],"version-history":[{"count":2,"href":"https:\/\/www.welovecycling.com\/sk\/wp-json\/wp\/v2\/posts\/14053\/revisions"}],"predecessor-version":[{"id":14061,"href":"https:\/\/www.welovecycling.com\/sk\/wp-json\/wp\/v2\/posts\/14053\/revisions\/14061"}],"wp:featuredmedia":[{"embeddable":true,"href":"https:\/\/www.welovecycling.com\/sk\/wp-json\/wp\/v2\/media\/14056"}],"wp:attachment":[{"href":"https:\/\/www.welovecycling.com\/sk\/wp-json\/wp\/v2\/media?parent=14053"}],"wp:term":[{"taxonomy":"category","embeddable":true,"href":"https:\/\/www.welovecycling.com\/sk\/wp-json\/wp\/v2\/categories?post=14053"},{"taxonomy":"post_tag","embeddable":true,"href":"https:\/\/www.welovecycling.com\/sk\/wp-json\/wp\/v2\/tags?post=14053"},{"taxonomy":"global-categories","embeddable":true,"href":"https:\/\/www.welovecycling.com\/sk\/wp-json\/wp\/v2\/global-categories?post=14053"}],"curies":[{"name":"wp","href":"https:\/\/api.w.org\/{rel}","templated":true}]}}