{"id":14042,"date":"2022-03-21T10:00:03","date_gmt":"2022-03-21T09:00:03","guid":{"rendered":"https:\/\/www.welovecycling.com\/sk\/?p=14042"},"modified":"2022-03-15T12:28:44","modified_gmt":"2022-03-15T11:28:44","slug":"zaciname-cyklisticku-kulturu-vo-vychodnej-afrike","status":"publish","type":"post","link":"https:\/\/www.welovecycling.com\/sk\/2022\/03\/21\/zaciname-cyklisticku-kulturu-vo-vychodnej-afrike\/","title":{"rendered":"Za\u010d\u00edname cyklistick\u00fa kult\u00faru vo v\u00fdchodnej Afrike"},"content":{"rendered":"<p><strong>Ako privediete profesion\u00e1lnu cyklistiku do oblasti sveta, ktor\u00fd nem\u00e1 absol\u00fatne \u017eiadnu cyklistick\u00fa trad\u00edciu? Ak ste Mikel Delagrange, zakladate\u013e holandsko-africk\u00e9ho partnerstva Amani, sponzorujete vysoko profilov\u00e9 preteky a priv\u00e1dzate profesion\u00e1lnych cyklistov, tak tam \u0161anca je.<\/strong><\/p>\n<p><!--more--><\/p>\n<p>To je to, \u010do urobil Delagrange vo v\u00fdchodnej Afrike, aby presved\u010dil miestnych \u0161portovcov, \u017ee m\u00f4\u017eu uspie\u0165 v tradi\u010dnom eur\u00f3pskom modeli profesion\u00e1lnej cestnej cyklistiky. <em>\u201eAk pou\u017eijete kr\u00e1tkozrak\u00fd pr\u00edstup,&#8220;<\/em> povedal Delagrange, <em>\u201ev skuto\u010dnosti je to o nedostatku pretek\u00e1rskych pr\u00edle\u017eitost\u00ed.&#8220;<\/em><\/p>\n<p>https:\/\/www.instagram.com\/p\/CZOhkeQMn8k\/<\/p>\n<p>Delagrange je americk\u00fd pr\u00e1vnik p\u00f4sobiaci na Medzin\u00e1rodnom trestnom s\u00fade v Haagu. <strong>Jeho pr\u00e1ca, ktor\u00e1 pom\u00e1ha obetiam vojnov\u00fdch zlo\u010dinov postavi\u0165 zlo\u010dincov pred s\u00fad, ho priviedla na desa\u0165 rokov do Kene, Ugandy a DR Konga.<\/strong> Je tie\u017e v\u00e1\u0161niv\u00fdm cyklistom a t\u00fa\u017ei vidie\u0165 aj vo v\u00fdchodnej Afrike \u013eud\u00ed, ktor\u00ed maj\u00fa pr\u00edstup k profesion\u00e1lnym pretekom.<\/p>\n<p>Prv\u00fdm krokom v tomto dlhodobom pl\u00e1ne boli \u0161tvord\u0148ov\u00e9 migra\u010dn\u00e9 gravelov\u00e9 preteky, ktor\u00e9 sa konali v j\u00fani 2021. <strong>Priviedlo to 61 jazdcov z cel\u00e9ho sveta, aby pretekali 650 km cez single track<\/strong>, chodn\u00edky, \u010derven\u00fa offroad hlinu a tvrd\u00fd \u0161trk, a\u017e cez divo\u010dinu kenskej rezerv\u00e1cie Maasai Mara.<\/p>\n<p>V\u00ed\u0165azom mu\u017esk\u00fdch pretekov sa stal b\u00fdval\u00fd jazdec WorldTour Laurens ten Dam, ktor\u00fd mal \u010do robi\u0165, aby skon\u010dil pred Ke\u0148anom Sulemanom Kangangim. Kangangi bol r\u00e1d, \u017ee preteky priniesli do regi\u00f3nu profesion\u00e1lnu cyklistiku. <em>\u201eMysl\u00edm, \u017ee to bolo kr\u00e1sne, ke\u010f tento n\u00e1pad vznikol,&#8220;<\/em> povedal. <em>\u201e\u013dudia teraz v\u010faka medi\u00e1lnej pozornosti na t\u00fdchto pretekoch videli viac ako predt\u00fdm&#8230; Vidie\u0165 b\u00fdval\u00fdch profesion\u00e1lov, ako s\u00fa ve\u013ek\u00ed jazdci, ktor\u00ed s\u00fa tu, bolo pre v\u00fdchodoafrick\u00fdch jazdcov d\u00f4le\u017eit\u00e9 \u2013 vidie\u0165, ako r\u00fdchlo t\u00edto chlapci dok\u00e1\u017eu \u00eds\u0165, a u\u010di\u0165 sa od nich. T\u00fdmto chalanom to pom\u00f4\u017ee zlep\u0161i\u0165 ich schopnosti, komunik\u00e1ciu a hlavne m\u00f4\u017eu e\u0161te tvrd\u0161ie tr\u00e9nova\u0165 na \u010fal\u0161ie podujatie.\u201c<\/em><\/p>\n<h2><strong>Evolution Gravel v Tanz\u00e1nii<\/strong><\/h2>\n<p>\u010eal\u0161ia udalos\u0165 u\u017e nie je \u010faleko. Nadch\u00e1dzaj\u00face leto, len p\u00e4\u0165 dn\u00ed po skon\u010den\u00ed druh\u00e9ho ro\u010dn\u00edka pretekov Migration Gravel Race v Keni, od\u0161tartuje Evolution Gravel v Tanz\u00e1nii. <strong>Evolution Gravel prekon\u00e1 850 kilometrov a 10 000 metrov st\u00fapania po\u010das piatich dn\u00ed.<\/strong> Delagrange povedal, \u017ee dlh\u00e9 etapy \u2013 v priemere 180 km \u2013 a dva dni, ktor\u00e9 obsahuj\u00fa viac ako 3 000 metrov st\u00fapania, bud\u00fa v\u00fdzvou pre jazdcov tak\u00fdm sp\u00f4sobom, ak\u00fdm krat\u0161ie, technickej\u0161ie etapy v r\u00e1mci Migr\u00e1cie neboli.<\/p>\n<p><em>\u201ePrech\u00e1dzame piatimi r\u00f4znymi klimatick\u00fdmi z\u00f3nami,&#8220;<\/em> povedal. <em>\u201eV\u0161etky etapy s\u00fa dos\u0165 dlh\u00e9, s poh\u013eadom na ultrapodujatie, ale nie celkom. S\u00fa tam hladk\u00e9 \u0161trkov\u00e9 cesty, tak\u017ee ka\u017ed\u00fd, kto i\u0161iel na Migr\u00e1ciu, u\u017e vie, \u017ee je to dos\u0165 ve\u013ek\u00fd odchod. Je tu p\u00e1r rovinat\u00fdch, dlh\u00fdch et\u00e1p a p\u00e1r mas\u00edvnych horsk\u00fdch et\u00e1p. Potom skon\u010d\u00edte pri pobre\u017e\u00ed Indick\u00e9ho oce\u00e1nu, ktor\u00fd je pre jazdcov obrovsk\u00fdm stimulom. Ste len k\u00fasok trajektom zo Zanzibaru.&#8220;<\/em><\/p>\n<p>https:\/\/www.instagram.com\/p\/CYgCHj4MG-U\/<\/p>\n<p>Zatia\u013e, \u010do preteky Migration Gravel Race a Evolution Gravel predstavuj\u00fa pre neprofesion\u00e1lnych cyklistov vz\u00e1cne pr\u00edle\u017eitosti cestova\u0165 a preteka\u0165 na bicykloch vo v\u00fdchodnej Afrike, <strong>cie\u013eom t\u00fdchto podujat\u00ed je tie\u017e poskytn\u00fa\u0165 preteky na vysokej \u00farovni na africkej p\u00f4de a podpori\u0165 za\u010d\u00ednaj\u00facich v\u00fdchodoafrick\u00fdch profesion\u00e1lov<\/strong>. Ich verejn\u00e1 vidite\u013enos\u0165 je zameran\u00e1 na pril\u00e1kanie priemyseln\u00fdch partnerstiev zo Z\u00e1padu s cie\u013eom pom\u00f4c\u0165 financova\u0165 rozvoj v\u00fdchodoafrick\u00fdch cyklistov.<\/p>\n<p>A tento cie\u013e sa u\u017e nap\u013a\u0148a zalo\u017een\u00edm t\u00edmu Amani. <strong>S podporou zna\u010diek ako Giant, POC a Factor Bikes, Amani sa tento rok zameria na tri projekty.<\/strong> Na 2 \u0161trkov\u00e9 preteky vo v\u00fdchodnej Afrike a ned\u00e1vno vytvoren\u00fd <a href=\"https:\/\/www.teamamani.com\/\" rel=\"noopener\" target=\"_blank\">Team Amani<\/a>. Desa\u0165 jazdcov dostane plat a podporu. <em>\u201eV\u0161etky veci, ktor\u00e9 boli minul\u00fd rok super ad hoc, zabezpe\u010dujeme, aby boli stopercentne pripraven\u00e9,&#8220;<\/em> povedal Delagrange.<\/p>\n<p>Neo\u010dak\u00e1va v\u0161ak, \u017ee t\u00edto za\u010d\u00ednaj\u00faci cyklisti sa stan\u00fa cez noc pretek\u00e1rmi WorldTour. <em>\u201eD\u00fafame, \u017ee vyu\u017eijeme firemn\u00e9 partnerstv\u00e1, aby sme videli, \u010do sa m\u00f4\u017ee sta\u0165,&#8220;<\/em> povedal Delagrange.<em> <em>\u201eJe to sp\u00f4sob, ako poskytn\u00fa\u0165 jazdcom trochu pohodlia, a aby sme videli, \u010di im pom\u00f4\u017eeme urobi\u0165 nie\u010do inak, \u010do bude ma\u0165 za n\u00e1sledok nie\u010do in\u00e9, pozit\u00edvne v ich kari\u00e9re.&#8220;<\/em><\/em><\/p>\n","protected":false},"excerpt":{"rendered":"<p>Ako privediete profesion\u00e1lnu cyklistiku do oblasti sveta, ktor\u00fd nem\u00e1 absol\u00fatne \u017eiadnu cyklistick\u00fa trad\u00edciu? Ak ste Mikel Delagrange, zakladate\u013e holandsko-africk\u00e9ho partnerstva [&hellip;]<\/p>\n","protected":false},"author":81,"featured_media":14045,"comment_status":"open","ping_status":"open","sticky":false,"template":"","format":"standard","meta":{"footnotes":""},"categories":[4],"tags":[779,115,961,1464,259,1463,1466,767,999,37,179,1461,106],"global-categories":[],"class_list":["post-14042","post","type-post","status-publish","format-standard","has-post-thumbnail","hentry","category-cestna-cyklisitika","tag-afrika","tag-cestna-cyklistika","tag-etapa","tag-evolution-gravel","tag-gravel","tag-migration-gravel-race","tag-mikel-delagrange","tag-motivacia","tag-podpora","tag-podujatia","tag-preteky","tag-tim-amani","tag-uci-worldtour"],"yoast_head":"<!-- This site is optimized with the Yoast SEO Premium plugin v25.3 (Yoast SEO v25.9) - https:\/\/yoast.com\/wordpress\/plugins\/seo\/ -->\n<title>Za\u010d\u00edname cyklistick\u00fa kult\u00faru vo v\u00fdchodnej Afrike - \u0160koda We Love Cycling Slovensko<\/title>\n<meta name=\"description\" content=\"Ako privediete profesion\u00e1lnu cyklistiku do oblasti sveta, ktor\u00fd nem\u00e1 absol\u00fatne \u017eiadnu cyklistick\u00fa trad\u00edciu? To urobil Delagrange v Afrike.\" \/>\n<meta name=\"robots\" content=\"index, follow, max-snippet:-1, max-image-preview:large, max-video-preview:-1\" \/>\n<link rel=\"canonical\" href=\"https:\/\/www.welovecycling.com\/sk\/2022\/03\/21\/zaciname-cyklisticku-kulturu-vo-vychodnej-afrike\/\" \/>\n<meta property=\"og:locale\" content=\"sk_SK\" \/>\n<meta property=\"og:type\" content=\"article\" \/>\n<meta property=\"og:title\" content=\"Za\u010d\u00edname cyklistick\u00fa kult\u00faru vo v\u00fdchodnej Afrike\" \/>\n<meta property=\"og:description\" content=\"Ako privediete profesion\u00e1lnu cyklistiku do oblasti sveta, ktor\u00fd nem\u00e1 absol\u00fatne \u017eiadnu cyklistick\u00fa trad\u00edciu? To urobil Delagrange v Afrike.\" \/>\n<meta property=\"og:url\" content=\"https:\/\/www.welovecycling.com\/sk\/2022\/03\/21\/zaciname-cyklisticku-kulturu-vo-vychodnej-afrike\/\" \/>\n<meta property=\"og:site_name\" content=\"\u0160koda We Love Cycling Slovensko\" \/>\n<meta property=\"article:published_time\" content=\"2022-03-21T09:00:03+00:00\" \/>\n<meta property=\"og:image\" content=\"https:\/\/d2p6e6u75xmxt8.cloudfront.net\/4\/2022\/03\/Maasai-Mara-Kenya-profimedia-0363094621-CVR.webp\" \/>\n\t<meta property=\"og:image:width\" content=\"1366\" \/>\n\t<meta property=\"og:image:height\" content=\"600\" \/>\n\t<meta property=\"og:image:type\" content=\"image\/webp\" \/>\n<meta name=\"twitter:card\" content=\"summary_large_image\" \/>\n<meta name=\"twitter:label1\" content=\"Written by\" \/>\n\t<meta name=\"twitter:data1\" content=\"Siegfried Mortkowitz\" \/>\n\t<meta name=\"twitter:label2\" content=\"Est. reading time\" \/>\n\t<meta name=\"twitter:data2\" content=\"6\" \/>\n<script type=\"application\/ld+json\" class=\"yoast-schema-graph\">{\"@context\":\"https:\/\/schema.org\",\"@graph\":[{\"@type\":\"WebPage\",\"@id\":\"https:\/\/www.welovecycling.com\/sk\/2022\/03\/21\/zaciname-cyklisticku-kulturu-vo-vychodnej-afrike\/\",\"url\":\"https:\/\/www.welovecycling.com\/sk\/2022\/03\/21\/zaciname-cyklisticku-kulturu-vo-vychodnej-afrike\/\",\"name\":\"Za\u010d\u00edname cyklistick\u00fa kult\u00faru vo v\u00fdchodnej Afrike - \u0160koda We Love Cycling Slovensko\",\"isPartOf\":{\"@id\":\"https:\/\/www.welovecycling.com\/sk\/#website\"},\"primaryImageOfPage\":{\"@id\":\"https:\/\/www.welovecycling.com\/sk\/2022\/03\/21\/zaciname-cyklisticku-kulturu-vo-vychodnej-afrike\/#primaryimage\"},\"image\":{\"@id\":\"https:\/\/www.welovecycling.com\/sk\/2022\/03\/21\/zaciname-cyklisticku-kulturu-vo-vychodnej-afrike\/#primaryimage\"},\"thumbnailUrl\":\"https:\/\/d2p6e6u75xmxt8.cloudfront.net\/4\/2022\/03\/Maasai-Mara-Kenya-profimedia-0363094621-CVR.webp\",\"datePublished\":\"2022-03-21T09:00:03+00:00\",\"author\":{\"@id\":\"\"},\"description\":\"Ako privediete profesion\u00e1lnu cyklistiku do oblasti sveta, ktor\u00fd nem\u00e1 absol\u00fatne \u017eiadnu cyklistick\u00fa trad\u00edciu? To urobil Delagrange v Afrike.\",\"breadcrumb\":{\"@id\":\"https:\/\/www.welovecycling.com\/sk\/2022\/03\/21\/zaciname-cyklisticku-kulturu-vo-vychodnej-afrike\/#breadcrumb\"},\"inLanguage\":\"sk-SK\",\"potentialAction\":[{\"@type\":\"ReadAction\",\"target\":[\"https:\/\/www.welovecycling.com\/sk\/2022\/03\/21\/zaciname-cyklisticku-kulturu-vo-vychodnej-afrike\/\"]}]},{\"@type\":\"ImageObject\",\"inLanguage\":\"sk-SK\",\"@id\":\"https:\/\/www.welovecycling.com\/sk\/2022\/03\/21\/zaciname-cyklisticku-kulturu-vo-vychodnej-afrike\/#primaryimage\",\"url\":\"https:\/\/d2p6e6u75xmxt8.cloudfront.net\/4\/2022\/03\/Maasai-Mara-Kenya-profimedia-0363094621-CVR.webp\",\"contentUrl\":\"https:\/\/d2p6e6u75xmxt8.cloudfront.net\/4\/2022\/03\/Maasai-Mara-Kenya-profimedia-0363094621-CVR.webp\",\"width\":1366,\"height\":600,\"caption\":\"Kenya\"},{\"@type\":\"BreadcrumbList\",\"@id\":\"https:\/\/www.welovecycling.com\/sk\/2022\/03\/21\/zaciname-cyklisticku-kulturu-vo-vychodnej-afrike\/#breadcrumb\",\"itemListElement\":[{\"@type\":\"ListItem\",\"position\":1,\"name\":\"Home\",\"item\":\"https:\/\/www.welovecycling.com\/sk\/\"},{\"@type\":\"ListItem\",\"position\":2,\"name\":\"Za\u010d\u00edname cyklistick\u00fa kult\u00faru vo v\u00fdchodnej Afrike\"}]},{\"@type\":\"WebSite\",\"@id\":\"https:\/\/www.welovecycling.com\/sk\/#website\",\"url\":\"https:\/\/www.welovecycling.com\/sk\/\",\"name\":\"\u0160koda We Love Cycling Slovensko\",\"description\":\"\u0160koda We Love Cycling Slovensko je v\u00e1\u0161 ka\u017edodenn\u00fd zdroj noviniek a in\u0161pir\u00e1cie z sveta cyklistiky\",\"potentialAction\":[{\"@type\":\"SearchAction\",\"target\":{\"@type\":\"EntryPoint\",\"urlTemplate\":\"https:\/\/www.welovecycling.com\/sk\/?s={search_term_string}\"},\"query-input\":{\"@type\":\"PropertyValueSpecification\",\"valueRequired\":true,\"valueName\":\"search_term_string\"}}],\"inLanguage\":\"sk-SK\"},{\"@type\":\"Person\",\"@id\":\"\",\"url\":\"https:\/\/www.welovecycling.com\/sk\/author\/\"}]}<\/script>\n<!-- \/ Yoast SEO Premium plugin. -->","yoast_head_json":{"title":"Za\u010d\u00edname cyklistick\u00fa kult\u00faru vo v\u00fdchodnej Afrike - \u0160koda We Love Cycling Slovensko","description":"Ako privediete profesion\u00e1lnu cyklistiku do oblasti sveta, ktor\u00fd nem\u00e1 absol\u00fatne \u017eiadnu cyklistick\u00fa trad\u00edciu? To urobil Delagrange v Afrike.","robots":{"index":"index","follow":"follow","max-snippet":"max-snippet:-1","max-image-preview":"max-image-preview:large","max-video-preview":"max-video-preview:-1"},"canonical":"https:\/\/www.welovecycling.com\/sk\/2022\/03\/21\/zaciname-cyklisticku-kulturu-vo-vychodnej-afrike\/","og_locale":"sk_SK","og_type":"article","og_title":"Za\u010d\u00edname cyklistick\u00fa kult\u00faru vo v\u00fdchodnej Afrike","og_description":"Ako privediete profesion\u00e1lnu cyklistiku do oblasti sveta, ktor\u00fd nem\u00e1 absol\u00fatne \u017eiadnu cyklistick\u00fa trad\u00edciu? To urobil Delagrange v Afrike.","og_url":"https:\/\/www.welovecycling.com\/sk\/2022\/03\/21\/zaciname-cyklisticku-kulturu-vo-vychodnej-afrike\/","og_site_name":"\u0160koda We Love Cycling Slovensko","article_published_time":"2022-03-21T09:00:03+00:00","og_image":[{"width":1366,"height":600,"url":"https:\/\/d2p6e6u75xmxt8.cloudfront.net\/4\/2022\/03\/Maasai-Mara-Kenya-profimedia-0363094621-CVR.webp","type":"image\/webp"}],"twitter_card":"summary_large_image","twitter_misc":{"Written by":"Siegfried Mortkowitz","Est. reading time":"6"},"schema":{"@context":"https:\/\/schema.org","@graph":[{"@type":"WebPage","@id":"https:\/\/www.welovecycling.com\/sk\/2022\/03\/21\/zaciname-cyklisticku-kulturu-vo-vychodnej-afrike\/","url":"https:\/\/www.welovecycling.com\/sk\/2022\/03\/21\/zaciname-cyklisticku-kulturu-vo-vychodnej-afrike\/","name":"Za\u010d\u00edname cyklistick\u00fa kult\u00faru vo v\u00fdchodnej Afrike - \u0160koda We Love Cycling Slovensko","isPartOf":{"@id":"https:\/\/www.welovecycling.com\/sk\/#website"},"primaryImageOfPage":{"@id":"https:\/\/www.welovecycling.com\/sk\/2022\/03\/21\/zaciname-cyklisticku-kulturu-vo-vychodnej-afrike\/#primaryimage"},"image":{"@id":"https:\/\/www.welovecycling.com\/sk\/2022\/03\/21\/zaciname-cyklisticku-kulturu-vo-vychodnej-afrike\/#primaryimage"},"thumbnailUrl":"https:\/\/d2p6e6u75xmxt8.cloudfront.net\/4\/2022\/03\/Maasai-Mara-Kenya-profimedia-0363094621-CVR.webp","datePublished":"2022-03-21T09:00:03+00:00","author":{"@id":""},"description":"Ako privediete profesion\u00e1lnu cyklistiku do oblasti sveta, ktor\u00fd nem\u00e1 absol\u00fatne \u017eiadnu cyklistick\u00fa trad\u00edciu? To urobil Delagrange v Afrike.","breadcrumb":{"@id":"https:\/\/www.welovecycling.com\/sk\/2022\/03\/21\/zaciname-cyklisticku-kulturu-vo-vychodnej-afrike\/#breadcrumb"},"inLanguage":"sk-SK","potentialAction":[{"@type":"ReadAction","target":["https:\/\/www.welovecycling.com\/sk\/2022\/03\/21\/zaciname-cyklisticku-kulturu-vo-vychodnej-afrike\/"]}]},{"@type":"ImageObject","inLanguage":"sk-SK","@id":"https:\/\/www.welovecycling.com\/sk\/2022\/03\/21\/zaciname-cyklisticku-kulturu-vo-vychodnej-afrike\/#primaryimage","url":"https:\/\/d2p6e6u75xmxt8.cloudfront.net\/4\/2022\/03\/Maasai-Mara-Kenya-profimedia-0363094621-CVR.webp","contentUrl":"https:\/\/d2p6e6u75xmxt8.cloudfront.net\/4\/2022\/03\/Maasai-Mara-Kenya-profimedia-0363094621-CVR.webp","width":1366,"height":600,"caption":"Kenya"},{"@type":"BreadcrumbList","@id":"https:\/\/www.welovecycling.com\/sk\/2022\/03\/21\/zaciname-cyklisticku-kulturu-vo-vychodnej-afrike\/#breadcrumb","itemListElement":[{"@type":"ListItem","position":1,"name":"Home","item":"https:\/\/www.welovecycling.com\/sk\/"},{"@type":"ListItem","position":2,"name":"Za\u010d\u00edname cyklistick\u00fa kult\u00faru vo v\u00fdchodnej Afrike"}]},{"@type":"WebSite","@id":"https:\/\/www.welovecycling.com\/sk\/#website","url":"https:\/\/www.welovecycling.com\/sk\/","name":"\u0160koda We Love Cycling Slovensko","description":"\u0160koda We Love Cycling Slovensko je v\u00e1\u0161 ka\u017edodenn\u00fd zdroj noviniek a in\u0161pir\u00e1cie z sveta cyklistiky","potentialAction":[{"@type":"SearchAction","target":{"@type":"EntryPoint","urlTemplate":"https:\/\/www.welovecycling.com\/sk\/?s={search_term_string}"},"query-input":{"@type":"PropertyValueSpecification","valueRequired":true,"valueName":"search_term_string"}}],"inLanguage":"sk-SK"},{"@type":"Person","@id":"","url":"https:\/\/www.welovecycling.com\/sk\/author\/"}]}},"_links":{"self":[{"href":"https:\/\/www.welovecycling.com\/sk\/wp-json\/wp\/v2\/posts\/14042","targetHints":{"allow":["GET"]}}],"collection":[{"href":"https:\/\/www.welovecycling.com\/sk\/wp-json\/wp\/v2\/posts"}],"about":[{"href":"https:\/\/www.welovecycling.com\/sk\/wp-json\/wp\/v2\/types\/post"}],"author":[{"embeddable":true,"href":"https:\/\/www.welovecycling.com\/sk\/wp-json\/wp\/v2\/users\/81"}],"replies":[{"embeddable":true,"href":"https:\/\/www.welovecycling.com\/sk\/wp-json\/wp\/v2\/comments?post=14042"}],"version-history":[{"count":2,"href":"https:\/\/www.welovecycling.com\/sk\/wp-json\/wp\/v2\/posts\/14042\/revisions"}],"predecessor-version":[{"id":14049,"href":"https:\/\/www.welovecycling.com\/sk\/wp-json\/wp\/v2\/posts\/14042\/revisions\/14049"}],"wp:featuredmedia":[{"embeddable":true,"href":"https:\/\/www.welovecycling.com\/sk\/wp-json\/wp\/v2\/media\/14045"}],"wp:attachment":[{"href":"https:\/\/www.welovecycling.com\/sk\/wp-json\/wp\/v2\/media?parent=14042"}],"wp:term":[{"taxonomy":"category","embeddable":true,"href":"https:\/\/www.welovecycling.com\/sk\/wp-json\/wp\/v2\/categories?post=14042"},{"taxonomy":"post_tag","embeddable":true,"href":"https:\/\/www.welovecycling.com\/sk\/wp-json\/wp\/v2\/tags?post=14042"},{"taxonomy":"global-categories","embeddable":true,"href":"https:\/\/www.welovecycling.com\/sk\/wp-json\/wp\/v2\/global-categories?post=14042"}],"curies":[{"name":"wp","href":"https:\/\/api.w.org\/{rel}","templated":true}]}}