{"id":14032,"date":"2022-03-18T10:00:12","date_gmt":"2022-03-18T09:00:12","guid":{"rendered":"https:\/\/www.welovecycling.com\/sk\/?p=14032"},"modified":"2022-03-15T11:50:21","modified_gmt":"2022-03-15T10:50:21","slug":"skoda-titan-desert-rally-dakar-na-dvoch-kolesach","status":"publish","type":"post","link":"https:\/\/www.welovecycling.com\/sk\/2022\/03\/18\/skoda-titan-desert-rally-dakar-na-dvoch-kolesach\/","title":{"rendered":"\u0160koda Titan Desert: Rally Dakar na dvoch koles\u00e1ch"},"content":{"rendered":"<p><strong>Jedine\u010dn\u00e9 preteky horsk\u00fdch bicyklov zasaden\u00e9 medzi impozantn\u00fdm pohor\u00edm Atlas a p\u00fa\u0161\u0165ou Sahara v Maroku ber\u00fa dych pretek\u00e1rom a div\u00e1kom u\u017e od roku 2006. Ak ste o podujat\u00ed e\u0161te nepo\u010duli, pozna\u010dte si 08. a\u017e 13. m\u00e1j vo svojom kalend\u00e1ri, preto\u017ee to je nie\u010do, \u010do si nem\u00f4\u017eete necha\u0165 ujs\u0165.<\/strong><\/p>\n<p><!--more--><\/p>\n<h2><strong>Preteky ako \u017eiadne in\u00e9<\/strong><\/h2>\n<p>Preteky s\u00fa rozdelen\u00e9 do \u0161iestich et\u00e1p, pri\u010dom ka\u017ed\u00e1 z nich m\u00e1 v priemere okolo 100 km. Niektor\u00e9 s\u00fa dlh\u0161ie ako in\u00e9, tak\u017ee \u00fa\u010dastn\u00edci m\u00f4\u017eu prejs\u0165 jeden de\u0148 80 km a druh\u00fd de\u0148 140 km. <strong>Vo v\u0161eobecnosti trasa vedie jazdcov cez duny p\u00fa\u0161te, ako aj n\u00e1ro\u010dn\u00e9 v\u00fdstupy pohor\u00edm Atlas.<\/strong> Bohu\u017eia\u013e, nem\u00f4\u017eeme zdie\u013ea\u0165 \u0161pecifik\u00e1 trasy pre tento rok. P\u00fa\u0161\u0165 si rada uchov\u00e1va svoje tajomstv\u00e1 a odhal\u00ed ich a\u017e dva t\u00fd\u017edne pred za\u010diatkom.<\/p>\n<figure id=\"attachment_14033\" aria-describedby=\"caption-attachment-14033\" style=\"width: 1000px\" class=\"wp-caption alignnone\"><a href=\"https:\/\/d2p6e6u75xmxt8.cloudfront.net\/4\/2022\/03\/Titan-Desert-5.jpeg\"><img loading=\"lazy\" decoding=\"async\" class=\"wp-image-14033 size-full\" src=\"https:\/\/d2p6e6u75xmxt8.cloudfront.net\/4\/2022\/03\/Titan-Desert-5.jpeg\" alt=\"\u0160koda Titan Desert\" width=\"1000\" height=\"667\" \/><\/a><figcaption id=\"caption-attachment-14033\" class=\"wp-caption-text\">\u0160koda Titan Desert je skuto\u010dne jedine\u010dn\u00fdm podujat\u00edm.<\/figcaption><\/figure>\n<h2><strong>Legend\u00e1rni Titani<\/strong><\/h2>\n<p>Od svojho prv\u00e9ho ro\u010dn\u00edka sa na Titan Desert z\u00fa\u010dastnilo viac ako 5 000 pretek\u00e1rov, vr\u00e1tane najlep\u0161ieho \u0161panielskeho cyklistu v\u0161etk\u00fdch \u010dias Miguela Indur\u00e1ina. Div\u00e1ci sa mohli pokocha\u0165 aj poh\u013eadom na legendy Roberta Herasa, Melciora Mauriho \u010di Sylvaina Chavanela jazdiaceho za v\u00ed\u0165azstvom Titanu.<\/p>\n<p>Josep Betal\u00fa (\u0160panielsko), zn\u00e1my aj ako Master Titan, je prv\u00fdm a zatia\u013e jedin\u00fdm jazdcom, ktor\u00fd na podujat\u00ed z\u00edskal \u0161tyri po sebe id\u00face v\u00ed\u0165azstv\u00e1. A\u017e v roku 2021 sa Konnymu Looserovi (\u0160vaj\u010diarsko) podarilo zobra\u0165 \u0160panielovi titul.<\/p>\n<p>Na zozname legiend Titanu je Anna Ram\u00edrez, ktor\u00e1 trikr\u00e1t vyhrala \u017eensk\u00e9 preteky a stala sa tak najv\u00fdznamnej\u0161ou jazdky\u0148ou v hist\u00f3rii podujatia. <strong>V roku 2021 ju nahradila Ariadna R\u00f3denas, jedno z ve\u013ek\u00fdch prekvapen\u00ed pretekov<\/strong>, ke\u010f\u017ee si v\u00ed\u0165azstvo prip\u00edsala hne\u010f pri svojom prvom vyst\u00fapen\u00ed na podujat\u00ed.<\/p>\n<div id='gallery-1' class='gallery galleryid-14032 gallery-columns-3 gallery-size-large'><figure class='gallery-item'>\n\t\t\t<div class='gallery-icon landscape'>\n\t\t\t\t<a href='https:\/\/d2p6e6u75xmxt8.cloudfront.net\/4\/2022\/03\/Titan-Desert-2.webp'><img loading=\"lazy\" decoding=\"async\" width=\"1000\" height=\"667\" src=\"https:\/\/d2p6e6u75xmxt8.cloudfront.net\/4\/2022\/03\/Titan-Desert-2.webp\" class=\"attachment-large size-large\" alt=\"\" srcset=\"https:\/\/d2p6e6u75xmxt8.cloudfront.net\/4\/2022\/03\/Titan-Desert-2.webp 1000w, https:\/\/d2p6e6u75xmxt8.cloudfront.net\/4\/2022\/03\/Titan-Desert-2-300x200.webp 300w, https:\/\/d2p6e6u75xmxt8.cloudfront.net\/4\/2022\/03\/Titan-Desert-2-768x512.webp 768w, https:\/\/d2p6e6u75xmxt8.cloudfront.net\/4\/2022\/03\/Titan-Desert-2-272x182.webp 272w\" sizes=\"auto, (max-width: 1000px) 100vw, 1000px\" \/><\/a>\n\t\t\t<\/div><\/figure><figure class='gallery-item'>\n\t\t\t<div class='gallery-icon landscape'>\n\t\t\t\t<a href='https:\/\/d2p6e6u75xmxt8.cloudfront.net\/4\/2022\/03\/Titan-Desert-3.webp'><img loading=\"lazy\" decoding=\"async\" width=\"1000\" height=\"667\" src=\"https:\/\/d2p6e6u75xmxt8.cloudfront.net\/4\/2022\/03\/Titan-Desert-3.webp\" class=\"attachment-large size-large\" alt=\"\" srcset=\"https:\/\/d2p6e6u75xmxt8.cloudfront.net\/4\/2022\/03\/Titan-Desert-3.webp 1000w, https:\/\/d2p6e6u75xmxt8.cloudfront.net\/4\/2022\/03\/Titan-Desert-3-300x200.webp 300w, https:\/\/d2p6e6u75xmxt8.cloudfront.net\/4\/2022\/03\/Titan-Desert-3-768x512.webp 768w, https:\/\/d2p6e6u75xmxt8.cloudfront.net\/4\/2022\/03\/Titan-Desert-3-272x182.webp 272w\" sizes=\"auto, (max-width: 1000px) 100vw, 1000px\" \/><\/a>\n\t\t\t<\/div><\/figure><figure class='gallery-item'>\n\t\t\t<div class='gallery-icon landscape'>\n\t\t\t\t<a href='https:\/\/d2p6e6u75xmxt8.cloudfront.net\/4\/2022\/03\/Titan-Desert-4.webp'><img loading=\"lazy\" decoding=\"async\" width=\"1000\" height=\"667\" src=\"https:\/\/d2p6e6u75xmxt8.cloudfront.net\/4\/2022\/03\/Titan-Desert-4.webp\" class=\"attachment-large size-large\" alt=\"\" srcset=\"https:\/\/d2p6e6u75xmxt8.cloudfront.net\/4\/2022\/03\/Titan-Desert-4.webp 1000w, https:\/\/d2p6e6u75xmxt8.cloudfront.net\/4\/2022\/03\/Titan-Desert-4-300x200.webp 300w, https:\/\/d2p6e6u75xmxt8.cloudfront.net\/4\/2022\/03\/Titan-Desert-4-768x512.webp 768w, https:\/\/d2p6e6u75xmxt8.cloudfront.net\/4\/2022\/03\/Titan-Desert-4-272x182.webp 272w\" sizes=\"auto, (max-width: 1000px) 100vw, 1000px\" \/><\/a>\n\t\t\t<\/div><\/figure>\n\t\t<\/div>\n\n<h2><strong>Jedine\u010dn\u00fd Titan Spirit<\/strong><\/h2>\n<p>Pre jazdcov sa pr\u00edbeh nekon\u010d\u00ed etapou; \u017eije \u010falej v t\u00e1boroch, kde s\u00fa si v\u0161etci rovn\u00ed. Pre\u017ei\u0165 v rovnak\u00fdch drsn\u00fdch podmienkach a zdie\u013ea\u0165 ko\u010dovn\u00fd bivak presahuje \u0161portov\u00fd prvok a vedie k formovaniu nezabudnute\u013en\u00e9ho t\u00edmov\u00e9ho ducha.<\/p>\n<p>Samotn\u00fd bivak nie je v \u017eiadnom pr\u00edpade vtip. Aby bolo mo\u017en\u00e9 ubytova\u0165 pribli\u017ene 700 \u00fa\u010dastn\u00edkov, podporn\u00fd t\u00edm ka\u017ed\u00fa noc zostav\u00ed bivak s rozlohou 24 000 m\u00b2, aby umo\u017enil Titanom na\u010derpa\u0165 sily.<\/p>\n<p>Titanska p\u00fa\u0161\u0165 nie je len s\u00fa\u0165a\u017eou pretek\u00e1rskych jednotlivcov: <strong>je to v\u00fdzva medzi \u010dlovekom a pr\u00edrodou<\/strong>. Sk\u00fa\u0161a fyzick\u00fa odolnos\u0165 svojich \u00fa\u010dastn\u00edkov spolu s ich naviga\u010dn\u00fdmi schopnos\u0165ami a schopnos\u0165ou uspie\u0165 v skuto\u010dne n\u00e1ro\u010dnom a suchom prostred\u00ed. Preteky sa p\u00fd\u0161ia nezamenite\u013en\u00fdm duchom Titanov, ktor\u00fd prenik\u00e1 cel\u00fdm podujat\u00edm.<\/p>\n<p><a href=\"https:\/\/d2p6e6u75xmxt8.cloudfront.net\/4\/2022\/03\/Titan-Desert-1.jpeg\"><img loading=\"lazy\" decoding=\"async\" class=\"alignnone size-full wp-image-14034\" src=\"https:\/\/d2p6e6u75xmxt8.cloudfront.net\/4\/2022\/03\/Titan-Desert-1.jpeg\" alt=\"\u0160koda Titan Desert\" width=\"1000\" height=\"667\" \/><\/a><\/p>\n<div id='gallery-2' class='gallery galleryid-14032 gallery-columns-3 gallery-size-large'><figure class='gallery-item'>\n\t\t\t<div class='gallery-icon landscape'>\n\t\t\t\t<a href='https:\/\/d2p6e6u75xmxt8.cloudfront.net\/4\/2022\/03\/Titan-Desert-6.webp'><img loading=\"lazy\" decoding=\"async\" width=\"1000\" height=\"667\" src=\"https:\/\/d2p6e6u75xmxt8.cloudfront.net\/4\/2022\/03\/Titan-Desert-6.webp\" class=\"attachment-large size-large\" alt=\"\" srcset=\"https:\/\/d2p6e6u75xmxt8.cloudfront.net\/4\/2022\/03\/Titan-Desert-6.webp 1000w, https:\/\/d2p6e6u75xmxt8.cloudfront.net\/4\/2022\/03\/Titan-Desert-6-300x200.webp 300w, https:\/\/d2p6e6u75xmxt8.cloudfront.net\/4\/2022\/03\/Titan-Desert-6-768x512.webp 768w, https:\/\/d2p6e6u75xmxt8.cloudfront.net\/4\/2022\/03\/Titan-Desert-6-272x182.webp 272w\" sizes=\"auto, (max-width: 1000px) 100vw, 1000px\" \/><\/a>\n\t\t\t<\/div><\/figure><figure class='gallery-item'>\n\t\t\t<div class='gallery-icon landscape'>\n\t\t\t\t<a href='https:\/\/d2p6e6u75xmxt8.cloudfront.net\/4\/2022\/03\/Titan-Desert-7.webp'><img loading=\"lazy\" decoding=\"async\" width=\"1000\" height=\"667\" src=\"https:\/\/d2p6e6u75xmxt8.cloudfront.net\/4\/2022\/03\/Titan-Desert-7.webp\" class=\"attachment-large size-large\" alt=\"\" srcset=\"https:\/\/d2p6e6u75xmxt8.cloudfront.net\/4\/2022\/03\/Titan-Desert-7.webp 1000w, https:\/\/d2p6e6u75xmxt8.cloudfront.net\/4\/2022\/03\/Titan-Desert-7-300x200.webp 300w, https:\/\/d2p6e6u75xmxt8.cloudfront.net\/4\/2022\/03\/Titan-Desert-7-768x512.webp 768w, https:\/\/d2p6e6u75xmxt8.cloudfront.net\/4\/2022\/03\/Titan-Desert-7-272x182.webp 272w\" sizes=\"auto, (max-width: 1000px) 100vw, 1000px\" \/><\/a>\n\t\t\t<\/div><\/figure><figure class='gallery-item'>\n\t\t\t<div class='gallery-icon landscape'>\n\t\t\t\t<a href='https:\/\/d2p6e6u75xmxt8.cloudfront.net\/4\/2022\/03\/TItan-Desert-8.webp'><img loading=\"lazy\" decoding=\"async\" width=\"1000\" height=\"667\" src=\"https:\/\/d2p6e6u75xmxt8.cloudfront.net\/4\/2022\/03\/TItan-Desert-8.webp\" class=\"attachment-large size-large\" alt=\"\" srcset=\"https:\/\/d2p6e6u75xmxt8.cloudfront.net\/4\/2022\/03\/TItan-Desert-8.webp 1000w, https:\/\/d2p6e6u75xmxt8.cloudfront.net\/4\/2022\/03\/TItan-Desert-8-300x200.webp 300w, https:\/\/d2p6e6u75xmxt8.cloudfront.net\/4\/2022\/03\/TItan-Desert-8-768x512.webp 768w, https:\/\/d2p6e6u75xmxt8.cloudfront.net\/4\/2022\/03\/TItan-Desert-8-272x182.webp 272w\" sizes=\"auto, (max-width: 1000px) 100vw, 1000px\" \/><\/a>\n\t\t\t<\/div><\/figure>\n\t\t<\/div>\n\n<h2><strong>Sta\u0148te sa Titanom so \u0160koda<\/strong><\/h2>\n<p>Ako hrd\u00fd partner Titan Desert sa \u0160koda sna\u017e\u00ed zachova\u0165 prav\u00e9ho ducha Titanu. <strong>Klasifik\u00e1cia \u0160koda Adventure je skuto\u010dnou v\u00fdzvou, ktor\u00e1 vyz\u00fdva \u00fa\u010dastn\u00edkov, aby preuk\u00e1zali svoje schopnosti s men\u0161ou asistenciou<\/strong>, pri\u010dom sa spoliehaj\u00fa najm\u00e4 na seba a podporu svojich dvojkolesov\u00fdch spolo\u010dn\u00edkov.<\/p>\n<div class=\"shortcode-ys-post-pinup\"><article class=\"loop-simple post-13952 post type-post status-publish format-standard has-post-thumbnail hentry category-mtb tag-adrenalin tag-bmx tag-cross-country tag-down-hill tag-francuzsko tag-gravel tag-horska-cyklistika tag-jazdenie tag-maraton tag-mesacna-desiatka tag-motivacia tag-mtb tag-muzi tag-nemecko tag-portugalsko tag-preteky tag-rakusko tag-sezona-2022 tag-slovinsko tag-spanielsko tag-uci tag-xco tag-zabava tag-zeny global-categories-cycling\" data-postid=\"13952\" role=\"article\" data-post-id=\"13952\" data-word-count=\"578\" data-headline-length=\"34\" data-category=\"MTB\" data-global-category=\"Cycling\" data-author=\"Radovan Vr\u0161ka\" data-published=\"2022-03-02T14:00:14+01:00\" data-published-day=\"Wednesday\">\n    <div class=\"entry-thumbnail article-thumbnail\" content=\"https:\/\/d2p6e6u75xmxt8.cloudfront.net\/4\/2022\/03\/TOP_MTB_00-150x150.webp\"><a href=\"https:\/\/www.welovecycling.com\/sk\/2022\/03\/02\/marcova-desiatka-top-mtb-pretekov\/\" class=\"image-holder\" target=\"_self\"><img decoding=\"async\" loading=\"lazy\" class=\"\" src=\"https:\/\/d2p6e6u75xmxt8.cloudfront.net\/4\/2022\/03\/TOP_MTB_00-1024x445.webp\" srcset=\"https:\/\/d2p6e6u75xmxt8.cloudfront.net\/4\/2022\/03\/TOP_MTB_00.webp 1380w, https:\/\/d2p6e6u75xmxt8.cloudfront.net\/4\/2022\/03\/TOP_MTB_00-300x130.webp 300w, https:\/\/d2p6e6u75xmxt8.cloudfront.net\/4\/2022\/03\/TOP_MTB_00-1024x445.webp 1024w, https:\/\/d2p6e6u75xmxt8.cloudfront.net\/4\/2022\/03\/TOP_MTB_00-768x334.webp 768w\" width=\"1024\" height=\"445\" sizes=\"auto, (min-width: 1200px) 460px, (min-width: 768px) 38vw, 100vw\" alt=\"marcova-desiatka-top-mtb-pretekov\"\/><\/a><\/div>    <div class=\"entry-meta\">\n        <a class=\"label label-secondary post-category\" href=\"https:\/\/www.welovecycling.com\/sk\/category\/mtb\/\" title=\"MTB\">MTB<\/a>\n    <\/div>\n    <div class=\"entry-details\">\n        <a href=\"https:\/\/www.welovecycling.com\/sk\/2022\/03\/02\/marcova-desiatka-top-mtb-pretekov\/\" class='entry-title-wrapper'>\n            <h3 class=\"entry-title\"><span>Marcov\u00e1 desiatka TOP MTB pretekov<\/span><\/h3>\n        <\/a>\n    <\/div>\n    <\/article>\n<\/div>\n<p>A je toho viac. Organiz\u00e1tori Titan Desert a \u0160koda, hlavn\u00fd sponzor podujatia, pripravili tento rok \u0161peci\u00e1lnu lah\u00f4dku pre v\u0161etk\u00fdch majite\u013eov vozidiel \u0160koda, ktor\u00ed m\u00f4\u017eu z\u00edska\u0165 \u0161peci\u00e1lne Early Bird vstupn\u00e9 1 845 \u20ac namiesto be\u017en\u00fdch 2 490 \u20ac.<\/p>\n<p>Pou\u017eit\u00edm k\u00f3du SKODAINT22 pri registr\u00e1cii na podujatie, z\u00edskate n\u00e1rok na z\u013eavnen\u00fa cenu. Preuk\u00e1zanie vlastn\u00edctva vozidla \u0160koda bude potrebn\u00e9 nesk\u00f4r (t. j. vo forme eviden\u010dn\u00e9ho listu vozidla s menom \u00fa\u010dastn\u00edka zaslan\u00e9ho e-mailom). Ponuka je otvoren\u00e1 pre jazdcov z ktorejko\u013evek krajiny sveta: pripoji\u0165 sa m\u00f4\u017ee ka\u017ed\u00fd. <strong>Sk\u00fasite \u0161\u0165astie aj vy?<\/strong><\/p>\n<p>Viac inform\u00e1ci\u00ed n\u00e1jdete na str\u00e1nke <a href=\"https:\/\/www.skoda.es\/?state=OK&#038;aid=5d640c35-9752-4438-8620-07c67e67f675&#038;_ga=2.7181114.94711177.1647338722-5d640c35-9752-4438-8620-07c67e67f675\" rel=\"noopener\" target=\"_blank\">skoda.es<\/a> alebo <a href=\"https:\/\/www.titandesert.com\/en\" rel=\"noopener\" target=\"_blank\">titandesert.com\/en<\/a>.<\/p>\n","protected":false},"excerpt":{"rendered":"<p>Jedine\u010dn\u00e9 preteky horsk\u00fdch bicyklov zasaden\u00e9 medzi impozantn\u00fdm pohor\u00edm Atlas a p\u00fa\u0161\u0165ou Sahara v Maroku ber\u00fa dych pretek\u00e1rom a div\u00e1kom u\u017e [&hellip;]<\/p>\n","protected":false},"author":81,"featured_media":14036,"comment_status":"open","ping_status":"open","sticky":false,"template":"","format":"standard","meta":{"footnotes":""},"categories":[3],"tags":[319,1460,1191,1454,1458,1456,412,1453,37,1455,1457,542,1452,1459],"global-categories":[],"class_list":["post-14032","post","type-post","status-publish","format-standard","has-post-thumbnail","hentry","category-mtb","tag-adrenalin","tag-anna-ramirez","tag-jazda","tag-josep-betalu","tag-melcior-mauri","tag-miguel-indurain","tag-mtb","tag-mtb-jazda","tag-podujatia","tag-pust","tag-robert-heras","tag-skoda","tag-skoda-titan-desert","tag-sylvain-chavanel"],"yoast_head":"<!-- This site is optimized with the Yoast SEO Premium plugin v25.3 (Yoast SEO v25.9) - https:\/\/yoast.com\/wordpress\/plugins\/seo\/ -->\n<title>\u0160koda Titan Desert: Rally Dakar na dvoch koles\u00e1ch - We Love Cycling<\/title>\n<meta name=\"description\" content=\"Jedine\u010dn\u00e9 preteky horsk\u00fdch bicyklov zasaden\u00e9 medzi pohor\u00edm Atlas a p\u00fa\u0161\u0165ou Sahara v Maroku ber\u00fa dych pretek\u00e1rom a div\u00e1kom u\u017e od roku 2006.\" \/>\n<meta name=\"robots\" content=\"index, follow, max-snippet:-1, max-image-preview:large, max-video-preview:-1\" \/>\n<link rel=\"canonical\" href=\"https:\/\/www.welovecycling.com\/sk\/2022\/03\/18\/skoda-titan-desert-rally-dakar-na-dvoch-kolesach\/\" \/>\n<meta property=\"og:locale\" content=\"sk_SK\" \/>\n<meta property=\"og:type\" content=\"article\" \/>\n<meta property=\"og:title\" content=\"\u0160koda Titan Desert: Rally Dakar na dvoch koles\u00e1ch\" \/>\n<meta property=\"og:description\" content=\"Jedine\u010dn\u00e9 preteky horsk\u00fdch bicyklov zasaden\u00e9 medzi pohor\u00edm Atlas a p\u00fa\u0161\u0165ou Sahara v Maroku ber\u00fa dych pretek\u00e1rom a div\u00e1kom u\u017e od roku 2006.\" \/>\n<meta property=\"og:url\" content=\"https:\/\/www.welovecycling.com\/sk\/2022\/03\/18\/skoda-titan-desert-rally-dakar-na-dvoch-kolesach\/\" \/>\n<meta property=\"og:site_name\" content=\"\u0160koda We Love Cycling Slovensko\" \/>\n<meta property=\"article:published_time\" content=\"2022-03-18T09:00:12+00:00\" \/>\n<meta property=\"og:image\" content=\"https:\/\/d2p6e6u75xmxt8.cloudfront.net\/4\/2022\/03\/titan-desert-2021-la-clasificacion-skoda-adventure-pondra-a-prueba-a-los-ciclistas-mas-autosuficientes-scaled.webp\" \/>\n\t<meta property=\"og:image:width\" content=\"2560\" \/>\n\t<meta property=\"og:image:height\" content=\"1383\" \/>\n\t<meta property=\"og:image:type\" content=\"image\/webp\" \/>\n<meta name=\"twitter:card\" content=\"summary_large_image\" \/>\n<meta name=\"twitter:label1\" content=\"Written by\" \/>\n\t<meta name=\"twitter:data1\" content=\"Radovan Vr\u0161ka\" \/>\n\t<meta name=\"twitter:label2\" content=\"Est. reading time\" \/>\n\t<meta name=\"twitter:data2\" content=\"10\" \/>\n<script type=\"application\/ld+json\" class=\"yoast-schema-graph\">{\"@context\":\"https:\/\/schema.org\",\"@graph\":[{\"@type\":\"WebPage\",\"@id\":\"https:\/\/www.welovecycling.com\/sk\/2022\/03\/18\/skoda-titan-desert-rally-dakar-na-dvoch-kolesach\/\",\"url\":\"https:\/\/www.welovecycling.com\/sk\/2022\/03\/18\/skoda-titan-desert-rally-dakar-na-dvoch-kolesach\/\",\"name\":\"\u0160koda Titan Desert: Rally Dakar na dvoch koles\u00e1ch - We Love Cycling\",\"isPartOf\":{\"@id\":\"https:\/\/www.welovecycling.com\/sk\/#website\"},\"primaryImageOfPage\":{\"@id\":\"https:\/\/www.welovecycling.com\/sk\/2022\/03\/18\/skoda-titan-desert-rally-dakar-na-dvoch-kolesach\/#primaryimage\"},\"image\":{\"@id\":\"https:\/\/www.welovecycling.com\/sk\/2022\/03\/18\/skoda-titan-desert-rally-dakar-na-dvoch-kolesach\/#primaryimage\"},\"thumbnailUrl\":\"https:\/\/d2p6e6u75xmxt8.cloudfront.net\/4\/2022\/03\/titan-desert-2021-la-clasificacion-skoda-adventure-pondra-a-prueba-a-los-ciclistas-mas-autosuficientes-scaled.webp\",\"datePublished\":\"2022-03-18T09:00:12+00:00\",\"author\":{\"@id\":\"\"},\"description\":\"Jedine\u010dn\u00e9 preteky horsk\u00fdch bicyklov zasaden\u00e9 medzi pohor\u00edm Atlas a p\u00fa\u0161\u0165ou Sahara v Maroku ber\u00fa dych pretek\u00e1rom a div\u00e1kom u\u017e od roku 2006.\",\"breadcrumb\":{\"@id\":\"https:\/\/www.welovecycling.com\/sk\/2022\/03\/18\/skoda-titan-desert-rally-dakar-na-dvoch-kolesach\/#breadcrumb\"},\"inLanguage\":\"sk-SK\",\"potentialAction\":[{\"@type\":\"ReadAction\",\"target\":[\"https:\/\/www.welovecycling.com\/sk\/2022\/03\/18\/skoda-titan-desert-rally-dakar-na-dvoch-kolesach\/\"]}]},{\"@type\":\"ImageObject\",\"inLanguage\":\"sk-SK\",\"@id\":\"https:\/\/www.welovecycling.com\/sk\/2022\/03\/18\/skoda-titan-desert-rally-dakar-na-dvoch-kolesach\/#primaryimage\",\"url\":\"https:\/\/d2p6e6u75xmxt8.cloudfront.net\/4\/2022\/03\/titan-desert-2021-la-clasificacion-skoda-adventure-pondra-a-prueba-a-los-ciclistas-mas-autosuficientes-scaled.webp\",\"contentUrl\":\"https:\/\/d2p6e6u75xmxt8.cloudfront.net\/4\/2022\/03\/titan-desert-2021-la-clasificacion-skoda-adventure-pondra-a-prueba-a-los-ciclistas-mas-autosuficientes-scaled.webp\",\"width\":2560,\"height\":1383,\"caption\":\"Titan Desert\"},{\"@type\":\"BreadcrumbList\",\"@id\":\"https:\/\/www.welovecycling.com\/sk\/2022\/03\/18\/skoda-titan-desert-rally-dakar-na-dvoch-kolesach\/#breadcrumb\",\"itemListElement\":[{\"@type\":\"ListItem\",\"position\":1,\"name\":\"Home\",\"item\":\"https:\/\/www.welovecycling.com\/sk\/\"},{\"@type\":\"ListItem\",\"position\":2,\"name\":\"\u0160koda Titan Desert: Rally Dakar na dvoch koles\u00e1ch\"}]},{\"@type\":\"WebSite\",\"@id\":\"https:\/\/www.welovecycling.com\/sk\/#website\",\"url\":\"https:\/\/www.welovecycling.com\/sk\/\",\"name\":\"\u0160koda We Love Cycling Slovensko\",\"description\":\"\u0160koda We Love Cycling Slovensko je v\u00e1\u0161 ka\u017edodenn\u00fd zdroj noviniek a in\u0161pir\u00e1cie z sveta cyklistiky\",\"potentialAction\":[{\"@type\":\"SearchAction\",\"target\":{\"@type\":\"EntryPoint\",\"urlTemplate\":\"https:\/\/www.welovecycling.com\/sk\/?s={search_term_string}\"},\"query-input\":{\"@type\":\"PropertyValueSpecification\",\"valueRequired\":true,\"valueName\":\"search_term_string\"}}],\"inLanguage\":\"sk-SK\"},{\"@type\":\"Person\",\"@id\":\"\",\"url\":\"https:\/\/www.welovecycling.com\/sk\/author\/\"}]}<\/script>\n<!-- \/ Yoast SEO Premium plugin. -->","yoast_head_json":{"title":"\u0160koda Titan Desert: Rally Dakar na dvoch koles\u00e1ch - We Love Cycling","description":"Jedine\u010dn\u00e9 preteky horsk\u00fdch bicyklov zasaden\u00e9 medzi pohor\u00edm Atlas a p\u00fa\u0161\u0165ou Sahara v Maroku ber\u00fa dych pretek\u00e1rom a div\u00e1kom u\u017e od roku 2006.","robots":{"index":"index","follow":"follow","max-snippet":"max-snippet:-1","max-image-preview":"max-image-preview:large","max-video-preview":"max-video-preview:-1"},"canonical":"https:\/\/www.welovecycling.com\/sk\/2022\/03\/18\/skoda-titan-desert-rally-dakar-na-dvoch-kolesach\/","og_locale":"sk_SK","og_type":"article","og_title":"\u0160koda Titan Desert: Rally Dakar na dvoch koles\u00e1ch","og_description":"Jedine\u010dn\u00e9 preteky horsk\u00fdch bicyklov zasaden\u00e9 medzi pohor\u00edm Atlas a p\u00fa\u0161\u0165ou Sahara v Maroku ber\u00fa dych pretek\u00e1rom a div\u00e1kom u\u017e od roku 2006.","og_url":"https:\/\/www.welovecycling.com\/sk\/2022\/03\/18\/skoda-titan-desert-rally-dakar-na-dvoch-kolesach\/","og_site_name":"\u0160koda We Love Cycling Slovensko","article_published_time":"2022-03-18T09:00:12+00:00","og_image":[{"width":2560,"height":1383,"url":"https:\/\/d2p6e6u75xmxt8.cloudfront.net\/4\/2022\/03\/titan-desert-2021-la-clasificacion-skoda-adventure-pondra-a-prueba-a-los-ciclistas-mas-autosuficientes-scaled.webp","type":"image\/webp"}],"twitter_card":"summary_large_image","twitter_misc":{"Written by":"Radovan Vr\u0161ka","Est. reading time":"10"},"schema":{"@context":"https:\/\/schema.org","@graph":[{"@type":"WebPage","@id":"https:\/\/www.welovecycling.com\/sk\/2022\/03\/18\/skoda-titan-desert-rally-dakar-na-dvoch-kolesach\/","url":"https:\/\/www.welovecycling.com\/sk\/2022\/03\/18\/skoda-titan-desert-rally-dakar-na-dvoch-kolesach\/","name":"\u0160koda Titan Desert: Rally Dakar na dvoch koles\u00e1ch - We Love Cycling","isPartOf":{"@id":"https:\/\/www.welovecycling.com\/sk\/#website"},"primaryImageOfPage":{"@id":"https:\/\/www.welovecycling.com\/sk\/2022\/03\/18\/skoda-titan-desert-rally-dakar-na-dvoch-kolesach\/#primaryimage"},"image":{"@id":"https:\/\/www.welovecycling.com\/sk\/2022\/03\/18\/skoda-titan-desert-rally-dakar-na-dvoch-kolesach\/#primaryimage"},"thumbnailUrl":"https:\/\/d2p6e6u75xmxt8.cloudfront.net\/4\/2022\/03\/titan-desert-2021-la-clasificacion-skoda-adventure-pondra-a-prueba-a-los-ciclistas-mas-autosuficientes-scaled.webp","datePublished":"2022-03-18T09:00:12+00:00","author":{"@id":""},"description":"Jedine\u010dn\u00e9 preteky horsk\u00fdch bicyklov zasaden\u00e9 medzi pohor\u00edm Atlas a p\u00fa\u0161\u0165ou Sahara v Maroku ber\u00fa dych pretek\u00e1rom a div\u00e1kom u\u017e od roku 2006.","breadcrumb":{"@id":"https:\/\/www.welovecycling.com\/sk\/2022\/03\/18\/skoda-titan-desert-rally-dakar-na-dvoch-kolesach\/#breadcrumb"},"inLanguage":"sk-SK","potentialAction":[{"@type":"ReadAction","target":["https:\/\/www.welovecycling.com\/sk\/2022\/03\/18\/skoda-titan-desert-rally-dakar-na-dvoch-kolesach\/"]}]},{"@type":"ImageObject","inLanguage":"sk-SK","@id":"https:\/\/www.welovecycling.com\/sk\/2022\/03\/18\/skoda-titan-desert-rally-dakar-na-dvoch-kolesach\/#primaryimage","url":"https:\/\/d2p6e6u75xmxt8.cloudfront.net\/4\/2022\/03\/titan-desert-2021-la-clasificacion-skoda-adventure-pondra-a-prueba-a-los-ciclistas-mas-autosuficientes-scaled.webp","contentUrl":"https:\/\/d2p6e6u75xmxt8.cloudfront.net\/4\/2022\/03\/titan-desert-2021-la-clasificacion-skoda-adventure-pondra-a-prueba-a-los-ciclistas-mas-autosuficientes-scaled.webp","width":2560,"height":1383,"caption":"Titan Desert"},{"@type":"BreadcrumbList","@id":"https:\/\/www.welovecycling.com\/sk\/2022\/03\/18\/skoda-titan-desert-rally-dakar-na-dvoch-kolesach\/#breadcrumb","itemListElement":[{"@type":"ListItem","position":1,"name":"Home","item":"https:\/\/www.welovecycling.com\/sk\/"},{"@type":"ListItem","position":2,"name":"\u0160koda Titan Desert: Rally Dakar na dvoch koles\u00e1ch"}]},{"@type":"WebSite","@id":"https:\/\/www.welovecycling.com\/sk\/#website","url":"https:\/\/www.welovecycling.com\/sk\/","name":"\u0160koda We Love Cycling Slovensko","description":"\u0160koda We Love Cycling Slovensko je v\u00e1\u0161 ka\u017edodenn\u00fd zdroj noviniek a in\u0161pir\u00e1cie z sveta cyklistiky","potentialAction":[{"@type":"SearchAction","target":{"@type":"EntryPoint","urlTemplate":"https:\/\/www.welovecycling.com\/sk\/?s={search_term_string}"},"query-input":{"@type":"PropertyValueSpecification","valueRequired":true,"valueName":"search_term_string"}}],"inLanguage":"sk-SK"},{"@type":"Person","@id":"","url":"https:\/\/www.welovecycling.com\/sk\/author\/"}]}},"_links":{"self":[{"href":"https:\/\/www.welovecycling.com\/sk\/wp-json\/wp\/v2\/posts\/14032","targetHints":{"allow":["GET"]}}],"collection":[{"href":"https:\/\/www.welovecycling.com\/sk\/wp-json\/wp\/v2\/posts"}],"about":[{"href":"https:\/\/www.welovecycling.com\/sk\/wp-json\/wp\/v2\/types\/post"}],"author":[{"embeddable":true,"href":"https:\/\/www.welovecycling.com\/sk\/wp-json\/wp\/v2\/users\/81"}],"replies":[{"embeddable":true,"href":"https:\/\/www.welovecycling.com\/sk\/wp-json\/wp\/v2\/comments?post=14032"}],"version-history":[{"count":2,"href":"https:\/\/www.welovecycling.com\/sk\/wp-json\/wp\/v2\/posts\/14032\/revisions"}],"predecessor-version":[{"id":14041,"href":"https:\/\/www.welovecycling.com\/sk\/wp-json\/wp\/v2\/posts\/14032\/revisions\/14041"}],"wp:featuredmedia":[{"embeddable":true,"href":"https:\/\/www.welovecycling.com\/sk\/wp-json\/wp\/v2\/media\/14036"}],"wp:attachment":[{"href":"https:\/\/www.welovecycling.com\/sk\/wp-json\/wp\/v2\/media?parent=14032"}],"wp:term":[{"taxonomy":"category","embeddable":true,"href":"https:\/\/www.welovecycling.com\/sk\/wp-json\/wp\/v2\/categories?post=14032"},{"taxonomy":"post_tag","embeddable":true,"href":"https:\/\/www.welovecycling.com\/sk\/wp-json\/wp\/v2\/tags?post=14032"},{"taxonomy":"global-categories","embeddable":true,"href":"https:\/\/www.welovecycling.com\/sk\/wp-json\/wp\/v2\/global-categories?post=14032"}],"curies":[{"name":"wp","href":"https:\/\/api.w.org\/{rel}","templated":true}]}}