{"id":14002,"date":"2022-03-16T10:00:56","date_gmt":"2022-03-16T09:00:56","guid":{"rendered":"https:\/\/www.welovecycling.com\/sk\/?p=14002"},"modified":"2022-03-18T07:46:03","modified_gmt":"2022-03-18T06:46:03","slug":"milano-san-remo-2022","status":"publish","type":"post","link":"https:\/\/www.welovecycling.com\/sk\/2022\/03\/16\/milano-san-remo-2022\/","title":{"rendered":"Mil\u00e1no &#8211; San Remo 2022"},"content":{"rendered":"<p><strong>Prv\u00fd monument sez\u00f3ny a v porad\u00ed u\u017e 113. ro\u010dn\u00edk Mil\u00e1no &#8211; San Remo za\u010dne v sobotu 19. marca a bude to ve\u013ekolep\u00e9. Hist\u00f3ria t\u00fdchto pretekov sa datuje do neuverite\u013en\u00e9ho roku 1907 a o organiz\u00e1ciu celej akcie sa vtedy postarali noviny La Gazzetta dello Sport. Vzh\u013eadom na skor\u00fd jarn\u00fd term\u00edn konania sa pretek\u00e1ri v minulosti nevyhli ani vetern\u00e9mu po\u010dasiu \u010di dokonca snehov\u00fdm b\u00farkam. Ver\u00edme, \u017ee tento rok to bude slne\u010dn\u00e9 a tepl\u00e9 po\u010dasie.<\/strong><!--more--><\/p>\n<div class=\"embed-controller-wrapper\">\n<div class=\"embed-wrapper\"><iframe title=\"Success via Survival: 2013 Milan - San Remo\" width=\"500\" height=\"281\" data-src=\"https:\/\/www.youtube.com\/embed\/S7zC3CBTADI?feature=oembed\" frameborder=\"0\" allow=\"accelerometer; autoplay; clipboard-write; encrypted-media; gyroscope; picture-in-picture; web-share\" referrerpolicy=\"strict-origin-when-cross-origin\" allowfullscreen><\/iframe><\/div>\n<\/div>\n<p>Naj\u00faspe\u0161nej\u0161\u00edm \u00fa\u010dastn\u00edkom nie je nikto in\u00fd, ako sedemn\u00e1sobn\u00fd v\u00ed\u0165az pretekov a neprekonate\u013en\u00fd Belgi\u010dan Eddy Merckx. Svoje minuloro\u010dn\u00e9 v\u00ed\u0165azstvo bude tento rok obhajova\u0165 zhodou okolnost\u00ed takisto Belgi\u010dan Jasper Stuyven. Zauj\u00edmav\u00e9 na tom je, \u017ee v\u010faka tomuto umiestneniu vyhral minul\u00fd rok svoj prv\u00fd monument v kari\u00e9re.  <\/p>\n<lite-youtube videoid=_EJ4BiKEtBM params=\"enablejsapi=1\" style=\"background-image: url('https:\/\/i.ytimg.com\/vi_webp\/_EJ4BiKEtBM\/maxresdefault.webp');\"><\/lite-youtube>\n<h2><strong>\u010co n\u00e1s \u010dak\u00e1?<\/strong><\/h2>\n<p>Novinkou tohto ro\u010dn\u00edka bude \u0161tart z historick\u00e9ho mil\u00e1nskeho velodr\u00f3mu Maspes-Vigorelli. <strong>Z\u00e1ver po prekonan\u00ed vzdialenosti 293 km, bude ako v\u017edy patri\u0165 sl\u00e1vnej ulici Via Roma.<\/strong> Tento rok sa do trasy vr\u00e1tilo aj st\u00fapanie na Passo de Turchino, ktor\u00e9 bolo minul\u00fd rok vynechan\u00e9 kv\u00f4li zosuvom p\u00f4dy v tejto oblasti. Nebud\u00fa ch\u00fdba\u0165 klasick\u00e9 st\u00fapania a samozrejme v z\u00e1vere kombin\u00e1cia Cipressa a Poggio di Sanremo. Tieto maj\u00fa priemern\u00fd sklon 4,1 % no maxim\u00e1 s\u00fa a\u017e na 8 %, \u010do je v z\u00e1vere pre unaven\u00fdch pretek\u00e1rov skuto\u010dn\u00e1 v\u00fdzva. A pr\u00e1ve tu sa m\u00f4\u017ee zamie\u0161a\u0165 poradie.<\/p>\n<p>https:\/\/www.instagram.com\/p\/CN9mjSql8vl\/<\/p>\n<div class=\"shortcode-ys-post-pinup\"><article class=\"loop-simple post-13933 post type-post status-publish format-standard has-post-thumbnail hentry category-cestna-cyklisitika tag-cestna-cyklistika tag-etapove-preteky tag-gent-wevelgem tag-julian-alaphilippe tag-milano-san-remo tag-pariz tag-peter-sagan tag-preteky tag-profesional tag-sezona-2022 tag-strade-bianche tag-tirreno-adriatico global-categories-cycling\" data-postid=\"13933\" role=\"article\" data-post-id=\"13933\" data-word-count=\"591\" data-headline-length=\"36\" data-category=\"Cestn\u00e1 cyklistika\" data-global-category=\"Cycling\" data-author=\"Dominik Tvrd\u00fd\" data-published=\"2022-02-28T16:00:09+01:00\" data-published-day=\"Monday\">\n    <div class=\"entry-thumbnail article-thumbnail\" content=\"https:\/\/d2p6e6u75xmxt8.cloudfront.net\/4\/2022\/02\/WLC_Kalendar-Sagana_00-150x150.webp\"><a href=\"https:\/\/www.welovecycling.com\/sk\/2022\/02\/28\/marcovy-prehlad-top-pretekov-sveta\/\" class=\"image-holder\" target=\"_self\"><img decoding=\"async\" loading=\"lazy\" class=\"\" src=\"https:\/\/d2p6e6u75xmxt8.cloudfront.net\/4\/2022\/02\/WLC_Kalendar-Sagana_00-1024x445.webp\" srcset=\"https:\/\/d2p6e6u75xmxt8.cloudfront.net\/4\/2022\/02\/WLC_Kalendar-Sagana_00.webp 1380w, https:\/\/d2p6e6u75xmxt8.cloudfront.net\/4\/2022\/02\/WLC_Kalendar-Sagana_00-300x130.webp 300w, https:\/\/d2p6e6u75xmxt8.cloudfront.net\/4\/2022\/02\/WLC_Kalendar-Sagana_00-1024x445.webp 1024w, https:\/\/d2p6e6u75xmxt8.cloudfront.net\/4\/2022\/02\/WLC_Kalendar-Sagana_00-768x334.webp 768w\" width=\"1024\" height=\"445\" sizes=\"auto, (min-width: 1200px) 460px, (min-width: 768px) 38vw, 100vw\" alt=\"marcovy-prehlad-top-pretekov-sveta\"\/><\/a><\/div>    <div class=\"entry-meta\">\n        <a class=\"label label-secondary post-category\" href=\"https:\/\/www.welovecycling.com\/sk\/category\/cestna-cyklisitika\/\" title=\"Cestn\u00e1 cyklistika\">Cestn\u00e1 cyklistika<\/a>\n    <\/div>\n    <div class=\"entry-details\">\n        <a href=\"https:\/\/www.welovecycling.com\/sk\/2022\/02\/28\/marcovy-prehlad-top-pretekov-sveta\/\" class='entry-title-wrapper'>\n            <h3 class=\"entry-title\"><span>Marcov\u00fd preh\u013ead TOP pretekov sveta<\/span><\/h3>\n        <\/a>\n    <\/div>\n    <\/article>\n<\/div>\n<p>Cel\u00fd svet v\u0161ak s nap\u00e4t\u00edm \u010dak\u00e1 aj na Petra Sagana. Ten sa predstav\u00ed so svoj\u00edm nov\u00fdm t\u00edmom Total Energies. Samozrejme vklad\u00e1me do neho ve\u013ek\u00e9 n\u00e1deje, \u017ee s nov\u00fdm t\u00edmom chytil aj nov\u00fd vietor do plachiet. Dr\u017e\u00edme mu palce, aby ho hlavne neop\u00fa\u0161\u0165alo \u0161\u0165astie. Ma\u0165 natr\u00e9novan\u00e9 je jedna vec, ale dosta\u0165 sa do nejakej kol\u00edzie a zrani\u0165 sa, je vec druh\u00e1 a t\u00fa \u010dlovek \u0165a\u017eko ovplyvn\u00ed. Najlep\u0161ie je v\u0161ak na to nemyslie\u0165 a pripravi\u0165 sa na poriadnu d\u00e1vku adrenal\u00ednu.<\/p>\n<p><a href=\"https:\/\/d2p6e6u75xmxt8.cloudfront.net\/4\/2022\/03\/Milano-San-Remo-2022_02.jpg\"><img loading=\"lazy\" decoding=\"async\" src=\"https:\/\/d2p6e6u75xmxt8.cloudfront.net\/4\/2022\/03\/Milano-San-Remo-2022_02.jpg\" alt=\"\" width=\"1200\" height=\"800\" class=\"alignnone size-full wp-image-14010\" \/><\/a><\/p>\n<p>Tohtoro\u010dn\u00e1 La Primavera je nachystan\u00e1. <strong>M\u00f4\u017eeme sa te\u0161i\u0165, \u017ee si u\u017e za p\u00e1r dn\u00ed u\u017eijeme tento cyklistick\u00fd sviatok.<\/strong> Ver\u00edm, \u017ee n\u00e1s to v\u0161etk\u00fdch poriadne na\u0161tartuje, aby sme vytiahli bicykle a vyrazili kone\u010dne po dlhej zime na cesty a do pr\u00edrody.<\/p>\n<p>Foto kredit: Profimedia <\/p>\n","protected":false},"excerpt":{"rendered":"<p>Prv\u00fd monument sez\u00f3ny a v porad\u00ed u\u017e 113. ro\u010dn\u00edk Mil\u00e1no &#8211; San Remo za\u010dne v sobotu 19. marca a bude [&hellip;]<\/p>\n","protected":false},"author":81,"featured_media":14009,"comment_status":"open","ping_status":"open","sticky":false,"template":"","format":"standard","meta":{"footnotes":""},"categories":[4],"tags":[115,1266,67,1447,1449,423,46,37,179,885,1411,1448],"global-categories":[1074],"class_list":["post-14002","post","type-post","status-publish","format-standard","has-post-thumbnail","hentry","category-cestna-cyklisitika","tag-cestna-cyklistika","tag-eddy-merckx","tag-jasper-stuyven","tag-la-primavera","tag-maspes-vigorelli","tag-milano-san-remo","tag-peter-sagan","tag-podujatia","tag-preteky","tag-profesional","tag-sezona-2022","tag-total-energies","global-categories-cycling"],"yoast_head":"<!-- This site is optimized with the Yoast SEO Premium plugin v25.3 (Yoast SEO v25.9) - https:\/\/yoast.com\/wordpress\/plugins\/seo\/ -->\n<title>Mil\u00e1no - San Remo 2022 - \u0160koda We Love Cycling Slovensko<\/title>\n<meta name=\"description\" content=\"Prv\u00fd monument sez\u00f3ny a v porad\u00ed u\u017e 113. ro\u010dn\u00edk Mil\u00e1no - San Remo za\u010dne v sobotu 19. marca a bude to ve\u013ekolep\u00e9. Predstav\u00ed sa aj Peter Sagan.\" \/>\n<meta name=\"robots\" content=\"index, follow, max-snippet:-1, max-image-preview:large, max-video-preview:-1\" \/>\n<link rel=\"canonical\" href=\"https:\/\/www.welovecycling.com\/sk\/2022\/03\/16\/milano-san-remo-2022\/\" \/>\n<meta property=\"og:locale\" content=\"sk_SK\" \/>\n<meta property=\"og:type\" content=\"article\" \/>\n<meta property=\"og:title\" content=\"Mil\u00e1no - San Remo 2022\" \/>\n<meta property=\"og:description\" content=\"Prv\u00fd monument sez\u00f3ny a v porad\u00ed u\u017e 113. ro\u010dn\u00edk Mil\u00e1no - San Remo za\u010dne v sobotu 19. marca a bude to ve\u013ekolep\u00e9. Predstav\u00ed sa aj Peter Sagan.\" \/>\n<meta property=\"og:url\" content=\"https:\/\/www.welovecycling.com\/sk\/2022\/03\/16\/milano-san-remo-2022\/\" \/>\n<meta property=\"og:site_name\" content=\"\u0160koda We Love Cycling Slovensko\" \/>\n<meta property=\"article:published_time\" content=\"2022-03-16T09:00:56+00:00\" \/>\n<meta property=\"article:modified_time\" content=\"2022-03-18T06:46:03+00:00\" \/>\n<meta property=\"og:image\" content=\"https:\/\/d2p6e6u75xmxt8.cloudfront.net\/4\/2022\/03\/Milano-San-Remo-2022_00.webp\" \/>\n\t<meta property=\"og:image:width\" content=\"1380\" \/>\n\t<meta property=\"og:image:height\" content=\"600\" \/>\n\t<meta property=\"og:image:type\" content=\"image\/webp\" \/>\n<meta name=\"twitter:card\" content=\"summary_large_image\" \/>\n<meta name=\"twitter:label1\" content=\"Written by\" \/>\n\t<meta name=\"twitter:data1\" content=\"Dominik Tvrd\u00fd\" \/>\n\t<meta name=\"twitter:label2\" content=\"Est. reading time\" \/>\n\t<meta name=\"twitter:data2\" content=\"7\" \/>\n<script type=\"application\/ld+json\" class=\"yoast-schema-graph\">{\"@context\":\"https:\/\/schema.org\",\"@graph\":[{\"@type\":\"WebPage\",\"@id\":\"https:\/\/www.welovecycling.com\/sk\/2022\/03\/16\/milano-san-remo-2022\/\",\"url\":\"https:\/\/www.welovecycling.com\/sk\/2022\/03\/16\/milano-san-remo-2022\/\",\"name\":\"Mil\u00e1no - San Remo 2022 - \u0160koda We Love Cycling Slovensko\",\"isPartOf\":{\"@id\":\"https:\/\/www.welovecycling.com\/sk\/#website\"},\"primaryImageOfPage\":{\"@id\":\"https:\/\/www.welovecycling.com\/sk\/2022\/03\/16\/milano-san-remo-2022\/#primaryimage\"},\"image\":{\"@id\":\"https:\/\/www.welovecycling.com\/sk\/2022\/03\/16\/milano-san-remo-2022\/#primaryimage\"},\"thumbnailUrl\":\"https:\/\/d2p6e6u75xmxt8.cloudfront.net\/4\/2022\/03\/Milano-San-Remo-2022_00.webp\",\"datePublished\":\"2022-03-16T09:00:56+00:00\",\"dateModified\":\"2022-03-18T06:46:03+00:00\",\"author\":{\"@id\":\"\"},\"description\":\"Prv\u00fd monument sez\u00f3ny a v porad\u00ed u\u017e 113. ro\u010dn\u00edk Mil\u00e1no - San Remo za\u010dne v sobotu 19. marca a bude to ve\u013ekolep\u00e9. Predstav\u00ed sa aj Peter Sagan.\",\"breadcrumb\":{\"@id\":\"https:\/\/www.welovecycling.com\/sk\/2022\/03\/16\/milano-san-remo-2022\/#breadcrumb\"},\"inLanguage\":\"sk-SK\",\"potentialAction\":[{\"@type\":\"ReadAction\",\"target\":[\"https:\/\/www.welovecycling.com\/sk\/2022\/03\/16\/milano-san-remo-2022\/\"]}]},{\"@type\":\"ImageObject\",\"inLanguage\":\"sk-SK\",\"@id\":\"https:\/\/www.welovecycling.com\/sk\/2022\/03\/16\/milano-san-remo-2022\/#primaryimage\",\"url\":\"https:\/\/d2p6e6u75xmxt8.cloudfront.net\/4\/2022\/03\/Milano-San-Remo-2022_00.webp\",\"contentUrl\":\"https:\/\/d2p6e6u75xmxt8.cloudfront.net\/4\/2022\/03\/Milano-San-Remo-2022_00.webp\",\"width\":1380,\"height\":600},{\"@type\":\"BreadcrumbList\",\"@id\":\"https:\/\/www.welovecycling.com\/sk\/2022\/03\/16\/milano-san-remo-2022\/#breadcrumb\",\"itemListElement\":[{\"@type\":\"ListItem\",\"position\":1,\"name\":\"Home\",\"item\":\"https:\/\/www.welovecycling.com\/sk\/\"},{\"@type\":\"ListItem\",\"position\":2,\"name\":\"Mil\u00e1no &#8211; San Remo 2022\"}]},{\"@type\":\"WebSite\",\"@id\":\"https:\/\/www.welovecycling.com\/sk\/#website\",\"url\":\"https:\/\/www.welovecycling.com\/sk\/\",\"name\":\"\u0160koda We Love Cycling Slovensko\",\"description\":\"\u0160koda We Love Cycling Slovensko je v\u00e1\u0161 ka\u017edodenn\u00fd zdroj noviniek a in\u0161pir\u00e1cie z sveta cyklistiky\",\"potentialAction\":[{\"@type\":\"SearchAction\",\"target\":{\"@type\":\"EntryPoint\",\"urlTemplate\":\"https:\/\/www.welovecycling.com\/sk\/?s={search_term_string}\"},\"query-input\":{\"@type\":\"PropertyValueSpecification\",\"valueRequired\":true,\"valueName\":\"search_term_string\"}}],\"inLanguage\":\"sk-SK\"},{\"@type\":\"Person\",\"@id\":\"\",\"url\":\"https:\/\/www.welovecycling.com\/sk\/author\/\"}]}<\/script>\n<!-- \/ Yoast SEO Premium plugin. -->","yoast_head_json":{"title":"Mil\u00e1no - San Remo 2022 - \u0160koda We Love Cycling Slovensko","description":"Prv\u00fd monument sez\u00f3ny a v porad\u00ed u\u017e 113. ro\u010dn\u00edk Mil\u00e1no - San Remo za\u010dne v sobotu 19. marca a bude to ve\u013ekolep\u00e9. Predstav\u00ed sa aj Peter Sagan.","robots":{"index":"index","follow":"follow","max-snippet":"max-snippet:-1","max-image-preview":"max-image-preview:large","max-video-preview":"max-video-preview:-1"},"canonical":"https:\/\/www.welovecycling.com\/sk\/2022\/03\/16\/milano-san-remo-2022\/","og_locale":"sk_SK","og_type":"article","og_title":"Mil\u00e1no - San Remo 2022","og_description":"Prv\u00fd monument sez\u00f3ny a v porad\u00ed u\u017e 113. ro\u010dn\u00edk Mil\u00e1no - San Remo za\u010dne v sobotu 19. marca a bude to ve\u013ekolep\u00e9. Predstav\u00ed sa aj Peter Sagan.","og_url":"https:\/\/www.welovecycling.com\/sk\/2022\/03\/16\/milano-san-remo-2022\/","og_site_name":"\u0160koda We Love Cycling Slovensko","article_published_time":"2022-03-16T09:00:56+00:00","article_modified_time":"2022-03-18T06:46:03+00:00","og_image":[{"width":1380,"height":600,"url":"https:\/\/d2p6e6u75xmxt8.cloudfront.net\/4\/2022\/03\/Milano-San-Remo-2022_00.webp","type":"image\/webp"}],"twitter_card":"summary_large_image","twitter_misc":{"Written by":"Dominik Tvrd\u00fd","Est. reading time":"7"},"schema":{"@context":"https:\/\/schema.org","@graph":[{"@type":"WebPage","@id":"https:\/\/www.welovecycling.com\/sk\/2022\/03\/16\/milano-san-remo-2022\/","url":"https:\/\/www.welovecycling.com\/sk\/2022\/03\/16\/milano-san-remo-2022\/","name":"Mil\u00e1no - San Remo 2022 - \u0160koda We Love Cycling Slovensko","isPartOf":{"@id":"https:\/\/www.welovecycling.com\/sk\/#website"},"primaryImageOfPage":{"@id":"https:\/\/www.welovecycling.com\/sk\/2022\/03\/16\/milano-san-remo-2022\/#primaryimage"},"image":{"@id":"https:\/\/www.welovecycling.com\/sk\/2022\/03\/16\/milano-san-remo-2022\/#primaryimage"},"thumbnailUrl":"https:\/\/d2p6e6u75xmxt8.cloudfront.net\/4\/2022\/03\/Milano-San-Remo-2022_00.webp","datePublished":"2022-03-16T09:00:56+00:00","dateModified":"2022-03-18T06:46:03+00:00","author":{"@id":""},"description":"Prv\u00fd monument sez\u00f3ny a v porad\u00ed u\u017e 113. ro\u010dn\u00edk Mil\u00e1no - San Remo za\u010dne v sobotu 19. marca a bude to ve\u013ekolep\u00e9. Predstav\u00ed sa aj Peter Sagan.","breadcrumb":{"@id":"https:\/\/www.welovecycling.com\/sk\/2022\/03\/16\/milano-san-remo-2022\/#breadcrumb"},"inLanguage":"sk-SK","potentialAction":[{"@type":"ReadAction","target":["https:\/\/www.welovecycling.com\/sk\/2022\/03\/16\/milano-san-remo-2022\/"]}]},{"@type":"ImageObject","inLanguage":"sk-SK","@id":"https:\/\/www.welovecycling.com\/sk\/2022\/03\/16\/milano-san-remo-2022\/#primaryimage","url":"https:\/\/d2p6e6u75xmxt8.cloudfront.net\/4\/2022\/03\/Milano-San-Remo-2022_00.webp","contentUrl":"https:\/\/d2p6e6u75xmxt8.cloudfront.net\/4\/2022\/03\/Milano-San-Remo-2022_00.webp","width":1380,"height":600},{"@type":"BreadcrumbList","@id":"https:\/\/www.welovecycling.com\/sk\/2022\/03\/16\/milano-san-remo-2022\/#breadcrumb","itemListElement":[{"@type":"ListItem","position":1,"name":"Home","item":"https:\/\/www.welovecycling.com\/sk\/"},{"@type":"ListItem","position":2,"name":"Mil\u00e1no &#8211; San Remo 2022"}]},{"@type":"WebSite","@id":"https:\/\/www.welovecycling.com\/sk\/#website","url":"https:\/\/www.welovecycling.com\/sk\/","name":"\u0160koda We Love Cycling Slovensko","description":"\u0160koda We Love Cycling Slovensko je v\u00e1\u0161 ka\u017edodenn\u00fd zdroj noviniek a in\u0161pir\u00e1cie z sveta cyklistiky","potentialAction":[{"@type":"SearchAction","target":{"@type":"EntryPoint","urlTemplate":"https:\/\/www.welovecycling.com\/sk\/?s={search_term_string}"},"query-input":{"@type":"PropertyValueSpecification","valueRequired":true,"valueName":"search_term_string"}}],"inLanguage":"sk-SK"},{"@type":"Person","@id":"","url":"https:\/\/www.welovecycling.com\/sk\/author\/"}]}},"_links":{"self":[{"href":"https:\/\/www.welovecycling.com\/sk\/wp-json\/wp\/v2\/posts\/14002","targetHints":{"allow":["GET"]}}],"collection":[{"href":"https:\/\/www.welovecycling.com\/sk\/wp-json\/wp\/v2\/posts"}],"about":[{"href":"https:\/\/www.welovecycling.com\/sk\/wp-json\/wp\/v2\/types\/post"}],"author":[{"embeddable":true,"href":"https:\/\/www.welovecycling.com\/sk\/wp-json\/wp\/v2\/users\/81"}],"replies":[{"embeddable":true,"href":"https:\/\/www.welovecycling.com\/sk\/wp-json\/wp\/v2\/comments?post=14002"}],"version-history":[{"count":2,"href":"https:\/\/www.welovecycling.com\/sk\/wp-json\/wp\/v2\/posts\/14002\/revisions"}],"predecessor-version":[{"id":14051,"href":"https:\/\/www.welovecycling.com\/sk\/wp-json\/wp\/v2\/posts\/14002\/revisions\/14051"}],"wp:featuredmedia":[{"embeddable":true,"href":"https:\/\/www.welovecycling.com\/sk\/wp-json\/wp\/v2\/media\/14009"}],"wp:attachment":[{"href":"https:\/\/www.welovecycling.com\/sk\/wp-json\/wp\/v2\/media?parent=14002"}],"wp:term":[{"taxonomy":"category","embeddable":true,"href":"https:\/\/www.welovecycling.com\/sk\/wp-json\/wp\/v2\/categories?post=14002"},{"taxonomy":"post_tag","embeddable":true,"href":"https:\/\/www.welovecycling.com\/sk\/wp-json\/wp\/v2\/tags?post=14002"},{"taxonomy":"global-categories","embeddable":true,"href":"https:\/\/www.welovecycling.com\/sk\/wp-json\/wp\/v2\/global-categories?post=14002"}],"curies":[{"name":"wp","href":"https:\/\/api.w.org\/{rel}","templated":true}]}}