{"id":13975,"date":"2022-03-07T10:00:01","date_gmt":"2022-03-07T09:00:01","guid":{"rendered":"https:\/\/www.welovecycling.com\/sk\/?p=13975"},"modified":"2022-03-03T08:30:32","modified_gmt":"2022-03-03T07:30:32","slug":"ked-je-vrcholova-cyklistika-v-rodine","status":"publish","type":"post","link":"https:\/\/www.welovecycling.com\/sk\/2022\/03\/07\/ked-je-vrcholova-cyklistika-v-rodine\/","title":{"rendered":"Ke\u010f je vrcholov\u00e1 cyklistika v\u00a0rodine"},"content":{"rendered":"<p><strong>\u0160port mal v\u017edy schopnos\u0165 produkova\u0165 rozpr\u00e1vkov\u00e9 pr\u00edbehy, kde sa z gener\u00e1cie na gener\u00e1ciu g\u00e9n talentu pren\u00e1\u0161a z otca na syna, z matky na dc\u00e9ru a umo\u017e\u0148uj\u00fa rodin\u00e1m s\u00fa\u0165a\u017ei\u0165 na najvy\u0161\u0161ej \u00farovni desiatky rokov. Tu uv\u00e1dzame niektor\u00e9 z naj\u00faspe\u0161nej\u0161\u00edch rod\u00edn v tomto \u0161porte.<\/strong><\/p>\n<p><!--more--><\/p>\n<h2><strong>Van der Poels<\/strong><\/h2>\n<p>Ke\u010f Mathieu van Der Poel vo svojom rozhovore po etape uk\u00e1zal na oblohu a rozplakal sa po v\u00ed\u0165azstve na M\u00fbr de Bretagne v \u0161tvrtej etape Tour de France 2021, nemal em\u00f3cie len z v\u00ed\u0165azstva, ale zo spomienky na svojho star\u00e9ho otca, ktor\u00fd bol \u201eve\u010dn\u00fd druh\u00fd&#8220; &#8211; Raymond Poulidor.<\/p>\n<figure id=\"attachment_10888\" aria-describedby=\"caption-attachment-10888\" style=\"width: 1250px\" class=\"wp-caption alignnone\"><a href=\"https:\/\/d2p6e6u75xmxt8.cloudfront.net\/4\/2020\/10\/profimedia-0068092118.jpg\"><img loading=\"lazy\" decoding=\"async\" class=\"size-full wp-image-10888\" src=\"https:\/\/d2p6e6u75xmxt8.cloudfront.net\/4\/2020\/10\/profimedia-0068092118.jpg\" alt=\"1964 Tour\" width=\"1250\" height=\"974\" \/><\/a><figcaption id=\"caption-attachment-10888\" class=\"wp-caption-text\">1964 Tour de France. Raymond Poulidor a Federico Bahamont\u00e8s. \u00a9 Profimedia<\/figcaption><\/figure>\n<p>T\u00e1to cyklistick\u00e1 rodina pozost\u00e1va z troch gener\u00e1ci\u00ed. <strong>Siaha od Poulidora bojuj\u00faceho s Anquetilom v 60. rokoch a\u017e po Mathieua bojuj\u00faceho o svetov\u00e9 prvenstv\u00e1 vo viacer\u00fdch oblastiach.<\/strong> V strede m\u00e1me Mathieuovho otca Adriho, ktor\u00fd bol s\u00e1m o sebe fantastick\u00fdm cyklistom. O\u017eenil sa s Poulidorovou dc\u00e9rou Corrinne a bol, rovnako ako jeho syn Mathieu, majstrom sveta v cyklokrose. Jedin\u00fdm duom otca a syna, ktor\u00e9mu sa to podarilo \u2013 a rovnako ako jeho syn vyhral Tour of Flanders.<\/p>\n<p>Pravdepodobne najviac zo v\u0161etk\u00fdch troch zatienil Mathieu svojho otca, pokia\u013e ide o \u00faspech a popularitu. Vo Franc\u00fazsku je v\u0161ak zosnul\u00fd legend\u00e1rny Poulidor najob\u013e\u00fabenej\u0161ou postavou v\u00a0rodine, v\u010faka jeho bl\u00edzkemu vz\u0165ahu s Tour de France, hoci ju nikdy nevyhral. Mal t\u00fa smolu, \u017ee jazdil po\u010das \u00e9ry Anquetila a potom Merckxa, <strong>ale st\u00e1le \u00fato\u010dil, ke\u010f mohol, a bol ikonickou s\u00fa\u010das\u0165ou Tour a\u017e do svojej smrti v roku 2019<\/strong>.<\/p>\n<p>Stoj\u00ed za zmienku, \u017ee Alpecin-Fenix \u200b\u200b\u2013 obchodn\u00fd t\u00edm MVDP \u2013 je tie\u017e domovom Mathieuovho brata Davida. Mo\u017eno \u017eije v tieni svojho brata, ale st\u00e1le je to sol\u00eddny prof\u00edk, jazdiaci na ceste aj v blate, s v\u00e4\u010d\u0161inou priemern\u00fdmi v\u00fdsledkami po\u010das svojej 11-ro\u010dnej kari\u00e9ry. Je \u00faspe\u0161nej\u0161\u00ed ako crossov\u00fd jazdec a\u00a0reprezentoval Holandsko na Majstrovstv\u00e1ch sveta 2016.<\/p>\n<h2><strong>Roche a Martinovci<\/strong><\/h2>\n<figure id=\"attachment_13976\" aria-describedby=\"caption-attachment-13976\" style=\"width: 1022px\" class=\"wp-caption alignnone\"><a href=\"https:\/\/d2p6e6u75xmxt8.cloudfront.net\/4\/2022\/03\/Stephen-Roche-profimedia-0017449367.jpg\"><img loading=\"lazy\" decoding=\"async\" class=\"size-full wp-image-13976\" src=\"https:\/\/d2p6e6u75xmxt8.cloudfront.net\/4\/2022\/03\/Stephen-Roche-profimedia-0017449367.jpg\" alt=\"Stephen Roche\" width=\"1022\" height=\"633\" \/><\/a><figcaption id=\"caption-attachment-13976\" class=\"wp-caption-text\">Roche sa odtrhol od bal\u00edka po\u010das Tour de France 1992. \u00a9 Profimedia<\/figcaption><\/figure>\n<p>Ke\u010f Phil Liggett vyslovil nesmrte\u013en\u00e9 slov\u00e1: <em>\u201eTo vyzer\u00e1 ako Stephen Roche. Je to Stephen Roche!\u201c<\/em>, ke\u010f sa \u00edrsky vrch\u00e1r vr\u00e1til po\u010das v\u00fdstupu na La Plagne v roku 1987 na Tour de France, bolo to pre neho uprostred neuverite\u013enej sez\u00f3ny.<\/p>\n<p>Po prekonan\u00ed Giro D\u2019Italia o tri min\u00faty, 40 sek\u00fand od Phillipa Yorka, i\u0161iel na Tour bez ve\u013ek\u00fdch n\u00e1dej\u00ed, <strong>preto\u017ee na \u0161tartovom poli boli tak\u00e9 men\u00e1 ako b\u00fdval\u00fd v\u00ed\u0165az Pedro Delgado, Laurent Fignon a Jean-Francois Bernard<\/strong>. A pred 20. etapou do La Plagne sa Roche dostal po prepade v 19. etape, kde si od Bernarda prevzal \u017elt\u00fd dres po smole, ktor\u00e1 zah\u0155\u0148ala defekt pneumatiky po\u010das k\u013e\u00fa\u010dovej \u010dasti pretekov.<\/p>\n<p>Na 21. etape \u2013 t\u00e1to Tour mala \u00fachvatn\u00fdch 25 et\u00e1p \u2013 pre\u017eil \u00fatoky Delgada a Fignona. Okrem toho si zaistil trojit\u00fa korunu na Giro, Tour a titul majstra sveta \u2013 v\u00fdkon, ktor\u00fd sa odvtedy nezopakoval.<\/p>\n<p>Tri roky pred t\u00fdmto \u00faspechom priv\u00edtal na svete svojho syna Nicolasa. Pokra\u010doval vo svojej hviezdnej kari\u00e9re a neust\u00e1le sa relat\u00edvne dobre umiest\u0148oval na ve\u013ek\u00fdch pretekoch. <strong>Trvalo mu v\u0161ak osem rokov, k\u00fdm vyhral etapu na Grand-Tour a zabezpe\u010dil si druh\u00e9 miesto v Gal\u00edcii.<\/strong><\/p>\n<p>Nielen to, Roche junior mohol jazdi\u0165 po boku svojho bratranca Dana Martina viac ako desa\u0165 rokov. Martin bol plodn\u00fd vrch\u00e1r a vyhral monument Li\u00e8ge-Bastogne-Li\u00e8ge. Tam ho presl\u00e1vil zn\u00e1my maskot pandy. Dobre jazdil aj na Grand-Tours a vo v\u0161etk\u00fdch troch vyhral etapy. Obaja \u00cdri odi\u0161li do d\u00f4chodku v tom istom roku, pri\u010dom Nicolas obr\u00e1til svoju pozornos\u0165 na tane\u010dn\u00fa s\u00e1lu a na Dancing with the Stars.<\/p>\n<h2><strong>The Merckxs<\/strong><\/h2>\n<figure id=\"attachment_13977\" aria-describedby=\"caption-attachment-13977\" style=\"width: 1000px\" class=\"wp-caption alignnone\"><a href=\"https:\/\/d2p6e6u75xmxt8.cloudfront.net\/4\/2022\/03\/Eddy-Merckx-1975-profimedia-0288070914.jpg\"><img loading=\"lazy\" decoding=\"async\" class=\"size-full wp-image-13977\" src=\"https:\/\/d2p6e6u75xmxt8.cloudfront.net\/4\/2022\/03\/Eddy-Merckx-1975-profimedia-0288070914.jpg\" alt=\"Eddy Merckx\" width=\"1000\" height=\"667\" \/><\/a><figcaption id=\"caption-attachment-13977\" class=\"wp-caption-text\">Merckx na Tour 1975. \u00a9 Profimedia<\/figcaption><\/figure>\n<p>\u010co viac m\u00f4\u017eeme nap\u00edsa\u0165 o Eddym Merckxovi? Belgi\u010dan vyhral doslova v\u0161etko. M\u00f4\u017ee to znie\u0165 prehnane, ale doslova vyhral tretinu v\u0161etk\u00fdch pretekov, do ktor\u00fdch vst\u00fapil. \u0160ialen\u00e9 mno\u017estvo v\u00ed\u0165azstiev, ktor\u00e9 nebude nikdy prekonan\u00e9. <strong>Okrem Marianne Vos ho treba pova\u017eova\u0165 za najv\u00e4\u010d\u0161ieho cyklistu v\u0161etk\u00fdch \u010dias.<\/strong><\/p>\n<p>Pre Axela Merckxa bolo takmer nemo\u017en\u00e9 \u017ei\u0165 pod\u013ea otcovho vzoru, aj ke\u010f je s\u00e1m o sebe kvalitn\u00fdm jazdcom. Ke\u010f\u017ee v roku 2000 absolvoval etapu na Tour de France a skon\u010dil tret\u00ed na cestn\u00fdch pretekoch olympijsk\u00fdch hier v At\u00e9nach. Ale viac sa presl\u00e1vil ako \u0161portov\u00fd riadite\u013e pre Hagens Berman Axeon. V americkom t\u00edme do 23 rokov vytvoril z mnoh\u00fdch mlad\u00fdch talentov \u00fa\u017easn\u00fdch jazdcov. <strong>Na zozname s\u00fa v\u00ed\u0165az Giro D&#8217;Italia Tao Geoghegan Hart, hviezda t\u00edmu UAE Team Emirates Jo\u00e3o Almeida a Jasper Stuyven, aby sme vymenovali aspo\u0148 troch.<\/strong> V tejto \u00falohe sa Axel stal jedn\u00fdm z popredn\u00fdch svetov\u00fdch hlasov v pretekoch do 23 rokov a miesto v jeho t\u00edme je ve\u013emi vyh\u013ead\u00e1van\u00e9 mlad\u00fdmi jazdcami na celom svete.<\/p>\n<h2><strong>S\u00farodenci<\/strong><\/h2>\n<figure id=\"attachment_13978\" aria-describedby=\"caption-attachment-13978\" style=\"width: 1000px\" class=\"wp-caption alignnone\"><a href=\"https:\/\/d2p6e6u75xmxt8.cloudfront.net\/4\/2022\/03\/Peter-and-Juraj-Sagan-profimedia-0636018926.jpg\"><img loading=\"lazy\" decoding=\"async\" class=\"wp-image-13978 size-full\" src=\"https:\/\/d2p6e6u75xmxt8.cloudfront.net\/4\/2022\/03\/Peter-and-Juraj-Sagan-profimedia-0636018926.jpg\" alt=\"Peter and Juraj Sagan\" width=\"1000\" height=\"665\" \/><\/a><figcaption id=\"caption-attachment-13978\" class=\"wp-caption-text\">Bratia Saganovci. \u00a9 Profimedia<\/figcaption><\/figure>\n<p>Od dynasti\u00ed a\u017e po rivalitu, ktor\u00e1 sa teraz rozbieha v pelot\u00f3ne. Pravdepodobne sa zd\u00e1, \u017ee cyklistika prin\u00e1\u0161a viac s\u00farodencov, ktor\u00ed jazdia spolu alebo proti sebe, ako ktor\u00fdko\u013evek in\u00fd \u0161port. V poslednom desa\u0165ro\u010d\u00ed sme videli, \u017ee v tomto \u0161porte s\u00fa\u0165a\u017e\u00ed viacero s\u00farodencov. Najprv sme mali Schleckovcov, ktor\u00fdch otec bol tie\u017e prof\u00edk. Frank a Andy boli jeden pre druh\u00e9ho dokonal\u00fdm p\u00e1rom. <strong>\u00dato\u010dili na ostatn\u00fdch pretek\u00e1rov na najv\u00e4\u010d\u0161\u00edch pretekoch na svete so splnen\u00fdm cie\u013eom vyhra\u0165 Tour.<\/strong> Andyho v\u017edy pova\u017eovali za lep\u0161ieho vrch\u00e1ra, no v\u017edy sa zdalo, \u017ee sa im dar\u00ed lep\u0161ie spolu, ako ke\u010f s\u00fa oddelen\u00ed.<\/p>\n<p>V niektor\u00fdch s\u00farodeneck\u00fdch dvojiciach je nastaven\u00e1 hierarchia. Juraj a Peter Saganovci ju ur\u010dite maj\u00fa. Peter je trojn\u00e1sobn\u00fd majster sveta a talent jednej gener\u00e1cie, zatia\u013e \u010do Juraj je \u00faspe\u0161n\u00fd domestik, ktor\u00fd jazd\u00ed s bratom posledn\u00fdch 11 rokov. To ist\u00e9 mo\u017eno poveda\u0165 o Antoniovi a Vincenzovi Nibali, ktor\u00ed jazdia v rovnakom t\u00edme od roku 2017.<\/p>\n<p>In\u00ed s\u00fa ove\u013ea bli\u017e\u0161ie. Adam a Simon Yates sa sotva daj\u00fa oddeli\u0165, ke\u010f stoja ved\u013ea seba. Na\u0161\u0165astie sa z nich v posledn\u00fdch rokoch, aj ke\u010f za\u010d\u00ednali v rovnakom t\u00edme, stali rivali. Teraz, ke\u010f je Simon v Team BikeExchange-Jayco a Adam v Ineos Grenadiers, nielen\u017ee sa daj\u00fa ove\u013ea \u013eah\u0161ie rozl\u00ed\u0161i\u0165, ale dosahuj\u00fa vrcholn\u00e9 \u010dasy, ke\u010f by\u0165 vrch\u00e1rom nikdy nebolo tak\u00e9 konkurencieschopn\u00e9.<\/p>\n<p>Adam a Simon by mohli tvrdi\u0165, \u017ee s\u00fa jedin\u00fdmi dvoj\u010datami, ktor\u00e9 moment\u00e1lne jazdia na World Tour, ale to sa men\u00ed s predstaven\u00edm Andersa a Tobiasa Hallanda Johannessenovcov. Tobias za\u010dal rok 2022 neuverite\u013ene dobre, dostal sa medzi najlep\u0161\u00edch v \u00c9toile de Bess\u00e8ges, kde vyhral etapu a skon\u010dil celkovo tret\u00ed. <strong>Ale t\u00edto bratia s\u00fa de\u0161trukt\u00edvne duo, ako sa uk\u00e1zalo na minuloro\u010dnej Tour de l\u2019Avenir, kde sa postavili najlep\u0161\u00edm mlad\u00fdm jazdcom sveta, v\u010faka \u010domu Tobias vyhral preteky a Anders skon\u010dil \u0161iesty.<\/strong> T\u00edto dvaja s\u00fa \u010fal\u0161ou ve\u013ekou s\u00farodeneckou dvojicou v cyklistike.<\/p>\n<p>Hannah a Alice Barnesovi, Emma a Mathias Norsgaardovi, B\u00e4ckstedtovci. <strong>Existuje to\u013eko cyklistick\u00fdch rod\u00edn, kde sa zd\u00e1, \u017ee g\u00e9ny zohr\u00e1vaj\u00fa \u00falohu pri ceste k tomuto \u0161portu.<\/strong> Samozrejme, ve\u013ea in\u00fdch cyklistov nem\u00e1 \u017eiadnu hist\u00f3riu, \u010do sa t\u00fdka cyklistiky, ale \u010di u\u017e v\u010faka spojeniam alebo prirodzen\u00fdm talentom, schopnos\u0165 udr\u017ea\u0165 si cyklistiku v rodine tu ur\u010dite je.<\/p>\n","protected":false},"excerpt":{"rendered":"<p>\u0160port mal v\u017edy schopnos\u0165 produkova\u0165 rozpr\u00e1vkov\u00e9 pr\u00edbehy, kde sa z gener\u00e1cie na gener\u00e1ciu g\u00e9n talentu pren\u00e1\u0161a z otca na syna, [&hellip;]<\/p>\n","protected":false},"author":81,"featured_media":13980,"comment_status":"open","ping_status":"open","sticky":false,"template":"","format":"standard","meta":{"footnotes":""},"categories":[191],"tags":[546,1266,1429,158,1027,704,931,46,885,1269,128,197],"global-categories":[],"class_list":["post-13975","post","type-post","status-publish","format-standard","has-post-thumbnail","hentry","category-odporucame","tag-cyklistika","tag-eddy-merckx","tag-hannah-barnes","tag-juraj-sagan","tag-legendy","tag-mathieu-van-der-poel","tag-odporucame","tag-peter-sagan","tag-profesional","tag-raymond-poulidor","tag-stephen-roche","tag-vincenzo-nibali"],"yoast_head":"<!-- This site is optimized with the Yoast SEO Premium plugin v25.3 (Yoast SEO v25.9) - https:\/\/yoast.com\/wordpress\/plugins\/seo\/ -->\n<title>Ke\u010f je vrcholov\u00e1 cyklistika v\u00a0rodine - \u0160koda We Love Cycling Slovensko<\/title>\n<meta name=\"description\" content=\"\u0160port mal v\u017edy schopnos\u0165 produkova\u0165 rozpr\u00e1vkov\u00e9 pr\u00edbehy, kde sa z gener\u00e1cie na gener\u00e1ciu g\u00e9n talentu pren\u00e1\u0161a z otca na syna, z matky na dc\u00e9ru.\" \/>\n<meta name=\"robots\" content=\"index, follow, max-snippet:-1, max-image-preview:large, max-video-preview:-1\" \/>\n<link rel=\"canonical\" href=\"https:\/\/www.welovecycling.com\/sk\/2022\/03\/07\/ked-je-vrcholova-cyklistika-v-rodine\/\" \/>\n<meta property=\"og:locale\" content=\"sk_SK\" \/>\n<meta property=\"og:type\" content=\"article\" \/>\n<meta property=\"og:title\" content=\"Ke\u010f je vrcholov\u00e1 cyklistika v\u00a0rodine\" \/>\n<meta property=\"og:description\" content=\"\u0160port mal v\u017edy schopnos\u0165 produkova\u0165 rozpr\u00e1vkov\u00e9 pr\u00edbehy, kde sa z gener\u00e1cie na gener\u00e1ciu g\u00e9n talentu pren\u00e1\u0161a z otca na syna, z matky na dc\u00e9ru.\" \/>\n<meta property=\"og:url\" content=\"https:\/\/www.welovecycling.com\/sk\/2022\/03\/07\/ked-je-vrcholova-cyklistika-v-rodine\/\" \/>\n<meta property=\"og:site_name\" content=\"\u0160koda We Love Cycling Slovensko\" \/>\n<meta property=\"article:published_time\" content=\"2022-03-07T09:00:01+00:00\" \/>\n<meta property=\"og:image\" content=\"https:\/\/d2p6e6u75xmxt8.cloudfront.net\/4\/2022\/03\/Eddy-Merckx-Axel-Merckx-profimedia-0018602767-CVR.webp\" \/>\n\t<meta property=\"og:image:width\" content=\"1366\" \/>\n\t<meta property=\"og:image:height\" content=\"600\" \/>\n\t<meta property=\"og:image:type\" content=\"image\/webp\" \/>\n<meta name=\"twitter:card\" content=\"summary_large_image\" \/>\n<meta name=\"twitter:label1\" content=\"Written by\" \/>\n\t<meta name=\"twitter:data1\" content=\"Joshua Donaldson\" \/>\n\t<meta name=\"twitter:label2\" content=\"Est. reading time\" \/>\n\t<meta name=\"twitter:data2\" content=\"6\" \/>\n<script type=\"application\/ld+json\" class=\"yoast-schema-graph\">{\"@context\":\"https:\/\/schema.org\",\"@graph\":[{\"@type\":\"WebPage\",\"@id\":\"https:\/\/www.welovecycling.com\/sk\/2022\/03\/07\/ked-je-vrcholova-cyklistika-v-rodine\/\",\"url\":\"https:\/\/www.welovecycling.com\/sk\/2022\/03\/07\/ked-je-vrcholova-cyklistika-v-rodine\/\",\"name\":\"Ke\u010f je vrcholov\u00e1 cyklistika v\u00a0rodine - \u0160koda We Love Cycling Slovensko\",\"isPartOf\":{\"@id\":\"https:\/\/www.welovecycling.com\/sk\/#website\"},\"primaryImageOfPage\":{\"@id\":\"https:\/\/www.welovecycling.com\/sk\/2022\/03\/07\/ked-je-vrcholova-cyklistika-v-rodine\/#primaryimage\"},\"image\":{\"@id\":\"https:\/\/www.welovecycling.com\/sk\/2022\/03\/07\/ked-je-vrcholova-cyklistika-v-rodine\/#primaryimage\"},\"thumbnailUrl\":\"https:\/\/d2p6e6u75xmxt8.cloudfront.net\/4\/2022\/03\/Eddy-Merckx-Axel-Merckx-profimedia-0018602767-CVR.webp\",\"datePublished\":\"2022-03-07T09:00:01+00:00\",\"author\":{\"@id\":\"\"},\"description\":\"\u0160port mal v\u017edy schopnos\u0165 produkova\u0165 rozpr\u00e1vkov\u00e9 pr\u00edbehy, kde sa z gener\u00e1cie na gener\u00e1ciu g\u00e9n talentu pren\u00e1\u0161a z otca na syna, z matky na dc\u00e9ru.\",\"breadcrumb\":{\"@id\":\"https:\/\/www.welovecycling.com\/sk\/2022\/03\/07\/ked-je-vrcholova-cyklistika-v-rodine\/#breadcrumb\"},\"inLanguage\":\"sk-SK\",\"potentialAction\":[{\"@type\":\"ReadAction\",\"target\":[\"https:\/\/www.welovecycling.com\/sk\/2022\/03\/07\/ked-je-vrcholova-cyklistika-v-rodine\/\"]}]},{\"@type\":\"ImageObject\",\"inLanguage\":\"sk-SK\",\"@id\":\"https:\/\/www.welovecycling.com\/sk\/2022\/03\/07\/ked-je-vrcholova-cyklistika-v-rodine\/#primaryimage\",\"url\":\"https:\/\/d2p6e6u75xmxt8.cloudfront.net\/4\/2022\/03\/Eddy-Merckx-Axel-Merckx-profimedia-0018602767-CVR.webp\",\"contentUrl\":\"https:\/\/d2p6e6u75xmxt8.cloudfront.net\/4\/2022\/03\/Eddy-Merckx-Axel-Merckx-profimedia-0018602767-CVR.webp\",\"width\":1366,\"height\":600,\"caption\":\"Eddy Merckx\"},{\"@type\":\"BreadcrumbList\",\"@id\":\"https:\/\/www.welovecycling.com\/sk\/2022\/03\/07\/ked-je-vrcholova-cyklistika-v-rodine\/#breadcrumb\",\"itemListElement\":[{\"@type\":\"ListItem\",\"position\":1,\"name\":\"Home\",\"item\":\"https:\/\/www.welovecycling.com\/sk\/\"},{\"@type\":\"ListItem\",\"position\":2,\"name\":\"Ke\u010f je vrcholov\u00e1 cyklistika v\u00a0rodine\"}]},{\"@type\":\"WebSite\",\"@id\":\"https:\/\/www.welovecycling.com\/sk\/#website\",\"url\":\"https:\/\/www.welovecycling.com\/sk\/\",\"name\":\"\u0160koda We Love Cycling Slovensko\",\"description\":\"\u0160koda We Love Cycling Slovensko je v\u00e1\u0161 ka\u017edodenn\u00fd zdroj noviniek a in\u0161pir\u00e1cie z sveta cyklistiky\",\"potentialAction\":[{\"@type\":\"SearchAction\",\"target\":{\"@type\":\"EntryPoint\",\"urlTemplate\":\"https:\/\/www.welovecycling.com\/sk\/?s={search_term_string}\"},\"query-input\":{\"@type\":\"PropertyValueSpecification\",\"valueRequired\":true,\"valueName\":\"search_term_string\"}}],\"inLanguage\":\"sk-SK\"},{\"@type\":\"Person\",\"@id\":\"\",\"url\":\"https:\/\/www.welovecycling.com\/sk\/author\/\"}]}<\/script>\n<!-- \/ Yoast SEO Premium plugin. -->","yoast_head_json":{"title":"Ke\u010f je vrcholov\u00e1 cyklistika v\u00a0rodine - \u0160koda We Love Cycling Slovensko","description":"\u0160port mal v\u017edy schopnos\u0165 produkova\u0165 rozpr\u00e1vkov\u00e9 pr\u00edbehy, kde sa z gener\u00e1cie na gener\u00e1ciu g\u00e9n talentu pren\u00e1\u0161a z otca na syna, z matky na dc\u00e9ru.","robots":{"index":"index","follow":"follow","max-snippet":"max-snippet:-1","max-image-preview":"max-image-preview:large","max-video-preview":"max-video-preview:-1"},"canonical":"https:\/\/www.welovecycling.com\/sk\/2022\/03\/07\/ked-je-vrcholova-cyklistika-v-rodine\/","og_locale":"sk_SK","og_type":"article","og_title":"Ke\u010f je vrcholov\u00e1 cyklistika v\u00a0rodine","og_description":"\u0160port mal v\u017edy schopnos\u0165 produkova\u0165 rozpr\u00e1vkov\u00e9 pr\u00edbehy, kde sa z gener\u00e1cie na gener\u00e1ciu g\u00e9n talentu pren\u00e1\u0161a z otca na syna, z matky na dc\u00e9ru.","og_url":"https:\/\/www.welovecycling.com\/sk\/2022\/03\/07\/ked-je-vrcholova-cyklistika-v-rodine\/","og_site_name":"\u0160koda We Love Cycling Slovensko","article_published_time":"2022-03-07T09:00:01+00:00","og_image":[{"width":1366,"height":600,"url":"https:\/\/d2p6e6u75xmxt8.cloudfront.net\/4\/2022\/03\/Eddy-Merckx-Axel-Merckx-profimedia-0018602767-CVR.webp","type":"image\/webp"}],"twitter_card":"summary_large_image","twitter_misc":{"Written by":"Joshua Donaldson","Est. reading time":"6"},"schema":{"@context":"https:\/\/schema.org","@graph":[{"@type":"WebPage","@id":"https:\/\/www.welovecycling.com\/sk\/2022\/03\/07\/ked-je-vrcholova-cyklistika-v-rodine\/","url":"https:\/\/www.welovecycling.com\/sk\/2022\/03\/07\/ked-je-vrcholova-cyklistika-v-rodine\/","name":"Ke\u010f je vrcholov\u00e1 cyklistika v\u00a0rodine - \u0160koda We Love Cycling Slovensko","isPartOf":{"@id":"https:\/\/www.welovecycling.com\/sk\/#website"},"primaryImageOfPage":{"@id":"https:\/\/www.welovecycling.com\/sk\/2022\/03\/07\/ked-je-vrcholova-cyklistika-v-rodine\/#primaryimage"},"image":{"@id":"https:\/\/www.welovecycling.com\/sk\/2022\/03\/07\/ked-je-vrcholova-cyklistika-v-rodine\/#primaryimage"},"thumbnailUrl":"https:\/\/d2p6e6u75xmxt8.cloudfront.net\/4\/2022\/03\/Eddy-Merckx-Axel-Merckx-profimedia-0018602767-CVR.webp","datePublished":"2022-03-07T09:00:01+00:00","author":{"@id":""},"description":"\u0160port mal v\u017edy schopnos\u0165 produkova\u0165 rozpr\u00e1vkov\u00e9 pr\u00edbehy, kde sa z gener\u00e1cie na gener\u00e1ciu g\u00e9n talentu pren\u00e1\u0161a z otca na syna, z matky na dc\u00e9ru.","breadcrumb":{"@id":"https:\/\/www.welovecycling.com\/sk\/2022\/03\/07\/ked-je-vrcholova-cyklistika-v-rodine\/#breadcrumb"},"inLanguage":"sk-SK","potentialAction":[{"@type":"ReadAction","target":["https:\/\/www.welovecycling.com\/sk\/2022\/03\/07\/ked-je-vrcholova-cyklistika-v-rodine\/"]}]},{"@type":"ImageObject","inLanguage":"sk-SK","@id":"https:\/\/www.welovecycling.com\/sk\/2022\/03\/07\/ked-je-vrcholova-cyklistika-v-rodine\/#primaryimage","url":"https:\/\/d2p6e6u75xmxt8.cloudfront.net\/4\/2022\/03\/Eddy-Merckx-Axel-Merckx-profimedia-0018602767-CVR.webp","contentUrl":"https:\/\/d2p6e6u75xmxt8.cloudfront.net\/4\/2022\/03\/Eddy-Merckx-Axel-Merckx-profimedia-0018602767-CVR.webp","width":1366,"height":600,"caption":"Eddy Merckx"},{"@type":"BreadcrumbList","@id":"https:\/\/www.welovecycling.com\/sk\/2022\/03\/07\/ked-je-vrcholova-cyklistika-v-rodine\/#breadcrumb","itemListElement":[{"@type":"ListItem","position":1,"name":"Home","item":"https:\/\/www.welovecycling.com\/sk\/"},{"@type":"ListItem","position":2,"name":"Ke\u010f je vrcholov\u00e1 cyklistika v\u00a0rodine"}]},{"@type":"WebSite","@id":"https:\/\/www.welovecycling.com\/sk\/#website","url":"https:\/\/www.welovecycling.com\/sk\/","name":"\u0160koda We Love Cycling Slovensko","description":"\u0160koda We Love Cycling Slovensko je v\u00e1\u0161 ka\u017edodenn\u00fd zdroj noviniek a in\u0161pir\u00e1cie z sveta cyklistiky","potentialAction":[{"@type":"SearchAction","target":{"@type":"EntryPoint","urlTemplate":"https:\/\/www.welovecycling.com\/sk\/?s={search_term_string}"},"query-input":{"@type":"PropertyValueSpecification","valueRequired":true,"valueName":"search_term_string"}}],"inLanguage":"sk-SK"},{"@type":"Person","@id":"","url":"https:\/\/www.welovecycling.com\/sk\/author\/"}]}},"_links":{"self":[{"href":"https:\/\/www.welovecycling.com\/sk\/wp-json\/wp\/v2\/posts\/13975","targetHints":{"allow":["GET"]}}],"collection":[{"href":"https:\/\/www.welovecycling.com\/sk\/wp-json\/wp\/v2\/posts"}],"about":[{"href":"https:\/\/www.welovecycling.com\/sk\/wp-json\/wp\/v2\/types\/post"}],"author":[{"embeddable":true,"href":"https:\/\/www.welovecycling.com\/sk\/wp-json\/wp\/v2\/users\/81"}],"replies":[{"embeddable":true,"href":"https:\/\/www.welovecycling.com\/sk\/wp-json\/wp\/v2\/comments?post=13975"}],"version-history":[{"count":2,"href":"https:\/\/www.welovecycling.com\/sk\/wp-json\/wp\/v2\/posts\/13975\/revisions"}],"predecessor-version":[{"id":13984,"href":"https:\/\/www.welovecycling.com\/sk\/wp-json\/wp\/v2\/posts\/13975\/revisions\/13984"}],"wp:featuredmedia":[{"embeddable":true,"href":"https:\/\/www.welovecycling.com\/sk\/wp-json\/wp\/v2\/media\/13980"}],"wp:attachment":[{"href":"https:\/\/www.welovecycling.com\/sk\/wp-json\/wp\/v2\/media?parent=13975"}],"wp:term":[{"taxonomy":"category","embeddable":true,"href":"https:\/\/www.welovecycling.com\/sk\/wp-json\/wp\/v2\/categories?post=13975"},{"taxonomy":"post_tag","embeddable":true,"href":"https:\/\/www.welovecycling.com\/sk\/wp-json\/wp\/v2\/tags?post=13975"},{"taxonomy":"global-categories","embeddable":true,"href":"https:\/\/www.welovecycling.com\/sk\/wp-json\/wp\/v2\/global-categories?post=13975"}],"curies":[{"name":"wp","href":"https:\/\/api.w.org\/{rel}","templated":true}]}}