{"id":13952,"date":"2022-03-02T14:00:14","date_gmt":"2022-03-02T13:00:14","guid":{"rendered":"https:\/\/www.welovecycling.com\/sk\/?p=13952"},"modified":"2022-03-02T12:44:55","modified_gmt":"2022-03-02T11:44:55","slug":"marcova-desiatka-top-mtb-pretekov","status":"publish","type":"post","link":"https:\/\/www.welovecycling.com\/sk\/2022\/03\/02\/marcova-desiatka-top-mtb-pretekov\/","title":{"rendered":"Marcov\u00e1 desiatka TOP MTB pretekov"},"content":{"rendered":"<p><strong>Jar je pred dverami a v cyklistickom svete sa pomaly rozbiehaj\u00fa r\u00f4zne akcie a preteky. Pozreli sme sa na niektor\u00e9 zauj\u00edmav\u00e9 miesta, ako je napr\u00edklad Argent\u00edna, Portugalsko ale aj ne\u010falek\u00e9 Rak\u00fasko \u010di Slovinsko.<\/strong><\/p>\n<h2><strong>1. Bariloche, Rio Negro &#8211; Argent\u00edna &#8211; 06. marec 2022<\/strong><\/h2>\n<p>Pump Track sez\u00f3na sa za\u010dne v meste Bariloche v argent\u00ednskej provincii Rio Negro. Dokonal\u00e1 lokalita s \u00fa\u017easnou scen\u00e9riou le\u017e\u00ed na \u00fap\u00e4t\u00ed \u00c1nd a obklopen\u00e1 je jazerami a horami. Velosolutions Pump Track m\u00e1 rozlohu 650 m2 a postaven\u00fd je v modernom dizajne. <strong>Na svoje si pr\u00eddu v\u0161etky \u00farovne jazdcov a zaru\u010duje plnohodnotn\u00e9 a r\u00fdchle preteky<\/strong>, ktor\u00e9 s\u00fa ur\u010den\u00e9 pre v\u0161etky vekov\u00e9 kateg\u00f3rie od 17 rokov vy\u0161\u0161ie.<\/p>\n<lite-youtube videoid=SSc0ajO4IFs params=\"enablejsapi=1\" style=\"background-image: url('https:\/\/i.ytimg.com\/vi_webp\/SSc0ajO4IFs\/maxresdefault.webp');\"><\/lite-youtube>\n<h2><strong>2. Downhill a XCO De Tarouca \u2013 Portugalsko &#8211; 05. &#8211; 06. marec 2022<\/strong><\/h2>\n<p>V Portugalsku sa za\u010diatkom marca konaj\u00fa hne\u010f dve akcie, ktor\u00e9 stoja za pozornos\u0165. Cross-Country Olympic a Downhill Cup. <strong>Pretek\u00e1rov \u010dakaj\u00fa poriadne divok\u00e9 trate a pre fan\u00fa\u0161ikov skvel\u00e1 z\u00e1bava.<\/strong> Obe akcia s\u00fa pod z\u00e1\u0161titou UCI. Pozrite si tra\u0165 v Tarouca ako ju nato\u010dil jeden z cyklistov, ktor\u00fd si tam bol len pred p\u00e1r d\u0148ami zajazdi\u0165.<\/p>\n<lite-youtube videoid=Zm5nhpz052c params=\"enablejsapi=1\" style=\"background-image: url('https:\/\/i.ytimg.com\/vi_webp\/Zm5nhpz052c\/maxresdefault.webp');\"><\/lite-youtube>\n<h2><strong>3. Aragon Bike Race &#8211; \u0160panielsko 10. \u2013 13. marec 2022<\/strong><\/h2>\n<p>Etapov\u00e9 preteky horsk\u00fdch bicyklov sa bud\u00fa kona\u0165 v \u0160panielsku, v provincii Zaragoza a oblasti historicky zn\u00e1mej ako Arag\u00f3nsko. <strong>Pretek\u00e1rov \u010dakaj\u00fa \u0161tyri etapy s t\u00fdm, \u017ee prv\u00fd de\u0148 bude \u010dasovka na 21 km, no a v ostatn\u00e9 dni u\u017e bud\u00fa nabit\u00e9 peknou porciou kilometrov.<\/strong> Prev\u00fd\u0161enia jednotliv\u00fdch et\u00e1p sa pohybuj\u00fa od 900 a\u017e po takmer 1 900 metrov. Aby ste mali predstavu pozrite si report\u00e1\u017e z minul\u00e9ho roka.<\/p>\n<lite-youtube videoid=pVFPi77fZd0 params=\"enablejsapi=1\" style=\"background-image: url('https:\/\/i.ytimg.com\/vi_webp\/pVFPi77fZd0\/maxresdefault.webp');\"><\/lite-youtube>\n<h2><strong>4. Coupe de France XCO\/XCE &#8211; Franc\u00fazsko &#8211; 18. \u2013 20. marec 2022<\/strong><\/h2>\n<p>Coupe de France m\u00e1 po\u010das sez\u00f3ny nieko\u013eko pretekov v s\u00e9rii a je ve\u013emi ob\u013e\u00faben\u00fd. Prv\u00e9 kolo sa kon\u00e1 u\u017e v marci v kr\u00e1snom prostred\u00ed Marseille na juhu Franc\u00fazska. <strong>Tra\u0165, na ktorej sa bude preteka\u0165 m\u00e1 skalnat\u00fd povrch a striedaj\u00fa sa technick\u00e9 \u00faseky s t\u00fdmi r\u00fdchlymi.<\/strong> Av\u0161ak preva\u017euj\u00fa tie technickej\u0161ie \u010dasti, tak\u017ee pretek\u00e1ri musia by\u0165 s\u00fastreden\u00ed po\u010das jazdy. V pr\u00edpade da\u017eda je tra\u0165 dos\u0165 \u0161myk\u013eav\u00e1.<\/p>\n<lite-youtube videoid=dzGoJg1skc4 params=\"enablejsapi=1\" style=\"background-image: url('https:\/\/i.ytimg.com\/vi_webp\/dzGoJg1skc4\/maxresdefault.webp');\"><\/lite-youtube>\n<h2><strong>5. Fullgaz Race Cross Country &#8211; Nemecko &#8211; 19. \u2013 20. marec 2022<\/strong><\/h2>\n<p>Desiaty ro\u010dn\u00edk Fullgaz Race za\u010dne v sobotu kr\u00e1tkou jazdou v historickom meste Krumbach, <strong>kde si pretek\u00e1ri zajazdia po dla\u017eobn\u00fdch kock\u00e1ch, ale aj po schodoch a obrubn\u00edkoch.<\/strong> V nede\u013eu sa preteky presun\u00fa do lesov a na pasienky v oblasti Obergessertshausen.<\/p>\n<lite-youtube videoid=V2lPRvvqHMg params=\"enablejsapi=1\" style=\"background-image: url('https:\/\/i.ytimg.com\/vi_webp\/V2lPRvvqHMg\/maxresdefault.webp');\"><\/lite-youtube>\n<h2><strong>6. Fullgaz Race marat\u00f3n a gravel &#8211; Nemecko &#8211; 23. \u2013 24. marec 2022<\/strong><\/h2>\n<p>S\u00fa\u010das\u0165ou Fullgaz Race po prv\u00fdkr\u00e1t tento rok bude aj marat\u00f3n a gravel preteky a dokonca Kids Cup, ktor\u00e9 s\u00fa otvoren\u00e9 amat\u00e9rskym, ako aj licencovan\u00fdm \u0161portovcom. <strong>V sobotu s\u00fa k dispoz\u00edcii tri r\u00f4zne trate s d\u013a\u017ekou 23, 46 a 92 kilometrov.<\/strong> V nede\u013eu si na svoje pr\u00eddu deti, kde sa m\u00f4\u017eu zu\u010dastni\u0165 v\u0161etky vekov\u00e9 kateg\u00f3rie.<\/p>\n<lite-youtube videoid=pHI6del07DQ params=\"enablejsapi=1\" style=\"background-image: url('https:\/\/i.ytimg.com\/vi_webp\/pHI6del07DQ\/maxresdefault.webp');\"><\/lite-youtube>\n<h2><strong>7. KTM Kamptal Trophy &#8211; Rak\u00fasko &#8211; 26. \u2013 27. marec 2022<\/strong><\/h2>\n<p>Na z\u00e1ver mesiaca marec sa to u\u017e za\u010d\u00edna poriadne rozbieha\u0165 a nasleduj\u00face \u0161tyri \u0161portov\u00e9 udalosti sa prekr\u00fdvaj\u00fa. Kamptal Trophy sa ka\u017edoro\u010dne kon\u00e1 v Z\u00f6bingu pri Langenlois v Dolnom Rak\u00fasku s \u00fa\u010das\u0165ou okolo 500 horsk\u00fdch cyklistov a viac ako 1 200 povzbudzuj\u00facich div\u00e1kov, ktor\u00ed sa staraj\u00fa o dobr\u00fa atmosf\u00e9ru na tras\u00e1ch. Pravidelne sa tu z\u00fa\u010dast\u0148uj\u00fa \u0161portovci z takmer 20 kraj\u00edn. <strong>Trasa je perfektne premyslen\u00e1, aby pretek\u00e1ri a fan\u00fa\u0161ikovia za\u017eili dva nezabudnute\u013en\u00e9 dni.<\/strong><\/p>\n<lite-youtube videoid=S6RcAjGiZ-Y params=\"enablejsapi=1\" style=\"background-image: url('https:\/\/i.ytimg.com\/vi_webp\/S6RcAjGiZ-Y\/maxresdefault.webp');\"><\/lite-youtube>\n<h2><strong>8. XCO Vrtojba &#8211; Slovinsko &#8211; 27. marec 2022<\/strong><\/h2>\n<p>Na juhu Slovinska v pr\u00edmorskom regi\u00f3ne v oblasti Vrtojba sa bud\u00fa kona\u0165 preteky XCO. S\u00fa to prv\u00e9 preteky sez\u00f3ny v slovinskom SLoXcupe. S\u00fa to z\u00e1rove\u0148 prv\u00e9 preteky UCI Class 1 a UCI Class 1 Junior v sez\u00f3ne. <strong>Vzh\u013eadom na skor\u00fd d\u00e1tum usporiadate\u013e o\u010dak\u00e1va ve\u013ek\u00fd po\u010det medzin\u00e1rodn\u00fdch pretek\u00e1rov.<\/strong> Tento regi\u00f3n je uzn\u00e1vanou turistickou destin\u00e1ciou a v\u010faka tak\u00fdmto akci\u00e1m sa st\u00e1va aj priate\u013esk\u00e1 k cyklistom.<\/p>\n<lite-youtube videoid=VvHCk425V0o params=\"enablejsapi=1\" style=\"background-image: url('https:\/\/i.ytimg.com\/vi_webp\/VvHCk425V0o\/maxresdefault.webp');\"><\/lite-youtube>\n<h2><strong>9. BMX Pro Series &#8211; Saint Quentin En Yvelines, Franc\u00fazsko &#8211; 26. marec 2022<\/strong><\/h2>\n<p>BMX ar\u00e9na vo franc\u00fazskom Saint Quentin, \u010do je mestsk\u00e1 \u0161tvr\u0165 Par\u00ed\u017ea, bude v roku 2024 s\u00fa\u010das\u0165ou olympijsk\u00fdch hier v BMX pretekoch. <strong>U\u017e tento mesiac v\u0161ak m\u00f4\u017eete by\u0165 s\u00fa\u010das\u0165ou prv\u00e9ho ro\u010dn\u00edka pretekov BMX Pro Series, ktor\u00e1 sp\u00e1ja najlep\u0161\u00edch jazdcov s\u00fa\u010dasnosti a ve\u013ekolep\u00fd \u0161portov\u00fd za\u017eitok.<\/strong> Dokonal\u00e1 alch\u00fdmia medzi svetom \u0161portu a z\u00e1bavy. Prebehne vo form\u00e1te Svetov\u00e9ho poh\u00e1ra pre v\u0161etky kateg\u00f3rie, tak\u017ee preteka\u0165 bud\u00fa juniori aj sk\u00fasen\u00ed jazdci a takisto mu\u017ei ako aj \u017eeny.<\/p>\n<lite-youtube videoid=QkMaTvn1aec params=\"enablejsapi=1\" style=\"background-image: url('https:\/\/i.ytimg.com\/vi_webp\/QkMaTvn1aec\/maxresdefault.webp');\"><\/lite-youtube>\n<h2><strong>10. Mercedes-Benz UCI Mountain Bike World Cup, Lourdes, France &#8211; 26. \u2013 27. marec 2022<\/strong><\/h2>\n<p>Z\u00e1ver mesiaca bude patri\u0165 aj <a href=\"https:\/\/www.redbull.com\/int-en\/events\/uci-mountain-bike-world-cup-lourdes\" rel=\"noopener\" target=\"_blank\">Svetov\u00e9mu poh\u00e1ru UCI horsk\u00fdch bicyklov<\/a>. Po piatich rokoch absencie sa Svetov\u00fd poh\u00e1r vracia do L\u00fard. Meste\u010dko je zn\u00e1me kres\u0165ansk\u00fdmi p\u00fa\u0165ami, ale po\u010das tejto akcie sa vo Franc\u00fazsku objavia tis\u00edcky fan\u00fa\u0161ikov, aby podporili svojich favoritov. <strong>Na jazdcov v \u00favodnom kole \u010dak\u00e1 technick\u00e1 a strm\u00e1 tra\u0165.<\/strong> Takisto aj tu sa bude kona\u0165 \u017eensk\u00e1 aj mu\u017esk\u00e1 \u010das\u0165 pretekov.<\/p>\n<div class=\"shortcode-ys-post-pinup\"><article class=\"loop-simple post-13933 post type-post status-publish format-standard has-post-thumbnail hentry category-cestna-cyklisitika tag-cestna-cyklistika tag-etapove-preteky tag-gent-wevelgem tag-julian-alaphilippe tag-milano-san-remo tag-pariz tag-peter-sagan tag-preteky tag-profesional tag-sezona-2022 tag-strade-bianche tag-tirreno-adriatico global-categories-cycling\" data-postid=\"13933\" role=\"article\" data-post-id=\"13933\" data-word-count=\"591\" data-headline-length=\"36\" data-category=\"Cestn\u00e1 cyklistika\" data-global-category=\"Cycling\" data-author=\"Dominik Tvrd\u00fd\" data-published=\"2022-02-28T16:00:09+01:00\" data-published-day=\"Monday\">\n    <div class=\"entry-thumbnail article-thumbnail\" content=\"https:\/\/d2p6e6u75xmxt8.cloudfront.net\/4\/2022\/02\/WLC_Kalendar-Sagana_00-150x150.webp\"><a href=\"https:\/\/www.welovecycling.com\/sk\/2022\/02\/28\/marcovy-prehlad-top-pretekov-sveta\/\" class=\"image-holder\" target=\"_self\"><img decoding=\"async\" loading=\"lazy\" class=\"\" src=\"https:\/\/d2p6e6u75xmxt8.cloudfront.net\/4\/2022\/02\/WLC_Kalendar-Sagana_00-1024x445.webp\" srcset=\"https:\/\/d2p6e6u75xmxt8.cloudfront.net\/4\/2022\/02\/WLC_Kalendar-Sagana_00.webp 1380w, https:\/\/d2p6e6u75xmxt8.cloudfront.net\/4\/2022\/02\/WLC_Kalendar-Sagana_00-300x130.webp 300w, https:\/\/d2p6e6u75xmxt8.cloudfront.net\/4\/2022\/02\/WLC_Kalendar-Sagana_00-1024x445.webp 1024w, https:\/\/d2p6e6u75xmxt8.cloudfront.net\/4\/2022\/02\/WLC_Kalendar-Sagana_00-768x334.webp 768w\" width=\"1024\" height=\"445\" sizes=\"auto, (min-width: 1200px) 460px, (min-width: 768px) 38vw, 100vw\" alt=\"marcovy-prehlad-top-pretekov-sveta\"\/><\/a><\/div>    <div class=\"entry-meta\">\n        <a class=\"label label-secondary post-category\" href=\"https:\/\/www.welovecycling.com\/sk\/category\/cestna-cyklisitika\/\" title=\"Cestn\u00e1 cyklistika\">Cestn\u00e1 cyklistika<\/a>\n    <\/div>\n    <div class=\"entry-details\">\n        <a href=\"https:\/\/www.welovecycling.com\/sk\/2022\/02\/28\/marcovy-prehlad-top-pretekov-sveta\/\" class='entry-title-wrapper'>\n            <h3 class=\"entry-title\"><span>Marcov\u00fd preh\u013ead TOP pretekov sveta<\/span><\/h3>\n        <\/a>\n    <\/div>\n    <\/article>\n<\/div>\n<p>Tituln\u00e1 fotografia: pixabay.com<\/p>\n","protected":false},"excerpt":{"rendered":"<p>Jar je pred dverami a v cyklistickom svete sa pomaly rozbiehaj\u00fa r\u00f4zne akcie a preteky. Pozreli sme sa na niektor\u00e9 [&hellip;]<\/p>\n","protected":false},"author":81,"featured_media":13967,"comment_status":"open","ping_status":"open","sticky":false,"template":"","format":"standard","meta":{"footnotes":""},"categories":[3],"tags":[319,626,969,303,306,259,180,532,178,1040,767,412,600,254,1445,179,598,1411,469,251,355,1444,183,475],"global-categories":[1074],"class_list":["post-13952","post","type-post","status-publish","format-standard","has-post-thumbnail","hentry","category-mtb","tag-adrenalin","tag-bmx","tag-cross-country","tag-down-hill","tag-francuzsko","tag-gravel","tag-horska-cyklistika","tag-jazdenie","tag-maraton","tag-mesacna-desiatka","tag-motivacia","tag-mtb","tag-muzi","tag-nemecko","tag-portugalsko","tag-preteky","tag-rakusko","tag-sezona-2022","tag-slovinsko","tag-spanielsko","tag-uci","tag-xco","tag-zabava","tag-zeny","global-categories-cycling"],"yoast_head":"<!-- This site is optimized with the Yoast SEO Premium plugin v25.3 (Yoast SEO v25.9) - https:\/\/yoast.com\/wordpress\/plugins\/seo\/ -->\n<title>Marcov\u00e1 desiatka TOP MTB pretekov - \u0160koda We Love Cycling Slovensko<\/title>\n<meta name=\"description\" content=\"Jar je pred dverami a v cyklistickom svete sa pomaly rozbiehaj\u00fa r\u00f4zne akcie a preteky. Pozreli sme sa na niektor\u00e9 zauj\u00edmav\u00e9 miesta.\" \/>\n<meta name=\"robots\" content=\"index, follow, max-snippet:-1, max-image-preview:large, max-video-preview:-1\" \/>\n<link rel=\"canonical\" href=\"https:\/\/www.welovecycling.com\/sk\/2022\/03\/02\/marcova-desiatka-top-mtb-pretekov\/\" \/>\n<meta property=\"og:locale\" content=\"sk_SK\" \/>\n<meta property=\"og:type\" content=\"article\" \/>\n<meta property=\"og:title\" content=\"Marcov\u00e1 desiatka TOP MTB pretekov\" \/>\n<meta property=\"og:description\" content=\"Jar je pred dverami a v cyklistickom svete sa pomaly rozbiehaj\u00fa r\u00f4zne akcie a preteky. Pozreli sme sa na niektor\u00e9 zauj\u00edmav\u00e9 miesta.\" \/>\n<meta property=\"og:url\" content=\"https:\/\/www.welovecycling.com\/sk\/2022\/03\/02\/marcova-desiatka-top-mtb-pretekov\/\" \/>\n<meta property=\"og:site_name\" content=\"\u0160koda We Love Cycling Slovensko\" \/>\n<meta property=\"article:published_time\" content=\"2022-03-02T13:00:14+00:00\" \/>\n<meta property=\"og:image\" content=\"https:\/\/d2p6e6u75xmxt8.cloudfront.net\/4\/2022\/03\/TOP_MTB_00.webp\" \/>\n\t<meta property=\"og:image:width\" content=\"1380\" \/>\n\t<meta property=\"og:image:height\" content=\"600\" \/>\n\t<meta property=\"og:image:type\" content=\"image\/webp\" \/>\n<meta name=\"twitter:card\" content=\"summary_large_image\" \/>\n<meta name=\"twitter:label1\" content=\"Written by\" \/>\n\t<meta name=\"twitter:data1\" content=\"Dominik Tvrd\u00fd\" \/>\n\t<meta name=\"twitter:label2\" content=\"Est. reading time\" \/>\n\t<meta name=\"twitter:data2\" content=\"7\" \/>\n<script type=\"application\/ld+json\" class=\"yoast-schema-graph\">{\"@context\":\"https:\/\/schema.org\",\"@graph\":[{\"@type\":\"WebPage\",\"@id\":\"https:\/\/www.welovecycling.com\/sk\/2022\/03\/02\/marcova-desiatka-top-mtb-pretekov\/\",\"url\":\"https:\/\/www.welovecycling.com\/sk\/2022\/03\/02\/marcova-desiatka-top-mtb-pretekov\/\",\"name\":\"Marcov\u00e1 desiatka TOP MTB pretekov - \u0160koda We Love Cycling Slovensko\",\"isPartOf\":{\"@id\":\"https:\/\/www.welovecycling.com\/sk\/#website\"},\"primaryImageOfPage\":{\"@id\":\"https:\/\/www.welovecycling.com\/sk\/2022\/03\/02\/marcova-desiatka-top-mtb-pretekov\/#primaryimage\"},\"image\":{\"@id\":\"https:\/\/www.welovecycling.com\/sk\/2022\/03\/02\/marcova-desiatka-top-mtb-pretekov\/#primaryimage\"},\"thumbnailUrl\":\"https:\/\/d2p6e6u75xmxt8.cloudfront.net\/4\/2022\/03\/TOP_MTB_00.webp\",\"datePublished\":\"2022-03-02T13:00:14+00:00\",\"author\":{\"@id\":\"\"},\"description\":\"Jar je pred dverami a v cyklistickom svete sa pomaly rozbiehaj\u00fa r\u00f4zne akcie a preteky. Pozreli sme sa na niektor\u00e9 zauj\u00edmav\u00e9 miesta.\",\"breadcrumb\":{\"@id\":\"https:\/\/www.welovecycling.com\/sk\/2022\/03\/02\/marcova-desiatka-top-mtb-pretekov\/#breadcrumb\"},\"inLanguage\":\"sk-SK\",\"potentialAction\":[{\"@type\":\"ReadAction\",\"target\":[\"https:\/\/www.welovecycling.com\/sk\/2022\/03\/02\/marcova-desiatka-top-mtb-pretekov\/\"]}]},{\"@type\":\"ImageObject\",\"inLanguage\":\"sk-SK\",\"@id\":\"https:\/\/www.welovecycling.com\/sk\/2022\/03\/02\/marcova-desiatka-top-mtb-pretekov\/#primaryimage\",\"url\":\"https:\/\/d2p6e6u75xmxt8.cloudfront.net\/4\/2022\/03\/TOP_MTB_00.webp\",\"contentUrl\":\"https:\/\/d2p6e6u75xmxt8.cloudfront.net\/4\/2022\/03\/TOP_MTB_00.webp\",\"width\":1380,\"height\":600},{\"@type\":\"BreadcrumbList\",\"@id\":\"https:\/\/www.welovecycling.com\/sk\/2022\/03\/02\/marcova-desiatka-top-mtb-pretekov\/#breadcrumb\",\"itemListElement\":[{\"@type\":\"ListItem\",\"position\":1,\"name\":\"Home\",\"item\":\"https:\/\/www.welovecycling.com\/sk\/\"},{\"@type\":\"ListItem\",\"position\":2,\"name\":\"Marcov\u00e1 desiatka TOP MTB pretekov\"}]},{\"@type\":\"WebSite\",\"@id\":\"https:\/\/www.welovecycling.com\/sk\/#website\",\"url\":\"https:\/\/www.welovecycling.com\/sk\/\",\"name\":\"\u0160koda We Love Cycling Slovensko\",\"description\":\"\u0160koda We Love Cycling Slovensko je v\u00e1\u0161 ka\u017edodenn\u00fd zdroj noviniek a in\u0161pir\u00e1cie z sveta cyklistiky\",\"potentialAction\":[{\"@type\":\"SearchAction\",\"target\":{\"@type\":\"EntryPoint\",\"urlTemplate\":\"https:\/\/www.welovecycling.com\/sk\/?s={search_term_string}\"},\"query-input\":{\"@type\":\"PropertyValueSpecification\",\"valueRequired\":true,\"valueName\":\"search_term_string\"}}],\"inLanguage\":\"sk-SK\"},{\"@type\":\"Person\",\"@id\":\"\",\"url\":\"https:\/\/www.welovecycling.com\/sk\/author\/\"}]}<\/script>\n<!-- \/ Yoast SEO Premium plugin. -->","yoast_head_json":{"title":"Marcov\u00e1 desiatka TOP MTB pretekov - \u0160koda We Love Cycling Slovensko","description":"Jar je pred dverami a v cyklistickom svete sa pomaly rozbiehaj\u00fa r\u00f4zne akcie a preteky. Pozreli sme sa na niektor\u00e9 zauj\u00edmav\u00e9 miesta.","robots":{"index":"index","follow":"follow","max-snippet":"max-snippet:-1","max-image-preview":"max-image-preview:large","max-video-preview":"max-video-preview:-1"},"canonical":"https:\/\/www.welovecycling.com\/sk\/2022\/03\/02\/marcova-desiatka-top-mtb-pretekov\/","og_locale":"sk_SK","og_type":"article","og_title":"Marcov\u00e1 desiatka TOP MTB pretekov","og_description":"Jar je pred dverami a v cyklistickom svete sa pomaly rozbiehaj\u00fa r\u00f4zne akcie a preteky. Pozreli sme sa na niektor\u00e9 zauj\u00edmav\u00e9 miesta.","og_url":"https:\/\/www.welovecycling.com\/sk\/2022\/03\/02\/marcova-desiatka-top-mtb-pretekov\/","og_site_name":"\u0160koda We Love Cycling Slovensko","article_published_time":"2022-03-02T13:00:14+00:00","og_image":[{"width":1380,"height":600,"url":"https:\/\/d2p6e6u75xmxt8.cloudfront.net\/4\/2022\/03\/TOP_MTB_00.webp","type":"image\/webp"}],"twitter_card":"summary_large_image","twitter_misc":{"Written by":"Dominik Tvrd\u00fd","Est. reading time":"7"},"schema":{"@context":"https:\/\/schema.org","@graph":[{"@type":"WebPage","@id":"https:\/\/www.welovecycling.com\/sk\/2022\/03\/02\/marcova-desiatka-top-mtb-pretekov\/","url":"https:\/\/www.welovecycling.com\/sk\/2022\/03\/02\/marcova-desiatka-top-mtb-pretekov\/","name":"Marcov\u00e1 desiatka TOP MTB pretekov - \u0160koda We Love Cycling Slovensko","isPartOf":{"@id":"https:\/\/www.welovecycling.com\/sk\/#website"},"primaryImageOfPage":{"@id":"https:\/\/www.welovecycling.com\/sk\/2022\/03\/02\/marcova-desiatka-top-mtb-pretekov\/#primaryimage"},"image":{"@id":"https:\/\/www.welovecycling.com\/sk\/2022\/03\/02\/marcova-desiatka-top-mtb-pretekov\/#primaryimage"},"thumbnailUrl":"https:\/\/d2p6e6u75xmxt8.cloudfront.net\/4\/2022\/03\/TOP_MTB_00.webp","datePublished":"2022-03-02T13:00:14+00:00","author":{"@id":""},"description":"Jar je pred dverami a v cyklistickom svete sa pomaly rozbiehaj\u00fa r\u00f4zne akcie a preteky. Pozreli sme sa na niektor\u00e9 zauj\u00edmav\u00e9 miesta.","breadcrumb":{"@id":"https:\/\/www.welovecycling.com\/sk\/2022\/03\/02\/marcova-desiatka-top-mtb-pretekov\/#breadcrumb"},"inLanguage":"sk-SK","potentialAction":[{"@type":"ReadAction","target":["https:\/\/www.welovecycling.com\/sk\/2022\/03\/02\/marcova-desiatka-top-mtb-pretekov\/"]}]},{"@type":"ImageObject","inLanguage":"sk-SK","@id":"https:\/\/www.welovecycling.com\/sk\/2022\/03\/02\/marcova-desiatka-top-mtb-pretekov\/#primaryimage","url":"https:\/\/d2p6e6u75xmxt8.cloudfront.net\/4\/2022\/03\/TOP_MTB_00.webp","contentUrl":"https:\/\/d2p6e6u75xmxt8.cloudfront.net\/4\/2022\/03\/TOP_MTB_00.webp","width":1380,"height":600},{"@type":"BreadcrumbList","@id":"https:\/\/www.welovecycling.com\/sk\/2022\/03\/02\/marcova-desiatka-top-mtb-pretekov\/#breadcrumb","itemListElement":[{"@type":"ListItem","position":1,"name":"Home","item":"https:\/\/www.welovecycling.com\/sk\/"},{"@type":"ListItem","position":2,"name":"Marcov\u00e1 desiatka TOP MTB pretekov"}]},{"@type":"WebSite","@id":"https:\/\/www.welovecycling.com\/sk\/#website","url":"https:\/\/www.welovecycling.com\/sk\/","name":"\u0160koda We Love Cycling Slovensko","description":"\u0160koda We Love Cycling Slovensko je v\u00e1\u0161 ka\u017edodenn\u00fd zdroj noviniek a in\u0161pir\u00e1cie z sveta cyklistiky","potentialAction":[{"@type":"SearchAction","target":{"@type":"EntryPoint","urlTemplate":"https:\/\/www.welovecycling.com\/sk\/?s={search_term_string}"},"query-input":{"@type":"PropertyValueSpecification","valueRequired":true,"valueName":"search_term_string"}}],"inLanguage":"sk-SK"},{"@type":"Person","@id":"","url":"https:\/\/www.welovecycling.com\/sk\/author\/"}]}},"_links":{"self":[{"href":"https:\/\/www.welovecycling.com\/sk\/wp-json\/wp\/v2\/posts\/13952","targetHints":{"allow":["GET"]}}],"collection":[{"href":"https:\/\/www.welovecycling.com\/sk\/wp-json\/wp\/v2\/posts"}],"about":[{"href":"https:\/\/www.welovecycling.com\/sk\/wp-json\/wp\/v2\/types\/post"}],"author":[{"embeddable":true,"href":"https:\/\/www.welovecycling.com\/sk\/wp-json\/wp\/v2\/users\/81"}],"replies":[{"embeddable":true,"href":"https:\/\/www.welovecycling.com\/sk\/wp-json\/wp\/v2\/comments?post=13952"}],"version-history":[{"count":2,"href":"https:\/\/www.welovecycling.com\/sk\/wp-json\/wp\/v2\/posts\/13952\/revisions"}],"predecessor-version":[{"id":13974,"href":"https:\/\/www.welovecycling.com\/sk\/wp-json\/wp\/v2\/posts\/13952\/revisions\/13974"}],"wp:featuredmedia":[{"embeddable":true,"href":"https:\/\/www.welovecycling.com\/sk\/wp-json\/wp\/v2\/media\/13967"}],"wp:attachment":[{"href":"https:\/\/www.welovecycling.com\/sk\/wp-json\/wp\/v2\/media?parent=13952"}],"wp:term":[{"taxonomy":"category","embeddable":true,"href":"https:\/\/www.welovecycling.com\/sk\/wp-json\/wp\/v2\/categories?post=13952"},{"taxonomy":"post_tag","embeddable":true,"href":"https:\/\/www.welovecycling.com\/sk\/wp-json\/wp\/v2\/tags?post=13952"},{"taxonomy":"global-categories","embeddable":true,"href":"https:\/\/www.welovecycling.com\/sk\/wp-json\/wp\/v2\/global-categories?post=13952"}],"curies":[{"name":"wp","href":"https:\/\/api.w.org\/{rel}","templated":true}]}}