{"id":13933,"date":"2022-02-28T16:00:09","date_gmt":"2022-02-28T15:00:09","guid":{"rendered":"https:\/\/www.welovecycling.com\/sk\/?p=13933"},"modified":"2022-03-01T07:41:31","modified_gmt":"2022-03-01T06:41:31","slug":"marcovy-prehlad-top-pretekov-sveta","status":"publish","type":"post","link":"https:\/\/www.welovecycling.com\/sk\/2022\/02\/28\/marcovy-prehlad-top-pretekov-sveta\/","title":{"rendered":"Marcov\u00fd preh\u013ead TOP pretekov sveta"},"content":{"rendered":"<p><strong>Mnoh\u00ed z n\u00e1s sa u\u017e nevedia do\u010dka\u0165, kedy kone\u010dne od\u0161tartuje pelot\u00f3n pretekov v roku 2022. Pr\u00e1ve marec s\u013eubuje odm\u00e1vanie zelenej vlajky. Pripravili sme pre v\u00e1s zoznam najzauj\u00edmavej\u0161\u00edch pretekov, na ktor\u00e9 sa m\u00f4\u017eete te\u0161i\u0165 po\u010das tohto mesiaca.<\/strong><!--more--><\/p>\n<h2><strong>Cestn\u00e1 cyklistika<\/strong><\/h2>\n<ul>\n<li>Strade Bianche: <strong>05. 03. 2022<\/strong><\/li>\n<li>Par\u00ed\u017e &#8211; Nice: <strong>06. 03. &#8211; 13. 03. 2022<\/strong><\/li>\n<li>Tirreno &#8211; Adriatico: <strong>07. 03. &#8211; 13. 03. 2022<\/strong><\/li>\n<li>Mil\u00e1no &#8211; San Remo: <strong>19. 03. 2022<\/strong><\/li>\n<li>E3 SAXO BANK CLASSIC 2022: <strong>25. 03. 2022<\/strong><\/li>\n<li>Gent &#8211; Wevelgem: <strong>27. 03. 2022<\/strong><\/li>\n<li>Dwars door Vlaanderen 2022: <strong>30. 03. 2022<\/strong><\/li>\n<\/ul>\n<div class=\"shortcode-ys-post-pinup\"><article class=\"loop-simple post-13830 post type-post status-publish format-standard has-post-thumbnail hentry category-sbot tag-deti tag-ekologia tag-horska-cyklistika tag-maraton tag-pozvanka tag-preteky tag-rodina tag-rodinny-maraton tag-sezona-2022 tag-skoda tag-skoda-auto tag-skoda-bicykel tag-skoda-dedina tag-skoda-horal-mtb-maraton tag-skoda-mtb-cyklomaraton-topolcianky tag-skoda-mtb-maraton-levocske-vrchy tag-skoda-mtb-maraton-rajecke-teplice tag-skoda-slovensky-raj global-categories-cycling\" data-postid=\"13830\" role=\"article\" data-post-id=\"13830\" data-word-count=\"326\" data-headline-length=\"63\" data-category=\"\u0160koda Bike Open Tour\" data-global-category=\"Cycling\" data-author=\"Radovan Vr\u0161ka\" data-published=\"2022-02-18T16:00:31+01:00\" data-published-day=\"Friday\">\n    <div class=\"entry-thumbnail article-thumbnail\" content=\"https:\/\/d2p6e6u75xmxt8.cloudfront.net\/4\/2022\/02\/2022_sbot-titulka-150x150.webp\"><a href=\"https:\/\/www.welovecycling.com\/sk\/2022\/02\/18\/skoda-bike-open-tour-pozvanka-na-skvelu-sezonu-2022\/\" class=\"image-holder\" target=\"_self\"><img decoding=\"async\" loading=\"lazy\" class=\"\" src=\"https:\/\/d2p6e6u75xmxt8.cloudfront.net\/4\/2022\/02\/2022_sbot-titulka-1024x445.webp\" srcset=\"https:\/\/d2p6e6u75xmxt8.cloudfront.net\/4\/2022\/02\/2022_sbot-titulka.webp 1380w, https:\/\/d2p6e6u75xmxt8.cloudfront.net\/4\/2022\/02\/2022_sbot-titulka-300x130.webp 300w, https:\/\/d2p6e6u75xmxt8.cloudfront.net\/4\/2022\/02\/2022_sbot-titulka-1024x445.webp 1024w, https:\/\/d2p6e6u75xmxt8.cloudfront.net\/4\/2022\/02\/2022_sbot-titulka-768x334.webp 768w\" width=\"1024\" height=\"445\" sizes=\"auto, (min-width: 1200px) 460px, (min-width: 768px) 38vw, 100vw\" alt=\"skoda-bike-open-tour-pozvanka-na-skvelu-sezonu-2022\"\/><\/a><\/div>    <div class=\"entry-meta\">\n        <a class=\"label label-secondary post-category\" href=\"https:\/\/www.welovecycling.com\/sk\/category\/sbot\/\" title=\"\u0160koda Bike Open Tour\">\u0160koda Bike Open Tour<\/a>\n    <\/div>\n    <div class=\"entry-details\">\n        <a href=\"https:\/\/www.welovecycling.com\/sk\/2022\/02\/18\/skoda-bike-open-tour-pozvanka-na-skvelu-sezonu-2022\/\" class='entry-title-wrapper'>\n            <h3 class=\"entry-title\"><span>\u0160koda BIKE OPEN TOUR &#8211; pozv\u00e1nka na skvel\u00fa sez\u00f3nu 2022<\/span><\/h3>\n        <\/a>\n    <\/div>\n    <\/article>\n<\/div>\n<h2><strong>Strade Bianche<\/strong><\/h2>\n<p>Ako prv\u00fdm pretekom v na\u0161om zozname venujeme pozornos\u0165 tejto talianskej jednod\u0148ovej klasike. <strong>Tento rok \u0161tartuje u\u017e 16. ro\u010dn\u00edk, ktor\u00fd v sobotu, 5. marca vy\u017eenie do ul\u00edc fan\u00fa\u0161ikov cyklistiky z cel\u00e9ho Tosk\u00e1nska.<\/strong> Aj ke\u010f n\u00e1zov m\u00f4\u017ee nazna\u010dova\u0165 nie\u010do in\u00e9, hist\u00f3ria je st\u00e1le mlad\u00e1, pri\u010dom prv\u00e9 vydanie sa odjazdilo v roku 2007. Strade Bianche v talian\u010dine znamen\u00e1 \u201ebiele cesty\u201c, no v skuto\u010dnosti odkazuje na \u00faseky nespevnen\u00fdch ciest a \u010dasto aj do kopca. Trasa s\u013eubuje 184 kilometrov a 63&nbsp;kilometrov po \u0161trku. Po 16 % st\u00fapan\u00ed v starom meste sa preteky kon\u010dia na Piazza del Campo v Siene. <strong>V\u00ed\u0165azom z minul\u00e9ho roka je Holan\u010fan Mathieu van der Poel, ktor\u00fd v strmom st\u00fapan\u00ed Via Santa Caterina v Siene za sebou nechal Juliana Alaphilippa a Egana Bernala.<\/strong><\/p>\n<p>https:\/\/www.instagram.com\/p\/CZG9ScKMAtm\/<\/p>\n<h2><strong>Paris &#8211; Nice<\/strong><\/h2>\n<p><strong>80. ro\u010dn\u00edk Par\u00ed\u017e &#8211; Nice sa uskuto\u010dn\u00ed od nedele 6. marca do nedele 13. marca.<\/strong> Preteky siahaj\u00fa do hist\u00f3rie z roku 1933 a po Grand Tours s\u00fa jedn\u00fdm z najd\u00f4le\u017eitej\u0161\u00edch etapov\u00fdch pretekov v cyklistickom kalend\u00e1ri. Rovnako ako v posledn\u00fdch rokoch bud\u00fa jazdci nasadzovan\u00ed do akcie v meste Mantes la Ville ne\u010faleko Par\u00ed\u017ea a, samozrejme, cie\u013e fin\u00e1lnej etapy je v Nice. V predposlednej etape na Col de Turini kon\u010d\u00ed predposledn\u00e1 etapa pretekov, zatia\u013e \u010do v poslednej etape potr\u00e1pi vrch\u00e1rov na pr\u00e9mii sl\u00e1vny Col d\u2019\u00c8ze, len p\u00e1r kilometrov pred cie\u013eov\u00fdm mestom Nice. <strong>Na tomto etap\u00e1ku uvid\u00edme aj Petra Sagana v nov\u00fdch klubov\u00fdch farb\u00e1ch.<\/strong> V\u00ed\u0165azom posledn\u00e9ho ro\u010dn\u00edka je Maximilian Schachmann.<\/p>\n<p>https:\/\/www.instagram.com\/p\/CMaP0iGIV4H\/<\/p>\n<h2><strong>Tirreno-Adriatico<\/strong><\/h2>\n<p><strong>Vydanie 57. ro\u010dn\u00edka Tirreno-Adriatico za\u010d\u00edna v pondelok 7. marca na pobre\u017e\u00ed Tyrh\u00e9nskeho mora.<\/strong> Preteky kon\u010dia siedmou etapou v nede\u013eu 13. marca, samozrejme u\u017e na pobre\u017e\u00ed Jadransk\u00e9ho mora. Race of the Two Seas (Preteky dvoch mor\u00ed) sa datuje od roku 1966. Prv\u00fd de\u0148 \u0161tartuje individu\u00e1lnou \u010dasovkou, po ktorej nasleduje kombin\u00e1cia \u0161anc\u00ed pre r\u00fdchle nohy \u0161purt\u00e9rov, kopcovit\u00e9 etapy pre klasik\u00e1rov a vrch\u00e1rov i kr\u00e1\u013eovsk\u00e1 etapa do Carpegna. V\u00ed\u0165az z minul\u00e9ho roka je Tadej Poga\u010dar.<\/p>\n<p>https:\/\/www.instagram.com\/p\/CNUZw68hkDR\/<\/p>\n<h2><strong>Mil\u00e1no &#8211; Tur\u00edn<\/strong><\/h2>\n<p>Polo klasick\u00e9 eur\u00f3pske jednod\u0148ov\u00e9 cyklistick\u00e9 preteky medzi severotalianskymi mestami Mil\u00e1no a Tur\u00edn <strong>\u0161tartuj\u00fa spolo\u010dne aj s Petrom Saganom 16. marca.<\/strong> Podujatie sa prv\u00fdkr\u00e1t konalo v roku 1876, \u010do z neho rob\u00ed titul najstar\u0161\u00edch klasick\u00fdch pretekov na svete. Titul by mal obhajova\u0165 Primo\u017e Rogli\u010d.<\/p>\n<p>https:\/\/www.instagram.com\/p\/CZ2DtmZOV6h\/<\/p>\n<h2><strong>Mil\u00e1no &#8211; San Remo<\/strong><\/h2>\n<p><strong>112. ro\u010dn\u00edk Mil\u00e1no &#8211; San Remo sa bude kona\u0165 v sobotu 19. marca.<\/strong> Prv\u00fd monument cyklistickej sez\u00f3ny s pr\u00edzna\u010dn\u00fdm n\u00e1zvom La Primavera \u2013 alebo Jar \u2013 je najdlh\u0161\u00edmi jednod\u0148ov\u00fdmi pretekmi v profesion\u00e1lnom kalend\u00e1ri. Preteky sa jazdia na trase dlhej pribli\u017ene 300 kilometrov. Symbolick\u00e9 kombo Cipressa-Poggio predstavuje fin\u00e1le pred technick\u00fdm zjazdom do San Rema. Te\u0161i\u0165 sa m\u00f4\u017eeme op\u00e4\u0165 aj na \u0161tart Petra Sagana spolo\u010dne s jeho t\u00edmom TotalEnergies. <strong>Minul\u00fd rok sa najviac darilo Jasperovi Stuyvenovi.<\/strong><\/p>\n<p>https:\/\/www.instagram.com\/p\/CaJwDV3ArPM\/<\/p>\n<h2><strong>E3 SAXO BANK CLASSIC 2022<\/strong><\/h2>\n<p><strong>V roku 2022 nesmieme zabudn\u00fa\u0165 ani na vydanie 64. ro\u010dn\u00edka E3 Saxo Bank Classic, ktor\u00fd sa uskuto\u010dn\u00ed v piatok 25. marca.<\/strong> Preteky, predt\u00fdm zn\u00e1me ako E3 Harelbeke, obsahuj\u00fa sedemn\u00e1s\u0165 kopcov s celkovou d\u013a\u017ekou 204 kilometrov. \u0160tartom E3, Gent-Wevelgem, Dwars door Vlaanderen a Tour of Flanders cyklistiku pozn\u00e1me aj ako Fl\u00e1msky t\u00fd\u017ede\u0148. \u0160tyri klasiky sa konaj\u00fa v priebehu desiatich dn\u00ed. Kasper Asgreen je dr\u017eite\u013eom titulu. Minul\u00fd rok vyhral D\u00e1n pred Florianom S\u00e9n\u00e9chalom a Mathieu van der Poelom. <strong>Na pretekoch uvid\u00edme aj Petra Sagana.<\/strong><\/p>\n<p>https:\/\/www.instagram.com\/p\/CaZEwqes936\/<\/p>\n<h2><strong>Gent-Wevelgem<\/strong><\/h2>\n<p><strong>Petra Sagana uvid\u00edme aj na 84. ro\u010dn\u00edku Gent-Wevelgem, ktor\u00fd \u0161tartuje len dva dni po E3-ke a to v nede\u013eu 27. marca.<\/strong> Preteky poch\u00e1dzaj\u00fa z roku 1934 a obsahuj\u00fa dl\u00e1\u017eden\u00e9 kocky, zn\u00e1me aj ako \u201ema\u010dacie hlavy\u201d, kopce a nespevnen\u00e9 cesty. Gent-Wevelgem, ktor\u00fd otvorili E3 Harelbeke a po ktor\u00fdch nasledovali Dwars door Vlaanderen a Tour of Flanders s\u00fa druh\u00e9 preteky v takzvanom Fl\u00e1mskom t\u00fd\u017edni. Gent-Wevelgem m\u00e1 zvy\u010dajne pribli\u017ene 250 kilometrov. Preteky sa \u201erozbiehaj\u00fa\u201d na n\u00e1mest\u00ed Grote Markt v Ypres. Wout van Aert je dr\u017eite\u013eom titulu. The Flemish powerhouse (Fl\u00e1mska ve\u013emoc) vyhrala \u0161print elitnej skupiny pred Giacomom Nizzolom a Matteom Trentinom.<\/p>\n<p>https:\/\/www.instagram.com\/p\/CVhtSyuMNc7\/<\/p>\n<h2><strong>DWARS DOOR VLAANDEREN 2022<\/strong><\/h2>\n<p><strong>76. vydanie \u201eknihy\u201d Dwars door Vlaanderen \u2013 alebo v angli\u010dtine Across Flanders (Cez Fl\u00e1msko) sa bude kona\u0165 v stredu 30. marca.<\/strong> Jazdci vyrazia z Roeselare do cie\u013ea vo Waregeme. Na trase dlhej 183,9 kilometra sa nach\u00e1dza 13 fl\u00e1mskych kopcov, tak\u017ee preteky s\u00fa dobrou pr\u00edpravou na Tour of Flanders (Okolo Fl\u00e1mska), ktor\u00e9 sa konaj\u00fa o \u0161tyri dni nesk\u00f4r. Minul\u00fd rok Holan\u010fan Dylan van Baarle vyhral jeho s\u00f3lo jazdou pred Christopheom Laporteom a Timom Merlierom.<\/p>\n<p>https:\/\/www.instagram.com\/p\/CRqseVOsbL6\/<\/p>\n","protected":false},"excerpt":{"rendered":"<p>Mnoh\u00ed z n\u00e1s sa u\u017e nevedia do\u010dka\u0165, kedy kone\u010dne od\u0161tartuje pelot\u00f3n pretekov v roku 2022. Pr\u00e1ve marec s\u013eubuje odm\u00e1vanie zelenej [&hellip;]<\/p>\n","protected":false},"author":81,"featured_media":13946,"comment_status":"open","ping_status":"open","sticky":false,"template":"","format":"standard","meta":{"footnotes":""},"categories":[4],"tags":[115,331,431,498,423,1404,46,179,885,1411,422,424],"global-categories":[1074],"class_list":["post-13933","post","type-post","status-publish","format-standard","has-post-thumbnail","hentry","category-cestna-cyklisitika","tag-cestna-cyklistika","tag-etapove-preteky","tag-gent-wevelgem","tag-julian-alaphilippe","tag-milano-san-remo","tag-pariz","tag-peter-sagan","tag-preteky","tag-profesional","tag-sezona-2022","tag-strade-bianche","tag-tirreno-adriatico","global-categories-cycling"],"yoast_head":"<!-- This site is optimized with the Yoast SEO Premium plugin v25.3 (Yoast SEO v25.9) - https:\/\/yoast.com\/wordpress\/plugins\/seo\/ -->\n<title>Marcov\u00fd preh\u013ead TOP pretekov sveta - \u0160koda We Love Cycling Slovensko<\/title>\n<meta name=\"description\" content=\"Pripravili sme pre v\u00e1s zoznam najzauj\u00edmavej\u0161\u00edch pretekov, na ktor\u00e9 sa m\u00f4\u017eete te\u0161i\u0165 po\u010das mesiaca marec 2022 v cestnej cyklistike.\" \/>\n<meta name=\"robots\" content=\"index, follow, max-snippet:-1, max-image-preview:large, max-video-preview:-1\" \/>\n<link rel=\"canonical\" href=\"https:\/\/www.welovecycling.com\/sk\/2022\/02\/28\/marcovy-prehlad-top-pretekov-sveta\/\" \/>\n<meta property=\"og:locale\" content=\"sk_SK\" \/>\n<meta property=\"og:type\" content=\"article\" \/>\n<meta property=\"og:title\" content=\"Marcov\u00fd preh\u013ead TOP pretekov sveta\" \/>\n<meta property=\"og:description\" content=\"Pripravili sme pre v\u00e1s zoznam najzauj\u00edmavej\u0161\u00edch pretekov, na ktor\u00e9 sa m\u00f4\u017eete te\u0161i\u0165 po\u010das mesiaca marec 2022 v cestnej cyklistike.\" \/>\n<meta property=\"og:url\" content=\"https:\/\/www.welovecycling.com\/sk\/2022\/02\/28\/marcovy-prehlad-top-pretekov-sveta\/\" \/>\n<meta property=\"og:site_name\" content=\"\u0160koda We Love Cycling Slovensko\" \/>\n<meta property=\"article:published_time\" content=\"2022-02-28T15:00:09+00:00\" \/>\n<meta property=\"article:modified_time\" content=\"2022-03-01T06:41:31+00:00\" \/>\n<meta property=\"og:image\" content=\"https:\/\/d2p6e6u75xmxt8.cloudfront.net\/4\/2022\/02\/WLC_Kalendar-Sagana_00.webp\" \/>\n\t<meta property=\"og:image:width\" content=\"1380\" \/>\n\t<meta property=\"og:image:height\" content=\"600\" \/>\n\t<meta property=\"og:image:type\" content=\"image\/webp\" \/>\n<meta name=\"twitter:card\" content=\"summary_large_image\" \/>\n<meta name=\"twitter:label1\" content=\"Written by\" \/>\n\t<meta name=\"twitter:data1\" content=\"Radovan Vr\u0161ka\" \/>\n\t<meta name=\"twitter:label2\" content=\"Est. reading time\" \/>\n\t<meta name=\"twitter:data2\" content=\"4\" \/>\n<script type=\"application\/ld+json\" class=\"yoast-schema-graph\">{\"@context\":\"https:\/\/schema.org\",\"@graph\":[{\"@type\":\"WebPage\",\"@id\":\"https:\/\/www.welovecycling.com\/sk\/2022\/02\/28\/marcovy-prehlad-top-pretekov-sveta\/\",\"url\":\"https:\/\/www.welovecycling.com\/sk\/2022\/02\/28\/marcovy-prehlad-top-pretekov-sveta\/\",\"name\":\"Marcov\u00fd preh\u013ead TOP pretekov sveta - \u0160koda We Love Cycling Slovensko\",\"isPartOf\":{\"@id\":\"https:\/\/www.welovecycling.com\/sk\/#website\"},\"primaryImageOfPage\":{\"@id\":\"https:\/\/www.welovecycling.com\/sk\/2022\/02\/28\/marcovy-prehlad-top-pretekov-sveta\/#primaryimage\"},\"image\":{\"@id\":\"https:\/\/www.welovecycling.com\/sk\/2022\/02\/28\/marcovy-prehlad-top-pretekov-sveta\/#primaryimage\"},\"thumbnailUrl\":\"https:\/\/d2p6e6u75xmxt8.cloudfront.net\/4\/2022\/02\/WLC_Kalendar-Sagana_00.webp\",\"datePublished\":\"2022-02-28T15:00:09+00:00\",\"dateModified\":\"2022-03-01T06:41:31+00:00\",\"author\":{\"@id\":\"\"},\"description\":\"Pripravili sme pre v\u00e1s zoznam najzauj\u00edmavej\u0161\u00edch pretekov, na ktor\u00e9 sa m\u00f4\u017eete te\u0161i\u0165 po\u010das mesiaca marec 2022 v cestnej cyklistike.\",\"breadcrumb\":{\"@id\":\"https:\/\/www.welovecycling.com\/sk\/2022\/02\/28\/marcovy-prehlad-top-pretekov-sveta\/#breadcrumb\"},\"inLanguage\":\"sk-SK\",\"potentialAction\":[{\"@type\":\"ReadAction\",\"target\":[\"https:\/\/www.welovecycling.com\/sk\/2022\/02\/28\/marcovy-prehlad-top-pretekov-sveta\/\"]}]},{\"@type\":\"ImageObject\",\"inLanguage\":\"sk-SK\",\"@id\":\"https:\/\/www.welovecycling.com\/sk\/2022\/02\/28\/marcovy-prehlad-top-pretekov-sveta\/#primaryimage\",\"url\":\"https:\/\/d2p6e6u75xmxt8.cloudfront.net\/4\/2022\/02\/WLC_Kalendar-Sagana_00.webp\",\"contentUrl\":\"https:\/\/d2p6e6u75xmxt8.cloudfront.net\/4\/2022\/02\/WLC_Kalendar-Sagana_00.webp\",\"width\":1380,\"height\":600},{\"@type\":\"BreadcrumbList\",\"@id\":\"https:\/\/www.welovecycling.com\/sk\/2022\/02\/28\/marcovy-prehlad-top-pretekov-sveta\/#breadcrumb\",\"itemListElement\":[{\"@type\":\"ListItem\",\"position\":1,\"name\":\"Home\",\"item\":\"https:\/\/www.welovecycling.com\/sk\/\"},{\"@type\":\"ListItem\",\"position\":2,\"name\":\"Marcov\u00fd preh\u013ead TOP pretekov sveta\"}]},{\"@type\":\"WebSite\",\"@id\":\"https:\/\/www.welovecycling.com\/sk\/#website\",\"url\":\"https:\/\/www.welovecycling.com\/sk\/\",\"name\":\"\u0160koda We Love Cycling Slovensko\",\"description\":\"\u0160koda We Love Cycling Slovensko je v\u00e1\u0161 ka\u017edodenn\u00fd zdroj noviniek a in\u0161pir\u00e1cie z sveta cyklistiky\",\"potentialAction\":[{\"@type\":\"SearchAction\",\"target\":{\"@type\":\"EntryPoint\",\"urlTemplate\":\"https:\/\/www.welovecycling.com\/sk\/?s={search_term_string}\"},\"query-input\":{\"@type\":\"PropertyValueSpecification\",\"valueRequired\":true,\"valueName\":\"search_term_string\"}}],\"inLanguage\":\"sk-SK\"},{\"@type\":\"Person\",\"@id\":\"\",\"url\":\"https:\/\/www.welovecycling.com\/sk\/author\/\"}]}<\/script>\n<!-- \/ Yoast SEO Premium plugin. -->","yoast_head_json":{"title":"Marcov\u00fd preh\u013ead TOP pretekov sveta - \u0160koda We Love Cycling Slovensko","description":"Pripravili sme pre v\u00e1s zoznam najzauj\u00edmavej\u0161\u00edch pretekov, na ktor\u00e9 sa m\u00f4\u017eete te\u0161i\u0165 po\u010das mesiaca marec 2022 v cestnej cyklistike.","robots":{"index":"index","follow":"follow","max-snippet":"max-snippet:-1","max-image-preview":"max-image-preview:large","max-video-preview":"max-video-preview:-1"},"canonical":"https:\/\/www.welovecycling.com\/sk\/2022\/02\/28\/marcovy-prehlad-top-pretekov-sveta\/","og_locale":"sk_SK","og_type":"article","og_title":"Marcov\u00fd preh\u013ead TOP pretekov sveta","og_description":"Pripravili sme pre v\u00e1s zoznam najzauj\u00edmavej\u0161\u00edch pretekov, na ktor\u00e9 sa m\u00f4\u017eete te\u0161i\u0165 po\u010das mesiaca marec 2022 v cestnej cyklistike.","og_url":"https:\/\/www.welovecycling.com\/sk\/2022\/02\/28\/marcovy-prehlad-top-pretekov-sveta\/","og_site_name":"\u0160koda We Love Cycling Slovensko","article_published_time":"2022-02-28T15:00:09+00:00","article_modified_time":"2022-03-01T06:41:31+00:00","og_image":[{"width":1380,"height":600,"url":"https:\/\/d2p6e6u75xmxt8.cloudfront.net\/4\/2022\/02\/WLC_Kalendar-Sagana_00.webp","type":"image\/webp"}],"twitter_card":"summary_large_image","twitter_misc":{"Written by":"Radovan Vr\u0161ka","Est. reading time":"4"},"schema":{"@context":"https:\/\/schema.org","@graph":[{"@type":"WebPage","@id":"https:\/\/www.welovecycling.com\/sk\/2022\/02\/28\/marcovy-prehlad-top-pretekov-sveta\/","url":"https:\/\/www.welovecycling.com\/sk\/2022\/02\/28\/marcovy-prehlad-top-pretekov-sveta\/","name":"Marcov\u00fd preh\u013ead TOP pretekov sveta - \u0160koda We Love Cycling Slovensko","isPartOf":{"@id":"https:\/\/www.welovecycling.com\/sk\/#website"},"primaryImageOfPage":{"@id":"https:\/\/www.welovecycling.com\/sk\/2022\/02\/28\/marcovy-prehlad-top-pretekov-sveta\/#primaryimage"},"image":{"@id":"https:\/\/www.welovecycling.com\/sk\/2022\/02\/28\/marcovy-prehlad-top-pretekov-sveta\/#primaryimage"},"thumbnailUrl":"https:\/\/d2p6e6u75xmxt8.cloudfront.net\/4\/2022\/02\/WLC_Kalendar-Sagana_00.webp","datePublished":"2022-02-28T15:00:09+00:00","dateModified":"2022-03-01T06:41:31+00:00","author":{"@id":""},"description":"Pripravili sme pre v\u00e1s zoznam najzauj\u00edmavej\u0161\u00edch pretekov, na ktor\u00e9 sa m\u00f4\u017eete te\u0161i\u0165 po\u010das mesiaca marec 2022 v cestnej cyklistike.","breadcrumb":{"@id":"https:\/\/www.welovecycling.com\/sk\/2022\/02\/28\/marcovy-prehlad-top-pretekov-sveta\/#breadcrumb"},"inLanguage":"sk-SK","potentialAction":[{"@type":"ReadAction","target":["https:\/\/www.welovecycling.com\/sk\/2022\/02\/28\/marcovy-prehlad-top-pretekov-sveta\/"]}]},{"@type":"ImageObject","inLanguage":"sk-SK","@id":"https:\/\/www.welovecycling.com\/sk\/2022\/02\/28\/marcovy-prehlad-top-pretekov-sveta\/#primaryimage","url":"https:\/\/d2p6e6u75xmxt8.cloudfront.net\/4\/2022\/02\/WLC_Kalendar-Sagana_00.webp","contentUrl":"https:\/\/d2p6e6u75xmxt8.cloudfront.net\/4\/2022\/02\/WLC_Kalendar-Sagana_00.webp","width":1380,"height":600},{"@type":"BreadcrumbList","@id":"https:\/\/www.welovecycling.com\/sk\/2022\/02\/28\/marcovy-prehlad-top-pretekov-sveta\/#breadcrumb","itemListElement":[{"@type":"ListItem","position":1,"name":"Home","item":"https:\/\/www.welovecycling.com\/sk\/"},{"@type":"ListItem","position":2,"name":"Marcov\u00fd preh\u013ead TOP pretekov sveta"}]},{"@type":"WebSite","@id":"https:\/\/www.welovecycling.com\/sk\/#website","url":"https:\/\/www.welovecycling.com\/sk\/","name":"\u0160koda We Love Cycling Slovensko","description":"\u0160koda We Love Cycling Slovensko je v\u00e1\u0161 ka\u017edodenn\u00fd zdroj noviniek a in\u0161pir\u00e1cie z sveta cyklistiky","potentialAction":[{"@type":"SearchAction","target":{"@type":"EntryPoint","urlTemplate":"https:\/\/www.welovecycling.com\/sk\/?s={search_term_string}"},"query-input":{"@type":"PropertyValueSpecification","valueRequired":true,"valueName":"search_term_string"}}],"inLanguage":"sk-SK"},{"@type":"Person","@id":"","url":"https:\/\/www.welovecycling.com\/sk\/author\/"}]}},"_links":{"self":[{"href":"https:\/\/www.welovecycling.com\/sk\/wp-json\/wp\/v2\/posts\/13933","targetHints":{"allow":["GET"]}}],"collection":[{"href":"https:\/\/www.welovecycling.com\/sk\/wp-json\/wp\/v2\/posts"}],"about":[{"href":"https:\/\/www.welovecycling.com\/sk\/wp-json\/wp\/v2\/types\/post"}],"author":[{"embeddable":true,"href":"https:\/\/www.welovecycling.com\/sk\/wp-json\/wp\/v2\/users\/81"}],"replies":[{"embeddable":true,"href":"https:\/\/www.welovecycling.com\/sk\/wp-json\/wp\/v2\/comments?post=13933"}],"version-history":[{"count":2,"href":"https:\/\/www.welovecycling.com\/sk\/wp-json\/wp\/v2\/posts\/13933\/revisions"}],"predecessor-version":[{"id":13950,"href":"https:\/\/www.welovecycling.com\/sk\/wp-json\/wp\/v2\/posts\/13933\/revisions\/13950"}],"wp:featuredmedia":[{"embeddable":true,"href":"https:\/\/www.welovecycling.com\/sk\/wp-json\/wp\/v2\/media\/13946"}],"wp:attachment":[{"href":"https:\/\/www.welovecycling.com\/sk\/wp-json\/wp\/v2\/media?parent=13933"}],"wp:term":[{"taxonomy":"category","embeddable":true,"href":"https:\/\/www.welovecycling.com\/sk\/wp-json\/wp\/v2\/categories?post=13933"},{"taxonomy":"post_tag","embeddable":true,"href":"https:\/\/www.welovecycling.com\/sk\/wp-json\/wp\/v2\/tags?post=13933"},{"taxonomy":"global-categories","embeddable":true,"href":"https:\/\/www.welovecycling.com\/sk\/wp-json\/wp\/v2\/global-categories?post=13933"}],"curies":[{"name":"wp","href":"https:\/\/api.w.org\/{rel}","templated":true}]}}