{"id":13862,"date":"2022-02-23T12:58:58","date_gmt":"2022-02-23T11:58:58","guid":{"rendered":"https:\/\/www.welovecycling.com\/sk\/?p=13862"},"modified":"2022-02-23T15:20:53","modified_gmt":"2022-02-23T14:20:53","slug":"neusiedler-see-radmarathon-cyklomaraton-svetovej-serie-uci-gran-fondo-nedaleko-od-slovenska","status":"publish","type":"post","link":"https:\/\/www.welovecycling.com\/sk\/2022\/02\/23\/neusiedler-see-radmarathon-cyklomaraton-svetovej-serie-uci-gran-fondo-nedaleko-od-slovenska\/","title":{"rendered":"Neusiedler See Radmarathon \u2013 cyklomarat\u00f3n svetovej s\u00e9rie UCI Gran Fondo ne\u010faleko od Slovenska"},"content":{"rendered":"<div id=\"pl-13862\"  class=\"panel-layout\" ><div id=\"pg-13862-0\"  class=\"panel-grid panel-no-style\" ><div id=\"pgc-13862-0-0\"  class=\"panel-grid-cell\" ><div id=\"panel-13862-0-0-0\" class=\"so-panel widget widget_sow-editor panel-first-child panel-last-child\" data-index=\"0\" ><div\n\t\t\t\n\t\t\tclass=\"so-widget-sow-editor so-widget-sow-editor-base\"\n\t\t\t\n\t\t>\n<div class=\"siteorigin-widget-tinymce textwidget\">\n\t<p><strong>V slne\u010dnom a rovinatom Burgenlande oslavuje <a href=\"https:\/\/www.neusiedlersee-radmarathon.com\/\">Cyklomarart\u00f3n okolo Nezidersk\u00e9ho jazera<\/a> tento rok dve v\u00fdro\u010dia: prv\u00fdkr\u00e1t sa tu m\u00f4\u017eete priamo kvalifikova\u0165 na svetov\u00fd \u0161ampion\u00e1t amat\u00e9rskych cyklistov UCI Grand Fondo a z\u00e1rove\u0148 t\u00e1to cyklistick\u00e1 klasika u na\u0161ich susedov zn\u00e1ma pod n\u00e1zvom\u00a0 \u201e<a href=\"https:\/\/www.neusiedlersee-radmarathon.com\/\">Neusiedler See Radmarathon<\/a>\u201c oslavuje u\u017e svoje 30. narodeniny.<\/strong><\/p>\n<p>Pokojne sa bicyklova\u0165 na uzavret\u00fdch cest\u00e1ch okolo Nezidersk\u00e9ho jazera, jedn\u00e9ho z najv\u00e4\u010d\u0161\u00edch stepn\u00fdch jazier v Eur\u00f3pe, alebo by ste rad\u0161ej uprednostnili pretek\u00e1rsky bicykel a zmerali si svoje sily so s\u00fapermi z celej strednej Eur\u00f3py? Oboje je mo\u017en\u00e9 na <a href=\"https:\/\/www.neusiedlersee-radmarathon.com\/\">Cyklomarat\u00f3ne okolo Nezidersk\u00e9ho jazera<\/a>, ktor\u00e9ho 30. ro\u010dn\u00edk sa uskuto\u010dn\u00ed 24. apr\u00edla 2022.<\/p>\n<p>Okrem klasickej marat\u00f3nskej vzdialenosti 125 kilometrov a prev\u00fd\u0161en\u00edm 600 v\u00fd\u0161kov\u00fdch metrov, je pripraven\u00fd aj minimarat\u00f3n na polovi\u010dnej trati s n\u00e1vratom trajektom cez jazero pre v\u0161etk\u00fdch hobby cyklistov \u010di ich spolucestuj\u00facich. A de\u0148 predt\u00fdm organiz\u00e1tor pon\u00faka individu\u00e1lne a p\u00e1rov\u00e9 \u010dasovky, ktor\u00e9 tie\u017e patria do pretekov svetovej s\u00e9rie UCI Gran Fondo. Z\u00fa\u010dastni\u0165 sa m\u00f4\u017ee ka\u017ed\u00fd s be\u017en\u00fdm cestn\u00fdm bicyklom ale aj s \u010dasovkov\u00fdmi \u0161peci\u00e1lmi, ktor\u00e9 bud\u00fa vyhodnoten\u00e9 v samostatnej kateg\u00f3rii.<\/p>\n<\/div>\n<\/div><\/div><\/div><\/div><div id=\"pg-13862-1\"  class=\"panel-grid panel-no-style\" ><div id=\"pgc-13862-1-0\"  class=\"panel-grid-cell\" ><div id=\"panel-13862-1-0-0\" class=\"so-panel widget widget_sow-editor panel-first-child panel-last-child\" data-index=\"1\" ><div\n\t\t\t\n\t\t\tclass=\"so-widget-sow-editor so-widget-sow-editor-base\"\n\t\t\t\n\t\t>\n<div class=\"siteorigin-widget-tinymce textwidget\">\n\t<div id='gallery-1' class='gallery galleryid-13862 gallery-columns-3 gallery-size-medium'><figure class='gallery-item'>\n\t\t\t<div class='gallery-icon landscape'>\n\t\t\t\t<a href='https:\/\/d2p6e6u75xmxt8.cloudfront.net\/4\/2022\/02\/Neusiedler-See-Radmarathon-sportfoto.de_04-scaled.webp'><img loading=\"lazy\" decoding=\"async\" width=\"300\" height=\"200\" src=\"https:\/\/d2p6e6u75xmxt8.cloudfront.net\/4\/2022\/02\/Neusiedler-See-Radmarathon-sportfoto.de_04-scaled-300x200.webp\" class=\"attachment-medium size-medium\" alt=\"\" srcset=\"https:\/\/d2p6e6u75xmxt8.cloudfront.net\/4\/2022\/02\/Neusiedler-See-Radmarathon-sportfoto.de_04-scaled-300x200.webp 300w, https:\/\/d2p6e6u75xmxt8.cloudfront.net\/4\/2022\/02\/Neusiedler-See-Radmarathon-sportfoto.de_04-scaled-1024x682.webp 1024w, https:\/\/d2p6e6u75xmxt8.cloudfront.net\/4\/2022\/02\/Neusiedler-See-Radmarathon-sportfoto.de_04-scaled-768x512.webp 768w, https:\/\/d2p6e6u75xmxt8.cloudfront.net\/4\/2022\/02\/Neusiedler-See-Radmarathon-sportfoto.de_04-scaled-1536x1024.webp 1536w, https:\/\/d2p6e6u75xmxt8.cloudfront.net\/4\/2022\/02\/Neusiedler-See-Radmarathon-sportfoto.de_04-scaled-2048x1365.webp 2048w, https:\/\/d2p6e6u75xmxt8.cloudfront.net\/4\/2022\/02\/Neusiedler-See-Radmarathon-sportfoto.de_04-scaled-1920x1280.webp 1920w, https:\/\/d2p6e6u75xmxt8.cloudfront.net\/4\/2022\/02\/Neusiedler-See-Radmarathon-sportfoto.de_04-scaled-272x182.webp 272w, https:\/\/d2p6e6u75xmxt8.cloudfront.net\/4\/2022\/02\/Neusiedler-See-Radmarathon-sportfoto.de_04-scaled-1920x1280.webp 1920w\" sizes=\"auto, (max-width: 300px) 100vw, 300px\" \/><\/a>\n\t\t\t<\/div><\/figure><figure class='gallery-item'>\n\t\t\t<div class='gallery-icon landscape'>\n\t\t\t\t<a href='https:\/\/d2p6e6u75xmxt8.cloudfront.net\/4\/2022\/02\/Neusiedler-See-Radmarathon-sportfoto.de_02-scaled.webp'><img loading=\"lazy\" decoding=\"async\" width=\"300\" height=\"200\" src=\"https:\/\/d2p6e6u75xmxt8.cloudfront.net\/4\/2022\/02\/Neusiedler-See-Radmarathon-sportfoto.de_02-scaled-300x200.webp\" class=\"attachment-medium size-medium\" alt=\"\" srcset=\"https:\/\/d2p6e6u75xmxt8.cloudfront.net\/4\/2022\/02\/Neusiedler-See-Radmarathon-sportfoto.de_02-scaled-300x200.webp 300w, https:\/\/d2p6e6u75xmxt8.cloudfront.net\/4\/2022\/02\/Neusiedler-See-Radmarathon-sportfoto.de_02-scaled-1024x682.webp 1024w, https:\/\/d2p6e6u75xmxt8.cloudfront.net\/4\/2022\/02\/Neusiedler-See-Radmarathon-sportfoto.de_02-scaled-768x512.webp 768w, https:\/\/d2p6e6u75xmxt8.cloudfront.net\/4\/2022\/02\/Neusiedler-See-Radmarathon-sportfoto.de_02-scaled-1536x1024.webp 1536w, https:\/\/d2p6e6u75xmxt8.cloudfront.net\/4\/2022\/02\/Neusiedler-See-Radmarathon-sportfoto.de_02-scaled-2048x1365.webp 2048w, https:\/\/d2p6e6u75xmxt8.cloudfront.net\/4\/2022\/02\/Neusiedler-See-Radmarathon-sportfoto.de_02-scaled-1920x1280.webp 1920w, https:\/\/d2p6e6u75xmxt8.cloudfront.net\/4\/2022\/02\/Neusiedler-See-Radmarathon-sportfoto.de_02-scaled-272x182.webp 272w, https:\/\/d2p6e6u75xmxt8.cloudfront.net\/4\/2022\/02\/Neusiedler-See-Radmarathon-sportfoto.de_02-scaled-1920x1280.webp 1920w\" sizes=\"auto, (max-width: 300px) 100vw, 300px\" \/><\/a>\n\t\t\t<\/div><\/figure><figure class='gallery-item'>\n\t\t\t<div class='gallery-icon landscape'>\n\t\t\t\t<a href='https:\/\/d2p6e6u75xmxt8.cloudfront.net\/4\/2022\/02\/Neusiedler-See-Radmarathon-PhilippHutter-01-scaled.webp'><img loading=\"lazy\" decoding=\"async\" width=\"300\" height=\"200\" src=\"https:\/\/d2p6e6u75xmxt8.cloudfront.net\/4\/2022\/02\/Neusiedler-See-Radmarathon-PhilippHutter-01-scaled-300x200.webp\" class=\"attachment-medium size-medium\" alt=\"\" srcset=\"https:\/\/d2p6e6u75xmxt8.cloudfront.net\/4\/2022\/02\/Neusiedler-See-Radmarathon-PhilippHutter-01-scaled-300x200.webp 300w, https:\/\/d2p6e6u75xmxt8.cloudfront.net\/4\/2022\/02\/Neusiedler-See-Radmarathon-PhilippHutter-01-scaled-1024x683.webp 1024w, https:\/\/d2p6e6u75xmxt8.cloudfront.net\/4\/2022\/02\/Neusiedler-See-Radmarathon-PhilippHutter-01-scaled-768x512.webp 768w, https:\/\/d2p6e6u75xmxt8.cloudfront.net\/4\/2022\/02\/Neusiedler-See-Radmarathon-PhilippHutter-01-scaled-1536x1024.webp 1536w, https:\/\/d2p6e6u75xmxt8.cloudfront.net\/4\/2022\/02\/Neusiedler-See-Radmarathon-PhilippHutter-01-scaled-2048x1366.webp 2048w, https:\/\/d2p6e6u75xmxt8.cloudfront.net\/4\/2022\/02\/Neusiedler-See-Radmarathon-PhilippHutter-01-scaled-1920x1280.webp 1920w, https:\/\/d2p6e6u75xmxt8.cloudfront.net\/4\/2022\/02\/Neusiedler-See-Radmarathon-PhilippHutter-01-scaled-272x182.webp 272w, https:\/\/d2p6e6u75xmxt8.cloudfront.net\/4\/2022\/02\/Neusiedler-See-Radmarathon-PhilippHutter-01-scaled-1920x1280.webp 1920w\" sizes=\"auto, (max-width: 300px) 100vw, 300px\" \/><\/a>\n\t\t\t<\/div><\/figure><figure class='gallery-item'>\n\t\t\t<div class='gallery-icon landscape'>\n\t\t\t\t<a href='https:\/\/d2p6e6u75xmxt8.cloudfront.net\/4\/2022\/02\/Neusiedler-See-Radmarathon-sportfoto.de_05-scaled.webp'><img loading=\"lazy\" decoding=\"async\" width=\"300\" height=\"200\" src=\"https:\/\/d2p6e6u75xmxt8.cloudfront.net\/4\/2022\/02\/Neusiedler-See-Radmarathon-sportfoto.de_05-scaled-300x200.webp\" class=\"attachment-medium size-medium\" alt=\"\" srcset=\"https:\/\/d2p6e6u75xmxt8.cloudfront.net\/4\/2022\/02\/Neusiedler-See-Radmarathon-sportfoto.de_05-scaled-300x200.webp 300w, https:\/\/d2p6e6u75xmxt8.cloudfront.net\/4\/2022\/02\/Neusiedler-See-Radmarathon-sportfoto.de_05-scaled-1024x682.webp 1024w, https:\/\/d2p6e6u75xmxt8.cloudfront.net\/4\/2022\/02\/Neusiedler-See-Radmarathon-sportfoto.de_05-scaled-768x512.webp 768w, https:\/\/d2p6e6u75xmxt8.cloudfront.net\/4\/2022\/02\/Neusiedler-See-Radmarathon-sportfoto.de_05-scaled-1536x1024.webp 1536w, https:\/\/d2p6e6u75xmxt8.cloudfront.net\/4\/2022\/02\/Neusiedler-See-Radmarathon-sportfoto.de_05-scaled-2048x1365.webp 2048w, https:\/\/d2p6e6u75xmxt8.cloudfront.net\/4\/2022\/02\/Neusiedler-See-Radmarathon-sportfoto.de_05-scaled-1920x1280.webp 1920w, https:\/\/d2p6e6u75xmxt8.cloudfront.net\/4\/2022\/02\/Neusiedler-See-Radmarathon-sportfoto.de_05-scaled-272x182.webp 272w, https:\/\/d2p6e6u75xmxt8.cloudfront.net\/4\/2022\/02\/Neusiedler-See-Radmarathon-sportfoto.de_05-scaled-1920x1280.webp 1920w\" sizes=\"auto, (max-width: 300px) 100vw, 300px\" \/><\/a>\n\t\t\t<\/div><\/figure><figure class='gallery-item'>\n\t\t\t<div class='gallery-icon landscape'>\n\t\t\t\t<a href='https:\/\/d2p6e6u75xmxt8.cloudfront.net\/4\/2022\/02\/Neusiedler-See-Radmarathon-sportfoto.de_03-scaled.webp'><img loading=\"lazy\" decoding=\"async\" width=\"300\" height=\"200\" src=\"https:\/\/d2p6e6u75xmxt8.cloudfront.net\/4\/2022\/02\/Neusiedler-See-Radmarathon-sportfoto.de_03-scaled-300x200.webp\" class=\"attachment-medium size-medium\" alt=\"\" srcset=\"https:\/\/d2p6e6u75xmxt8.cloudfront.net\/4\/2022\/02\/Neusiedler-See-Radmarathon-sportfoto.de_03-scaled-300x200.webp 300w, https:\/\/d2p6e6u75xmxt8.cloudfront.net\/4\/2022\/02\/Neusiedler-See-Radmarathon-sportfoto.de_03-scaled-1024x682.webp 1024w, https:\/\/d2p6e6u75xmxt8.cloudfront.net\/4\/2022\/02\/Neusiedler-See-Radmarathon-sportfoto.de_03-scaled-768x512.webp 768w, https:\/\/d2p6e6u75xmxt8.cloudfront.net\/4\/2022\/02\/Neusiedler-See-Radmarathon-sportfoto.de_03-scaled-1536x1024.webp 1536w, https:\/\/d2p6e6u75xmxt8.cloudfront.net\/4\/2022\/02\/Neusiedler-See-Radmarathon-sportfoto.de_03-scaled-2048x1365.webp 2048w, https:\/\/d2p6e6u75xmxt8.cloudfront.net\/4\/2022\/02\/Neusiedler-See-Radmarathon-sportfoto.de_03-scaled-1920x1280.webp 1920w, https:\/\/d2p6e6u75xmxt8.cloudfront.net\/4\/2022\/02\/Neusiedler-See-Radmarathon-sportfoto.de_03-scaled-272x182.webp 272w, https:\/\/d2p6e6u75xmxt8.cloudfront.net\/4\/2022\/02\/Neusiedler-See-Radmarathon-sportfoto.de_03-scaled-1920x1280.webp 1920w\" sizes=\"auto, (max-width: 300px) 100vw, 300px\" \/><\/a>\n\t\t\t<\/div><\/figure><figure class='gallery-item'>\n\t\t\t<div class='gallery-icon landscape'>\n\t\t\t\t<a href='https:\/\/d2p6e6u75xmxt8.cloudfront.net\/4\/2022\/02\/Neusiedler-See-Radmarathon-PhilippHutter-02-scaled.webp'><img loading=\"lazy\" decoding=\"async\" width=\"300\" height=\"200\" src=\"https:\/\/d2p6e6u75xmxt8.cloudfront.net\/4\/2022\/02\/Neusiedler-See-Radmarathon-PhilippHutter-02-scaled-300x200.webp\" class=\"attachment-medium size-medium\" alt=\"\" srcset=\"https:\/\/d2p6e6u75xmxt8.cloudfront.net\/4\/2022\/02\/Neusiedler-See-Radmarathon-PhilippHutter-02-scaled-300x200.webp 300w, https:\/\/d2p6e6u75xmxt8.cloudfront.net\/4\/2022\/02\/Neusiedler-See-Radmarathon-PhilippHutter-02-scaled-1024x683.webp 1024w, https:\/\/d2p6e6u75xmxt8.cloudfront.net\/4\/2022\/02\/Neusiedler-See-Radmarathon-PhilippHutter-02-scaled-768x512.webp 768w, https:\/\/d2p6e6u75xmxt8.cloudfront.net\/4\/2022\/02\/Neusiedler-See-Radmarathon-PhilippHutter-02-scaled-1536x1024.webp 1536w, https:\/\/d2p6e6u75xmxt8.cloudfront.net\/4\/2022\/02\/Neusiedler-See-Radmarathon-PhilippHutter-02-scaled-2048x1366.webp 2048w, https:\/\/d2p6e6u75xmxt8.cloudfront.net\/4\/2022\/02\/Neusiedler-See-Radmarathon-PhilippHutter-02-scaled-1920x1280.webp 1920w, https:\/\/d2p6e6u75xmxt8.cloudfront.net\/4\/2022\/02\/Neusiedler-See-Radmarathon-PhilippHutter-02-scaled-272x182.webp 272w, https:\/\/d2p6e6u75xmxt8.cloudfront.net\/4\/2022\/02\/Neusiedler-See-Radmarathon-PhilippHutter-02-scaled-1920x1280.webp 1920w\" sizes=\"auto, (max-width: 300px) 100vw, 300px\" \/><\/a>\n\t\t\t<\/div><\/figure>\n\t\t<\/div>\n\n<\/div>\n<\/div><\/div><\/div><\/div><div id=\"pg-13862-2\"  class=\"panel-grid panel-no-style\" ><div id=\"pgc-13862-2-0\"  class=\"panel-grid-cell\" ><div id=\"panel-13862-2-0-0\" class=\"so-panel widget widget_sow-editor panel-first-child panel-last-child\" data-index=\"2\" ><div\n\t\t\t\n\t\t\tclass=\"so-widget-sow-editor so-widget-sow-editor-base\"\n\t\t\t\n\t\t>\n<div class=\"siteorigin-widget-tinymce textwidget\">\n\t<h2><strong>Cyklistick\u00fd marat\u00f3n je s\u00fa\u010das\u0165ou svetovej s\u00e9rie UCI Gran Fondo<\/strong><\/h2>\n<p>Cyklistick\u00fd marat\u00f3n s ofici\u00e1lnym n\u00e1zvom <a href=\"https:\/\/www.neusiedlersee-radmarathon.com\/\"><strong>Neusiedler See Radmarathon powered by Burgenland Tourismus<\/strong><\/a> je tento rok po prv\u00fd raz pretekom zaraden\u00fdm do svetovej s\u00e9rie <a href=\"http:\/\/www.ucigranfondoworldseries.com\/\">UCI Gran Fondo<\/a>.<\/p>\n<p><a href=\"http:\/\/www.ucigranfondoworldseries.com\/\"><img loading=\"lazy\" decoding=\"async\" class=\"size-full wp-image-13874 aligncenter\" src=\"https:\/\/d2p6e6u75xmxt8.cloudfront.net\/4\/2022\/02\/UCI-gran-fondo.png\" alt=\"\" width=\"254\" height=\"219\" \/><\/a><\/p>\n<p>\u201eTo z n\u00e1s rob\u00ed jedno z 27 podujat\u00ed na piatich kontinentoch v 25 krajin\u00e1ch s viac ako 75 000 \u00fa\u010dastn\u00edkmi. Amat\u00e9rski \u0161portovci sa u n\u00e1s m\u00f4\u017eu kvalifikova\u0165 na ofici\u00e1lne majstrovstv\u00e1 sveta v UCI marat\u00f3ne a \u010dasovke,\u201c hovor\u00ed organiz\u00e1tor Johannes Hessenberger.<\/p>\n<p>Preteky okolo Nedizersk\u00e9ho jazera s\u00fa navy\u0161e jedin\u00fdmi v celej nemecky hovoriacej oblasti tejto s\u00e9rie a pre na\u0161ich cyklistov s\u00fa z\u00e1rove\u0148 jedny z najbli\u017e\u0161\u00edch!<\/p>\n<p>V najv\u00fdchodnej\u0161ej spolkovej krajine Rak\u00faska, Burgenlande, sa amat\u00e9rski cyklisti m\u00f4\u017eu kvalifikova\u0165 na ofici\u00e1lne majstrovstv\u00e1 sveta v marat\u00f3ne a \u010dasovke pre amat\u00e9rskych cyklistov vo veku od 19 do 70 rokov. Poloha Burgenlandu so susedn\u00fdmi krajinami je ve\u013emi dobr\u00e1 a rovinat\u00e1 tra\u0165 pon\u00faka jedine\u010dn\u00fa pr\u00edle\u017eitos\u0165 pre menej zdatn\u00fdch cyklistov kvalifikova\u0165 sa na Majstrovstv\u00e1 sveta, ktor\u00e9 sa tento rok uskuto\u010dnia v polovici septembra v talianskom Trente.<\/p>\n<p>\"Taktika a t\u00edmov\u00e1 pr\u00e1ca hraj\u00fa na na\u0161ej trati v\u00e4\u010d\u0161iu \u00falohu ako pri horsk\u00fdch marat\u00f3noch a na majstrovstv\u00e1 sveta m\u00e1 tak \u0161ancu kvalifikova\u0165 sa aj \u0161ir\u0161ia skupina cyklistov\", kon\u0161tatuje hlavn\u00fd organiz\u00e1tor pretekov.<\/p>\n<\/div>\n<\/div><\/div><\/div><\/div><div id=\"pg-13862-3\"  class=\"panel-grid panel-no-style\" ><div id=\"pgc-13862-3-0\"  class=\"panel-grid-cell\" ><div id=\"panel-13862-3-0-0\" class=\"so-panel widget widget_sow-editor panel-first-child panel-last-child\" data-index=\"3\" ><div\n\t\t\t\n\t\t\tclass=\"so-widget-sow-editor so-widget-sow-editor-base\"\n\t\t\t\n\t\t>\n<div class=\"siteorigin-widget-tinymce textwidget\">\n\t<h2><strong>Hor\u00face miesto na turistiku<\/strong><\/h2>\n<p>Juhoz\u00e1pad Nezidersk\u00e9ho jazera patr\u00ed k najob\u013e\u00fabenej\u0161\u00edm dovolenkov\u00fdm destin\u00e1ci\u00e1m v Rak\u00fasku, no teraz za\u017e\u00edva \u0161portov\u00fd boom. Len hodinu cesty autom od Bratislavy sa vin\u00e1rske a kult\u00farne mesto M\u00f6rbisch 23. a 24. apr\u00edla 2022 op\u00e4\u0165 premen\u00ed na mekku cyklistov.<\/p>\n<p>V sobotu s\u00fa na programe individu\u00e1lne a p\u00e1rov\u00e9 \u010dasovky, ktor\u00fdch sa z\u00fa\u010dast\u0148uje \u010doraz viac amat\u00e9rskych cyklistov. V pretekoch proti chronometru bude okrem in\u00fdch aj \u0161es\u0165n\u00e1sobn\u00fd v\u00ed\u0165az pretekov Race Across America Christoph Strasser!<\/p>\n<p>V nede\u013eu r\u00e1no od\u0161tartuje cyklomarat\u00f3n okolo Nezidersk\u00e9ho jazera, ktor\u00e9ho tra\u0165 s d\u013a\u017ekou 125 kilometrov zavedie pelot\u00f3n cyklistov aj na ma\u010farsk\u00e9 \u00fazemie. Aj toto je \u0161pecialita t\u00fdchto pretekov, ktor\u00fa nikde inde na svete nen\u00e1jdete.<\/p>\n<h2><strong>Minimarat\u00f3n s unik\u00e1tnym prejazdom na trajekte<\/strong><\/h2>\n<p>Hlavn\u00fd organiz\u00e1tor Johannes Hessenberger m\u00e1 v programe aj skvel\u00fa ponuku, ktor\u00e1 je zameran\u00e1 na v\u0161etk\u00fdch cyklistov, ktor\u00ed si netr\u00fafnu na cel\u00fa trasu, \u010di ich \u017eivotn\u00fdch partnerov, zn\u00e1mych a v\u0161eobecne v\u0161etk\u00fdch priaznivcov jazdy na bicykloch. V de\u0148 marat\u00f3nu si m\u00f4\u017eete zas\u00fa\u0165a\u017ei\u0165 na 65-kilometrovej krat\u0161ej trati do Illmitzu. Odtia\u013e sa u\u017e \u013eahko dostanete trajektom sp\u00e4\u0165 do M\u00f6rbischu. V cieli bud\u00fa pre v\u0161etk\u00fdch pripraven\u00e9 st\u00e1nky miestnych re\u0161taur\u00e1ci\u00ed a marat\u00f3n m\u00f4\u017eete sledova\u0165 na\u017eivo na ve\u013ekoplo\u0161nej obrazovke alebo aj na svojom smartf\u00f3ne s jedlom a n\u00e1pojmi!<\/p>\n<\/div>\n<\/div><\/div><\/div><\/div><div id=\"pg-13862-4\"  class=\"panel-grid panel-no-style\" ><div id=\"pgc-13862-4-0\"  class=\"panel-grid-cell\" ><div id=\"panel-13862-4-0-0\" class=\"so-panel widget widget_sow-editor panel-first-child panel-last-child\" data-index=\"4\" ><div class=\"panel-widget-style panel-widget-style-for-13862-4-0-0\" ><div\n\t\t\t\n\t\t\tclass=\"so-widget-sow-editor so-widget-sow-editor-base\"\n\t\t\t\n\t\t>\n<div class=\"siteorigin-widget-tinymce textwidget\">\n\t<h2><strong>Zaujal v\u00e1s Cyklomarat\u00f3n okolo Nezidersk\u00e9ho jazera?\u00a0<\/strong><\/h2>\n<p>Chcete sa z\u00fa\u010dastni\u0165 pretekov? Alebo si len urobi\u0165 v\u00edkendov\u00fd v\u00fdlet na bicykloch?<br \/>\nSledujte aj na\u010falej WeLoveCycling na soci\u00e1lnych sie\u0165ach.<\/p>\n<p>U\u017e o p\u00e1r dn\u00ed zverejn\u00edme s\u00fa\u0165a\u017e o \u0161tartovn\u00e9 bal\u00ed\u010dky pre \u010dasovku aj pre hlavn\u00e9 preteky.<\/p>\n<div class=\"social social-list no-followers\"><a class=\"social-network icon icon-facebook\" style=\"text-decoration:none;\" href=\"https:\/\/www.facebook.com\/welovecycling.sk\" target=\"_blank\" rel=\"noopener\" data-label=\"Facebook\"><\/a> <a style=\"text-decoration:none;\" class=\"social-network icon icon-youtube\" href=\"https:\/\/www.youtube.com\/channel\/UCt0qqIXBH5TU4pmWS7zyPhA\" target=\"_blank\" rel=\"noopener\" data-label=\"Youtube\"><\/a> <a class=\"social-network icon icon-instagram\" href=\"https:\/\/www.instagram.com\/welovecycling.sk\" style=\"text-decoration:none;\" target=\"_blank\" rel=\"noopener\" data-label=\"Instagram\"><\/a><\/div>\n<\/div>\n<\/div><\/div><\/div><\/div><\/div><div id=\"pg-13862-5\"  class=\"panel-grid panel-has-style\" ><div class=\"panel-row-style panel-row-style-for-13862-5\" ><div id=\"pgc-13862-5-0\"  class=\"panel-grid-cell\" ><div id=\"panel-13862-5-0-0\" class=\"so-panel widget widget_sow-editor panel-first-child panel-last-child\" data-index=\"5\" ><div\n\t\t\t\n\t\t\tclass=\"so-widget-sow-editor so-widget-sow-editor-base\"\n\t\t\t\n\t\t>\n<div class=\"siteorigin-widget-tinymce textwidget\">\n\t<h2><strong>Z\u00e1kladn\u00e9 inform\u00e1cie<\/strong><\/h2>\n<p><a href=\"https:\/\/www.neusiedlersee-radmarathon.com\/\"><img loading=\"lazy\" decoding=\"async\" class=\"wp-image-13890 size-medium aligncenter\" src=\"https:\/\/d2p6e6u75xmxt8.cloudfront.net\/4\/2022\/02\/61071_Logo_poweredby_Burgenland-Tourismus-300x225.png\" alt=\"\" width=\"300\" height=\"225\" \/><\/a><\/p>\n<p style=\"text-align: center;\"><strong>Neusiedler See Radmarathon<br \/>\n<\/strong><a href=\"https:\/\/www.neusiedlersee-radmarathon.com\/\">www.neusiedlersee-radmarathon.com<\/a><\/p>\n<p>Lokalita:<br \/>\n<a href=\"https:\/\/goo.gl\/maps\/k3JF7teiHV2zZDo39\">M\u00f6rbisch am See, Rak\u00fasko<\/a><\/p>\n<p>Sobota, 23. 4. 2020<br \/>\n<strong>\u010casovka jednotlivcov a p\u00e1rov\u00e1 \u010dasovka, 26 km \/ 200 m<\/strong><\/p>\n<p><a href=\"https:\/\/www.neusiedlersee-radmarathon.com\/einzel-paarzeitfahren\/strecke.html\"><img loading=\"lazy\" decoding=\"async\" class=\"alignnone wp-image-13898 size-large\" src=\"https:\/\/d2p6e6u75xmxt8.cloudfront.net\/4\/2022\/02\/NRM-ITT-1024x718.png\" alt=\"\" width=\"1024\" height=\"718\" \/><\/a><\/p>\n<p>Nede\u013ea, 24. 4. 2020<br \/>\n<strong>Cyklomarat\u00f3n\u00a0 - Tour A\u00a0 - 125 km \/ 600 m<\/strong><\/p>\n<p><a href=\"https:\/\/www.neusiedlersee-radmarathon.com\/radmarathon\/strecke.html\"><img loading=\"lazy\" decoding=\"async\" class=\"alignnone size-large wp-image-13897\" src=\"https:\/\/d2p6e6u75xmxt8.cloudfront.net\/4\/2022\/02\/NRM-125km-1024x757.png\" alt=\"\" width=\"1024\" height=\"757\" \/><\/a><\/p>\n<p>Nede\u013ea, 24. 4. 2020<br \/>\n<strong>Cyklomarat\u00f3n\u00a0 - Tour <\/strong><strong>B\u00a0 - 65 km \/ 300 m<\/strong><\/p>\n<p><a href=\"https:\/\/www.neusiedlersee-radmarathon.com\/radmarathon\/strecke.html\"><img loading=\"lazy\" decoding=\"async\" class=\"alignnone size-large wp-image-13896\" src=\"https:\/\/d2p6e6u75xmxt8.cloudfront.net\/4\/2022\/02\/NRM-65km-1024x724.png\" alt=\"\" width=\"1024\" height=\"724\" \/><\/a><\/p>\n<\/div>\n<\/div><\/div><\/div><\/div><\/div><div id=\"pg-13862-6\"  class=\"panel-grid panel-no-style\" ><div id=\"pgc-13862-6-0\"  class=\"panel-grid-cell\" ><div id=\"panel-13862-6-0-0\" class=\"so-panel widget widget_sow-editor panel-first-child panel-last-child\" data-index=\"6\" ><div\n\t\t\t\n\t\t\tclass=\"so-widget-sow-editor so-widget-sow-editor-base\"\n\t\t\t\n\t\t>\n<div class=\"siteorigin-widget-tinymce textwidget\">\n\t<h2><strong>Online telev\u00edzia NRM TV<\/strong><\/h2>\n<p>Mimochodom, Cyklistick\u00fd marat\u00f3n Neusiedler See powered by Burgenland Toursimus je inovat\u00edvny aj z h\u013eadiska marketingu a z\u00e1bavy pre fan\u00fa\u0161ikov cyklistiky. Mesa\u010dne sa pon\u00faka takzvan\u00e1 \u201eNRM TV\u201c, kde s\u00fa prezentovan\u00e9 vzru\u0161uj\u00face a informat\u00edvne spr\u00e1vy na t\u00e9mu cyklistiky. Vysielania s\u00fa dostupn\u00e9 na ofici\u00e1lnej str\u00e1nke pretekov <a href=\"https:\/\/www.neusiedlersee-radmarathon.com\">www.neusiedlersee-radmarathon.com<\/a>.<\/p>\n<\/div>\n<\/div><\/div><\/div><\/div><div id=\"pg-13862-7\"  class=\"panel-grid panel-no-style\" ><div id=\"pgc-13862-7-0\"  class=\"panel-grid-cell\" ><div id=\"panel-13862-7-0-0\" class=\"so-panel widget widget_sow-editor panel-first-child panel-last-child\" data-index=\"7\" ><div\n\t\t\t\n\t\t\tclass=\"so-widget-sow-editor so-widget-sow-editor-base\"\n\t\t\t\n\t\t>\n<div class=\"siteorigin-widget-tinymce textwidget\">\n\t<lite-youtube videoid=816pVdXQG-E params=\"enablejsapi=1\" style=\"background-image: url('https:\/\/i.ytimg.com\/vi_webp\/816pVdXQG-E\/maxresdefault.webp');\"><\/lite-youtube>\n<\/div>\n<\/div><\/div><\/div><div id=\"pgc-13862-7-1\"  class=\"panel-grid-cell\" ><div id=\"panel-13862-7-1-0\" class=\"so-panel widget widget_sow-editor panel-first-child panel-last-child\" data-index=\"8\" ><div\n\t\t\t\n\t\t\tclass=\"so-widget-sow-editor so-widget-sow-editor-base\"\n\t\t\t\n\t\t>\n<div class=\"siteorigin-widget-tinymce textwidget\">\n\t<lite-youtube videoid=-3LPyoSSkRM params=\"enablejsapi=1\" style=\"background-image: url('https:\/\/i.ytimg.com\/vi_webp\/-3LPyoSSkRM\/maxresdefault.webp');\"><\/lite-youtube>\n<\/div>\n<\/div><\/div><\/div><\/div><div id=\"pg-13862-8\"  class=\"panel-grid panel-no-style\" ><div id=\"pgc-13862-8-0\"  class=\"panel-grid-cell\" ><div id=\"panel-13862-8-0-0\" class=\"so-panel widget widget_sow-editor panel-first-child\" data-index=\"9\" ><div\n\t\t\t\n\t\t\tclass=\"so-widget-sow-editor so-widget-sow-editor-base\"\n\t\t\t\n\t\t>\n<div class=\"siteorigin-widget-tinymce textwidget\">\n\t<lite-youtube videoid=vCNx9FFFcAg params=\"enablejsapi=1\" style=\"background-image: url('https:\/\/i.ytimg.com\/vi_webp\/vCNx9FFFcAg\/maxresdefault.webp');\"><\/lite-youtube>\n<\/div>\n<\/div><\/div><div id=\"panel-13862-8-0-1\" class=\"widget_text so-panel widget widget_custom_html panel-last-child\" data-index=\"10\" ><div class=\"textwidget custom-html-widget\"><style>\n\t.social-network.icon {\n\t\ttext-decoration: none !important;\n\t}\n<\/style>\n<\/div><\/div><\/div><div id=\"pgc-13862-8-1\"  class=\"panel-grid-cell\" ><div id=\"panel-13862-8-1-0\" class=\"so-panel widget widget_sow-editor panel-first-child panel-last-child\" data-index=\"11\" ><div\n\t\t\t\n\t\t\tclass=\"so-widget-sow-editor so-widget-sow-editor-base\"\n\t\t\t\n\t\t>\n<div class=\"siteorigin-widget-tinymce textwidget\">\n\t<lite-youtube videoid=Z_z6GsA5cPA params=\"enablejsapi=1\" style=\"background-image: url('https:\/\/i.ytimg.com\/vi_webp\/Z_z6GsA5cPA\/maxresdefault.webp');\"><\/lite-youtube>\n<\/div>\n<\/div><\/div><\/div><\/div><\/div>","protected":false},"excerpt":{"rendered":"<p>V slne\u010dnom a rovinatom Burgenlande oslavuje Cyklomarart\u00f3n okolo Nezidersk\u00e9ho jazera tento rok dve v\u00fdro\u010dia: prv\u00fdkr\u00e1t sa tu m\u00f4\u017eete priamo kvalifikova\u0165 [&hellip;]<\/p>\n","protected":false},"author":40,"featured_media":13866,"comment_status":"open","ping_status":"open","sticky":false,"template":"","format":"standard","meta":{"footnotes":""},"categories":[4,34,118],"tags":[619,115,487,178,91,179,598,472],"global-categories":[1074],"class_list":["post-13862","post","type-post","status-publish","format-standard","has-post-thumbnail","hentry","category-cestna-cyklisitika","category-podujatia","category-zabava","tag-bicyklovanie","tag-cestna-cyklistika","tag-cestny-bicykel","tag-maraton","tag-pozvanka","tag-preteky","tag-rakusko","tag-uci-gran-fondo","global-categories-cycling"],"yoast_head":"<!-- This site is optimized with the Yoast SEO Premium plugin v25.3 (Yoast SEO v25.9) - https:\/\/yoast.com\/wordpress\/plugins\/seo\/ -->\n<title>Neusiedler See Radmarathon \u2013 cyklomarat\u00f3n svetovej s\u00e9rie UCI Gran Fondo ne\u010faleko od Slovenska - \u0160koda We Love Cycling Slovensko<\/title>\n<meta name=\"description\" content=\"Pokojne sa bicyklova\u0165 na uzavret\u00fdch cest\u00e1ch okolo Nezidersk\u00e9ho jazera, jedn\u00e9ho z najv\u00e4\u010d\u0161\u00edch stepn\u00fdch jazier v Eur\u00f3pe, alebo by ste rad\u0161ej uprednostnili pretek\u00e1rsky bicykel a zmerali si svoje sily so s\u00fapermi z celej strednej Eur\u00f3py? Oboje je mo\u017en\u00e9 na Cyklomarat\u00f3ne okolo Nezidersk\u00e9ho jazera, ktor\u00e9ho 30. ro\u010dn\u00edk sa uskuto\u010dn\u00ed 24. apr\u00edla 2022.\" \/>\n<meta name=\"robots\" content=\"index, follow, max-snippet:-1, max-image-preview:large, max-video-preview:-1\" \/>\n<link rel=\"canonical\" href=\"https:\/\/www.welovecycling.com\/sk\/2022\/02\/23\/neusiedler-see-radmarathon-cyklomaraton-svetovej-serie-uci-gran-fondo-nedaleko-od-slovenska\/\" \/>\n<meta property=\"og:locale\" content=\"sk_SK\" \/>\n<meta property=\"og:type\" content=\"article\" \/>\n<meta property=\"og:title\" content=\"Neusiedler See Radmarathon \u2013 cyklomarat\u00f3n svetovej s\u00e9rie UCI Gran Fondo ne\u010faleko od Slovenska\" \/>\n<meta property=\"og:description\" content=\"Pokojne sa bicyklova\u0165 na uzavret\u00fdch cest\u00e1ch okolo Nezidersk\u00e9ho jazera, jedn\u00e9ho z najv\u00e4\u010d\u0161\u00edch stepn\u00fdch jazier v Eur\u00f3pe, alebo by ste rad\u0161ej uprednostnili pretek\u00e1rsky bicykel a zmerali si svoje sily so s\u00fapermi z celej strednej Eur\u00f3py? Oboje je mo\u017en\u00e9 na Cyklomarat\u00f3ne okolo Nezidersk\u00e9ho jazera, ktor\u00e9ho 30. ro\u010dn\u00edk sa uskuto\u010dn\u00ed 24. apr\u00edla 2022.\" \/>\n<meta property=\"og:url\" content=\"https:\/\/www.welovecycling.com\/sk\/2022\/02\/23\/neusiedler-see-radmarathon-cyklomaraton-svetovej-serie-uci-gran-fondo-nedaleko-od-slovenska\/\" \/>\n<meta property=\"og:site_name\" content=\"\u0160koda We Love Cycling Slovensko\" \/>\n<meta property=\"article:published_time\" content=\"2022-02-23T11:58:58+00:00\" \/>\n<meta property=\"article:modified_time\" content=\"2022-02-23T14:20:53+00:00\" \/>\n<meta property=\"og:image\" content=\"https:\/\/d2p6e6u75xmxt8.cloudfront.net\/4\/2022\/02\/Neusiedler-See-Radmarathon-sportfoto.de_01.JPG-scaled.webp\" \/>\n\t<meta property=\"og:image:width\" content=\"2560\" \/>\n\t<meta property=\"og:image:height\" content=\"1446\" \/>\n\t<meta property=\"og:image:type\" content=\"image\/webp\" \/>\n<meta name=\"author\" content=\"Zozzi\" \/>\n<meta name=\"twitter:card\" content=\"summary_large_image\" \/>\n<meta name=\"twitter:label1\" content=\"Written by\" \/>\n\t<meta name=\"twitter:data1\" content=\"Zozzi\" \/>\n\t<meta name=\"twitter:label2\" content=\"Est. reading time\" \/>\n\t<meta name=\"twitter:data2\" content=\"5 minutes\" \/>\n<script type=\"application\/ld+json\" class=\"yoast-schema-graph\">{\"@context\":\"https:\/\/schema.org\",\"@graph\":[{\"@type\":\"WebPage\",\"@id\":\"https:\/\/www.welovecycling.com\/sk\/2022\/02\/23\/neusiedler-see-radmarathon-cyklomaraton-svetovej-serie-uci-gran-fondo-nedaleko-od-slovenska\/\",\"url\":\"https:\/\/www.welovecycling.com\/sk\/2022\/02\/23\/neusiedler-see-radmarathon-cyklomaraton-svetovej-serie-uci-gran-fondo-nedaleko-od-slovenska\/\",\"name\":\"Neusiedler See Radmarathon \u2013 cyklomarat\u00f3n svetovej s\u00e9rie UCI Gran Fondo ne\u010faleko od Slovenska - \u0160koda We Love Cycling Slovensko\",\"isPartOf\":{\"@id\":\"https:\/\/www.welovecycling.com\/sk\/#website\"},\"primaryImageOfPage\":{\"@id\":\"https:\/\/www.welovecycling.com\/sk\/2022\/02\/23\/neusiedler-see-radmarathon-cyklomaraton-svetovej-serie-uci-gran-fondo-nedaleko-od-slovenska\/#primaryimage\"},\"image\":{\"@id\":\"https:\/\/www.welovecycling.com\/sk\/2022\/02\/23\/neusiedler-see-radmarathon-cyklomaraton-svetovej-serie-uci-gran-fondo-nedaleko-od-slovenska\/#primaryimage\"},\"thumbnailUrl\":\"https:\/\/d2p6e6u75xmxt8.cloudfront.net\/4\/2022\/02\/Neusiedler-See-Radmarathon-sportfoto.de_01.JPG-scaled.webp\",\"datePublished\":\"2022-02-23T11:58:58+00:00\",\"dateModified\":\"2022-02-23T14:20:53+00:00\",\"author\":{\"@id\":\"https:\/\/www.welovecycling.com\/sk\/#\/schema\/person\/69a353af73d9db8f391581204a521230\"},\"description\":\"Pokojne sa bicyklova\u0165 na uzavret\u00fdch cest\u00e1ch okolo Nezidersk\u00e9ho jazera, jedn\u00e9ho z najv\u00e4\u010d\u0161\u00edch stepn\u00fdch jazier v Eur\u00f3pe, alebo by ste rad\u0161ej uprednostnili pretek\u00e1rsky bicykel a zmerali si svoje sily so s\u00fapermi z celej strednej Eur\u00f3py? Oboje je mo\u017en\u00e9 na Cyklomarat\u00f3ne okolo Nezidersk\u00e9ho jazera, ktor\u00e9ho 30. ro\u010dn\u00edk sa uskuto\u010dn\u00ed 24. apr\u00edla 2022.\",\"breadcrumb\":{\"@id\":\"https:\/\/www.welovecycling.com\/sk\/2022\/02\/23\/neusiedler-see-radmarathon-cyklomaraton-svetovej-serie-uci-gran-fondo-nedaleko-od-slovenska\/#breadcrumb\"},\"inLanguage\":\"sk-SK\",\"potentialAction\":[{\"@type\":\"ReadAction\",\"target\":[\"https:\/\/www.welovecycling.com\/sk\/2022\/02\/23\/neusiedler-see-radmarathon-cyklomaraton-svetovej-serie-uci-gran-fondo-nedaleko-od-slovenska\/\"]}]},{\"@type\":\"ImageObject\",\"inLanguage\":\"sk-SK\",\"@id\":\"https:\/\/www.welovecycling.com\/sk\/2022\/02\/23\/neusiedler-see-radmarathon-cyklomaraton-svetovej-serie-uci-gran-fondo-nedaleko-od-slovenska\/#primaryimage\",\"url\":\"https:\/\/d2p6e6u75xmxt8.cloudfront.net\/4\/2022\/02\/Neusiedler-See-Radmarathon-sportfoto.de_01.JPG-scaled.webp\",\"contentUrl\":\"https:\/\/d2p6e6u75xmxt8.cloudfront.net\/4\/2022\/02\/Neusiedler-See-Radmarathon-sportfoto.de_01.JPG-scaled.webp\",\"width\":2560,\"height\":1446},{\"@type\":\"BreadcrumbList\",\"@id\":\"https:\/\/www.welovecycling.com\/sk\/2022\/02\/23\/neusiedler-see-radmarathon-cyklomaraton-svetovej-serie-uci-gran-fondo-nedaleko-od-slovenska\/#breadcrumb\",\"itemListElement\":[{\"@type\":\"ListItem\",\"position\":1,\"name\":\"Home\",\"item\":\"https:\/\/www.welovecycling.com\/sk\/\"},{\"@type\":\"ListItem\",\"position\":2,\"name\":\"Neusiedler See Radmarathon \u2013 cyklomarat\u00f3n svetovej s\u00e9rie UCI Gran Fondo ne\u010faleko od Slovenska\"}]},{\"@type\":\"WebSite\",\"@id\":\"https:\/\/www.welovecycling.com\/sk\/#website\",\"url\":\"https:\/\/www.welovecycling.com\/sk\/\",\"name\":\"\u0160koda We Love Cycling Slovensko\",\"description\":\"\u0160koda We Love Cycling Slovensko je v\u00e1\u0161 ka\u017edodenn\u00fd zdroj noviniek a in\u0161pir\u00e1cie z sveta cyklistiky\",\"potentialAction\":[{\"@type\":\"SearchAction\",\"target\":{\"@type\":\"EntryPoint\",\"urlTemplate\":\"https:\/\/www.welovecycling.com\/sk\/?s={search_term_string}\"},\"query-input\":{\"@type\":\"PropertyValueSpecification\",\"valueRequired\":true,\"valueName\":\"search_term_string\"}}],\"inLanguage\":\"sk-SK\"},{\"@type\":\"Person\",\"@id\":\"https:\/\/www.welovecycling.com\/sk\/#\/schema\/person\/69a353af73d9db8f391581204a521230\",\"name\":\"Zozzi\",\"image\":{\"@type\":\"ImageObject\",\"inLanguage\":\"sk-SK\",\"@id\":\"https:\/\/www.welovecycling.com\/sk\/#\/schema\/person\/image\/\",\"url\":\"https:\/\/secure.gravatar.com\/avatar\/0255afbdd216c325a2a30335b3ab5281cba74e43cb20818f979685eff3429a06?s=96&d=mm&r=g\",\"contentUrl\":\"https:\/\/secure.gravatar.com\/avatar\/0255afbdd216c325a2a30335b3ab5281cba74e43cb20818f979685eff3429a06?s=96&d=mm&r=g\",\"caption\":\"Zozzi\"},\"url\":\"https:\/\/www.welovecycling.com\/sk\/author\/zozzi\/\"}]}<\/script>\n<!-- \/ Yoast SEO Premium plugin. -->","yoast_head_json":{"title":"Neusiedler See Radmarathon \u2013 cyklomarat\u00f3n svetovej s\u00e9rie UCI Gran Fondo ne\u010faleko od Slovenska - \u0160koda We Love Cycling Slovensko","description":"Pokojne sa bicyklova\u0165 na uzavret\u00fdch cest\u00e1ch okolo Nezidersk\u00e9ho jazera, jedn\u00e9ho z najv\u00e4\u010d\u0161\u00edch stepn\u00fdch jazier v Eur\u00f3pe, alebo by ste rad\u0161ej uprednostnili pretek\u00e1rsky bicykel a zmerali si svoje sily so s\u00fapermi z celej strednej Eur\u00f3py? Oboje je mo\u017en\u00e9 na Cyklomarat\u00f3ne okolo Nezidersk\u00e9ho jazera, ktor\u00e9ho 30. ro\u010dn\u00edk sa uskuto\u010dn\u00ed 24. apr\u00edla 2022.","robots":{"index":"index","follow":"follow","max-snippet":"max-snippet:-1","max-image-preview":"max-image-preview:large","max-video-preview":"max-video-preview:-1"},"canonical":"https:\/\/www.welovecycling.com\/sk\/2022\/02\/23\/neusiedler-see-radmarathon-cyklomaraton-svetovej-serie-uci-gran-fondo-nedaleko-od-slovenska\/","og_locale":"sk_SK","og_type":"article","og_title":"Neusiedler See Radmarathon \u2013 cyklomarat\u00f3n svetovej s\u00e9rie UCI Gran Fondo ne\u010faleko od Slovenska","og_description":"Pokojne sa bicyklova\u0165 na uzavret\u00fdch cest\u00e1ch okolo Nezidersk\u00e9ho jazera, jedn\u00e9ho z najv\u00e4\u010d\u0161\u00edch stepn\u00fdch jazier v Eur\u00f3pe, alebo by ste rad\u0161ej uprednostnili pretek\u00e1rsky bicykel a zmerali si svoje sily so s\u00fapermi z celej strednej Eur\u00f3py? Oboje je mo\u017en\u00e9 na Cyklomarat\u00f3ne okolo Nezidersk\u00e9ho jazera, ktor\u00e9ho 30. ro\u010dn\u00edk sa uskuto\u010dn\u00ed 24. apr\u00edla 2022.","og_url":"https:\/\/www.welovecycling.com\/sk\/2022\/02\/23\/neusiedler-see-radmarathon-cyklomaraton-svetovej-serie-uci-gran-fondo-nedaleko-od-slovenska\/","og_site_name":"\u0160koda We Love Cycling Slovensko","article_published_time":"2022-02-23T11:58:58+00:00","article_modified_time":"2022-02-23T14:20:53+00:00","og_image":[{"width":2560,"height":1446,"url":"https:\/\/d2p6e6u75xmxt8.cloudfront.net\/4\/2022\/02\/Neusiedler-See-Radmarathon-sportfoto.de_01.JPG-scaled.webp","type":"image\/webp"}],"author":"Zozzi","twitter_card":"summary_large_image","twitter_misc":{"Written by":"Zozzi","Est. reading time":"5 minutes"},"schema":{"@context":"https:\/\/schema.org","@graph":[{"@type":"WebPage","@id":"https:\/\/www.welovecycling.com\/sk\/2022\/02\/23\/neusiedler-see-radmarathon-cyklomaraton-svetovej-serie-uci-gran-fondo-nedaleko-od-slovenska\/","url":"https:\/\/www.welovecycling.com\/sk\/2022\/02\/23\/neusiedler-see-radmarathon-cyklomaraton-svetovej-serie-uci-gran-fondo-nedaleko-od-slovenska\/","name":"Neusiedler See Radmarathon \u2013 cyklomarat\u00f3n svetovej s\u00e9rie UCI Gran Fondo ne\u010faleko od Slovenska - \u0160koda We Love Cycling Slovensko","isPartOf":{"@id":"https:\/\/www.welovecycling.com\/sk\/#website"},"primaryImageOfPage":{"@id":"https:\/\/www.welovecycling.com\/sk\/2022\/02\/23\/neusiedler-see-radmarathon-cyklomaraton-svetovej-serie-uci-gran-fondo-nedaleko-od-slovenska\/#primaryimage"},"image":{"@id":"https:\/\/www.welovecycling.com\/sk\/2022\/02\/23\/neusiedler-see-radmarathon-cyklomaraton-svetovej-serie-uci-gran-fondo-nedaleko-od-slovenska\/#primaryimage"},"thumbnailUrl":"https:\/\/d2p6e6u75xmxt8.cloudfront.net\/4\/2022\/02\/Neusiedler-See-Radmarathon-sportfoto.de_01.JPG-scaled.webp","datePublished":"2022-02-23T11:58:58+00:00","dateModified":"2022-02-23T14:20:53+00:00","author":{"@id":"https:\/\/www.welovecycling.com\/sk\/#\/schema\/person\/69a353af73d9db8f391581204a521230"},"description":"Pokojne sa bicyklova\u0165 na uzavret\u00fdch cest\u00e1ch okolo Nezidersk\u00e9ho jazera, jedn\u00e9ho z najv\u00e4\u010d\u0161\u00edch stepn\u00fdch jazier v Eur\u00f3pe, alebo by ste rad\u0161ej uprednostnili pretek\u00e1rsky bicykel a zmerali si svoje sily so s\u00fapermi z celej strednej Eur\u00f3py? Oboje je mo\u017en\u00e9 na Cyklomarat\u00f3ne okolo Nezidersk\u00e9ho jazera, ktor\u00e9ho 30. ro\u010dn\u00edk sa uskuto\u010dn\u00ed 24. apr\u00edla 2022.","breadcrumb":{"@id":"https:\/\/www.welovecycling.com\/sk\/2022\/02\/23\/neusiedler-see-radmarathon-cyklomaraton-svetovej-serie-uci-gran-fondo-nedaleko-od-slovenska\/#breadcrumb"},"inLanguage":"sk-SK","potentialAction":[{"@type":"ReadAction","target":["https:\/\/www.welovecycling.com\/sk\/2022\/02\/23\/neusiedler-see-radmarathon-cyklomaraton-svetovej-serie-uci-gran-fondo-nedaleko-od-slovenska\/"]}]},{"@type":"ImageObject","inLanguage":"sk-SK","@id":"https:\/\/www.welovecycling.com\/sk\/2022\/02\/23\/neusiedler-see-radmarathon-cyklomaraton-svetovej-serie-uci-gran-fondo-nedaleko-od-slovenska\/#primaryimage","url":"https:\/\/d2p6e6u75xmxt8.cloudfront.net\/4\/2022\/02\/Neusiedler-See-Radmarathon-sportfoto.de_01.JPG-scaled.webp","contentUrl":"https:\/\/d2p6e6u75xmxt8.cloudfront.net\/4\/2022\/02\/Neusiedler-See-Radmarathon-sportfoto.de_01.JPG-scaled.webp","width":2560,"height":1446},{"@type":"BreadcrumbList","@id":"https:\/\/www.welovecycling.com\/sk\/2022\/02\/23\/neusiedler-see-radmarathon-cyklomaraton-svetovej-serie-uci-gran-fondo-nedaleko-od-slovenska\/#breadcrumb","itemListElement":[{"@type":"ListItem","position":1,"name":"Home","item":"https:\/\/www.welovecycling.com\/sk\/"},{"@type":"ListItem","position":2,"name":"Neusiedler See Radmarathon \u2013 cyklomarat\u00f3n svetovej s\u00e9rie UCI Gran Fondo ne\u010faleko od Slovenska"}]},{"@type":"WebSite","@id":"https:\/\/www.welovecycling.com\/sk\/#website","url":"https:\/\/www.welovecycling.com\/sk\/","name":"\u0160koda We Love Cycling Slovensko","description":"\u0160koda We Love Cycling Slovensko je v\u00e1\u0161 ka\u017edodenn\u00fd zdroj noviniek a in\u0161pir\u00e1cie z sveta cyklistiky","potentialAction":[{"@type":"SearchAction","target":{"@type":"EntryPoint","urlTemplate":"https:\/\/www.welovecycling.com\/sk\/?s={search_term_string}"},"query-input":{"@type":"PropertyValueSpecification","valueRequired":true,"valueName":"search_term_string"}}],"inLanguage":"sk-SK"},{"@type":"Person","@id":"https:\/\/www.welovecycling.com\/sk\/#\/schema\/person\/69a353af73d9db8f391581204a521230","name":"Zozzi","image":{"@type":"ImageObject","inLanguage":"sk-SK","@id":"https:\/\/www.welovecycling.com\/sk\/#\/schema\/person\/image\/","url":"https:\/\/secure.gravatar.com\/avatar\/0255afbdd216c325a2a30335b3ab5281cba74e43cb20818f979685eff3429a06?s=96&d=mm&r=g","contentUrl":"https:\/\/secure.gravatar.com\/avatar\/0255afbdd216c325a2a30335b3ab5281cba74e43cb20818f979685eff3429a06?s=96&d=mm&r=g","caption":"Zozzi"},"url":"https:\/\/www.welovecycling.com\/sk\/author\/zozzi\/"}]}},"_links":{"self":[{"href":"https:\/\/www.welovecycling.com\/sk\/wp-json\/wp\/v2\/posts\/13862","targetHints":{"allow":["GET"]}}],"collection":[{"href":"https:\/\/www.welovecycling.com\/sk\/wp-json\/wp\/v2\/posts"}],"about":[{"href":"https:\/\/www.welovecycling.com\/sk\/wp-json\/wp\/v2\/types\/post"}],"author":[{"embeddable":true,"href":"https:\/\/www.welovecycling.com\/sk\/wp-json\/wp\/v2\/users\/40"}],"replies":[{"embeddable":true,"href":"https:\/\/www.welovecycling.com\/sk\/wp-json\/wp\/v2\/comments?post=13862"}],"version-history":[{"count":2,"href":"https:\/\/www.welovecycling.com\/sk\/wp-json\/wp\/v2\/posts\/13862\/revisions"}],"predecessor-version":[{"id":13932,"href":"https:\/\/www.welovecycling.com\/sk\/wp-json\/wp\/v2\/posts\/13862\/revisions\/13932"}],"wp:featuredmedia":[{"embeddable":true,"href":"https:\/\/www.welovecycling.com\/sk\/wp-json\/wp\/v2\/media\/13866"}],"wp:attachment":[{"href":"https:\/\/www.welovecycling.com\/sk\/wp-json\/wp\/v2\/media?parent=13862"}],"wp:term":[{"taxonomy":"category","embeddable":true,"href":"https:\/\/www.welovecycling.com\/sk\/wp-json\/wp\/v2\/categories?post=13862"},{"taxonomy":"post_tag","embeddable":true,"href":"https:\/\/www.welovecycling.com\/sk\/wp-json\/wp\/v2\/tags?post=13862"},{"taxonomy":"global-categories","embeddable":true,"href":"https:\/\/www.welovecycling.com\/sk\/wp-json\/wp\/v2\/global-categories?post=13862"}],"curies":[{"name":"wp","href":"https:\/\/api.w.org\/{rel}","templated":true}]}}