{"id":13852,"date":"2022-02-25T10:00:24","date_gmt":"2022-02-25T09:00:24","guid":{"rendered":"https:\/\/www.welovecycling.com\/sk\/?p=13852"},"modified":"2022-02-22T09:10:32","modified_gmt":"2022-02-22T08:10:32","slug":"ako-sa-moze-cyklistika-ucit-od-inych-sportov","status":"publish","type":"post","link":"https:\/\/www.welovecycling.com\/sk\/2022\/02\/25\/ako-sa-moze-cyklistika-ucit-od-inych-sportov\/","title":{"rendered":"Ako sa m\u00f4\u017ee cyklistika u\u010di\u0165 od in\u00fdch \u0161portov?"},"content":{"rendered":"<p><strong>Vo WeLoveCycling je n\u00e1\u0161 obdiv ku v\u0161etk\u00e9mu, \u010do m\u00e1 dve koles\u00e1, o\u010dividn\u00fd. Napriek v\u0161etk\u00fdm aspektom m\u00e1me jasno v tom, ak\u00fa rados\u0165 prin\u00e1\u0161a tento \u0161port nielen n\u00e1m, ale aj v\u00e1m. Ako v\u0161ak v\u0161etko v \u017eivote, aj cyklistika m\u00e1 svoje chyby a najm\u00e4 v tom profesion\u00e1lnom svete by sa dalo popracova\u0165 a ur\u010dite vylep\u0161i\u0165 na vy\u0161\u0161iu \u00farove\u0148.<\/strong><\/p>\n<p><!--more--><\/p>\n<p>Sk\u00fasime sa pou\u010di\u0165 z in\u00fdch profesion\u00e1lnych \u0161portov, aby sme zistili, kde sa cyklistika m\u00f4\u017ee sta\u0165 lep\u0161\u00edm produktom pre v\u0161etk\u00fdch.<\/p>\n<figure id=\"attachment_13853\" aria-describedby=\"caption-attachment-13853\" style=\"width: 1000px\" class=\"wp-caption alignnone\"><a href=\"https:\/\/d2p6e6u75xmxt8.cloudfront.net\/4\/2022\/02\/Tour-de-France-peloton-profimedia-0622651192.jpg\"><img loading=\"lazy\" decoding=\"async\" class=\"size-full wp-image-13853\" src=\"https:\/\/d2p6e6u75xmxt8.cloudfront.net\/4\/2022\/02\/Tour-de-France-peloton-profimedia-0622651192.jpg\" alt=\"Tour de France peloton\" width=\"1000\" height=\"666\" \/><\/a><figcaption id=\"caption-attachment-13853\" class=\"wp-caption-text\">Ako by sa cyklistika mohla u\u010di\u0165 od in\u00fdch \u0161portov? \u00a9 Profimedia<\/figcaption><\/figure>\n<h2><strong>Prijatie rovnosti<\/strong><\/h2>\n<p>V cyklistike je obrovsk\u00fd rozdiel v tom, ako vn\u00edma mu\u017esk\u00fdch a \u017eensk\u00fdch jazdcov. Len v tomto roku sme videli, <strong>ako cyklistika prin\u00e1\u0161a s Tour De France Femmes nieko\u013eko pozit\u00edvnych zmien<\/strong>.<\/p>\n<p>Pred nami je v\u0161ak e\u0161te dlh\u00e1 cesta. Jedn\u00fdm zo sp\u00f4sobov, ako by sa to dalo zlep\u0161i\u0165, by mohlo by\u0165 nasledovan\u0165 pr\u00edklad kriketu a implementova\u0165 \u017eensk\u00e9 t\u00edmy popri mu\u017esk\u00fdch t\u00edmoch. To sa podarilo s \u00faspechom v Austr\u00e1lii aj Anglicku. V ned\u00e1vnom podcaste Lanterne Rouge Cycling Podcast hostitelia diskutovali o tom, ako by plat Chrisa Frooma vo v\u00fd\u0161ke takmer 5 mili\u00f3nov americk\u00fdch dol\u00e1rov ro\u010dne mohol financova\u0165 dva a pol \u017eensk\u00e9ho t\u00edmu za rok.<\/p>\n<p>To nie je myslen\u00e9 ako ur\u00e1\u017eliv\u00e9 pre Israel Start-Up Nation za to, \u017ee mu dal tak\u00fato zmluvu. Ani pre formu Chrisa Frooma pre rok 2021, ale s trochou skromn\u00e9ho myslenia alebo nejak\u00fdmi zmenami pravidiel by UCI mohla zavies\u0165 pravidlo, pod\u013ea ktor\u00e9ho by ka\u017ed\u00fd mu\u017esk\u00fd t\u00edm s\u00fa\u0165a\u017eil spolu so \u017eensk\u00fdm t\u00edmom.<\/p>\n<div class=\"shortcode-ys-post-pinup\"><article class=\"loop-simple post-11905 post type-post status-publish format-standard has-post-thumbnail hentry category-cestna-cyklisitika tag-cestna-cyklistika tag-christian-prudhomme tag-preteky tag-tour-de-france tag-zenska-cyklistika tag-zeny\" data-postid=\"11905\" role=\"article\" data-post-id=\"11905\" data-word-count=\"202\" data-headline-length=\"56\" data-category=\"Cestn\u00e1 cyklistika\" data-author=\"Tereza Antonova\" data-published=\"2021-06-14T10:00:53+02:00\" data-published-day=\"Monday\">\n    <div class=\"entry-thumbnail article-thumbnail\" content=\"https:\/\/d2p6e6u75xmxt8.cloudfront.net\/4\/2021\/06\/Christian-Prudhomme-profimedia-0609587722-CVR-150x150.webp\"><a href=\"https:\/\/www.welovecycling.com\/sk\/2021\/06\/14\/tour-de-france-pre-zeny-sa-v-roku-2022-vrati-na-scenu\/\" class=\"image-holder\" target=\"_self\"><img decoding=\"async\" loading=\"lazy\" class=\"\" src=\"https:\/\/d2p6e6u75xmxt8.cloudfront.net\/4\/2021\/06\/Christian-Prudhomme-profimedia-0609587722-CVR-1024x450.webp\" srcset=\"https:\/\/d2p6e6u75xmxt8.cloudfront.net\/4\/2021\/06\/Christian-Prudhomme-profimedia-0609587722-CVR.webp 1366w, https:\/\/d2p6e6u75xmxt8.cloudfront.net\/4\/2021\/06\/Christian-Prudhomme-profimedia-0609587722-CVR-300x132.webp 300w, https:\/\/d2p6e6u75xmxt8.cloudfront.net\/4\/2021\/06\/Christian-Prudhomme-profimedia-0609587722-CVR-1024x450.webp 1024w, https:\/\/d2p6e6u75xmxt8.cloudfront.net\/4\/2021\/06\/Christian-Prudhomme-profimedia-0609587722-CVR-768x337.webp 768w\" width=\"1024\" height=\"450\" sizes=\"auto, (min-width: 1200px) 456px, (min-width: 768px) 38vw, 100vw\" alt=\"tour-de-france-pre-zeny-sa-v-roku-2022-vrati-na-scenu\"\/><\/a><\/div>    <div class=\"entry-meta\">\n        <a class=\"label label-secondary post-category\" href=\"https:\/\/www.welovecycling.com\/sk\/category\/cestna-cyklisitika\/\" title=\"Cestn\u00e1 cyklistika\">Cestn\u00e1 cyklistika<\/a>\n    <\/div>\n    <div class=\"entry-details\">\n        <a href=\"https:\/\/www.welovecycling.com\/sk\/2021\/06\/14\/tour-de-france-pre-zeny-sa-v-roku-2022-vrati-na-scenu\/\" class='entry-title-wrapper'>\n            <h3 class=\"entry-title\"><span>Tour de France pre \u017eeny sa v roku 2022 vr\u00e1ti na sc\u00e9nu<\/span><\/h3>\n        <\/a>\n    <\/div>\n    <\/article>\n<\/div>\n<p>Je to nie\u010do, o \u010dom sa diskutuje u\u017e roky a bude pokra\u010dova\u0165 aj v nasleduj\u00facich rokoch. Je zrejm\u00e9, \u017ee je to sporn\u00e9 a kontrapunktom by bolo, \u017ee ve\u013ea \u017eensk\u00fdch t\u00edmov existuje mimo mu\u017esk\u00e9ho v\u00e1kua a st\u00e1le zost\u00e1vaj\u00fa \u00faspe\u0161n\u00e9 \u2013 na myse\u013e mi prich\u00e1dza SD Worx. Ale toto pridan\u00e9 zabezpe\u010denie spolu s presnej\u0161\u00edm kalend\u00e1rom by mohlo prinies\u0165 obrovsk\u00e9 v\u00fdhody.<\/p>\n<h2><strong>Dokument\u00e1rny film<\/strong><\/h2>\n<p>V\u0161etci sme videli film <a href=\"https:\/\/www.netflix.com\/sk\/title\/81130094\" rel=\"noopener\" target=\"_blank\">The Least Expected Day<\/a> od Movistaru. Jazda ako na horskej dr\u00e1he po\u010das dvoch s\u00e9ri\u00ed je presved\u010div\u00e1 pod\u00edvan\u00e1, ale nie je n\u00e1plas\u0165ou na Drive To Survive. Tento dokument o F1 z\u00edskal mno\u017estvo nov\u00fdch nasledovn\u00edkov t\u00fdm, \u017ee postavil osobnosti tohto \u0161portu do popredia.<\/p>\n<p>Telev\u00edzna produkcia s\u00edce vid\u00ed tento \u0161port trochu zdramatizovan\u00fd, no ur\u010dite m\u00e1 pridan\u00fa hodnotu a z\u00edskal viac fan\u00fa\u0161ikov. Dokument Movistar a \u010fal\u0161ie, ktor\u00e9 mu predch\u00e1dzali, skuto\u010dne len preleteli po povrchu, pri\u010dom sa v\u017edy s\u00fastredili len na jeden t\u00edm. Zameranie sa na WorldTour, \u010di u\u017e mu\u017esk\u00e9, \u017eensk\u00e9 alebo oboje, by tomu dalo iskru, ktor\u00fa mala F1 za posledn\u00fdch p\u00e1r rokov.<\/p>\n<h2><strong>Zmeny \u0161tartov\u00e9ho \u010d\u00edsla<\/strong><\/h2>\n<p>Toto bolo kri\u010dan\u00e9 do sveta u\u017e predt\u00fdm a je zvl\u00e1\u0161tne, pre\u010do to trvalo tak dlho. Pretek\u00e1rske \u010d\u00edsla s\u00fa z\u00e1kladom tohto \u0161portu a jazdcom sa rozd\u00e1vaj\u00fa individu\u00e1lne na ka\u017ed\u00fdch pretekoch. Ale pre nov\u00fdch aj star\u00fdch fan\u00fa\u0161ikov to m\u00f4\u017ee by\u0165 z pretekov na preteky m\u00e4t\u00face. Pre\u010do teda jazdci nedostan\u00fa od svojho t\u00edmu na za\u010diatku roka dan\u00e9 \u010d\u00edslo, ktor\u00e9 je vidite\u013en\u00e9 na ich drese a dostato\u010dne ve\u013ek\u00e9, aby ho koment\u00e1tori a div\u00e1ci jasne videli? <strong>Tradi\u010dn\u00e9 pretek\u00e1rske \u010d\u00edsla nie je potrebn\u00e9 nahr\u00e1dza\u0165, ale pridan\u00edm nie\u010doho, \u010do sa hod\u00ed k \u0161t\u00fdlu dresu, aby jazdci boli pre publikum vidite\u013enej\u0161\u00ed.<\/strong> To sa samozrejme deje vo v\u00e4\u010d\u0161ine \u0161portov s po\u010dtom t\u00edmov. Muselo by sa to mierne l\u00ed\u0161i\u0165 od normy, ale nie\u010do, \u010do by mohlo by\u0165 pozit\u00edvnym doplnkom.<\/p>\n<h2><strong>Vylep\u0161enie ligy<\/strong><\/h2>\n<p>Ako trochu tajomstvo, UCI prev\u00e1dzkuje svoje najnov\u0161ie rebr\u00ed\u010dky od roku 2020 do roku 2023, tak\u017ee niektor\u00e9 t\u00edmy s\u00fa v nebezpe\u010denstve straty licencie. Probl\u00e9m je v tom, \u017ee o tom m\u00e1lokto vie. Mohlo by to by\u0165 nie\u010do, \u010do by urobilo pretekanie zauj\u00edmav\u00fdm, preto\u017ee t\u00edmy bojuj\u00fa o body UCI (\u010fal\u0161\u00ed syst\u00e9m, ktor\u00fd si vy\u017eaduje ve\u013ea pr\u00e1ce), posiela jazdcov na nezvy\u010dajn\u00e9 preteky a siln\u00e9 t\u00edmy na podujatia, ktor\u00e9 by zvy\u010dajne jazdili menej zn\u00e1mi jazdci.<\/p>\n<p>Prv\u00fdm krokom by teda bolo zverejnenie ligovej tabu\u013eky pod\u013ea vzoru ka\u017ed\u00e9ho in\u00e9ho \u0161portu. Jednoducho to div\u00e1kom d\u00e1va mo\u017enos\u0165 sledova\u0165 to a nadchn\u00fa\u0165 sa pre bitky o prvenstvo. Ak to neurob\u00edte, ve\u013ek\u00e9 rozhodnutia o bud\u00facnosti \u0161portu s\u00fa prekvapen\u00edm alebo, \u010do je e\u0161te hor\u0161ie, ostan\u00fa bez pov\u0161imnutia. <strong>Ak pou\u017eijete tabu\u013eku ligy ako n\u00e1stroj na rozpr\u00e1vanie, ako to robia in\u00e9 \u0161porty, fan\u00fa\u0161ikovia ju m\u00f4\u017eu sledova\u0165 po\u010das cel\u00e9ho roka a necha\u0165 sa do nej ponori\u0165.<\/strong> Prinieslo by to tak nie\u010do in\u00e9 a \u013eudia by sa mali o \u010dom po\u010das cel\u00e9ho roka rozpr\u00e1va\u0165.<\/p>\n<h2><strong>Tech upgrade<\/strong><\/h2>\n<p>Ke\u010f sa uskuto\u010dn\u00ed horsk\u00e1 etapa Grand Tour, alebo neuskuto\u010dn\u00ed? Ke\u010f TV programy nem\u00f4\u017eu vysiela\u0165. Tento bod je pre \u0161port vo v\u0161eobecnosti trochu drsn\u00fd, ale nie je ve\u013ea \u0161portov, ktor\u00e9 nemo\u017eno premieta\u0165 na\u017eivo z d\u00f4vodu zlyhania sign\u00e1lu alebo miesta, kde sa odohr\u00e1vaj\u00fa.<br \/>\nHorsk\u00e9 etapy s\u00fa naj\u0165a\u017e\u0161ie zasiahnut\u00e9, preto\u017ee n\u00edzka obla\u010dnos\u0165 a zl\u00e9 po\u010dasie m\u00f4\u017eu pretekom ve\u013emi prek\u00e1\u017ea\u0165 \u2013 ako na minuloro\u010dnom Giro D\u2019Italia, ke\u010f Egan Bernal vyhral v Cortine d\u2019Ampezzo. V ten de\u0148 nebolo mo\u017en\u00e9 odvysiela\u0165 telev\u00edzne obr\u00e1zky pre slab\u00e9 pokrytie 4G v oblasti a nemo\u017enos\u0165 vyu\u017e\u00edva\u0165 satelit.<\/p>\n<p>Rie\u0161en\u00edm je zlep\u0161enie technol\u00f3gie na zemi. BT Sport tento rok produkuje futbalov\u00e9 \u0161ou pomocou 5G a ur\u010dite nem\u00f4\u017eu zaosta\u0165 ani RCS, organiz\u00e1tori Giro, Il Lombardia a Mil\u00e1no San-Remo. <strong>\u010eal\u0161\u00edm sp\u00f4sobom, ako by cyklistika mohla zlep\u0161i\u0165 svoje vysielanie a tie\u017e zn\u00ed\u017ei\u0165 uhl\u00edkov\u00fa stopu, by mohlo by\u0165 lietanie s dronmi na trati s mo\u017enos\u0165ami 5G.<\/strong> Men\u0161\u00ed, \u013eah\u0161\u00ed a nemus\u00edte lieta\u0165 s flotilou helikopt\u00e9r. S dronom sa m\u00f4\u017eete tie\u017e dosta\u0165 ove\u013ea bli\u017e\u0161ie.<\/p>\n","protected":false},"excerpt":{"rendered":"<p>Vo WeLoveCycling je n\u00e1\u0161 obdiv ku v\u0161etk\u00e9mu, \u010do m\u00e1 dve koles\u00e1, o\u010dividn\u00fd. Napriek v\u0161etk\u00fdm aspektom m\u00e1me jasno v tom, ak\u00fa [&hellip;]<\/p>\n","protected":false},"author":81,"featured_media":13319,"comment_status":"open","ping_status":"open","sticky":false,"template":"","format":"standard","meta":{"footnotes":""},"categories":[191],"tags":[119,546,1038,890,600,931,179,813,20,1433,106,475],"global-categories":[],"class_list":["post-13852","post","type-post","status-publish","format-standard","has-post-thumbnail","hentry","category-odporucame","tag-chris-froome","tag-cyklistika","tag-egan-bernal","tag-jazdec","tag-muzi","tag-odporucame","tag-preteky","tag-sport","tag-tour-de-france","tag-tour-de-france-femmes","tag-uci-worldtour","tag-zeny"],"yoast_head":"<!-- This site is optimized with the Yoast SEO Premium plugin v25.3 (Yoast SEO v25.9) - https:\/\/yoast.com\/wordpress\/plugins\/seo\/ -->\n<title>Ako sa m\u00f4\u017ee cyklistika u\u010di\u0165 od in\u00fdch \u0161portov? - \u0160koda We Love Cycling Slovensko<\/title>\n<meta name=\"description\" content=\"Vo WeLoveCycling je n\u00e1\u0161 obdiv ku v\u0161etk\u00e9mu, \u010do m\u00e1 dve koles\u00e1. Sk\u00fasime sa pou\u010di\u0165, ako sa m\u00f4\u017ee cyklistika u\u010di\u0165 od in\u00fdch \u0161portov.\" \/>\n<meta name=\"robots\" content=\"index, follow, max-snippet:-1, max-image-preview:large, max-video-preview:-1\" \/>\n<link rel=\"canonical\" href=\"https:\/\/www.welovecycling.com\/sk\/2022\/02\/25\/ako-sa-moze-cyklistika-ucit-od-inych-sportov\/\" \/>\n<meta property=\"og:locale\" content=\"sk_SK\" \/>\n<meta property=\"og:type\" content=\"article\" \/>\n<meta property=\"og:title\" content=\"Ako sa m\u00f4\u017ee cyklistika u\u010di\u0165 od in\u00fdch \u0161portov?\" \/>\n<meta property=\"og:description\" content=\"Vo WeLoveCycling je n\u00e1\u0161 obdiv ku v\u0161etk\u00e9mu, \u010do m\u00e1 dve koles\u00e1. Sk\u00fasime sa pou\u010di\u0165, ako sa m\u00f4\u017ee cyklistika u\u010di\u0165 od in\u00fdch \u0161portov.\" \/>\n<meta property=\"og:url\" content=\"https:\/\/www.welovecycling.com\/sk\/2022\/02\/25\/ako-sa-moze-cyklistika-ucit-od-inych-sportov\/\" \/>\n<meta property=\"og:site_name\" content=\"\u0160koda We Love Cycling Slovensko\" \/>\n<meta property=\"article:published_time\" content=\"2022-02-25T09:00:24+00:00\" \/>\n<meta property=\"og:image\" content=\"https:\/\/d2p6e6u75xmxt8.cloudfront.net\/4\/2021\/11\/Cyclists-legs-profimedia-0636181220-CVR.webp\" \/>\n\t<meta property=\"og:image:width\" content=\"1366\" \/>\n\t<meta property=\"og:image:height\" content=\"600\" \/>\n\t<meta property=\"og:image:type\" content=\"image\/webp\" \/>\n<meta name=\"twitter:card\" content=\"summary_large_image\" \/>\n<meta name=\"twitter:label1\" content=\"Written by\" \/>\n\t<meta name=\"twitter:data1\" content=\"Tereza Antonova\" \/>\n\t<meta name=\"twitter:label2\" content=\"Est. reading time\" \/>\n\t<meta name=\"twitter:data2\" content=\"4\" \/>\n<script type=\"application\/ld+json\" class=\"yoast-schema-graph\">{\"@context\":\"https:\/\/schema.org\",\"@graph\":[{\"@type\":\"WebPage\",\"@id\":\"https:\/\/www.welovecycling.com\/sk\/2022\/02\/25\/ako-sa-moze-cyklistika-ucit-od-inych-sportov\/\",\"url\":\"https:\/\/www.welovecycling.com\/sk\/2022\/02\/25\/ako-sa-moze-cyklistika-ucit-od-inych-sportov\/\",\"name\":\"Ako sa m\u00f4\u017ee cyklistika u\u010di\u0165 od in\u00fdch \u0161portov? - \u0160koda We Love Cycling Slovensko\",\"isPartOf\":{\"@id\":\"https:\/\/www.welovecycling.com\/sk\/#website\"},\"primaryImageOfPage\":{\"@id\":\"https:\/\/www.welovecycling.com\/sk\/2022\/02\/25\/ako-sa-moze-cyklistika-ucit-od-inych-sportov\/#primaryimage\"},\"image\":{\"@id\":\"https:\/\/www.welovecycling.com\/sk\/2022\/02\/25\/ako-sa-moze-cyklistika-ucit-od-inych-sportov\/#primaryimage\"},\"thumbnailUrl\":\"https:\/\/d2p6e6u75xmxt8.cloudfront.net\/4\/2021\/11\/Cyclists-legs-profimedia-0636181220-CVR.webp\",\"datePublished\":\"2022-02-25T09:00:24+00:00\",\"author\":{\"@id\":\"\"},\"description\":\"Vo WeLoveCycling je n\u00e1\u0161 obdiv ku v\u0161etk\u00e9mu, \u010do m\u00e1 dve koles\u00e1. Sk\u00fasime sa pou\u010di\u0165, ako sa m\u00f4\u017ee cyklistika u\u010di\u0165 od in\u00fdch \u0161portov.\",\"breadcrumb\":{\"@id\":\"https:\/\/www.welovecycling.com\/sk\/2022\/02\/25\/ako-sa-moze-cyklistika-ucit-od-inych-sportov\/#breadcrumb\"},\"inLanguage\":\"sk-SK\",\"potentialAction\":[{\"@type\":\"ReadAction\",\"target\":[\"https:\/\/www.welovecycling.com\/sk\/2022\/02\/25\/ako-sa-moze-cyklistika-ucit-od-inych-sportov\/\"]}]},{\"@type\":\"ImageObject\",\"inLanguage\":\"sk-SK\",\"@id\":\"https:\/\/www.welovecycling.com\/sk\/2022\/02\/25\/ako-sa-moze-cyklistika-ucit-od-inych-sportov\/#primaryimage\",\"url\":\"https:\/\/d2p6e6u75xmxt8.cloudfront.net\/4\/2021\/11\/Cyclists-legs-profimedia-0636181220-CVR.webp\",\"contentUrl\":\"https:\/\/d2p6e6u75xmxt8.cloudfront.net\/4\/2021\/11\/Cyclists-legs-profimedia-0636181220-CVR.webp\",\"width\":1366,\"height\":600,\"caption\":\"Pro cyclists\"},{\"@type\":\"BreadcrumbList\",\"@id\":\"https:\/\/www.welovecycling.com\/sk\/2022\/02\/25\/ako-sa-moze-cyklistika-ucit-od-inych-sportov\/#breadcrumb\",\"itemListElement\":[{\"@type\":\"ListItem\",\"position\":1,\"name\":\"Home\",\"item\":\"https:\/\/www.welovecycling.com\/sk\/\"},{\"@type\":\"ListItem\",\"position\":2,\"name\":\"Ako sa m\u00f4\u017ee cyklistika u\u010di\u0165 od in\u00fdch \u0161portov?\"}]},{\"@type\":\"WebSite\",\"@id\":\"https:\/\/www.welovecycling.com\/sk\/#website\",\"url\":\"https:\/\/www.welovecycling.com\/sk\/\",\"name\":\"\u0160koda We Love Cycling Slovensko\",\"description\":\"\u0160koda We Love Cycling Slovensko je v\u00e1\u0161 ka\u017edodenn\u00fd zdroj noviniek a in\u0161pir\u00e1cie z sveta cyklistiky\",\"potentialAction\":[{\"@type\":\"SearchAction\",\"target\":{\"@type\":\"EntryPoint\",\"urlTemplate\":\"https:\/\/www.welovecycling.com\/sk\/?s={search_term_string}\"},\"query-input\":{\"@type\":\"PropertyValueSpecification\",\"valueRequired\":true,\"valueName\":\"search_term_string\"}}],\"inLanguage\":\"sk-SK\"},{\"@type\":\"Person\",\"@id\":\"\",\"url\":\"https:\/\/www.welovecycling.com\/sk\/author\/\"}]}<\/script>\n<!-- \/ Yoast SEO Premium plugin. -->","yoast_head_json":{"title":"Ako sa m\u00f4\u017ee cyklistika u\u010di\u0165 od in\u00fdch \u0161portov? - \u0160koda We Love Cycling Slovensko","description":"Vo WeLoveCycling je n\u00e1\u0161 obdiv ku v\u0161etk\u00e9mu, \u010do m\u00e1 dve koles\u00e1. Sk\u00fasime sa pou\u010di\u0165, ako sa m\u00f4\u017ee cyklistika u\u010di\u0165 od in\u00fdch \u0161portov.","robots":{"index":"index","follow":"follow","max-snippet":"max-snippet:-1","max-image-preview":"max-image-preview:large","max-video-preview":"max-video-preview:-1"},"canonical":"https:\/\/www.welovecycling.com\/sk\/2022\/02\/25\/ako-sa-moze-cyklistika-ucit-od-inych-sportov\/","og_locale":"sk_SK","og_type":"article","og_title":"Ako sa m\u00f4\u017ee cyklistika u\u010di\u0165 od in\u00fdch \u0161portov?","og_description":"Vo WeLoveCycling je n\u00e1\u0161 obdiv ku v\u0161etk\u00e9mu, \u010do m\u00e1 dve koles\u00e1. Sk\u00fasime sa pou\u010di\u0165, ako sa m\u00f4\u017ee cyklistika u\u010di\u0165 od in\u00fdch \u0161portov.","og_url":"https:\/\/www.welovecycling.com\/sk\/2022\/02\/25\/ako-sa-moze-cyklistika-ucit-od-inych-sportov\/","og_site_name":"\u0160koda We Love Cycling Slovensko","article_published_time":"2022-02-25T09:00:24+00:00","og_image":[{"width":1366,"height":600,"url":"https:\/\/d2p6e6u75xmxt8.cloudfront.net\/4\/2021\/11\/Cyclists-legs-profimedia-0636181220-CVR.webp","type":"image\/webp"}],"twitter_card":"summary_large_image","twitter_misc":{"Written by":"Tereza Antonova","Est. reading time":"4"},"schema":{"@context":"https:\/\/schema.org","@graph":[{"@type":"WebPage","@id":"https:\/\/www.welovecycling.com\/sk\/2022\/02\/25\/ako-sa-moze-cyklistika-ucit-od-inych-sportov\/","url":"https:\/\/www.welovecycling.com\/sk\/2022\/02\/25\/ako-sa-moze-cyklistika-ucit-od-inych-sportov\/","name":"Ako sa m\u00f4\u017ee cyklistika u\u010di\u0165 od in\u00fdch \u0161portov? - \u0160koda We Love Cycling Slovensko","isPartOf":{"@id":"https:\/\/www.welovecycling.com\/sk\/#website"},"primaryImageOfPage":{"@id":"https:\/\/www.welovecycling.com\/sk\/2022\/02\/25\/ako-sa-moze-cyklistika-ucit-od-inych-sportov\/#primaryimage"},"image":{"@id":"https:\/\/www.welovecycling.com\/sk\/2022\/02\/25\/ako-sa-moze-cyklistika-ucit-od-inych-sportov\/#primaryimage"},"thumbnailUrl":"https:\/\/d2p6e6u75xmxt8.cloudfront.net\/4\/2021\/11\/Cyclists-legs-profimedia-0636181220-CVR.webp","datePublished":"2022-02-25T09:00:24+00:00","author":{"@id":""},"description":"Vo WeLoveCycling je n\u00e1\u0161 obdiv ku v\u0161etk\u00e9mu, \u010do m\u00e1 dve koles\u00e1. Sk\u00fasime sa pou\u010di\u0165, ako sa m\u00f4\u017ee cyklistika u\u010di\u0165 od in\u00fdch \u0161portov.","breadcrumb":{"@id":"https:\/\/www.welovecycling.com\/sk\/2022\/02\/25\/ako-sa-moze-cyklistika-ucit-od-inych-sportov\/#breadcrumb"},"inLanguage":"sk-SK","potentialAction":[{"@type":"ReadAction","target":["https:\/\/www.welovecycling.com\/sk\/2022\/02\/25\/ako-sa-moze-cyklistika-ucit-od-inych-sportov\/"]}]},{"@type":"ImageObject","inLanguage":"sk-SK","@id":"https:\/\/www.welovecycling.com\/sk\/2022\/02\/25\/ako-sa-moze-cyklistika-ucit-od-inych-sportov\/#primaryimage","url":"https:\/\/d2p6e6u75xmxt8.cloudfront.net\/4\/2021\/11\/Cyclists-legs-profimedia-0636181220-CVR.webp","contentUrl":"https:\/\/d2p6e6u75xmxt8.cloudfront.net\/4\/2021\/11\/Cyclists-legs-profimedia-0636181220-CVR.webp","width":1366,"height":600,"caption":"Pro cyclists"},{"@type":"BreadcrumbList","@id":"https:\/\/www.welovecycling.com\/sk\/2022\/02\/25\/ako-sa-moze-cyklistika-ucit-od-inych-sportov\/#breadcrumb","itemListElement":[{"@type":"ListItem","position":1,"name":"Home","item":"https:\/\/www.welovecycling.com\/sk\/"},{"@type":"ListItem","position":2,"name":"Ako sa m\u00f4\u017ee cyklistika u\u010di\u0165 od in\u00fdch \u0161portov?"}]},{"@type":"WebSite","@id":"https:\/\/www.welovecycling.com\/sk\/#website","url":"https:\/\/www.welovecycling.com\/sk\/","name":"\u0160koda We Love Cycling Slovensko","description":"\u0160koda We Love Cycling Slovensko je v\u00e1\u0161 ka\u017edodenn\u00fd zdroj noviniek a in\u0161pir\u00e1cie z sveta cyklistiky","potentialAction":[{"@type":"SearchAction","target":{"@type":"EntryPoint","urlTemplate":"https:\/\/www.welovecycling.com\/sk\/?s={search_term_string}"},"query-input":{"@type":"PropertyValueSpecification","valueRequired":true,"valueName":"search_term_string"}}],"inLanguage":"sk-SK"},{"@type":"Person","@id":"","url":"https:\/\/www.welovecycling.com\/sk\/author\/"}]}},"_links":{"self":[{"href":"https:\/\/www.welovecycling.com\/sk\/wp-json\/wp\/v2\/posts\/13852","targetHints":{"allow":["GET"]}}],"collection":[{"href":"https:\/\/www.welovecycling.com\/sk\/wp-json\/wp\/v2\/posts"}],"about":[{"href":"https:\/\/www.welovecycling.com\/sk\/wp-json\/wp\/v2\/types\/post"}],"author":[{"embeddable":true,"href":"https:\/\/www.welovecycling.com\/sk\/wp-json\/wp\/v2\/users\/81"}],"replies":[{"embeddable":true,"href":"https:\/\/www.welovecycling.com\/sk\/wp-json\/wp\/v2\/comments?post=13852"}],"version-history":[{"count":2,"href":"https:\/\/www.welovecycling.com\/sk\/wp-json\/wp\/v2\/posts\/13852\/revisions"}],"predecessor-version":[{"id":13860,"href":"https:\/\/www.welovecycling.com\/sk\/wp-json\/wp\/v2\/posts\/13852\/revisions\/13860"}],"wp:featuredmedia":[{"embeddable":true,"href":"https:\/\/www.welovecycling.com\/sk\/wp-json\/wp\/v2\/media\/13319"}],"wp:attachment":[{"href":"https:\/\/www.welovecycling.com\/sk\/wp-json\/wp\/v2\/media?parent=13852"}],"wp:term":[{"taxonomy":"category","embeddable":true,"href":"https:\/\/www.welovecycling.com\/sk\/wp-json\/wp\/v2\/categories?post=13852"},{"taxonomy":"post_tag","embeddable":true,"href":"https:\/\/www.welovecycling.com\/sk\/wp-json\/wp\/v2\/tags?post=13852"},{"taxonomy":"global-categories","embeddable":true,"href":"https:\/\/www.welovecycling.com\/sk\/wp-json\/wp\/v2\/global-categories?post=13852"}],"curies":[{"name":"wp","href":"https:\/\/api.w.org\/{rel}","templated":true}]}}