{"id":13830,"date":"2022-02-18T16:00:31","date_gmt":"2022-02-18T15:00:31","guid":{"rendered":"https:\/\/www.welovecycling.com\/sk\/?p=13830"},"modified":"2022-02-18T20:25:53","modified_gmt":"2022-02-18T19:25:53","slug":"skoda-bike-open-tour-pozvanka-na-skvelu-sezonu-2022","status":"publish","type":"post","link":"https:\/\/www.welovecycling.com\/sk\/2022\/02\/18\/skoda-bike-open-tour-pozvanka-na-skvelu-sezonu-2022\/","title":{"rendered":"\u0160koda BIKE OPEN TOUR &#8211; pozv\u00e1nka na skvel\u00fa sez\u00f3nu 2022"},"content":{"rendered":"<p><strong>U\u017e nieko\u013eko rokov je na Slovensku prevl\u00e1daj\u00facim trendom narastaj\u00faci z\u00e1ujem o\u00a0cyklistiku a\u00a0\u0160koda AUTO je samozrejme pritom. Akt\u00edvne podporuje cyklistick\u00e9 podujatia ako s\u00fa Okolo Slovenska, L&#8217;Etape by Tour de France Slovakia alebo tradi\u010dn\u00e1 Detsk\u00e1 tour Petra Sagana. Dne\u0161n\u00fdm d\u0148om v\u0161ak m\u00f4\u017eete za\u010da\u0165 odpo\u010d\u00edtava\u0165 t\u00fd\u017edne do \u0161tartu deviateho ro\u010dn\u00edka ob\u013e\u00fabenej s\u00e9rie \u0160koda BIKE OPEN TOUR v\u00a0aktu\u00e1lnom roku 2022. Nebud\u00fa ch\u00fdba\u0165 trate r\u00f4znej n\u00e1ro\u010dnosti, ob\u013e\u00faben\u00e9 kateg\u00f3rie \u0160koda Family \u010di e-bike a\u00a0na svoje si pr\u00eddu rovnako profesion\u00e1li, hobby bajkeri ako aj deti.<\/strong><!--more--><\/p>\n<h2><strong>Tento rok p\u00e4\u0165 podujat\u00ed<\/strong><\/h2>\n<p>Na rozdiel od minul\u00e9ho roka n\u00e1s \u010dak\u00e1 s\u00e9ria a\u017e piatich podujat\u00ed. Tam, kde minul\u00fd rok s\u00e9ria skon\u010dila, tam tento rok za\u010d\u00edname a\u00a0to u\u017e v\u00a0m\u00e1ji v\u00a0Rajeck\u00fdch Tepliciach a\u00a0t\u00fd\u017ede\u0148 na to v\u00a0Levo\u010dsk\u00fdch vrchoch, ktor\u00e9 tento rok pribudli do kalend\u00e1ra a\u00a0\u00fa\u010dastn\u00edci sa m\u00f4\u017eu te\u0161i\u0165 na n\u00e1dhern\u00e9 v\u00fdh\u013eady na Vysok\u00e9 Tatry. <strong>V\u010faka tomu, \u017ee za\u010d\u00edname u\u017e o\u00a0mesiac sk\u00f4r, nebudeme tento rok kon\u010di\u0165 v\u00a0da\u017edivom septembri, ale stihneme to e\u0161te v\u00a0auguste cez pr\u00e1zdniny a to pretekmi vo Svite.<\/strong><\/p>\n<div class=\"shortcode-ys-post-pinup\"><article class=\"loop-simple post-12058 post type-post status-publish format-gallery has-post-thumbnail hentry category-mtb category-podujatia category-sbot tag-fotogaleria tag-sbot tag-skoda-dedina tag-skoda-mtb-cyklomaraton-topolcianky tag-skoda-tim tag-topolcianky post_format-post-format-gallery\" data-postid=\"12058\" role=\"article\" data-post-id=\"12058\" data-headline-length=\"49\" data-category=\"MTB\" data-author=\"WeLoveCycling\" data-published=\"2021-06-29T17:00:24+02:00\" data-published-day=\"Tuesday\">\n    <div class=\"entry-thumbnail article-thumbnail\" content=\"https:\/\/d2p6e6u75xmxt8.cloudfront.net\/4\/2021\/06\/1380x600-topolcianky-foto-cover-150x150.webp\"><a href=\"https:\/\/www.welovecycling.com\/sk\/2021\/06\/29\/foto-skoda-topolcianky-2021\/\" class=\"image-holder\" target=\"_self\"><img decoding=\"async\" loading=\"lazy\" class=\"\" src=\"https:\/\/d2p6e6u75xmxt8.cloudfront.net\/4\/2021\/06\/1380x600-topolcianky-foto-cover-1024x445.webp\" srcset=\"https:\/\/d2p6e6u75xmxt8.cloudfront.net\/4\/2021\/06\/1380x600-topolcianky-foto-cover.webp 1380w, https:\/\/d2p6e6u75xmxt8.cloudfront.net\/4\/2021\/06\/1380x600-topolcianky-foto-cover-300x130.webp 300w, https:\/\/d2p6e6u75xmxt8.cloudfront.net\/4\/2021\/06\/1380x600-topolcianky-foto-cover-1024x445.webp 1024w, https:\/\/d2p6e6u75xmxt8.cloudfront.net\/4\/2021\/06\/1380x600-topolcianky-foto-cover-768x334.webp 768w\" width=\"1024\" height=\"445\" sizes=\"auto, (min-width: 1200px) 460px, (min-width: 768px) 38vw, 100vw\" alt=\"foto-skoda-topolcianky-2021\"\/><\/a><\/div>    <div class=\"entry-meta\">\n        <a class=\"label label-secondary post-category\" href=\"https:\/\/www.welovecycling.com\/sk\/category\/mtb\/\" title=\"MTB\">MTB<\/a>\n    <\/div>\n    <div class=\"entry-details\">\n        <a href=\"https:\/\/www.welovecycling.com\/sk\/2021\/06\/29\/foto-skoda-topolcianky-2021\/\" class='entry-title-wrapper'>\n            <h3 class=\"entry-title\"><span>FOTO: \u0160koda MTB cyklomarat\u00f3n Topo\u013e\u010dianky 2021<\/span><\/h3>\n        <\/a>\n    <\/div>\n    <\/article>\n<\/div>\n<p>Tu s\u00fa presn\u00e9 miesta a\u00a0d\u00e1tumy, aby ste si ich mohli pozna\u010di\u0165 do v\u00e1\u0161ho cyklistick\u00e9ho kalend\u00e1ra:<\/p>\n<ul>\n<li><strong>21.05. \u0160koda MTB marat\u00f3n Rajeck\u00e9 Teplice<\/strong><\/li>\n<li><strong>28.05. \u0160koda MTB marat\u00f3n Levo\u010dsk\u00e9 vrchy<\/strong><\/li>\n<li><strong>11.06. \u0160koda Slovensk\u00fd raj<\/strong><\/li>\n<li><strong>25.06. \u0160koda MTB cyklomarat\u00f3n Topo\u013e\u010dianky<\/strong><\/li>\n<li><strong>13.08. \u0160koda HORAL MTB marat\u00f3n<\/strong><\/li>\n<\/ul>\n<p>Nesmieme zabudn\u00fa\u0165 pripomen\u00fa\u0165, \u017ee cel\u00e1 s\u00e9ria je s\u00fa\u010das\u0165ou Slovensk\u00e9ho poh\u00e1ra XCM.<\/p>\n<p><a href=\"https:\/\/d2p6e6u75xmxt8.cloudfront.net\/4\/2022\/02\/SBOT_01.jpg\"><img loading=\"lazy\" decoding=\"async\" class=\"alignnone size-full wp-image-13833\" src=\"https:\/\/d2p6e6u75xmxt8.cloudfront.net\/4\/2022\/02\/SBOT_01.jpg\" alt=\"\" width=\"1200\" height=\"846\" \/><\/a><\/p>\n<h2><strong>Zelen\u00e1 ekol\u00f3gii<\/strong><\/h2>\n<p>Zorganizova\u0165 profesion\u00e1lne podujatie s\u00a0minim\u00e1lnym mno\u017estvom odpadu, bola na za\u010diatku ve\u013ek\u00e1 v\u00fdzva, ale minul\u00e9 ro\u010dn\u00edky uk\u00e1zali, \u017ee sa to d\u00e1 \u00faspe\u0161ne zvl\u00e1dnu\u0165. <strong>Ekologick\u00fd pr\u00edstup sa tak u\u017e stal samozrejmos\u0165ou a\u00a0plasty nahr\u00e1dzaj\u00fa pr\u00edrodn\u00e9 materi\u00e1ly.<\/strong> Let\u00e1ky s\u00fa vytla\u010den\u00e9 na recyklovate\u013enom papieri, \u0161tartovacie vaky s\u00fa vyroben\u00e9 z\u00a0textiln\u00fdch materi\u00e1lov, ob\u010derstvenie sa pod\u00e1va na kompostovate\u013en\u00fdch riadoch. Zauj\u00edmavos\u0165ou je rekordn\u00e9, len 5-litrov\u00e9 vrec\u00fa\u0161ko neseparovate\u013en\u00e9ho odpadu, ktor\u00e9 zostalo organiz\u00e1torom po pretekoch v Levo\u010di.<\/p>\n<p>&nbsp;<\/p>\n<h2><strong>Komfort a\u00a0z\u00e1bava<\/strong><\/h2>\n<p>Cyklistika prin\u00e1\u0161a rados\u0165 rovnako dospel\u00fdm ako aj de\u0165om, profesion\u00e1lom aj amat\u00e9rom a\u00a0pr\u00e1ve preto je tak\u00e1 popul\u00e1rna. A\u00a0ke\u010f sa tento kr\u00e1sny \u0161port navy\u0161e spoj\u00ed so zauj\u00edmav\u00fdmi sprievodn\u00fdmi akciami ako s\u00fa koncerty, z\u00e1bava pre deti, \u010di s dobr\u00fdm ob\u010derstven\u00edm, v\u00a0takej chv\u00edli o\u00a0dokonale str\u00e1venom dni niet poch\u00fdb. <strong>Samozrejmos\u0165ou je aj starostlivos\u0165 o\u00a0pretek\u00e1rov, ako servisn\u00e1 podpora po\u010das pretekov, \u010di sprchy a\u00a0cykloumyv\u00e1rne na z\u00e1ver d\u0148a.<\/strong> Nebud\u00fa ch\u00fdba\u0165 ani hodnotn\u00e9 ceny v tombole, ako b\u00fdva zvykom. Tento rok m\u00f4\u017eete vyhra\u0165 v ka\u017edom kole s\u00e9rie automobil \u0160koda ENYAQ iV na t\u00fd\u017ede\u0148 a na z\u00e1ver s\u00e9rie elektrick\u00fd bicykel \u0160koda.<\/p>\n<p><a href=\"https:\/\/d2p6e6u75xmxt8.cloudfront.net\/4\/2022\/02\/SBOT_03.jpg\"><img loading=\"lazy\" decoding=\"async\" class=\"alignnone size-full wp-image-13835\" src=\"https:\/\/d2p6e6u75xmxt8.cloudfront.net\/4\/2022\/02\/SBOT_03.jpg\" alt=\"\" width=\"1200\" height=\"800\" \/><\/a><\/p>\n<p><strong>Ver\u00edme, \u017ee aj t\u00e1to s\u00e9ria prinesie zauj\u00edmav\u00e9 z\u00e1\u017eitky a\u00a0\u00fa\u017easn\u00fa atmosf\u00e9ru a\u00a0ni\u010d nezabr\u00e1ni tomu, aby sa jej mohlo z\u00fa\u010dastni\u0165 \u010do najviac pretek\u00e1rov a\u00a0fan\u00fa\u0161ikov.<\/strong> Ur\u010dite sa aj tento rok objavia nov\u00e9 cyklistick\u00e9 talenty a nov\u00fd \u00fa\u010dastn\u00edci, ktor\u00ed si pr\u00eddu zmera\u0165 svoje sily a\u00a0za\u017ei\u0165 rados\u0165 z\u00a0pretekania.<\/p>\n","protected":false},"excerpt":{"rendered":"<p>U\u017e nieko\u013eko rokov je na Slovensku prevl\u00e1daj\u00facim trendom narastaj\u00faci z\u00e1ujem o\u00a0cyklistiku a\u00a0\u0160koda AUTO je samozrejme pritom. Akt\u00edvne podporuje cyklistick\u00e9 podujatia [&hellip;]<\/p>\n","protected":false},"author":81,"featured_media":13846,"comment_status":"open","ping_status":"open","sticky":false,"template":"","format":"standard","meta":{"footnotes":""},"categories":[33],"tags":[53,1443,180,178,91,179,509,474,1411,542,1009,562,77,214,1363,859,860,271],"global-categories":[1074],"class_list":["post-13830","post","type-post","status-publish","format-standard","has-post-thumbnail","hentry","category-sbot","tag-deti","tag-ekologia","tag-horska-cyklistika","tag-maraton","tag-pozvanka","tag-preteky","tag-rodina","tag-rodinny-maraton","tag-sezona-2022","tag-skoda","tag-skoda-auto","tag-skoda-bicykel","tag-skoda-dedina","tag-skoda-horal-mtb-maraton","tag-skoda-mtb-cyklomaraton-topolcianky","tag-skoda-mtb-maraton-levocske-vrchy","tag-skoda-mtb-maraton-rajecke-teplice","tag-skoda-slovensky-raj","global-categories-cycling"],"yoast_head":"<!-- This site is optimized with the Yoast SEO Premium plugin v25.3 (Yoast SEO v25.9) - https:\/\/yoast.com\/wordpress\/plugins\/seo\/ -->\n<title>\u0160koda BIKE OPEN TOUR - pozv\u00e1nka na skvel\u00fa sez\u00f3nu 2022 - \u0160koda We Love Cycling Slovensko<\/title>\n<meta name=\"description\" content=\"Dne\u0161n\u00fdm d\u0148om m\u00f4\u017eete za\u010da\u0165 odpo\u010d\u00edtava\u0165 t\u00fd\u017edne do \u0161tartu deviateho ro\u010dn\u00edka ob\u013e\u00fabenej s\u00e9rie \u0160koda BIKE OPEN TOUR v\u00a0aktu\u00e1lnom roku 2022.\" \/>\n<meta name=\"robots\" content=\"index, follow, max-snippet:-1, max-image-preview:large, max-video-preview:-1\" \/>\n<link rel=\"canonical\" href=\"https:\/\/www.welovecycling.com\/sk\/2022\/02\/18\/skoda-bike-open-tour-pozvanka-na-skvelu-sezonu-2022\/\" \/>\n<meta property=\"og:locale\" content=\"sk_SK\" \/>\n<meta property=\"og:type\" content=\"article\" \/>\n<meta property=\"og:title\" content=\"\u0160koda BIKE OPEN TOUR - pozv\u00e1nka na skvel\u00fa sez\u00f3nu 2022\" \/>\n<meta property=\"og:description\" content=\"Dne\u0161n\u00fdm d\u0148om m\u00f4\u017eete za\u010da\u0165 odpo\u010d\u00edtava\u0165 t\u00fd\u017edne do \u0161tartu deviateho ro\u010dn\u00edka ob\u013e\u00fabenej s\u00e9rie \u0160koda BIKE OPEN TOUR v\u00a0aktu\u00e1lnom roku 2022.\" \/>\n<meta property=\"og:url\" content=\"https:\/\/www.welovecycling.com\/sk\/2022\/02\/18\/skoda-bike-open-tour-pozvanka-na-skvelu-sezonu-2022\/\" \/>\n<meta property=\"og:site_name\" content=\"\u0160koda We Love Cycling Slovensko\" \/>\n<meta property=\"article:published_time\" content=\"2022-02-18T15:00:31+00:00\" \/>\n<meta property=\"article:modified_time\" content=\"2022-02-18T19:25:53+00:00\" \/>\n<meta property=\"og:image\" content=\"https:\/\/d2p6e6u75xmxt8.cloudfront.net\/4\/2022\/02\/2022_sbot-titulka.webp\" \/>\n\t<meta property=\"og:image:width\" content=\"1380\" \/>\n\t<meta property=\"og:image:height\" content=\"600\" \/>\n\t<meta property=\"og:image:type\" content=\"image\/webp\" \/>\n<meta name=\"twitter:card\" content=\"summary_large_image\" \/>\n<meta name=\"twitter:label1\" content=\"Written by\" \/>\n\t<meta name=\"twitter:data1\" content=\"WeLoveCycling\" \/>\n\t<meta name=\"twitter:label2\" content=\"Est. reading time\" \/>\n\t<meta name=\"twitter:data2\" content=\"3 minutes\" \/>\n<script type=\"application\/ld+json\" class=\"yoast-schema-graph\">{\"@context\":\"https:\/\/schema.org\",\"@graph\":[{\"@type\":\"WebPage\",\"@id\":\"https:\/\/www.welovecycling.com\/sk\/2022\/02\/18\/skoda-bike-open-tour-pozvanka-na-skvelu-sezonu-2022\/\",\"url\":\"https:\/\/www.welovecycling.com\/sk\/2022\/02\/18\/skoda-bike-open-tour-pozvanka-na-skvelu-sezonu-2022\/\",\"name\":\"\u0160koda BIKE OPEN TOUR - pozv\u00e1nka na skvel\u00fa sez\u00f3nu 2022 - \u0160koda We Love Cycling Slovensko\",\"isPartOf\":{\"@id\":\"https:\/\/www.welovecycling.com\/sk\/#website\"},\"primaryImageOfPage\":{\"@id\":\"https:\/\/www.welovecycling.com\/sk\/2022\/02\/18\/skoda-bike-open-tour-pozvanka-na-skvelu-sezonu-2022\/#primaryimage\"},\"image\":{\"@id\":\"https:\/\/www.welovecycling.com\/sk\/2022\/02\/18\/skoda-bike-open-tour-pozvanka-na-skvelu-sezonu-2022\/#primaryimage\"},\"thumbnailUrl\":\"https:\/\/d2p6e6u75xmxt8.cloudfront.net\/4\/2022\/02\/2022_sbot-titulka.webp\",\"datePublished\":\"2022-02-18T15:00:31+00:00\",\"dateModified\":\"2022-02-18T19:25:53+00:00\",\"author\":{\"@id\":\"\"},\"description\":\"Dne\u0161n\u00fdm d\u0148om m\u00f4\u017eete za\u010da\u0165 odpo\u010d\u00edtava\u0165 t\u00fd\u017edne do \u0161tartu deviateho ro\u010dn\u00edka ob\u013e\u00fabenej s\u00e9rie \u0160koda BIKE OPEN TOUR v\u00a0aktu\u00e1lnom roku 2022.\",\"breadcrumb\":{\"@id\":\"https:\/\/www.welovecycling.com\/sk\/2022\/02\/18\/skoda-bike-open-tour-pozvanka-na-skvelu-sezonu-2022\/#breadcrumb\"},\"inLanguage\":\"sk-SK\",\"potentialAction\":[{\"@type\":\"ReadAction\",\"target\":[\"https:\/\/www.welovecycling.com\/sk\/2022\/02\/18\/skoda-bike-open-tour-pozvanka-na-skvelu-sezonu-2022\/\"]}]},{\"@type\":\"ImageObject\",\"inLanguage\":\"sk-SK\",\"@id\":\"https:\/\/www.welovecycling.com\/sk\/2022\/02\/18\/skoda-bike-open-tour-pozvanka-na-skvelu-sezonu-2022\/#primaryimage\",\"url\":\"https:\/\/d2p6e6u75xmxt8.cloudfront.net\/4\/2022\/02\/2022_sbot-titulka.webp\",\"contentUrl\":\"https:\/\/d2p6e6u75xmxt8.cloudfront.net\/4\/2022\/02\/2022_sbot-titulka.webp\",\"width\":1380,\"height\":600},{\"@type\":\"BreadcrumbList\",\"@id\":\"https:\/\/www.welovecycling.com\/sk\/2022\/02\/18\/skoda-bike-open-tour-pozvanka-na-skvelu-sezonu-2022\/#breadcrumb\",\"itemListElement\":[{\"@type\":\"ListItem\",\"position\":1,\"name\":\"Home\",\"item\":\"https:\/\/www.welovecycling.com\/sk\/\"},{\"@type\":\"ListItem\",\"position\":2,\"name\":\"\u0160koda BIKE OPEN TOUR &#8211; pozv\u00e1nka na skvel\u00fa sez\u00f3nu 2022\"}]},{\"@type\":\"WebSite\",\"@id\":\"https:\/\/www.welovecycling.com\/sk\/#website\",\"url\":\"https:\/\/www.welovecycling.com\/sk\/\",\"name\":\"\u0160koda We Love Cycling Slovensko\",\"description\":\"\u0160koda We Love Cycling Slovensko je v\u00e1\u0161 ka\u017edodenn\u00fd zdroj noviniek a in\u0161pir\u00e1cie z sveta cyklistiky\",\"potentialAction\":[{\"@type\":\"SearchAction\",\"target\":{\"@type\":\"EntryPoint\",\"urlTemplate\":\"https:\/\/www.welovecycling.com\/sk\/?s={search_term_string}\"},\"query-input\":{\"@type\":\"PropertyValueSpecification\",\"valueRequired\":true,\"valueName\":\"search_term_string\"}}],\"inLanguage\":\"sk-SK\"},{\"@type\":\"Person\",\"@id\":\"\",\"url\":\"https:\/\/www.welovecycling.com\/sk\/author\/\"}]}<\/script>\n<!-- \/ Yoast SEO Premium plugin. -->","yoast_head_json":{"title":"\u0160koda BIKE OPEN TOUR - pozv\u00e1nka na skvel\u00fa sez\u00f3nu 2022 - \u0160koda We Love Cycling Slovensko","description":"Dne\u0161n\u00fdm d\u0148om m\u00f4\u017eete za\u010da\u0165 odpo\u010d\u00edtava\u0165 t\u00fd\u017edne do \u0161tartu deviateho ro\u010dn\u00edka ob\u013e\u00fabenej s\u00e9rie \u0160koda BIKE OPEN TOUR v\u00a0aktu\u00e1lnom roku 2022.","robots":{"index":"index","follow":"follow","max-snippet":"max-snippet:-1","max-image-preview":"max-image-preview:large","max-video-preview":"max-video-preview:-1"},"canonical":"https:\/\/www.welovecycling.com\/sk\/2022\/02\/18\/skoda-bike-open-tour-pozvanka-na-skvelu-sezonu-2022\/","og_locale":"sk_SK","og_type":"article","og_title":"\u0160koda BIKE OPEN TOUR - pozv\u00e1nka na skvel\u00fa sez\u00f3nu 2022","og_description":"Dne\u0161n\u00fdm d\u0148om m\u00f4\u017eete za\u010da\u0165 odpo\u010d\u00edtava\u0165 t\u00fd\u017edne do \u0161tartu deviateho ro\u010dn\u00edka ob\u013e\u00fabenej s\u00e9rie \u0160koda BIKE OPEN TOUR v\u00a0aktu\u00e1lnom roku 2022.","og_url":"https:\/\/www.welovecycling.com\/sk\/2022\/02\/18\/skoda-bike-open-tour-pozvanka-na-skvelu-sezonu-2022\/","og_site_name":"\u0160koda We Love Cycling Slovensko","article_published_time":"2022-02-18T15:00:31+00:00","article_modified_time":"2022-02-18T19:25:53+00:00","og_image":[{"width":1380,"height":600,"url":"https:\/\/d2p6e6u75xmxt8.cloudfront.net\/4\/2022\/02\/2022_sbot-titulka.webp","type":"image\/webp"}],"twitter_card":"summary_large_image","twitter_misc":{"Written by":"WeLoveCycling","Est. reading time":"3 minutes"},"schema":{"@context":"https:\/\/schema.org","@graph":[{"@type":"WebPage","@id":"https:\/\/www.welovecycling.com\/sk\/2022\/02\/18\/skoda-bike-open-tour-pozvanka-na-skvelu-sezonu-2022\/","url":"https:\/\/www.welovecycling.com\/sk\/2022\/02\/18\/skoda-bike-open-tour-pozvanka-na-skvelu-sezonu-2022\/","name":"\u0160koda BIKE OPEN TOUR - pozv\u00e1nka na skvel\u00fa sez\u00f3nu 2022 - \u0160koda We Love Cycling Slovensko","isPartOf":{"@id":"https:\/\/www.welovecycling.com\/sk\/#website"},"primaryImageOfPage":{"@id":"https:\/\/www.welovecycling.com\/sk\/2022\/02\/18\/skoda-bike-open-tour-pozvanka-na-skvelu-sezonu-2022\/#primaryimage"},"image":{"@id":"https:\/\/www.welovecycling.com\/sk\/2022\/02\/18\/skoda-bike-open-tour-pozvanka-na-skvelu-sezonu-2022\/#primaryimage"},"thumbnailUrl":"https:\/\/d2p6e6u75xmxt8.cloudfront.net\/4\/2022\/02\/2022_sbot-titulka.webp","datePublished":"2022-02-18T15:00:31+00:00","dateModified":"2022-02-18T19:25:53+00:00","author":{"@id":""},"description":"Dne\u0161n\u00fdm d\u0148om m\u00f4\u017eete za\u010da\u0165 odpo\u010d\u00edtava\u0165 t\u00fd\u017edne do \u0161tartu deviateho ro\u010dn\u00edka ob\u013e\u00fabenej s\u00e9rie \u0160koda BIKE OPEN TOUR v\u00a0aktu\u00e1lnom roku 2022.","breadcrumb":{"@id":"https:\/\/www.welovecycling.com\/sk\/2022\/02\/18\/skoda-bike-open-tour-pozvanka-na-skvelu-sezonu-2022\/#breadcrumb"},"inLanguage":"sk-SK","potentialAction":[{"@type":"ReadAction","target":["https:\/\/www.welovecycling.com\/sk\/2022\/02\/18\/skoda-bike-open-tour-pozvanka-na-skvelu-sezonu-2022\/"]}]},{"@type":"ImageObject","inLanguage":"sk-SK","@id":"https:\/\/www.welovecycling.com\/sk\/2022\/02\/18\/skoda-bike-open-tour-pozvanka-na-skvelu-sezonu-2022\/#primaryimage","url":"https:\/\/d2p6e6u75xmxt8.cloudfront.net\/4\/2022\/02\/2022_sbot-titulka.webp","contentUrl":"https:\/\/d2p6e6u75xmxt8.cloudfront.net\/4\/2022\/02\/2022_sbot-titulka.webp","width":1380,"height":600},{"@type":"BreadcrumbList","@id":"https:\/\/www.welovecycling.com\/sk\/2022\/02\/18\/skoda-bike-open-tour-pozvanka-na-skvelu-sezonu-2022\/#breadcrumb","itemListElement":[{"@type":"ListItem","position":1,"name":"Home","item":"https:\/\/www.welovecycling.com\/sk\/"},{"@type":"ListItem","position":2,"name":"\u0160koda BIKE OPEN TOUR &#8211; pozv\u00e1nka na skvel\u00fa sez\u00f3nu 2022"}]},{"@type":"WebSite","@id":"https:\/\/www.welovecycling.com\/sk\/#website","url":"https:\/\/www.welovecycling.com\/sk\/","name":"\u0160koda We Love Cycling Slovensko","description":"\u0160koda We Love Cycling Slovensko je v\u00e1\u0161 ka\u017edodenn\u00fd zdroj noviniek a in\u0161pir\u00e1cie z sveta cyklistiky","potentialAction":[{"@type":"SearchAction","target":{"@type":"EntryPoint","urlTemplate":"https:\/\/www.welovecycling.com\/sk\/?s={search_term_string}"},"query-input":{"@type":"PropertyValueSpecification","valueRequired":true,"valueName":"search_term_string"}}],"inLanguage":"sk-SK"},{"@type":"Person","@id":"","url":"https:\/\/www.welovecycling.com\/sk\/author\/"}]}},"_links":{"self":[{"href":"https:\/\/www.welovecycling.com\/sk\/wp-json\/wp\/v2\/posts\/13830","targetHints":{"allow":["GET"]}}],"collection":[{"href":"https:\/\/www.welovecycling.com\/sk\/wp-json\/wp\/v2\/posts"}],"about":[{"href":"https:\/\/www.welovecycling.com\/sk\/wp-json\/wp\/v2\/types\/post"}],"author":[{"embeddable":true,"href":"https:\/\/www.welovecycling.com\/sk\/wp-json\/wp\/v2\/users\/81"}],"replies":[{"embeddable":true,"href":"https:\/\/www.welovecycling.com\/sk\/wp-json\/wp\/v2\/comments?post=13830"}],"version-history":[{"count":2,"href":"https:\/\/www.welovecycling.com\/sk\/wp-json\/wp\/v2\/posts\/13830\/revisions"}],"predecessor-version":[{"id":13849,"href":"https:\/\/www.welovecycling.com\/sk\/wp-json\/wp\/v2\/posts\/13830\/revisions\/13849"}],"wp:featuredmedia":[{"embeddable":true,"href":"https:\/\/www.welovecycling.com\/sk\/wp-json\/wp\/v2\/media\/13846"}],"wp:attachment":[{"href":"https:\/\/www.welovecycling.com\/sk\/wp-json\/wp\/v2\/media?parent=13830"}],"wp:term":[{"taxonomy":"category","embeddable":true,"href":"https:\/\/www.welovecycling.com\/sk\/wp-json\/wp\/v2\/categories?post=13830"},{"taxonomy":"post_tag","embeddable":true,"href":"https:\/\/www.welovecycling.com\/sk\/wp-json\/wp\/v2\/tags?post=13830"},{"taxonomy":"global-categories","embeddable":true,"href":"https:\/\/www.welovecycling.com\/sk\/wp-json\/wp\/v2\/global-categories?post=13830"}],"curies":[{"name":"wp","href":"https:\/\/api.w.org\/{rel}","templated":true}]}}