{"id":13814,"date":"2022-02-18T10:00:58","date_gmt":"2022-02-18T09:00:58","guid":{"rendered":"https:\/\/www.welovecycling.com\/sk\/?p=13814"},"modified":"2022-02-16T09:03:38","modified_gmt":"2022-02-16T08:03:38","slug":"5-vylepseni-na-gravel-bicykloch-pre-rok-2022","status":"publish","type":"post","link":"https:\/\/www.welovecycling.com\/sk\/2022\/02\/18\/5-vylepseni-na-gravel-bicykloch-pre-rok-2022\/","title":{"rendered":"5 vylep\u0161en\u00ed na gravel bicykloch pre rok 2022"},"content":{"rendered":"<p><strong>Mnoh\u00ed \u010ditatelia ur\u010dite s\u00fahlasia s t\u00fdm, \u017ee gravel bicykle s\u00fa jedn\u00fdm z najr\u00fdchlej\u0161ie sa rozv\u00edjaj\u00facich segmentov cyklistick\u00e9ho priemyslu. Od prv\u00fdch krokov k uznaniu \u0161irokou verejnos\u0165ou za\u017eili gravel bicykle obrovsk\u00fd krok vpred. V spolupr\u00e1ci s mnoh\u00fdmi fan\u00fa\u0161ikmi tohto segmentu v\u00fdrobcovia vynalo\u017eili ve\u013ek\u00e9 \u00fasilie na \u010fal\u0161ie vylep\u0161enia. \u010co m\u00f4\u017eeme o\u010dak\u00e1va\u0165 od gravel bicyklov v roku 2022?<\/strong><\/p>\n<p><!--more--><\/p>\n<h2><strong>Odpru\u017eenie<\/strong><\/h2>\n<p>Po rokoch jazdenia fan\u00fa\u0161ikovia gravel bicyklov zistili nie\u010do, \u010do horsk\u00ed cyklisti vedeli u\u017e desa\u0165ro\u010dia: <strong>jazda na nerovnom ter\u00e9ne v\u00e1s bol\u00ed a vy\u010derp\u00e1va<\/strong>. Prv\u00fd pokus o pohodln\u00fa jazdu sa objavil len pred p\u00e1r mesiacmi. Na v\u00fdber bola modern\u00e1 Lefty odpru\u017een\u00e1 vidlica od Cannondale, alebo sa sk\u00fa\u0161al vylep\u0161en\u00fd model Specialized Future Shock. Spolo\u010dnos\u0165 predstavila v roku 2019 kazetu s nastavite\u013en\u00fdm odpru\u017een\u00edm vo vidlici svojho modelu Roubaix a minul\u00fd rok ju za\u010dlenila do modelu Diverge.<\/p>\n<p>Odpru\u017eenie neovplyv\u0148uje riadenie a neobmedzuje samotn\u00fa jazdu. Niektor\u00ed \u013eudia si mo\u017eno pam\u00e4taj\u00fa odpru\u017eenia, ktor\u00e9 boli ob\u013e\u00faben\u00e9 medzi jazdcami, ktor\u00ed si v 90. rokoch nemohli dovoli\u0165 plne odpru\u017een\u00fa vidlicu. \u010co sa t\u00fdka Future Shock, ve\u013ea \u013eud\u00ed sa zhodlo na tom, \u017ee 20 mm zdvihu je celkom dos\u0165 na to, aby v\u00e1s izolovalo od otrasov v ter\u00e9ne a spr\u00edjemnilo jazdu. Ke\u010f\u017ee m\u00f4\u017eeme vidie\u0165 opakovanie toho, \u010do sme za\u017eili v 90-tych rokoch s MTB, nie je prekvapen\u00edm, \u017ee sa nov\u00e1 odpru\u017een\u00e1 vidlica RockShox Rudy objavila aj v sf\u00e9re gravel bicyklov.<\/p>\n<figure id=\"attachment_13815\" aria-describedby=\"caption-attachment-13815\" style=\"width: 1013px\" class=\"wp-caption alignnone\"><a href=\"https:\/\/d2p6e6u75xmxt8.cloudfront.net\/4\/2022\/02\/Rockshox-Rudy-XPLR-gravel-fork_1-1.jpg\"><img loading=\"lazy\" decoding=\"async\" class=\"size-full wp-image-13815\" src=\"https:\/\/d2p6e6u75xmxt8.cloudfront.net\/4\/2022\/02\/Rockshox-Rudy-XPLR-gravel-fork_1-1.jpg\" alt=\"Rockshox Rudy gravel fork\" width=\"1013\" height=\"675\" \/><\/a><figcaption id=\"caption-attachment-13815\" class=\"wp-caption-text\">Gravel vidlica Rockshox Rudy<\/figcaption><\/figure>\n<h2><strong>\u0160irok\u00e9 pneumatiky<\/strong><\/h2>\n<p>Trend \u0161ir\u0161\u00edch pl\u00e1\u0161\u0165ov je moment\u00e1lne pr\u00edtomn\u00fd v ka\u017edom type cyklistiky. Gravel bicykle nie s\u00fa v\u00fdnimkou. T\u00e1to my\u0161lienka m\u00e1 viac v\u00fdhod, preto\u017ee \u0161ir\u0161ia pneumatika poskytuje extra pohodlie, <strong>je menej n\u00e1chyln\u00e1 na prepichnutie a za ur\u010dit\u00fdch okolnost\u00ed sa m\u00f4\u017ee dokonca ot\u00e1\u010da\u0165 r\u00fdchlej\u0161ie<\/strong>. Niet divu, \u017ee m\u00f4\u017eeme vidie\u0165 trend \u0161irok\u00fdch pneumat\u00edk aplikovan\u00fd aj na gravel priemysel.<\/p>\n<h2><strong>Aerodynamick\u00e9 r\u00e1my<\/strong><\/h2>\n<p>Zatia\u013e \u010do v\u010faka odpru\u017eeniu a \u0161irok\u00fdm pl\u00e1\u0161\u0165om s\u00fa gravel bicykle viac podobn\u00e9 MTB, je tu jeden trend, ktor\u00fd ide opa\u010dn\u00fdm smerom. <strong>Nieko\u013eko v\u00fdrobcov, ako napr\u00edklad Cerv\u00e9lo, zvolilo dizajn aerodynamick\u00e9ho r\u00e1mu, aby bol jeho model \u00c1spero e\u0161te konkurencieschopnej\u0161\u00ed.<\/strong> Zatia\u013e \u010do mnoh\u00ed jazdci vyu\u017e\u00edvaj\u00fa gravel bicykle pre ich p\u00f4vodn\u00fd \u00fa\u010del, \u010di u\u017e je to pocit slobody na trailoch alebo expedi\u010dn\u00e9 cestovanie, in\u00ed d\u00e1vaj\u00fa prednos\u0165 \u00fa\u010dasti na pretekoch. Aero-dizajnov\u00e9 r\u00e1my s\u00fa nepochybne ur\u010den\u00e9 pre t\u00fa druh\u00fa skupinu.<\/p>\n<figure id=\"attachment_13816\" aria-describedby=\"caption-attachment-13816\" style=\"width: 1022px\" class=\"wp-caption alignnone\"><a href=\"https:\/\/d2p6e6u75xmxt8.cloudfront.net\/4\/2022\/02\/cervelo_aspero.jpg\"><img loading=\"lazy\" decoding=\"async\" class=\"size-full wp-image-13816\" src=\"https:\/\/d2p6e6u75xmxt8.cloudfront.net\/4\/2022\/02\/cervelo_aspero.jpg\" alt=\"Cerv\u00e9lo \u00c1spero\" width=\"1022\" height=\"681\" \/><\/a><figcaption id=\"caption-attachment-13816\" class=\"wp-caption-text\">Model Cerv\u00e9lo \u00c1spero<\/figcaption><\/figure>\n<h2><strong>\u0160peci\u00e1lne oble\u010denie<\/strong><\/h2>\n<p>Viac le\u017e\u00e9rne ako upnut\u00e9 s\u00fapravy na cestn\u00fa cyklistiku, no st\u00e1le ove\u013ea menej objemn\u00e9 ako oble\u010denie ur\u010den\u00e9 pre horsk\u00fdch cyklistov. Takto sa rozpozn\u00e1va oble\u010denie ur\u010den\u00e9 pre gravel cyklistiku. <strong>Vo v\u0161eobecnosti m\u00f4\u017eete na gravel bicykli jazdi\u0165 v \u010domko\u013evek, v \u010dom sa c\u00edtite pohodlne.<\/strong> Ale ak naozaj chcete ma\u0165 nie\u010do \u0161peci\u00e1lne, m\u00f4\u017eete vyu\u017ei\u0165 produkty od Rapha, PEdALED alebo Morv\u00e9lo.<\/p>\n<div class=\"shortcode-ys-post-pinup\"><article class=\"loop-simple post-12842 post type-post status-publish format-standard has-post-thumbnail hentry category-odporucame tag-gravel tag-gravel-bicykel tag-jazda tag-outdoor tag-trening\" data-postid=\"12842\" role=\"article\" data-post-id=\"12842\" data-word-count=\"551\" data-headline-length=\"39\" data-category=\"Odpor\u00fa\u010dame\" data-author=\"Filippo Mari\" data-published=\"2021-09-10T10:00:54+02:00\" data-published-day=\"Friday\">\n    <div class=\"entry-thumbnail article-thumbnail\" content=\"https:\/\/d2p6e6u75xmxt8.cloudfront.net\/4\/2021\/09\/Gravel-riding-CVR-150x150.webp\"><a href=\"https:\/\/www.welovecycling.com\/sk\/2021\/09\/10\/zakladne-zrucnosti-na-gravel-bicykli\/\" class=\"image-holder\" target=\"_self\"><img decoding=\"async\" loading=\"lazy\" class=\"\" src=\"https:\/\/d2p6e6u75xmxt8.cloudfront.net\/4\/2021\/09\/Gravel-riding-CVR-1024x450.webp\" srcset=\"https:\/\/d2p6e6u75xmxt8.cloudfront.net\/4\/2021\/09\/Gravel-riding-CVR.webp 1366w, https:\/\/d2p6e6u75xmxt8.cloudfront.net\/4\/2021\/09\/Gravel-riding-CVR-300x132.webp 300w, https:\/\/d2p6e6u75xmxt8.cloudfront.net\/4\/2021\/09\/Gravel-riding-CVR-1024x450.webp 1024w, https:\/\/d2p6e6u75xmxt8.cloudfront.net\/4\/2021\/09\/Gravel-riding-CVR-768x337.webp 768w\" width=\"1024\" height=\"450\" sizes=\"auto, (min-width: 1200px) 456px, (min-width: 768px) 38vw, 100vw\" alt=\"zakladne-zrucnosti-na-gravel-bicykli\"\/><\/a><\/div>    <div class=\"entry-meta\">\n        <a class=\"label label-secondary post-category\" href=\"https:\/\/www.welovecycling.com\/sk\/category\/odporucame\/\" title=\"Odpor\u00fa\u010dame\">Odpor\u00fa\u010dame<\/a>\n    <\/div>\n    <div class=\"entry-details\">\n        <a href=\"https:\/\/www.welovecycling.com\/sk\/2021\/09\/10\/zakladne-zrucnosti-na-gravel-bicykli\/\" class='entry-title-wrapper'>\n            <h3 class=\"entry-title\"><span>Z\u00e1kladn\u00e9 zru\u010dnosti na gravel bicykli<\/span><\/h3>\n        <\/a>\n    <\/div>\n    <\/article>\n<\/div>\n<h2><strong>Teleskopick\u00e9 sedlovky<\/strong><\/h2>\n<p>Vyn\u00e1lez teleskopickej sedlovky spustil v horskej cyklistike nev\u00eddan\u00fa revol\u00faciu, ktor\u00fa netreba dopodrobna opisova\u0165. Ka\u017ed\u00fd vie. <strong>Zn\u00ed\u017eenie sedadla znamen\u00e1, \u017ee m\u00f4\u017eete zdol\u00e1va\u0165 aj ve\u013emi strm\u00fd ter\u00e9n bez straty kontroly nad bicyklom.<\/strong> Je to vlastne jedin\u00fd prvok, ktor\u00fd odli\u0161uje modern\u00e9 gravel bicykle od prv\u00fdch horsk\u00fdch bicyklov. Ak si ju d\u00e1te na gravel bicykel s odpru\u017eenou vidlicou a \u0161ir\u0161\u00edmi pneumatikami, z\u00edskate bicykel ve\u013emi podobn\u00fd tomu, na ktorom pretekala americk\u00e1 legenda John Tomac v roku 1991. Vr\u00e1tane zahnut\u00fdch cestn\u00fdch riadidiel.<\/p>\n","protected":false},"excerpt":{"rendered":"<p>Mnoh\u00ed \u010ditatelia ur\u010dite s\u00fahlasia s t\u00fdm, \u017ee gravel bicykle s\u00fa jedn\u00fdm z najr\u00fdchlej\u0161ie sa rozv\u00edjaj\u00facich segmentov cyklistick\u00e9ho priemyslu. Od prv\u00fdch [&hellip;]<\/p>\n","protected":false},"author":81,"featured_media":13818,"comment_status":"open","ping_status":"open","sticky":false,"template":"","format":"standard","meta":{"footnotes":""},"categories":[191],"tags":[1441,559,734,1439,546,259,775,1440,257,931,1314,1442,1411,486],"global-categories":[],"class_list":["post-13814","post","type-post","status-publish","format-standard","has-post-thumbnail","hentry","category-odporucame","tag-aspero","tag-bicykel","tag-cannondale","tag-cervelo","tag-cyklistika","tag-gravel","tag-gravel-bicykel","tag-john-tomac","tag-novinky","tag-odporucame","tag-outdoor","tag-rockshox-rudy","tag-sezona-2022","tag-specialized"],"yoast_head":"<!-- This site is optimized with the Yoast SEO Premium plugin v25.3 (Yoast SEO v25.9) - https:\/\/yoast.com\/wordpress\/plugins\/seo\/ -->\n<title>5 vylep\u0161en\u00ed na gravel bicykloch pre rok 2022 - \u0160koda We Love Cycling Slovensko<\/title>\n<meta name=\"description\" content=\"Ur\u010dite s\u00fahlas\u00edte, \u017ee gravel bicykle s\u00fa jedn\u00fdm z najr\u00fdchlej\u0161ie sa rozv\u00edjaj\u00facich segmentov cyklistick\u00e9ho priemyslu. \u010co o\u010dak\u00e1va\u0165 v roku 2022?\" \/>\n<meta name=\"robots\" content=\"index, follow, max-snippet:-1, max-image-preview:large, max-video-preview:-1\" \/>\n<link rel=\"canonical\" href=\"https:\/\/www.welovecycling.com\/sk\/2022\/02\/18\/5-vylepseni-na-gravel-bicykloch-pre-rok-2022\/\" \/>\n<meta property=\"og:locale\" content=\"sk_SK\" \/>\n<meta property=\"og:type\" content=\"article\" \/>\n<meta property=\"og:title\" content=\"5 vylep\u0161en\u00ed na gravel bicykloch pre rok 2022\" \/>\n<meta property=\"og:description\" content=\"Ur\u010dite s\u00fahlas\u00edte, \u017ee gravel bicykle s\u00fa jedn\u00fdm z najr\u00fdchlej\u0161ie sa rozv\u00edjaj\u00facich segmentov cyklistick\u00e9ho priemyslu. \u010co o\u010dak\u00e1va\u0165 v roku 2022?\" \/>\n<meta property=\"og:url\" content=\"https:\/\/www.welovecycling.com\/sk\/2022\/02\/18\/5-vylepseni-na-gravel-bicykloch-pre-rok-2022\/\" \/>\n<meta property=\"og:site_name\" content=\"\u0160koda We Love Cycling Slovensko\" \/>\n<meta property=\"article:published_time\" content=\"2022-02-18T09:00:58+00:00\" \/>\n<meta property=\"og:image\" content=\"https:\/\/d2p6e6u75xmxt8.cloudfront.net\/4\/2022\/02\/Gravel-bike-profimedia-0643762502-CVR.webp\" \/>\n\t<meta property=\"og:image:width\" content=\"1366\" \/>\n\t<meta property=\"og:image:height\" content=\"600\" \/>\n\t<meta property=\"og:image:type\" content=\"image\/webp\" \/>\n<meta name=\"twitter:card\" content=\"summary_large_image\" \/>\n<meta name=\"twitter:label1\" content=\"Written by\" \/>\n\t<meta name=\"twitter:data1\" content=\"Filippo Mari\" \/>\n\t<meta name=\"twitter:label2\" content=\"Est. reading time\" \/>\n\t<meta name=\"twitter:data2\" content=\"6\" \/>\n<script type=\"application\/ld+json\" class=\"yoast-schema-graph\">{\"@context\":\"https:\/\/schema.org\",\"@graph\":[{\"@type\":\"WebPage\",\"@id\":\"https:\/\/www.welovecycling.com\/sk\/2022\/02\/18\/5-vylepseni-na-gravel-bicykloch-pre-rok-2022\/\",\"url\":\"https:\/\/www.welovecycling.com\/sk\/2022\/02\/18\/5-vylepseni-na-gravel-bicykloch-pre-rok-2022\/\",\"name\":\"5 vylep\u0161en\u00ed na gravel bicykloch pre rok 2022 - \u0160koda We Love Cycling Slovensko\",\"isPartOf\":{\"@id\":\"https:\/\/www.welovecycling.com\/sk\/#website\"},\"primaryImageOfPage\":{\"@id\":\"https:\/\/www.welovecycling.com\/sk\/2022\/02\/18\/5-vylepseni-na-gravel-bicykloch-pre-rok-2022\/#primaryimage\"},\"image\":{\"@id\":\"https:\/\/www.welovecycling.com\/sk\/2022\/02\/18\/5-vylepseni-na-gravel-bicykloch-pre-rok-2022\/#primaryimage\"},\"thumbnailUrl\":\"https:\/\/d2p6e6u75xmxt8.cloudfront.net\/4\/2022\/02\/Gravel-bike-profimedia-0643762502-CVR.webp\",\"datePublished\":\"2022-02-18T09:00:58+00:00\",\"author\":{\"@id\":\"\"},\"description\":\"Ur\u010dite s\u00fahlas\u00edte, \u017ee gravel bicykle s\u00fa jedn\u00fdm z najr\u00fdchlej\u0161ie sa rozv\u00edjaj\u00facich segmentov cyklistick\u00e9ho priemyslu. \u010co o\u010dak\u00e1va\u0165 v roku 2022?\",\"breadcrumb\":{\"@id\":\"https:\/\/www.welovecycling.com\/sk\/2022\/02\/18\/5-vylepseni-na-gravel-bicykloch-pre-rok-2022\/#breadcrumb\"},\"inLanguage\":\"sk-SK\",\"potentialAction\":[{\"@type\":\"ReadAction\",\"target\":[\"https:\/\/www.welovecycling.com\/sk\/2022\/02\/18\/5-vylepseni-na-gravel-bicykloch-pre-rok-2022\/\"]}]},{\"@type\":\"ImageObject\",\"inLanguage\":\"sk-SK\",\"@id\":\"https:\/\/www.welovecycling.com\/sk\/2022\/02\/18\/5-vylepseni-na-gravel-bicykloch-pre-rok-2022\/#primaryimage\",\"url\":\"https:\/\/d2p6e6u75xmxt8.cloudfront.net\/4\/2022\/02\/Gravel-bike-profimedia-0643762502-CVR.webp\",\"contentUrl\":\"https:\/\/d2p6e6u75xmxt8.cloudfront.net\/4\/2022\/02\/Gravel-bike-profimedia-0643762502-CVR.webp\",\"width\":1366,\"height\":600,\"caption\":\"Gravel bike\"},{\"@type\":\"BreadcrumbList\",\"@id\":\"https:\/\/www.welovecycling.com\/sk\/2022\/02\/18\/5-vylepseni-na-gravel-bicykloch-pre-rok-2022\/#breadcrumb\",\"itemListElement\":[{\"@type\":\"ListItem\",\"position\":1,\"name\":\"Home\",\"item\":\"https:\/\/www.welovecycling.com\/sk\/\"},{\"@type\":\"ListItem\",\"position\":2,\"name\":\"5 vylep\u0161en\u00ed na gravel bicykloch pre rok 2022\"}]},{\"@type\":\"WebSite\",\"@id\":\"https:\/\/www.welovecycling.com\/sk\/#website\",\"url\":\"https:\/\/www.welovecycling.com\/sk\/\",\"name\":\"\u0160koda We Love Cycling Slovensko\",\"description\":\"\u0160koda We Love Cycling Slovensko je v\u00e1\u0161 ka\u017edodenn\u00fd zdroj noviniek a in\u0161pir\u00e1cie z sveta cyklistiky\",\"potentialAction\":[{\"@type\":\"SearchAction\",\"target\":{\"@type\":\"EntryPoint\",\"urlTemplate\":\"https:\/\/www.welovecycling.com\/sk\/?s={search_term_string}\"},\"query-input\":{\"@type\":\"PropertyValueSpecification\",\"valueRequired\":true,\"valueName\":\"search_term_string\"}}],\"inLanguage\":\"sk-SK\"},{\"@type\":\"Person\",\"@id\":\"\",\"url\":\"https:\/\/www.welovecycling.com\/sk\/author\/\"}]}<\/script>\n<!-- \/ Yoast SEO Premium plugin. -->","yoast_head_json":{"title":"5 vylep\u0161en\u00ed na gravel bicykloch pre rok 2022 - \u0160koda We Love Cycling Slovensko","description":"Ur\u010dite s\u00fahlas\u00edte, \u017ee gravel bicykle s\u00fa jedn\u00fdm z najr\u00fdchlej\u0161ie sa rozv\u00edjaj\u00facich segmentov cyklistick\u00e9ho priemyslu. \u010co o\u010dak\u00e1va\u0165 v roku 2022?","robots":{"index":"index","follow":"follow","max-snippet":"max-snippet:-1","max-image-preview":"max-image-preview:large","max-video-preview":"max-video-preview:-1"},"canonical":"https:\/\/www.welovecycling.com\/sk\/2022\/02\/18\/5-vylepseni-na-gravel-bicykloch-pre-rok-2022\/","og_locale":"sk_SK","og_type":"article","og_title":"5 vylep\u0161en\u00ed na gravel bicykloch pre rok 2022","og_description":"Ur\u010dite s\u00fahlas\u00edte, \u017ee gravel bicykle s\u00fa jedn\u00fdm z najr\u00fdchlej\u0161ie sa rozv\u00edjaj\u00facich segmentov cyklistick\u00e9ho priemyslu. \u010co o\u010dak\u00e1va\u0165 v roku 2022?","og_url":"https:\/\/www.welovecycling.com\/sk\/2022\/02\/18\/5-vylepseni-na-gravel-bicykloch-pre-rok-2022\/","og_site_name":"\u0160koda We Love Cycling Slovensko","article_published_time":"2022-02-18T09:00:58+00:00","og_image":[{"width":1366,"height":600,"url":"https:\/\/d2p6e6u75xmxt8.cloudfront.net\/4\/2022\/02\/Gravel-bike-profimedia-0643762502-CVR.webp","type":"image\/webp"}],"twitter_card":"summary_large_image","twitter_misc":{"Written by":"Filippo Mari","Est. reading time":"6"},"schema":{"@context":"https:\/\/schema.org","@graph":[{"@type":"WebPage","@id":"https:\/\/www.welovecycling.com\/sk\/2022\/02\/18\/5-vylepseni-na-gravel-bicykloch-pre-rok-2022\/","url":"https:\/\/www.welovecycling.com\/sk\/2022\/02\/18\/5-vylepseni-na-gravel-bicykloch-pre-rok-2022\/","name":"5 vylep\u0161en\u00ed na gravel bicykloch pre rok 2022 - \u0160koda We Love Cycling Slovensko","isPartOf":{"@id":"https:\/\/www.welovecycling.com\/sk\/#website"},"primaryImageOfPage":{"@id":"https:\/\/www.welovecycling.com\/sk\/2022\/02\/18\/5-vylepseni-na-gravel-bicykloch-pre-rok-2022\/#primaryimage"},"image":{"@id":"https:\/\/www.welovecycling.com\/sk\/2022\/02\/18\/5-vylepseni-na-gravel-bicykloch-pre-rok-2022\/#primaryimage"},"thumbnailUrl":"https:\/\/d2p6e6u75xmxt8.cloudfront.net\/4\/2022\/02\/Gravel-bike-profimedia-0643762502-CVR.webp","datePublished":"2022-02-18T09:00:58+00:00","author":{"@id":""},"description":"Ur\u010dite s\u00fahlas\u00edte, \u017ee gravel bicykle s\u00fa jedn\u00fdm z najr\u00fdchlej\u0161ie sa rozv\u00edjaj\u00facich segmentov cyklistick\u00e9ho priemyslu. \u010co o\u010dak\u00e1va\u0165 v roku 2022?","breadcrumb":{"@id":"https:\/\/www.welovecycling.com\/sk\/2022\/02\/18\/5-vylepseni-na-gravel-bicykloch-pre-rok-2022\/#breadcrumb"},"inLanguage":"sk-SK","potentialAction":[{"@type":"ReadAction","target":["https:\/\/www.welovecycling.com\/sk\/2022\/02\/18\/5-vylepseni-na-gravel-bicykloch-pre-rok-2022\/"]}]},{"@type":"ImageObject","inLanguage":"sk-SK","@id":"https:\/\/www.welovecycling.com\/sk\/2022\/02\/18\/5-vylepseni-na-gravel-bicykloch-pre-rok-2022\/#primaryimage","url":"https:\/\/d2p6e6u75xmxt8.cloudfront.net\/4\/2022\/02\/Gravel-bike-profimedia-0643762502-CVR.webp","contentUrl":"https:\/\/d2p6e6u75xmxt8.cloudfront.net\/4\/2022\/02\/Gravel-bike-profimedia-0643762502-CVR.webp","width":1366,"height":600,"caption":"Gravel bike"},{"@type":"BreadcrumbList","@id":"https:\/\/www.welovecycling.com\/sk\/2022\/02\/18\/5-vylepseni-na-gravel-bicykloch-pre-rok-2022\/#breadcrumb","itemListElement":[{"@type":"ListItem","position":1,"name":"Home","item":"https:\/\/www.welovecycling.com\/sk\/"},{"@type":"ListItem","position":2,"name":"5 vylep\u0161en\u00ed na gravel bicykloch pre rok 2022"}]},{"@type":"WebSite","@id":"https:\/\/www.welovecycling.com\/sk\/#website","url":"https:\/\/www.welovecycling.com\/sk\/","name":"\u0160koda We Love Cycling Slovensko","description":"\u0160koda We Love Cycling Slovensko je v\u00e1\u0161 ka\u017edodenn\u00fd zdroj noviniek a in\u0161pir\u00e1cie z sveta cyklistiky","potentialAction":[{"@type":"SearchAction","target":{"@type":"EntryPoint","urlTemplate":"https:\/\/www.welovecycling.com\/sk\/?s={search_term_string}"},"query-input":{"@type":"PropertyValueSpecification","valueRequired":true,"valueName":"search_term_string"}}],"inLanguage":"sk-SK"},{"@type":"Person","@id":"","url":"https:\/\/www.welovecycling.com\/sk\/author\/"}]}},"_links":{"self":[{"href":"https:\/\/www.welovecycling.com\/sk\/wp-json\/wp\/v2\/posts\/13814","targetHints":{"allow":["GET"]}}],"collection":[{"href":"https:\/\/www.welovecycling.com\/sk\/wp-json\/wp\/v2\/posts"}],"about":[{"href":"https:\/\/www.welovecycling.com\/sk\/wp-json\/wp\/v2\/types\/post"}],"author":[{"embeddable":true,"href":"https:\/\/www.welovecycling.com\/sk\/wp-json\/wp\/v2\/users\/81"}],"replies":[{"embeddable":true,"href":"https:\/\/www.welovecycling.com\/sk\/wp-json\/wp\/v2\/comments?post=13814"}],"version-history":[{"count":2,"href":"https:\/\/www.welovecycling.com\/sk\/wp-json\/wp\/v2\/posts\/13814\/revisions"}],"predecessor-version":[{"id":13823,"href":"https:\/\/www.welovecycling.com\/sk\/wp-json\/wp\/v2\/posts\/13814\/revisions\/13823"}],"wp:featuredmedia":[{"embeddable":true,"href":"https:\/\/www.welovecycling.com\/sk\/wp-json\/wp\/v2\/media\/13818"}],"wp:attachment":[{"href":"https:\/\/www.welovecycling.com\/sk\/wp-json\/wp\/v2\/media?parent=13814"}],"wp:term":[{"taxonomy":"category","embeddable":true,"href":"https:\/\/www.welovecycling.com\/sk\/wp-json\/wp\/v2\/categories?post=13814"},{"taxonomy":"post_tag","embeddable":true,"href":"https:\/\/www.welovecycling.com\/sk\/wp-json\/wp\/v2\/tags?post=13814"},{"taxonomy":"global-categories","embeddable":true,"href":"https:\/\/www.welovecycling.com\/sk\/wp-json\/wp\/v2\/global-categories?post=13814"}],"curies":[{"name":"wp","href":"https:\/\/api.w.org\/{rel}","templated":true}]}}