{"id":13784,"date":"2022-02-09T10:00:07","date_gmt":"2022-02-09T09:00:07","guid":{"rendered":"https:\/\/www.welovecycling.com\/sk\/?p=13784"},"modified":"2022-02-09T09:14:36","modified_gmt":"2022-02-09T08:14:36","slug":"tipy-na-valentinsky-darcek-pre-svoju-polovicku","status":"publish","type":"post","link":"https:\/\/www.welovecycling.com\/sk\/2022\/02\/09\/tipy-na-valentinsky-darcek-pre-svoju-polovicku\/","title":{"rendered":"Tipy na valent\u00ednsky dar\u010dek pre svoju polovi\u010dku"},"content":{"rendered":"<p><strong>Bl\u00ed\u017ei sa Valent\u00edn, \u010das kedy si treba prejavi\u0165 l\u00e1sku a sympatie navz\u00e1jom so svojimi milovan\u00fdmi. Tajne pripravi\u0165 ne\u010dakan\u00fa ve\u010deru, vzia\u0165 svoju polovi\u010dku na v\u00fdlet, \u010di prekvapi\u0165 mil\u00fdm dar\u010dekom. A ke\u010f\u017ee sme cyklistick\u00e1 komunita, ako najlep\u0161ie spravi\u0165 rados\u0165, ne\u017e darova\u0165 nie\u010do s cyklistickou tematikou.<\/strong><!--more--><\/p>\n<p>Vybrali sme pre v\u00e1s ako in\u0161pir\u00e1ciu nieko\u013eko produktov z na\u0161ej ponuky. Zna\u010dka WeLoveCycling je hrd\u00fdm partnerom viacer\u00fdch cyklistick\u00fdch pretekov na tej najvy\u0161\u0161ej svetovej \u00farovni a tak budete oble\u010den\u00ed do novej cyklistickej sez\u00f3ny zaru\u010dene \u0161t\u00fdlovo. <\/p>\n<h2><strong>1. D\u00e1msky cyklistick\u00fd dres WLC<\/strong><\/h2>\n<p><a href=\"https:\/\/eshop.skoda-auto.sk\/sk_SK\/damsky-cyklisticky-dres-wlc\/p\/000084611F\" rel=\"noopener\" target=\"_blank\">D\u00e1msky dres<\/a> s kr\u00e1tkym ruk\u00e1vom je vyroben\u00fd z jemn\u00e9ho materi\u00e1lu s pr\u00edmesou karb\u00f3nov\u00e9ho vl\u00e1kna, ktor\u00e9 sa pou\u017e\u00edva v profesion\u00e1lnej cyklistike. Jeho v\u00fdhody <strong>ocenia najm\u00e4 \u0161portovci zameran\u00ed na v\u00fdkonnostn\u00e9 discipl\u00edny, preto\u017ee r\u00fdchlej\u0161ie odv\u00e1dza pot z tela<\/strong>. Obliekanie zjednodu\u0161uje nen\u00e1padn\u00fd celorozop\u00ednac\u00ed zips. Na spodnej \u010dasti dresu je guma, v\u010faka ktorej dobre dr\u017e\u00ed na svojom mieste.<\/p>\n<p><a href=\"https:\/\/d2p6e6u75xmxt8.cloudfront.net\/4\/2022\/02\/01.jpg\"><img loading=\"lazy\" decoding=\"async\" src=\"https:\/\/d2p6e6u75xmxt8.cloudfront.net\/4\/2022\/02\/01.jpg\" alt=\"\" width=\"1200\" height=\"800\" class=\"alignnone size-full wp-image-13791\" \/><\/a><\/p>\n<h2><strong>2. D\u00e1mska cyklistick\u00e1 bunda WLC<\/strong><\/h2>\n<p>Pre chladnej\u0161ie jarn\u00e9 dni sa perfektne hod\u00ed <a href=\"https:\/\/eshop.skoda-auto.sk\/sk_SK\/damska-cyklisticka-bunda-wlc-\/p\/000084613F\" rel=\"noopener\" target=\"_blank\">bunda z membr\u00e1nov\u00e9ho materi\u00e1lu<\/a>. Poskytne v\u00e1m potrebn\u00fd tepeln\u00fd komfort a z\u00e1rove\u0148 je dostato\u010dne priedu\u0161n\u00e1. <strong>Navy\u0161e ochr\u00e1ni pred vetrom a da\u017e\u010fom.<\/strong> V\u0161etky potrebn\u00e9 drobnosti a energetick\u00e9 ty\u010dinky pomestite do trojdielneho vrecka. Bezpe\u010dnos\u0165 zais\u0165uj\u00fa reflexn\u00e9 prvky, ktor\u00e9 v\u00e1s zvidite\u013enia na cest\u00e1ch.<\/p>\n<p><a href=\"https:\/\/d2p6e6u75xmxt8.cloudfront.net\/4\/2022\/02\/02.jpg\"><img loading=\"lazy\" decoding=\"async\" src=\"https:\/\/d2p6e6u75xmxt8.cloudfront.net\/4\/2022\/02\/02.jpg\" alt=\"\" width=\"1200\" height=\"800\" class=\"alignnone size-full wp-image-13792\" \/><\/a><\/p>\n<h2><strong>3. P\u00e1nske cyklistick\u00e9 kra\u0165asy<\/strong><\/h2>\n<p>Cyklistick\u00fdch kra\u0165asov nie je nikdy dos\u0165, preto\u017ee je v\u00fdhodnej\u0161ie ma\u0165 viacer\u00e9 a nemusie\u0165 po ka\u017edom v\u00fdjazde neust\u00e1le pra\u0165 a su\u0161i\u0165. <a href=\"https:\/\/eshop.skoda-auto.sk\/sk_SK\/panske-cyklisticke-kratasy\/p\/000084614H\" rel=\"noopener\" target=\"_blank\">Tieto kra\u0165asy<\/a> s\u00fa navy\u0161e aj s\u00a0trakmi, ktor\u00e9 perfektne dr\u017eia nohavice na svojom mieste. <strong>Maj\u00fa p\u00e1nsku v\u00fdstielku GT, ktor\u00e1 sp\u013a\u0148a pr\u00e9miov\u00e9 n\u00e1roky na kvalitu, pohodlie a hygienu.<\/strong> Reflexn\u00e9 p\u00e1siky s\u00fa prec\u00edzne v\u0161it\u00e9 vo \u0161voch na konci nohav\u00edc.<\/p>\n<p><a href=\"https:\/\/d2p6e6u75xmxt8.cloudfront.net\/4\/2022\/02\/03.jpg\"><img loading=\"lazy\" decoding=\"async\" src=\"https:\/\/d2p6e6u75xmxt8.cloudfront.net\/4\/2022\/02\/03.jpg\" alt=\"\" width=\"1200\" height=\"800\" class=\"alignnone size-full wp-image-13793\" \/><\/a><\/p>\n<h2><strong>4. Cyklistick\u00e1 prilba<\/strong><\/h2>\n<p>Viete o\u00a0tom, \u017ee po ur\u010ditom \u010dase treba prilbu vymeni\u0165 za nov\u00fa? Materi\u00e1ly toti\u017eto vplyvom po\u010dasia aj vlastn\u00fdm starnut\u00edm materi\u00e1lov str\u00e1caj\u00fa svoje vlastnosti. Poprem\u00fd\u0161\u013eajte ko\u013eko v\u00e1m sl\u00fa\u017ei va\u0161a prilba a \u010di nie je \u010das na v\u00fdmenu. <a href=\"https:\/\/eshop.skoda-auto.sk\/sk_SK\/cyklisticka-helma-cierna\/p\/000050320G\" rel=\"noopener\" target=\"_blank\">T\u00e1to prilba<\/a> <strong>je \u013eahk\u00e1 a m\u00e1 premyslen\u00e9 vetracie otvory<\/strong>.\u00a0Dostupn\u00e1 je v\u00a0matnej \u010diernej farbe. Samozrejmos\u0165ou je sie\u0165ka proti hmyzu a odn\u00edmate\u013en\u00fd predn\u00fd \u0161t\u00edt.<\/p>\n<p><a href=\"https:\/\/d2p6e6u75xmxt8.cloudfront.net\/4\/2022\/02\/04.jpg\"><img loading=\"lazy\" decoding=\"async\" src=\"https:\/\/d2p6e6u75xmxt8.cloudfront.net\/4\/2022\/02\/04.jpg\" alt=\"\" width=\"1200\" height=\"800\" class=\"alignnone size-full wp-image-13794\" \/><\/a> <\/p>\n<h2><strong>5. Cyklistick\u00e9 pono\u017eky WLC dlh\u00e9<\/strong><\/h2>\n<p>Ak u\u017e pre svoju polovi\u010dku m\u00e1te nejak\u00fd in\u00fd dar\u010dek, ale predsa len h\u013ead\u00e1te nie\u010do mal\u00e9 s cyklistickou tematikou, dobrou vo\u013ebou bud\u00fa <a href=\"https:\/\/eshop.skoda-auto.sk\/sk_SK\/cyklisticke-ponozky-wlc-dlhe\/p\/000084361K+041\" rel=\"noopener\" target=\"_blank\">pono\u017eky<\/a>. S\u00fa pred\u013a\u017een\u00e9ho strihu a vyroben\u00e9 z \u013eahk\u00e9ho a funk\u010dn\u00e9ho materi\u00e1lu. <strong>Maj\u00fa antibakteri\u00e1lnu vrstvu, ktor\u00e1 \u00fa\u010dinne zabra\u0148uje \u0161\u00edreniu bakt\u00e9ri\u00ed<\/strong> a obmedzuje pr\u00edpadn\u00fd nepr\u00edjemn\u00fd z\u00e1pach.<\/p>\n<p><a href=\"https:\/\/d2p6e6u75xmxt8.cloudfront.net\/4\/2022\/02\/05.jpg\"><img loading=\"lazy\" decoding=\"async\" src=\"https:\/\/d2p6e6u75xmxt8.cloudfront.net\/4\/2022\/02\/05.jpg\" alt=\"\" width=\"1200\" height=\"800\" class=\"alignnone size-full wp-image-13795\" \/><\/a><\/p>\n<h2><strong>6. Replika zelen\u00e9ho dresu TdF 2021<\/strong><\/h2>\n<p>Na z\u00e1ver sme si nechali to najlep\u0161ie a t\u00fdm je <a href=\"https:\/\/eshop.skoda-auto.sk\/sk_SK\/replika-zeleneho-dresu-tdf-2021\/p\/000084610BK212\" rel=\"noopener\" target=\"_blank\">replika zelen\u00e9ho dresu Tour De France<\/a> z roku 2021. Na sklade je len p\u00e1r posledn\u00fdch k\u00faskov. <strong>Je u\u0161it\u00fd v perfektne padn\u00facom strihu a silik\u00f3nov\u00e9 pr\u00fa\u017eky na spodnej strane zabr\u00e1nia ne\u017eiaducemu posunu dresu.<\/strong> Samozrejmos\u0165ou s\u00fa ploch\u00e9 \u0161vy a ve\u013ek\u00e9 zadn\u00e9 vrecko. Teraz ho m\u00f4\u017eete dokonca ma\u0165 za zv\u00fdhodnen\u00fa cenu.<\/p>\n<p><a href=\"https:\/\/d2p6e6u75xmxt8.cloudfront.net\/4\/2022\/02\/06.jpg\"><img loading=\"lazy\" decoding=\"async\" src=\"https:\/\/d2p6e6u75xmxt8.cloudfront.net\/4\/2022\/02\/06.jpg\" alt=\"\" width=\"1094\" height=\"680\" class=\"alignnone size-full wp-image-13796\" \/><\/a><\/p>\n<p>Tituln\u00e1 fotografia: Pixabay<\/p>\n","protected":false},"excerpt":{"rendered":"<p>Bl\u00ed\u017ei sa Valent\u00edn, \u010das kedy si treba prejavi\u0165 l\u00e1sku a sympatie navz\u00e1jom so svojimi milovan\u00fdmi. Tajne pripravi\u0165 ne\u010dakan\u00fa ve\u010deru, vzia\u0165 [&hellip;]<\/p>\n","protected":false},"author":81,"featured_media":13801,"comment_status":"open","ping_status":"open","sticky":false,"template":"","format":"standard","meta":{"footnotes":""},"categories":[52],"tags":[115,345,600,215,931,880,475],"global-categories":[1074],"class_list":["post-13784","post","type-post","status-publish","format-standard","has-post-thumbnail","hentry","category-nakupny-poradca","tag-cestna-cyklistika","tag-darceky","tag-muzi","tag-nakupny-poradca","tag-odporucame","tag-welovecycling","tag-zeny","global-categories-cycling"],"yoast_head":"<!-- This site is optimized with the Yoast SEO Premium plugin v25.3 (Yoast SEO v25.9) - https:\/\/yoast.com\/wordpress\/plugins\/seo\/ -->\n<title>Tipy na valent\u00ednsky dar\u010dek pre svoju polovi\u010dku - \u0160koda We Love Cycling Slovensko<\/title>\n<meta name=\"description\" content=\"Bl\u00ed\u017ei sa Valent\u00edn, \u010das kedy si treba prejavi\u0165 l\u00e1sku a sympatie navz\u00e1jom so svojimi milovan\u00fdmi. Vybrali sme pre v\u00e1s z produktov WeLoveCycling.\" \/>\n<meta name=\"robots\" content=\"index, follow, max-snippet:-1, max-image-preview:large, max-video-preview:-1\" \/>\n<link rel=\"canonical\" href=\"https:\/\/www.welovecycling.com\/sk\/2022\/02\/09\/tipy-na-valentinsky-darcek-pre-svoju-polovicku\/\" \/>\n<meta property=\"og:locale\" content=\"sk_SK\" \/>\n<meta property=\"og:type\" content=\"article\" \/>\n<meta property=\"og:title\" content=\"Tipy na valent\u00ednsky dar\u010dek pre svoju polovi\u010dku\" \/>\n<meta property=\"og:description\" content=\"Bl\u00ed\u017ei sa Valent\u00edn, \u010das kedy si treba prejavi\u0165 l\u00e1sku a sympatie navz\u00e1jom so svojimi milovan\u00fdmi. Vybrali sme pre v\u00e1s z produktov WeLoveCycling.\" \/>\n<meta property=\"og:url\" content=\"https:\/\/www.welovecycling.com\/sk\/2022\/02\/09\/tipy-na-valentinsky-darcek-pre-svoju-polovicku\/\" \/>\n<meta property=\"og:site_name\" content=\"\u0160koda We Love Cycling Slovensko\" \/>\n<meta property=\"article:published_time\" content=\"2022-02-09T09:00:07+00:00\" \/>\n<meta property=\"og:image\" content=\"https:\/\/d2p6e6u75xmxt8.cloudfront.net\/4\/2022\/02\/tip_00n.webp\" \/>\n\t<meta property=\"og:image:width\" content=\"1380\" \/>\n\t<meta property=\"og:image:height\" content=\"600\" \/>\n\t<meta property=\"og:image:type\" content=\"image\/webp\" \/>\n<meta name=\"twitter:card\" content=\"summary_large_image\" \/>\n<meta name=\"twitter:label1\" content=\"Written by\" \/>\n\t<meta name=\"twitter:data1\" content=\"Radovan Vr\u0161ka\" \/>\n\t<meta name=\"twitter:label2\" content=\"Est. reading time\" \/>\n\t<meta name=\"twitter:data2\" content=\"4\" \/>\n<script type=\"application\/ld+json\" class=\"yoast-schema-graph\">{\"@context\":\"https:\/\/schema.org\",\"@graph\":[{\"@type\":\"WebPage\",\"@id\":\"https:\/\/www.welovecycling.com\/sk\/2022\/02\/09\/tipy-na-valentinsky-darcek-pre-svoju-polovicku\/\",\"url\":\"https:\/\/www.welovecycling.com\/sk\/2022\/02\/09\/tipy-na-valentinsky-darcek-pre-svoju-polovicku\/\",\"name\":\"Tipy na valent\u00ednsky dar\u010dek pre svoju polovi\u010dku - \u0160koda We Love Cycling Slovensko\",\"isPartOf\":{\"@id\":\"https:\/\/www.welovecycling.com\/sk\/#website\"},\"primaryImageOfPage\":{\"@id\":\"https:\/\/www.welovecycling.com\/sk\/2022\/02\/09\/tipy-na-valentinsky-darcek-pre-svoju-polovicku\/#primaryimage\"},\"image\":{\"@id\":\"https:\/\/www.welovecycling.com\/sk\/2022\/02\/09\/tipy-na-valentinsky-darcek-pre-svoju-polovicku\/#primaryimage\"},\"thumbnailUrl\":\"https:\/\/d2p6e6u75xmxt8.cloudfront.net\/4\/2022\/02\/tip_00n.webp\",\"datePublished\":\"2022-02-09T09:00:07+00:00\",\"author\":{\"@id\":\"\"},\"description\":\"Bl\u00ed\u017ei sa Valent\u00edn, \u010das kedy si treba prejavi\u0165 l\u00e1sku a sympatie navz\u00e1jom so svojimi milovan\u00fdmi. Vybrali sme pre v\u00e1s z produktov WeLoveCycling.\",\"breadcrumb\":{\"@id\":\"https:\/\/www.welovecycling.com\/sk\/2022\/02\/09\/tipy-na-valentinsky-darcek-pre-svoju-polovicku\/#breadcrumb\"},\"inLanguage\":\"sk-SK\",\"potentialAction\":[{\"@type\":\"ReadAction\",\"target\":[\"https:\/\/www.welovecycling.com\/sk\/2022\/02\/09\/tipy-na-valentinsky-darcek-pre-svoju-polovicku\/\"]}]},{\"@type\":\"ImageObject\",\"inLanguage\":\"sk-SK\",\"@id\":\"https:\/\/www.welovecycling.com\/sk\/2022\/02\/09\/tipy-na-valentinsky-darcek-pre-svoju-polovicku\/#primaryimage\",\"url\":\"https:\/\/d2p6e6u75xmxt8.cloudfront.net\/4\/2022\/02\/tip_00n.webp\",\"contentUrl\":\"https:\/\/d2p6e6u75xmxt8.cloudfront.net\/4\/2022\/02\/tip_00n.webp\",\"width\":1380,\"height\":600},{\"@type\":\"BreadcrumbList\",\"@id\":\"https:\/\/www.welovecycling.com\/sk\/2022\/02\/09\/tipy-na-valentinsky-darcek-pre-svoju-polovicku\/#breadcrumb\",\"itemListElement\":[{\"@type\":\"ListItem\",\"position\":1,\"name\":\"Home\",\"item\":\"https:\/\/www.welovecycling.com\/sk\/\"},{\"@type\":\"ListItem\",\"position\":2,\"name\":\"Tipy na valent\u00ednsky dar\u010dek pre svoju polovi\u010dku\"}]},{\"@type\":\"WebSite\",\"@id\":\"https:\/\/www.welovecycling.com\/sk\/#website\",\"url\":\"https:\/\/www.welovecycling.com\/sk\/\",\"name\":\"\u0160koda We Love Cycling Slovensko\",\"description\":\"\u0160koda We Love Cycling Slovensko je v\u00e1\u0161 ka\u017edodenn\u00fd zdroj noviniek a in\u0161pir\u00e1cie z sveta cyklistiky\",\"potentialAction\":[{\"@type\":\"SearchAction\",\"target\":{\"@type\":\"EntryPoint\",\"urlTemplate\":\"https:\/\/www.welovecycling.com\/sk\/?s={search_term_string}\"},\"query-input\":{\"@type\":\"PropertyValueSpecification\",\"valueRequired\":true,\"valueName\":\"search_term_string\"}}],\"inLanguage\":\"sk-SK\"},{\"@type\":\"Person\",\"@id\":\"\",\"url\":\"https:\/\/www.welovecycling.com\/sk\/author\/\"}]}<\/script>\n<!-- \/ Yoast SEO Premium plugin. -->","yoast_head_json":{"title":"Tipy na valent\u00ednsky dar\u010dek pre svoju polovi\u010dku - \u0160koda We Love Cycling Slovensko","description":"Bl\u00ed\u017ei sa Valent\u00edn, \u010das kedy si treba prejavi\u0165 l\u00e1sku a sympatie navz\u00e1jom so svojimi milovan\u00fdmi. Vybrali sme pre v\u00e1s z produktov WeLoveCycling.","robots":{"index":"index","follow":"follow","max-snippet":"max-snippet:-1","max-image-preview":"max-image-preview:large","max-video-preview":"max-video-preview:-1"},"canonical":"https:\/\/www.welovecycling.com\/sk\/2022\/02\/09\/tipy-na-valentinsky-darcek-pre-svoju-polovicku\/","og_locale":"sk_SK","og_type":"article","og_title":"Tipy na valent\u00ednsky dar\u010dek pre svoju polovi\u010dku","og_description":"Bl\u00ed\u017ei sa Valent\u00edn, \u010das kedy si treba prejavi\u0165 l\u00e1sku a sympatie navz\u00e1jom so svojimi milovan\u00fdmi. Vybrali sme pre v\u00e1s z produktov WeLoveCycling.","og_url":"https:\/\/www.welovecycling.com\/sk\/2022\/02\/09\/tipy-na-valentinsky-darcek-pre-svoju-polovicku\/","og_site_name":"\u0160koda We Love Cycling Slovensko","article_published_time":"2022-02-09T09:00:07+00:00","og_image":[{"width":1380,"height":600,"url":"https:\/\/d2p6e6u75xmxt8.cloudfront.net\/4\/2022\/02\/tip_00n.webp","type":"image\/webp"}],"twitter_card":"summary_large_image","twitter_misc":{"Written by":"Radovan Vr\u0161ka","Est. reading time":"4"},"schema":{"@context":"https:\/\/schema.org","@graph":[{"@type":"WebPage","@id":"https:\/\/www.welovecycling.com\/sk\/2022\/02\/09\/tipy-na-valentinsky-darcek-pre-svoju-polovicku\/","url":"https:\/\/www.welovecycling.com\/sk\/2022\/02\/09\/tipy-na-valentinsky-darcek-pre-svoju-polovicku\/","name":"Tipy na valent\u00ednsky dar\u010dek pre svoju polovi\u010dku - \u0160koda We Love Cycling Slovensko","isPartOf":{"@id":"https:\/\/www.welovecycling.com\/sk\/#website"},"primaryImageOfPage":{"@id":"https:\/\/www.welovecycling.com\/sk\/2022\/02\/09\/tipy-na-valentinsky-darcek-pre-svoju-polovicku\/#primaryimage"},"image":{"@id":"https:\/\/www.welovecycling.com\/sk\/2022\/02\/09\/tipy-na-valentinsky-darcek-pre-svoju-polovicku\/#primaryimage"},"thumbnailUrl":"https:\/\/d2p6e6u75xmxt8.cloudfront.net\/4\/2022\/02\/tip_00n.webp","datePublished":"2022-02-09T09:00:07+00:00","author":{"@id":""},"description":"Bl\u00ed\u017ei sa Valent\u00edn, \u010das kedy si treba prejavi\u0165 l\u00e1sku a sympatie navz\u00e1jom so svojimi milovan\u00fdmi. Vybrali sme pre v\u00e1s z produktov WeLoveCycling.","breadcrumb":{"@id":"https:\/\/www.welovecycling.com\/sk\/2022\/02\/09\/tipy-na-valentinsky-darcek-pre-svoju-polovicku\/#breadcrumb"},"inLanguage":"sk-SK","potentialAction":[{"@type":"ReadAction","target":["https:\/\/www.welovecycling.com\/sk\/2022\/02\/09\/tipy-na-valentinsky-darcek-pre-svoju-polovicku\/"]}]},{"@type":"ImageObject","inLanguage":"sk-SK","@id":"https:\/\/www.welovecycling.com\/sk\/2022\/02\/09\/tipy-na-valentinsky-darcek-pre-svoju-polovicku\/#primaryimage","url":"https:\/\/d2p6e6u75xmxt8.cloudfront.net\/4\/2022\/02\/tip_00n.webp","contentUrl":"https:\/\/d2p6e6u75xmxt8.cloudfront.net\/4\/2022\/02\/tip_00n.webp","width":1380,"height":600},{"@type":"BreadcrumbList","@id":"https:\/\/www.welovecycling.com\/sk\/2022\/02\/09\/tipy-na-valentinsky-darcek-pre-svoju-polovicku\/#breadcrumb","itemListElement":[{"@type":"ListItem","position":1,"name":"Home","item":"https:\/\/www.welovecycling.com\/sk\/"},{"@type":"ListItem","position":2,"name":"Tipy na valent\u00ednsky dar\u010dek pre svoju polovi\u010dku"}]},{"@type":"WebSite","@id":"https:\/\/www.welovecycling.com\/sk\/#website","url":"https:\/\/www.welovecycling.com\/sk\/","name":"\u0160koda We Love Cycling Slovensko","description":"\u0160koda We Love Cycling Slovensko je v\u00e1\u0161 ka\u017edodenn\u00fd zdroj noviniek a in\u0161pir\u00e1cie z sveta cyklistiky","potentialAction":[{"@type":"SearchAction","target":{"@type":"EntryPoint","urlTemplate":"https:\/\/www.welovecycling.com\/sk\/?s={search_term_string}"},"query-input":{"@type":"PropertyValueSpecification","valueRequired":true,"valueName":"search_term_string"}}],"inLanguage":"sk-SK"},{"@type":"Person","@id":"","url":"https:\/\/www.welovecycling.com\/sk\/author\/"}]}},"_links":{"self":[{"href":"https:\/\/www.welovecycling.com\/sk\/wp-json\/wp\/v2\/posts\/13784","targetHints":{"allow":["GET"]}}],"collection":[{"href":"https:\/\/www.welovecycling.com\/sk\/wp-json\/wp\/v2\/posts"}],"about":[{"href":"https:\/\/www.welovecycling.com\/sk\/wp-json\/wp\/v2\/types\/post"}],"author":[{"embeddable":true,"href":"https:\/\/www.welovecycling.com\/sk\/wp-json\/wp\/v2\/users\/81"}],"replies":[{"embeddable":true,"href":"https:\/\/www.welovecycling.com\/sk\/wp-json\/wp\/v2\/comments?post=13784"}],"version-history":[{"count":2,"href":"https:\/\/www.welovecycling.com\/sk\/wp-json\/wp\/v2\/posts\/13784\/revisions"}],"predecessor-version":[{"id":13803,"href":"https:\/\/www.welovecycling.com\/sk\/wp-json\/wp\/v2\/posts\/13784\/revisions\/13803"}],"wp:featuredmedia":[{"embeddable":true,"href":"https:\/\/www.welovecycling.com\/sk\/wp-json\/wp\/v2\/media\/13801"}],"wp:attachment":[{"href":"https:\/\/www.welovecycling.com\/sk\/wp-json\/wp\/v2\/media?parent=13784"}],"wp:term":[{"taxonomy":"category","embeddable":true,"href":"https:\/\/www.welovecycling.com\/sk\/wp-json\/wp\/v2\/categories?post=13784"},{"taxonomy":"post_tag","embeddable":true,"href":"https:\/\/www.welovecycling.com\/sk\/wp-json\/wp\/v2\/tags?post=13784"},{"taxonomy":"global-categories","embeddable":true,"href":"https:\/\/www.welovecycling.com\/sk\/wp-json\/wp\/v2\/global-categories?post=13784"}],"curies":[{"name":"wp","href":"https:\/\/api.w.org\/{rel}","templated":true}]}}