{"id":13767,"date":"2022-02-11T10:00:07","date_gmt":"2022-02-11T09:00:07","guid":{"rendered":"https:\/\/www.welovecycling.com\/sk\/?p=13767"},"modified":"2022-02-07T08:24:33","modified_gmt":"2022-02-07T07:24:33","slug":"nas-vyber-zimnych-cyklistickych-bund-do-chladu-a-mokra","status":"publish","type":"post","link":"https:\/\/www.welovecycling.com\/sk\/2022\/02\/11\/nas-vyber-zimnych-cyklistickych-bund-do-chladu-a-mokra\/","title":{"rendered":"N\u00e1\u0161 v\u00fdber zimn\u00fdch cyklistick\u00fdch b\u00fand do chladu a mokra"},"content":{"rendered":"<p><strong>Ak je tam, kde sa nach\u00e1dzate, zima a jazd\u00edte napriek chladn\u00e9mu a vlhk\u00e9mu po\u010dasiu, mo\u017eno budete chcie\u0165 vylep\u0161i\u0165 svoj cyklistick\u00fd komfort novou zimnou cyklistickou bundou. A ak ste ochotn\u00ed min\u00fa\u0165 aj trochu pe\u0148az\u00ed navy\u0161e \u2013 teda ak je pre v\u00e1s zimn\u00e1 cyklistika tak\u00e1 d\u00f4le\u017eit\u00e1 \u2013 budete si chcie\u0165 zaobstara\u0165 bundu, ktor\u00e1 je navrhnut\u00e1 tak, aby v\u00e1s ochr\u00e1nila pred chladom a da\u017e\u010fom.<\/strong><\/p>\n<p><!--more--><\/p>\n<p>Tieto bundy, v ktor\u00fdch sa sp\u00e1jaj\u00fa vlnen\u00e9 termo tkaniny s vodoodpudiv\u00fdmi vrstvami, v\u00e1m umo\u017enia jazdi\u0165 po cel\u00fd rok za ka\u017ed\u00e9ho po\u010dasia. Va\u0161e rozhodovanie o oble\u010den\u00ed pred zimou bude hra\u010dkou. Pokia\u013e nepr\u00edde b\u00farka alebo naozaj, naozaj chladn\u00e9 po\u010dasie, t\u00e1to bunda bude v\u0161etko, \u010do budete potrebova\u0165. Tu je zoznam t\u00fdch najlep\u0161\u00edch.<\/p>\n<h2><strong>Cyklistick\u00e1 bunda Endura Windchill II<\/strong><\/h2>\n<p><a href=\"https:\/\/d2p6e6u75xmxt8.cloudfront.net\/4\/2022\/02\/Endura-Windchill-Cycling-Jacket-II-Jackets-Rust-Red-2020-E9161RR-3-1.jpeg\"><img loading=\"lazy\" decoding=\"async\" class=\"alignnone size-full wp-image-13768\" src=\"https:\/\/d2p6e6u75xmxt8.cloudfront.net\/4\/2022\/02\/Endura-Windchill-Cycling-Jacket-II-Jackets-Rust-Red-2020-E9161RR-3-1.jpeg\" alt=\"Endura Windchill Cycling Jacket\" width=\"1300\" height=\"1300\" \/><\/a><\/p>\n<p>Ka\u017ed\u00fd, kto h\u013ead\u00e1 lacn\u00fa zimn\u00fa cyklistick\u00fa bundu, mus\u00ed vysk\u00fa\u0161a\u0165 Endura Windchill Jacket II. Skvel\u00fd pr\u00edklad jednoduch\u00e9ho, ale efekt\u00edvneho dizajnu. V\u010faka nej budete v teple aj po\u010das jazdy na snehu. <strong>M\u00e1 vynikaj\u00facu vodoodolnos\u0165 a praktick\u00e9 funkcie, ako je vetranie v podpazu\u0161\u00ed.<\/strong> Nev\u00fdhodou je, \u017ee nem\u00e1 vodotesn\u00e9 vrecko pre v\u00e1\u0161 telef\u00f3n, tak\u017ee sa oplat\u00ed vzia\u0165 si na jazdu uzatv\u00e1rate\u013en\u00fa bra\u0161nu. Ak h\u013ead\u00e1te teplo a nem\u00e1te radi priliehav\u00e9 strihy, je to skvel\u00e1 vo\u013eba. Najm\u00e4 ak je pre v\u00e1s rozpo\u010det vy\u0161\u0161ou prioritou ako niektor\u00e9 technick\u00e9 vlastnosti. Ak h\u013ead\u00e1te ve\u013ea tepla za svoje peniaze, toto je bunda, ktor\u00fa budete chcie\u0165.<\/p>\n<h2><strong>Zimn\u00e1 bunda Rapha Pro Team<\/strong><\/h2>\n<p><a href=\"https:\/\/d2p6e6u75xmxt8.cloudfront.net\/4\/2022\/02\/Rapha-winter-cycling-jacket.jpg\"><img loading=\"lazy\" decoding=\"async\" class=\"alignnone size-full wp-image-13769\" src=\"https:\/\/d2p6e6u75xmxt8.cloudfront.net\/4\/2022\/02\/Rapha-winter-cycling-jacket.jpg\" alt=\"Rapha winter cycling jacket\" width=\"1138\" height=\"1400\" \/><\/a><\/p>\n<p>Jednou z ve\u013ek\u00fdch v\u00fdhod vodoodolnej zimnej bundy Rapha Pro Team je, <strong>\u017ee dobre funguje v \u0161irokom rozsahu tepl\u00f4t, od -5 \u00b0C do 10 \u00b0C, so \u0161pi\u010dkov\u00fdm v\u00fdkonom okolo 5 \u00b0C<\/strong>. \u010eal\u0161ou v\u00fdhodou je jej strih, ktor\u00fd dokonale obopne va\u0161e telo a neurob\u00ed nikde \u017eiadne z\u00e1hyby. Ruk\u00e1vy perfektne pri\u013en\u00fa k rukaviciam, ale m\u00f4\u017eu by\u0165 trochu tesn\u00e9, ak po\u010das jazdy nos\u00edte n\u00e1ramkov\u00e9 hodinky. T\u00e1to bunda pon\u00faka dostatok \u00falo\u017en\u00e9ho priestoru vpredu aj vzadu a ve\u013ea reflexn\u00fdch prvkov, v\u010faka \u010domu ide o ve\u013emi praktick\u00fa bundu ur\u010den\u00fa pre akt\u00edvnych jazdcov. V\u0161etky tu uveden\u00e9 bundy pon\u00fakaj\u00fa p\u00e1nsky a d\u00e1msky strih, a Rapha pred\u00e1va d\u00e1msky strih pod n\u00e1zvom UMA GT.<\/p>\n<h2><strong>Zimn\u00e1 bunda Assos Mille GT Ultraz Evo<\/strong><\/h2>\n<p><a href=\"https:\/\/d2p6e6u75xmxt8.cloudfront.net\/4\/2022\/02\/Assos-MILLE-GT-ULTRAZ-Winter-Jacket-EVO-Jackets.jpg\"><img loading=\"lazy\" decoding=\"async\" class=\"alignnone size-full wp-image-13770\" src=\"https:\/\/d2p6e6u75xmxt8.cloudfront.net\/4\/2022\/02\/Assos-MILLE-GT-ULTRAZ-Winter-Jacket-EVO-Jackets.jpg\" alt=\"Assos Mille winter cycling jacket\" width=\"1080\" height=\"1080\" \/><\/a><\/p>\n<p>Ak chcete zimn\u00fa bundu, ktor\u00e1 vydr\u017e\u00ed aj menej \u0161etrn\u00e9 zaobch\u00e1dzanie, Assos Mille GT Ultraz Winter Jacket Evo je t\u00e1, na ktor\u00fa by ste sa mali pozrie\u0165. <strong>Pon\u00faka \u00fa\u017easne m\u00e4kk\u00fa vn\u00fatorn\u00fa v\u00fdstelku RX, ktor\u00e1 zahreje va\u0161e telo hne\u010f, ako si ju oble\u010diete.<\/strong> Na vonkaj\u0161ej strane s\u00fa okrem odolnej\u0161\u00edch materi\u00e1lov pou\u017eit\u00e9 r\u00f4zne NEOS tkaniny. Tie s\u00fa hlavne na exponovanej\u0161\u00edch miestach, ako s\u00fa ramen\u00e1. Pon\u00faka vynikaj\u00facu priedu\u0161nos\u0165 a ve\u013emi dobr\u00fa nepremokavos\u0165. Ak sa v\u0161ak chcete vyda\u0165 do skuto\u010dne prudk\u00e9ho lejaku, mo\u017eno si budete musie\u0165 vzia\u0165 e\u0161te nie\u010do na seba. Bunda Assos pon\u00faka aj d\u00f4myseln\u00fd dizajn dvojitej man\u017eety pri ruk\u00e1ch, ktor\u00e1 ich chr\u00e1ni pred vetrom a da\u017e\u010fom stekaj\u00facim do ruk\u00e1vov. Bunde bohu\u017eia\u013e ch\u00fdbaj\u00fa zadn\u00e9 vreck\u00e1 odoln\u00e9 vo\u010di poveternostn\u00fdm vplyvom a vodoodoln\u00e9 vrecko na zips. \u0160ikovn\u00e1 technol\u00f3gia, ktor\u00e1 je s\u00fa\u010das\u0165ou tohto produktu, sa v\u0161ak prejav\u00ed aj na cene.<\/p>\n<h2><strong>\u013dahk\u00e1 bunda Castelli Alpha ROS 2<\/strong><\/h2>\n<p><a href=\"https:\/\/d2p6e6u75xmxt8.cloudfront.net\/4\/2022\/02\/Castelli-Alpha-ROS-2-Light-Jacket-Jackets.jpg\"><img loading=\"lazy\" decoding=\"async\" class=\"alignnone size-full wp-image-13771\" src=\"https:\/\/d2p6e6u75xmxt8.cloudfront.net\/4\/2022\/02\/Castelli-Alpha-ROS-2-Light-Jacket-Jackets.jpg\" alt=\"Castelli Alpha ROS\" width=\"1080\" height=\"1080\" \/><\/a><\/p>\n<p>Nakoniec, \u013eahk\u00e1 bunda Castelli Alpha ROS 2 je pravdepodobne najpraktickej\u0161ia zo \u0161irokej \u0161k\u00e1ly zimn\u00fdch b\u00fand, ktor\u00e9 Castelli pon\u00faka, <strong>preto\u017ee vyhovuje v\u00e4\u010d\u0161ine podmienok, ktor\u00fdm budete musie\u0165 \u010deli\u0165<\/strong>. K\u013e\u00fa\u010dovou vlastnos\u0165ou bundy je jej dvojvrstvov\u00e1 kon\u0161trukcia. Na vn\u00fatornej strane m\u00e1 izola\u010dn\u00fa \u013eahk\u00fa tkaninu ProSecco Strada, zatia\u013e \u010do na vrchu a na ruk\u00e1voch pon\u00faka extra vrstvu Gore-Tex Infinium Windstopper 150. A ak by to nesta\u010dilo, na zadnej strane bundy je pou\u017eit\u00fd materi\u00e1l Nano Flex Xtra Dry s d\u00f4razom na priedu\u0161nos\u0165 a odvod da\u017e\u010fa v\u010faka vodoodpudivej \u00faprave. Toto je bunda na chladn\u00e9 jesenn\u00e9 a zimn\u00e9 dni, preto\u017ee sa odpor\u00fa\u010da na pou\u017eitie pri teplot\u00e1ch od 8 \u00b0C \u200b\u200bdo 15 \u00b0C.<\/p>\n","protected":false},"excerpt":{"rendered":"<p>Ak je tam, kde sa nach\u00e1dzate, zima a jazd\u00edte napriek chladn\u00e9mu a vlhk\u00e9mu po\u010dasiu, mo\u017eno budete chcie\u0165 vylep\u0161i\u0165 svoj cyklistick\u00fd [&hellip;]<\/p>\n","protected":false},"author":81,"featured_media":13773,"comment_status":"open","ping_status":"open","sticky":false,"template":"","format":"standard","meta":{"footnotes":""},"categories":[191],"tags":[1436,312,1435,115,333,180,931,317],"global-categories":[],"class_list":["post-13767","post","type-post","status-publish","format-standard","has-post-thumbnail","hentry","category-odporucame","tag-assos","tag-bunda","tag-castelli","tag-cestna-cyklistika","tag-chlad","tag-horska-cyklistika","tag-odporucame","tag-zima"],"yoast_head":"<!-- This site is optimized with the Yoast SEO Premium plugin v25.3 (Yoast SEO v25.9) - https:\/\/yoast.com\/wordpress\/plugins\/seo\/ -->\n<title>N\u00e1\u0161 v\u00fdber zimn\u00fdch cyklistick\u00fdch b\u00fand do chladu a mokra<\/title>\n<meta name=\"description\" content=\"Pokia\u013e nepr\u00edde b\u00farka alebo naozaj, naozaj ve\u013emi chladn\u00e9 po\u010dasie, bude v\u00e1m sta\u010di\u0165 dobr\u00e1 zimn\u00e1 cyklistick\u00e1 bunda. Tu je zoznam t\u00fdch najlep\u0161\u00edch.\" \/>\n<meta name=\"robots\" content=\"index, follow, max-snippet:-1, max-image-preview:large, max-video-preview:-1\" \/>\n<link rel=\"canonical\" href=\"https:\/\/www.welovecycling.com\/sk\/2022\/02\/11\/nas-vyber-zimnych-cyklistickych-bund-do-chladu-a-mokra\/\" \/>\n<meta property=\"og:locale\" content=\"sk_SK\" \/>\n<meta property=\"og:type\" content=\"article\" \/>\n<meta property=\"og:title\" content=\"N\u00e1\u0161 v\u00fdber zimn\u00fdch cyklistick\u00fdch b\u00fand do chladu a mokra\" \/>\n<meta property=\"og:description\" content=\"Pokia\u013e nepr\u00edde b\u00farka alebo naozaj, naozaj ve\u013emi chladn\u00e9 po\u010dasie, bude v\u00e1m sta\u010di\u0165 dobr\u00e1 zimn\u00e1 cyklistick\u00e1 bunda. Tu je zoznam t\u00fdch najlep\u0161\u00edch.\" \/>\n<meta property=\"og:url\" content=\"https:\/\/www.welovecycling.com\/sk\/2022\/02\/11\/nas-vyber-zimnych-cyklistickych-bund-do-chladu-a-mokra\/\" \/>\n<meta property=\"og:site_name\" content=\"\u0160koda We Love Cycling Slovensko\" \/>\n<meta property=\"article:published_time\" content=\"2022-02-11T09:00:07+00:00\" \/>\n<meta property=\"og:image\" content=\"https:\/\/d2p6e6u75xmxt8.cloudfront.net\/4\/2022\/02\/Winter-cycling-profimedia-0651755891-CVR.webp\" \/>\n\t<meta property=\"og:image:width\" content=\"1366\" \/>\n\t<meta property=\"og:image:height\" content=\"600\" \/>\n\t<meta property=\"og:image:type\" content=\"image\/webp\" \/>\n<meta name=\"twitter:card\" content=\"summary_large_image\" \/>\n<meta name=\"twitter:label1\" content=\"Written by\" \/>\n\t<meta name=\"twitter:data1\" content=\"Monica Buck\" \/>\n\t<meta name=\"twitter:label2\" content=\"Est. reading time\" \/>\n\t<meta name=\"twitter:data2\" content=\"5\" \/>\n<script type=\"application\/ld+json\" class=\"yoast-schema-graph\">{\"@context\":\"https:\/\/schema.org\",\"@graph\":[{\"@type\":\"WebPage\",\"@id\":\"https:\/\/www.welovecycling.com\/sk\/2022\/02\/11\/nas-vyber-zimnych-cyklistickych-bund-do-chladu-a-mokra\/\",\"url\":\"https:\/\/www.welovecycling.com\/sk\/2022\/02\/11\/nas-vyber-zimnych-cyklistickych-bund-do-chladu-a-mokra\/\",\"name\":\"N\u00e1\u0161 v\u00fdber zimn\u00fdch cyklistick\u00fdch b\u00fand do chladu a mokra\",\"isPartOf\":{\"@id\":\"https:\/\/www.welovecycling.com\/sk\/#website\"},\"primaryImageOfPage\":{\"@id\":\"https:\/\/www.welovecycling.com\/sk\/2022\/02\/11\/nas-vyber-zimnych-cyklistickych-bund-do-chladu-a-mokra\/#primaryimage\"},\"image\":{\"@id\":\"https:\/\/www.welovecycling.com\/sk\/2022\/02\/11\/nas-vyber-zimnych-cyklistickych-bund-do-chladu-a-mokra\/#primaryimage\"},\"thumbnailUrl\":\"https:\/\/d2p6e6u75xmxt8.cloudfront.net\/4\/2022\/02\/Winter-cycling-profimedia-0651755891-CVR.webp\",\"datePublished\":\"2022-02-11T09:00:07+00:00\",\"author\":{\"@id\":\"\"},\"description\":\"Pokia\u013e nepr\u00edde b\u00farka alebo naozaj, naozaj ve\u013emi chladn\u00e9 po\u010dasie, bude v\u00e1m sta\u010di\u0165 dobr\u00e1 zimn\u00e1 cyklistick\u00e1 bunda. Tu je zoznam t\u00fdch najlep\u0161\u00edch.\",\"breadcrumb\":{\"@id\":\"https:\/\/www.welovecycling.com\/sk\/2022\/02\/11\/nas-vyber-zimnych-cyklistickych-bund-do-chladu-a-mokra\/#breadcrumb\"},\"inLanguage\":\"sk-SK\",\"potentialAction\":[{\"@type\":\"ReadAction\",\"target\":[\"https:\/\/www.welovecycling.com\/sk\/2022\/02\/11\/nas-vyber-zimnych-cyklistickych-bund-do-chladu-a-mokra\/\"]}]},{\"@type\":\"ImageObject\",\"inLanguage\":\"sk-SK\",\"@id\":\"https:\/\/www.welovecycling.com\/sk\/2022\/02\/11\/nas-vyber-zimnych-cyklistickych-bund-do-chladu-a-mokra\/#primaryimage\",\"url\":\"https:\/\/d2p6e6u75xmxt8.cloudfront.net\/4\/2022\/02\/Winter-cycling-profimedia-0651755891-CVR.webp\",\"contentUrl\":\"https:\/\/d2p6e6u75xmxt8.cloudfront.net\/4\/2022\/02\/Winter-cycling-profimedia-0651755891-CVR.webp\",\"width\":1366,\"height\":600,\"caption\":\"Winter cycling\"},{\"@type\":\"BreadcrumbList\",\"@id\":\"https:\/\/www.welovecycling.com\/sk\/2022\/02\/11\/nas-vyber-zimnych-cyklistickych-bund-do-chladu-a-mokra\/#breadcrumb\",\"itemListElement\":[{\"@type\":\"ListItem\",\"position\":1,\"name\":\"Home\",\"item\":\"https:\/\/www.welovecycling.com\/sk\/\"},{\"@type\":\"ListItem\",\"position\":2,\"name\":\"N\u00e1\u0161 v\u00fdber zimn\u00fdch cyklistick\u00fdch b\u00fand do chladu a mokra\"}]},{\"@type\":\"WebSite\",\"@id\":\"https:\/\/www.welovecycling.com\/sk\/#website\",\"url\":\"https:\/\/www.welovecycling.com\/sk\/\",\"name\":\"\u0160koda We Love Cycling Slovensko\",\"description\":\"\u0160koda We Love Cycling Slovensko je v\u00e1\u0161 ka\u017edodenn\u00fd zdroj noviniek a in\u0161pir\u00e1cie z sveta cyklistiky\",\"potentialAction\":[{\"@type\":\"SearchAction\",\"target\":{\"@type\":\"EntryPoint\",\"urlTemplate\":\"https:\/\/www.welovecycling.com\/sk\/?s={search_term_string}\"},\"query-input\":{\"@type\":\"PropertyValueSpecification\",\"valueRequired\":true,\"valueName\":\"search_term_string\"}}],\"inLanguage\":\"sk-SK\"},{\"@type\":\"Person\",\"@id\":\"\",\"url\":\"https:\/\/www.welovecycling.com\/sk\/author\/\"}]}<\/script>\n<!-- \/ Yoast SEO Premium plugin. -->","yoast_head_json":{"title":"N\u00e1\u0161 v\u00fdber zimn\u00fdch cyklistick\u00fdch b\u00fand do chladu a mokra","description":"Pokia\u013e nepr\u00edde b\u00farka alebo naozaj, naozaj ve\u013emi chladn\u00e9 po\u010dasie, bude v\u00e1m sta\u010di\u0165 dobr\u00e1 zimn\u00e1 cyklistick\u00e1 bunda. Tu je zoznam t\u00fdch najlep\u0161\u00edch.","robots":{"index":"index","follow":"follow","max-snippet":"max-snippet:-1","max-image-preview":"max-image-preview:large","max-video-preview":"max-video-preview:-1"},"canonical":"https:\/\/www.welovecycling.com\/sk\/2022\/02\/11\/nas-vyber-zimnych-cyklistickych-bund-do-chladu-a-mokra\/","og_locale":"sk_SK","og_type":"article","og_title":"N\u00e1\u0161 v\u00fdber zimn\u00fdch cyklistick\u00fdch b\u00fand do chladu a mokra","og_description":"Pokia\u013e nepr\u00edde b\u00farka alebo naozaj, naozaj ve\u013emi chladn\u00e9 po\u010dasie, bude v\u00e1m sta\u010di\u0165 dobr\u00e1 zimn\u00e1 cyklistick\u00e1 bunda. Tu je zoznam t\u00fdch najlep\u0161\u00edch.","og_url":"https:\/\/www.welovecycling.com\/sk\/2022\/02\/11\/nas-vyber-zimnych-cyklistickych-bund-do-chladu-a-mokra\/","og_site_name":"\u0160koda We Love Cycling Slovensko","article_published_time":"2022-02-11T09:00:07+00:00","og_image":[{"width":1366,"height":600,"url":"https:\/\/d2p6e6u75xmxt8.cloudfront.net\/4\/2022\/02\/Winter-cycling-profimedia-0651755891-CVR.webp","type":"image\/webp"}],"twitter_card":"summary_large_image","twitter_misc":{"Written by":"Monica Buck","Est. reading time":"5"},"schema":{"@context":"https:\/\/schema.org","@graph":[{"@type":"WebPage","@id":"https:\/\/www.welovecycling.com\/sk\/2022\/02\/11\/nas-vyber-zimnych-cyklistickych-bund-do-chladu-a-mokra\/","url":"https:\/\/www.welovecycling.com\/sk\/2022\/02\/11\/nas-vyber-zimnych-cyklistickych-bund-do-chladu-a-mokra\/","name":"N\u00e1\u0161 v\u00fdber zimn\u00fdch cyklistick\u00fdch b\u00fand do chladu a mokra","isPartOf":{"@id":"https:\/\/www.welovecycling.com\/sk\/#website"},"primaryImageOfPage":{"@id":"https:\/\/www.welovecycling.com\/sk\/2022\/02\/11\/nas-vyber-zimnych-cyklistickych-bund-do-chladu-a-mokra\/#primaryimage"},"image":{"@id":"https:\/\/www.welovecycling.com\/sk\/2022\/02\/11\/nas-vyber-zimnych-cyklistickych-bund-do-chladu-a-mokra\/#primaryimage"},"thumbnailUrl":"https:\/\/d2p6e6u75xmxt8.cloudfront.net\/4\/2022\/02\/Winter-cycling-profimedia-0651755891-CVR.webp","datePublished":"2022-02-11T09:00:07+00:00","author":{"@id":""},"description":"Pokia\u013e nepr\u00edde b\u00farka alebo naozaj, naozaj ve\u013emi chladn\u00e9 po\u010dasie, bude v\u00e1m sta\u010di\u0165 dobr\u00e1 zimn\u00e1 cyklistick\u00e1 bunda. Tu je zoznam t\u00fdch najlep\u0161\u00edch.","breadcrumb":{"@id":"https:\/\/www.welovecycling.com\/sk\/2022\/02\/11\/nas-vyber-zimnych-cyklistickych-bund-do-chladu-a-mokra\/#breadcrumb"},"inLanguage":"sk-SK","potentialAction":[{"@type":"ReadAction","target":["https:\/\/www.welovecycling.com\/sk\/2022\/02\/11\/nas-vyber-zimnych-cyklistickych-bund-do-chladu-a-mokra\/"]}]},{"@type":"ImageObject","inLanguage":"sk-SK","@id":"https:\/\/www.welovecycling.com\/sk\/2022\/02\/11\/nas-vyber-zimnych-cyklistickych-bund-do-chladu-a-mokra\/#primaryimage","url":"https:\/\/d2p6e6u75xmxt8.cloudfront.net\/4\/2022\/02\/Winter-cycling-profimedia-0651755891-CVR.webp","contentUrl":"https:\/\/d2p6e6u75xmxt8.cloudfront.net\/4\/2022\/02\/Winter-cycling-profimedia-0651755891-CVR.webp","width":1366,"height":600,"caption":"Winter cycling"},{"@type":"BreadcrumbList","@id":"https:\/\/www.welovecycling.com\/sk\/2022\/02\/11\/nas-vyber-zimnych-cyklistickych-bund-do-chladu-a-mokra\/#breadcrumb","itemListElement":[{"@type":"ListItem","position":1,"name":"Home","item":"https:\/\/www.welovecycling.com\/sk\/"},{"@type":"ListItem","position":2,"name":"N\u00e1\u0161 v\u00fdber zimn\u00fdch cyklistick\u00fdch b\u00fand do chladu a mokra"}]},{"@type":"WebSite","@id":"https:\/\/www.welovecycling.com\/sk\/#website","url":"https:\/\/www.welovecycling.com\/sk\/","name":"\u0160koda We Love Cycling Slovensko","description":"\u0160koda We Love Cycling Slovensko je v\u00e1\u0161 ka\u017edodenn\u00fd zdroj noviniek a in\u0161pir\u00e1cie z sveta cyklistiky","potentialAction":[{"@type":"SearchAction","target":{"@type":"EntryPoint","urlTemplate":"https:\/\/www.welovecycling.com\/sk\/?s={search_term_string}"},"query-input":{"@type":"PropertyValueSpecification","valueRequired":true,"valueName":"search_term_string"}}],"inLanguage":"sk-SK"},{"@type":"Person","@id":"","url":"https:\/\/www.welovecycling.com\/sk\/author\/"}]}},"_links":{"self":[{"href":"https:\/\/www.welovecycling.com\/sk\/wp-json\/wp\/v2\/posts\/13767","targetHints":{"allow":["GET"]}}],"collection":[{"href":"https:\/\/www.welovecycling.com\/sk\/wp-json\/wp\/v2\/posts"}],"about":[{"href":"https:\/\/www.welovecycling.com\/sk\/wp-json\/wp\/v2\/types\/post"}],"author":[{"embeddable":true,"href":"https:\/\/www.welovecycling.com\/sk\/wp-json\/wp\/v2\/users\/81"}],"replies":[{"embeddable":true,"href":"https:\/\/www.welovecycling.com\/sk\/wp-json\/wp\/v2\/comments?post=13767"}],"version-history":[{"count":2,"href":"https:\/\/www.welovecycling.com\/sk\/wp-json\/wp\/v2\/posts\/13767\/revisions"}],"predecessor-version":[{"id":13779,"href":"https:\/\/www.welovecycling.com\/sk\/wp-json\/wp\/v2\/posts\/13767\/revisions\/13779"}],"wp:featuredmedia":[{"embeddable":true,"href":"https:\/\/www.welovecycling.com\/sk\/wp-json\/wp\/v2\/media\/13773"}],"wp:attachment":[{"href":"https:\/\/www.welovecycling.com\/sk\/wp-json\/wp\/v2\/media?parent=13767"}],"wp:term":[{"taxonomy":"category","embeddable":true,"href":"https:\/\/www.welovecycling.com\/sk\/wp-json\/wp\/v2\/categories?post=13767"},{"taxonomy":"post_tag","embeddable":true,"href":"https:\/\/www.welovecycling.com\/sk\/wp-json\/wp\/v2\/tags?post=13767"},{"taxonomy":"global-categories","embeddable":true,"href":"https:\/\/www.welovecycling.com\/sk\/wp-json\/wp\/v2\/global-categories?post=13767"}],"curies":[{"name":"wp","href":"https:\/\/api.w.org\/{rel}","templated":true}]}}