{"id":13751,"date":"2022-02-07T10:00:11","date_gmt":"2022-02-07T09:00:11","guid":{"rendered":"https:\/\/www.welovecycling.com\/sk\/?p=13751"},"modified":"2022-02-01T10:53:28","modified_gmt":"2022-02-01T09:53:28","slug":"aktualizacia-zenskeho-pelotonu-kto-bude-pre-koho-jazdit-v-roku-2022","status":"publish","type":"post","link":"https:\/\/www.welovecycling.com\/sk\/2022\/02\/07\/aktualizacia-zenskeho-pelotonu-kto-bude-pre-koho-jazdit-v-roku-2022\/","title":{"rendered":"Aktualiz\u00e1cia \u017eensk\u00e9ho pelot\u00f3nu: Kto bude pre koho jazdi\u0165 v roku 2022"},"content":{"rendered":"<p><strong>Pr\u00e1zdniny sa skon\u010dili a je \u010das pozrie\u0165 sa dopredu na rok, ktor\u00fd s\u013eubuje, \u017ee bude vzru\u0161uj\u00faci hlavne pre \u017eensk\u00fd pelot\u00f3n! Samozrejme, najv\u00fdznamnej\u0161\u00edm pr\u00edrastkom v kalend\u00e1ri na rok 2022 je osemd\u0148ov\u00e1 Tour de France Femmes, ktor\u00e1 sa uskuto\u010dn\u00ed od 24. do 31. j\u00fala. Hne\u010f po mu\u017eskej Tour de France. Druhou najv\u00e4\u010d\u0161ou novinkou je rein\u0161tal\u00e1cia Giro d\u2019Italia Donne, alebo Giro Rosa, od 1.&nbsp;do 10. j\u00fala.<\/strong><\/p>\n<p><!--more--><\/p>\n<p>Nieko\u013eko \u010fal\u0161\u00edch v\u00fdznamn\u00fdch udalost\u00ed v kalend\u00e1ri zah\u0155\u0148a tri dni <a href=\"https:\/\/www.ridelondon.co.uk\/the-classique\/the-classique\" rel=\"noopener\" target=\"_blank\">RideLondon Classique<\/a> v m\u00e1ji a dlho o\u010dak\u00e1van\u00fa Bitku o Sever. \u00davodn\u00e9 \u0161es\u0165d\u0148ov\u00e9 etapov\u00e9 preteky v D\u00e1nsku, N\u00f3rsku a \u0160v\u00e9dsku sa mali za\u010da\u0165 u\u017e v roku 2021, ale kv\u00f4li pand\u00e9mii boli odlo\u017een\u00e9. Za\u010diatkom marca od\u0161tartuj\u00fa \u017eeny svoju sez\u00f3nu WWT so Strade Bianche. A ak v\u0161etko p\u00f4jde pod\u013ea pl\u00e1nu, v roku 2022 bud\u00fa ma\u0165 ove\u013ea viac dni na preteky WWT.<\/p>\n<figure id=\"attachment_13752\" aria-describedby=\"caption-attachment-13752\" style=\"width: 1096px\" class=\"wp-caption alignnone\"><a href=\"https:\/\/d2p6e6u75xmxt8.cloudfront.net\/4\/2022\/02\/Tokyo-women-peloton-profimedia-0623195770.jpg\"><img loading=\"lazy\" decoding=\"async\" class=\"wp-image-13752 size-full\" src=\"https:\/\/d2p6e6u75xmxt8.cloudfront.net\/4\/2022\/02\/Tokyo-women-peloton-profimedia-0623195770.jpg\" alt=\"Women's peloton\" width=\"1096\" height=\"832\" \/><\/a><figcaption id=\"caption-attachment-13752\" class=\"wp-caption-text\">\u010co sa zmen\u00ed v pelot\u00f3ne 2022? \u00a9 Profimedia<\/figcaption><\/figure>\n<p>Tak\u017ee so v\u0161etk\u00fdmi t\u00fdmi epick\u00fdmi pretekmi, na ktor\u00e9 sa m\u00f4\u017eete te\u0161i\u0165 \u2013 kto jazd\u00ed za koho? Ako v\u017edy, prestupov\u00e9 akcie medzi t\u00edmami boli na konci minul\u00e9ho roka v plnom pr\u00fade. Preto v\u00e1m bude odpusten\u00e9, ak ste nepostrehli nieko\u013eko ve\u013ek\u00fdch krokov, ktor\u00e9 sa udiali pred sez\u00f3nou 2022. Na\u0161\u0165astie sme tu, aby sme v\u00e1s informovali! Bez \u010fal\u0161\u00edch okolkov sa teda pozrime na niektor\u00e9 jazdkyne, ktor\u00e9 d\u00fafaj\u00fa, \u017ee roztiahnu svoje kr\u00eddla s nov\u00fdm t\u00edmom, alebo od\u0161tartuj\u00fa svoju kari\u00e9ru na WorldTour pod niektor\u00fdmi z najlep\u0161\u00edch \u0161portov\u00fdch bannerov.<\/p>\n<h2><strong>Lotte Kopecky odch\u00e1dza z Liv Racing do SD Worx<\/strong><\/h2>\n<p>Jedn\u00fdm z najv\u00e4\u010d\u0161\u00edch premien pred sez\u00f3nou 2022 bol skok od <a href=\"https:\/\/en.wikipedia.org\/wiki\/Lotte_Kopecky\" rel=\"noopener\" target=\"_blank\">Lotte Kopecky<\/a> (pravdepodobne jedna z najsilnej\u0161\u00edch jazdk\u00fd\u0148 v pelot\u00f3ne) z Liv Racing do SD Worx (pravdepodobne jeden z najsilnej\u0161\u00edch t\u00edmov v pelot\u00f3ne). <strong>V\u0161etci o\u010dak\u00e1vaj\u00fa ve\u013ek\u00e9 veci od belgickej n\u00e1rodnej \u0161ampi\u00f3nky cestn\u00fdch pretekov s jej nov\u00fdm t\u00edmom.<\/strong> V\u010faka Kopeckej vynikaj\u00facej schopnosti \u0161printova\u0165 a obrovskej sile na rovinat\u00fdch \u00fasekoch a kr\u00e1tkych kopcoch by mala dobre zapadn\u00fa\u0165 medzi Demi Vollering, Christine Majerus, Chantal van den Broek-Blaak a Kata Blanka Vas.<\/p>\n<h2><strong>Marlen Reusser sa tie\u017e prip\u00e1ja k SD Worx<\/strong><\/h2>\n<p>\u010eal\u0161\u00edm mimoriadnym podpisom pre SD Worx je v\u00fdnimo\u010dn\u00fd talent roku 2021, Marlen Reusser. So \u0161iestimi, z jej 12 profesion\u00e1lnych v\u00ed\u0165azstiev v minulom roku (vr\u00e1tane \u010dasovky majstrovstiev Eur\u00f3py, etapy na Ceratizit Challenge na La Vuelta, kde skon\u010dila celkovo druh\u00e1, ako aj titulov \u0160vaj\u010diarska v cestn\u00fdch pretekoch a \u010dasovk\u00e1ch). <strong>Je pripraven\u00e1 pokra\u010dova\u0165 v pestovan\u00ed svojej u\u017e tak ve\u013emi p\u00f4sobivej povesti.<\/strong><\/p>\n<h2><strong>Grace Brown sa l\u00fa\u010di s Team BikeExchange a pripravuje sa na \u010fal\u0161\u00ed krok s FDJ Nouvelle-Aquitaine Futuroscope<\/strong><\/h2>\n<p>Rok 2021 priniesol neuverite\u013en\u00fa sez\u00f3nu aj pre Grace Brownov\u00fa, ktor\u00e1 za posledn\u00fdch nieko\u013eko rokov napreduje smerom k v\u00e4\u010d\u0161ej v\u00fdzna\u010dnosti. V\u010faka v\u00ed\u0165azstv\u00e1m v Brugge-de Panne a \u00favodnej etape na Vuelta a Burgos sa pripojila k Cecilie Uttrup Ludwig, Marta Cavalli a Emilia Fahlin, ktor\u00e9 chc\u00fa v roku 2022 z\u00edska\u0165 \u010fal\u0161ie v\u00ed\u0165azstv\u00e1.<\/p>\n<div class=\"shortcode-ys-post-pinup\"><article class=\"loop-simple post-13554 post type-post status-publish format-standard has-post-thumbnail hentry category-grand-tour tag-bora-hansgrohe tag-cestna-cyklistika tag-jakub-mareczko tag-juraj-sagan tag-mathieu-van-der-poel tag-peter-sagan tag-profesional tag-sam-bennett tag-sezona-2022 tag-tim tag-vincenzo-nibali global-categories-cycling\" data-postid=\"13554\" role=\"article\" data-post-id=\"13554\" data-word-count=\"1068\" data-headline-length=\"39\" data-category=\"Profesion\u00e1li\" data-global-category=\"Cycling\" data-author=\"Dominik Tvrd\u00fd\" data-published=\"2021-12-27T10:00:46+01:00\" data-published-day=\"Monday\">\n    <div class=\"entry-thumbnail article-thumbnail\" content=\"https:\/\/d2p6e6u75xmxt8.cloudfront.net\/4\/2021\/12\/Prestupy-cyklistov_00-150x150.webp\"><a href=\"https:\/\/www.welovecycling.com\/sk\/2021\/12\/27\/prestupy-cyklistov-v-novej-sezone-2022\/\" class=\"image-holder\" target=\"_self\"><img decoding=\"async\" loading=\"lazy\" class=\"\" src=\"https:\/\/d2p6e6u75xmxt8.cloudfront.net\/4\/2021\/12\/Prestupy-cyklistov_00-1024x445.webp\" srcset=\"https:\/\/d2p6e6u75xmxt8.cloudfront.net\/4\/2021\/12\/Prestupy-cyklistov_00.webp 1380w, https:\/\/d2p6e6u75xmxt8.cloudfront.net\/4\/2021\/12\/Prestupy-cyklistov_00-300x130.webp 300w, https:\/\/d2p6e6u75xmxt8.cloudfront.net\/4\/2021\/12\/Prestupy-cyklistov_00-1024x445.webp 1024w, https:\/\/d2p6e6u75xmxt8.cloudfront.net\/4\/2021\/12\/Prestupy-cyklistov_00-768x334.webp 768w\" width=\"1024\" height=\"445\" sizes=\"auto, (min-width: 1200px) 460px, (min-width: 768px) 38vw, 100vw\" alt=\"prestupy-cyklistov-v-novej-sezone-2022\"\/><\/a><\/div>    <div class=\"entry-meta\">\n        <a class=\"label label-secondary post-category\" href=\"https:\/\/www.welovecycling.com\/sk\/category\/grand-tour\/\" title=\"Profesion\u00e1li\">Profesion\u00e1li<\/a>\n    <\/div>\n    <div class=\"entry-details\">\n        <a href=\"https:\/\/www.welovecycling.com\/sk\/2021\/12\/27\/prestupy-cyklistov-v-novej-sezone-2022\/\" class='entry-title-wrapper'>\n            <h3 class=\"entry-title\"><span>Prestupy cyklistov v novej sez\u00f3ne 2022<\/span><\/h3>\n        <\/a>\n    <\/div>\n    <\/article>\n<\/div>\n<h2><strong>Hannah Barnes sa odl\u00fa\u010di od svojej sestry a pres\u0165ahuje sa do Uno-X<\/strong><\/h2>\n<p>Hlavn\u00e1 opora britskej cyklistiky \u2013 ke\u010f jedna zo sestier Barnesov\u00fdch urob\u00ed skok, \u013eudia tomu venuj\u00fa pozornos\u0165. Napriek p\u00f4sobiv\u00fdm 12 v\u00ed\u0165azstv\u00e1m, pre Barnes rok 2021 znamenal menej \u010dasu v centre pozornosti, ktor\u00e1 pravdepodobne d\u00fafa, \u017ee op\u00e4\u0165 z\u00edska \u010das\u0165 svojej b\u00fdvalej sl\u00e1vy s nov\u00fdm t\u00edmom po svojom boku.<strong> Ak v\u0161etko p\u00f4jde pod\u013ea pl\u00e1nu, v roku 2022 bude hra\u0165 hlavn\u00fa rolu na Uno-X<\/strong>, kde bude v dobrej spolo\u010dnosti po boku britskej olympijskej medailistky Elinor Barkerovej, ako aj dr\u017eite\u013ea svetov\u00e9ho rekordu v hodine Jossa Lowdena.<\/p>\n<h2><strong>Coryn Labecki (roden\u00e1 Rivera) sa prip\u00e1ja k Jumbo-Visma<\/strong><\/h2>\n<p>Coryn Labecki sa v roku 2022 pripoj\u00ed k Jumbo-Visma z DSM s dvojro\u010dnou zmluvou. Americk\u00fd talent povedal, \u017ee sa te\u0161\u00ed na svoj \u010fal\u0161\u00ed rozvoj a nov\u00fd sp\u00f4sob pr\u00e1ce. V\u010faka svojmu \u00faspechu je na ve\u013emi dobrej poz\u00edcii. V roku 2021 vyhrala svoju prv\u00fa etapu na Gire, kvalifikovala sa do olympijsk\u00e9ho t\u00edmu, zvl\u00e1dla p\u00f3diov\u00e9 umiestnenia na Tour of Norway a Vuelta. Vynikaj\u00face znamenie pre Jumbo-Visma!<\/p>\n<h2><strong>\u010eal\u0161ie v\u00fdznamn\u00e9 podpisy na rok 2022<\/strong><\/h2>\n<ul>\n<li>Lizzy Banks prekvapivo odi\u0161la z Ceratizit-WNT, v ktorej bud\u00fa v rokoch 2022 a 2023 preteka\u0165 britsk\u00e9 talenty s americk\u00fdm oble\u010den\u00edm EF Education-TIBCO-SVB.<\/li>\n<li>Trek-Segafredo sa dr\u017eal svojej met\u00f3dy z\u00edskavania najlep\u0161\u00edch n\u00e1dejn\u00fdch nov\u00e1\u010dikov a v auguste potvrdil trojro\u010dn\u00fa zmluvu s Elisou Balsamo.<\/li>\n<li>Alexis Ryan opust\u00ed Canyon-SRAM po \u0161iestich rokoch, aby v roku 2022 pretekala za roz\u0161iruj\u00faci sa model L39ION \u017eensk\u00e9ho t\u00edmu Los Angeles.<\/li>\n<li>Austr\u00e1lska napreduj\u00faca Sarah Gigante sa pres\u0165ahuje z TIBCO-Silicon Valley Bank do Movistaru.<\/li>\n<li>Bolo len ot\u00e1zkou \u010dasu, kedy kub\u00e1nska jazdky\u0148a Arlenis Sierra podp\u00ed\u0161e zmluvu s t\u00edmom najvy\u0161\u0161ej \u00farovne, no a \u0161\u0165astn\u00fdm t\u00edmom je Movistar.<\/li>\n<\/ul>\n<p>Po zv\u00e1\u017een\u00ed v\u0161etk\u00fdch vec\u00ed sa m\u00f4\u017eete stavi\u0165, \u017ee na za\u010diatku tohtoro\u010dnej WWT pr\u00edde nieko\u013eko prekvapen\u00ed! <strong>Nesmierne n\u00e1s te\u0161\u00ed, \u017ee m\u00f4\u017eeme vidie\u0165 rozkvet to\u013ek\u00e9ho talentu, ke\u010f\u017ee \u017eensk\u00fd pelot\u00f3n st\u00e1le prekon\u00e1va v\u0161etky o\u010dak\u00e1vania.<\/strong> Nech vyhr\u00e1 najlep\u0161\u00ed t\u00edm!<\/p>\n","protected":false},"excerpt":{"rendered":"<p>Pr\u00e1zdniny sa skon\u010dili a je \u010das pozrie\u0165 sa dopredu na rok, ktor\u00fd s\u013eubuje, \u017ee bude vzru\u0161uj\u00faci hlavne pre \u017eensk\u00fd pelot\u00f3n! [&hellip;]<\/p>\n","protected":false},"author":81,"featured_media":13754,"comment_status":"open","ping_status":"open","sticky":false,"template":"","format":"standard","meta":{"footnotes":""},"categories":[63],"tags":[115,1429,1432,1430,1090,176,1434,1431,1411,753,1092,556,1410,1433,106,659,475],"global-categories":[],"class_list":["post-13751","post","type-post","status-publish","format-standard","has-post-thumbnail","hentry","category-grand-tour","tag-cestna-cyklistika","tag-hannah-barnes","tag-lotte-kopecky","tag-marlen-reusser","tag-movistar","tag-peloton","tag-ridelondon-classique","tag-sd-worx","tag-sezona-2022","tag-talent","tag-team-jumbo-visma","tag-tim","tag-tour-de-france-2022","tag-tour-de-france-femmes","tag-uci-worldtour","tag-zenska-cyklistika","tag-zeny"],"yoast_head":"<!-- This site is optimized with the Yoast SEO Premium plugin v25.3 (Yoast SEO v25.9) - https:\/\/yoast.com\/wordpress\/plugins\/seo\/ -->\n<title>Aktualiz\u00e1cia \u017eensk\u00e9ho pelot\u00f3nu: Kto bude pre koho jazdi\u0165 v roku 2022<\/title>\n<meta name=\"description\" content=\"Pr\u00e1zdniny sa skon\u010dili a je \u010das pozrie\u0165 sa dopredu na rok, ktor\u00fd s\u013eubuje, \u017ee bude vzru\u0161uj\u00faci hlavne pre aktualiz\u00e1ciu \u017eensk\u00e9ho pelot\u00f3nu!\" \/>\n<meta name=\"robots\" content=\"index, follow, max-snippet:-1, max-image-preview:large, max-video-preview:-1\" \/>\n<link rel=\"canonical\" href=\"https:\/\/www.welovecycling.com\/sk\/2022\/02\/07\/aktualizacia-zenskeho-pelotonu-kto-bude-pre-koho-jazdit-v-roku-2022\/\" \/>\n<meta property=\"og:locale\" content=\"sk_SK\" \/>\n<meta property=\"og:type\" content=\"article\" \/>\n<meta property=\"og:title\" content=\"Aktualiz\u00e1cia \u017eensk\u00e9ho pelot\u00f3nu: Kto bude pre koho jazdi\u0165 v roku 2022\" \/>\n<meta property=\"og:description\" content=\"Pr\u00e1zdniny sa skon\u010dili a je \u010das pozrie\u0165 sa dopredu na rok, ktor\u00fd s\u013eubuje, \u017ee bude vzru\u0161uj\u00faci hlavne pre aktualiz\u00e1ciu \u017eensk\u00e9ho pelot\u00f3nu!\" \/>\n<meta property=\"og:url\" content=\"https:\/\/www.welovecycling.com\/sk\/2022\/02\/07\/aktualizacia-zenskeho-pelotonu-kto-bude-pre-koho-jazdit-v-roku-2022\/\" \/>\n<meta property=\"og:site_name\" content=\"\u0160koda We Love Cycling Slovensko\" \/>\n<meta property=\"article:published_time\" content=\"2022-02-07T09:00:11+00:00\" \/>\n<meta property=\"og:image\" content=\"https:\/\/d2p6e6u75xmxt8.cloudfront.net\/4\/2022\/02\/Women-cycling-peloton-profimedia-0623189283-CVR.webp\" \/>\n\t<meta property=\"og:image:width\" content=\"1366\" \/>\n\t<meta property=\"og:image:height\" content=\"600\" \/>\n\t<meta property=\"og:image:type\" content=\"image\/webp\" \/>\n<meta name=\"twitter:card\" content=\"summary_large_image\" \/>\n<meta name=\"twitter:label1\" content=\"Written by\" \/>\n\t<meta name=\"twitter:data1\" content=\"Dominik Tvrd\u00fd\" \/>\n\t<meta name=\"twitter:label2\" content=\"Est. reading time\" \/>\n\t<meta name=\"twitter:data2\" content=\"10\" \/>\n<script type=\"application\/ld+json\" class=\"yoast-schema-graph\">{\"@context\":\"https:\/\/schema.org\",\"@graph\":[{\"@type\":\"WebPage\",\"@id\":\"https:\/\/www.welovecycling.com\/sk\/2022\/02\/07\/aktualizacia-zenskeho-pelotonu-kto-bude-pre-koho-jazdit-v-roku-2022\/\",\"url\":\"https:\/\/www.welovecycling.com\/sk\/2022\/02\/07\/aktualizacia-zenskeho-pelotonu-kto-bude-pre-koho-jazdit-v-roku-2022\/\",\"name\":\"Aktualiz\u00e1cia \u017eensk\u00e9ho pelot\u00f3nu: Kto bude pre koho jazdi\u0165 v roku 2022\",\"isPartOf\":{\"@id\":\"https:\/\/www.welovecycling.com\/sk\/#website\"},\"primaryImageOfPage\":{\"@id\":\"https:\/\/www.welovecycling.com\/sk\/2022\/02\/07\/aktualizacia-zenskeho-pelotonu-kto-bude-pre-koho-jazdit-v-roku-2022\/#primaryimage\"},\"image\":{\"@id\":\"https:\/\/www.welovecycling.com\/sk\/2022\/02\/07\/aktualizacia-zenskeho-pelotonu-kto-bude-pre-koho-jazdit-v-roku-2022\/#primaryimage\"},\"thumbnailUrl\":\"https:\/\/d2p6e6u75xmxt8.cloudfront.net\/4\/2022\/02\/Women-cycling-peloton-profimedia-0623189283-CVR.webp\",\"datePublished\":\"2022-02-07T09:00:11+00:00\",\"author\":{\"@id\":\"\"},\"description\":\"Pr\u00e1zdniny sa skon\u010dili a je \u010das pozrie\u0165 sa dopredu na rok, ktor\u00fd s\u013eubuje, \u017ee bude vzru\u0161uj\u00faci hlavne pre aktualiz\u00e1ciu \u017eensk\u00e9ho pelot\u00f3nu!\",\"breadcrumb\":{\"@id\":\"https:\/\/www.welovecycling.com\/sk\/2022\/02\/07\/aktualizacia-zenskeho-pelotonu-kto-bude-pre-koho-jazdit-v-roku-2022\/#breadcrumb\"},\"inLanguage\":\"sk-SK\",\"potentialAction\":[{\"@type\":\"ReadAction\",\"target\":[\"https:\/\/www.welovecycling.com\/sk\/2022\/02\/07\/aktualizacia-zenskeho-pelotonu-kto-bude-pre-koho-jazdit-v-roku-2022\/\"]}]},{\"@type\":\"ImageObject\",\"inLanguage\":\"sk-SK\",\"@id\":\"https:\/\/www.welovecycling.com\/sk\/2022\/02\/07\/aktualizacia-zenskeho-pelotonu-kto-bude-pre-koho-jazdit-v-roku-2022\/#primaryimage\",\"url\":\"https:\/\/d2p6e6u75xmxt8.cloudfront.net\/4\/2022\/02\/Women-cycling-peloton-profimedia-0623189283-CVR.webp\",\"contentUrl\":\"https:\/\/d2p6e6u75xmxt8.cloudfront.net\/4\/2022\/02\/Women-cycling-peloton-profimedia-0623189283-CVR.webp\",\"width\":1366,\"height\":600,\"caption\":\"Women's Cycling\"},{\"@type\":\"BreadcrumbList\",\"@id\":\"https:\/\/www.welovecycling.com\/sk\/2022\/02\/07\/aktualizacia-zenskeho-pelotonu-kto-bude-pre-koho-jazdit-v-roku-2022\/#breadcrumb\",\"itemListElement\":[{\"@type\":\"ListItem\",\"position\":1,\"name\":\"Home\",\"item\":\"https:\/\/www.welovecycling.com\/sk\/\"},{\"@type\":\"ListItem\",\"position\":2,\"name\":\"Aktualiz\u00e1cia \u017eensk\u00e9ho pelot\u00f3nu: Kto bude pre koho jazdi\u0165 v roku 2022\"}]},{\"@type\":\"WebSite\",\"@id\":\"https:\/\/www.welovecycling.com\/sk\/#website\",\"url\":\"https:\/\/www.welovecycling.com\/sk\/\",\"name\":\"\u0160koda We Love Cycling Slovensko\",\"description\":\"\u0160koda We Love Cycling Slovensko je v\u00e1\u0161 ka\u017edodenn\u00fd zdroj noviniek a in\u0161pir\u00e1cie z sveta cyklistiky\",\"potentialAction\":[{\"@type\":\"SearchAction\",\"target\":{\"@type\":\"EntryPoint\",\"urlTemplate\":\"https:\/\/www.welovecycling.com\/sk\/?s={search_term_string}\"},\"query-input\":{\"@type\":\"PropertyValueSpecification\",\"valueRequired\":true,\"valueName\":\"search_term_string\"}}],\"inLanguage\":\"sk-SK\"},{\"@type\":\"Person\",\"@id\":\"\",\"url\":\"https:\/\/www.welovecycling.com\/sk\/author\/\"}]}<\/script>\n<!-- \/ Yoast SEO Premium plugin. -->","yoast_head_json":{"title":"Aktualiz\u00e1cia \u017eensk\u00e9ho pelot\u00f3nu: Kto bude pre koho jazdi\u0165 v roku 2022","description":"Pr\u00e1zdniny sa skon\u010dili a je \u010das pozrie\u0165 sa dopredu na rok, ktor\u00fd s\u013eubuje, \u017ee bude vzru\u0161uj\u00faci hlavne pre aktualiz\u00e1ciu \u017eensk\u00e9ho pelot\u00f3nu!","robots":{"index":"index","follow":"follow","max-snippet":"max-snippet:-1","max-image-preview":"max-image-preview:large","max-video-preview":"max-video-preview:-1"},"canonical":"https:\/\/www.welovecycling.com\/sk\/2022\/02\/07\/aktualizacia-zenskeho-pelotonu-kto-bude-pre-koho-jazdit-v-roku-2022\/","og_locale":"sk_SK","og_type":"article","og_title":"Aktualiz\u00e1cia \u017eensk\u00e9ho pelot\u00f3nu: Kto bude pre koho jazdi\u0165 v roku 2022","og_description":"Pr\u00e1zdniny sa skon\u010dili a je \u010das pozrie\u0165 sa dopredu na rok, ktor\u00fd s\u013eubuje, \u017ee bude vzru\u0161uj\u00faci hlavne pre aktualiz\u00e1ciu \u017eensk\u00e9ho pelot\u00f3nu!","og_url":"https:\/\/www.welovecycling.com\/sk\/2022\/02\/07\/aktualizacia-zenskeho-pelotonu-kto-bude-pre-koho-jazdit-v-roku-2022\/","og_site_name":"\u0160koda We Love Cycling Slovensko","article_published_time":"2022-02-07T09:00:11+00:00","og_image":[{"width":1366,"height":600,"url":"https:\/\/d2p6e6u75xmxt8.cloudfront.net\/4\/2022\/02\/Women-cycling-peloton-profimedia-0623189283-CVR.webp","type":"image\/webp"}],"twitter_card":"summary_large_image","twitter_misc":{"Written by":"Dominik Tvrd\u00fd","Est. reading time":"10"},"schema":{"@context":"https:\/\/schema.org","@graph":[{"@type":"WebPage","@id":"https:\/\/www.welovecycling.com\/sk\/2022\/02\/07\/aktualizacia-zenskeho-pelotonu-kto-bude-pre-koho-jazdit-v-roku-2022\/","url":"https:\/\/www.welovecycling.com\/sk\/2022\/02\/07\/aktualizacia-zenskeho-pelotonu-kto-bude-pre-koho-jazdit-v-roku-2022\/","name":"Aktualiz\u00e1cia \u017eensk\u00e9ho pelot\u00f3nu: Kto bude pre koho jazdi\u0165 v roku 2022","isPartOf":{"@id":"https:\/\/www.welovecycling.com\/sk\/#website"},"primaryImageOfPage":{"@id":"https:\/\/www.welovecycling.com\/sk\/2022\/02\/07\/aktualizacia-zenskeho-pelotonu-kto-bude-pre-koho-jazdit-v-roku-2022\/#primaryimage"},"image":{"@id":"https:\/\/www.welovecycling.com\/sk\/2022\/02\/07\/aktualizacia-zenskeho-pelotonu-kto-bude-pre-koho-jazdit-v-roku-2022\/#primaryimage"},"thumbnailUrl":"https:\/\/d2p6e6u75xmxt8.cloudfront.net\/4\/2022\/02\/Women-cycling-peloton-profimedia-0623189283-CVR.webp","datePublished":"2022-02-07T09:00:11+00:00","author":{"@id":""},"description":"Pr\u00e1zdniny sa skon\u010dili a je \u010das pozrie\u0165 sa dopredu na rok, ktor\u00fd s\u013eubuje, \u017ee bude vzru\u0161uj\u00faci hlavne pre aktualiz\u00e1ciu \u017eensk\u00e9ho pelot\u00f3nu!","breadcrumb":{"@id":"https:\/\/www.welovecycling.com\/sk\/2022\/02\/07\/aktualizacia-zenskeho-pelotonu-kto-bude-pre-koho-jazdit-v-roku-2022\/#breadcrumb"},"inLanguage":"sk-SK","potentialAction":[{"@type":"ReadAction","target":["https:\/\/www.welovecycling.com\/sk\/2022\/02\/07\/aktualizacia-zenskeho-pelotonu-kto-bude-pre-koho-jazdit-v-roku-2022\/"]}]},{"@type":"ImageObject","inLanguage":"sk-SK","@id":"https:\/\/www.welovecycling.com\/sk\/2022\/02\/07\/aktualizacia-zenskeho-pelotonu-kto-bude-pre-koho-jazdit-v-roku-2022\/#primaryimage","url":"https:\/\/d2p6e6u75xmxt8.cloudfront.net\/4\/2022\/02\/Women-cycling-peloton-profimedia-0623189283-CVR.webp","contentUrl":"https:\/\/d2p6e6u75xmxt8.cloudfront.net\/4\/2022\/02\/Women-cycling-peloton-profimedia-0623189283-CVR.webp","width":1366,"height":600,"caption":"Women's Cycling"},{"@type":"BreadcrumbList","@id":"https:\/\/www.welovecycling.com\/sk\/2022\/02\/07\/aktualizacia-zenskeho-pelotonu-kto-bude-pre-koho-jazdit-v-roku-2022\/#breadcrumb","itemListElement":[{"@type":"ListItem","position":1,"name":"Home","item":"https:\/\/www.welovecycling.com\/sk\/"},{"@type":"ListItem","position":2,"name":"Aktualiz\u00e1cia \u017eensk\u00e9ho pelot\u00f3nu: Kto bude pre koho jazdi\u0165 v roku 2022"}]},{"@type":"WebSite","@id":"https:\/\/www.welovecycling.com\/sk\/#website","url":"https:\/\/www.welovecycling.com\/sk\/","name":"\u0160koda We Love Cycling Slovensko","description":"\u0160koda We Love Cycling Slovensko je v\u00e1\u0161 ka\u017edodenn\u00fd zdroj noviniek a in\u0161pir\u00e1cie z sveta cyklistiky","potentialAction":[{"@type":"SearchAction","target":{"@type":"EntryPoint","urlTemplate":"https:\/\/www.welovecycling.com\/sk\/?s={search_term_string}"},"query-input":{"@type":"PropertyValueSpecification","valueRequired":true,"valueName":"search_term_string"}}],"inLanguage":"sk-SK"},{"@type":"Person","@id":"","url":"https:\/\/www.welovecycling.com\/sk\/author\/"}]}},"_links":{"self":[{"href":"https:\/\/www.welovecycling.com\/sk\/wp-json\/wp\/v2\/posts\/13751","targetHints":{"allow":["GET"]}}],"collection":[{"href":"https:\/\/www.welovecycling.com\/sk\/wp-json\/wp\/v2\/posts"}],"about":[{"href":"https:\/\/www.welovecycling.com\/sk\/wp-json\/wp\/v2\/types\/post"}],"author":[{"embeddable":true,"href":"https:\/\/www.welovecycling.com\/sk\/wp-json\/wp\/v2\/users\/81"}],"replies":[{"embeddable":true,"href":"https:\/\/www.welovecycling.com\/sk\/wp-json\/wp\/v2\/comments?post=13751"}],"version-history":[{"count":2,"href":"https:\/\/www.welovecycling.com\/sk\/wp-json\/wp\/v2\/posts\/13751\/revisions"}],"predecessor-version":[{"id":13761,"href":"https:\/\/www.welovecycling.com\/sk\/wp-json\/wp\/v2\/posts\/13751\/revisions\/13761"}],"wp:featuredmedia":[{"embeddable":true,"href":"https:\/\/www.welovecycling.com\/sk\/wp-json\/wp\/v2\/media\/13754"}],"wp:attachment":[{"href":"https:\/\/www.welovecycling.com\/sk\/wp-json\/wp\/v2\/media?parent=13751"}],"wp:term":[{"taxonomy":"category","embeddable":true,"href":"https:\/\/www.welovecycling.com\/sk\/wp-json\/wp\/v2\/categories?post=13751"},{"taxonomy":"post_tag","embeddable":true,"href":"https:\/\/www.welovecycling.com\/sk\/wp-json\/wp\/v2\/tags?post=13751"},{"taxonomy":"global-categories","embeddable":true,"href":"https:\/\/www.welovecycling.com\/sk\/wp-json\/wp\/v2\/global-categories?post=13751"}],"curies":[{"name":"wp","href":"https:\/\/api.w.org\/{rel}","templated":true}]}}