{"id":13690,"date":"2022-01-28T10:00:41","date_gmt":"2022-01-28T09:00:41","guid":{"rendered":"https:\/\/www.welovecycling.com\/sk\/?p=13690"},"modified":"2022-01-24T10:29:03","modified_gmt":"2022-01-24T09:29:03","slug":"tvrda-realita-nezazmluvnenych-jazdcov","status":"publish","type":"post","link":"https:\/\/www.welovecycling.com\/sk\/2022\/01\/28\/tvrda-realita-nezazmluvnenych-jazdcov\/","title":{"rendered":"Tvrd\u00e1 realita nezazmluvnen\u00fdch jazdcov"},"content":{"rendered":"<p><strong>1. janu\u00e1r \u2013 de\u0148 pre v\u00e4\u010d\u0161inu profesion\u00e1lnych jazdcov, kedy sa m\u00f4\u017eu pochv\u00e1li\u0165 nov\u00fdmi t\u00edmov\u00fdmi dresmi pre rok 2022. Pre v\u00e4\u010d\u0161inu je to \u010das na optimizmus, stanovovanie si nov\u00fdch cie\u013eov, stret\u00e1vanie sa a u\u010denie sa od nov\u00fdch \u010dlenov t\u00edmu.<\/strong><\/p>\n<p><!--more--><\/p>\n<p>Tento optimizmus sme mohli vidie\u0165, ke\u010f Ben Turner, britsk\u00fd cyklokrosov\u00fd jazdec, ktor\u00fd sa uk\u00e1zal na GP Sven Nys vo svojom novom drese Bioracer, vpredu s n\u00e1pisom Ineos Grenadiers, predviedol obdivuhodn\u00fd v\u00fdkon a skon\u010dil \u0161iesty. V poslednej dobe boli soci\u00e1lne m\u00e9di\u00e1 zaplnen\u00e9 jazdcami, ktor\u00ed predv\u00e1dzali svoje nov\u00e9 dresy a nov\u00e9 t\u00edmy, za ktor\u00e9 bud\u00fa jazdi\u0165 a verejnos\u0165 to samozrejme n\u00e1le\u017eite hodnotila. Ale pre niektor\u00fdch jazdcov toto ro\u010dn\u00e9 obdobie nie je o predv\u00e1dzan\u00ed nov\u00fdch dresov. Je to pre nich \u010das neistoty. Tento \u010dl\u00e1nok mapuje t\u00fdch, ktor\u00ed id\u00fa do nov\u00e9ho roku bez t\u00edmu \u010di zmluvy a o tom, ak\u00e9 mo\u017enosti maj\u00fa v janu\u00e1ri pred sebou.<\/p>\n<figure id=\"attachment_13691\" aria-describedby=\"caption-attachment-13691\" style=\"width: 1250px\" class=\"wp-caption alignnone\"><a href=\"https:\/\/d2p6e6u75xmxt8.cloudfront.net\/4\/2022\/01\/Qhubeka-Nexthash-profimedia-0630529633.jpg\"><img loading=\"lazy\" decoding=\"async\" class=\"size-full wp-image-13691\" src=\"https:\/\/d2p6e6u75xmxt8.cloudfront.net\/4\/2022\/01\/Qhubeka-Nexthash-profimedia-0630529633.jpg\" alt=\"Fabio Aru\" width=\"1250\" height=\"831\" \/><\/a><figcaption id=\"caption-attachment-13691\" class=\"wp-caption-text\">T\u00edm Qhubeka NextHash bol jedn\u00fdm z t\u00fdch, kto skon\u010dil kv\u00f4li nedostatku financi\u00ed. \u00a9 Profimedia<\/figcaption><\/figure>\n<h2><strong>Ak\u00e1 je situ\u00e1cia?<\/strong><\/h2>\n<p>Vzh\u013eadom na st\u00e1le krehk\u00fa finan\u010dn\u00fa z\u00e1vislos\u0165 cyklistiky na kr\u00e1tkodobom sponzorstve, ktor\u00e9 vedie k tomu, \u017ee t\u00edmy rok \u010do rok nah\u00e1\u0148aj\u00fa nov\u00fdch podporovate\u013eov, nie je prekvapen\u00edm, \u017ee vid\u00edme ve\u013ek\u00fa \u010das\u0165 jazdcov World Tour v novej sez\u00f3ne bez zmluvy. Po sez\u00f3ne 2021 bol Team Qhubeka NextHash jedn\u00fdm z t\u00fdch, ktor\u00ed ukon\u010dili \u010dinnos\u0165 kv\u00f4li nedostatku financi\u00ed po tom, \u010do sa t\u00edm CCC v roku 2020 zl\u00fa\u010dil s Wanty Groupe-Gobert. Katusha vyc\u00favala takisto v roku 2020 a BMC opustilo World Tour v roku 2018. Odchod t\u00edmov zo \u0161portu znamen\u00e1, \u017ee jazdci sa sna\u017eia z\u00edska\u0165 zmluvy. <strong>A ke\u010f\u017ee UCI stanovila maxim\u00e1lny po\u010det jazdcov na 31, je k dispoz\u00edcii len obmedzen\u00e9 mno\u017estvo miest.<\/strong><\/p>\n<p>V \u010dase p\u00edsania tohto \u010dl\u00e1nku (2. janu\u00e1ra) st\u00e1le h\u013ead\u00e1 zmluvu 27 mu\u017esk\u00fdch jazdcov World Tour. Tento po\u010det klesol zo 40 na za\u010diatku decembra, ke\u010f\u017ee t\u00edmy ozn\u00e1mili pred\u013a\u017eenie niektor\u00fdch zml\u00fav a \u010fal\u0161\u00ed  jazdci na\u0161li nov\u00e9 domovy bu\u010f vo World Tour, alebo klesli na kontinent\u00e1lnu \u00farove\u0148. Ale 27 je st\u00e1le \u010d\u00edslo vy\u0161\u0161ie ako po\u010das predch\u00e1dzaj\u00facich rokov,<strong> preto\u017ee tucet cyklistov Qhubeka NextHash st\u00e1le \u010dak\u00e1 na nov\u00e9 zmluvy<\/strong>.<\/p>\n<p>Medzi t\u00fdmito menami s\u00fa Simon Clarke, Domenico Pozzovivo, Sergio Henao a Reinardt Janse Van Rensburg. Re\u0161pektovan\u00ed, sk\u00fasen\u00ed jazdci, o ktor\u00fdch ur\u010dite \u010doskoro niekto prejav\u00ed z\u00e1ujem.<\/p>\n<h2><strong>Kde je e\u0161te miesto?<\/strong><\/h2>\n<p>Lotto Soudal m\u00e1 najviac vo\u013en\u00fdch miest a je to pravdepodobne t\u00edm, ktor\u00fd h\u013ead\u00e1 nov\u00fdch jazdcov, preto\u017ee maj\u00fa neist\u00e9 hodnotenie v UCI World Tour, v d\u00f4sledku \u010doho by mohli v roku 2023 vypadn\u00fa\u0165 z najvy\u0161\u0161ej div\u00edzie mu\u017eskej cyklistiky. <strong>Body UCI s\u00fa to, po \u010dom t\u00fa\u017eia v roku 2022 a Pozzovivo by mohol by\u0165 skvelou posilou v t\u00edme<\/strong>, vzh\u013eadom na jeho v\u00fdkony na Grand Tour, ktor\u00e9 zvy\u010dajne kon\u010dia v Top 10. V\u010faka tomu by mohol z\u00edska\u0165 cenn\u00e9 body v boji o pre\u017eitie t\u00edmu na World Tour. \u010eal\u0161\u00ed cyklista, ktor\u00fd by sa hodil z rovnak\u00e9ho d\u00f4vodu je Henao, b\u00fdval\u00fd v\u00ed\u0165az Par\u00ed\u017e-Nice.<\/p>\n<p>Vedeli by sme si predstavi\u0165, vzh\u013eadom na ich takmer z\u00fafal\u00fa snahu pokra\u010dova\u0165 na World Tour, \u017ee rozhovory o zmluv\u00e1ch by mohli by\u0165 kr\u00e1tke. <strong>Ve\u013ea v\u0161ak z\u00e1vis\u00ed od rozpo\u010dtov t\u00edmov.<\/strong> A ke\u010f\u017ee t\u00edmy ako Lotto Soudal u\u017e maj\u00fa zn\u00e1mych jazdcov \u2013 v tomto pr\u00edpade Caleba Ewana \u2013 ot\u00e1zkou ost\u00e1va, \u010di si m\u00f4\u017eu dovoli\u0165 posily.<\/p>\n<p>\u010casy ako tieto s\u00fa neist\u00e9. No nie s\u00fa bez n\u00e1deje. Pred sez\u00f3nou 2021 sa Julien Vermote, v\u017edy spo\u013eahliv\u00fd klasik a dom\u00e1ci hr\u00e1\u010d Patricka Lefevra v Quick-Step v rokoch 2011 a\u017e 2017, ktor\u00fd potom nasledoval Marka Cavendisha do t\u00edmu Dimension Data, ocitol bez zmluvy do konca marca, k\u00fdm ho v poslednej chv\u00edli zobral Alpecin-Fenix. Mal v\u0161ak \u0165a\u017ek\u00fd rok 2021, ke\u010f nemohol preteka\u0165 kv\u00f4li ochoreniu na toxoplazm\u00f3zu, ale holandsk\u00fd t\u00edm mu veril a teraz je sp\u00e4\u0165 v hre, plne fit, schopn\u00fd preteka\u0165 v roku 2022.<\/p>\n<h2><strong>In\u00e9 mo\u017enosti<\/strong><\/h2>\n<p>Ak\u00e9 s\u00fa v\u0161ak \u010fal\u0161ie mo\u017enosti pre profesion\u00e1lov, ktor\u00ed nevedia ni\u010d n\u00e1js\u0165? Urobi\u0165 krok ni\u017e\u0161ie je jedna vec. James Shaw, ktor\u00fd str\u00e1vil tri roky v Lotto Soudal, sa vr\u00e1til k dom\u00e1cim pretekom vo Ve\u013ekej Brit\u00e1nii. Znovu sa postavil na nohy, ke\u010f podp\u00edsal dvojro\u010dn\u00fa zmluvu s EF Education First, ktor\u00e1 za\u010dala 1. janu\u00e1ra. Charlie Quarterman sa teraz uber\u00e1 tou istou cestou, ke\u010f\u017ee mal \u0165a\u017ek\u00e9 \u010dasy s t\u00edmom Trek Segafredo, teraz mieri do nov\u00e9ho franc\u00fazskeho dresu v t\u00edme Philippe Wagner Cycling. Bude zauj\u00edmav\u00e9 sledova\u0165 osudy mlad\u00e9ho Brita, aby sme zistili, \u010di bude v nasleduj\u00facich rokoch nasledova\u0165 Shawove kroky.<\/p>\n<p>Na druhom konci spektra s\u00fa jazdci ako Max Richeze. Impozantn\u00fd mu\u017e, ktor\u00fd nadviazal skvel\u00e9 partnerstvo s Juhoameri\u010danom Fernandom Gaviriom v Quick-Step a UAE-Team Emirates, je \u010fal\u0161\u00edm hr\u00e1\u010dom, ktor\u00fd h\u013ead\u00e1 nov\u00fa zmluvu. Ale vo veku 38 rokov je o svojej bud\u00facnosti pragmatickej\u0161\u00ed a tvrd\u00ed, \u017ee ak si nen\u00e1jde nov\u00fd t\u00edm, od\u00edde do d\u00f4chodku. Hoci m\u00e1 Richeze za sebou dlh\u00fa a \u00faspe\u0161n\u00fa kari\u00e9ru, opusti\u0165 ju, nie pod\u013ea vlastn\u00fdch predst\u00e1v, mus\u00ed by\u0165 \u0165a\u017ek\u00e9.<\/p>\n<div class=\"shortcode-ys-post-pinup\"><article class=\"loop-simple post-13554 post type-post status-publish format-standard has-post-thumbnail hentry category-grand-tour tag-bora-hansgrohe tag-cestna-cyklistika tag-jakub-mareczko tag-juraj-sagan tag-mathieu-van-der-poel tag-peter-sagan tag-profesional tag-sam-bennett tag-sezona-2022 tag-tim tag-vincenzo-nibali global-categories-cycling\" data-postid=\"13554\" role=\"article\" data-post-id=\"13554\" data-word-count=\"1068\" data-headline-length=\"39\" data-category=\"Profesion\u00e1li\" data-global-category=\"Cycling\" data-author=\"Dominik Tvrd\u00fd\" data-published=\"2021-12-27T10:00:46+01:00\" data-published-day=\"Monday\">\n    <div class=\"entry-thumbnail article-thumbnail\" content=\"https:\/\/d2p6e6u75xmxt8.cloudfront.net\/4\/2021\/12\/Prestupy-cyklistov_00-150x150.webp\"><a href=\"https:\/\/www.welovecycling.com\/sk\/2021\/12\/27\/prestupy-cyklistov-v-novej-sezone-2022\/\" class=\"image-holder\" target=\"_self\"><img decoding=\"async\" loading=\"lazy\" class=\"\" src=\"https:\/\/d2p6e6u75xmxt8.cloudfront.net\/4\/2021\/12\/Prestupy-cyklistov_00-1024x445.webp\" srcset=\"https:\/\/d2p6e6u75xmxt8.cloudfront.net\/4\/2021\/12\/Prestupy-cyklistov_00.webp 1380w, https:\/\/d2p6e6u75xmxt8.cloudfront.net\/4\/2021\/12\/Prestupy-cyklistov_00-300x130.webp 300w, https:\/\/d2p6e6u75xmxt8.cloudfront.net\/4\/2021\/12\/Prestupy-cyklistov_00-1024x445.webp 1024w, https:\/\/d2p6e6u75xmxt8.cloudfront.net\/4\/2021\/12\/Prestupy-cyklistov_00-768x334.webp 768w\" width=\"1024\" height=\"445\" sizes=\"auto, (min-width: 1200px) 460px, (min-width: 768px) 38vw, 100vw\" alt=\"prestupy-cyklistov-v-novej-sezone-2022\"\/><\/a><\/div>    <div class=\"entry-meta\">\n        <a class=\"label label-secondary post-category\" href=\"https:\/\/www.welovecycling.com\/sk\/category\/grand-tour\/\" title=\"Profesion\u00e1li\">Profesion\u00e1li<\/a>\n    <\/div>\n    <div class=\"entry-details\">\n        <a href=\"https:\/\/www.welovecycling.com\/sk\/2021\/12\/27\/prestupy-cyklistov-v-novej-sezone-2022\/\" class='entry-title-wrapper'>\n            <h3 class=\"entry-title\"><span>Prestupy cyklistov v novej sez\u00f3ne 2022<\/span><\/h3>\n        <\/a>\n    <\/div>\n    <\/article>\n<\/div>\n<p>Ke\u010f sa pozrieme na v\u0161etky t\u00edmy, je tu len p\u00e4\u0165 z 18 t\u00edmov s kompletn\u00fdmi s\u00fapiskami, \u010do znamen\u00e1, \u017ee e\u0161te st\u00e1le maj\u00fa mnoh\u00ed z cyklistov \u0161ancu, aby sa niekam dostali. Rozpo\u010dtov\u00e9 obmedzenia s\u00fa v\u0161ak nepochybne ur\u010duj\u00facim faktorom, <strong>\u010do znamen\u00e1, \u017ee niektor\u00e9 t\u00edmy bud\u00fa \u010daka\u0165 tak dlho, ako to bude mo\u017en\u00e9, aby zistili, \u010di nepotrebuj\u00fa \u010fal\u0161ie nov\u00e9 tv\u00e1re<\/strong>. Ale pre jazdcov je to sk\u00fa\u0161ka trpezlivosti, aby zostali profesion\u00e1lmi a videli, \u010do im nov\u00fd rok prinesie. Preto\u017ee aj ke\u010f mo\u017eno na Nov\u00fd rok neaktualizovali svoje profily na soci\u00e1lnych sie\u0165ach o fotografie nov\u00fdch dresov, \u0161ance zost\u00e1vaj\u00fa a \u010das uk\u00e1\u017ee, kde skon\u010dia.<\/p>\n<p>Zost\u00e1va u\u017e len \u010daka\u0165.<\/p>\n<h2><strong>Jazdci bez zmluvy 2. janu\u00e1ra 2022<\/strong><\/h2>\n<ol>\n<li>Marcus Burghardt (Bora-Hansgrohe)<\/li>\n<li>Natnael Berhane (Cofidis)<\/li>\n<li>Jempy Drucker (Cofidis)<\/li>\n<li>Attilio Viviani (Cofidis)<\/li>\n<li>Alex Howes (EF Education-Nippo)<\/li>\n<li>Lachlan Morton (EF Education-Nippo)<\/li>\n<li>Logan Owen (EF Education-Nippo)<\/li>\n<li>James Whelan (EF Education-Nippo)<\/li>\n<li>Romain Seigle (Groupama-FDJ)<\/li>\n<li>Jeremy Bellicaud (Intermarch\u00e9-Wanty-Gobert)<\/li>\n<li>Alexander Evans (Intermarch\u00e9-Wanty-Gobert)<\/li>\n<li>Maurits Lammertink (Intermarch\u00e9-Wanty-Gobert)<\/li>\n<li>Riccardo Minali (Intermarch\u00e9-Wanty-Gobert)<\/li>\n<li>Sebastian Mora (Movistar)<\/li>\n<li>Carlos Barbero (Qhubeka-NextHash)<\/li>\n<li>Sean Bennett (Qhubeka-NextHash)<\/li>\n<li>Connor Brown (Qhubeka-NextHash)<\/li>\n<li>Simon Clarke (Qhubeka-NextHash)<\/li>\n<li>Nicolas Dlamini (Qhubeka-NextHash)<\/li>\n<li>Kilian Frankiny (Qhubeka-NextHash)<\/li>\n<li>Sergio Henao (Qhubeka-NextHash)<\/li>\n<li>Robert Power (Qhubeka-NextHash)<\/li>\n<li>Domenico Pozzovivo (Qhubeka-NextHash)<\/li>\n<li>Andreas Stokbro (Qhubeka-NextHash)<\/li>\n<li>Dylan Sunderland (Qhubeka-NextHash)<\/li>\n<li>Reinardt Janse Van Rensburg (Qhubeka-NextHash)<\/li>\n<li>Max Richeze (UAE Team Emirates)<\/li>\n<li>Martin Salmon (Team DSM)<\/li>\n<\/ol>\n","protected":false},"excerpt":{"rendered":"<p>1. janu\u00e1r \u2013 de\u0148 pre v\u00e4\u010d\u0161inu profesion\u00e1lnych jazdcov, kedy sa m\u00f4\u017eu pochv\u00e1li\u0165 nov\u00fdmi t\u00edmov\u00fdmi dresmi pre rok 2022. Pre v\u00e4\u010d\u0161inu [&hellip;]<\/p>\n","protected":false},"author":81,"featured_media":13693,"comment_status":"open","ping_status":"open","sticky":false,"template":"","format":"standard","meta":{"footnotes":""},"categories":[4],"tags":[115,597,546,885,1411,556,355,106],"global-categories":[],"class_list":["post-13690","post","type-post","status-publish","format-standard","has-post-thumbnail","hentry","category-cestna-cyklisitika","tag-cestna-cyklistika","tag-cyklista","tag-cyklistika","tag-profesional","tag-sezona-2022","tag-tim","tag-uci","tag-uci-worldtour"],"yoast_head":"<!-- This site is optimized with the Yoast SEO Premium plugin v25.3 (Yoast SEO v25.9) - https:\/\/yoast.com\/wordpress\/plugins\/seo\/ -->\n<title>Tvrd\u00e1 realita nezazmluvnen\u00fdch jazdcov - \u0160koda We Love Cycling Slovensko<\/title>\n<meta name=\"description\" content=\"1. janu\u00e1r \u2013 de\u0148 pre v\u00e4\u010d\u0161inu profesion\u00e1lov, kedy sa m\u00f4\u017eu pochv\u00e1li\u0165 nov\u00fdmi t\u00edmov\u00fdmi dresmi . Opak je tvrd\u00e1 realita nezazmluvnen\u00fdch jazdcov.\" \/>\n<meta name=\"robots\" content=\"index, follow, max-snippet:-1, max-image-preview:large, max-video-preview:-1\" \/>\n<link rel=\"canonical\" href=\"https:\/\/www.welovecycling.com\/sk\/2022\/01\/28\/tvrda-realita-nezazmluvnenych-jazdcov\/\" \/>\n<meta property=\"og:locale\" content=\"sk_SK\" \/>\n<meta property=\"og:type\" content=\"article\" \/>\n<meta property=\"og:title\" content=\"Tvrd\u00e1 realita nezazmluvnen\u00fdch jazdcov\" \/>\n<meta property=\"og:description\" content=\"1. janu\u00e1r \u2013 de\u0148 pre v\u00e4\u010d\u0161inu profesion\u00e1lov, kedy sa m\u00f4\u017eu pochv\u00e1li\u0165 nov\u00fdmi t\u00edmov\u00fdmi dresmi . Opak je tvrd\u00e1 realita nezazmluvnen\u00fdch jazdcov.\" \/>\n<meta property=\"og:url\" content=\"https:\/\/www.welovecycling.com\/sk\/2022\/01\/28\/tvrda-realita-nezazmluvnenych-jazdcov\/\" \/>\n<meta property=\"og:site_name\" content=\"\u0160koda We Love Cycling Slovensko\" \/>\n<meta property=\"article:published_time\" content=\"2022-01-28T09:00:41+00:00\" \/>\n<meta property=\"og:image\" content=\"https:\/\/d2p6e6u75xmxt8.cloudfront.net\/4\/2022\/01\/Marcus-Burghardt-profimedia-0603970424-CVR.webp\" \/>\n\t<meta property=\"og:image:width\" content=\"1366\" \/>\n\t<meta property=\"og:image:height\" content=\"600\" \/>\n\t<meta property=\"og:image:type\" content=\"image\/webp\" \/>\n<meta name=\"twitter:card\" content=\"summary_large_image\" \/>\n<meta name=\"twitter:label1\" content=\"Written by\" \/>\n\t<meta name=\"twitter:data1\" content=\"Dominik Tvrd\u00fd\" \/>\n\t<meta name=\"twitter:label2\" content=\"Est. reading time\" \/>\n\t<meta name=\"twitter:data2\" content=\"10\" \/>\n<script type=\"application\/ld+json\" class=\"yoast-schema-graph\">{\"@context\":\"https:\/\/schema.org\",\"@graph\":[{\"@type\":\"WebPage\",\"@id\":\"https:\/\/www.welovecycling.com\/sk\/2022\/01\/28\/tvrda-realita-nezazmluvnenych-jazdcov\/\",\"url\":\"https:\/\/www.welovecycling.com\/sk\/2022\/01\/28\/tvrda-realita-nezazmluvnenych-jazdcov\/\",\"name\":\"Tvrd\u00e1 realita nezazmluvnen\u00fdch jazdcov - \u0160koda We Love Cycling Slovensko\",\"isPartOf\":{\"@id\":\"https:\/\/www.welovecycling.com\/sk\/#website\"},\"primaryImageOfPage\":{\"@id\":\"https:\/\/www.welovecycling.com\/sk\/2022\/01\/28\/tvrda-realita-nezazmluvnenych-jazdcov\/#primaryimage\"},\"image\":{\"@id\":\"https:\/\/www.welovecycling.com\/sk\/2022\/01\/28\/tvrda-realita-nezazmluvnenych-jazdcov\/#primaryimage\"},\"thumbnailUrl\":\"https:\/\/d2p6e6u75xmxt8.cloudfront.net\/4\/2022\/01\/Marcus-Burghardt-profimedia-0603970424-CVR.webp\",\"datePublished\":\"2022-01-28T09:00:41+00:00\",\"author\":{\"@id\":\"\"},\"description\":\"1. janu\u00e1r \u2013 de\u0148 pre v\u00e4\u010d\u0161inu profesion\u00e1lov, kedy sa m\u00f4\u017eu pochv\u00e1li\u0165 nov\u00fdmi t\u00edmov\u00fdmi dresmi . Opak je tvrd\u00e1 realita nezazmluvnen\u00fdch jazdcov.\",\"breadcrumb\":{\"@id\":\"https:\/\/www.welovecycling.com\/sk\/2022\/01\/28\/tvrda-realita-nezazmluvnenych-jazdcov\/#breadcrumb\"},\"inLanguage\":\"sk-SK\",\"potentialAction\":[{\"@type\":\"ReadAction\",\"target\":[\"https:\/\/www.welovecycling.com\/sk\/2022\/01\/28\/tvrda-realita-nezazmluvnenych-jazdcov\/\"]}]},{\"@type\":\"ImageObject\",\"inLanguage\":\"sk-SK\",\"@id\":\"https:\/\/www.welovecycling.com\/sk\/2022\/01\/28\/tvrda-realita-nezazmluvnenych-jazdcov\/#primaryimage\",\"url\":\"https:\/\/d2p6e6u75xmxt8.cloudfront.net\/4\/2022\/01\/Marcus-Burghardt-profimedia-0603970424-CVR.webp\",\"contentUrl\":\"https:\/\/d2p6e6u75xmxt8.cloudfront.net\/4\/2022\/01\/Marcus-Burghardt-profimedia-0603970424-CVR.webp\",\"width\":1366,\"height\":600,\"caption\":\"Marcus Burghardt\"},{\"@type\":\"BreadcrumbList\",\"@id\":\"https:\/\/www.welovecycling.com\/sk\/2022\/01\/28\/tvrda-realita-nezazmluvnenych-jazdcov\/#breadcrumb\",\"itemListElement\":[{\"@type\":\"ListItem\",\"position\":1,\"name\":\"Home\",\"item\":\"https:\/\/www.welovecycling.com\/sk\/\"},{\"@type\":\"ListItem\",\"position\":2,\"name\":\"Tvrd\u00e1 realita nezazmluvnen\u00fdch jazdcov\"}]},{\"@type\":\"WebSite\",\"@id\":\"https:\/\/www.welovecycling.com\/sk\/#website\",\"url\":\"https:\/\/www.welovecycling.com\/sk\/\",\"name\":\"\u0160koda We Love Cycling Slovensko\",\"description\":\"\u0160koda We Love Cycling Slovensko je v\u00e1\u0161 ka\u017edodenn\u00fd zdroj noviniek a in\u0161pir\u00e1cie z sveta cyklistiky\",\"potentialAction\":[{\"@type\":\"SearchAction\",\"target\":{\"@type\":\"EntryPoint\",\"urlTemplate\":\"https:\/\/www.welovecycling.com\/sk\/?s={search_term_string}\"},\"query-input\":{\"@type\":\"PropertyValueSpecification\",\"valueRequired\":true,\"valueName\":\"search_term_string\"}}],\"inLanguage\":\"sk-SK\"},{\"@type\":\"Person\",\"@id\":\"\",\"url\":\"https:\/\/www.welovecycling.com\/sk\/author\/\"}]}<\/script>\n<!-- \/ Yoast SEO Premium plugin. -->","yoast_head_json":{"title":"Tvrd\u00e1 realita nezazmluvnen\u00fdch jazdcov - \u0160koda We Love Cycling Slovensko","description":"1. janu\u00e1r \u2013 de\u0148 pre v\u00e4\u010d\u0161inu profesion\u00e1lov, kedy sa m\u00f4\u017eu pochv\u00e1li\u0165 nov\u00fdmi t\u00edmov\u00fdmi dresmi . Opak je tvrd\u00e1 realita nezazmluvnen\u00fdch jazdcov.","robots":{"index":"index","follow":"follow","max-snippet":"max-snippet:-1","max-image-preview":"max-image-preview:large","max-video-preview":"max-video-preview:-1"},"canonical":"https:\/\/www.welovecycling.com\/sk\/2022\/01\/28\/tvrda-realita-nezazmluvnenych-jazdcov\/","og_locale":"sk_SK","og_type":"article","og_title":"Tvrd\u00e1 realita nezazmluvnen\u00fdch jazdcov","og_description":"1. janu\u00e1r \u2013 de\u0148 pre v\u00e4\u010d\u0161inu profesion\u00e1lov, kedy sa m\u00f4\u017eu pochv\u00e1li\u0165 nov\u00fdmi t\u00edmov\u00fdmi dresmi . Opak je tvrd\u00e1 realita nezazmluvnen\u00fdch jazdcov.","og_url":"https:\/\/www.welovecycling.com\/sk\/2022\/01\/28\/tvrda-realita-nezazmluvnenych-jazdcov\/","og_site_name":"\u0160koda We Love Cycling Slovensko","article_published_time":"2022-01-28T09:00:41+00:00","og_image":[{"width":1366,"height":600,"url":"https:\/\/d2p6e6u75xmxt8.cloudfront.net\/4\/2022\/01\/Marcus-Burghardt-profimedia-0603970424-CVR.webp","type":"image\/webp"}],"twitter_card":"summary_large_image","twitter_misc":{"Written by":"Dominik Tvrd\u00fd","Est. reading time":"10"},"schema":{"@context":"https:\/\/schema.org","@graph":[{"@type":"WebPage","@id":"https:\/\/www.welovecycling.com\/sk\/2022\/01\/28\/tvrda-realita-nezazmluvnenych-jazdcov\/","url":"https:\/\/www.welovecycling.com\/sk\/2022\/01\/28\/tvrda-realita-nezazmluvnenych-jazdcov\/","name":"Tvrd\u00e1 realita nezazmluvnen\u00fdch jazdcov - \u0160koda We Love Cycling Slovensko","isPartOf":{"@id":"https:\/\/www.welovecycling.com\/sk\/#website"},"primaryImageOfPage":{"@id":"https:\/\/www.welovecycling.com\/sk\/2022\/01\/28\/tvrda-realita-nezazmluvnenych-jazdcov\/#primaryimage"},"image":{"@id":"https:\/\/www.welovecycling.com\/sk\/2022\/01\/28\/tvrda-realita-nezazmluvnenych-jazdcov\/#primaryimage"},"thumbnailUrl":"https:\/\/d2p6e6u75xmxt8.cloudfront.net\/4\/2022\/01\/Marcus-Burghardt-profimedia-0603970424-CVR.webp","datePublished":"2022-01-28T09:00:41+00:00","author":{"@id":""},"description":"1. janu\u00e1r \u2013 de\u0148 pre v\u00e4\u010d\u0161inu profesion\u00e1lov, kedy sa m\u00f4\u017eu pochv\u00e1li\u0165 nov\u00fdmi t\u00edmov\u00fdmi dresmi . Opak je tvrd\u00e1 realita nezazmluvnen\u00fdch jazdcov.","breadcrumb":{"@id":"https:\/\/www.welovecycling.com\/sk\/2022\/01\/28\/tvrda-realita-nezazmluvnenych-jazdcov\/#breadcrumb"},"inLanguage":"sk-SK","potentialAction":[{"@type":"ReadAction","target":["https:\/\/www.welovecycling.com\/sk\/2022\/01\/28\/tvrda-realita-nezazmluvnenych-jazdcov\/"]}]},{"@type":"ImageObject","inLanguage":"sk-SK","@id":"https:\/\/www.welovecycling.com\/sk\/2022\/01\/28\/tvrda-realita-nezazmluvnenych-jazdcov\/#primaryimage","url":"https:\/\/d2p6e6u75xmxt8.cloudfront.net\/4\/2022\/01\/Marcus-Burghardt-profimedia-0603970424-CVR.webp","contentUrl":"https:\/\/d2p6e6u75xmxt8.cloudfront.net\/4\/2022\/01\/Marcus-Burghardt-profimedia-0603970424-CVR.webp","width":1366,"height":600,"caption":"Marcus Burghardt"},{"@type":"BreadcrumbList","@id":"https:\/\/www.welovecycling.com\/sk\/2022\/01\/28\/tvrda-realita-nezazmluvnenych-jazdcov\/#breadcrumb","itemListElement":[{"@type":"ListItem","position":1,"name":"Home","item":"https:\/\/www.welovecycling.com\/sk\/"},{"@type":"ListItem","position":2,"name":"Tvrd\u00e1 realita nezazmluvnen\u00fdch jazdcov"}]},{"@type":"WebSite","@id":"https:\/\/www.welovecycling.com\/sk\/#website","url":"https:\/\/www.welovecycling.com\/sk\/","name":"\u0160koda We Love Cycling Slovensko","description":"\u0160koda We Love Cycling Slovensko je v\u00e1\u0161 ka\u017edodenn\u00fd zdroj noviniek a in\u0161pir\u00e1cie z sveta cyklistiky","potentialAction":[{"@type":"SearchAction","target":{"@type":"EntryPoint","urlTemplate":"https:\/\/www.welovecycling.com\/sk\/?s={search_term_string}"},"query-input":{"@type":"PropertyValueSpecification","valueRequired":true,"valueName":"search_term_string"}}],"inLanguage":"sk-SK"},{"@type":"Person","@id":"","url":"https:\/\/www.welovecycling.com\/sk\/author\/"}]}},"_links":{"self":[{"href":"https:\/\/www.welovecycling.com\/sk\/wp-json\/wp\/v2\/posts\/13690","targetHints":{"allow":["GET"]}}],"collection":[{"href":"https:\/\/www.welovecycling.com\/sk\/wp-json\/wp\/v2\/posts"}],"about":[{"href":"https:\/\/www.welovecycling.com\/sk\/wp-json\/wp\/v2\/types\/post"}],"author":[{"embeddable":true,"href":"https:\/\/www.welovecycling.com\/sk\/wp-json\/wp\/v2\/users\/81"}],"replies":[{"embeddable":true,"href":"https:\/\/www.welovecycling.com\/sk\/wp-json\/wp\/v2\/comments?post=13690"}],"version-history":[{"count":2,"href":"https:\/\/www.welovecycling.com\/sk\/wp-json\/wp\/v2\/posts\/13690\/revisions"}],"predecessor-version":[{"id":13698,"href":"https:\/\/www.welovecycling.com\/sk\/wp-json\/wp\/v2\/posts\/13690\/revisions\/13698"}],"wp:featuredmedia":[{"embeddable":true,"href":"https:\/\/www.welovecycling.com\/sk\/wp-json\/wp\/v2\/media\/13693"}],"wp:attachment":[{"href":"https:\/\/www.welovecycling.com\/sk\/wp-json\/wp\/v2\/media?parent=13690"}],"wp:term":[{"taxonomy":"category","embeddable":true,"href":"https:\/\/www.welovecycling.com\/sk\/wp-json\/wp\/v2\/categories?post=13690"},{"taxonomy":"post_tag","embeddable":true,"href":"https:\/\/www.welovecycling.com\/sk\/wp-json\/wp\/v2\/tags?post=13690"},{"taxonomy":"global-categories","embeddable":true,"href":"https:\/\/www.welovecycling.com\/sk\/wp-json\/wp\/v2\/global-categories?post=13690"}],"curies":[{"name":"wp","href":"https:\/\/api.w.org\/{rel}","templated":true}]}}