{"id":13670,"date":"2022-01-21T10:00:46","date_gmt":"2022-01-21T09:00:46","guid":{"rendered":"https:\/\/www.welovecycling.com\/sk\/?p=13670"},"modified":"2022-01-19T09:47:38","modified_gmt":"2022-01-19T08:47:38","slug":"cyklistika-v-zime-na-olympiade","status":"publish","type":"post","link":"https:\/\/www.welovecycling.com\/sk\/2022\/01\/21\/cyklistika-v-zime-na-olympiade\/","title":{"rendered":"Cyklistika v zime?! Na Olympi\u00e1de?"},"content":{"rendered":"<p><strong>Rok 2021 n\u00e1m dal ve\u013ea cyklistick\u00fdch z\u00e1\u017eitkov na olympi\u00e1de v Tokiu. Od BMX cez horsk\u00fa cyklistiku a\u017e po cestn\u00e9 preteky sa letn\u00e9 olympijsk\u00e9 hry mohli pochv\u00e1li\u0165 22 podujatiami v piatich discipl\u00ednach. Prem\u00fd\u0161\u013eali ste v\u0161ak, s bl\u00ed\u017eiacimi sa zimn\u00fdmi olympijsk\u00fdmi hrami nad t\u00fdm, \u017ee by v\u00e1\u0161 milovan\u00fd \u0161port, cyklistika, mohol ma\u0165 miesto uprostred \u013eadu a snehu?<\/strong><\/p>\n<p><!--more--><\/p>\n<p>Ak je va\u0161a odpove\u010f \u00e1no, nie ste v tom sami. Po zasne\u017eenom vydan\u00ed Svetov\u00e9ho poh\u00e1ra v cyklokrose, ktor\u00fd sa konal v decembri minul\u00e9ho roka vo Val di Sole, sa op\u00e4\u0165 prihl\u00e1sila o slovo my\u0161lienka, prinies\u0165 toto dynamick\u00e9 cyklistick\u00e9 podujatie na zimn\u00e9 olympijsk\u00e9 hry. Ak bud\u00fa aktu\u00e1lne jednania \u00faspe\u0161n\u00e9, sen by sa mohol sta\u0165 realitou po\u010das hier v roku 2030.<\/p>\n<figure id=\"attachment_13671\" aria-describedby=\"caption-attachment-13671\" style=\"width: 1000px\" class=\"wp-caption alignnone\"><a href=\"https:\/\/d2p6e6u75xmxt8.cloudfront.net\/4\/2022\/01\/Wout-van-Aert-val-di-Sole-profimedia-0647580584.jpg\"><img loading=\"lazy\" decoding=\"async\" class=\"size-full wp-image-13671\" src=\"https:\/\/d2p6e6u75xmxt8.cloudfront.net\/4\/2022\/01\/Wout-van-Aert-val-di-Sole-profimedia-0647580584.jpg\" alt=\"\" width=\"1000\" height=\"666\" \/><\/a><figcaption id=\"caption-attachment-13671\" class=\"wp-caption-text\">Aert v akcii po\u010das Svetov\u00e9ho poh\u00e1ra v cyklokrose 2021 vo Val di Sole. \u00a9 Profimedia<\/figcaption><\/figure>\n<p>Tak\u017ee zatia\u013e, \u010do mnoh\u00ed z n\u00e1s uva\u017euj\u00fa nad t\u00fdm, \u010di v\u00f4bec vytiahnu\u0165 bicykle, ke\u010f spoza na\u0161ich \u00fatuln\u00fdch okien sledujeme sneh a n\u00e1mrazu, pr\u00edpadne uva\u017eujete, ak\u00e9 pl\u00e1\u0161te do toho po\u010dasia obu\u0165, pozrime sa bli\u017e\u0161ie na to, ako boli formovan\u00e9 po\u017eiadavky pre cyklokros na zimn\u00e9 olympijsk\u00e9 hry. A \u010do e\u0161te m\u00f4\u017ee prinies\u0165 bud\u00facnos\u0165 s\u00fa\u0165a\u017enej zimnej cyklistiky.<\/p>\n<h2><strong>Val di Sole<\/strong><\/h2>\n<p>Ako u\u017e bolo spomenut\u00e9 vy\u0161\u0161ie, \u010das\u0165 Svetov\u00e9ho poh\u00e1ra v cyklokrose 2021\/2022 sa konala na snehov\u00fdch \u00fasekoch v talianskych Alp\u00e1ch v snahe presved\u010di\u0165 MOV, \u017ee by t\u00e1to s\u00fa\u0165a\u017en\u00e1 kateg\u00f3ria ur\u010dite mala by\u0165 na zimn\u00fdch olympijsk\u00fdch hr\u00e1ch. Vermiglio le\u017e\u00ed v nadmorskej v\u00fd\u0161ke 1 261 metrov na \u00fap\u00e4t\u00ed priesmyku Passo del Tonale, ktor\u00fd rozde\u013euje regi\u00f3ny Trentino a Lombardia.<\/p>\n<p>V priebehu rokov si Val di Sole vybudovalo meno vo svete horskej cyklistiky pre cross-country a downhill, pri\u010dom cyklokrosov\u00e9 preteky sa zvy\u010dajne konaj\u00fa v regi\u00f3noch Mil\u00e1no a Veneto. Tento rok v\u0161ak pri\u0161la v\u00fdnimka. Pred podujat\u00edm organiz\u00e1tori vo Val di Sole z\u00e1merne udr\u017eiavali sneh, aby uk\u00e1zali, \u017ee cyklokrosov\u00e9 podujatie v t\u00fdchto podmienkach je \u017eivota schopnou a vzru\u0161uj\u00facou mo\u017enos\u0165ou.<\/p>\n<p>Pam\u00e4tajte, \u017ee pod\u013ea pravidiel v\u0161etky \u0161porty zimn\u00fdch olympijsk\u00fdch hier sa musia odohr\u00e1va\u0165 na snehu alebo \u013eade.<\/p>\n<figure id=\"attachment_13672\" aria-describedby=\"caption-attachment-13672\" style=\"width: 1250px\" class=\"wp-caption alignnone\"><a href=\"https:\/\/d2p6e6u75xmxt8.cloudfront.net\/4\/2022\/01\/Van-Empel-profimedia-0647565772.jpg\"><img loading=\"lazy\" decoding=\"async\" class=\"size-full wp-image-13672\" src=\"https:\/\/d2p6e6u75xmxt8.cloudfront.net\/4\/2022\/01\/Van-Empel-profimedia-0647565772.jpg\" alt=\"Fem van Empel\" width=\"1250\" height=\"833\" \/><\/a><figcaption id=\"caption-attachment-13672\" class=\"wp-caption-text\">Holandsk\u00e1 pretek\u00e1rka Fem van Empel oslavuje v\u00ed\u0165azstvo v pretekoch \u017eenskej elite kateg\u00f3rie Svetov\u00e9ho poh\u00e1ra v cyklokrose. \u00a9 Profimedia<\/figcaption><\/figure>\n<p>Ako to teda cel\u00e9 dopadlo? V\u010faka snehov\u00fdm podmienkam bol Svetov\u00fd poh\u00e1r UCI v cyklokrose vo Val di Sole 2021, jedn\u00fdm z najvzru\u0161uj\u00facej\u0161\u00edch pretekov sez\u00f3ny. Preteky \u017eien sa skon\u010dili vzru\u0161uj\u00facim z\u00e1verom. 19-ro\u010dn\u00e1 Fem van Empel (Pauwels Sauzen-Bingoal) vyhrala svoje prv\u00e9 preteky Svetov\u00e9ho poh\u00e1ra v cyklokrose. Zvl\u00e1dla sneh a takisto nervozitu v dramatickom z\u00e1vere. \u010co sa t\u00fdka mu\u017eov, Wout Van Aert (Jumbo\u2013Visma) predviedol suver\u00e9nne v\u00ed\u0165azstvo v prvom kole Svetov\u00e9ho poh\u00e1ra v sez\u00f3ne a po pretekoch poznamenal: <em>\u201eDnes ste videli skuto\u010dn\u00e9 preteky. Stalo sa ve\u013ea ve\u013ekolep\u00fdch vec\u00ed a boli to preteky na najvy\u0161\u0161ej \u00farovni s \u00fa\u017easnou scen\u00e9riou. Mysl\u00edm, \u017ee to dok\u00e1zalo, \u017ee cyklokros m\u00f4\u017eete robi\u0165 kdeko\u013evek chcete. M\u00f4\u017eete jazdi\u0165 v parku, v najv\u00e4\u010d\u0161\u00edch mest\u00e1ch sveta alebo tu v hor\u00e1ch.\u201c<\/em><\/p>\n<h2><strong>Olympijsk\u00fd debut?<\/strong><\/h2>\n<p>Tak\u017ee, ak s\u00fa jazdci radi, \u017ee m\u00f4\u017eu s\u00fa\u0165a\u017ei\u0165 na zasne\u017eenom ter\u00e9ne, ako sa odtia\u013eto dostaneme k olympijskej sl\u00e1ve? Medzin\u00e1rodn\u00e1 cyklistick\u00e1 \u00fania (UCI) o zimnej cyklistike po prv\u00fdkr\u00e1t diskutovala ako o olympijskom \u0161porte s Medzin\u00e1rodn\u00fdm olympijsk\u00fdm v\u00fdborom v roku 2014. To znamen\u00e1, \u017ee iniciat\u00edva m\u00e1 nepochybne podporu na vrcholovej \u00farovni.<\/p>\n<p>Bol by to perfektn\u00fd sp\u00f4sob, ako zv\u00fd\u0161i\u0165 vidite\u013enos\u0165 cyklistiky v \u010dase, ke\u010f sa pozornos\u0165 s\u00fastre\u010fuje inde. Napriek tomu, proces k jeho skuto\u010dn\u00e9mu za\u010dleneniu do zimn\u00fdch olympijsk\u00fdch hier nie je \u00faplne hladk\u00fd. Je d\u00f4le\u017eit\u00e9 poznamena\u0165, \u017ee so zapo\u010d\u00edtan\u00fdmi variantmi cestnej, dr\u00e1hovej, BMX a horskej cyklistiky maj\u00fa nad\u0161enci cyklistiky u\u017e teraz \u0165a\u017ek\u00e9 presved\u010di\u0165 Medzin\u00e1rodn\u00fd olympijsk\u00fd v\u00fdbor, \u017ee je potrebn\u00e9 zaradi\u0165 e\u0161te viac dvojkolesov\u00e9ho \u0161portu. \u010ci ich udalosti vo Val di Sole presved\u010dili, \u017ee by tu mohol by\u0165 priestor e\u0161te pre jednu, sa uvid\u00ed.<\/p>\n<h2><strong>Mo\u017eno je to len za\u010diatok<\/strong><\/h2>\n<p>Ale pre t\u00fdch z v\u00e1s, ktor\u00ed si myslia, \u017ee spojenie cyklistiky so zimn\u00fdmi olympijsk\u00fdmi hrami v\u00f4bec ned\u00e1va ve\u013ek\u00fd zmysel zv\u00e1\u017ete, ako \u00fazko s\u00fa tieto dve veci u\u017e spojen\u00e9. Zamyslite sa napr\u00edklad nad t\u00fdm, ak\u00e9 cyklistike podobn\u00e9 s\u00fa pohyby r\u00fak ly\u017eiarov pri zjazdovom ly\u017eovan\u00ed. Pr\u00edpadne si pripome\u0148me \u0161portovcov, ktor\u00ed pre\u0161li od ly\u017eovania k cyklistike \u2014 Primo\u017e Rogli\u010d, pozer\u00e1me sa na teba! A samozrejme, nie je potrebn\u00e9 pripom\u00edna\u0165, \u017ee jedno z najzn\u00e1mej\u0161\u00edch st\u00fapan\u00ed v cyklistike, Alpe d\u2019Huez, je v podstate pr\u00edstupov\u00e1 cesta do ly\u017eiarskeho strediska.<\/p>\n<p>Pravdepodobnos\u0165, \u017ee sa tento sen kone\u010dne zrealizuje na zimn\u00fdch olympijsk\u00fdch hr\u00e1ch, preto nie je len snom. Ke\u010f\u017ee preteky na snehu naberaj\u00fa na obr\u00e1tkach, fat bicykle s\u00fa \u010doraz popul\u00e1rnej\u0161ie a t\u00ed najodv\u00e1\u017enej\u0161\u00ed jazdci u\u017e ber\u00fa na zjazdovky svoje vylep\u0161en\u00e9 BMX bicykle, je pravdepodobne len ot\u00e1zkou \u010dasu, kedy sa prepojenie medzi cyklistikou a zimn\u00fdmi \u0161portmi napln\u00ed.<\/p>\n","protected":false},"excerpt":{"rendered":"<p>Rok 2021 n\u00e1m dal ve\u013ea cyklistick\u00fdch z\u00e1\u017eitkov na olympi\u00e1de v Tokiu. Od BMX cez horsk\u00fa cyklistiku a\u017e po cestn\u00e9 preteky [&hellip;]<\/p>\n","protected":false},"author":81,"featured_media":13674,"comment_status":"open","ping_status":"open","sticky":false,"template":"","format":"standard","meta":{"footnotes":""},"categories":[191],"tags":[115,931,170,55,907,1318],"global-categories":[],"class_list":["post-13670","post","type-post","status-publish","format-standard","has-post-thumbnail","hentry","category-odporucame","tag-cestna-cyklistika","tag-odporucame","tag-primoz-roglic","tag-trening","tag-wout-van-aert","tag-zimne-olympijske-hry"],"yoast_head":"<!-- This site is optimized with the Yoast SEO Premium plugin v25.3 (Yoast SEO v25.9) - https:\/\/yoast.com\/wordpress\/plugins\/seo\/ -->\n<title>Cyklistika v zime?! Na Olympi\u00e1de? - \u0160koda We Love Cycling Slovensko<\/title>\n<meta name=\"description\" content=\"Po zasne\u017eenej ed\u00edcii Svetov\u00e9ho poh\u00e1ra v cyklokrose sa objavil z\u00e1ujem o my\u0161lienku prinies\u0165 cyklokros na zimnej olympi\u00e1de.\" \/>\n<meta name=\"robots\" content=\"index, follow, max-snippet:-1, max-image-preview:large, max-video-preview:-1\" \/>\n<link rel=\"canonical\" href=\"https:\/\/www.welovecycling.com\/sk\/2022\/01\/21\/cyklistika-v-zime-na-olympiade\/\" \/>\n<meta property=\"og:locale\" content=\"sk_SK\" \/>\n<meta property=\"og:type\" content=\"article\" \/>\n<meta property=\"og:title\" content=\"Cyklistika v zime?! Na Olympi\u00e1de?\" \/>\n<meta property=\"og:description\" content=\"Po zasne\u017eenej ed\u00edcii Svetov\u00e9ho poh\u00e1ra v cyklokrose sa objavil z\u00e1ujem o my\u0161lienku prinies\u0165 cyklokros na zimnej olympi\u00e1de.\" \/>\n<meta property=\"og:url\" content=\"https:\/\/www.welovecycling.com\/sk\/2022\/01\/21\/cyklistika-v-zime-na-olympiade\/\" \/>\n<meta property=\"og:site_name\" content=\"\u0160koda We Love Cycling Slovensko\" \/>\n<meta property=\"article:published_time\" content=\"2022-01-21T09:00:46+00:00\" \/>\n<meta property=\"og:image\" content=\"https:\/\/d2p6e6u75xmxt8.cloudfront.net\/4\/2022\/01\/Cyclo-cross-profimedia-0650425122-CVR.webp\" \/>\n\t<meta property=\"og:image:width\" content=\"1366\" \/>\n\t<meta property=\"og:image:height\" content=\"600\" \/>\n\t<meta property=\"og:image:type\" content=\"image\/webp\" \/>\n<meta name=\"twitter:card\" content=\"summary_large_image\" \/>\n<meta name=\"twitter:label1\" content=\"Written by\" \/>\n\t<meta name=\"twitter:data1\" content=\"Megan Flottorp\" \/>\n\t<meta name=\"twitter:label2\" content=\"Est. reading time\" \/>\n\t<meta name=\"twitter:data2\" content=\"6\" \/>\n<script type=\"application\/ld+json\" class=\"yoast-schema-graph\">{\"@context\":\"https:\/\/schema.org\",\"@graph\":[{\"@type\":\"WebPage\",\"@id\":\"https:\/\/www.welovecycling.com\/sk\/2022\/01\/21\/cyklistika-v-zime-na-olympiade\/\",\"url\":\"https:\/\/www.welovecycling.com\/sk\/2022\/01\/21\/cyklistika-v-zime-na-olympiade\/\",\"name\":\"Cyklistika v zime?! Na Olympi\u00e1de? - \u0160koda We Love Cycling Slovensko\",\"isPartOf\":{\"@id\":\"https:\/\/www.welovecycling.com\/sk\/#website\"},\"primaryImageOfPage\":{\"@id\":\"https:\/\/www.welovecycling.com\/sk\/2022\/01\/21\/cyklistika-v-zime-na-olympiade\/#primaryimage\"},\"image\":{\"@id\":\"https:\/\/www.welovecycling.com\/sk\/2022\/01\/21\/cyklistika-v-zime-na-olympiade\/#primaryimage\"},\"thumbnailUrl\":\"https:\/\/d2p6e6u75xmxt8.cloudfront.net\/4\/2022\/01\/Cyclo-cross-profimedia-0650425122-CVR.webp\",\"datePublished\":\"2022-01-21T09:00:46+00:00\",\"author\":{\"@id\":\"\"},\"description\":\"Po zasne\u017eenej ed\u00edcii Svetov\u00e9ho poh\u00e1ra v cyklokrose sa objavil z\u00e1ujem o my\u0161lienku prinies\u0165 cyklokros na zimnej olympi\u00e1de.\",\"breadcrumb\":{\"@id\":\"https:\/\/www.welovecycling.com\/sk\/2022\/01\/21\/cyklistika-v-zime-na-olympiade\/#breadcrumb\"},\"inLanguage\":\"sk-SK\",\"potentialAction\":[{\"@type\":\"ReadAction\",\"target\":[\"https:\/\/www.welovecycling.com\/sk\/2022\/01\/21\/cyklistika-v-zime-na-olympiade\/\"]}]},{\"@type\":\"ImageObject\",\"inLanguage\":\"sk-SK\",\"@id\":\"https:\/\/www.welovecycling.com\/sk\/2022\/01\/21\/cyklistika-v-zime-na-olympiade\/#primaryimage\",\"url\":\"https:\/\/d2p6e6u75xmxt8.cloudfront.net\/4\/2022\/01\/Cyclo-cross-profimedia-0650425122-CVR.webp\",\"contentUrl\":\"https:\/\/d2p6e6u75xmxt8.cloudfront.net\/4\/2022\/01\/Cyclo-cross-profimedia-0650425122-CVR.webp\",\"width\":1366,\"height\":600,\"caption\":\"Cyclo-cross\"},{\"@type\":\"BreadcrumbList\",\"@id\":\"https:\/\/www.welovecycling.com\/sk\/2022\/01\/21\/cyklistika-v-zime-na-olympiade\/#breadcrumb\",\"itemListElement\":[{\"@type\":\"ListItem\",\"position\":1,\"name\":\"Home\",\"item\":\"https:\/\/www.welovecycling.com\/sk\/\"},{\"@type\":\"ListItem\",\"position\":2,\"name\":\"Cyklistika v zime?! Na Olympi\u00e1de?\"}]},{\"@type\":\"WebSite\",\"@id\":\"https:\/\/www.welovecycling.com\/sk\/#website\",\"url\":\"https:\/\/www.welovecycling.com\/sk\/\",\"name\":\"\u0160koda We Love Cycling Slovensko\",\"description\":\"\u0160koda We Love Cycling Slovensko je v\u00e1\u0161 ka\u017edodenn\u00fd zdroj noviniek a in\u0161pir\u00e1cie z sveta cyklistiky\",\"potentialAction\":[{\"@type\":\"SearchAction\",\"target\":{\"@type\":\"EntryPoint\",\"urlTemplate\":\"https:\/\/www.welovecycling.com\/sk\/?s={search_term_string}\"},\"query-input\":{\"@type\":\"PropertyValueSpecification\",\"valueRequired\":true,\"valueName\":\"search_term_string\"}}],\"inLanguage\":\"sk-SK\"},{\"@type\":\"Person\",\"@id\":\"\",\"url\":\"https:\/\/www.welovecycling.com\/sk\/author\/\"}]}<\/script>\n<!-- \/ Yoast SEO Premium plugin. -->","yoast_head_json":{"title":"Cyklistika v zime?! Na Olympi\u00e1de? - \u0160koda We Love Cycling Slovensko","description":"Po zasne\u017eenej ed\u00edcii Svetov\u00e9ho poh\u00e1ra v cyklokrose sa objavil z\u00e1ujem o my\u0161lienku prinies\u0165 cyklokros na zimnej olympi\u00e1de.","robots":{"index":"index","follow":"follow","max-snippet":"max-snippet:-1","max-image-preview":"max-image-preview:large","max-video-preview":"max-video-preview:-1"},"canonical":"https:\/\/www.welovecycling.com\/sk\/2022\/01\/21\/cyklistika-v-zime-na-olympiade\/","og_locale":"sk_SK","og_type":"article","og_title":"Cyklistika v zime?! Na Olympi\u00e1de?","og_description":"Po zasne\u017eenej ed\u00edcii Svetov\u00e9ho poh\u00e1ra v cyklokrose sa objavil z\u00e1ujem o my\u0161lienku prinies\u0165 cyklokros na zimnej olympi\u00e1de.","og_url":"https:\/\/www.welovecycling.com\/sk\/2022\/01\/21\/cyklistika-v-zime-na-olympiade\/","og_site_name":"\u0160koda We Love Cycling Slovensko","article_published_time":"2022-01-21T09:00:46+00:00","og_image":[{"width":1366,"height":600,"url":"https:\/\/d2p6e6u75xmxt8.cloudfront.net\/4\/2022\/01\/Cyclo-cross-profimedia-0650425122-CVR.webp","type":"image\/webp"}],"twitter_card":"summary_large_image","twitter_misc":{"Written by":"Megan Flottorp","Est. reading time":"6"},"schema":{"@context":"https:\/\/schema.org","@graph":[{"@type":"WebPage","@id":"https:\/\/www.welovecycling.com\/sk\/2022\/01\/21\/cyklistika-v-zime-na-olympiade\/","url":"https:\/\/www.welovecycling.com\/sk\/2022\/01\/21\/cyklistika-v-zime-na-olympiade\/","name":"Cyklistika v zime?! Na Olympi\u00e1de? - \u0160koda We Love Cycling Slovensko","isPartOf":{"@id":"https:\/\/www.welovecycling.com\/sk\/#website"},"primaryImageOfPage":{"@id":"https:\/\/www.welovecycling.com\/sk\/2022\/01\/21\/cyklistika-v-zime-na-olympiade\/#primaryimage"},"image":{"@id":"https:\/\/www.welovecycling.com\/sk\/2022\/01\/21\/cyklistika-v-zime-na-olympiade\/#primaryimage"},"thumbnailUrl":"https:\/\/d2p6e6u75xmxt8.cloudfront.net\/4\/2022\/01\/Cyclo-cross-profimedia-0650425122-CVR.webp","datePublished":"2022-01-21T09:00:46+00:00","author":{"@id":""},"description":"Po zasne\u017eenej ed\u00edcii Svetov\u00e9ho poh\u00e1ra v cyklokrose sa objavil z\u00e1ujem o my\u0161lienku prinies\u0165 cyklokros na zimnej olympi\u00e1de.","breadcrumb":{"@id":"https:\/\/www.welovecycling.com\/sk\/2022\/01\/21\/cyklistika-v-zime-na-olympiade\/#breadcrumb"},"inLanguage":"sk-SK","potentialAction":[{"@type":"ReadAction","target":["https:\/\/www.welovecycling.com\/sk\/2022\/01\/21\/cyklistika-v-zime-na-olympiade\/"]}]},{"@type":"ImageObject","inLanguage":"sk-SK","@id":"https:\/\/www.welovecycling.com\/sk\/2022\/01\/21\/cyklistika-v-zime-na-olympiade\/#primaryimage","url":"https:\/\/d2p6e6u75xmxt8.cloudfront.net\/4\/2022\/01\/Cyclo-cross-profimedia-0650425122-CVR.webp","contentUrl":"https:\/\/d2p6e6u75xmxt8.cloudfront.net\/4\/2022\/01\/Cyclo-cross-profimedia-0650425122-CVR.webp","width":1366,"height":600,"caption":"Cyclo-cross"},{"@type":"BreadcrumbList","@id":"https:\/\/www.welovecycling.com\/sk\/2022\/01\/21\/cyklistika-v-zime-na-olympiade\/#breadcrumb","itemListElement":[{"@type":"ListItem","position":1,"name":"Home","item":"https:\/\/www.welovecycling.com\/sk\/"},{"@type":"ListItem","position":2,"name":"Cyklistika v zime?! Na Olympi\u00e1de?"}]},{"@type":"WebSite","@id":"https:\/\/www.welovecycling.com\/sk\/#website","url":"https:\/\/www.welovecycling.com\/sk\/","name":"\u0160koda We Love Cycling Slovensko","description":"\u0160koda We Love Cycling Slovensko je v\u00e1\u0161 ka\u017edodenn\u00fd zdroj noviniek a in\u0161pir\u00e1cie z sveta cyklistiky","potentialAction":[{"@type":"SearchAction","target":{"@type":"EntryPoint","urlTemplate":"https:\/\/www.welovecycling.com\/sk\/?s={search_term_string}"},"query-input":{"@type":"PropertyValueSpecification","valueRequired":true,"valueName":"search_term_string"}}],"inLanguage":"sk-SK"},{"@type":"Person","@id":"","url":"https:\/\/www.welovecycling.com\/sk\/author\/"}]}},"_links":{"self":[{"href":"https:\/\/www.welovecycling.com\/sk\/wp-json\/wp\/v2\/posts\/13670","targetHints":{"allow":["GET"]}}],"collection":[{"href":"https:\/\/www.welovecycling.com\/sk\/wp-json\/wp\/v2\/posts"}],"about":[{"href":"https:\/\/www.welovecycling.com\/sk\/wp-json\/wp\/v2\/types\/post"}],"author":[{"embeddable":true,"href":"https:\/\/www.welovecycling.com\/sk\/wp-json\/wp\/v2\/users\/81"}],"replies":[{"embeddable":true,"href":"https:\/\/www.welovecycling.com\/sk\/wp-json\/wp\/v2\/comments?post=13670"}],"version-history":[{"count":2,"href":"https:\/\/www.welovecycling.com\/sk\/wp-json\/wp\/v2\/posts\/13670\/revisions"}],"predecessor-version":[{"id":13677,"href":"https:\/\/www.welovecycling.com\/sk\/wp-json\/wp\/v2\/posts\/13670\/revisions\/13677"}],"wp:featuredmedia":[{"embeddable":true,"href":"https:\/\/www.welovecycling.com\/sk\/wp-json\/wp\/v2\/media\/13674"}],"wp:attachment":[{"href":"https:\/\/www.welovecycling.com\/sk\/wp-json\/wp\/v2\/media?parent=13670"}],"wp:term":[{"taxonomy":"category","embeddable":true,"href":"https:\/\/www.welovecycling.com\/sk\/wp-json\/wp\/v2\/categories?post=13670"},{"taxonomy":"post_tag","embeddable":true,"href":"https:\/\/www.welovecycling.com\/sk\/wp-json\/wp\/v2\/tags?post=13670"},{"taxonomy":"global-categories","embeddable":true,"href":"https:\/\/www.welovecycling.com\/sk\/wp-json\/wp\/v2\/global-categories?post=13670"}],"curies":[{"name":"wp","href":"https:\/\/api.w.org\/{rel}","templated":true}]}}