{"id":1366,"date":"2017-07-11T17:29:20","date_gmt":"2017-07-11T15:29:20","guid":{"rendered":"https:\/\/www.welovecycling.com\/sk\/?p=1366"},"modified":"2017-12-18T13:11:24","modified_gmt":"2017-12-18T12:11:24","slug":"ako-to-funguje-tour-de-france","status":"publish","type":"post","link":"https:\/\/www.welovecycling.com\/sk\/2017\/07\/11\/ako-to-funguje-tour-de-france\/","title":{"rendered":"Ako to funguje na Tour de France"},"content":{"rendered":"<p><strong>Niektor\u00e9 t\u00edmy sa s\u00fastredia na \u017elt\u00fd dres za celkov\u00fa klasifik\u00e1ciu, in\u00e9 sk\u00f4r na zisk jednotliv\u00fdch et\u00e1p \u2013 zelen\u00fd dres pre najlep\u0161ieho \u0161print\u00e9ra alebo vrch\u00e1rsky bodkovan\u00fd dres. Existuje ve\u013ea pravidiel tejto s\u00fa\u0165a\u017ee, \u010di u\u017e p\u00edsan\u00fdch alebo nep\u00edsan\u00fdch a aj samotn\u00e9 t\u00edmy prip\u00fa\u0161\u0165aj\u00fa, \u017ee v\u0161etko je predov\u0161etk\u00fdm o vz\u00e1jomnej spolupr\u00e1ci a re\u0161pekte. Po\u010fme sa teda obozn\u00e1mi\u0165 so \u0161pecifikami Tour.<\/strong><\/p>\n<p><!--more--><\/p>\n<h2><strong>Dbajte na bezpe\u010die l\u00eddrov<\/strong><\/h2>\n<p>Za\u010diatok Le Tour je v\u017edy vyhrotenou \u010das\u0165ou pretekov, ke\u010f\u017ee t\u00edmy s\u00fa\u0165a\u017eia o to, aby boli na \u010dele pelot\u00f3nu. P\u00e1dy a zranenia predstavuj\u00fa skuto\u010dn\u00e9 riziko, tak\u017ee ostatn\u00ed \u010dlenovia t\u00edmu musia chr\u00e1ni\u0165 svojich l\u00eddrov.<\/p>\n<figure id=\"attachment_152235\" aria-describedby=\"caption-attachment-152235\" style=\"width: 1800px\" class=\"wp-caption alignnone\"><a href=\"https:\/\/d2p6e6u75xmxt8.cloudfront.net\/4\/2017\/06\/profimedia-0232331913.jpg\"><img loading=\"lazy\" decoding=\"async\" class=\"wp-image-1369 size-full\" src=\"https:\/\/d2p6e6u75xmxt8.cloudfront.net\/4\/2017\/06\/profimedia-0232331913.jpg\" alt=\"\" width=\"1800\" height=\"1064\" \/><\/a><figcaption id=\"caption-attachment-152235\" class=\"wp-caption-text\">(Brussels &#8211; Spa) Tour de France 2010.<\/figcaption><\/figure>\n<p>Ir\u00f3niou je, \u017ee \u010d\u00edm viac sa t\u00edmy navz\u00e1jom vytl\u00e1\u010daj\u00fa, t\u00fdm v\u00e4\u010d\u0161ie je riziko zr\u00e1\u017eky v pelot\u00f3ne. Najbezpe\u010dnej\u0161ie miesto je vpredu, a tak v\u0161etci bojuj\u00fa o\u00a0popredn\u00e9 miesta. Tento za\u010darovan\u00fd kruh je takmer nemo\u017en\u00e9 vyrie\u0161i\u0165 prostredn\u00edctvom ofici\u00e1lnych pravidiel, dobre sa na\u0148 v\u0161ak pozer\u00e1 \ud83d\ude42<\/p>\n<h2><strong>\u017dlt\u00fd dres<\/strong><\/h2>\n<p>Vedenie v celkovej klasifik\u00e1cii (GC &#8211; general classification) znamen\u00e1, \u017ee m\u00f4\u017eete nosi\u0165 \u017elt\u00fd dres. Ak chcete vyhra\u0165 celkov\u00fa klasifik\u00e1ciu (de facto &#8222;prv\u00e9 miesto na Tour&#8220;, pozn. redakcie), l\u00edder pretek\u00e1rskeho t\u00edmu mus\u00ed dokon\u010di\u0165 v\u0161etky etapy s najni\u017e\u0161\u00edm celkov\u00fdm \u010dasom.<\/p>\n<div class=\"shortcode-ys-post-pinup\"><article class=\"loop-simple post-1281 post type-post status-publish format-standard has-post-thumbnail hentry category-cestna-cyklisitika category-tour-de-france tag-alberto-contador tag-cestna-cyklistika tag-chris-froome tag-nairo-quintana tag-richie-porte tag-tour-de-france tag-tour-de-france-2017\" data-postid=\"1281\" role=\"article\" data-post-id=\"1281\" data-word-count=\"229\" data-headline-length=\"26\" data-category=\"Cestn\u00e1 cyklistika\" data-author=\"We Love Cycling\" data-published=\"2017-06-30T23:06:30+02:00\" data-published-day=\"Friday\">\n    <div class=\"entry-thumbnail article-thumbnail\" content=\"https:\/\/d2p6e6u75xmxt8.cloudfront.net\/4\/2017\/06\/Unknown-6-150x150.webp\"><a href=\"https:\/\/www.welovecycling.com\/sk\/2017\/06\/30\/vyhra-tour-de-france\/\" class=\"image-holder\" target=\"_self\"><img decoding=\"async\" loading=\"lazy\" class=\"\" src=\"https:\/\/d2p6e6u75xmxt8.cloudfront.net\/4\/2017\/06\/Unknown-6-1024x447.webp\" srcset=\"https:\/\/d2p6e6u75xmxt8.cloudfront.net\/4\/2017\/06\/Unknown-6.webp 1375w, https:\/\/d2p6e6u75xmxt8.cloudfront.net\/4\/2017\/06\/Unknown-6-300x131.webp 300w, https:\/\/d2p6e6u75xmxt8.cloudfront.net\/4\/2017\/06\/Unknown-6-1024x447.webp 1024w, https:\/\/d2p6e6u75xmxt8.cloudfront.net\/4\/2017\/06\/Unknown-6-768x335.webp 768w\" width=\"1024\" height=\"447\" sizes=\"auto, (min-width: 1200px) 458px, (min-width: 768px) 38vw, 100vw\" alt=\"vyhra-tour-de-france\"\/><\/a><\/div>    <div class=\"entry-meta\">\n        <a class=\"label label-secondary post-category\" href=\"https:\/\/www.welovecycling.com\/sk\/category\/cestna-cyklisitika\/\" title=\"Cestn\u00e1 cyklistika\">Cestn\u00e1 cyklistika<\/a>\n    <\/div>\n    <div class=\"entry-details\">\n        <a href=\"https:\/\/www.welovecycling.com\/sk\/2017\/06\/30\/vyhra-tour-de-france\/\" class='entry-title-wrapper'>\n            <h3 class=\"entry-title\"><span>Kto vyhr\u00e1 Tour de France?<\/span><\/h3>\n        <\/a>\n    <\/div>\n    <\/article>\n<\/div>\n<p>Znamen\u00e1 to, \u017ee uch\u00e1dza\u010d o celkov\u00fa klasifik\u00e1ciu by mal by\u0165 d\u00f4myseln\u00fd a v\u0161estrann\u00fd, by\u0165 doma tak v\u00a0hor\u00e1ch ako aj v\u00a0\u010dasovk\u00e1ch. A\u00a0tu prich\u00e1dza \u010fal\u0161\u00ed paradox \u2013 jazdec m\u00f4\u017ee vyhra\u0165 celkov\u00fa klasifik\u00e1ciu bez toho, aby vyhral ak\u00fako\u013evek individu\u00e1lnu etapu. Predstavte si to asi takto &#8211; Mark Cavendish m\u00f4\u017ee vyhra\u0165 ka\u017ed\u00fa rovinat\u00fa etapu vhodn\u00fa pre \u0161print\u00e9rov, ale pravdepodobne dokon\u010d\u00ed horsk\u00e9 etapy aspo\u0148 20 min\u00fat po jazdcoch ako Nairo Quintana, zatia\u013e \u010do Quintana dokon\u010d\u00ed \u0161print\u00e9rsku etapu do 3 min\u00fat od Cavendisha.<\/p>\n<h2><strong>\u00daniky a v\u00fdhry et\u00e1p<\/strong><\/h2>\n<p>Bez oh\u013eadu na to, kto vyhr\u00e1 \u017elt\u00fd dres, vyhra\u0165 individu\u00e1lnu etapu na Le Tour je v\u017edy jedine\u010dn\u00e1 udalos\u0165. Mnoh\u00e9 t\u00edmy sa \u010dasto zameriavaj\u00fa na jednu alebo dve konkr\u00e9tne etapy jednoducho preto, aby sa dostali do z\u00e1ujmu pozornosti. \u00daniky s\u00fa najlep\u0161\u00edm sp\u00f4sobom na to, ako to dosiahnu\u0165, ale v\u00f4bec nie t\u00fdm najjednoduch\u0161\u00edm.<\/p>\n<p>V za\u010diatkoch ka\u017edej etapy si m\u00f4\u017eeme v\u0161imn\u00fa\u0165, ako sa mal\u00e1 skupina jazdcov pok\u00fa\u0161a dosta\u0165 do \u00faniku. Zvy\u010dajne s\u00fa to jazdci, ktor\u00ed nemaj\u00fa \u010do strati\u0165, a maj\u00fa ve\u013ek\u00fa stratu v celkovej klasifik\u00e1cii; te\u0161ia svojich sponzorov t\u00fdm, \u017ee na seba strh\u00e1vaj\u00fa pozornos\u0165 telev\u00edzie. Vo v\u00e4\u010d\u0161ine pr\u00edpadov ich zvy\u0161ok pelot\u00f3nu po \u010dase dobehne, niekedy sa im v\u0161ak podar\u00ed dovies\u0165 \u00fanik a\u017e do cie\u013ea, \u010do je v\u017edy pekn\u00e9 v\u00ed\u0165azstvo a ve\u013ek\u00fd \u00faspech.<\/p>\n<h2><strong>Kr\u00e1\u013eovsk\u00e9 \u00faniky<\/strong><\/h2>\n<p>Uch\u00e1dza\u010di o \u017elt\u00fd alebo zelen\u00fd dres sa tie\u017e m\u00f4\u017eu zabavi\u0165 \u00fanikom, ale robia tak len v pr\u00edpade, \u017ee to je v ich prospech \u2013 presne tak, ako to vyu\u017eili Froome a Sagan v\u00a0roku 2016.<\/p>\n<figure id=\"attachment_152236\" aria-describedby=\"caption-attachment-152236\" style=\"width: 1250px\" class=\"wp-caption alignnone\"><a href=\"https:\/\/d2p6e6u75xmxt8.cloudfront.net\/4\/2017\/06\/profimedia-0294287736.jpg\"><img loading=\"lazy\" decoding=\"async\" class=\"wp-image-1375 size-full\" src=\"https:\/\/d2p6e6u75xmxt8.cloudfront.net\/4\/2017\/06\/profimedia-0294287736.jpg\" alt=\"\" width=\"1250\" height=\"833\" \/><\/a><figcaption id=\"caption-attachment-152236\" class=\"wp-caption-text\">Chris Froome a Peter Sagan si pokecali pred \u0161tartom etapy. (13. j\u00fal 2016)<\/figcaption><\/figure>\n<p>Etapa 11 Le Tour 2016 bola su\u017eovan\u00e1 bo\u010dn\u00fdm vetrom, tak\u017ee jazdci museli robi\u0165, \u010do bolo v ich sil\u00e1ch, aby \u0148ou pre\u0161li. Sagan sa ocitol vpredu s Thomasom, Bodnarom a Froomom. Bodnar vytiahol Sagana do \u010dela a v pelot\u00f3ne nastala trochu panika \u2013 najm\u00e4 po tom, ako sa pridal Froome a Thomas. Sagan vyhral etapu a Froome si z\u00edskal \u010fal\u0161ie sekundy k dobru.<\/p>\n<h2><strong>Najlep\u0161\u00ed vrch\u00e1r<\/strong><\/h2>\n<p>Body pre vrch\u00e1rov sa ude\u013euj\u00fa v\u017edy za zdolan\u00e9 st\u00fapania, \u010do je ve\u013ek\u00e1 v\u00fdhoda pre \u0161pecializovan\u00fdch jazdcov. Vrch\u00e1rske pr\u00e9mie s\u00fa rozdelen\u00e9 do kateg\u00f3ri\u00ed od 1 do 4, pri\u010dom 1 je t\u00e1 naj\u0165a\u017e\u0161ia. \u010c\u00edsla vo\u013ene kore\u0161ponduj\u00fa s prevodov\u00fdmi stup\u0148ami auta \u2013 aby ste sa mohli dosta\u0165 na st\u00fapanie 1, budete musie\u0165 zaradi\u0165 prv\u00fd prevodov\u00fd stupe\u0148.<\/p>\n<p>Organiz\u00e1tori pretekov m\u00f4\u017eu navy\u0161e aj za men\u0161ie st\u00fapania udeli\u0165 celkom pekn\u00e9 body (ak je napr\u00edklad st\u00fapanie 3. kateg\u00f3rie dostato\u010dne dlh\u00e9, m\u00f4\u017ee predstavova\u0165 rovnak\u00fa v\u00fdzvu ako krat\u0161ie st\u00fapanie 1. kateg\u00f3rie). Je treba podotkn\u00fa\u0165, \u017ee existuje e\u0161te n\u00e1ro\u010dnej\u0161ie st\u00fapanie &#8211; <strong>Hors Cat\u00e9gorie (HC)<\/strong>. St\u00fapanie HC je mimo r\u00e1mec kategoriz\u00e1cie a p\u00f4vodne to bol v\u00fdraz pre st\u00fapanie tak \u0165a\u017ek\u00e9, \u017ee n\u00edm nemohlo prejs\u0165 ani auto.<\/p>\n<h2><strong>Bodovacia s\u00fa\u0165a\u017e\u00a0 &#8211; zisk zelen\u00e9ho dresu<\/strong><\/h2>\n<p>Body sa ude\u013euj\u00fa za v\u00ed\u0165azn\u00fd \u0161print v r\u00f4znych \u010dastiach etapy, \u010dasto hne\u010f na za\u010diatku na povzbudenie t\u00edmov, aby bu\u010f zv\u00fd\u0161ili tempo v\u00a0pelot\u00f3ne alebo aby hne\u010f na za\u010diatku tvorili n\u00e1dejn\u00e9 \u00faniky.<\/p>\n<figure id=\"attachment_152237\" aria-describedby=\"caption-attachment-152237\" style=\"width: 1250px\" class=\"wp-caption alignnone\"><a href=\"https:\/\/d2p6e6u75xmxt8.cloudfront.net\/4\/2017\/06\/profimedia-0294489922.jpg\"><img loading=\"lazy\" decoding=\"async\" class=\"size-full wp-image-1379\" src=\"https:\/\/d2p6e6u75xmxt8.cloudfront.net\/4\/2017\/06\/profimedia-0294489922.jpg\" alt=\"\" width=\"1250\" height=\"831\" \/><\/a><figcaption id=\"caption-attachment-152237\" class=\"wp-caption-text\">Peter Sagan (Tinkoff) v dojazde 16. etapy do Bernu pri svojom tre\u0165om etapovom v\u00ed\u0165azstve na Tour de France 2016.<\/figcaption><\/figure>\n<p>Viac bodov sa samozrejme ude\u013euje za \u0161print na konci etapy, \u010do vyu\u017e\u00edvaj\u00fa t\u00edmy so \u0161pecializovan\u00fdmi \u0161print\u00e9rmi, ak\u00fdmi s\u00fa Sagan, Greipel, Kittel alebo Cavendish. To samozrejme vedie k bojom o poz\u00edcie pred cie\u013eovou \u010diarou. Z toho vznikaj\u00fa n\u00e1sledne nepr\u00edjemn\u00e9 kol\u00edzne situ\u00e1cie a nebezpe\u010dn\u00e9 p\u00e1dy.<\/p>\n","protected":false},"excerpt":{"rendered":"<p>Niektor\u00e9 t\u00edmy sa s\u00fastredia na \u017elt\u00fd dres za celkov\u00fa klasifik\u00e1ciu, in\u00e9 sk\u00f4r na zisk jednotliv\u00fdch et\u00e1p \u2013 zelen\u00fd dres pre [&hellip;]<\/p>\n","protected":false},"author":38,"featured_media":1385,"comment_status":"open","ping_status":"open","sticky":false,"template":"","format":"standard","meta":{"footnotes":""},"categories":[4,63],"tags":[175,115,176,177,20,108,156,174],"global-categories":[],"class_list":["post-1366","post","type-post","status-publish","format-standard","has-post-thumbnail","hentry","category-cestna-cyklisitika","category-grand-tour","tag-bodkovany-dres","tag-cestna-cyklistika","tag-peloton","tag-taktika-timu","tag-tour-de-france","tag-tour-de-france-2017","tag-zeleny-dres","tag-zlty-dres"],"yoast_head":"<!-- This site is optimized with the Yoast SEO Premium plugin v25.3 (Yoast SEO v25.9) - https:\/\/yoast.com\/wordpress\/plugins\/seo\/ -->\n<title>Ako to funguje na Tour de France - \u0160koda We Love Cycling Slovensko<\/title>\n<meta name=\"robots\" content=\"index, follow, max-snippet:-1, max-image-preview:large, max-video-preview:-1\" \/>\n<link rel=\"canonical\" href=\"https:\/\/www.welovecycling.com\/sk\/2017\/07\/11\/ako-to-funguje-tour-de-france\/\" \/>\n<meta property=\"og:locale\" content=\"sk_SK\" \/>\n<meta property=\"og:type\" content=\"article\" \/>\n<meta property=\"og:title\" content=\"Ako to funguje na Tour de France\" \/>\n<meta property=\"og:description\" content=\"Niektor\u00e9 t\u00edmy sa s\u00fastredia na \u017elt\u00fd dres za celkov\u00fa klasifik\u00e1ciu, in\u00e9 sk\u00f4r na zisk jednotliv\u00fdch et\u00e1p \u2013 zelen\u00fd dres pre [&hellip;]\" \/>\n<meta property=\"og:url\" content=\"https:\/\/www.welovecycling.com\/sk\/2017\/07\/11\/ako-to-funguje-tour-de-france\/\" \/>\n<meta property=\"og:site_name\" content=\"\u0160koda We Love Cycling Slovensko\" \/>\n<meta property=\"article:published_time\" content=\"2017-07-11T15:29:20+00:00\" \/>\n<meta property=\"article:modified_time\" content=\"2017-12-18T12:11:24+00:00\" \/>\n<meta property=\"og:image\" content=\"https:\/\/d2p6e6u75xmxt8.cloudfront.net\/4\/2017\/06\/profimedia-0295025648-cover.webp\" \/>\n\t<meta property=\"og:image:width\" content=\"1800\" \/>\n\t<meta property=\"og:image:height\" content=\"785\" \/>\n\t<meta property=\"og:image:type\" content=\"image\/webp\" \/>\n<meta name=\"author\" content=\"Ondrej Ga\u0161par\" \/>\n<meta name=\"twitter:card\" content=\"summary_large_image\" \/>\n<meta name=\"twitter:label1\" content=\"Written by\" \/>\n\t<meta name=\"twitter:data1\" content=\"We Love Cycling\" \/>\n\t<meta name=\"twitter:label2\" content=\"Est. reading time\" \/>\n\t<meta name=\"twitter:data2\" content=\"5 minutes\" \/>\n<script type=\"application\/ld+json\" class=\"yoast-schema-graph\">{\"@context\":\"https:\/\/schema.org\",\"@graph\":[{\"@type\":\"WebPage\",\"@id\":\"https:\/\/www.welovecycling.com\/sk\/2017\/07\/11\/ako-to-funguje-tour-de-france\/\",\"url\":\"https:\/\/www.welovecycling.com\/sk\/2017\/07\/11\/ako-to-funguje-tour-de-france\/\",\"name\":\"Ako to funguje na Tour de France - \u0160koda We Love Cycling Slovensko\",\"isPartOf\":{\"@id\":\"https:\/\/www.welovecycling.com\/sk\/#website\"},\"primaryImageOfPage\":{\"@id\":\"https:\/\/www.welovecycling.com\/sk\/2017\/07\/11\/ako-to-funguje-tour-de-france\/#primaryimage\"},\"image\":{\"@id\":\"https:\/\/www.welovecycling.com\/sk\/2017\/07\/11\/ako-to-funguje-tour-de-france\/#primaryimage\"},\"thumbnailUrl\":\"https:\/\/d2p6e6u75xmxt8.cloudfront.net\/4\/2017\/06\/profimedia-0295025648-cover.webp\",\"datePublished\":\"2017-07-11T15:29:20+00:00\",\"dateModified\":\"2017-12-18T12:11:24+00:00\",\"author\":{\"@id\":\"https:\/\/www.welovecycling.com\/sk\/#\/schema\/person\/8ee09ba39b7e25b1870160aa5b3a89bc\"},\"breadcrumb\":{\"@id\":\"https:\/\/www.welovecycling.com\/sk\/2017\/07\/11\/ako-to-funguje-tour-de-france\/#breadcrumb\"},\"inLanguage\":\"sk-SK\",\"potentialAction\":[{\"@type\":\"ReadAction\",\"target\":[\"https:\/\/www.welovecycling.com\/sk\/2017\/07\/11\/ako-to-funguje-tour-de-france\/\"]}]},{\"@type\":\"ImageObject\",\"inLanguage\":\"sk-SK\",\"@id\":\"https:\/\/www.welovecycling.com\/sk\/2017\/07\/11\/ako-to-funguje-tour-de-france\/#primaryimage\",\"url\":\"https:\/\/d2p6e6u75xmxt8.cloudfront.net\/4\/2017\/06\/profimedia-0295025648-cover.webp\",\"contentUrl\":\"https:\/\/d2p6e6u75xmxt8.cloudfront.net\/4\/2017\/06\/profimedia-0295025648-cover.webp\",\"width\":1800,\"height\":785},{\"@type\":\"BreadcrumbList\",\"@id\":\"https:\/\/www.welovecycling.com\/sk\/2017\/07\/11\/ako-to-funguje-tour-de-france\/#breadcrumb\",\"itemListElement\":[{\"@type\":\"ListItem\",\"position\":1,\"name\":\"Home\",\"item\":\"https:\/\/www.welovecycling.com\/sk\/\"},{\"@type\":\"ListItem\",\"position\":2,\"name\":\"Ako to funguje na Tour de France\"}]},{\"@type\":\"WebSite\",\"@id\":\"https:\/\/www.welovecycling.com\/sk\/#website\",\"url\":\"https:\/\/www.welovecycling.com\/sk\/\",\"name\":\"\u0160koda We Love Cycling Slovensko\",\"description\":\"\u0160koda We Love Cycling Slovensko je v\u00e1\u0161 ka\u017edodenn\u00fd zdroj noviniek a in\u0161pir\u00e1cie z sveta cyklistiky\",\"potentialAction\":[{\"@type\":\"SearchAction\",\"target\":{\"@type\":\"EntryPoint\",\"urlTemplate\":\"https:\/\/www.welovecycling.com\/sk\/?s={search_term_string}\"},\"query-input\":{\"@type\":\"PropertyValueSpecification\",\"valueRequired\":true,\"valueName\":\"search_term_string\"}}],\"inLanguage\":\"sk-SK\"},{\"@type\":\"Person\",\"@id\":\"https:\/\/www.welovecycling.com\/sk\/#\/schema\/person\/8ee09ba39b7e25b1870160aa5b3a89bc\",\"name\":\"Ondrej Ga\u0161par\",\"image\":{\"@type\":\"ImageObject\",\"inLanguage\":\"sk-SK\",\"@id\":\"https:\/\/www.welovecycling.com\/sk\/#\/schema\/person\/image\/\",\"url\":\"https:\/\/secure.gravatar.com\/avatar\/6126c9afb87b70da5abbb083ddbb21933da15f18f8ca7cb822aba0fb096a48f6?s=96&d=mm&r=g\",\"contentUrl\":\"https:\/\/secure.gravatar.com\/avatar\/6126c9afb87b70da5abbb083ddbb21933da15f18f8ca7cb822aba0fb096a48f6?s=96&d=mm&r=g\",\"caption\":\"Ondrej Ga\u0161par\"},\"url\":\"https:\/\/www.welovecycling.com\/sk\/author\/ondrejgaspar\/\"}]}<\/script>\n<!-- \/ Yoast SEO Premium plugin. -->","yoast_head_json":{"title":"Ako to funguje na Tour de France - \u0160koda We Love Cycling Slovensko","robots":{"index":"index","follow":"follow","max-snippet":"max-snippet:-1","max-image-preview":"max-image-preview:large","max-video-preview":"max-video-preview:-1"},"canonical":"https:\/\/www.welovecycling.com\/sk\/2017\/07\/11\/ako-to-funguje-tour-de-france\/","og_locale":"sk_SK","og_type":"article","og_title":"Ako to funguje na Tour de France","og_description":"Niektor\u00e9 t\u00edmy sa s\u00fastredia na \u017elt\u00fd dres za celkov\u00fa klasifik\u00e1ciu, in\u00e9 sk\u00f4r na zisk jednotliv\u00fdch et\u00e1p \u2013 zelen\u00fd dres pre [&hellip;]","og_url":"https:\/\/www.welovecycling.com\/sk\/2017\/07\/11\/ako-to-funguje-tour-de-france\/","og_site_name":"\u0160koda We Love Cycling Slovensko","article_published_time":"2017-07-11T15:29:20+00:00","article_modified_time":"2017-12-18T12:11:24+00:00","og_image":[{"width":1800,"height":785,"url":"https:\/\/d2p6e6u75xmxt8.cloudfront.net\/4\/2017\/06\/profimedia-0295025648-cover.webp","type":"image\/webp"}],"author":"Ondrej Ga\u0161par","twitter_card":"summary_large_image","twitter_misc":{"Written by":"We Love Cycling","Est. reading time":"5 minutes"},"schema":{"@context":"https:\/\/schema.org","@graph":[{"@type":"WebPage","@id":"https:\/\/www.welovecycling.com\/sk\/2017\/07\/11\/ako-to-funguje-tour-de-france\/","url":"https:\/\/www.welovecycling.com\/sk\/2017\/07\/11\/ako-to-funguje-tour-de-france\/","name":"Ako to funguje na Tour de France - \u0160koda We Love Cycling Slovensko","isPartOf":{"@id":"https:\/\/www.welovecycling.com\/sk\/#website"},"primaryImageOfPage":{"@id":"https:\/\/www.welovecycling.com\/sk\/2017\/07\/11\/ako-to-funguje-tour-de-france\/#primaryimage"},"image":{"@id":"https:\/\/www.welovecycling.com\/sk\/2017\/07\/11\/ako-to-funguje-tour-de-france\/#primaryimage"},"thumbnailUrl":"https:\/\/d2p6e6u75xmxt8.cloudfront.net\/4\/2017\/06\/profimedia-0295025648-cover.webp","datePublished":"2017-07-11T15:29:20+00:00","dateModified":"2017-12-18T12:11:24+00:00","author":{"@id":"https:\/\/www.welovecycling.com\/sk\/#\/schema\/person\/8ee09ba39b7e25b1870160aa5b3a89bc"},"breadcrumb":{"@id":"https:\/\/www.welovecycling.com\/sk\/2017\/07\/11\/ako-to-funguje-tour-de-france\/#breadcrumb"},"inLanguage":"sk-SK","potentialAction":[{"@type":"ReadAction","target":["https:\/\/www.welovecycling.com\/sk\/2017\/07\/11\/ako-to-funguje-tour-de-france\/"]}]},{"@type":"ImageObject","inLanguage":"sk-SK","@id":"https:\/\/www.welovecycling.com\/sk\/2017\/07\/11\/ako-to-funguje-tour-de-france\/#primaryimage","url":"https:\/\/d2p6e6u75xmxt8.cloudfront.net\/4\/2017\/06\/profimedia-0295025648-cover.webp","contentUrl":"https:\/\/d2p6e6u75xmxt8.cloudfront.net\/4\/2017\/06\/profimedia-0295025648-cover.webp","width":1800,"height":785},{"@type":"BreadcrumbList","@id":"https:\/\/www.welovecycling.com\/sk\/2017\/07\/11\/ako-to-funguje-tour-de-france\/#breadcrumb","itemListElement":[{"@type":"ListItem","position":1,"name":"Home","item":"https:\/\/www.welovecycling.com\/sk\/"},{"@type":"ListItem","position":2,"name":"Ako to funguje na Tour de France"}]},{"@type":"WebSite","@id":"https:\/\/www.welovecycling.com\/sk\/#website","url":"https:\/\/www.welovecycling.com\/sk\/","name":"\u0160koda We Love Cycling Slovensko","description":"\u0160koda We Love Cycling Slovensko je v\u00e1\u0161 ka\u017edodenn\u00fd zdroj noviniek a in\u0161pir\u00e1cie z sveta cyklistiky","potentialAction":[{"@type":"SearchAction","target":{"@type":"EntryPoint","urlTemplate":"https:\/\/www.welovecycling.com\/sk\/?s={search_term_string}"},"query-input":{"@type":"PropertyValueSpecification","valueRequired":true,"valueName":"search_term_string"}}],"inLanguage":"sk-SK"},{"@type":"Person","@id":"https:\/\/www.welovecycling.com\/sk\/#\/schema\/person\/8ee09ba39b7e25b1870160aa5b3a89bc","name":"Ondrej Ga\u0161par","image":{"@type":"ImageObject","inLanguage":"sk-SK","@id":"https:\/\/www.welovecycling.com\/sk\/#\/schema\/person\/image\/","url":"https:\/\/secure.gravatar.com\/avatar\/6126c9afb87b70da5abbb083ddbb21933da15f18f8ca7cb822aba0fb096a48f6?s=96&d=mm&r=g","contentUrl":"https:\/\/secure.gravatar.com\/avatar\/6126c9afb87b70da5abbb083ddbb21933da15f18f8ca7cb822aba0fb096a48f6?s=96&d=mm&r=g","caption":"Ondrej Ga\u0161par"},"url":"https:\/\/www.welovecycling.com\/sk\/author\/ondrejgaspar\/"}]}},"_links":{"self":[{"href":"https:\/\/www.welovecycling.com\/sk\/wp-json\/wp\/v2\/posts\/1366","targetHints":{"allow":["GET"]}}],"collection":[{"href":"https:\/\/www.welovecycling.com\/sk\/wp-json\/wp\/v2\/posts"}],"about":[{"href":"https:\/\/www.welovecycling.com\/sk\/wp-json\/wp\/v2\/types\/post"}],"author":[{"embeddable":true,"href":"https:\/\/www.welovecycling.com\/sk\/wp-json\/wp\/v2\/users\/38"}],"replies":[{"embeddable":true,"href":"https:\/\/www.welovecycling.com\/sk\/wp-json\/wp\/v2\/comments?post=1366"}],"version-history":[{"count":2,"href":"https:\/\/www.welovecycling.com\/sk\/wp-json\/wp\/v2\/posts\/1366\/revisions"}],"predecessor-version":[{"id":1679,"href":"https:\/\/www.welovecycling.com\/sk\/wp-json\/wp\/v2\/posts\/1366\/revisions\/1679"}],"wp:featuredmedia":[{"embeddable":true,"href":"https:\/\/www.welovecycling.com\/sk\/wp-json\/wp\/v2\/media\/1385"}],"wp:attachment":[{"href":"https:\/\/www.welovecycling.com\/sk\/wp-json\/wp\/v2\/media?parent=1366"}],"wp:term":[{"taxonomy":"category","embeddable":true,"href":"https:\/\/www.welovecycling.com\/sk\/wp-json\/wp\/v2\/categories?post=1366"},{"taxonomy":"post_tag","embeddable":true,"href":"https:\/\/www.welovecycling.com\/sk\/wp-json\/wp\/v2\/tags?post=1366"},{"taxonomy":"global-categories","embeddable":true,"href":"https:\/\/www.welovecycling.com\/sk\/wp-json\/wp\/v2\/global-categories?post=1366"}],"curies":[{"name":"wp","href":"https:\/\/api.w.org\/{rel}","templated":true}]}}