{"id":13658,"date":"2022-01-19T10:00:37","date_gmt":"2022-01-19T09:00:37","guid":{"rendered":"https:\/\/www.welovecycling.com\/sk\/?p=13658"},"modified":"2022-01-21T08:05:14","modified_gmt":"2022-01-21T07:05:14","slug":"pozvanka-visegrad-v4-ecup-2022-novy-segment-e-sportu","status":"publish","type":"post","link":"https:\/\/www.welovecycling.com\/sk\/2022\/01\/19\/pozvanka-visegrad-v4-ecup-2022-novy-segment-e-sportu\/","title":{"rendered":"Pozv\u00e1nka: Visegrad V4 eCUP 2022 &#8211; nov\u00fd segment e-\u0161portu"},"content":{"rendered":"<p><strong>E-\u0161porty s\u00fa v\u00a0dne\u0161nej dobe a\u00a0najm\u00e4 posledn\u00e9 dva roky \u010doraz popul\u00e1rnej\u0161ie. Bolo to len ot\u00e1zkou \u010dasu, kedy sa online hranie hier dostane na t\u00fato \u00farove\u0148. Ob\u013e\u00faben\u00e9 s\u00fa ak\u010dn\u00e9 \u010di strategick\u00e9 hry, ale \u0161portovcov samozrejme viac l\u00e1kaj\u00fa hry, ako napr\u00edklad futbalov\u00e1 FIFA \u010di formule F1. Za t\u00fa pomerne kr\u00e1tku dobu fungovania vzniklo u\u017e ve\u013ek\u00e9 mno\u017estvo r\u00f4znych turnajov a\u00a0s\u00fa\u0165a\u017e\u00ed. V\u00a0niektor\u00fdch sa u\u017e hr\u00e1 o\u00a0skuto\u010dne poriadne v\u00fdhry.<\/strong><!--more--><\/p>\n<p>Po\u010das zimnej sez\u00f3ny si \u010doraz viac cyklistov zaobstaralo trena\u017e\u00e9r a\u00a0tak h\u013eadaj\u00fa, ako si tr\u00e9novanie \u010doraz viac spr\u00edjemni\u0165. Jednou z\u00a0mo\u017enost\u00ed je po\u010das tr\u00e9ningu sledova\u0165 nejak\u00fd film, alebo z\u00e1znam z\u00a0niektor\u00fdch svetov\u00fdch pretekov v\u00a0cyklistike. Zauj\u00edmavou mo\u017enos\u0165ou v\u0161ak je zaregistrova\u0165 sa na niektorej z\u00a0virtu\u00e1lnych aplik\u00e1ci\u00ed a\u00a0<strong>pribl\u00ed\u017ei\u0165 svoj zimn\u00fd tr\u00e9ning \u010do najviac skuto\u010dn\u00e9mu jazdeniu<\/strong>.<\/p>\n<p><a href=\"https:\/\/d2p6e6u75xmxt8.cloudfront.net\/4\/2022\/01\/V4_01.jpg\"><img loading=\"lazy\" decoding=\"async\" src=\"https:\/\/d2p6e6u75xmxt8.cloudfront.net\/4\/2022\/01\/V4_01.jpg\" alt=\"\" width=\"1200\" height=\"800\" class=\"alignnone size-full wp-image-13664\" \/><\/a><\/p>\n<h2><strong>\u010co je Visegrad V4 eCUP 2022<\/strong><\/h2>\n<p>Samozrejme, n\u00e1pad virtu\u00e1lnych spolo\u010dn\u00fdch jazden\u00ed \u010di online cyklistick\u00fdch pretekov na lok\u00e1lnej \u00farovni nie je ni\u010d nov\u00e9, no s\u00a0Visegrad V4 eCUP 2022 naberaj\u00fa tieto jazdenia \u00faplne in\u00fd rozmer. <strong>S\u00fa to prv\u00e9 ofici\u00e1lne online preteky, organizovan\u00e9 pod hlavi\u010dkou Slovensk\u00e9ho zv\u00e4zu cyklistiky.<\/strong> Pretek\u00e1ri maj\u00fa ako bonus navy\u0161e, mo\u017enos\u0165 zajazdi\u0165 si na medzin\u00e1rodnej \u00farovni, preto\u017ee ako u\u017e n\u00e1zov napoved\u00e1, ide o\u00a0preteky Vy\u0161ehradskej \u0161tvorky. Odjazdia sa \u0161tyri etapy a\u00a0ka\u017ed\u00e1 z\u00a0nich bude patri\u0165 jednej z\u00a0kraj\u00edn \u201cV\u00e9\u201d \u0161tvorky. Jazdi\u0165 sa teda bude v\u00a0\u010cesku, na Slovensku, v\u00a0Ma\u010farsku a\u00a0Po\u013esku. Samozrejme ter\u00e9n bude prisp\u00f4soben\u00fd v\u00a0r\u00e1mci mo\u017enost\u00ed aplik\u00e1cie Rouvy.<\/p>\n<p><a href=\"https:\/\/d2p6e6u75xmxt8.cloudfront.net\/4\/2022\/01\/V4_02.jpg\"><img loading=\"lazy\" decoding=\"async\" src=\"https:\/\/d2p6e6u75xmxt8.cloudfront.net\/4\/2022\/01\/V4_02.jpg\" alt=\"\" width=\"1200\" height=\"800\" class=\"alignnone size-full wp-image-13665\" \/><\/a><\/p>\n<p>V\u00a0propoz\u00edci\u00e1ch podujatia, ktor\u00e9 si m\u00f4\u017eete pozrie\u0165 <a href=\"https:\/\/www.cyklistikaszc.sk\/kalendar\/propozicie\/propo5501d1d9bcdecf61df60083f7.pdf\" rel=\"noopener\" target=\"_blank\">tu<\/a>, n\u00e1jdete v\u0161etky d\u00f4le\u017eit\u00e9 detaily. <strong>Samozrejme, z\u00e1kladnou podmienkou je trena\u017e\u00e9r, aplik\u00e1cia Rouvy a\u00a0dobr\u00e9 pripojenie na internet.<\/strong> Prv\u00e1 etapa sa odjazdila 11. janu\u00e1ra 2022 v \u010cesku a\u00a0z\u00e1znam z\u00a0nej si m\u00f4\u017eete pozrie\u0165 na <a href=\"https:\/\/www.youtube.com\/watch?v=rcdtct3IhSk\" rel=\"noopener\" target=\"_blank\">tomto odkaze<\/a>.<\/p>\n<p>Ak sa pl\u00e1nujete z\u00fa\u010dastni\u0165 len ako div\u00e1k a\u00a0mo\u017eno sa necha\u0165 motivova\u0165 pre \u010fal\u0161ie etapy, m\u00f4\u017eete si pozrie\u0165 online prenos, ktor\u00fd sa bude kona\u0165 25. janu\u00e1ra 2022 na slovensk\u00fdch virtu\u00e1lnych cest\u00e1ch.<\/p>\n<ul>\n<li><a href=\"https:\/\/www.youtube.com\/watch?v=C9jpGz0Bfgo\" rel=\"noopener\" target=\"_blank\">Online prenos<\/a><\/li>\n<li><a href=\"https:\/\/rouvy.com\/series\/visegrad\" rel=\"noopener\" target=\"_blank\">Registr\u00e1cia na preteky<\/a><\/li>\n<\/ul>\n<p>Tretia etapa sa odjazd\u00ed 15. febru\u00e1ra 2022 v\u00a0Po\u013esku a\u00a0z\u00e1vere\u010dn\u00e1 \u0161tvrt\u00e1 8. marca 2022 v\u00a0Ma\u010farsku.<\/p>\n<div class=\"shortcode-ys-post-pinup\"><article class=\"loop-simple post-9811 post type-post status-publish format-standard has-post-thumbnail hentry category-zdravie-trening tag-aplikacia tag-bicyklovanie tag-cestna-cyklistika tag-clen tag-cyklistika tag-horska-cyklistika tag-jazda tag-motivacia tag-muzi tag-rouvy tag-trenazer tag-trening tag-video tag-zabava tag-zdravie tag-zdravy-zivotny-styl tag-zeny tag-zwift\" data-postid=\"9811\" role=\"article\" data-post-id=\"9811\" data-word-count=\"459\" data-headline-length=\"60\" data-category=\"Zdravie a tr\u00e9ning\" data-author=\"Ji\u0159i Kalo\u010d\" data-published=\"2020-05-06T09:44:34+02:00\" data-published-day=\"Wednesday\">\n    <div class=\"entry-thumbnail article-thumbnail\" content=\"https:\/\/d2p6e6u75xmxt8.cloudfront.net\/4\/2020\/04\/Rouvy-CVR-5-150x150.webp\"><a href=\"https:\/\/www.welovecycling.com\/sk\/2020\/05\/06\/trening-doma-vyber-spravneho-virtualneho-trenazera\/\" class=\"image-holder\" target=\"_self\"><img decoding=\"async\" loading=\"lazy\" class=\"\" src=\"https:\/\/d2p6e6u75xmxt8.cloudfront.net\/4\/2020\/04\/Rouvy-CVR-5-1024x450.webp\" srcset=\"https:\/\/d2p6e6u75xmxt8.cloudfront.net\/4\/2020\/04\/Rouvy-CVR-5.webp 1366w, https:\/\/d2p6e6u75xmxt8.cloudfront.net\/4\/2020\/04\/Rouvy-CVR-5-300x132.webp 300w, https:\/\/d2p6e6u75xmxt8.cloudfront.net\/4\/2020\/04\/Rouvy-CVR-5-1024x450.webp 1024w, https:\/\/d2p6e6u75xmxt8.cloudfront.net\/4\/2020\/04\/Rouvy-CVR-5-768x337.webp 768w\" width=\"1024\" height=\"450\" sizes=\"auto, (min-width: 1200px) 456px, (min-width: 768px) 38vw, 100vw\" alt=\"trening-doma-vyber-spravneho-virtualneho-trenazera\"\/><\/a><\/div>    <div class=\"entry-meta\">\n        <a class=\"label label-secondary post-category\" href=\"https:\/\/www.welovecycling.com\/sk\/category\/zdravie-trening\/\" title=\"Zdravie a tr\u00e9ning\">Zdravie a tr\u00e9ning<\/a>\n    <\/div>\n    <div class=\"entry-details\">\n        <a href=\"https:\/\/www.welovecycling.com\/sk\/2020\/05\/06\/trening-doma-vyber-spravneho-virtualneho-trenazera\/\" class='entry-title-wrapper'>\n            <h3 class=\"entry-title\"><span>Tr\u00e9ning doma \u2013 v\u00fdber spr\u00e1vneho virtu\u00e1lneho trena\u017e\u00e9ra<\/span><\/h3>\n        <\/a>\n    <\/div>\n    <\/article>\n<\/div>\n<p>Ve\u013ek\u00fdm l\u00e1kadlom pre hr\u00e1\u010dov je \u0161anca, \u017ee sa v\u00a0online priestore m\u00f4\u017eu bez probl\u00e9mov stretn\u00fa\u0165 a\u00a0porovna\u0165 sily s\u00a0profesion\u00e1lmi aj so svojimi \u0161portov\u00fdmi vzormi. <strong>Existuje mo\u017enos\u0165, kedy sa amat\u00e9r m\u00f4\u017ee v\u010faka online pretekom dosta\u0165 dokonca aj do profesion\u00e1lneho t\u00edmu.<\/strong> Pridajte sa aj vy do niektorej etapy a\u00a0za\u017eite s\u00fa\u0165a\u017en\u00fa atmosf\u00e9ru a\u00a0z\u00e1rove\u0148 budete motivovan\u00ed na trena\u017e\u00e9ri skuto\u010dne poctivo a\u00a0pravidelne tr\u00e9nova\u0165. Pripravte si dostatok tekut\u00edn, nejak\u00e9 to energetick\u00e9 ob\u010derstvenie a minim\u00e1lne dva uter\u00e1ky, preto\u017ee trate s\u00fa s\u00edce krat\u0161ie, ale o\u00a0to viac n\u00e1ro\u010dnej\u0161ie a\u00a0jazdenie je skuto\u010dne intenz\u00edvne. No z\u00e1\u017eitok stoj\u00ed za to a\u00a0nebudete \u013eutova\u0165.<\/p>\n","protected":false},"excerpt":{"rendered":"<p>E-\u0161porty s\u00fa v\u00a0dne\u0161nej dobe a\u00a0najm\u00e4 posledn\u00e9 dva roky \u010doraz popul\u00e1rnej\u0161ie. Bolo to len ot\u00e1zkou \u010dasu, kedy sa online hranie hier [&hellip;]<\/p>\n","protected":false},"author":81,"featured_media":13663,"comment_status":"open","ping_status":"open","sticky":false,"template":"","format":"standard","meta":{"footnotes":""},"categories":[34],"tags":[249,115,180,37,91,179,885,1218,1411,367,72,263,1428],"global-categories":[1074],"class_list":["post-13658","post","type-post","status-publish","format-standard","has-post-thumbnail","hentry","category-podujatia","tag-amater","tag-cestna-cyklistika","tag-horska-cyklistika","tag-podujatia","tag-pozvanka","tag-preteky","tag-profesional","tag-rouvy","tag-sezona-2022","tag-slovensky-zvaz-cyklistiky","tag-sutaz","tag-trenazer","tag-visegrad-v4-ecup-2022","global-categories-cycling"],"yoast_head":"<!-- This site is optimized with the Yoast SEO Premium plugin v25.3 (Yoast SEO v25.9) - https:\/\/yoast.com\/wordpress\/plugins\/seo\/ -->\n<title>Pozv\u00e1nka: Visegrad V4 eCUP 2022 - nov\u00fd segment e-\u0161portu - \u0160koda We Love Cycling Slovensko<\/title>\n<meta name=\"description\" content=\"E-\u0161porty s\u00fa v\u00a0dne\u0161nej dobe a\u00a0najm\u00e4 posledn\u00e9 dva roky \u010doraz popul\u00e1rnej\u0161ie. Po\u010das zimnej sez\u00f3ny si \u010doraz viac cyklistov zaobstaralo trena\u017e\u00e9r.\" \/>\n<meta name=\"robots\" content=\"index, follow, max-snippet:-1, max-image-preview:large, max-video-preview:-1\" \/>\n<link rel=\"canonical\" href=\"https:\/\/www.welovecycling.com\/sk\/2022\/01\/19\/pozvanka-visegrad-v4-ecup-2022-novy-segment-e-sportu\/\" \/>\n<meta property=\"og:locale\" content=\"sk_SK\" \/>\n<meta property=\"og:type\" content=\"article\" \/>\n<meta property=\"og:title\" content=\"Pozv\u00e1nka: Visegrad V4 eCUP 2022 - nov\u00fd segment e-\u0161portu\" \/>\n<meta property=\"og:description\" content=\"E-\u0161porty s\u00fa v\u00a0dne\u0161nej dobe a\u00a0najm\u00e4 posledn\u00e9 dva roky \u010doraz popul\u00e1rnej\u0161ie. Po\u010das zimnej sez\u00f3ny si \u010doraz viac cyklistov zaobstaralo trena\u017e\u00e9r.\" \/>\n<meta property=\"og:url\" content=\"https:\/\/www.welovecycling.com\/sk\/2022\/01\/19\/pozvanka-visegrad-v4-ecup-2022-novy-segment-e-sportu\/\" \/>\n<meta property=\"og:site_name\" content=\"\u0160koda We Love Cycling Slovensko\" \/>\n<meta property=\"article:published_time\" content=\"2022-01-19T09:00:37+00:00\" \/>\n<meta property=\"article:modified_time\" content=\"2022-01-21T07:05:14+00:00\" \/>\n<meta property=\"og:image\" content=\"https:\/\/d2p6e6u75xmxt8.cloudfront.net\/4\/2022\/01\/V4_00.webp\" \/>\n\t<meta property=\"og:image:width\" content=\"1380\" \/>\n\t<meta property=\"og:image:height\" content=\"600\" \/>\n\t<meta property=\"og:image:type\" content=\"image\/webp\" \/>\n<meta name=\"twitter:card\" content=\"summary_large_image\" \/>\n<meta name=\"twitter:label1\" content=\"Written by\" \/>\n\t<meta name=\"twitter:data1\" content=\"Ji\u0159i Kalo\u010d\" \/>\n\t<meta name=\"twitter:label2\" content=\"Est. reading time\" \/>\n\t<meta name=\"twitter:data2\" content=\"5\" \/>\n<script type=\"application\/ld+json\" class=\"yoast-schema-graph\">{\"@context\":\"https:\/\/schema.org\",\"@graph\":[{\"@type\":\"WebPage\",\"@id\":\"https:\/\/www.welovecycling.com\/sk\/2022\/01\/19\/pozvanka-visegrad-v4-ecup-2022-novy-segment-e-sportu\/\",\"url\":\"https:\/\/www.welovecycling.com\/sk\/2022\/01\/19\/pozvanka-visegrad-v4-ecup-2022-novy-segment-e-sportu\/\",\"name\":\"Pozv\u00e1nka: Visegrad V4 eCUP 2022 - nov\u00fd segment e-\u0161portu - \u0160koda We Love Cycling Slovensko\",\"isPartOf\":{\"@id\":\"https:\/\/www.welovecycling.com\/sk\/#website\"},\"primaryImageOfPage\":{\"@id\":\"https:\/\/www.welovecycling.com\/sk\/2022\/01\/19\/pozvanka-visegrad-v4-ecup-2022-novy-segment-e-sportu\/#primaryimage\"},\"image\":{\"@id\":\"https:\/\/www.welovecycling.com\/sk\/2022\/01\/19\/pozvanka-visegrad-v4-ecup-2022-novy-segment-e-sportu\/#primaryimage\"},\"thumbnailUrl\":\"https:\/\/d2p6e6u75xmxt8.cloudfront.net\/4\/2022\/01\/V4_00.webp\",\"datePublished\":\"2022-01-19T09:00:37+00:00\",\"dateModified\":\"2022-01-21T07:05:14+00:00\",\"author\":{\"@id\":\"\"},\"description\":\"E-\u0161porty s\u00fa v\u00a0dne\u0161nej dobe a\u00a0najm\u00e4 posledn\u00e9 dva roky \u010doraz popul\u00e1rnej\u0161ie. Po\u010das zimnej sez\u00f3ny si \u010doraz viac cyklistov zaobstaralo trena\u017e\u00e9r.\",\"breadcrumb\":{\"@id\":\"https:\/\/www.welovecycling.com\/sk\/2022\/01\/19\/pozvanka-visegrad-v4-ecup-2022-novy-segment-e-sportu\/#breadcrumb\"},\"inLanguage\":\"sk-SK\",\"potentialAction\":[{\"@type\":\"ReadAction\",\"target\":[\"https:\/\/www.welovecycling.com\/sk\/2022\/01\/19\/pozvanka-visegrad-v4-ecup-2022-novy-segment-e-sportu\/\"]}]},{\"@type\":\"ImageObject\",\"inLanguage\":\"sk-SK\",\"@id\":\"https:\/\/www.welovecycling.com\/sk\/2022\/01\/19\/pozvanka-visegrad-v4-ecup-2022-novy-segment-e-sportu\/#primaryimage\",\"url\":\"https:\/\/d2p6e6u75xmxt8.cloudfront.net\/4\/2022\/01\/V4_00.webp\",\"contentUrl\":\"https:\/\/d2p6e6u75xmxt8.cloudfront.net\/4\/2022\/01\/V4_00.webp\",\"width\":1380,\"height\":600},{\"@type\":\"BreadcrumbList\",\"@id\":\"https:\/\/www.welovecycling.com\/sk\/2022\/01\/19\/pozvanka-visegrad-v4-ecup-2022-novy-segment-e-sportu\/#breadcrumb\",\"itemListElement\":[{\"@type\":\"ListItem\",\"position\":1,\"name\":\"Home\",\"item\":\"https:\/\/www.welovecycling.com\/sk\/\"},{\"@type\":\"ListItem\",\"position\":2,\"name\":\"Pozv\u00e1nka: Visegrad V4 eCUP 2022 &#8211; nov\u00fd segment e-\u0161portu\"}]},{\"@type\":\"WebSite\",\"@id\":\"https:\/\/www.welovecycling.com\/sk\/#website\",\"url\":\"https:\/\/www.welovecycling.com\/sk\/\",\"name\":\"\u0160koda We Love Cycling Slovensko\",\"description\":\"\u0160koda We Love Cycling Slovensko je v\u00e1\u0161 ka\u017edodenn\u00fd zdroj noviniek a in\u0161pir\u00e1cie z sveta cyklistiky\",\"potentialAction\":[{\"@type\":\"SearchAction\",\"target\":{\"@type\":\"EntryPoint\",\"urlTemplate\":\"https:\/\/www.welovecycling.com\/sk\/?s={search_term_string}\"},\"query-input\":{\"@type\":\"PropertyValueSpecification\",\"valueRequired\":true,\"valueName\":\"search_term_string\"}}],\"inLanguage\":\"sk-SK\"},{\"@type\":\"Person\",\"@id\":\"\",\"url\":\"https:\/\/www.welovecycling.com\/sk\/author\/\"}]}<\/script>\n<!-- \/ Yoast SEO Premium plugin. -->","yoast_head_json":{"title":"Pozv\u00e1nka: Visegrad V4 eCUP 2022 - nov\u00fd segment e-\u0161portu - \u0160koda We Love Cycling Slovensko","description":"E-\u0161porty s\u00fa v\u00a0dne\u0161nej dobe a\u00a0najm\u00e4 posledn\u00e9 dva roky \u010doraz popul\u00e1rnej\u0161ie. Po\u010das zimnej sez\u00f3ny si \u010doraz viac cyklistov zaobstaralo trena\u017e\u00e9r.","robots":{"index":"index","follow":"follow","max-snippet":"max-snippet:-1","max-image-preview":"max-image-preview:large","max-video-preview":"max-video-preview:-1"},"canonical":"https:\/\/www.welovecycling.com\/sk\/2022\/01\/19\/pozvanka-visegrad-v4-ecup-2022-novy-segment-e-sportu\/","og_locale":"sk_SK","og_type":"article","og_title":"Pozv\u00e1nka: Visegrad V4 eCUP 2022 - nov\u00fd segment e-\u0161portu","og_description":"E-\u0161porty s\u00fa v\u00a0dne\u0161nej dobe a\u00a0najm\u00e4 posledn\u00e9 dva roky \u010doraz popul\u00e1rnej\u0161ie. Po\u010das zimnej sez\u00f3ny si \u010doraz viac cyklistov zaobstaralo trena\u017e\u00e9r.","og_url":"https:\/\/www.welovecycling.com\/sk\/2022\/01\/19\/pozvanka-visegrad-v4-ecup-2022-novy-segment-e-sportu\/","og_site_name":"\u0160koda We Love Cycling Slovensko","article_published_time":"2022-01-19T09:00:37+00:00","article_modified_time":"2022-01-21T07:05:14+00:00","og_image":[{"width":1380,"height":600,"url":"https:\/\/d2p6e6u75xmxt8.cloudfront.net\/4\/2022\/01\/V4_00.webp","type":"image\/webp"}],"twitter_card":"summary_large_image","twitter_misc":{"Written by":"Ji\u0159i Kalo\u010d","Est. reading time":"5"},"schema":{"@context":"https:\/\/schema.org","@graph":[{"@type":"WebPage","@id":"https:\/\/www.welovecycling.com\/sk\/2022\/01\/19\/pozvanka-visegrad-v4-ecup-2022-novy-segment-e-sportu\/","url":"https:\/\/www.welovecycling.com\/sk\/2022\/01\/19\/pozvanka-visegrad-v4-ecup-2022-novy-segment-e-sportu\/","name":"Pozv\u00e1nka: Visegrad V4 eCUP 2022 - nov\u00fd segment e-\u0161portu - \u0160koda We Love Cycling Slovensko","isPartOf":{"@id":"https:\/\/www.welovecycling.com\/sk\/#website"},"primaryImageOfPage":{"@id":"https:\/\/www.welovecycling.com\/sk\/2022\/01\/19\/pozvanka-visegrad-v4-ecup-2022-novy-segment-e-sportu\/#primaryimage"},"image":{"@id":"https:\/\/www.welovecycling.com\/sk\/2022\/01\/19\/pozvanka-visegrad-v4-ecup-2022-novy-segment-e-sportu\/#primaryimage"},"thumbnailUrl":"https:\/\/d2p6e6u75xmxt8.cloudfront.net\/4\/2022\/01\/V4_00.webp","datePublished":"2022-01-19T09:00:37+00:00","dateModified":"2022-01-21T07:05:14+00:00","author":{"@id":""},"description":"E-\u0161porty s\u00fa v\u00a0dne\u0161nej dobe a\u00a0najm\u00e4 posledn\u00e9 dva roky \u010doraz popul\u00e1rnej\u0161ie. Po\u010das zimnej sez\u00f3ny si \u010doraz viac cyklistov zaobstaralo trena\u017e\u00e9r.","breadcrumb":{"@id":"https:\/\/www.welovecycling.com\/sk\/2022\/01\/19\/pozvanka-visegrad-v4-ecup-2022-novy-segment-e-sportu\/#breadcrumb"},"inLanguage":"sk-SK","potentialAction":[{"@type":"ReadAction","target":["https:\/\/www.welovecycling.com\/sk\/2022\/01\/19\/pozvanka-visegrad-v4-ecup-2022-novy-segment-e-sportu\/"]}]},{"@type":"ImageObject","inLanguage":"sk-SK","@id":"https:\/\/www.welovecycling.com\/sk\/2022\/01\/19\/pozvanka-visegrad-v4-ecup-2022-novy-segment-e-sportu\/#primaryimage","url":"https:\/\/d2p6e6u75xmxt8.cloudfront.net\/4\/2022\/01\/V4_00.webp","contentUrl":"https:\/\/d2p6e6u75xmxt8.cloudfront.net\/4\/2022\/01\/V4_00.webp","width":1380,"height":600},{"@type":"BreadcrumbList","@id":"https:\/\/www.welovecycling.com\/sk\/2022\/01\/19\/pozvanka-visegrad-v4-ecup-2022-novy-segment-e-sportu\/#breadcrumb","itemListElement":[{"@type":"ListItem","position":1,"name":"Home","item":"https:\/\/www.welovecycling.com\/sk\/"},{"@type":"ListItem","position":2,"name":"Pozv\u00e1nka: Visegrad V4 eCUP 2022 &#8211; nov\u00fd segment e-\u0161portu"}]},{"@type":"WebSite","@id":"https:\/\/www.welovecycling.com\/sk\/#website","url":"https:\/\/www.welovecycling.com\/sk\/","name":"\u0160koda We Love Cycling Slovensko","description":"\u0160koda We Love Cycling Slovensko je v\u00e1\u0161 ka\u017edodenn\u00fd zdroj noviniek a in\u0161pir\u00e1cie z sveta cyklistiky","potentialAction":[{"@type":"SearchAction","target":{"@type":"EntryPoint","urlTemplate":"https:\/\/www.welovecycling.com\/sk\/?s={search_term_string}"},"query-input":{"@type":"PropertyValueSpecification","valueRequired":true,"valueName":"search_term_string"}}],"inLanguage":"sk-SK"},{"@type":"Person","@id":"","url":"https:\/\/www.welovecycling.com\/sk\/author\/"}]}},"_links":{"self":[{"href":"https:\/\/www.welovecycling.com\/sk\/wp-json\/wp\/v2\/posts\/13658","targetHints":{"allow":["GET"]}}],"collection":[{"href":"https:\/\/www.welovecycling.com\/sk\/wp-json\/wp\/v2\/posts"}],"about":[{"href":"https:\/\/www.welovecycling.com\/sk\/wp-json\/wp\/v2\/types\/post"}],"author":[{"embeddable":true,"href":"https:\/\/www.welovecycling.com\/sk\/wp-json\/wp\/v2\/users\/81"}],"replies":[{"embeddable":true,"href":"https:\/\/www.welovecycling.com\/sk\/wp-json\/wp\/v2\/comments?post=13658"}],"version-history":[{"count":2,"href":"https:\/\/www.welovecycling.com\/sk\/wp-json\/wp\/v2\/posts\/13658\/revisions"}],"predecessor-version":[{"id":13689,"href":"https:\/\/www.welovecycling.com\/sk\/wp-json\/wp\/v2\/posts\/13658\/revisions\/13689"}],"wp:featuredmedia":[{"embeddable":true,"href":"https:\/\/www.welovecycling.com\/sk\/wp-json\/wp\/v2\/media\/13663"}],"wp:attachment":[{"href":"https:\/\/www.welovecycling.com\/sk\/wp-json\/wp\/v2\/media?parent=13658"}],"wp:term":[{"taxonomy":"category","embeddable":true,"href":"https:\/\/www.welovecycling.com\/sk\/wp-json\/wp\/v2\/categories?post=13658"},{"taxonomy":"post_tag","embeddable":true,"href":"https:\/\/www.welovecycling.com\/sk\/wp-json\/wp\/v2\/tags?post=13658"},{"taxonomy":"global-categories","embeddable":true,"href":"https:\/\/www.welovecycling.com\/sk\/wp-json\/wp\/v2\/global-categories?post=13658"}],"curies":[{"name":"wp","href":"https:\/\/api.w.org\/{rel}","templated":true}]}}