{"id":13554,"date":"2021-12-27T10:00:46","date_gmt":"2021-12-27T09:00:46","guid":{"rendered":"https:\/\/www.welovecycling.com\/sk\/?p=13554"},"modified":"2021-12-15T17:58:04","modified_gmt":"2021-12-15T16:58:04","slug":"prestupy-cyklistov-v-novej-sezone-2022","status":"publish","type":"post","link":"https:\/\/www.welovecycling.com\/sk\/2021\/12\/27\/prestupy-cyklistov-v-novej-sezone-2022\/","title":{"rendered":"Prestupy cyklistov v novej sez\u00f3ne 2022"},"content":{"rendered":"<p><strong>Ka\u017edoro\u010dne ku koncu roku sa v cyklistickom svete dej\u00fa prestupy cyklistov, ktor\u00e9 s\u00fa fan\u00fa\u0161ikmi vyh\u013ead\u00e1van\u00e9 a pozorne sledovan\u00e9. Do novej sez\u00f3ny sa udialo viacero zauj\u00edmav\u00fdch zmien a pre Slov\u00e1kov s\u00fa d\u00f4le\u017eit\u00e9 najm\u00e4 dve z nich. Niektor\u00e9 t\u00edmy vymenili len p\u00e1r k\u013e\u00fa\u010dov\u00fdch mien, no t\u00edmy, ako napr\u00edklad Bora \u2013 Hansgrohe menia takmer cel\u00fa zostavu. Zoznam mien je dlh\u00fd, ale pozrime sa aspo\u0148 na nieko\u013eko z nich. Uvid\u00edme, \u010do tieto zmeny prines\u00fa v novej sez\u00f3ne, ale u\u017e teraz je jasn\u00e9, \u017ee sa m\u00e1me na \u010do te\u0161i\u0165.<\/strong><!--more--><\/p>\n<h2><strong>Peter Sagan<\/strong><\/h2>\n<p>Jednou z prv\u00fdch, pre Slovensko d\u00f4le\u017eit\u00fdch a \u201c\u0161okantn\u00fdch\u201d inform\u00e1ci\u00ed oh\u013eadom prestupu, bol odchod Petra z t\u00edmu Bora \u2013 Hansgrohe a jeho prestup do TotalEnergies. T\u00e1to franc\u00fazska druhodiv\u00edzna staj\u0148a nie je s\u00edce najprest\u00ed\u017enej\u0161ou, ale ako pozn\u00e1me Petra, ur\u010dite d\u00f4le\u017eit\u00fa \u00falohu pri prestupe zohral aj fakt, ke\u010f mu mana\u017e\u00e9r t\u00edmu Jean-Rene Bernardeau povedal, <strong>\u017ee chce, aby sa jeho pretek\u00e1ri zab\u00e1vali a \u017ee bude l\u00eddrom t\u00edmu<\/strong>. Bolo to vraj po prv\u00fdkr\u00e1t, ke\u010f mu to povedal nejak\u00fd mana\u017e\u00e9r t\u00edmu. A toto bude voda na mlyn pre Petra a ver\u00edme, \u017ee t\u00e1 rados\u0165 z cyklistiky sa prejav\u00ed aj vo forme skvel\u00fdch v\u00fdsledkov a podobne ako kedysi Bora, aj TotalEnergies sa vypracuje medzi tie najv\u00e4\u010d\u0161ie t\u00edmy.<\/p>\n<figure id=\"attachment_13576\" aria-describedby=\"caption-attachment-13576\" style=\"width: 1200px\" class=\"wp-caption alignnone\"><a href=\"https:\/\/d2p6e6u75xmxt8.cloudfront.net\/4\/2021\/12\/Peter-Sagan.jpg\"><img loading=\"lazy\" decoding=\"async\" class=\"size-full wp-image-13576\" src=\"https:\/\/d2p6e6u75xmxt8.cloudfront.net\/4\/2021\/12\/Peter-Sagan.jpg\" alt=\"Foto: Peter Sagan\" width=\"1200\" height=\"800\" \/><\/a><figcaption id=\"caption-attachment-13576\" class=\"wp-caption-text\">Foto: Peter Sagan<\/figcaption><\/figure>\n<p>Ve\u010f koniec koncov mu po boku bude to\u010di\u0165 nohami aj jeho brat Juraj, spo\u013eahliv\u00fd taliansky domestik Daniel Oss zase pred cie\u013eom preto\u010d\u00ed p\u00e1r \u0165a\u017e\u0161\u00edch pastorkov a Poliak Maciej Bodnar, s ktor\u00fdm za\u010dal profesion\u00e1lnu kari\u00e9ru e\u0161te v Liqiugase v roku 2010. Peter sa bude v podstate c\u00edti\u0165 \u201cako doma\u201d, preto\u017ee okrem kolegov z Bory mu bud\u00fa robi\u0165 podporu aj sponzori ako Sportful \u010di svetov\u00e1 zna\u010dka bicyklov Specialized, ktor\u00e1 nahrad\u00ed doteraj\u0161ieho dod\u00e1vate\u013ea bicyklov Willier Triestina.<\/p>\n<p>https:\/\/www.youtube.com\/watch?v=Y8X0J8U1L0c<\/p>\n<h2><strong>Vincenzo Nibali<\/strong><\/h2>\n<p>Tridsa\u0165\u0161es\u0165ro\u010dn\u00fd vrch\u00e1r ohl\u00e1sil svoj druh\u00fd n\u00e1vrat domov, do t\u00edmu Astana, s ktor\u00fdm sl\u00e1vil \u00faspechy v rokoch 2013 a\u017e 2016 na tak\u00fdch d\u00f4le\u017eit\u00fdch pretekoch ako Tour de France \u010di Giro d\u00b4Italia. S t\u00edmom Astana podp\u00edsal ro\u010dn\u00fa zmluvu, a tak je tu predpoklad, \u017ee jeho dom\u00e1ci t\u00edm m\u00f4\u017ee by\u0165 v jeho bohatej kari\u00e9re posledn\u00fdm. Preto sa ur\u010dite e\u0161te bude chcie\u0165 uk\u00e1za\u0165 v \u010do najlep\u0161om svetle. <strong>Jeho \u00falohou v t\u00edme v\u0161ak pravdepodobne bude aj odovzd\u00e1vanie sk\u00fasenost\u00ed mlad\u00fdm pretek\u00e1rom.<\/strong> Do Astany prich\u00e1dza aj Vincenzov brat Antonio Nibali, ktor\u00fd doteraz p\u00f4sobil v t\u00edme Trek-Segafredo.<\/p>\n<figure id=\"attachment_13561\" aria-describedby=\"caption-attachment-13561\" style=\"width: 1200px\" class=\"wp-caption alignnone\"><a href=\"https:\/\/d2p6e6u75xmxt8.cloudfront.net\/4\/2021\/12\/Vincenzo-Nibali-foto-FB-Vincenzo-Nibali.jpg\"><img loading=\"lazy\" decoding=\"async\" class=\"size-full wp-image-13561\" src=\"https:\/\/d2p6e6u75xmxt8.cloudfront.net\/4\/2021\/12\/Vincenzo-Nibali-foto-FB-Vincenzo-Nibali.jpg\" alt=\"Foto: FB\/Vincenzo Nibali\" width=\"1200\" height=\"800\" \/><\/a><figcaption id=\"caption-attachment-13561\" class=\"wp-caption-text\">Foto: FB\/Vincenzo Nibali<\/figcaption><\/figure>\n<h2><strong>Victor Campenaerts<\/strong><\/h2>\n<p>\u010eal\u0161\u00edm navr\u00e1tilcom je Belgi\u010dan Campenaerts, ktor\u00fd prich\u00e1dza do t\u00edmu Lotto-Soudal, v ktorom p\u00f4sobil v rokoch 2018-2019. D\u00f4vody na odchod z Qhuebeka Nexthash boli sp\u00f4soben\u00e9 existenci\u00e1lnymi probl\u00e9mami t\u00edmu, ke\u010f sa dokonca hovorilo o konci celej stajne. <strong>N\u00e1vrat do t\u00edmu Lotto spe\u010datil trojro\u010dnou zmluvou a bude to pre neho pr\u00edjemn\u00fdm n\u00e1vratom medzi star\u00e9 zn\u00e1me tv\u00e1re.<\/strong> Victor sa presl\u00e1vil najm\u00e4 titulom majstra Eur\u00f3py v \u010dasovke a taktie\u017e sa stal svetov\u00fdm rekord\u00e9rom v hodinovke.<\/p>\n<figure id=\"attachment_13562\" aria-describedby=\"caption-attachment-13562\" style=\"width: 1200px\" class=\"wp-caption alignnone\"><a href=\"https:\/\/d2p6e6u75xmxt8.cloudfront.net\/4\/2021\/12\/Victor-Campenaerts-foto-FB-Victor-Campenaerts.jpg\"><img loading=\"lazy\" decoding=\"async\" class=\"size-full wp-image-13562\" src=\"https:\/\/d2p6e6u75xmxt8.cloudfront.net\/4\/2021\/12\/Victor-Campenaerts-foto-FB-Victor-Campenaerts.jpg\" alt=\"Foto: FB\/Victor Campenaerts\" width=\"1200\" height=\"800\" \/><\/a><figcaption id=\"caption-attachment-13562\" class=\"wp-caption-text\">Foto: FB\/Victor Campenaerts<\/figcaption><\/figure>\n<h2><strong>Mathieu van der Poel<\/strong><\/h2>\n<p>V tomto pr\u00edpade sa nejedn\u00e1 o prestup, ale o pred\u013a\u017eenie zmluvy s t\u00edmom Alpecin-Fenix. Mathieu zmluvu podp\u00edsal a\u017e do roku 2025, \u010do jednozna\u010dne potvrdilo, \u017ee je jednou z hlavn\u00fdch osobnost\u00ed t\u00edmu.<\/p>\n<figure id=\"attachment_13563\" aria-describedby=\"caption-attachment-13563\" style=\"width: 1200px\" class=\"wp-caption alignnone\"><a href=\"https:\/\/d2p6e6u75xmxt8.cloudfront.net\/4\/2021\/12\/Mathieu-van-der-Poel-Foto-FB-Mathieu-van-der-Poel.jpg\"><img loading=\"lazy\" decoding=\"async\" class=\"size-full wp-image-13563\" src=\"https:\/\/d2p6e6u75xmxt8.cloudfront.net\/4\/2021\/12\/Mathieu-van-der-Poel-Foto-FB-Mathieu-van-der-Poel.jpg\" alt=\"Foto: FB\/Mathieu van der Poel\" width=\"1200\" height=\"800\" \/><\/a><figcaption id=\"caption-attachment-13563\" class=\"wp-caption-text\">Foto: FB\/Mathieu van der Poel<\/figcaption><\/figure>\n<p>V neposlednom rade je d\u00f4le\u017eit\u00fd aj fakt, \u017ee s\u00fa spolu u\u017e desa\u0165 rokov a po\u010das tejto doby sa on rovnako ako aj samotn\u00fd t\u00edm podporovali a vz\u00e1jomne r\u00e1stli. D\u00f4kazom toho je t\u00e1to \u0161tvorro\u010dn\u00e1 zmluva, ako aj fakt, \u017ee vyhral na Tour de France jednu etapu, v\u010faka ktorej si zajazdil aj v \u017eltom drese.<\/p>\n<lite-youtube videoid=csddtY2RGho params=\"enablejsapi=1\" style=\"background-image: url('https:\/\/i.ytimg.com\/vi_webp\/csddtY2RGho\/maxresdefault.webp');\"><\/lite-youtube>\n<h2><strong>Jakub Mareczko<\/strong><\/h2>\n<p>Nov\u00fdm \u010dlenom v t\u00edme Alpecin-Fenix bude po boku Mathieu van der Poela aj vynikaj\u00faci \u0161print\u00e9r Jakub Mareczko. Talian s po\u013esk\u00fdm p\u00f4vodom m\u00e1 za sebou p\u00f4sobenie v t\u00edmoch Vini Zab\u00fa \u010di CCC. V novom t\u00edme bude jazdi\u0165 spolu s nov\u00fdmi posilami v podobe tak\u00fdch mien ako Stefano Oldani \u010di Michael Gogl. Rod\u00e1k z Jaroslawi je zn\u00e1mym cyklistom najm\u00e4 v \u010c\u00edne, v\u010faka pretekom Tour of Taihu Lake, <strong>kde dokopy nazbieral a\u017e 18 etapov\u00fdch v\u00ed\u0165azstiev<\/strong>.<\/p>\n<figure id=\"attachment_13564\" aria-describedby=\"caption-attachment-13564\" style=\"width: 1200px\" class=\"wp-caption alignnone\"><a href=\"https:\/\/d2p6e6u75xmxt8.cloudfront.net\/4\/2021\/12\/Jakub-Mareczko-foto-FB-Jakub-Mareczko.jpg\"><img loading=\"lazy\" decoding=\"async\" class=\"size-full wp-image-13564\" src=\"https:\/\/d2p6e6u75xmxt8.cloudfront.net\/4\/2021\/12\/Jakub-Mareczko-foto-FB-Jakub-Mareczko.jpg\" alt=\"Foto: FB\/Jakub Mareczko\" width=\"1200\" height=\"800\" \/><\/a><figcaption id=\"caption-attachment-13564\" class=\"wp-caption-text\">Foto: FB\/Jakub Mareczko<\/figcaption><\/figure>\n<h2><strong>Sam Bennett<\/strong><\/h2>\n<p>\u00daspe\u0161n\u00fd \u0161print\u00e9r Deceunincku \u2013 Quick-Step, kde p\u00f4sobil po\u010das dvoch \u00faspe\u0161n\u00fdch rokov teraz posiln\u00ed zostavu Bora \u2013 Hansgrohe, ktor\u00e1 sa do novej sez\u00f3ny chyst\u00e1 s poriadne pozmenenou zostavou.<strong> Samozrejme aj tu sa stane hlavn\u00fdm \u0161print\u00e9rom a ver\u00edme, \u017ee zdravotn\u00e9 probl\u00e9my ho u\u017e v novej sez\u00f3ne nebud\u00fa tr\u00e1pi\u0165.<\/strong> Ver\u00ed, \u017ee n\u00e1vrat do t\u00edmu Bora je spr\u00e1vny a staronov\u00fd t\u00edm ho bude podporova\u0165.<\/p>\n<figure id=\"attachment_13565\" aria-describedby=\"caption-attachment-13565\" style=\"width: 1200px\" class=\"wp-caption alignnone\"><a href=\"https:\/\/d2p6e6u75xmxt8.cloudfront.net\/4\/2021\/12\/Sam-Bennett-foto-FB-Sam-Bennett.jpg\"><img loading=\"lazy\" decoding=\"async\" class=\"size-full wp-image-13565\" src=\"https:\/\/d2p6e6u75xmxt8.cloudfront.net\/4\/2021\/12\/Sam-Bennett-foto-FB-Sam-Bennett.jpg\" alt=\"Foto: FB\/Sam Bennett\" width=\"1200\" height=\"800\" \/><\/a><figcaption id=\"caption-attachment-13565\" class=\"wp-caption-text\">Foto: FB\/Sam Bennett<\/figcaption><\/figure>\n<p>V roku 2020 sme mohli by\u0165 svedkami nie \u00faplne ide\u00e1lneho vz\u0165ahu medzi \u0161\u00e9fom t\u00edmu Deceuninck Quick-Step, Patrickom Lefevrom a spom\u00ednan\u00fdm Samom Bennettom. V posledn\u00fdch mesiacoch minul\u00e9ho roka zarezonovali medzi nimi mal\u00e9 nezhody.<\/p>\n<lite-youtube videoid=blu8EmjBJg8 params=\"enablejsapi=1\" style=\"background-image: url('https:\/\/i.ytimg.com\/vi_webp\/blu8EmjBJg8\/maxresdefault.webp');\"><\/lite-youtube>\n<h2><strong>Jakob Fuglsang<\/strong><\/h2>\n<p>Do stajne Astana sa vracia staronov\u00fd \u0161\u00e9f Vinokurov, \u010do pre t\u00edm znamen\u00e1, \u017ee sa nerozpad\u00e1 a pokra\u010duje \u010falej. Kaza\u0161sk\u00ed sponzori sa dohodli, \u017ee t\u00edm podporia e\u0161te v roku 2022 po tom, \u010do sa rozdelili cesty medzi Astanou a kanadsk\u00fdm gener\u00e1lnym partnerom Premier-Tech. Jakob Fuglsang v\u0161ak v t\u00edme po \u00f4smych rokoch kon\u010d\u00ed a do roku 2024 sa bude oblieka\u0165 do farieb Israel Start-Up Nation. Tridsa\u0165\u0161es\u0165ro\u010dn\u00fd d\u00e1nsky cyklista m\u00e1 za sebou nieko\u013eko \u00faspechov v jednor\u00e1zovk\u00e1ch ako Crit\u00e9rium du Dauphin\u00e9, Li\u00e8ge\u2013Bastogne\u2013Li\u00e8ge, stal sa dvakr\u00e1t majstrom D\u00e1nska a v roku 2016 sa na Olympijsk\u00fdch hr\u00e1ch umiestnil na druhom mieste.<\/p>\n<figure id=\"attachment_13566\" aria-describedby=\"caption-attachment-13566\" style=\"width: 1200px\" class=\"wp-caption alignnone\"><a href=\"https:\/\/d2p6e6u75xmxt8.cloudfront.net\/4\/2021\/12\/Jakob-Fuglsang-foto-FB-Jakob-Fuglsang.jpg\"><img loading=\"lazy\" decoding=\"async\" class=\"size-full wp-image-13566\" src=\"https:\/\/d2p6e6u75xmxt8.cloudfront.net\/4\/2021\/12\/Jakob-Fuglsang-foto-FB-Jakob-Fuglsang.jpg\" alt=\"Foto: FB\/Jakob Fuglsang\" width=\"1200\" height=\"800\" \/><\/a><figcaption id=\"caption-attachment-13566\" class=\"wp-caption-text\">Foto: FB\/Jakob Fuglsang<\/figcaption><\/figure>\n<h2><strong>Elia Viviani<\/strong><\/h2>\n<p>Tridsa\u0165dvaro\u010dn\u00fd Talian sa s\u0165ahuje zo stajne franc\u00fazskeho Cofidisu na Britsk\u00e9 ostrovy do t\u00edmu Ineos Grenadiers. <strong>Je to v podstate n\u00e1vrat do star\u00e9ho t\u00edmu, ktor\u00fd len zmenil n\u00e1zov SKY na Ineos.<\/strong> Za britsk\u00fd t\u00edm jazdil Elia v rokoch 2015 a\u017e 2017. Pod\u013ea jeho vyjadren\u00ed si vraj v\u017edy \u017eelal, aby sa na ostrovy e\u0161te niekedy vr\u00e1til, aby mohol t\u00edmu a najm\u00e4 mlad\u00edkom odovzda\u0165 svoje sk\u00fasenosti. Viviani sa presl\u00e1vil najm\u00e4 v rokoch 2017 a\u017e 2019. V tomto obdob\u00ed sa mu darilo hlavne na klasik\u00e1ch v Hamburgu (3x prvenstvo &#8211; 2017, 2018 a 2019), v Bretagni (1x prvenstvo v roku 2017). Stal sa aj majstrom Eur\u00f3py v roku 2019 a majstrom Talianska v roku 2018.<\/p>\n<figure id=\"attachment_13567\" aria-describedby=\"caption-attachment-13567\" style=\"width: 1200px\" class=\"wp-caption alignnone\"><a href=\"https:\/\/d2p6e6u75xmxt8.cloudfront.net\/4\/2021\/12\/Elia-Viviani-foto-FB-Elia-Viviani.jpg\"><img loading=\"lazy\" decoding=\"async\" class=\"size-full wp-image-13567\" src=\"https:\/\/d2p6e6u75xmxt8.cloudfront.net\/4\/2021\/12\/Elia-Viviani-foto-FB-Elia-Viviani.jpg\" alt=\"Foto: FB\/Elia Viviani\" width=\"1200\" height=\"800\" \/><\/a><figcaption id=\"caption-attachment-13567\" class=\"wp-caption-text\">Foto: FB\/Elia Viviani<\/figcaption><\/figure>\n<h2><strong>John Degenkolb<\/strong><\/h2>\n<p>Nemec sa vracia do t\u00edmu DSM z Lotto Soudal. Jeho n\u00e1vrat nie je oby\u010dajn\u00fd, preto\u017ee v t\u00edme DSM bol najlep\u0161\u00ed za cel\u00fa svoju kari\u00e9ru. V rokoch 2012 a\u017e 2016 p\u00f4sobil pr\u00e1ve v spom\u00ednanom t\u00edme, ktor\u00fd sa iba inak volal: Team Giant \u2013 Alpecin a Giant \u2013 Shimano. Pod t\u00fdmito n\u00e1zvami vyhral Mil\u00e1no\u2013San Remo a Par\u00ed\u017e\u2013Roubaix. Dokonca v jednej sez\u00f3ne! Zmluvu podp\u00edsal do konca roka 2023.<\/p>\n<figure id=\"attachment_13568\" aria-describedby=\"caption-attachment-13568\" style=\"width: 1200px\" class=\"wp-caption alignnone\"><a href=\"https:\/\/d2p6e6u75xmxt8.cloudfront.net\/4\/2021\/12\/John-Degenkolb-foto-FB-John-Degenkolb.jpg\"><img loading=\"lazy\" decoding=\"async\" class=\"size-full wp-image-13568\" src=\"https:\/\/d2p6e6u75xmxt8.cloudfront.net\/4\/2021\/12\/John-Degenkolb-foto-FB-John-Degenkolb.jpg\" alt=\"Foto: FB\/John Degenkolb\" width=\"1200\" height=\"800\" \/><\/a><figcaption id=\"caption-attachment-13568\" class=\"wp-caption-text\">Foto: FB\/John Degenkolb<\/figcaption><\/figure>\n<h2><strong>Giacomo Nizzolo<\/strong><\/h2>\n<p>Dvadsa\u0165p\u00e4\u0165ro\u010dn\u00fd rod\u00e1k z talianskeho Mil\u00e1na sa do roku 2023 up\u00edsal stajni Israel Start-Up Nation. Giacomo m\u00e1 za sebou viacero \u00faspechov no jeho najv\u00e4\u010d\u0161\u00ed zaznamenal v roku 2020 na majstrovstv\u00e1ch Eur\u00f3py, kde sa stal \u0161ampi\u00f3nom. <strong>Nizzolo vyhral bodovaciu s\u00fa\u0165a\u017e na Giro d&#8217;Italia dvakr\u00e1t za sebou a to v rokoch 2015 a 2016<\/strong>, av\u0161ak nepotreboval ani jedno etapov\u00e9 v\u00ed\u0165azstvo.<\/p>\n<figure id=\"attachment_13569\" aria-describedby=\"caption-attachment-13569\" style=\"width: 1200px\" class=\"wp-caption alignnone\"><a href=\"https:\/\/d2p6e6u75xmxt8.cloudfront.net\/4\/2021\/12\/Giacomo-Nizzolo-foto-FB-Giacomo-Nizzolo.jpg\"><img loading=\"lazy\" decoding=\"async\" class=\"size-full wp-image-13569\" src=\"https:\/\/d2p6e6u75xmxt8.cloudfront.net\/4\/2021\/12\/Giacomo-Nizzolo-foto-FB-Giacomo-Nizzolo.jpg\" alt=\"Foto: FB\/Giacomo Nizzolo\" width=\"1200\" height=\"800\" \/><\/a><figcaption id=\"caption-attachment-13569\" class=\"wp-caption-text\">Foto: FB\/Giacomo Nizzolo<\/figcaption><\/figure>\n<h2><strong>Alexander Kristoff<\/strong><\/h2>\n<p>N\u00f3rsky cyklista a jeho v\u00fdsledkov\u00e9 \u00fapadky nenechali na seba dlho \u010daka\u0165. Za\u010diatkom novej sez\u00f3ny sa toti\u017e tridsa\u0165\u0161tyriro\u010dn\u00fd Kristoff s\u0165ahuje do belgick\u00e9ho t\u00edmu Intermarch\u00e9-Wanty-Gobert Mat\u00e9riaux. Doteraz p\u00f4sobil v stajni UAE. Aj ke\u010f m\u00f4\u017eeme za\u010da\u0165 hovori\u0165 a uva\u017eova\u0165 o jeho konci kari\u00e9ry, m\u00e1 za sebou uznaniahodn\u00e9 v\u00fdsledky. Prvenstvo na Mil\u00e1no-San Remo z roku 2014, Tour of Flanders (2015), Eschborn\u2013Frankfurt (2014, 2016, 2017, 2018), <strong>je nieko\u013ekon\u00e1sobn\u00fdm majstrom N\u00f3rska, obliekol si aj dres majstra Eur\u00f3py a to v roku 2017<\/strong>. Alexander sa dokonca objavil aj na pretekoch Okolo Slovenska v roku 2019, kde vyhral jednu etapu.<\/p>\n<figure id=\"attachment_13570\" aria-describedby=\"caption-attachment-13570\" style=\"width: 1200px\" class=\"wp-caption alignnone\"><a href=\"https:\/\/d2p6e6u75xmxt8.cloudfront.net\/4\/2021\/12\/Alexander-Kristoff-foto-FB-Alexander-Kristoff.jpg\"><img loading=\"lazy\" decoding=\"async\" class=\"size-full wp-image-13570\" src=\"https:\/\/d2p6e6u75xmxt8.cloudfront.net\/4\/2021\/12\/Alexander-Kristoff-foto-FB-Alexander-Kristoff.jpg\" alt=\"Foto: FB\/Alexander Kristoff\" width=\"1200\" height=\"800\" \/><\/a><figcaption id=\"caption-attachment-13570\" class=\"wp-caption-text\">Foto: FB\/Alexander Kristoff<\/figcaption><\/figure>\n<h2><strong>Martin Svr\u010dek<\/strong><\/h2>\n<p>Nakoniec nesmieme vynecha\u0165 skvel\u00fa spr\u00e1vu, \u017ee n\u00e1\u0161 mlad\u00fd \u00faspe\u0161n\u00fd cyklista podp\u00edsal zmluvu s Deceuninck \u2013 Quick-Step. Zmluva m\u00e1 platnos\u0165 do roku 2025, no prv\u00fa sez\u00f3nu odjazd\u00ed v ml\u00e1de\u017en\u00edkom t\u00edme Biesse Carrera Continental. Tam bude preteka\u0165 v kateg\u00f3rii do 23 rokov, <strong>aby si ho t\u00edm otestoval a hlavne, aby si zvykal na dlh\u00e9 trate<\/strong>. Ako vidie\u0165 sny sa plnia, len treba veri\u0165 a nevzd\u00e1va\u0165 sa.<\/p>\n<figure id=\"attachment_13571\" aria-describedby=\"caption-attachment-13571\" style=\"width: 1200px\" class=\"wp-caption alignnone\"><a href=\"https:\/\/d2p6e6u75xmxt8.cloudfront.net\/4\/2021\/12\/Martin-Svrcek-foto-FB-Slovensky-zvaz-cyklistiky.jpg\"><img loading=\"lazy\" decoding=\"async\" class=\"size-full wp-image-13571\" src=\"https:\/\/d2p6e6u75xmxt8.cloudfront.net\/4\/2021\/12\/Martin-Svrcek-foto-FB-Slovensky-zvaz-cyklistiky.jpg\" alt=\"Foto: FB\/Slovensk\u00fd cyklistick\u00fd zv\u00e4z\" width=\"1200\" height=\"800\" \/><\/a><figcaption id=\"caption-attachment-13571\" class=\"wp-caption-text\">Foto: FB\/Slovensk\u00fd cyklistick\u00fd zv\u00e4z<\/figcaption><\/figure>\n<div class=\"shortcode-ys-post-pinup\"><article class=\"loop-simple post-13132 post type-post status-publish format-standard has-post-thumbnail hentry category-cestna-cyklisitika tag-cestna-cyklistika tag-deceuninck-quick-step tag-martin-svrcek tag-profesional tag-rozhovor tag-talent global-categories-cycling\" data-postid=\"13132\" role=\"article\" data-post-id=\"13132\" data-word-count=\"399\" data-headline-length=\"121\" data-category=\"Cestn\u00e1 cyklistika\" data-global-category=\"Cycling\" data-author=\"Barbora \u0160uchov\u00e1\" data-published=\"2021-10-09T10:00:35+02:00\" data-published-day=\"Saturday\">\n    <div class=\"entry-thumbnail article-thumbnail\" content=\"https:\/\/d2p6e6u75xmxt8.cloudfront.net\/4\/2021\/10\/Martin_Svrcek_00-150x150.webp\"><a href=\"https:\/\/www.welovecycling.com\/sk\/2021\/10\/09\/rozhovor-cyklisticka-nadej-martin-svrcek-som-rad-ze-ma-prirovnavaju-k-saganovi-ale-chcem-zostat-sam-sebou\/\" class=\"image-holder\" target=\"_self\"><img decoding=\"async\" loading=\"lazy\" class=\"\" src=\"https:\/\/d2p6e6u75xmxt8.cloudfront.net\/4\/2021\/10\/Martin_Svrcek_00-1024x445.webp\" srcset=\"https:\/\/d2p6e6u75xmxt8.cloudfront.net\/4\/2021\/10\/Martin_Svrcek_00.webp 1380w, https:\/\/d2p6e6u75xmxt8.cloudfront.net\/4\/2021\/10\/Martin_Svrcek_00-300x130.webp 300w, https:\/\/d2p6e6u75xmxt8.cloudfront.net\/4\/2021\/10\/Martin_Svrcek_00-1024x445.webp 1024w, https:\/\/d2p6e6u75xmxt8.cloudfront.net\/4\/2021\/10\/Martin_Svrcek_00-768x334.webp 768w\" width=\"1024\" height=\"445\" sizes=\"auto, (min-width: 1200px) 460px, (min-width: 768px) 38vw, 100vw\" alt=\"rozhovor-cyklisticka-nadej-martin-svrcek-som-rad-ze-ma-prirovnavaju-k-saganovi-ale-chcem-zostat-sam-sebou\"\/><\/a><\/div>    <div class=\"entry-meta\">\n        <a class=\"label label-secondary post-category\" href=\"https:\/\/www.welovecycling.com\/sk\/category\/cestna-cyklisitika\/\" title=\"Cestn\u00e1 cyklistika\">Cestn\u00e1 cyklistika<\/a>\n    <\/div>\n    <div class=\"entry-details\">\n        <a href=\"https:\/\/www.welovecycling.com\/sk\/2021\/10\/09\/rozhovor-cyklisticka-nadej-martin-svrcek-som-rad-ze-ma-prirovnavaju-k-saganovi-ale-chcem-zostat-sam-sebou\/\" class='entry-title-wrapper'>\n            <h3 class=\"entry-title\"><span>Rozhovor: Cyklistick\u00e1 n\u00e1dej Martin Svr\u010dek \u2013 som r\u00e1d, \u017ee ma prirovn\u00e1vaj\u00fa k Saganovi, ale chcem zosta\u0165 s\u00e1m sebou<\/span><\/h3>\n        <\/a>\n    <\/div>\n    <\/article>\n<\/div>\n<h2><strong>\u010eal\u0161ie zauj\u00edmav\u00e9 prestupy<\/strong><\/h2>\n<p><strong>Christophe Laporte<\/strong> z Team Cofidis do Team Jumbo &#8211; Visma<br \/>\n<strong>Joao Almeida<\/strong> z Deceuninck\u2013Quick-Step do UAE Team Emirates<br \/>\n<strong>Rohan Dennis<\/strong> z Ineos Grenadiers do Jumbo &#8211; Visma<br \/>\n<strong>Gianni Moscon<\/strong> z Ineos Grenadiers do Astana Pro Team<br \/>\n<strong>Davide Cimolai<\/strong> z Team Israel Start-Up Nation do Team Cofidis<br \/>\n<strong>Esteban Johan Rubio Chaves<\/strong> z Team BikeExchange do EF Education &#8211; Nippo<br \/>\n<strong>Tiesj Benoot<\/strong> z Team DSM do Team Jumbo &#8211; Visma<br \/>\n<strong>David Melgarejo De La Cruz<\/strong> z UAE Team Emirates do Astana Pro Team<\/p>\n<figure id=\"attachment_13572\" aria-describedby=\"caption-attachment-13572\" style=\"width: 1200px\" class=\"wp-caption alignnone\"><a href=\"https:\/\/d2p6e6u75xmxt8.cloudfront.net\/4\/2021\/12\/Joao-Almeida-foto-FB-Joao-Almeida.jpg\"><img loading=\"lazy\" decoding=\"async\" class=\"size-full wp-image-13572\" src=\"https:\/\/d2p6e6u75xmxt8.cloudfront.net\/4\/2021\/12\/Joao-Almeida-foto-FB-Joao-Almeida.jpg\" alt=\"Foto: FB\/Joao Almieda\" width=\"1200\" height=\"800\" \/><\/a><figcaption id=\"caption-attachment-13572\" class=\"wp-caption-text\">Foto: FB\/Joao Almieda<\/figcaption><\/figure>\n<h2><strong>Zauj\u00edmav\u00e9 men\u00e1 l\u00fa\u010diace sa s profi kari\u00e9rou<\/strong><\/h2>\n<p><strong>Petr Vako\u010d<\/strong> z Alpecin &#8211; Fenix<br \/>\n<strong>Andreas Schillinger<\/strong> z Bora-Hansgrohe<br \/>\n<strong>Fabio Sabatini<\/strong> z Team Cofidis<br \/>\n<strong>Tejay Van Garderen<\/strong> z EF Education &#8211; Nippo<br \/>\n<strong>Roman Kreuziger<\/strong> z Gasprom &#8211; Rusvelo<br \/>\n<strong>Andr\u00e9 Greipel<\/strong> z Team Israel Start-Up Nation<br \/>\n<strong>Daniel Martin<\/strong> z Team Israel Start-Up Nation<br \/>\n<strong>Tony Martin<\/strong> z Team Jumbo &#8211; Visma<\/p>\n<figure id=\"attachment_13573\" aria-describedby=\"caption-attachment-13573\" style=\"width: 1200px\" class=\"wp-caption alignnone\"><a href=\"https:\/\/d2p6e6u75xmxt8.cloudfront.net\/4\/2021\/12\/Andre-Greipel-foto-FB-Andre-Griepel.jpg\"><img loading=\"lazy\" decoding=\"async\" class=\"size-full wp-image-13573\" src=\"https:\/\/d2p6e6u75xmxt8.cloudfront.net\/4\/2021\/12\/Andre-Greipel-foto-FB-Andre-Griepel.jpg\" alt=\"Foto: FB\/Andr\u00e9 Griepel\" width=\"1200\" height=\"800\" \/><\/a><figcaption id=\"caption-attachment-13573\" class=\"wp-caption-text\">Foto: FB\/Andr\u00e9 Griepel<\/figcaption><\/figure>\n","protected":false},"excerpt":{"rendered":"<p>Ka\u017edoro\u010dne ku koncu roku sa v cyklistickom svete dej\u00fa prestupy cyklistov, ktor\u00e9 s\u00fa fan\u00fa\u0161ikmi vyh\u013ead\u00e1van\u00e9 a pozorne sledovan\u00e9. Do novej [&hellip;]<\/p>\n","protected":false},"author":81,"featured_media":13559,"comment_status":"open","ping_status":"open","sticky":false,"template":"","format":"standard","meta":{"footnotes":""},"categories":[63],"tags":[160,115,1422,158,704,46,885,1365,1411,556,197],"global-categories":[1074],"class_list":["post-13554","post","type-post","status-publish","format-standard","has-post-thumbnail","hentry","category-grand-tour","tag-bora-hansgrohe","tag-cestna-cyklistika","tag-jakub-mareczko","tag-juraj-sagan","tag-mathieu-van-der-poel","tag-peter-sagan","tag-profesional","tag-sam-bennett","tag-sezona-2022","tag-tim","tag-vincenzo-nibali","global-categories-cycling"],"yoast_head":"<!-- This site is optimized with the Yoast SEO Premium plugin v25.3 (Yoast SEO v25.9) - https:\/\/yoast.com\/wordpress\/plugins\/seo\/ -->\n<title>Prestupy cyklistov v novej sez\u00f3ne 2022<\/title>\n<meta name=\"description\" content=\"Ka\u017edoro\u010dne ku koncu roku sa v cyklistickom svete dej\u00fa prestupy cyklistov, ktor\u00e9 s\u00fa fan\u00fa\u0161ikmi vyh\u013ead\u00e1van\u00e9 a pozorne sledovan\u00e9.\" \/>\n<meta name=\"robots\" content=\"index, follow, max-snippet:-1, max-image-preview:large, max-video-preview:-1\" \/>\n<link rel=\"canonical\" href=\"https:\/\/www.welovecycling.com\/sk\/2021\/12\/27\/prestupy-cyklistov-v-novej-sezone-2022\/\" \/>\n<meta property=\"og:locale\" content=\"sk_SK\" \/>\n<meta property=\"og:type\" content=\"article\" \/>\n<meta property=\"og:title\" content=\"Prestupy cyklistov v novej sez\u00f3ne 2022\" \/>\n<meta property=\"og:description\" content=\"Ka\u017edoro\u010dne ku koncu roku sa v cyklistickom svete dej\u00fa prestupy cyklistov, ktor\u00e9 s\u00fa fan\u00fa\u0161ikmi vyh\u013ead\u00e1van\u00e9 a pozorne sledovan\u00e9.\" \/>\n<meta property=\"og:url\" content=\"https:\/\/www.welovecycling.com\/sk\/2021\/12\/27\/prestupy-cyklistov-v-novej-sezone-2022\/\" \/>\n<meta property=\"og:site_name\" content=\"\u0160koda We Love Cycling Slovensko\" \/>\n<meta property=\"article:published_time\" content=\"2021-12-27T09:00:46+00:00\" \/>\n<meta property=\"og:image\" content=\"https:\/\/d2p6e6u75xmxt8.cloudfront.net\/4\/2021\/12\/Prestupy-cyklistov_00.webp\" \/>\n\t<meta property=\"og:image:width\" content=\"1380\" \/>\n\t<meta property=\"og:image:height\" content=\"600\" \/>\n\t<meta property=\"og:image:type\" content=\"image\/webp\" \/>\n<meta name=\"twitter:card\" content=\"summary_large_image\" \/>\n<meta name=\"twitter:label1\" content=\"Written by\" \/>\n\t<meta name=\"twitter:data1\" content=\"Barbora \u0160uchov\u00e1\" \/>\n\t<meta name=\"twitter:label2\" content=\"Est. reading time\" \/>\n\t<meta name=\"twitter:data2\" content=\"4\" \/>\n<script type=\"application\/ld+json\" class=\"yoast-schema-graph\">{\"@context\":\"https:\/\/schema.org\",\"@graph\":[{\"@type\":\"WebPage\",\"@id\":\"https:\/\/www.welovecycling.com\/sk\/2021\/12\/27\/prestupy-cyklistov-v-novej-sezone-2022\/\",\"url\":\"https:\/\/www.welovecycling.com\/sk\/2021\/12\/27\/prestupy-cyklistov-v-novej-sezone-2022\/\",\"name\":\"Prestupy cyklistov v novej sez\u00f3ne 2022\",\"isPartOf\":{\"@id\":\"https:\/\/www.welovecycling.com\/sk\/#website\"},\"primaryImageOfPage\":{\"@id\":\"https:\/\/www.welovecycling.com\/sk\/2021\/12\/27\/prestupy-cyklistov-v-novej-sezone-2022\/#primaryimage\"},\"image\":{\"@id\":\"https:\/\/www.welovecycling.com\/sk\/2021\/12\/27\/prestupy-cyklistov-v-novej-sezone-2022\/#primaryimage\"},\"thumbnailUrl\":\"https:\/\/d2p6e6u75xmxt8.cloudfront.net\/4\/2021\/12\/Prestupy-cyklistov_00.webp\",\"datePublished\":\"2021-12-27T09:00:46+00:00\",\"author\":{\"@id\":\"\"},\"description\":\"Ka\u017edoro\u010dne ku koncu roku sa v cyklistickom svete dej\u00fa prestupy cyklistov, ktor\u00e9 s\u00fa fan\u00fa\u0161ikmi vyh\u013ead\u00e1van\u00e9 a pozorne sledovan\u00e9.\",\"breadcrumb\":{\"@id\":\"https:\/\/www.welovecycling.com\/sk\/2021\/12\/27\/prestupy-cyklistov-v-novej-sezone-2022\/#breadcrumb\"},\"inLanguage\":\"sk-SK\",\"potentialAction\":[{\"@type\":\"ReadAction\",\"target\":[\"https:\/\/www.welovecycling.com\/sk\/2021\/12\/27\/prestupy-cyklistov-v-novej-sezone-2022\/\"]}]},{\"@type\":\"ImageObject\",\"inLanguage\":\"sk-SK\",\"@id\":\"https:\/\/www.welovecycling.com\/sk\/2021\/12\/27\/prestupy-cyklistov-v-novej-sezone-2022\/#primaryimage\",\"url\":\"https:\/\/d2p6e6u75xmxt8.cloudfront.net\/4\/2021\/12\/Prestupy-cyklistov_00.webp\",\"contentUrl\":\"https:\/\/d2p6e6u75xmxt8.cloudfront.net\/4\/2021\/12\/Prestupy-cyklistov_00.webp\",\"width\":1380,\"height\":600},{\"@type\":\"BreadcrumbList\",\"@id\":\"https:\/\/www.welovecycling.com\/sk\/2021\/12\/27\/prestupy-cyklistov-v-novej-sezone-2022\/#breadcrumb\",\"itemListElement\":[{\"@type\":\"ListItem\",\"position\":1,\"name\":\"Home\",\"item\":\"https:\/\/www.welovecycling.com\/sk\/\"},{\"@type\":\"ListItem\",\"position\":2,\"name\":\"Prestupy cyklistov v novej sez\u00f3ne 2022\"}]},{\"@type\":\"WebSite\",\"@id\":\"https:\/\/www.welovecycling.com\/sk\/#website\",\"url\":\"https:\/\/www.welovecycling.com\/sk\/\",\"name\":\"\u0160koda We Love Cycling Slovensko\",\"description\":\"\u0160koda We Love Cycling Slovensko je v\u00e1\u0161 ka\u017edodenn\u00fd zdroj noviniek a in\u0161pir\u00e1cie z sveta cyklistiky\",\"potentialAction\":[{\"@type\":\"SearchAction\",\"target\":{\"@type\":\"EntryPoint\",\"urlTemplate\":\"https:\/\/www.welovecycling.com\/sk\/?s={search_term_string}\"},\"query-input\":{\"@type\":\"PropertyValueSpecification\",\"valueRequired\":true,\"valueName\":\"search_term_string\"}}],\"inLanguage\":\"sk-SK\"},{\"@type\":\"Person\",\"@id\":\"\",\"url\":\"https:\/\/www.welovecycling.com\/sk\/author\/\"}]}<\/script>\n<!-- \/ Yoast SEO Premium plugin. -->","yoast_head_json":{"title":"Prestupy cyklistov v novej sez\u00f3ne 2022","description":"Ka\u017edoro\u010dne ku koncu roku sa v cyklistickom svete dej\u00fa prestupy cyklistov, ktor\u00e9 s\u00fa fan\u00fa\u0161ikmi vyh\u013ead\u00e1van\u00e9 a pozorne sledovan\u00e9.","robots":{"index":"index","follow":"follow","max-snippet":"max-snippet:-1","max-image-preview":"max-image-preview:large","max-video-preview":"max-video-preview:-1"},"canonical":"https:\/\/www.welovecycling.com\/sk\/2021\/12\/27\/prestupy-cyklistov-v-novej-sezone-2022\/","og_locale":"sk_SK","og_type":"article","og_title":"Prestupy cyklistov v novej sez\u00f3ne 2022","og_description":"Ka\u017edoro\u010dne ku koncu roku sa v cyklistickom svete dej\u00fa prestupy cyklistov, ktor\u00e9 s\u00fa fan\u00fa\u0161ikmi vyh\u013ead\u00e1van\u00e9 a pozorne sledovan\u00e9.","og_url":"https:\/\/www.welovecycling.com\/sk\/2021\/12\/27\/prestupy-cyklistov-v-novej-sezone-2022\/","og_site_name":"\u0160koda We Love Cycling Slovensko","article_published_time":"2021-12-27T09:00:46+00:00","og_image":[{"width":1380,"height":600,"url":"https:\/\/d2p6e6u75xmxt8.cloudfront.net\/4\/2021\/12\/Prestupy-cyklistov_00.webp","type":"image\/webp"}],"twitter_card":"summary_large_image","twitter_misc":{"Written by":"Barbora \u0160uchov\u00e1","Est. reading time":"4"},"schema":{"@context":"https:\/\/schema.org","@graph":[{"@type":"WebPage","@id":"https:\/\/www.welovecycling.com\/sk\/2021\/12\/27\/prestupy-cyklistov-v-novej-sezone-2022\/","url":"https:\/\/www.welovecycling.com\/sk\/2021\/12\/27\/prestupy-cyklistov-v-novej-sezone-2022\/","name":"Prestupy cyklistov v novej sez\u00f3ne 2022","isPartOf":{"@id":"https:\/\/www.welovecycling.com\/sk\/#website"},"primaryImageOfPage":{"@id":"https:\/\/www.welovecycling.com\/sk\/2021\/12\/27\/prestupy-cyklistov-v-novej-sezone-2022\/#primaryimage"},"image":{"@id":"https:\/\/www.welovecycling.com\/sk\/2021\/12\/27\/prestupy-cyklistov-v-novej-sezone-2022\/#primaryimage"},"thumbnailUrl":"https:\/\/d2p6e6u75xmxt8.cloudfront.net\/4\/2021\/12\/Prestupy-cyklistov_00.webp","datePublished":"2021-12-27T09:00:46+00:00","author":{"@id":""},"description":"Ka\u017edoro\u010dne ku koncu roku sa v cyklistickom svete dej\u00fa prestupy cyklistov, ktor\u00e9 s\u00fa fan\u00fa\u0161ikmi vyh\u013ead\u00e1van\u00e9 a pozorne sledovan\u00e9.","breadcrumb":{"@id":"https:\/\/www.welovecycling.com\/sk\/2021\/12\/27\/prestupy-cyklistov-v-novej-sezone-2022\/#breadcrumb"},"inLanguage":"sk-SK","potentialAction":[{"@type":"ReadAction","target":["https:\/\/www.welovecycling.com\/sk\/2021\/12\/27\/prestupy-cyklistov-v-novej-sezone-2022\/"]}]},{"@type":"ImageObject","inLanguage":"sk-SK","@id":"https:\/\/www.welovecycling.com\/sk\/2021\/12\/27\/prestupy-cyklistov-v-novej-sezone-2022\/#primaryimage","url":"https:\/\/d2p6e6u75xmxt8.cloudfront.net\/4\/2021\/12\/Prestupy-cyklistov_00.webp","contentUrl":"https:\/\/d2p6e6u75xmxt8.cloudfront.net\/4\/2021\/12\/Prestupy-cyklistov_00.webp","width":1380,"height":600},{"@type":"BreadcrumbList","@id":"https:\/\/www.welovecycling.com\/sk\/2021\/12\/27\/prestupy-cyklistov-v-novej-sezone-2022\/#breadcrumb","itemListElement":[{"@type":"ListItem","position":1,"name":"Home","item":"https:\/\/www.welovecycling.com\/sk\/"},{"@type":"ListItem","position":2,"name":"Prestupy cyklistov v novej sez\u00f3ne 2022"}]},{"@type":"WebSite","@id":"https:\/\/www.welovecycling.com\/sk\/#website","url":"https:\/\/www.welovecycling.com\/sk\/","name":"\u0160koda We Love Cycling Slovensko","description":"\u0160koda We Love Cycling Slovensko je v\u00e1\u0161 ka\u017edodenn\u00fd zdroj noviniek a in\u0161pir\u00e1cie z sveta cyklistiky","potentialAction":[{"@type":"SearchAction","target":{"@type":"EntryPoint","urlTemplate":"https:\/\/www.welovecycling.com\/sk\/?s={search_term_string}"},"query-input":{"@type":"PropertyValueSpecification","valueRequired":true,"valueName":"search_term_string"}}],"inLanguage":"sk-SK"},{"@type":"Person","@id":"","url":"https:\/\/www.welovecycling.com\/sk\/author\/"}]}},"_links":{"self":[{"href":"https:\/\/www.welovecycling.com\/sk\/wp-json\/wp\/v2\/posts\/13554","targetHints":{"allow":["GET"]}}],"collection":[{"href":"https:\/\/www.welovecycling.com\/sk\/wp-json\/wp\/v2\/posts"}],"about":[{"href":"https:\/\/www.welovecycling.com\/sk\/wp-json\/wp\/v2\/types\/post"}],"author":[{"embeddable":true,"href":"https:\/\/www.welovecycling.com\/sk\/wp-json\/wp\/v2\/users\/81"}],"replies":[{"embeddable":true,"href":"https:\/\/www.welovecycling.com\/sk\/wp-json\/wp\/v2\/comments?post=13554"}],"version-history":[{"count":2,"href":"https:\/\/www.welovecycling.com\/sk\/wp-json\/wp\/v2\/posts\/13554\/revisions"}],"predecessor-version":[{"id":13583,"href":"https:\/\/www.welovecycling.com\/sk\/wp-json\/wp\/v2\/posts\/13554\/revisions\/13583"}],"wp:featuredmedia":[{"embeddable":true,"href":"https:\/\/www.welovecycling.com\/sk\/wp-json\/wp\/v2\/media\/13559"}],"wp:attachment":[{"href":"https:\/\/www.welovecycling.com\/sk\/wp-json\/wp\/v2\/media?parent=13554"}],"wp:term":[{"taxonomy":"category","embeddable":true,"href":"https:\/\/www.welovecycling.com\/sk\/wp-json\/wp\/v2\/categories?post=13554"},{"taxonomy":"post_tag","embeddable":true,"href":"https:\/\/www.welovecycling.com\/sk\/wp-json\/wp\/v2\/tags?post=13554"},{"taxonomy":"global-categories","embeddable":true,"href":"https:\/\/www.welovecycling.com\/sk\/wp-json\/wp\/v2\/global-categories?post=13554"}],"curies":[{"name":"wp","href":"https:\/\/api.w.org\/{rel}","templated":true}]}}