{"id":13519,"date":"2021-12-17T10:00:21","date_gmt":"2021-12-17T09:00:21","guid":{"rendered":"https:\/\/www.welovecycling.com\/sk\/?p=13519"},"modified":"2021-12-14T19:27:09","modified_gmt":"2021-12-14T18:27:09","slug":"pri-bicyklovani-v-mrazoch-moze-hypotermia-zostat-nepovsimnuta","status":"publish","type":"post","link":"https:\/\/www.welovecycling.com\/sk\/2021\/12\/17\/pri-bicyklovani-v-mrazoch-moze-hypotermia-zostat-nepovsimnuta\/","title":{"rendered":"Pri bicyklovan\u00ed v mrazoch m\u00f4\u017ee hypotermia zosta\u0165 nepov\u0161imnut\u00e1"},"content":{"rendered":"<p><strong>Nov\u00fd v\u00fdskum nazna\u010duje, \u017ee cvi\u010denie s\u0165a\u017euje zaregistrovanie poklesu va\u0161ej teploty tela v chladnom prostred\u00ed. To m\u00e1 vplyv na cyklistiku a in\u00e9 \u0161porty vykon\u00e1van\u00e9 v chladnej\u0161\u00edch klimatick\u00fdch podmienkach, ako je beh, turistika, ly\u017eovanie a dokonca aj pl\u00e1vanie.<\/strong><\/p>\n<p><!--more--><\/p>\n<h2><strong>Ako si telo reguluje teplotu?<\/strong><\/h2>\n<p>Va\u0161e telo m\u00e1 dva hlavn\u00e9 sp\u00f4soby, ako udr\u017ea\u0165 teplotu v \u00fazkom po\u017eadovanom rozsahu. Po prv\u00e9, zamestn\u00e1va auton\u00f3mne procesy, ako je tria\u0161ka, potenie a roz\u0161irovanie alebo zu\u017eovanie krvn\u00fdch ciev. Po druh\u00e9, pou\u017e\u00edva va\u0161e vlastn\u00e9 vedom\u00e9 spr\u00e1vanie na to, aby ste h\u013eadali \u00fakryt alebo odpo\u010dinok, ke\u010f je pr\u00edli\u0161 hor\u00faco alebo pr\u00edli\u0161 chladno.<\/p>\n<p><em>\u201eObidve, behavior\u00e1lna aj auton\u00f3mna termoregul\u00e1cia z\u00e1visia od vstupu zo senzorov umiestnen\u00fdch centr\u00e1lne a perif\u00e9rne v tele,&#8220;<\/em> poznamen\u00e1va co-author Professor Takeshi Nishiyasu.<\/p>\n<figure id=\"attachment_13520\" aria-describedby=\"caption-attachment-13520\" style=\"width: 1250px\" class=\"wp-caption alignnone\"><a href=\"https:\/\/d2p6e6u75xmxt8.cloudfront.net\/4\/2021\/12\/profimedia-0641969411.jpg\"><img loading=\"lazy\" decoding=\"async\" class=\"size-full wp-image-13520\" src=\"https:\/\/d2p6e6u75xmxt8.cloudfront.net\/4\/2021\/12\/profimedia-0641969411.jpg\" alt=\"Cyclist in winter\" width=\"1250\" height=\"861\" \/><\/a><figcaption id=\"caption-attachment-13520\" class=\"wp-caption-text\">Mraziv\u00fd de\u0148 v Richmond Parku v Lond\u00fdne. \u00a9 Profimedia<\/figcaption><\/figure>\n<h2><strong>Cvi\u010den\u00edm sa veci menia<\/strong><\/h2>\n<p>Po\u010das cvi\u010denia va\u0161e telo produkuje extra teplo, ktor\u00e9 je vyprodukovan\u00e9 prostredn\u00edctvom pohybu svalov. Toto teplo je \u010diasto\u010dne rozpt\u00fdlen\u00e9 do okolia prostredn\u00edctvom potenia sa v\u00e1\u0161ho tela. Taktie\u017e va\u0161a schopnos\u0165 vn\u00edma\u0165 teplotu na poko\u017eke je pri cvi\u010den\u00ed zn\u00ed\u017een\u00e1. Je to pravdepodobne sp\u00f4soben\u00e9 uvo\u013e\u0148ovan\u00edm opioidov v mozgu ako odpove\u010f na cvi\u010denie. Norm\u00e1lne tieto zmeny neovplyv\u0148uj\u00fa va\u0161e vn\u00edmanie telesnej teploty. <\/p>\n<p>V chladnom prostred\u00ed sa v\u0161ak <strong>extra teplo produkovan\u00e9 va\u0161imi svalmi str\u00e1ca ove\u013ea r\u00fdchlej\u0161ie<\/strong>. Predch\u00e1dzaj\u00faca \u0161t\u00fadia preuk\u00e1zala, \u017ee tria\u0161ka sa po\u010das cvi\u010denia prejav\u00ed pri ni\u017e\u0161ej vn\u00fatornej teplote tela, ako ke\u010f je v pokoji.<\/p>\n<p>Ot\u00e1zkou zost\u00e1valo, \u010di cvi\u010denie ovplyvnilo vn\u00edmanie teploty na poko\u017eke alebo pocit teploty v tele v chladnom prostred\u00ed.<\/p>\n<div class=\"shortcode-ys-post-pinup\"><article class=\"loop-simple post-13361 post type-post status-publish format-standard has-post-thumbnail hentry category-odporucame tag-bezpecna-jazda tag-bicyklovanie tag-bicyklovanie-v-zime tag-cestna-cyklistika tag-horska-cyklistika tag-jazdenie tag-merino-vlna tag-navleky tag-odporucame tag-rukavice tag-shimano tag-sneh tag-zima tag-zimne-tretry\" data-postid=\"13361\" role=\"article\" data-post-id=\"13361\" data-word-count=\"932\" data-headline-length=\"74\" data-category=\"Odpor\u00fa\u010dame\" data-author=\"Andrea Champredonde\" data-published=\"2021-11-22T10:00:50+01:00\" data-published-day=\"Monday\">\n    <div class=\"entry-thumbnail article-thumbnail\" content=\"https:\/\/d2p6e6u75xmxt8.cloudfront.net\/4\/2021\/11\/Winter-cycling-profimedia-0637204060-CVR-150x150.webp\"><a href=\"https:\/\/www.welovecycling.com\/sk\/2021\/11\/22\/najlepsie-tipy-ako-si-udrzat-ruky-a-nohy-v-teple-pri-zimnej-cyklistike\/\" class=\"image-holder\" target=\"_self\"><img decoding=\"async\" loading=\"lazy\" class=\"\" src=\"https:\/\/d2p6e6u75xmxt8.cloudfront.net\/4\/2021\/11\/Winter-cycling-profimedia-0637204060-CVR-1024x450.webp\" srcset=\"https:\/\/d2p6e6u75xmxt8.cloudfront.net\/4\/2021\/11\/Winter-cycling-profimedia-0637204060-CVR.webp 1366w, https:\/\/d2p6e6u75xmxt8.cloudfront.net\/4\/2021\/11\/Winter-cycling-profimedia-0637204060-CVR-300x132.webp 300w, https:\/\/d2p6e6u75xmxt8.cloudfront.net\/4\/2021\/11\/Winter-cycling-profimedia-0637204060-CVR-1024x450.webp 1024w, https:\/\/d2p6e6u75xmxt8.cloudfront.net\/4\/2021\/11\/Winter-cycling-profimedia-0637204060-CVR-768x337.webp 768w\" width=\"1024\" height=\"450\" sizes=\"auto, (min-width: 1200px) 456px, (min-width: 768px) 38vw, 100vw\" alt=\"najlepsie-tipy-ako-si-udrzat-ruky-a-nohy-v-teple-pri-zimnej-cyklistike\"\/><\/a><\/div>    <div class=\"entry-meta\">\n        <a class=\"label label-secondary post-category\" href=\"https:\/\/www.welovecycling.com\/sk\/category\/odporucame\/\" title=\"Odpor\u00fa\u010dame\">Odpor\u00fa\u010dame<\/a>\n    <\/div>\n    <div class=\"entry-details\">\n        <a href=\"https:\/\/www.welovecycling.com\/sk\/2021\/11\/22\/najlepsie-tipy-ako-si-udrzat-ruky-a-nohy-v-teple-pri-zimnej-cyklistike\/\" class='entry-title-wrapper'>\n            <h3 class=\"entry-title\"><span>Najlep\u0161ie tipy, ako si udr\u017ea\u0165 ruky a nohy v teple pri zimnej cyklistike<\/span><\/h3>\n        <\/a>\n    <\/div>\n    <\/article>\n<\/div>\n<h2><strong>Vn\u00edmanie telesnej teploty tela je ovplyvnen\u00e9<\/strong><\/h2>\n<figure id=\"attachment_13521\" aria-describedby=\"caption-attachment-13521\" style=\"width: 1000px\" class=\"wp-caption alignnone\"><a href=\"https:\/\/d2p6e6u75xmxt8.cloudfront.net\/4\/2021\/12\/Winter-cycling-profimedia-0641969404.jpg\"><img loading=\"lazy\" decoding=\"async\" class=\"wp-image-13521 size-full\" src=\"https:\/\/d2p6e6u75xmxt8.cloudfront.net\/4\/2021\/12\/Winter-cycling-profimedia-0641969404.jpg\" alt=\"Winter cycling\" width=\"1000\" height=\"666\" \/><\/a><figcaption id=\"caption-attachment-13521\" class=\"wp-caption-text\">Na\u0161a schopnos\u0165 vn\u00edma\u0165 teplotu na poko\u017eke je pri cvi\u010den\u00ed zn\u00ed\u017een\u00e1. \u00a9 Profimedia<\/figcaption><\/figure>\n<p>V\u00fdskumn\u00fd t\u00edm sa rozhodol odpoveda\u0165 na t\u00fato ot\u00e1zku v ich najnov\u0161ej \u0161t\u00fadii. Prijali 11 mlad\u00fdch dospel\u00fdch \u013eud\u00ed, aby vykon\u00e1vali cvi\u010denie s n\u00edzkou intenzitou. <strong>Zatia\u013e \u010do boli \u010diasto\u010dne ponoren\u00ed do n\u00e1dr\u017ee so studenou vodou.<\/strong> Vedci monitorovali ich teplotu poko\u017eky, telesn\u00fa teplotu, pocit na poko\u017eke a vn\u00edmanie chladu, ako aj srdcov\u00fa frekvenciu, krvn\u00fd tlak a spotrebu kysl\u00edka. <\/p>\n<p>V\u00fdsledky uk\u00e1zali, \u017ee pocit teploty, ktor\u00fd vn\u00edmame na poko\u017eke, nebol v tomto scen\u00e1ri ovplyvnen\u00fd, preto\u017ee cvi\u010denie bolo n\u00edzkej intenzity. Zistili v\u0161ak, \u017ee vn\u00edmanie telesnej teploty bolo cvi\u010den\u00edm ovplyvnen\u00e9. V\u00fdskumn\u00edci dospeli k z\u00e1veru, \u017ee subjekt\u00edvny teplotn\u00fd pocit \u00fa\u010dastn\u00edkov (ke\u010f teplota ich tela klesla o 1,0 \u00b0C) bol otupen\u00fd cvi\u010den\u00edm s n\u00edzkou intenzitou po\u010das ponorenia sa do studenej vody.<\/p>\n<p>To znamen\u00e1, \u017ee \u013eudia pri cvi\u010den\u00ed nem\u00f4\u017eu vn\u00edma\u0165 ich poklesy telesnej teploty sp\u00f4soben\u00e9 chladom tak dobre, ako ke\u010f odpo\u010d\u00edvaj\u00fa.<\/p>\n<h2><strong>Bu\u010fte viac pozornej\u0161\u00ed pri cyklistike v zime<\/strong><\/h2>\n<p>T\u00e1to \u0161t\u00fadia odhalila d\u00f4le\u017eit\u00e9 inform\u00e1cie pre ka\u017ed\u00e9ho, kto \u017eije a cvi\u010d\u00ed v chladnej\u0161\u00edch klimatick\u00fdch podmienkach, ale aj pre \u013eud\u00ed, ktor\u00ed maj\u00fa radi rekrea\u010dn\u00e9 vodn\u00e9 \u0161porty. <strong>Pozorovan\u00e9 zn\u00ed\u017een\u00e9 vn\u00edmanie chladu m\u00f4\u017ee ovplyvni\u0165 fyziologick\u00fa aj behavior\u00e1lnu termoregul\u00e1ciu v\u00e1\u0161ho tela.<\/strong> In\u00fdmi slovami, cvi\u010denie v chlade znamen\u00e1, \u017ee m\u00f4\u017eete ove\u013ea \u013eah\u0161ie prehliadnu\u0165 nebezpe\u010dn\u00fd pokles teploty v\u00e1\u0161ho tela, \u010do m\u00f4\u017ee sp\u00f4sobi\u0165 r\u00f4zne nepr\u00edjemnosti. Majte to na pam\u00e4ti, ke\u010f\u017ee zimn\u00e1 cyklistick\u00e1 sez\u00f3na je u\u017e za rohom. V\u017edy sa uistite, \u017ee ste oble\u010den\u00ed primerane na zimn\u00fd de\u0148 na bicykli, a ak si nie ste ist\u00ed, \u017ee budete v teple, priba\u013ete si \u010fal\u0161iu vrstvu.<\/p>\n","protected":false},"excerpt":{"rendered":"<p>Nov\u00fd v\u00fdskum nazna\u010duje, \u017ee cvi\u010denie s\u0165a\u017euje zaregistrovanie poklesu va\u0161ej teploty tela v chladnom prostred\u00ed. To m\u00e1 vplyv na cyklistiku a [&hellip;]<\/p>\n","protected":false},"author":81,"featured_media":13523,"comment_status":"open","ping_status":"open","sticky":false,"template":"","format":"standard","meta":{"footnotes":""},"categories":[2],"tags":[619,1288,1420,1421,55,161,317],"global-categories":[],"class_list":["post-13519","post","type-post","status-publish","format-standard","has-post-thumbnail","hentry","category-zdravie-trening","tag-bicyklovanie","tag-bicyklovanie-v-zime","tag-hypotermia","tag-mraz","tag-trening","tag-zdravie","tag-zima"],"yoast_head":"<!-- This site is optimized with the Yoast SEO Premium plugin v25.3 (Yoast SEO v25.9) - https:\/\/yoast.com\/wordpress\/plugins\/seo\/ -->\n<title>Pri bicyklovan\u00ed v mrazoch m\u00f4\u017ee hypotermia zosta\u0165 nepov\u0161imnut\u00e1<\/title>\n<meta name=\"description\" content=\"Nov\u00fd v\u00fdskum nazna\u010duje, \u017ee cvi\u010denie s\u0165a\u017euje zaregistrovanie poklesu va\u0161ej teploty tela v chladnom prostred\u00ed.\" \/>\n<meta name=\"robots\" content=\"index, follow, max-snippet:-1, max-image-preview:large, max-video-preview:-1\" \/>\n<link rel=\"canonical\" href=\"https:\/\/www.welovecycling.com\/sk\/2021\/12\/17\/pri-bicyklovani-v-mrazoch-moze-hypotermia-zostat-nepovsimnuta\/\" \/>\n<meta property=\"og:locale\" content=\"sk_SK\" \/>\n<meta property=\"og:type\" content=\"article\" \/>\n<meta property=\"og:title\" content=\"Pri bicyklovan\u00ed v mrazoch m\u00f4\u017ee hypotermia zosta\u0165 nepov\u0161imnut\u00e1\" \/>\n<meta property=\"og:description\" content=\"Nov\u00fd v\u00fdskum nazna\u010duje, \u017ee cvi\u010denie s\u0165a\u017euje zaregistrovanie poklesu va\u0161ej teploty tela v chladnom prostred\u00ed.\" \/>\n<meta property=\"og:url\" content=\"https:\/\/www.welovecycling.com\/sk\/2021\/12\/17\/pri-bicyklovani-v-mrazoch-moze-hypotermia-zostat-nepovsimnuta\/\" \/>\n<meta property=\"og:site_name\" content=\"\u0160koda We Love Cycling Slovensko\" \/>\n<meta property=\"article:published_time\" content=\"2021-12-17T09:00:21+00:00\" \/>\n<meta property=\"og:image\" content=\"https:\/\/d2p6e6u75xmxt8.cloudfront.net\/4\/2021\/12\/Frozen-wheel-in-winter-profimedia-0635109656-CVR.webp\" \/>\n\t<meta property=\"og:image:width\" content=\"1366\" \/>\n\t<meta property=\"og:image:height\" content=\"600\" \/>\n\t<meta property=\"og:image:type\" content=\"image\/webp\" \/>\n<meta name=\"twitter:card\" content=\"summary_large_image\" \/>\n<meta name=\"twitter:label1\" content=\"Written by\" \/>\n\t<meta name=\"twitter:data1\" content=\"Andrea Champredonde\" \/>\n\t<meta name=\"twitter:label2\" content=\"Est. reading time\" \/>\n\t<meta name=\"twitter:data2\" content=\"7\" \/>\n<script type=\"application\/ld+json\" class=\"yoast-schema-graph\">{\"@context\":\"https:\/\/schema.org\",\"@graph\":[{\"@type\":\"WebPage\",\"@id\":\"https:\/\/www.welovecycling.com\/sk\/2021\/12\/17\/pri-bicyklovani-v-mrazoch-moze-hypotermia-zostat-nepovsimnuta\/\",\"url\":\"https:\/\/www.welovecycling.com\/sk\/2021\/12\/17\/pri-bicyklovani-v-mrazoch-moze-hypotermia-zostat-nepovsimnuta\/\",\"name\":\"Pri bicyklovan\u00ed v mrazoch m\u00f4\u017ee hypotermia zosta\u0165 nepov\u0161imnut\u00e1\",\"isPartOf\":{\"@id\":\"https:\/\/www.welovecycling.com\/sk\/#website\"},\"primaryImageOfPage\":{\"@id\":\"https:\/\/www.welovecycling.com\/sk\/2021\/12\/17\/pri-bicyklovani-v-mrazoch-moze-hypotermia-zostat-nepovsimnuta\/#primaryimage\"},\"image\":{\"@id\":\"https:\/\/www.welovecycling.com\/sk\/2021\/12\/17\/pri-bicyklovani-v-mrazoch-moze-hypotermia-zostat-nepovsimnuta\/#primaryimage\"},\"thumbnailUrl\":\"https:\/\/d2p6e6u75xmxt8.cloudfront.net\/4\/2021\/12\/Frozen-wheel-in-winter-profimedia-0635109656-CVR.webp\",\"datePublished\":\"2021-12-17T09:00:21+00:00\",\"author\":{\"@id\":\"\"},\"description\":\"Nov\u00fd v\u00fdskum nazna\u010duje, \u017ee cvi\u010denie s\u0165a\u017euje zaregistrovanie poklesu va\u0161ej teploty tela v chladnom prostred\u00ed.\",\"breadcrumb\":{\"@id\":\"https:\/\/www.welovecycling.com\/sk\/2021\/12\/17\/pri-bicyklovani-v-mrazoch-moze-hypotermia-zostat-nepovsimnuta\/#breadcrumb\"},\"inLanguage\":\"sk-SK\",\"potentialAction\":[{\"@type\":\"ReadAction\",\"target\":[\"https:\/\/www.welovecycling.com\/sk\/2021\/12\/17\/pri-bicyklovani-v-mrazoch-moze-hypotermia-zostat-nepovsimnuta\/\"]}]},{\"@type\":\"ImageObject\",\"inLanguage\":\"sk-SK\",\"@id\":\"https:\/\/www.welovecycling.com\/sk\/2021\/12\/17\/pri-bicyklovani-v-mrazoch-moze-hypotermia-zostat-nepovsimnuta\/#primaryimage\",\"url\":\"https:\/\/d2p6e6u75xmxt8.cloudfront.net\/4\/2021\/12\/Frozen-wheel-in-winter-profimedia-0635109656-CVR.webp\",\"contentUrl\":\"https:\/\/d2p6e6u75xmxt8.cloudfront.net\/4\/2021\/12\/Frozen-wheel-in-winter-profimedia-0635109656-CVR.webp\",\"width\":1366,\"height\":600,\"caption\":\"Frozen wheel\"},{\"@type\":\"BreadcrumbList\",\"@id\":\"https:\/\/www.welovecycling.com\/sk\/2021\/12\/17\/pri-bicyklovani-v-mrazoch-moze-hypotermia-zostat-nepovsimnuta\/#breadcrumb\",\"itemListElement\":[{\"@type\":\"ListItem\",\"position\":1,\"name\":\"Home\",\"item\":\"https:\/\/www.welovecycling.com\/sk\/\"},{\"@type\":\"ListItem\",\"position\":2,\"name\":\"Pri bicyklovan\u00ed v mrazoch m\u00f4\u017ee hypotermia zosta\u0165 nepov\u0161imnut\u00e1\"}]},{\"@type\":\"WebSite\",\"@id\":\"https:\/\/www.welovecycling.com\/sk\/#website\",\"url\":\"https:\/\/www.welovecycling.com\/sk\/\",\"name\":\"\u0160koda We Love Cycling Slovensko\",\"description\":\"\u0160koda We Love Cycling Slovensko je v\u00e1\u0161 ka\u017edodenn\u00fd zdroj noviniek a in\u0161pir\u00e1cie z sveta cyklistiky\",\"potentialAction\":[{\"@type\":\"SearchAction\",\"target\":{\"@type\":\"EntryPoint\",\"urlTemplate\":\"https:\/\/www.welovecycling.com\/sk\/?s={search_term_string}\"},\"query-input\":{\"@type\":\"PropertyValueSpecification\",\"valueRequired\":true,\"valueName\":\"search_term_string\"}}],\"inLanguage\":\"sk-SK\"},{\"@type\":\"Person\",\"@id\":\"\",\"url\":\"https:\/\/www.welovecycling.com\/sk\/author\/\"}]}<\/script>\n<!-- \/ Yoast SEO Premium plugin. -->","yoast_head_json":{"title":"Pri bicyklovan\u00ed v mrazoch m\u00f4\u017ee hypotermia zosta\u0165 nepov\u0161imnut\u00e1","description":"Nov\u00fd v\u00fdskum nazna\u010duje, \u017ee cvi\u010denie s\u0165a\u017euje zaregistrovanie poklesu va\u0161ej teploty tela v chladnom prostred\u00ed.","robots":{"index":"index","follow":"follow","max-snippet":"max-snippet:-1","max-image-preview":"max-image-preview:large","max-video-preview":"max-video-preview:-1"},"canonical":"https:\/\/www.welovecycling.com\/sk\/2021\/12\/17\/pri-bicyklovani-v-mrazoch-moze-hypotermia-zostat-nepovsimnuta\/","og_locale":"sk_SK","og_type":"article","og_title":"Pri bicyklovan\u00ed v mrazoch m\u00f4\u017ee hypotermia zosta\u0165 nepov\u0161imnut\u00e1","og_description":"Nov\u00fd v\u00fdskum nazna\u010duje, \u017ee cvi\u010denie s\u0165a\u017euje zaregistrovanie poklesu va\u0161ej teploty tela v chladnom prostred\u00ed.","og_url":"https:\/\/www.welovecycling.com\/sk\/2021\/12\/17\/pri-bicyklovani-v-mrazoch-moze-hypotermia-zostat-nepovsimnuta\/","og_site_name":"\u0160koda We Love Cycling Slovensko","article_published_time":"2021-12-17T09:00:21+00:00","og_image":[{"width":1366,"height":600,"url":"https:\/\/d2p6e6u75xmxt8.cloudfront.net\/4\/2021\/12\/Frozen-wheel-in-winter-profimedia-0635109656-CVR.webp","type":"image\/webp"}],"twitter_card":"summary_large_image","twitter_misc":{"Written by":"Andrea Champredonde","Est. reading time":"7"},"schema":{"@context":"https:\/\/schema.org","@graph":[{"@type":"WebPage","@id":"https:\/\/www.welovecycling.com\/sk\/2021\/12\/17\/pri-bicyklovani-v-mrazoch-moze-hypotermia-zostat-nepovsimnuta\/","url":"https:\/\/www.welovecycling.com\/sk\/2021\/12\/17\/pri-bicyklovani-v-mrazoch-moze-hypotermia-zostat-nepovsimnuta\/","name":"Pri bicyklovan\u00ed v mrazoch m\u00f4\u017ee hypotermia zosta\u0165 nepov\u0161imnut\u00e1","isPartOf":{"@id":"https:\/\/www.welovecycling.com\/sk\/#website"},"primaryImageOfPage":{"@id":"https:\/\/www.welovecycling.com\/sk\/2021\/12\/17\/pri-bicyklovani-v-mrazoch-moze-hypotermia-zostat-nepovsimnuta\/#primaryimage"},"image":{"@id":"https:\/\/www.welovecycling.com\/sk\/2021\/12\/17\/pri-bicyklovani-v-mrazoch-moze-hypotermia-zostat-nepovsimnuta\/#primaryimage"},"thumbnailUrl":"https:\/\/d2p6e6u75xmxt8.cloudfront.net\/4\/2021\/12\/Frozen-wheel-in-winter-profimedia-0635109656-CVR.webp","datePublished":"2021-12-17T09:00:21+00:00","author":{"@id":""},"description":"Nov\u00fd v\u00fdskum nazna\u010duje, \u017ee cvi\u010denie s\u0165a\u017euje zaregistrovanie poklesu va\u0161ej teploty tela v chladnom prostred\u00ed.","breadcrumb":{"@id":"https:\/\/www.welovecycling.com\/sk\/2021\/12\/17\/pri-bicyklovani-v-mrazoch-moze-hypotermia-zostat-nepovsimnuta\/#breadcrumb"},"inLanguage":"sk-SK","potentialAction":[{"@type":"ReadAction","target":["https:\/\/www.welovecycling.com\/sk\/2021\/12\/17\/pri-bicyklovani-v-mrazoch-moze-hypotermia-zostat-nepovsimnuta\/"]}]},{"@type":"ImageObject","inLanguage":"sk-SK","@id":"https:\/\/www.welovecycling.com\/sk\/2021\/12\/17\/pri-bicyklovani-v-mrazoch-moze-hypotermia-zostat-nepovsimnuta\/#primaryimage","url":"https:\/\/d2p6e6u75xmxt8.cloudfront.net\/4\/2021\/12\/Frozen-wheel-in-winter-profimedia-0635109656-CVR.webp","contentUrl":"https:\/\/d2p6e6u75xmxt8.cloudfront.net\/4\/2021\/12\/Frozen-wheel-in-winter-profimedia-0635109656-CVR.webp","width":1366,"height":600,"caption":"Frozen wheel"},{"@type":"BreadcrumbList","@id":"https:\/\/www.welovecycling.com\/sk\/2021\/12\/17\/pri-bicyklovani-v-mrazoch-moze-hypotermia-zostat-nepovsimnuta\/#breadcrumb","itemListElement":[{"@type":"ListItem","position":1,"name":"Home","item":"https:\/\/www.welovecycling.com\/sk\/"},{"@type":"ListItem","position":2,"name":"Pri bicyklovan\u00ed v mrazoch m\u00f4\u017ee hypotermia zosta\u0165 nepov\u0161imnut\u00e1"}]},{"@type":"WebSite","@id":"https:\/\/www.welovecycling.com\/sk\/#website","url":"https:\/\/www.welovecycling.com\/sk\/","name":"\u0160koda We Love Cycling Slovensko","description":"\u0160koda We Love Cycling Slovensko je v\u00e1\u0161 ka\u017edodenn\u00fd zdroj noviniek a in\u0161pir\u00e1cie z sveta cyklistiky","potentialAction":[{"@type":"SearchAction","target":{"@type":"EntryPoint","urlTemplate":"https:\/\/www.welovecycling.com\/sk\/?s={search_term_string}"},"query-input":{"@type":"PropertyValueSpecification","valueRequired":true,"valueName":"search_term_string"}}],"inLanguage":"sk-SK"},{"@type":"Person","@id":"","url":"https:\/\/www.welovecycling.com\/sk\/author\/"}]}},"_links":{"self":[{"href":"https:\/\/www.welovecycling.com\/sk\/wp-json\/wp\/v2\/posts\/13519","targetHints":{"allow":["GET"]}}],"collection":[{"href":"https:\/\/www.welovecycling.com\/sk\/wp-json\/wp\/v2\/posts"}],"about":[{"href":"https:\/\/www.welovecycling.com\/sk\/wp-json\/wp\/v2\/types\/post"}],"author":[{"embeddable":true,"href":"https:\/\/www.welovecycling.com\/sk\/wp-json\/wp\/v2\/users\/81"}],"replies":[{"embeddable":true,"href":"https:\/\/www.welovecycling.com\/sk\/wp-json\/wp\/v2\/comments?post=13519"}],"version-history":[{"count":2,"href":"https:\/\/www.welovecycling.com\/sk\/wp-json\/wp\/v2\/posts\/13519\/revisions"}],"predecessor-version":[{"id":13529,"href":"https:\/\/www.welovecycling.com\/sk\/wp-json\/wp\/v2\/posts\/13519\/revisions\/13529"}],"wp:featuredmedia":[{"embeddable":true,"href":"https:\/\/www.welovecycling.com\/sk\/wp-json\/wp\/v2\/media\/13523"}],"wp:attachment":[{"href":"https:\/\/www.welovecycling.com\/sk\/wp-json\/wp\/v2\/media?parent=13519"}],"wp:term":[{"taxonomy":"category","embeddable":true,"href":"https:\/\/www.welovecycling.com\/sk\/wp-json\/wp\/v2\/categories?post=13519"},{"taxonomy":"post_tag","embeddable":true,"href":"https:\/\/www.welovecycling.com\/sk\/wp-json\/wp\/v2\/tags?post=13519"},{"taxonomy":"global-categories","embeddable":true,"href":"https:\/\/www.welovecycling.com\/sk\/wp-json\/wp\/v2\/global-categories?post=13519"}],"curies":[{"name":"wp","href":"https:\/\/api.w.org\/{rel}","templated":true}]}}