{"id":13506,"date":"2021-12-20T09:00:14","date_gmt":"2021-12-20T08:00:14","guid":{"rendered":"https:\/\/www.welovecycling.com\/sk\/?p=13506"},"modified":"2021-12-13T09:09:59","modified_gmt":"2021-12-13T08:09:59","slug":"ako-sa-darilo-slovenskym-cyklistom-a-co-ich-caka-v-roku-2022","status":"publish","type":"post","link":"https:\/\/www.welovecycling.com\/sk\/2021\/12\/20\/ako-sa-darilo-slovenskym-cyklistom-a-co-ich-caka-v-roku-2022\/","title":{"rendered":"Ako sa darilo slovensk\u00fdm cyklistom a\u00a0\u010do ich \u010dak\u00e1 v\u00a0roku 2022"},"content":{"rendered":"<p><strong>Snom ka\u017ed\u00e9ho cyklistu je jazdi\u0165 raz za ve\u013ek\u00fd svetov\u00fd t\u00edm, ale priznajme si re\u00e1lne, \u017ee len m\u00e1lokomu sa to skuto\u010dne podar\u00ed. V\u010faka nesmiernej snahe, tvrd\u00fdm tr\u00e9ningom a\u00a0ve\u013ekej motiv\u00e1cii mlad\u00fdch slovensk\u00fdch cyklistov sa v\u0161ak za\u010d\u00ednaj\u00fa u\u00a0n\u00e1s objavova\u0165 nov\u00e9 talenty, ktor\u00e9 si v\u0161\u00edmaj\u00fa aj \u0161\u00e9fovia elitn\u00fdch cyklistick\u00fdch stajn\u00ed. A\u00a0to je jasn\u00fd sign\u00e1l, \u017ee o\u00a0na\u0161ej malej krajine sa vo ve\u013ekom cyklistickom svete e\u0161te bude p\u00edsa\u0165.<\/strong><!--more--><\/p>\n<h2><strong>Martin Svr\u010dek<\/strong><\/h2>\n<p>Osemn\u00e1s\u0165ro\u010dn\u00fd Martin Svr\u010dek sa do\u010dkal splnenia ve\u013ek\u00e9ho sna, ke\u010f podp\u00edsal zmluvu s\u00a0t\u00edmom Deceuninck &#8211; Quick-Step. Pod\u013ea jeho slov miluje na tomto t\u00edme nielen v\u00ed\u0165azn\u00e9ho ducha a\u00a0atmosf\u00e9ru, ktor\u00fa c\u00edti\u0165 po\u010das ka\u017ed\u00fdch pretekov, ale sympatick\u00fd mu je aj samotn\u00fd dres, ktor\u00fd v\u017edy zaru\u010dene vy\u010dnieva z\u00a0pelot\u00f3nu. V\u010faka talentu a\u00a0mno\u017estvu najazden\u00fdch kilometrov sa tak ocitne v\u00a0t\u00edme ved\u013ea takej hviezdy, ako napr\u00edklad Alaphillipe, a\u00a0to je sk\u00fasenos\u0165 na cel\u00fd \u017eivot. <strong>Jedin\u00e1 v\u00fdzva pre neho ost\u00e1va dou\u010di\u0165 sa talian\u010dinu, to je ale u\u017e len detail.<\/strong> Po\u010das uplynulej sez\u00f3ny v\u00a0drese talianskeho t\u00edmu Franco Ballerini dosiahol neuverite\u013en\u00fdch p\u00e4tn\u00e1s\u0165 v\u00ed\u0165azstiev, vr\u00e1tane dvoch titulov majstra Slovenska v\u00a0juniorskej kateg\u00f3rii.<\/p>\n<div class=\"shortcode-ys-post-pinup\"><article class=\"loop-simple post-13132 post type-post status-publish format-standard has-post-thumbnail hentry category-cestna-cyklisitika tag-cestna-cyklistika tag-deceuninck-quick-step tag-martin-svrcek tag-profesional tag-rozhovor tag-talent global-categories-cycling\" data-postid=\"13132\" role=\"article\" data-post-id=\"13132\" data-word-count=\"399\" data-headline-length=\"121\" data-category=\"Cestn\u00e1 cyklistika\" data-global-category=\"Cycling\" data-author=\"Barbora \u0160uchov\u00e1\" data-published=\"2021-10-09T10:00:35+02:00\" data-published-day=\"Saturday\">\n    <div class=\"entry-thumbnail article-thumbnail\" content=\"https:\/\/d2p6e6u75xmxt8.cloudfront.net\/4\/2021\/10\/Martin_Svrcek_00-150x150.webp\"><a href=\"https:\/\/www.welovecycling.com\/sk\/2021\/10\/09\/rozhovor-cyklisticka-nadej-martin-svrcek-som-rad-ze-ma-prirovnavaju-k-saganovi-ale-chcem-zostat-sam-sebou\/\" class=\"image-holder\" target=\"_self\"><img decoding=\"async\" loading=\"lazy\" class=\"\" src=\"https:\/\/d2p6e6u75xmxt8.cloudfront.net\/4\/2021\/10\/Martin_Svrcek_00-1024x445.webp\" srcset=\"https:\/\/d2p6e6u75xmxt8.cloudfront.net\/4\/2021\/10\/Martin_Svrcek_00.webp 1380w, https:\/\/d2p6e6u75xmxt8.cloudfront.net\/4\/2021\/10\/Martin_Svrcek_00-300x130.webp 300w, https:\/\/d2p6e6u75xmxt8.cloudfront.net\/4\/2021\/10\/Martin_Svrcek_00-1024x445.webp 1024w, https:\/\/d2p6e6u75xmxt8.cloudfront.net\/4\/2021\/10\/Martin_Svrcek_00-768x334.webp 768w\" width=\"1024\" height=\"445\" sizes=\"auto, (min-width: 1200px) 460px, (min-width: 768px) 38vw, 100vw\" alt=\"rozhovor-cyklisticka-nadej-martin-svrcek-som-rad-ze-ma-prirovnavaju-k-saganovi-ale-chcem-zostat-sam-sebou\"\/><\/a><\/div>    <div class=\"entry-meta\">\n        <a class=\"label label-secondary post-category\" href=\"https:\/\/www.welovecycling.com\/sk\/category\/cestna-cyklisitika\/\" title=\"Cestn\u00e1 cyklistika\">Cestn\u00e1 cyklistika<\/a>\n    <\/div>\n    <div class=\"entry-details\">\n        <a href=\"https:\/\/www.welovecycling.com\/sk\/2021\/10\/09\/rozhovor-cyklisticka-nadej-martin-svrcek-som-rad-ze-ma-prirovnavaju-k-saganovi-ale-chcem-zostat-sam-sebou\/\" class='entry-title-wrapper'>\n            <h3 class=\"entry-title\"><span>Rozhovor: Cyklistick\u00e1 n\u00e1dej Martin Svr\u010dek \u2013 som r\u00e1d, \u017ee ma prirovn\u00e1vaj\u00fa k Saganovi, ale chcem zosta\u0165 s\u00e1m sebou<\/span><\/h3>\n        <\/a>\n    <\/div>\n    <\/article>\n<\/div>\n<p><a href=\"https:\/\/d2p6e6u75xmxt8.cloudfront.net\/4\/2021\/12\/01-1.jpg\"><img loading=\"lazy\" decoding=\"async\" src=\"https:\/\/d2p6e6u75xmxt8.cloudfront.net\/4\/2021\/12\/01-1.jpg\" alt=\"\" width=\"1200\" height=\"800\" class=\"alignnone size-full wp-image-13512\" \/><\/a><\/p>\n<h2><strong>Erik Ba\u0161ka<\/strong><\/h2>\n<p>Odchovanec Dukly Tren\u010d\u00edn doteraz svoju \u00faspe\u0161n\u00fa kari\u00e9ru rozv\u00edjal a\u00a0cenn\u00e9 sk\u00fasenosti z\u00edskaval v\u00a0t\u00edme Bora-Hansgrohe. V\u00a0s\u00favislosti s\u00a0prestupom Petra Sagana do t\u00edmu TotalEnergies sa predpokladalo, \u017ee aj Erik p\u00f4jde do tohto t\u00edmu. Av\u0161ak on tieto \u0161pekul\u00e1cie poprel. Jednu chv\u00ed\u013eu to vyzeralo, \u017ee ostane bez t\u00edmu. <strong>Nakoniec sa ale\u00a0po rokoch vo svete vracia nasp\u00e4\u0165 na Slovensko<\/strong> a\u00a0od nov\u00e9ho roku bude jazdi\u0165 za Duklu Bansk\u00e1 Bystrica. Tak\u017ee Erik sa aj\u00a0v\u010faka tomu ur\u010dite bud\u00faci rok objav\u00ed na svetov\u00fdch podujatiach a\u00a0ver\u00edme, \u017ee z\u00edska d\u00f4le\u017eit\u00e9 umiestnenia. <\/p>\n<lite-youtube videoid=23UkCsE2cGI params=\"enablejsapi=1\" style=\"background-image: url('https:\/\/i.ytimg.com\/vi_webp\/23UkCsE2cGI\/maxresdefault.webp');\"><\/lite-youtube>\n<h2><strong>Luk\u00e1\u0161 Kubi\u0161<\/strong><\/h2>\n<p>V\u010faka aktu\u00e1lnej forme a\u00a0svojim skvel\u00fdm v\u00fdsledkom bol Luk\u00e1\u0161 nominovan\u00fd ako n\u00e1hradn\u00edk na olympi\u00e1du v\u00a0Tokiu. Neo\u010dak\u00e1van\u00e1 oper\u00e1cia Petra Sagana mu nakoniec umo\u017enila z\u00fa\u010dastni\u0165 sa olympi\u00e1dy priamo po boku Juraja Sagana. Je s\u00edce pravda, \u017ee v\u00fdsledky ho ve\u013emi nepote\u0161ili, ale u\u017e len samotn\u00e1 \u00fa\u010das\u0165 na olympi\u00e1de je pre neho cennou sk\u00fasenos\u0165ou. Chu\u0165 si v\u0161ak tento rok napravil v\u00a0Kamerune, kde z\u00edskal okrem bieleho a\u00a0zelen\u00e9ho dresu aj cenn\u00fd \u017elt\u00fd dres a\u00a0svoje prv\u00e9 v\u00ed\u0165azstvo v\u00a0celkovom hodnoten\u00ed. <strong>Luk\u00e1\u0161 bude aj v\u00a0bud\u00facom roku pokra\u010dova\u0165 v\u00a0drese Dukly Bansk\u00e1 Bystrica<\/strong>, ktor\u00e1 u\u017e vo svojom t\u00edme m\u00e1 zauj\u00edmav\u00e9 men\u00e1, ako u\u017e spom\u00ednan\u00e1 posila Erik Ba\u0161ka, ale aj Martin Haring \u010di Patrik Tybor.  <\/p>\n<p>https:\/\/www.instagram.com\/p\/CRtPGn0s-W3\/ <\/p>\n<h2><strong>Peter Sagan<\/strong><\/h2>\n<p>Nesmie sa v\u0161ak zab\u00fada\u0165 ani na dlhoro\u010dn\u00e9 cyklistick\u00e9 eso, ktor\u00e9 rob\u00ed dobr\u00e9 meno na\u0161ej krajine u\u017e nieko\u013eko rokov a\u00a0pripravuje p\u00f4du pre nov\u00e1\u010dikov. Premi\u00e9rov\u00e9 v\u00ed\u0165azstvo v\u00a0uplynulej sez\u00f3ne mal na pretekoch Okolo Katal\u00e1nska, ke\u010f vyhral 6. etapu. V\u00a0apr\u00edli hne\u010f v\u00a01. etape pretekov Okolo Normandie z\u00edskal cenn\u00e9 v\u00ed\u0165azstvo a\u00a0v\u00a03. etape skon\u010dil na tre\u0165om mieste. Na Giro d\u00b4Italia si napravil chu\u0165 z\u00a0minul\u00e9ho roka a\u00a0z\u00edskal skvel\u00e9 umiestnenia vo viacer\u00fdch etap\u00e1ch.\u00a0Dokonca si obliekol cyklam\u00e9nov\u00fd dres. Na Tour de France mu zranenie znemo\u017enilo dobr\u00e9 umiestnenia a\u00a0nakoniec po 11. etape odst\u00fapil. Z\u00fa\u010dastnil sa aj pretekov Okolo Slovenska, ktor\u00e9 si dokonale u\u017eil a\u00a0z\u00edskal viacer\u00e9 prvenstv\u00e1. Najd\u00f4le\u017eitej\u0161ou udalos\u0165ou v\u0161ak je ur\u010dite jeho prestup do t\u00edmu TotalEnergies. <strong>Ver\u00edme, \u017ee zmena t\u00edmu a\u00a0nov\u00e9 prostredie mu prinesie nov\u00fd vietor do plachiet<\/strong> a\u00a0v\u00a0bud\u00facom roku ho uvid\u00edme v\u00a0d\u00fahovom alebo zelenom drese, ktor\u00e9 mu rozhodne sved\u010dia.<\/p>\n<figure id=\"attachment_13513\" aria-describedby=\"caption-attachment-13513\" style=\"width: 1200px\" class=\"wp-caption alignnone\"><a href=\"https:\/\/d2p6e6u75xmxt8.cloudfront.net\/4\/2021\/12\/02.jpg\"><img loading=\"lazy\" decoding=\"async\" src=\"https:\/\/d2p6e6u75xmxt8.cloudfront.net\/4\/2021\/12\/02.jpg\" alt=\"\" width=\"1200\" height=\"800\" class=\"size-full wp-image-13513\" \/><\/a><figcaption id=\"caption-attachment-13513\" class=\"wp-caption-text\">Na sn\u00edmke je slovensk\u00fd cyklista Peter Sagan ako odch\u00e1dza z hotela v meste Nimes potom, ako odst\u00fapil z Tour de France.<\/figcaption><\/figure>\n<h2><strong>Juraj Sagan<\/strong><\/h2>\n<p>Juraj Sagan mal svoju olympijsk\u00fa premi\u00e9ru v\u00a0Tokiu a\u00a0t\u00e1 mu vy\u0161la ve\u013emi dobre. Po\u010das pretekov bol v\u00e4\u010d\u0161inu \u010dasu v\u00a0\u00faniku, av\u0161ak st\u00e1lo ho to ve\u013ea s\u00edl a\u00a0preteky nedokon\u010dil. Samozrejme v\u00e4\u010d\u0161inu roka bol podporou pre svojho brata, ke\u010f\u017ee\u00a0ako domestik je cennou posilou t\u00edmu. Z\u00fa\u010dastnil sa aj pretekov Okolo Slovenska, kde sa umiestnil a\u017e na 70. mieste. <strong>Skvelou spr\u00e1vou pre fan\u00fa\u0161ikov ale aj pre Petra a\u00a0Juraja Sagana je, \u017ee v\u00a0bud\u00facom roku bud\u00fa jazdi\u0165 na\u010falej spolu.<\/strong> Po n\u00e1ro\u010dn\u00fdch rokovaniach sa nakoniec rozhodlo, \u017ee aj Juraj p\u00f4jde to t\u00edmu TotalEnergies.<\/p>\n<p>https:\/\/www.instagram.com\/p\/BobH4B8nMNU\/ <\/p>\n<p>Samozrejme vybrali sme len nieko\u013eko mien, ale rovnako ako vy, pozorne sledujeme viacer\u00fdch slovensk\u00fdch cyklistov, ktor\u00ed boduj\u00fa na v\u00e4\u010d\u0161\u00edch \u010di men\u0161\u00edch pretekoch. <strong>A\u00a0nezab\u00fadame ani na nov\u00e1\u010dikov, ktor\u00ed prekvapuj\u00fa svojou \u0161ikovnos\u0165ou a\u00a0pripravujeme s\u00a0nimi rozhovory<\/strong>, na ktor\u00e9 sa m\u00f4\u017eete te\u0161i\u0165.<\/p>\n","protected":false},"excerpt":{"rendered":"<p>Snom ka\u017ed\u00e9ho cyklistu je jazdi\u0165 raz za ve\u013ek\u00fd svetov\u00fd t\u00edm, ale priznajme si re\u00e1lne, \u017ee len m\u00e1lokomu sa to skuto\u010dne [&hellip;]<\/p>\n","protected":false},"author":81,"featured_media":13518,"comment_status":"open","ping_status":"open","sticky":false,"template":"","format":"standard","meta":{"footnotes":""},"categories":[4,63],"tags":[115,898,574,276,158,1418,1398,97,46,179,885,1419],"global-categories":[1074],"class_list":["post-13506","post","type-post","status-publish","format-standard","has-post-thumbnail","hentry","category-cestna-cyklisitika","category-grand-tour","tag-cestna-cyklistika","tag-deceuninck-quick-step","tag-dukla-banska-bystrica","tag-erik-baska","tag-juraj-sagan","tag-lukas-kubis","tag-martin-svrcek","tag-okolo-slovenska","tag-peter-sagan","tag-preteky","tag-profesional","tag-totalenergies","global-categories-cycling"],"yoast_head":"<!-- This site is optimized with the Yoast SEO Premium plugin v25.3 (Yoast SEO v25.9) - https:\/\/yoast.com\/wordpress\/plugins\/seo\/ -->\n<title>Ako sa darilo slovensk\u00fdm cyklistom a\u00a0\u010do ich \u010dak\u00e1 v\u00a0roku 2022 - \u0160koda We Love Cycling Slovensko<\/title>\n<meta name=\"description\" content=\"Snom ka\u017ed\u00e9ho cyklistu je jazdi\u0165 raz za ve\u013ek\u00fd svetov\u00fd t\u00edm, ale priznajme si re\u00e1lne, \u017ee len m\u00e1lokomu sa to skuto\u010dne podar\u00ed.\" \/>\n<meta name=\"robots\" content=\"index, follow, max-snippet:-1, max-image-preview:large, max-video-preview:-1\" \/>\n<link rel=\"canonical\" href=\"https:\/\/www.welovecycling.com\/sk\/2021\/12\/20\/ako-sa-darilo-slovenskym-cyklistom-a-co-ich-caka-v-roku-2022\/\" \/>\n<meta property=\"og:locale\" content=\"sk_SK\" \/>\n<meta property=\"og:type\" content=\"article\" \/>\n<meta property=\"og:title\" content=\"Ako sa darilo slovensk\u00fdm cyklistom a\u00a0\u010do ich \u010dak\u00e1 v\u00a0roku 2022\" \/>\n<meta property=\"og:description\" content=\"Snom ka\u017ed\u00e9ho cyklistu je jazdi\u0165 raz za ve\u013ek\u00fd svetov\u00fd t\u00edm, ale priznajme si re\u00e1lne, \u017ee len m\u00e1lokomu sa to skuto\u010dne podar\u00ed.\" \/>\n<meta property=\"og:url\" content=\"https:\/\/www.welovecycling.com\/sk\/2021\/12\/20\/ako-sa-darilo-slovenskym-cyklistom-a-co-ich-caka-v-roku-2022\/\" \/>\n<meta property=\"og:site_name\" content=\"\u0160koda We Love Cycling Slovensko\" \/>\n<meta property=\"article:published_time\" content=\"2021-12-20T08:00:14+00:00\" \/>\n<meta property=\"og:image\" content=\"https:\/\/d2p6e6u75xmxt8.cloudfront.net\/4\/2021\/12\/IMG_3951-scaled.webp\" \/>\n\t<meta property=\"og:image:width\" content=\"2560\" \/>\n\t<meta property=\"og:image:height\" content=\"1707\" \/>\n\t<meta property=\"og:image:type\" content=\"image\/webp\" \/>\n<meta name=\"twitter:card\" content=\"summary_large_image\" \/>\n<meta name=\"twitter:label1\" content=\"Written by\" \/>\n\t<meta name=\"twitter:data1\" content=\"Barbora \u0160uchov\u00e1\" \/>\n\t<meta name=\"twitter:label2\" content=\"Est. reading time\" \/>\n\t<meta name=\"twitter:data2\" content=\"4\" \/>\n<script type=\"application\/ld+json\" class=\"yoast-schema-graph\">{\"@context\":\"https:\/\/schema.org\",\"@graph\":[{\"@type\":\"WebPage\",\"@id\":\"https:\/\/www.welovecycling.com\/sk\/2021\/12\/20\/ako-sa-darilo-slovenskym-cyklistom-a-co-ich-caka-v-roku-2022\/\",\"url\":\"https:\/\/www.welovecycling.com\/sk\/2021\/12\/20\/ako-sa-darilo-slovenskym-cyklistom-a-co-ich-caka-v-roku-2022\/\",\"name\":\"Ako sa darilo slovensk\u00fdm cyklistom a\u00a0\u010do ich \u010dak\u00e1 v\u00a0roku 2022 - \u0160koda We Love Cycling Slovensko\",\"isPartOf\":{\"@id\":\"https:\/\/www.welovecycling.com\/sk\/#website\"},\"primaryImageOfPage\":{\"@id\":\"https:\/\/www.welovecycling.com\/sk\/2021\/12\/20\/ako-sa-darilo-slovenskym-cyklistom-a-co-ich-caka-v-roku-2022\/#primaryimage\"},\"image\":{\"@id\":\"https:\/\/www.welovecycling.com\/sk\/2021\/12\/20\/ako-sa-darilo-slovenskym-cyklistom-a-co-ich-caka-v-roku-2022\/#primaryimage\"},\"thumbnailUrl\":\"https:\/\/d2p6e6u75xmxt8.cloudfront.net\/4\/2021\/12\/IMG_3951-scaled.webp\",\"datePublished\":\"2021-12-20T08:00:14+00:00\",\"author\":{\"@id\":\"\"},\"description\":\"Snom ka\u017ed\u00e9ho cyklistu je jazdi\u0165 raz za ve\u013ek\u00fd svetov\u00fd t\u00edm, ale priznajme si re\u00e1lne, \u017ee len m\u00e1lokomu sa to skuto\u010dne podar\u00ed.\",\"breadcrumb\":{\"@id\":\"https:\/\/www.welovecycling.com\/sk\/2021\/12\/20\/ako-sa-darilo-slovenskym-cyklistom-a-co-ich-caka-v-roku-2022\/#breadcrumb\"},\"inLanguage\":\"sk-SK\",\"potentialAction\":[{\"@type\":\"ReadAction\",\"target\":[\"https:\/\/www.welovecycling.com\/sk\/2021\/12\/20\/ako-sa-darilo-slovenskym-cyklistom-a-co-ich-caka-v-roku-2022\/\"]}]},{\"@type\":\"ImageObject\",\"inLanguage\":\"sk-SK\",\"@id\":\"https:\/\/www.welovecycling.com\/sk\/2021\/12\/20\/ako-sa-darilo-slovenskym-cyklistom-a-co-ich-caka-v-roku-2022\/#primaryimage\",\"url\":\"https:\/\/d2p6e6u75xmxt8.cloudfront.net\/4\/2021\/12\/IMG_3951-scaled.webp\",\"contentUrl\":\"https:\/\/d2p6e6u75xmxt8.cloudfront.net\/4\/2021\/12\/IMG_3951-scaled.webp\",\"width\":2560,\"height\":1707},{\"@type\":\"BreadcrumbList\",\"@id\":\"https:\/\/www.welovecycling.com\/sk\/2021\/12\/20\/ako-sa-darilo-slovenskym-cyklistom-a-co-ich-caka-v-roku-2022\/#breadcrumb\",\"itemListElement\":[{\"@type\":\"ListItem\",\"position\":1,\"name\":\"Home\",\"item\":\"https:\/\/www.welovecycling.com\/sk\/\"},{\"@type\":\"ListItem\",\"position\":2,\"name\":\"Ako sa darilo slovensk\u00fdm cyklistom a\u00a0\u010do ich \u010dak\u00e1 v\u00a0roku 2022\"}]},{\"@type\":\"WebSite\",\"@id\":\"https:\/\/www.welovecycling.com\/sk\/#website\",\"url\":\"https:\/\/www.welovecycling.com\/sk\/\",\"name\":\"\u0160koda We Love Cycling Slovensko\",\"description\":\"\u0160koda We Love Cycling Slovensko je v\u00e1\u0161 ka\u017edodenn\u00fd zdroj noviniek a in\u0161pir\u00e1cie z sveta cyklistiky\",\"potentialAction\":[{\"@type\":\"SearchAction\",\"target\":{\"@type\":\"EntryPoint\",\"urlTemplate\":\"https:\/\/www.welovecycling.com\/sk\/?s={search_term_string}\"},\"query-input\":{\"@type\":\"PropertyValueSpecification\",\"valueRequired\":true,\"valueName\":\"search_term_string\"}}],\"inLanguage\":\"sk-SK\"},{\"@type\":\"Person\",\"@id\":\"\",\"url\":\"https:\/\/www.welovecycling.com\/sk\/author\/\"}]}<\/script>\n<!-- \/ Yoast SEO Premium plugin. -->","yoast_head_json":{"title":"Ako sa darilo slovensk\u00fdm cyklistom a\u00a0\u010do ich \u010dak\u00e1 v\u00a0roku 2022 - \u0160koda We Love Cycling Slovensko","description":"Snom ka\u017ed\u00e9ho cyklistu je jazdi\u0165 raz za ve\u013ek\u00fd svetov\u00fd t\u00edm, ale priznajme si re\u00e1lne, \u017ee len m\u00e1lokomu sa to skuto\u010dne podar\u00ed.","robots":{"index":"index","follow":"follow","max-snippet":"max-snippet:-1","max-image-preview":"max-image-preview:large","max-video-preview":"max-video-preview:-1"},"canonical":"https:\/\/www.welovecycling.com\/sk\/2021\/12\/20\/ako-sa-darilo-slovenskym-cyklistom-a-co-ich-caka-v-roku-2022\/","og_locale":"sk_SK","og_type":"article","og_title":"Ako sa darilo slovensk\u00fdm cyklistom a\u00a0\u010do ich \u010dak\u00e1 v\u00a0roku 2022","og_description":"Snom ka\u017ed\u00e9ho cyklistu je jazdi\u0165 raz za ve\u013ek\u00fd svetov\u00fd t\u00edm, ale priznajme si re\u00e1lne, \u017ee len m\u00e1lokomu sa to skuto\u010dne podar\u00ed.","og_url":"https:\/\/www.welovecycling.com\/sk\/2021\/12\/20\/ako-sa-darilo-slovenskym-cyklistom-a-co-ich-caka-v-roku-2022\/","og_site_name":"\u0160koda We Love Cycling Slovensko","article_published_time":"2021-12-20T08:00:14+00:00","og_image":[{"width":2560,"height":1707,"url":"https:\/\/d2p6e6u75xmxt8.cloudfront.net\/4\/2021\/12\/IMG_3951-scaled.webp","type":"image\/webp"}],"twitter_card":"summary_large_image","twitter_misc":{"Written by":"Barbora \u0160uchov\u00e1","Est. reading time":"4"},"schema":{"@context":"https:\/\/schema.org","@graph":[{"@type":"WebPage","@id":"https:\/\/www.welovecycling.com\/sk\/2021\/12\/20\/ako-sa-darilo-slovenskym-cyklistom-a-co-ich-caka-v-roku-2022\/","url":"https:\/\/www.welovecycling.com\/sk\/2021\/12\/20\/ako-sa-darilo-slovenskym-cyklistom-a-co-ich-caka-v-roku-2022\/","name":"Ako sa darilo slovensk\u00fdm cyklistom a\u00a0\u010do ich \u010dak\u00e1 v\u00a0roku 2022 - \u0160koda We Love Cycling Slovensko","isPartOf":{"@id":"https:\/\/www.welovecycling.com\/sk\/#website"},"primaryImageOfPage":{"@id":"https:\/\/www.welovecycling.com\/sk\/2021\/12\/20\/ako-sa-darilo-slovenskym-cyklistom-a-co-ich-caka-v-roku-2022\/#primaryimage"},"image":{"@id":"https:\/\/www.welovecycling.com\/sk\/2021\/12\/20\/ako-sa-darilo-slovenskym-cyklistom-a-co-ich-caka-v-roku-2022\/#primaryimage"},"thumbnailUrl":"https:\/\/d2p6e6u75xmxt8.cloudfront.net\/4\/2021\/12\/IMG_3951-scaled.webp","datePublished":"2021-12-20T08:00:14+00:00","author":{"@id":""},"description":"Snom ka\u017ed\u00e9ho cyklistu je jazdi\u0165 raz za ve\u013ek\u00fd svetov\u00fd t\u00edm, ale priznajme si re\u00e1lne, \u017ee len m\u00e1lokomu sa to skuto\u010dne podar\u00ed.","breadcrumb":{"@id":"https:\/\/www.welovecycling.com\/sk\/2021\/12\/20\/ako-sa-darilo-slovenskym-cyklistom-a-co-ich-caka-v-roku-2022\/#breadcrumb"},"inLanguage":"sk-SK","potentialAction":[{"@type":"ReadAction","target":["https:\/\/www.welovecycling.com\/sk\/2021\/12\/20\/ako-sa-darilo-slovenskym-cyklistom-a-co-ich-caka-v-roku-2022\/"]}]},{"@type":"ImageObject","inLanguage":"sk-SK","@id":"https:\/\/www.welovecycling.com\/sk\/2021\/12\/20\/ako-sa-darilo-slovenskym-cyklistom-a-co-ich-caka-v-roku-2022\/#primaryimage","url":"https:\/\/d2p6e6u75xmxt8.cloudfront.net\/4\/2021\/12\/IMG_3951-scaled.webp","contentUrl":"https:\/\/d2p6e6u75xmxt8.cloudfront.net\/4\/2021\/12\/IMG_3951-scaled.webp","width":2560,"height":1707},{"@type":"BreadcrumbList","@id":"https:\/\/www.welovecycling.com\/sk\/2021\/12\/20\/ako-sa-darilo-slovenskym-cyklistom-a-co-ich-caka-v-roku-2022\/#breadcrumb","itemListElement":[{"@type":"ListItem","position":1,"name":"Home","item":"https:\/\/www.welovecycling.com\/sk\/"},{"@type":"ListItem","position":2,"name":"Ako sa darilo slovensk\u00fdm cyklistom a\u00a0\u010do ich \u010dak\u00e1 v\u00a0roku 2022"}]},{"@type":"WebSite","@id":"https:\/\/www.welovecycling.com\/sk\/#website","url":"https:\/\/www.welovecycling.com\/sk\/","name":"\u0160koda We Love Cycling Slovensko","description":"\u0160koda We Love Cycling Slovensko je v\u00e1\u0161 ka\u017edodenn\u00fd zdroj noviniek a in\u0161pir\u00e1cie z sveta cyklistiky","potentialAction":[{"@type":"SearchAction","target":{"@type":"EntryPoint","urlTemplate":"https:\/\/www.welovecycling.com\/sk\/?s={search_term_string}"},"query-input":{"@type":"PropertyValueSpecification","valueRequired":true,"valueName":"search_term_string"}}],"inLanguage":"sk-SK"},{"@type":"Person","@id":"","url":"https:\/\/www.welovecycling.com\/sk\/author\/"}]}},"_links":{"self":[{"href":"https:\/\/www.welovecycling.com\/sk\/wp-json\/wp\/v2\/posts\/13506","targetHints":{"allow":["GET"]}}],"collection":[{"href":"https:\/\/www.welovecycling.com\/sk\/wp-json\/wp\/v2\/posts"}],"about":[{"href":"https:\/\/www.welovecycling.com\/sk\/wp-json\/wp\/v2\/types\/post"}],"author":[{"embeddable":true,"href":"https:\/\/www.welovecycling.com\/sk\/wp-json\/wp\/v2\/users\/81"}],"replies":[{"embeddable":true,"href":"https:\/\/www.welovecycling.com\/sk\/wp-json\/wp\/v2\/comments?post=13506"}],"version-history":[{"count":2,"href":"https:\/\/www.welovecycling.com\/sk\/wp-json\/wp\/v2\/posts\/13506\/revisions"}],"predecessor-version":[{"id":13516,"href":"https:\/\/www.welovecycling.com\/sk\/wp-json\/wp\/v2\/posts\/13506\/revisions\/13516"}],"wp:featuredmedia":[{"embeddable":true,"href":"https:\/\/www.welovecycling.com\/sk\/wp-json\/wp\/v2\/media\/13518"}],"wp:attachment":[{"href":"https:\/\/www.welovecycling.com\/sk\/wp-json\/wp\/v2\/media?parent=13506"}],"wp:term":[{"taxonomy":"category","embeddable":true,"href":"https:\/\/www.welovecycling.com\/sk\/wp-json\/wp\/v2\/categories?post=13506"},{"taxonomy":"post_tag","embeddable":true,"href":"https:\/\/www.welovecycling.com\/sk\/wp-json\/wp\/v2\/tags?post=13506"},{"taxonomy":"global-categories","embeddable":true,"href":"https:\/\/www.welovecycling.com\/sk\/wp-json\/wp\/v2\/global-categories?post=13506"}],"curies":[{"name":"wp","href":"https:\/\/api.w.org\/{rel}","templated":true}]}}