{"id":13468,"date":"2021-12-13T10:00:07","date_gmt":"2021-12-13T09:00:07","guid":{"rendered":"https:\/\/www.welovecycling.com\/sk\/?p=13468"},"modified":"2021-12-13T09:11:41","modified_gmt":"2021-12-13T08:11:41","slug":"8-tipov-na-vianocne-darceky-pre-cyklistov","status":"publish","type":"post","link":"https:\/\/www.welovecycling.com\/sk\/2021\/12\/13\/8-tipov-na-vianocne-darceky-pre-cyklistov\/","title":{"rendered":"8 tipov na viano\u010dn\u00e9 dar\u010deky pre cyklistov"},"content":{"rendered":"<p><strong>V\u00e4\u010d\u0161ina z\u00a0n\u00e1s sa u\u017e od detstva te\u0161ila na Vianoce a\u00a0s\u00a0t\u00fdm spojen\u00e9 dar\u010deky. Je v\u0161ak pravdou, \u017ee postupom \u010dasu sa t\u00e1 rados\u0165 trochu zmen\u0161ovala, preto\u017ee\u00a0potom, ako dosiahli dospelos\u0165, sa z\u00a0t\u00fdchto sviatkov st\u00e1va obdobie zhonu a\u00a0zh\u00e1\u0148ania dar\u010dekov. \u010casto a\u017e na posledn\u00fa chv\u00ed\u013eu. Aby sme v\u00e1m pomohli tento stres u\u013eah\u010di\u0165, vybrali sme pre v\u00e1s nieko\u013eko tipov, ktor\u00fdmi by ste mohli obdarova\u0165 cyklistov vo va\u0161om okol\u00ed \u010di va\u0161ej rodine.<\/strong><!--more--><\/p>\n<h2><strong>1. K\u013abov\u00e1 v\u00fd\u017eiva<\/strong><\/h2>\n<p>Po n\u00e1ro\u010dnej \u0161portovej sez\u00f3ne treba dopria\u0165 telu oddych a\u00a0poriadne zregenerova\u0165. <strong>A\u00a0v\u00fdborn\u00fdm doplnok pre ka\u017ed\u00e9ho cyklistu je komplexn\u00e1 k\u013abov\u00e1 v\u00fd\u017eiva.<\/strong> Glukozam\u00edn sulf\u00e1t a chondroit\u00edn sulf\u00e1t napom\u00e1haj\u00fa obnove chrupaviek. Kolag\u00e9nov\u00e9 peptidy zabezpe\u010dia pevnos\u0165 k\u013abov a\u00a0\u0161liach no a\u00a0vitam\u00edn C, v\u00e1pnik a\u00a0hor\u010d\u00edk s\u00fa ako bonus navy\u0161e pre va\u0161e telo. <a href=\"https:\/\/www.kompava.sk\/klbova-vyziva-gelo-3-complex\" rel=\"noopener\" target=\"_blank\">V\u00fd\u017eiva<\/a> je vo forme pr\u00e1\u0161ku a\u00a0priprav\u00edte si ju ako chutn\u00fd n\u00e1poj. Balenie v\u00e1m vysta\u010d\u00ed pribli\u017ene na 30 d\u00e1vok.<\/p>\n<p><a href=\"https:\/\/d2p6e6u75xmxt8.cloudfront.net\/4\/2021\/12\/01.png\"><img loading=\"lazy\" decoding=\"async\" src=\"https:\/\/d2p6e6u75xmxt8.cloudfront.net\/4\/2021\/12\/01.png\" alt=\"\" width=\"1200\" height=\"800\" class=\"alignnone size-full wp-image-13479\" \/><\/a><\/p>\n<h2><strong>2. Mikina Neskrotn\u00e1<\/strong><\/h2>\n<p>Ka\u017ed\u00e1 bikerka je svoj\u00edm sp\u00f4sobom &#8222;neskrotn\u00e1&#8220;, preto\u017ee ke\u010f jej po\u010das jazdy na bicykli vietor zaf\u00faka do vlasov, objav\u00ed v\u00a0sebe netu\u0161en\u00e9 mo\u017enosti. A\u00a0to je d\u00f4vod, pre\u010do to da\u0165 o\u00a0sebe vedie\u0165 napr\u00edklad aj vkusn\u00fdm n\u00e1pisom na mikine. No a\u00a0<a href=\"https:\/\/lubene.sk\/mikinaneskrotna\/\" rel=\"noopener\" target=\"_blank\">mikinu<\/a> po\u010das zimy ur\u010dite vyu\u017eijete na zimn\u00fdch v\u00fdletoch za snehom, alebo ak m\u00e1te radi teplo, tak po\u010das chladn\u00fdch dn\u00ed doma. <strong>Vyroben\u00e1 je z\u00a0organickej bavlny, tak\u017ee je pr\u00edjemn\u00e1 na telo.<\/strong><\/p>\n<p><a href=\"https:\/\/d2p6e6u75xmxt8.cloudfront.net\/4\/2021\/12\/02.png\"><img loading=\"lazy\" decoding=\"async\" src=\"https:\/\/d2p6e6u75xmxt8.cloudfront.net\/4\/2021\/12\/02.png\" alt=\"\" width=\"1200\" height=\"800\" class=\"alignnone size-full wp-image-13480\" \/><\/a><\/p>\n<h2><strong>3. Najkraj\u0161ie cyklovrcholy<\/strong><\/h2>\n<p>Ak\u00e9 by to boli Vianoce bez knihy? A\u00a0my sme pre v\u00e1s vybrali rovno dve. <a href=\"https:\/\/dajamabooks.sk\/produkt\/najkrajsie-cyklovrcholy\/\" rel=\"noopener\" target=\"_blank\">Najkraj\u0161ie cyklovrcholy 1. diel<\/a> a <a href=\"https:\/\/dajamabooks.sk\/produkt\/najkrajsie-cyklovrcholy-2-diel\/\" rel=\"noopener\" target=\"_blank\">Najkraj\u0161ie cyklookruhy 2. diel<\/a> v\u00e1s zaru\u010dene nenechaj\u00fa chladn\u00fdmi a\u00a0<strong>u\u017e v\u00a0marci budete ma\u0165 chu\u0165 vyrazi\u0165 na niektor\u00fd z\u00a0odpor\u00fa\u010dan\u00fdch vrcholov na Slovensku<\/strong>. V\u00a0ka\u017edom z\u00a0dielov sa autor pozrel na 25 z\u00a0nich a\u00a0okrem mno\u017estva fotografi\u00ed v\u00a0knih\u00e1ch n\u00e1jdete aj mapy, profily tr\u00e1s a\u00a0navy\u0161e aj miestne zauj\u00edmavosti a\u00a0pr\u00edpadne tipy na v\u00fdlety v\u00a0okol\u00ed.<\/p>\n<p><a href=\"https:\/\/d2p6e6u75xmxt8.cloudfront.net\/4\/2021\/12\/Dajama.jpg\"><img loading=\"lazy\" decoding=\"async\" src=\"https:\/\/d2p6e6u75xmxt8.cloudfront.net\/4\/2021\/12\/Dajama.jpg\" alt=\"\" width=\"1200\" height=\"800\" class=\"alignnone size-full wp-image-13494\" \/><\/a><\/p>\n<h2><strong>4. Ko\u017een\u00e1 pe\u0148a\u017eenka<\/strong><\/h2>\n<p>Pe\u0148a\u017eenka je jedn\u00fdm z\u00a0tradi\u010dn\u00fdch viano\u010dn\u00fdch dar\u010dekov, hne\u010f ved\u013ea pono\u017eiek. A\u00a0viete pre\u010do je to tak? Lebo be\u017en\u00e9 pe\u0148a\u017eenky nevydr\u017eia denn\u00e9 nosenie a\u00a0po roku s\u00fa vhodn\u00e9 tak akur\u00e1t na v\u00fdmenu. A\u00a0pr\u00e1ve preto sme vybrali <a href=\"https:\/\/www.sashe.sk\/Amalia\/detail\/penazenka..-panska-hneda-6\" rel=\"noopener\" target=\"_blank\">kvalitn\u00fa ko\u017een\u00fa pe\u0148a\u017eenku<\/a> od slovensk\u00e9ho v\u00fdrobcu. Pe\u0148a\u017eenka je ru\u010dne u\u0161it\u00e1 z\u00a0pevn\u00fdch hov\u00e4dz\u00edch ko\u017e\u00ed a\u00a0t\u00e1to v\u00e1m zaru\u010dene vydr\u017e\u00ed ove\u013ea dlh\u0161ie. Okrem toho z nej\u00a0budete ma\u0165 rados\u0165 pri ka\u017edom pou\u017eit\u00ed, preto\u017ee <strong>v\u00fdrobca si dal z\u00e1le\u017ea\u0165 na ka\u017edom detaile<\/strong>.<\/p>\n<p><a href=\"https:\/\/d2p6e6u75xmxt8.cloudfront.net\/4\/2021\/12\/04.jpg\"><img loading=\"lazy\" decoding=\"async\" src=\"https:\/\/d2p6e6u75xmxt8.cloudfront.net\/4\/2021\/12\/04.jpg\" alt=\"\" width=\"1200\" height=\"800\" class=\"alignnone size-full wp-image-13482\" \/><\/a><\/p>\n<h2><strong>5. Cyklistick\u00e1 prilba<\/strong><\/h2>\n<p>Prilba by sa po nejakom \u010dase mala vymeni\u0165, preto\u017ee p\u00f4sobenie pr\u00edrodn\u00fdch \u017eivlov ako slnko, vietor \u010di voda zhor\u0161uje funk\u010dnos\u0165 materi\u00e1lov pou\u017eit\u00fdch pri v\u00fdrobe. A\u00a0v\u00a0tom momente pre v\u00e1s u\u017e va\u0161a star\u00e1 prilba nemus\u00ed by\u0165 bezpe\u010dn\u00e1. <strong>A\u00a0preto je dobr\u00e9 \u010das od \u010dasu prilbu vymeni\u0165.<\/strong> Mo\u017eno je na to t\u00e1 prav\u00e1 chv\u00ed\u013ea pr\u00e1ve v\u00a0tieto Vianoce. Vybrali sme <a href=\"https:\/\/www.mtbiker.sk\/shop\/prilby\/cestne-prilby\/briko-cyklisticka-prilba-kiso-cierno-cervena.html\" rel=\"noopener\" target=\"_blank\">kvalitn\u00fa prilbu<\/a> od talianskeho v\u00fdrobcu Briko, ktor\u00fd bol v\u00a0osemdesiatich rokoch zn\u00e1my ako v\u00fdrobca ly\u017eiarskych doplnkov, av\u0161ak dnes je ob\u013e\u00faben\u00fd aj vo svete cyklistiky.<\/p>\n<p><a href=\"https:\/\/d2p6e6u75xmxt8.cloudfront.net\/4\/2021\/12\/05.jpg\"><img loading=\"lazy\" decoding=\"async\" src=\"https:\/\/d2p6e6u75xmxt8.cloudfront.net\/4\/2021\/12\/05.jpg\" alt=\"\" width=\"1200\" height=\"800\" class=\"alignnone size-full wp-image-13483\" \/><\/a><\/p>\n<h2><strong>6. Merino deka<\/strong><\/h2>\n<p>Je jedno ak\u00e9mu zimn\u00e9mu \u0161portu ste sa venovali cel\u00fd de\u0148, no je ist\u00e9, \u017ee ve\u010der si radi doprajete kvalitn\u00fd oddych v\u00a0teple. A\u00a0\u010do in\u00e9 je synonymom tepla ako ob\u013e\u00faben\u00e1 deka. A\u00a0pr\u00e1ve preto odpor\u00fa\u010dame <a href=\"https:\/\/www.blackhilloutdoor.sk\/p\/merino-deka-warmi-zelena\" rel=\"noopener\" target=\"_blank\">deku vyroben\u00fa z\u00a0merino vlny<\/a>. Deka je obojstrann\u00e1 a\u00a0nemus\u00edte sa ob\u00e1va\u0165 \u017ee by \u0161kriabala. <strong>Naopak je na dotyk hebk\u00e1 a\u00a0ako je zn\u00e1me, merino m\u00e1 schopnos\u0165 spr\u00e1vne regulova\u0165 va\u0161u telesn\u00fa teplotu<\/strong>, \u010do je ide\u00e1lne pre dokonal\u00fd oddych a\u00a0kvalitn\u00fd sp\u00e1nok. <\/p>\n<p><a href=\"https:\/\/d2p6e6u75xmxt8.cloudfront.net\/4\/2021\/12\/06.jpg\"><img loading=\"lazy\" decoding=\"async\" src=\"https:\/\/d2p6e6u75xmxt8.cloudfront.net\/4\/2021\/12\/06.jpg\" alt=\"\" width=\"1200\" height=\"800\" class=\"alignnone size-full wp-image-13484\" \/><\/a><\/p>\n<div class=\"shortcode-ys-post-pinup\"><article class=\"loop-simple post-13361 post type-post status-publish format-standard has-post-thumbnail hentry category-odporucame tag-bezpecna-jazda tag-bicyklovanie tag-bicyklovanie-v-zime tag-cestna-cyklistika tag-horska-cyklistika tag-jazdenie tag-merino-vlna tag-navleky tag-odporucame tag-rukavice tag-shimano tag-sneh tag-zima tag-zimne-tretry\" data-postid=\"13361\" role=\"article\" data-post-id=\"13361\" data-word-count=\"932\" data-headline-length=\"74\" data-category=\"Odpor\u00fa\u010dame\" data-author=\"Andrea Champredonde\" data-published=\"2021-11-22T10:00:50+01:00\" data-published-day=\"Monday\">\n    <div class=\"entry-thumbnail article-thumbnail\" content=\"https:\/\/d2p6e6u75xmxt8.cloudfront.net\/4\/2021\/11\/Winter-cycling-profimedia-0637204060-CVR-150x150.webp\"><a href=\"https:\/\/www.welovecycling.com\/sk\/2021\/11\/22\/najlepsie-tipy-ako-si-udrzat-ruky-a-nohy-v-teple-pri-zimnej-cyklistike\/\" class=\"image-holder\" target=\"_self\"><img decoding=\"async\" loading=\"lazy\" class=\"\" src=\"https:\/\/d2p6e6u75xmxt8.cloudfront.net\/4\/2021\/11\/Winter-cycling-profimedia-0637204060-CVR-1024x450.webp\" srcset=\"https:\/\/d2p6e6u75xmxt8.cloudfront.net\/4\/2021\/11\/Winter-cycling-profimedia-0637204060-CVR.webp 1366w, https:\/\/d2p6e6u75xmxt8.cloudfront.net\/4\/2021\/11\/Winter-cycling-profimedia-0637204060-CVR-300x132.webp 300w, https:\/\/d2p6e6u75xmxt8.cloudfront.net\/4\/2021\/11\/Winter-cycling-profimedia-0637204060-CVR-1024x450.webp 1024w, https:\/\/d2p6e6u75xmxt8.cloudfront.net\/4\/2021\/11\/Winter-cycling-profimedia-0637204060-CVR-768x337.webp 768w\" width=\"1024\" height=\"450\" sizes=\"auto, (min-width: 1200px) 456px, (min-width: 768px) 38vw, 100vw\" alt=\"najlepsie-tipy-ako-si-udrzat-ruky-a-nohy-v-teple-pri-zimnej-cyklistike\"\/><\/a><\/div>    <div class=\"entry-meta\">\n        <a class=\"label label-secondary post-category\" href=\"https:\/\/www.welovecycling.com\/sk\/category\/odporucame\/\" title=\"Odpor\u00fa\u010dame\">Odpor\u00fa\u010dame<\/a>\n    <\/div>\n    <div class=\"entry-details\">\n        <a href=\"https:\/\/www.welovecycling.com\/sk\/2021\/11\/22\/najlepsie-tipy-ako-si-udrzat-ruky-a-nohy-v-teple-pri-zimnej-cyklistike\/\" class='entry-title-wrapper'>\n            <h3 class=\"entry-title\"><span>Najlep\u0161ie tipy, ako si udr\u017ea\u0165 ruky a nohy v teple pri zimnej cyklistike<\/span><\/h3>\n        <\/a>\n    <\/div>\n    <\/article>\n<\/div>\n<h2><strong>7. Cyklokomiks<\/strong><\/h2>\n<p>Jednu knihu sme tu u\u017e mali, ale ak ste v\u00e1\u0161niv\u00fd \u010ditate\u013e tak uzn\u00e1te, \u017ee kn\u00edh nie je nikdy dos\u0165. No a\u00a0ke\u010f kniha, tak o\u00a0cyklistike. Tentokr\u00e1t to v\u0161ak nebude nejak\u00e9 n\u00e1ro\u010dn\u00e9 \u010d\u00edtanie na dlh\u00e9 zimn\u00e9 ve\u010dery, ale <a href=\"https:\/\/www.martinus.sk\/?uItem=589473\" rel=\"noopener\" target=\"_blank\">z\u00e1bavn\u00fd komiks<\/a>, s\u00a0ktor\u00fdm <strong>str\u00e1vite vesel\u00e9 chv\u00edle a\u00a0ponech\u00e1 v\u00e1m \u00fasmev na tv\u00e1ri e\u0161te dlho<\/strong>. Pozrite sa na humorn\u00fa str\u00e1nku tak\u00fdch nepr\u00edjemn\u00fdch vec\u00ed, ako je napr\u00edklad blato na tv\u00e1ri po da\u017edivom v\u00fdjazde, alebo ak\u00e9 ve\u013ek\u00e9 rozmery m\u00f4\u017ee dosiahnu\u0165 \u0161atn\u00edk cyklistu.<\/p>\n<p><a href=\"https:\/\/d2p6e6u75xmxt8.cloudfront.net\/4\/2021\/12\/3af75882812942b4e782530ddf8602f0-mmf1000x1000.jpg\"><img loading=\"lazy\" decoding=\"async\" src=\"https:\/\/d2p6e6u75xmxt8.cloudfront.net\/4\/2021\/12\/3af75882812942b4e782530ddf8602f0-mmf1000x1000.jpg\" alt=\"\" width=\"1200\" height=\"800\" class=\"alignnone size-full wp-image-13492\" \/><\/a><\/p>\n<h2><strong>8. Model bicykla na lepenie<\/strong><\/h2>\n<p>Nesmieme zab\u00fada\u0165 ani na deti. Ak m\u00e1te svoje vlastn\u00e9 deti alebo s\u00fa to deti vo vzdialenej\u0161ej rodine, <strong>dobre podchyt\u00edte ich nad\u0161enie pre cyklistiku aj vhodn\u00fdm dar\u010dekom<\/strong>. <a href=\"https:\/\/www.hobbymodel.sk\/ostatne-3\/plastovy-model-bicykel-mpc-0915-schwinn-10-speed-continental-1-8\/\" rel=\"noopener\" target=\"_blank\">Model bicykla<\/a> si postavia na stol\u00edk \u010di poli\u010dku a bude im po\u010das cel\u00e9ho roka pripom\u00edna\u0165 t\u00fato skvel\u00fa z\u00e1\u013eubu. A\u00a0navy\u0161e s\u00a0t\u00fdmto modelom str\u00e1via zop\u00e1r pekn\u00fdch chv\u00ed\u013e, pok\u00fdm model poskladaj\u00fa a\u00a0zlepia, \u010d\u00edm si potr\u00e9nuj\u00fa svoju zru\u010dnos\u0165.<\/p>\n<p><a href=\"https:\/\/d2p6e6u75xmxt8.cloudfront.net\/4\/2021\/12\/08.jpg\"><img loading=\"lazy\" decoding=\"async\" src=\"https:\/\/d2p6e6u75xmxt8.cloudfront.net\/4\/2021\/12\/08.jpg\" alt=\"\" width=\"1200\" height=\"800\" class=\"alignnone size-full wp-image-13486\" \/><\/a><\/p>\n","protected":false},"excerpt":{"rendered":"<p>V\u00e4\u010d\u0161ina z\u00a0n\u00e1s sa u\u017e od detstva te\u0161ila na Vianoce a\u00a0s\u00a0t\u00fdm spojen\u00e9 dar\u010deky. Je v\u0161ak pravdou, \u017ee postupom \u010dasu sa t\u00e1 [&hellip;]<\/p>\n","protected":false},"author":81,"featured_media":13504,"comment_status":"open","ping_status":"open","sticky":false,"template":"","format":"standard","meta":{"footnotes":""},"categories":[52],"tags":[115,345,1417,180,666,664,1408,600,669,215,931,264,344,44,475,317],"global-categories":[1074],"class_list":["post-13468","post","type-post","status-publish","format-standard","has-post-thumbnail","hentry","category-nakupny-poradca","tag-cestna-cyklistika","tag-darceky","tag-deka","tag-horska-cyklistika","tag-kniha","tag-kompava","tag-merino-vlna","tag-muzi","tag-nakup","tag-nakupny-poradca","tag-odporucame","tag-prilba","tag-vianoce","tag-vyziva","tag-zeny","tag-zima","global-categories-cycling"],"yoast_head":"<!-- This site is optimized with the Yoast SEO Premium plugin v25.3 (Yoast SEO v25.9) - https:\/\/yoast.com\/wordpress\/plugins\/seo\/ -->\n<title>8 tipov na viano\u010dn\u00e9 dar\u010deky pre cyklistov - \u0160koda We Love Cycling Slovensko<\/title>\n<meta name=\"description\" content=\"V\u00e4\u010d\u0161ina z\u00a0n\u00e1s sa u\u017e od detstva te\u0161ila na Vianoce. Vybrali sme pre v\u00e1s 8 tipov na viano\u010dn\u00e9 dar\u010deky pre cyklistov.\" \/>\n<meta name=\"robots\" content=\"index, follow, max-snippet:-1, max-image-preview:large, max-video-preview:-1\" \/>\n<link rel=\"canonical\" href=\"https:\/\/www.welovecycling.com\/sk\/2021\/12\/13\/8-tipov-na-vianocne-darceky-pre-cyklistov\/\" \/>\n<meta property=\"og:locale\" content=\"sk_SK\" \/>\n<meta property=\"og:type\" content=\"article\" \/>\n<meta property=\"og:title\" content=\"8 tipov na viano\u010dn\u00e9 dar\u010deky pre cyklistov\" \/>\n<meta property=\"og:description\" content=\"V\u00e4\u010d\u0161ina z\u00a0n\u00e1s sa u\u017e od detstva te\u0161ila na Vianoce. Vybrali sme pre v\u00e1s 8 tipov na viano\u010dn\u00e9 dar\u010deky pre cyklistov.\" \/>\n<meta property=\"og:url\" content=\"https:\/\/www.welovecycling.com\/sk\/2021\/12\/13\/8-tipov-na-vianocne-darceky-pre-cyklistov\/\" \/>\n<meta property=\"og:site_name\" content=\"\u0160koda We Love Cycling Slovensko\" \/>\n<meta property=\"article:published_time\" content=\"2021-12-13T09:00:07+00:00\" \/>\n<meta property=\"og:image\" content=\"https:\/\/d2p6e6u75xmxt8.cloudfront.net\/4\/2021\/12\/01.webp\" \/>\n\t<meta property=\"og:image:width\" content=\"1380\" \/>\n\t<meta property=\"og:image:height\" content=\"600\" \/>\n\t<meta property=\"og:image:type\" content=\"image\/webp\" \/>\n<meta name=\"twitter:card\" content=\"summary_large_image\" \/>\n<meta name=\"twitter:label1\" content=\"Written by\" \/>\n\t<meta name=\"twitter:data1\" content=\"Andrea Champredonde\" \/>\n\t<meta name=\"twitter:label2\" content=\"Est. reading time\" \/>\n\t<meta name=\"twitter:data2\" content=\"7\" \/>\n<script type=\"application\/ld+json\" class=\"yoast-schema-graph\">{\"@context\":\"https:\/\/schema.org\",\"@graph\":[{\"@type\":\"WebPage\",\"@id\":\"https:\/\/www.welovecycling.com\/sk\/2021\/12\/13\/8-tipov-na-vianocne-darceky-pre-cyklistov\/\",\"url\":\"https:\/\/www.welovecycling.com\/sk\/2021\/12\/13\/8-tipov-na-vianocne-darceky-pre-cyklistov\/\",\"name\":\"8 tipov na viano\u010dn\u00e9 dar\u010deky pre cyklistov - \u0160koda We Love Cycling Slovensko\",\"isPartOf\":{\"@id\":\"https:\/\/www.welovecycling.com\/sk\/#website\"},\"primaryImageOfPage\":{\"@id\":\"https:\/\/www.welovecycling.com\/sk\/2021\/12\/13\/8-tipov-na-vianocne-darceky-pre-cyklistov\/#primaryimage\"},\"image\":{\"@id\":\"https:\/\/www.welovecycling.com\/sk\/2021\/12\/13\/8-tipov-na-vianocne-darceky-pre-cyklistov\/#primaryimage\"},\"thumbnailUrl\":\"https:\/\/d2p6e6u75xmxt8.cloudfront.net\/4\/2021\/12\/01.webp\",\"datePublished\":\"2021-12-13T09:00:07+00:00\",\"author\":{\"@id\":\"\"},\"description\":\"V\u00e4\u010d\u0161ina z\u00a0n\u00e1s sa u\u017e od detstva te\u0161ila na Vianoce. Vybrali sme pre v\u00e1s 8 tipov na viano\u010dn\u00e9 dar\u010deky pre cyklistov.\",\"breadcrumb\":{\"@id\":\"https:\/\/www.welovecycling.com\/sk\/2021\/12\/13\/8-tipov-na-vianocne-darceky-pre-cyklistov\/#breadcrumb\"},\"inLanguage\":\"sk-SK\",\"potentialAction\":[{\"@type\":\"ReadAction\",\"target\":[\"https:\/\/www.welovecycling.com\/sk\/2021\/12\/13\/8-tipov-na-vianocne-darceky-pre-cyklistov\/\"]}]},{\"@type\":\"ImageObject\",\"inLanguage\":\"sk-SK\",\"@id\":\"https:\/\/www.welovecycling.com\/sk\/2021\/12\/13\/8-tipov-na-vianocne-darceky-pre-cyklistov\/#primaryimage\",\"url\":\"https:\/\/d2p6e6u75xmxt8.cloudfront.net\/4\/2021\/12\/01.webp\",\"contentUrl\":\"https:\/\/d2p6e6u75xmxt8.cloudfront.net\/4\/2021\/12\/01.webp\",\"width\":1380,\"height\":600},{\"@type\":\"BreadcrumbList\",\"@id\":\"https:\/\/www.welovecycling.com\/sk\/2021\/12\/13\/8-tipov-na-vianocne-darceky-pre-cyklistov\/#breadcrumb\",\"itemListElement\":[{\"@type\":\"ListItem\",\"position\":1,\"name\":\"Home\",\"item\":\"https:\/\/www.welovecycling.com\/sk\/\"},{\"@type\":\"ListItem\",\"position\":2,\"name\":\"8 tipov na viano\u010dn\u00e9 dar\u010deky pre cyklistov\"}]},{\"@type\":\"WebSite\",\"@id\":\"https:\/\/www.welovecycling.com\/sk\/#website\",\"url\":\"https:\/\/www.welovecycling.com\/sk\/\",\"name\":\"\u0160koda We Love Cycling Slovensko\",\"description\":\"\u0160koda We Love Cycling Slovensko je v\u00e1\u0161 ka\u017edodenn\u00fd zdroj noviniek a in\u0161pir\u00e1cie z sveta cyklistiky\",\"potentialAction\":[{\"@type\":\"SearchAction\",\"target\":{\"@type\":\"EntryPoint\",\"urlTemplate\":\"https:\/\/www.welovecycling.com\/sk\/?s={search_term_string}\"},\"query-input\":{\"@type\":\"PropertyValueSpecification\",\"valueRequired\":true,\"valueName\":\"search_term_string\"}}],\"inLanguage\":\"sk-SK\"},{\"@type\":\"Person\",\"@id\":\"\",\"url\":\"https:\/\/www.welovecycling.com\/sk\/author\/\"}]}<\/script>\n<!-- \/ Yoast SEO Premium plugin. -->","yoast_head_json":{"title":"8 tipov na viano\u010dn\u00e9 dar\u010deky pre cyklistov - \u0160koda We Love Cycling Slovensko","description":"V\u00e4\u010d\u0161ina z\u00a0n\u00e1s sa u\u017e od detstva te\u0161ila na Vianoce. Vybrali sme pre v\u00e1s 8 tipov na viano\u010dn\u00e9 dar\u010deky pre cyklistov.","robots":{"index":"index","follow":"follow","max-snippet":"max-snippet:-1","max-image-preview":"max-image-preview:large","max-video-preview":"max-video-preview:-1"},"canonical":"https:\/\/www.welovecycling.com\/sk\/2021\/12\/13\/8-tipov-na-vianocne-darceky-pre-cyklistov\/","og_locale":"sk_SK","og_type":"article","og_title":"8 tipov na viano\u010dn\u00e9 dar\u010deky pre cyklistov","og_description":"V\u00e4\u010d\u0161ina z\u00a0n\u00e1s sa u\u017e od detstva te\u0161ila na Vianoce. Vybrali sme pre v\u00e1s 8 tipov na viano\u010dn\u00e9 dar\u010deky pre cyklistov.","og_url":"https:\/\/www.welovecycling.com\/sk\/2021\/12\/13\/8-tipov-na-vianocne-darceky-pre-cyklistov\/","og_site_name":"\u0160koda We Love Cycling Slovensko","article_published_time":"2021-12-13T09:00:07+00:00","og_image":[{"width":1380,"height":600,"url":"https:\/\/d2p6e6u75xmxt8.cloudfront.net\/4\/2021\/12\/01.webp","type":"image\/webp"}],"twitter_card":"summary_large_image","twitter_misc":{"Written by":"Andrea Champredonde","Est. reading time":"7"},"schema":{"@context":"https:\/\/schema.org","@graph":[{"@type":"WebPage","@id":"https:\/\/www.welovecycling.com\/sk\/2021\/12\/13\/8-tipov-na-vianocne-darceky-pre-cyklistov\/","url":"https:\/\/www.welovecycling.com\/sk\/2021\/12\/13\/8-tipov-na-vianocne-darceky-pre-cyklistov\/","name":"8 tipov na viano\u010dn\u00e9 dar\u010deky pre cyklistov - \u0160koda We Love Cycling Slovensko","isPartOf":{"@id":"https:\/\/www.welovecycling.com\/sk\/#website"},"primaryImageOfPage":{"@id":"https:\/\/www.welovecycling.com\/sk\/2021\/12\/13\/8-tipov-na-vianocne-darceky-pre-cyklistov\/#primaryimage"},"image":{"@id":"https:\/\/www.welovecycling.com\/sk\/2021\/12\/13\/8-tipov-na-vianocne-darceky-pre-cyklistov\/#primaryimage"},"thumbnailUrl":"https:\/\/d2p6e6u75xmxt8.cloudfront.net\/4\/2021\/12\/01.webp","datePublished":"2021-12-13T09:00:07+00:00","author":{"@id":""},"description":"V\u00e4\u010d\u0161ina z\u00a0n\u00e1s sa u\u017e od detstva te\u0161ila na Vianoce. Vybrali sme pre v\u00e1s 8 tipov na viano\u010dn\u00e9 dar\u010deky pre cyklistov.","breadcrumb":{"@id":"https:\/\/www.welovecycling.com\/sk\/2021\/12\/13\/8-tipov-na-vianocne-darceky-pre-cyklistov\/#breadcrumb"},"inLanguage":"sk-SK","potentialAction":[{"@type":"ReadAction","target":["https:\/\/www.welovecycling.com\/sk\/2021\/12\/13\/8-tipov-na-vianocne-darceky-pre-cyklistov\/"]}]},{"@type":"ImageObject","inLanguage":"sk-SK","@id":"https:\/\/www.welovecycling.com\/sk\/2021\/12\/13\/8-tipov-na-vianocne-darceky-pre-cyklistov\/#primaryimage","url":"https:\/\/d2p6e6u75xmxt8.cloudfront.net\/4\/2021\/12\/01.webp","contentUrl":"https:\/\/d2p6e6u75xmxt8.cloudfront.net\/4\/2021\/12\/01.webp","width":1380,"height":600},{"@type":"BreadcrumbList","@id":"https:\/\/www.welovecycling.com\/sk\/2021\/12\/13\/8-tipov-na-vianocne-darceky-pre-cyklistov\/#breadcrumb","itemListElement":[{"@type":"ListItem","position":1,"name":"Home","item":"https:\/\/www.welovecycling.com\/sk\/"},{"@type":"ListItem","position":2,"name":"8 tipov na viano\u010dn\u00e9 dar\u010deky pre cyklistov"}]},{"@type":"WebSite","@id":"https:\/\/www.welovecycling.com\/sk\/#website","url":"https:\/\/www.welovecycling.com\/sk\/","name":"\u0160koda We Love Cycling Slovensko","description":"\u0160koda We Love Cycling Slovensko je v\u00e1\u0161 ka\u017edodenn\u00fd zdroj noviniek a in\u0161pir\u00e1cie z sveta cyklistiky","potentialAction":[{"@type":"SearchAction","target":{"@type":"EntryPoint","urlTemplate":"https:\/\/www.welovecycling.com\/sk\/?s={search_term_string}"},"query-input":{"@type":"PropertyValueSpecification","valueRequired":true,"valueName":"search_term_string"}}],"inLanguage":"sk-SK"},{"@type":"Person","@id":"","url":"https:\/\/www.welovecycling.com\/sk\/author\/"}]}},"_links":{"self":[{"href":"https:\/\/www.welovecycling.com\/sk\/wp-json\/wp\/v2\/posts\/13468","targetHints":{"allow":["GET"]}}],"collection":[{"href":"https:\/\/www.welovecycling.com\/sk\/wp-json\/wp\/v2\/posts"}],"about":[{"href":"https:\/\/www.welovecycling.com\/sk\/wp-json\/wp\/v2\/types\/post"}],"author":[{"embeddable":true,"href":"https:\/\/www.welovecycling.com\/sk\/wp-json\/wp\/v2\/users\/81"}],"replies":[{"embeddable":true,"href":"https:\/\/www.welovecycling.com\/sk\/wp-json\/wp\/v2\/comments?post=13468"}],"version-history":[{"count":2,"href":"https:\/\/www.welovecycling.com\/sk\/wp-json\/wp\/v2\/posts\/13468\/revisions"}],"predecessor-version":[{"id":13497,"href":"https:\/\/www.welovecycling.com\/sk\/wp-json\/wp\/v2\/posts\/13468\/revisions\/13497"}],"wp:featuredmedia":[{"embeddable":true,"href":"https:\/\/www.welovecycling.com\/sk\/wp-json\/wp\/v2\/media\/13504"}],"wp:attachment":[{"href":"https:\/\/www.welovecycling.com\/sk\/wp-json\/wp\/v2\/media?parent=13468"}],"wp:term":[{"taxonomy":"category","embeddable":true,"href":"https:\/\/www.welovecycling.com\/sk\/wp-json\/wp\/v2\/categories?post=13468"},{"taxonomy":"post_tag","embeddable":true,"href":"https:\/\/www.welovecycling.com\/sk\/wp-json\/wp\/v2\/tags?post=13468"},{"taxonomy":"global-categories","embeddable":true,"href":"https:\/\/www.welovecycling.com\/sk\/wp-json\/wp\/v2\/global-categories?post=13468"}],"curies":[{"name":"wp","href":"https:\/\/api.w.org\/{rel}","templated":true}]}}