{"id":13447,"date":"2021-12-10T10:00:37","date_gmt":"2021-12-10T09:00:37","guid":{"rendered":"https:\/\/www.welovecycling.com\/sk\/?p=13447"},"modified":"2021-12-10T20:57:30","modified_gmt":"2021-12-10T19:57:30","slug":"co-robia-profesionalni-cyklisti-mimo-sezony","status":"publish","type":"post","link":"https:\/\/www.welovecycling.com\/sk\/2021\/12\/10\/co-robia-profesionalni-cyklisti-mimo-sezony\/","title":{"rendered":"\u010co robia profesion\u00e1lni cyklisti mimo sez\u00f3ny?"},"content":{"rendered":"<p><strong>Vo\u013eno je pre n\u00e1s v\u0161etk\u00fdch vz\u00e1cne, no pre profesion\u00e1lnych cyklistov je t\u00fdch p\u00e1r t\u00fd\u017ed\u0148ov v okt\u00f3bri a novembri ako zlat\u00fd prach. Je \u010das odlo\u017ei\u0165 bicykel (pre v\u00e4\u010d\u0161inu) a odd\u00fdchnu\u0165 si, vysk\u00fa\u0161a\u0165 nie\u010do nov\u00e9 alebo sa len pozera\u0165 do steny a \u010daka\u0165, k\u00fdm sa op\u00e4\u0165 posad\u00edte do sedla.<\/strong><\/p>\n<p><!--more--><\/p>\n<p>V tomto \u010dl\u00e1nku si uk\u00e1\u017eeme niektor\u00e9 z najlep\u0161\u00edch momentov za posledn\u00fd mesiac, v ktorom si profi pelot\u00f3n dal na chv\u00ed\u013eu vo\u013eno a u\u017e\u00edval si. Preto\u017ee bu\u010fme \u00faprimn\u00ed, t\u00edto cyklisti si to zasl\u00fa\u017eia.<\/p>\n<h2><strong>Adam Yates a jeho marat\u00f3nsky \u010das<\/strong><\/h2>\n<p>Dobre, m\u00e1te pravdu, len pred dvoma odsekmi sme spomenuli jazdcov, ktor\u00ed si vylo\u017eia nohy hore a odpo\u010d\u00edvaj\u00fa mimo sez\u00f3nu. Zd\u00e1 sa, \u017ee k Adamovi Yatesovi sa t\u00e1to inform\u00e1cia nedostala. Namiesto toho, aby sa uvelebil pri krbe a \u010d\u00edtal knihu, jazdec Ineos Grenadiers dupal po uliciach Barcelony a \u00faspe\u0161ne dokon\u010dil mestsk\u00fd marat\u00f3n.<\/p>\n<p>Ke\u010f\u017ee telo cyklistov sa v priebehu roka vyv\u00edja, aby sa z nich stali lep\u0161\u00ed jazdci, pri\u010dom v\u00e4\u010d\u0161ina z nich sa za ka\u017ed\u00fa cenu vyh\u00fdbala schodom, je samo osebe \u00faspechom, \u017ee Yates dok\u00e1zal zabehn\u00fa\u0165 42 kilometrov\u00fa tra\u0165. Ale \u010das, v akom ubehol marat\u00f3n, v mnoh\u00fdch be\u017ecoch vyvolal opr\u00e1vnen\u00e9 obavy \u2013 dobehol v \u010dase 2:58:06. V pr\u00edspevku na Instagrame uviedol, \u017ee predsa len zostane pri jazde na bicykli, \u010do muselo by\u0165 sladkou \u00fa\u013eavou pre marat\u00f3nskych be\u017ecov po celom svete.<\/p>\n<p>https:\/\/www.instagram.com\/p\/CWB1jM7ofqT\/<\/p>\n<p>Uviedol tie\u017e, \u017ee <em>\u201edva t\u00fd\u017edne na pl\u00e1\u017ei neboli ide\u00e1lna pr\u00edprava\u201c<\/em>, ale po zverejnen\u00ed tohto \u010dasu mo\u017eno v\u00e4\u010d\u0161ine z n\u00e1s odhalil tajomstvo r\u00fdchleho behu \u2013 relax na pl\u00e1\u017ei!<\/p>\n<h2><strong>Slnko, piesok a duchovia?<\/strong><\/h2>\n<p>In\u00ed vyu\u017eili \u010das str\u00e1ven\u00fd na pl\u00e1\u017ei bez be\u017eeck\u00fdch rekordov, ako napr\u00edklad Daniel Oss, ktor\u00fd n\u00e1m uk\u00e1zal, ako sa na Zanzibare skvele bavil.<\/p>\n<p>https:\/\/www.instagram.com\/p\/CWBWB-io6yH\/<\/p>\n<p>In\u00ed boli pri mori a sk\u00fa\u0161ali nov\u00e9 \u0161porty. Marco Haller z Bahrain Victorious bol v Ju\u017enej Afrike a p\u00fdtal sa svojich followerov, \u010do si myslia, ako zvl\u00e1dol po\u010das hrania golfu t\u00fato jamku.<\/p>\n<p>https:\/\/www.instagram.com\/p\/CV0XXeAs5ES\/<\/p>\n<p>Pod\u013ea koment\u00e1rov to ur\u010dite nebol &#8222;Hole in One&#8220;.<\/p>\n<p>V USA sa Nathan Haas pustil do sl\u00e1venia Halloweenu a obliekol sa do kost\u00fdmu Krotite\u013eov duchov. Teraz vieme, komu zavola\u0165, ak uvid\u00edme nejak\u00e9 nadprirodzen\u00e9 javy.<\/p>\n<p>https:\/\/www.instagram.com\/p\/CV-ljYHl8h5\/<\/p>\n<h2><strong>Dovolenka v teple<\/strong><\/h2>\n<p>Nebola by to mimosez\u00f3na v cyklistike, keby tam nejak\u00e1 t\u00e1 cyklistika predsa len nebola.<\/p>\n<p>Chlapci z Israel Start-Up Nation boli zanepr\u00e1zdnen\u00ed a u\u017e\u00edvali si zimn\u00e9 slnko Izraela jazdou na horskom bicykli, ako je vidie\u0165 na pomerne vynikaj\u00facej selfie Chrisa Frooma po\u010das jazdy.<\/p>\n<p>https:\/\/www.instagram.com\/p\/CWDvSzosdCQ\/<\/p>\n<p>Boli tu v\u0161ak aj v\u00e1\u017enej\u0161ie z\u00e1bavky, ako napr\u00edklad pokus Alexa Dowsetta o prekonanie rekordu v hodinovke a\u017e po Marianne Vosov\u00fa a Lucindu Brandov\u00fa, ktor\u00e9 sa akt\u00edvne venovali cyklokrosu.<\/p>\n<p>Ale mo\u017eno najz\u00e1bavnej\u0161ia jazda mimo sez\u00f3ny pri\u0161la od Larryho Warbassa a Connora Dunna. \u010clen t\u00edmu AG2R a b\u00fdval\u00fd profesion\u00e1lny moder\u00e1tor GCN sa op\u00e4\u0165 stretli na Kan\u00e1rskych ostrovoch v druhej kapitole svojich cestovate\u013esk\u00fdch dobrodru\u017estiev.<\/p>\n<p>Po spolo\u010dnom jazden\u00ed v u\u017e zaniknutom t\u00edme Aqua Blue Sport zostali v roku 2018 na suchu, ke\u010f t\u00edm ozn\u00e1mil ukon\u010denie, len p\u00e1r dn\u00ed pred Tour of Britain. Dvojica ostala bez pr\u00e1ce, no pretekania sa nevzdala a vyu\u017eila pr\u00edle\u017eitos\u0165 na v\u00fdlet na bicykloch, ktor\u00fd sa zap\u00edsal do cyklistick\u00e9ho folkl\u00f3ru na soci\u00e1lnych sie\u0165ach \u2013 dokonca o tom nakr\u00fatili film.<\/p>\n<div class=\"embed-controller-wrapper\">\n<div class=\"embed-wrapper\"><iframe data-src=\"https:\/\/player.vimeo.com\/video\/415965648?dnt=1&amp;app_id=122963\" width=\"500\" height=\"281\" frameborder=\"0\" allow=\"autoplay; fullscreen; picture-in-picture; clipboard-write\"><\/iframe><\/div>\n<\/div>\n<p>Od roku 2018 sa vydali r\u00f4znymi kari\u00e9rnymi cestami, p\u00e1r nas\u00e1va zimn\u00e9 slnko na Kan\u00e1rskych ostrovoch a o\u017eivuje star\u00e9 spomienky. A pod\u013ea toho, ako to vyzer\u00e1, sa im to dar\u00ed.<\/p>\n<p>https:\/\/www.instagram.com\/p\/CV8mA0sokJP\/<\/p>\n<h2><strong>Maskovan\u00fd Nairo<\/strong><\/h2>\n<p>Ale najlep\u0161\u00ed mimosez\u00f3nny pr\u00edbeh od jazdca, ktor\u00fd ide von medzi \u013eud\u00ed a u\u017e\u00edva si \u017eivot, mus\u00ed by\u0165 od Naira Quintanu. Klip z jeho \u00fa\u010das\u0165ou v kolumbijskom The Masked Singer sa stal vir\u00e1lnym za\u010diatkom okt\u00f3bra a netreba o \u0148om hovori\u0165. Je to tak\u00e9 \u0161ialen\u00e9, ako to znie.<\/p>\n<p>Sledujte sami:<\/p>\n<div class=\"embed-controller-wrapper\">\n<blockquote class=\"twitter-tweet\" data-width=\"500\" data-dnt=\"true\">\n<p lang=\"es\" dir=\"ltr\">Buenos d\u00edas, twitter ciclismo. Os dejo este documento gr\u00e1fico.<a href=\"https:\/\/t.co\/IUbMFGT2iZ\">pic.twitter.com\/IUbMFGT2iZ<\/a><\/p>\n<p>&mdash; Cronoescalivada (@relojsubida) <a href=\"https:\/\/twitter.com\/relojsubida\/status\/1447103994376114181?ref_src=twsrc%5Etfw\">October 10, 2021<\/a><\/p><\/blockquote>\n<p><script async data-src=\"https:\/\/platform.twitter.com\/widgets.js\" charset=\"utf-8\"><\/script><\/div>\n<p>\u010ci u\u017e sa z\u00fa\u010dast\u0148uj\u00fa hudobnej s\u00fa\u0165a\u017ee alebo be\u017eia marat\u00f3n, <strong>tento r\u00f4znorod\u00fd profesion\u00e1lny pelot\u00f3n neprestane prekvapova\u0165, ke\u010f zosadn\u00fa z bicyklov<\/strong>. A najlep\u0161ie na tom je, \u017ee to vo v\u00e1s vyvol\u00e1va \u00fasmev \u2013 vezmite si pr\u00edklad od Cecilie Uttrup Ludwig. A to je hlavn\u00e1 v\u00fdhoda ka\u017ed\u00e9ho vo\u013ena: \u00fasmev, relax a dobitie bat\u00e9ri\u00ed.<\/p>\n<p>https:\/\/www.instagram.com\/p\/CWBoT0dM058\/<\/p>\n<p>Jazdci s\u00fa teraz sp\u00e4\u0165 na bicykloch a te\u0161ia sa na sez\u00f3nu 2022, ale ak\u00e1 je va\u0161a ob\u013e\u00faben\u00e1 spomienka z mimosez\u00f3ny? Dajte n\u00e1m vedie\u0165 na soci\u00e1lnych sie\u0165ach!<\/p>\n<div class=\"shortcode-ys-post-pinup\"><article class=\"loop-simple post-8979 post type-post status-publish format-standard has-post-thumbnail hentry category-zdravie-trening tag-beh tag-cestna-cyklistika tag-fitness tag-horska-cyklistika tag-motivacia tag-plavanie tag-pohyb tag-svaly tag-telo tag-trening tag-vykon tag-vykonnost tag-zdravie tag-zdravy-zivotny-styl tag-zima global-categories-cycling\" data-postid=\"8979\" role=\"article\" data-post-id=\"8979\" data-word-count=\"469\" data-headline-length=\"71\" data-category=\"Zdravie a tr\u00e9ning\" data-global-category=\"Cycling\" data-author=\"WeLoveCycling\" data-published=\"2019-12-20T11:07:29+01:00\" data-published-day=\"Friday\">\n    <div class=\"entry-thumbnail article-thumbnail\" content=\"https:\/\/d2p6e6u75xmxt8.cloudfront.net\/4\/2019\/12\/Zima_00-150x150.webp\"><a href=\"https:\/\/www.welovecycling.com\/sk\/2019\/12\/20\/zima-v-znameni-pohybu-ako-sa-udrzat-vo-forme-aj-mimo-sezony\/\" class=\"image-holder\" target=\"_self\"><img decoding=\"async\" loading=\"lazy\" class=\"\" src=\"https:\/\/d2p6e6u75xmxt8.cloudfront.net\/4\/2019\/12\/Zima_00-1024x445.webp\" srcset=\"https:\/\/d2p6e6u75xmxt8.cloudfront.net\/4\/2019\/12\/Zima_00.webp 1380w, https:\/\/d2p6e6u75xmxt8.cloudfront.net\/4\/2019\/12\/Zima_00-300x130.webp 300w, https:\/\/d2p6e6u75xmxt8.cloudfront.net\/4\/2019\/12\/Zima_00-1024x445.webp 1024w, https:\/\/d2p6e6u75xmxt8.cloudfront.net\/4\/2019\/12\/Zima_00-768x334.webp 768w\" width=\"1024\" height=\"445\" sizes=\"auto, (min-width: 1200px) 460px, (min-width: 768px) 38vw, 100vw\" alt=\"zima-v-znameni-pohybu-ako-sa-udrzat-vo-forme-aj-mimo-sezony\"\/><\/a><\/div>    <div class=\"entry-meta\">\n        <a class=\"label label-secondary post-category\" href=\"https:\/\/www.welovecycling.com\/sk\/category\/zdravie-trening\/\" title=\"Zdravie a tr\u00e9ning\">Zdravie a tr\u00e9ning<\/a>\n    <\/div>\n    <div class=\"entry-details\">\n        <a href=\"https:\/\/www.welovecycling.com\/sk\/2019\/12\/20\/zima-v-znameni-pohybu-ako-sa-udrzat-vo-forme-aj-mimo-sezony\/\" class='entry-title-wrapper'>\n            <h3 class=\"entry-title\"><span>Zima v znamen\u00ed pohybu &#8211; ako sa udr\u017ea\u0165 vo forme aj mimo sez\u00f3ny<\/span><\/h3>\n        <\/a>\n    <\/div>\n    <\/article>\n<\/div>\n","protected":false},"excerpt":{"rendered":"<p>Vo\u013eno je pre n\u00e1s v\u0161etk\u00fdch vz\u00e1cne, no pre profesion\u00e1lnych cyklistov je t\u00fdch p\u00e1r t\u00fd\u017ed\u0148ov v okt\u00f3bri a novembri ako zlat\u00fd [&hellip;]<\/p>\n","protected":false},"author":81,"featured_media":13457,"comment_status":"open","ping_status":"open","sticky":false,"template":"","format":"standard","meta":{"footnotes":""},"categories":[4],"tags":[1412,115,119,1414,597,1416,1128,1415,1413,786,885,334,183],"global-categories":[],"class_list":["post-13447","post","type-post","status-publish","format-standard","has-post-thumbnail","hentry","category-cestna-cyklisitika","tag-adam-yates","tag-cestna-cyklistika","tag-chris-froome","tag-connora-dunne","tag-cyklista","tag-daniel-oss","tag-dovolenka","tag-marco-haller","tag-nathan-haas","tag-odpocinok","tag-profesional","tag-teplo","tag-zabava"],"yoast_head":"<!-- This site is optimized with the Yoast SEO Premium plugin v25.3 (Yoast SEO v25.9) - https:\/\/yoast.com\/wordpress\/plugins\/seo\/ -->\n<title>\u010co robia profesion\u00e1lni cyklisti mimo sez\u00f3ny?<\/title>\n<meta name=\"description\" content=\"Je \u010das odlo\u017ei\u0165 bicykel, pre v\u00e4\u010d\u0161inu a odd\u00fdchnu\u0165 si, vysk\u00fa\u0161a\u0165 nie\u010do nov\u00e9 alebo sa len pozera\u0165 do steny a \u010daka\u0165, k\u00fdm sa op\u00e4\u0165 posad\u00edte do sedla.\" \/>\n<meta name=\"robots\" content=\"index, follow, max-snippet:-1, max-image-preview:large, max-video-preview:-1\" \/>\n<link rel=\"canonical\" href=\"https:\/\/www.welovecycling.com\/sk\/2021\/12\/10\/co-robia-profesionalni-cyklisti-mimo-sezony\/\" \/>\n<meta property=\"og:locale\" content=\"sk_SK\" \/>\n<meta property=\"og:type\" content=\"article\" \/>\n<meta property=\"og:title\" content=\"\u010co robia profesion\u00e1lni cyklisti mimo sez\u00f3ny?\" \/>\n<meta property=\"og:description\" content=\"Je \u010das odlo\u017ei\u0165 bicykel, pre v\u00e4\u010d\u0161inu a odd\u00fdchnu\u0165 si, vysk\u00fa\u0161a\u0165 nie\u010do nov\u00e9 alebo sa len pozera\u0165 do steny a \u010daka\u0165, k\u00fdm sa op\u00e4\u0165 posad\u00edte do sedla.\" \/>\n<meta property=\"og:url\" content=\"https:\/\/www.welovecycling.com\/sk\/2021\/12\/10\/co-robia-profesionalni-cyklisti-mimo-sezony\/\" \/>\n<meta property=\"og:site_name\" content=\"\u0160koda We Love Cycling Slovensko\" \/>\n<meta property=\"article:published_time\" content=\"2021-12-10T09:00:37+00:00\" \/>\n<meta property=\"article:modified_time\" content=\"2021-12-10T19:57:30+00:00\" \/>\n<meta property=\"og:image\" content=\"https:\/\/d2p6e6u75xmxt8.cloudfront.net\/4\/2021\/12\/Cyclists-peloton-profimedia-0638145923-CVR.webp\" \/>\n\t<meta property=\"og:image:width\" content=\"1366\" \/>\n\t<meta property=\"og:image:height\" content=\"600\" \/>\n\t<meta property=\"og:image:type\" content=\"image\/webp\" \/>\n<meta name=\"twitter:card\" content=\"summary_large_image\" \/>\n<meta name=\"twitter:label1\" content=\"Written by\" \/>\n\t<meta name=\"twitter:data1\" content=\"WeLoveCycling\" \/>\n\t<meta name=\"twitter:label2\" content=\"Est. reading time\" \/>\n\t<meta name=\"twitter:data2\" content=\"4\" \/>\n<script type=\"application\/ld+json\" class=\"yoast-schema-graph\">{\"@context\":\"https:\/\/schema.org\",\"@graph\":[{\"@type\":\"WebPage\",\"@id\":\"https:\/\/www.welovecycling.com\/sk\/2021\/12\/10\/co-robia-profesionalni-cyklisti-mimo-sezony\/\",\"url\":\"https:\/\/www.welovecycling.com\/sk\/2021\/12\/10\/co-robia-profesionalni-cyklisti-mimo-sezony\/\",\"name\":\"\u010co robia profesion\u00e1lni cyklisti mimo sez\u00f3ny?\",\"isPartOf\":{\"@id\":\"https:\/\/www.welovecycling.com\/sk\/#website\"},\"primaryImageOfPage\":{\"@id\":\"https:\/\/www.welovecycling.com\/sk\/2021\/12\/10\/co-robia-profesionalni-cyklisti-mimo-sezony\/#primaryimage\"},\"image\":{\"@id\":\"https:\/\/www.welovecycling.com\/sk\/2021\/12\/10\/co-robia-profesionalni-cyklisti-mimo-sezony\/#primaryimage\"},\"thumbnailUrl\":\"https:\/\/d2p6e6u75xmxt8.cloudfront.net\/4\/2021\/12\/Cyclists-peloton-profimedia-0638145923-CVR.webp\",\"datePublished\":\"2021-12-10T09:00:37+00:00\",\"dateModified\":\"2021-12-10T19:57:30+00:00\",\"author\":{\"@id\":\"\"},\"description\":\"Je \u010das odlo\u017ei\u0165 bicykel, pre v\u00e4\u010d\u0161inu a odd\u00fdchnu\u0165 si, vysk\u00fa\u0161a\u0165 nie\u010do nov\u00e9 alebo sa len pozera\u0165 do steny a \u010daka\u0165, k\u00fdm sa op\u00e4\u0165 posad\u00edte do sedla.\",\"breadcrumb\":{\"@id\":\"https:\/\/www.welovecycling.com\/sk\/2021\/12\/10\/co-robia-profesionalni-cyklisti-mimo-sezony\/#breadcrumb\"},\"inLanguage\":\"sk-SK\",\"potentialAction\":[{\"@type\":\"ReadAction\",\"target\":[\"https:\/\/www.welovecycling.com\/sk\/2021\/12\/10\/co-robia-profesionalni-cyklisti-mimo-sezony\/\"]}]},{\"@type\":\"ImageObject\",\"inLanguage\":\"sk-SK\",\"@id\":\"https:\/\/www.welovecycling.com\/sk\/2021\/12\/10\/co-robia-profesionalni-cyklisti-mimo-sezony\/#primaryimage\",\"url\":\"https:\/\/d2p6e6u75xmxt8.cloudfront.net\/4\/2021\/12\/Cyclists-peloton-profimedia-0638145923-CVR.webp\",\"contentUrl\":\"https:\/\/d2p6e6u75xmxt8.cloudfront.net\/4\/2021\/12\/Cyclists-peloton-profimedia-0638145923-CVR.webp\",\"width\":1366,\"height\":600,\"caption\":\"Peloton\"},{\"@type\":\"BreadcrumbList\",\"@id\":\"https:\/\/www.welovecycling.com\/sk\/2021\/12\/10\/co-robia-profesionalni-cyklisti-mimo-sezony\/#breadcrumb\",\"itemListElement\":[{\"@type\":\"ListItem\",\"position\":1,\"name\":\"Home\",\"item\":\"https:\/\/www.welovecycling.com\/sk\/\"},{\"@type\":\"ListItem\",\"position\":2,\"name\":\"\u010co robia profesion\u00e1lni cyklisti mimo sez\u00f3ny?\"}]},{\"@type\":\"WebSite\",\"@id\":\"https:\/\/www.welovecycling.com\/sk\/#website\",\"url\":\"https:\/\/www.welovecycling.com\/sk\/\",\"name\":\"\u0160koda We Love Cycling Slovensko\",\"description\":\"\u0160koda We Love Cycling Slovensko je v\u00e1\u0161 ka\u017edodenn\u00fd zdroj noviniek a in\u0161pir\u00e1cie z sveta cyklistiky\",\"potentialAction\":[{\"@type\":\"SearchAction\",\"target\":{\"@type\":\"EntryPoint\",\"urlTemplate\":\"https:\/\/www.welovecycling.com\/sk\/?s={search_term_string}\"},\"query-input\":{\"@type\":\"PropertyValueSpecification\",\"valueRequired\":true,\"valueName\":\"search_term_string\"}}],\"inLanguage\":\"sk-SK\"},{\"@type\":\"Person\",\"@id\":\"\",\"url\":\"https:\/\/www.welovecycling.com\/sk\/author\/\"}]}<\/script>\n<!-- \/ Yoast SEO Premium plugin. -->","yoast_head_json":{"title":"\u010co robia profesion\u00e1lni cyklisti mimo sez\u00f3ny?","description":"Je \u010das odlo\u017ei\u0165 bicykel, pre v\u00e4\u010d\u0161inu a odd\u00fdchnu\u0165 si, vysk\u00fa\u0161a\u0165 nie\u010do nov\u00e9 alebo sa len pozera\u0165 do steny a \u010daka\u0165, k\u00fdm sa op\u00e4\u0165 posad\u00edte do sedla.","robots":{"index":"index","follow":"follow","max-snippet":"max-snippet:-1","max-image-preview":"max-image-preview:large","max-video-preview":"max-video-preview:-1"},"canonical":"https:\/\/www.welovecycling.com\/sk\/2021\/12\/10\/co-robia-profesionalni-cyklisti-mimo-sezony\/","og_locale":"sk_SK","og_type":"article","og_title":"\u010co robia profesion\u00e1lni cyklisti mimo sez\u00f3ny?","og_description":"Je \u010das odlo\u017ei\u0165 bicykel, pre v\u00e4\u010d\u0161inu a odd\u00fdchnu\u0165 si, vysk\u00fa\u0161a\u0165 nie\u010do nov\u00e9 alebo sa len pozera\u0165 do steny a \u010daka\u0165, k\u00fdm sa op\u00e4\u0165 posad\u00edte do sedla.","og_url":"https:\/\/www.welovecycling.com\/sk\/2021\/12\/10\/co-robia-profesionalni-cyklisti-mimo-sezony\/","og_site_name":"\u0160koda We Love Cycling Slovensko","article_published_time":"2021-12-10T09:00:37+00:00","article_modified_time":"2021-12-10T19:57:30+00:00","og_image":[{"width":1366,"height":600,"url":"https:\/\/d2p6e6u75xmxt8.cloudfront.net\/4\/2021\/12\/Cyclists-peloton-profimedia-0638145923-CVR.webp","type":"image\/webp"}],"twitter_card":"summary_large_image","twitter_misc":{"Written by":"WeLoveCycling","Est. reading time":"4"},"schema":{"@context":"https:\/\/schema.org","@graph":[{"@type":"WebPage","@id":"https:\/\/www.welovecycling.com\/sk\/2021\/12\/10\/co-robia-profesionalni-cyklisti-mimo-sezony\/","url":"https:\/\/www.welovecycling.com\/sk\/2021\/12\/10\/co-robia-profesionalni-cyklisti-mimo-sezony\/","name":"\u010co robia profesion\u00e1lni cyklisti mimo sez\u00f3ny?","isPartOf":{"@id":"https:\/\/www.welovecycling.com\/sk\/#website"},"primaryImageOfPage":{"@id":"https:\/\/www.welovecycling.com\/sk\/2021\/12\/10\/co-robia-profesionalni-cyklisti-mimo-sezony\/#primaryimage"},"image":{"@id":"https:\/\/www.welovecycling.com\/sk\/2021\/12\/10\/co-robia-profesionalni-cyklisti-mimo-sezony\/#primaryimage"},"thumbnailUrl":"https:\/\/d2p6e6u75xmxt8.cloudfront.net\/4\/2021\/12\/Cyclists-peloton-profimedia-0638145923-CVR.webp","datePublished":"2021-12-10T09:00:37+00:00","dateModified":"2021-12-10T19:57:30+00:00","author":{"@id":""},"description":"Je \u010das odlo\u017ei\u0165 bicykel, pre v\u00e4\u010d\u0161inu a odd\u00fdchnu\u0165 si, vysk\u00fa\u0161a\u0165 nie\u010do nov\u00e9 alebo sa len pozera\u0165 do steny a \u010daka\u0165, k\u00fdm sa op\u00e4\u0165 posad\u00edte do sedla.","breadcrumb":{"@id":"https:\/\/www.welovecycling.com\/sk\/2021\/12\/10\/co-robia-profesionalni-cyklisti-mimo-sezony\/#breadcrumb"},"inLanguage":"sk-SK","potentialAction":[{"@type":"ReadAction","target":["https:\/\/www.welovecycling.com\/sk\/2021\/12\/10\/co-robia-profesionalni-cyklisti-mimo-sezony\/"]}]},{"@type":"ImageObject","inLanguage":"sk-SK","@id":"https:\/\/www.welovecycling.com\/sk\/2021\/12\/10\/co-robia-profesionalni-cyklisti-mimo-sezony\/#primaryimage","url":"https:\/\/d2p6e6u75xmxt8.cloudfront.net\/4\/2021\/12\/Cyclists-peloton-profimedia-0638145923-CVR.webp","contentUrl":"https:\/\/d2p6e6u75xmxt8.cloudfront.net\/4\/2021\/12\/Cyclists-peloton-profimedia-0638145923-CVR.webp","width":1366,"height":600,"caption":"Peloton"},{"@type":"BreadcrumbList","@id":"https:\/\/www.welovecycling.com\/sk\/2021\/12\/10\/co-robia-profesionalni-cyklisti-mimo-sezony\/#breadcrumb","itemListElement":[{"@type":"ListItem","position":1,"name":"Home","item":"https:\/\/www.welovecycling.com\/sk\/"},{"@type":"ListItem","position":2,"name":"\u010co robia profesion\u00e1lni cyklisti mimo sez\u00f3ny?"}]},{"@type":"WebSite","@id":"https:\/\/www.welovecycling.com\/sk\/#website","url":"https:\/\/www.welovecycling.com\/sk\/","name":"\u0160koda We Love Cycling Slovensko","description":"\u0160koda We Love Cycling Slovensko je v\u00e1\u0161 ka\u017edodenn\u00fd zdroj noviniek a in\u0161pir\u00e1cie z sveta cyklistiky","potentialAction":[{"@type":"SearchAction","target":{"@type":"EntryPoint","urlTemplate":"https:\/\/www.welovecycling.com\/sk\/?s={search_term_string}"},"query-input":{"@type":"PropertyValueSpecification","valueRequired":true,"valueName":"search_term_string"}}],"inLanguage":"sk-SK"},{"@type":"Person","@id":"","url":"https:\/\/www.welovecycling.com\/sk\/author\/"}]}},"_links":{"self":[{"href":"https:\/\/www.welovecycling.com\/sk\/wp-json\/wp\/v2\/posts\/13447","targetHints":{"allow":["GET"]}}],"collection":[{"href":"https:\/\/www.welovecycling.com\/sk\/wp-json\/wp\/v2\/posts"}],"about":[{"href":"https:\/\/www.welovecycling.com\/sk\/wp-json\/wp\/v2\/types\/post"}],"author":[{"embeddable":true,"href":"https:\/\/www.welovecycling.com\/sk\/wp-json\/wp\/v2\/users\/81"}],"replies":[{"embeddable":true,"href":"https:\/\/www.welovecycling.com\/sk\/wp-json\/wp\/v2\/comments?post=13447"}],"version-history":[{"count":2,"href":"https:\/\/www.welovecycling.com\/sk\/wp-json\/wp\/v2\/posts\/13447\/revisions"}],"predecessor-version":[{"id":13517,"href":"https:\/\/www.welovecycling.com\/sk\/wp-json\/wp\/v2\/posts\/13447\/revisions\/13517"}],"wp:featuredmedia":[{"embeddable":true,"href":"https:\/\/www.welovecycling.com\/sk\/wp-json\/wp\/v2\/media\/13457"}],"wp:attachment":[{"href":"https:\/\/www.welovecycling.com\/sk\/wp-json\/wp\/v2\/media?parent=13447"}],"wp:term":[{"taxonomy":"category","embeddable":true,"href":"https:\/\/www.welovecycling.com\/sk\/wp-json\/wp\/v2\/categories?post=13447"},{"taxonomy":"post_tag","embeddable":true,"href":"https:\/\/www.welovecycling.com\/sk\/wp-json\/wp\/v2\/tags?post=13447"},{"taxonomy":"global-categories","embeddable":true,"href":"https:\/\/www.welovecycling.com\/sk\/wp-json\/wp\/v2\/global-categories?post=13447"}],"curies":[{"name":"wp","href":"https:\/\/api.w.org\/{rel}","templated":true}]}}