{"id":13432,"date":"2021-12-03T10:00:16","date_gmt":"2021-12-03T09:00:16","guid":{"rendered":"https:\/\/www.welovecycling.com\/sk\/?p=13432"},"modified":"2021-12-01T09:08:36","modified_gmt":"2021-12-01T08:08:36","slug":"co-mozeme-ocakavat-na-tour-de-france-v-roku-2022","status":"publish","type":"post","link":"https:\/\/www.welovecycling.com\/sk\/2021\/12\/03\/co-mozeme-ocakavat-na-tour-de-france-v-roku-2022\/","title":{"rendered":"\u010co m\u00f4\u017eeme o\u010dak\u00e1va\u0165 na Tour de France v roku 2022?"},"content":{"rendered":"<p><strong>Trasa bud\u00facoro\u010dnej Tour de France bola verejnosti ozn\u00e1men\u00e1 a zd\u00e1 sa, \u017ee v\u0161etci s\u00fahlasia s t\u00fdm, \u017ee m\u00e1 v\u0161etky predpoklady poriadnej klasiky. Grand D\u00e9part sa bude kona\u0165 v D\u00e1nsku, kde sa mal kona\u0165 u\u017e minul\u00fd rok, ale Covid zni\u010dil tieto pl\u00e1ny. Kon\u010d\u00ed sa ako v\u017edy v Par\u00ed\u017ei \u2013 po 3 328 km (alebo 2&nbsp;067 m\u00ed\u013each) v sedle bicykla.<\/strong><br \/>\n<!--more--><\/p>\n<p>\u0160es\u0165 horsk\u00fdch et\u00e1p zah\u0155\u0148a \u0161tyri pohoria. Vog\u00e9zy, Alpy, Centr\u00e1lny mas\u00edv a Pyreneje \u2013 vr\u00e1tane piatich dojazdov do cie\u013ea na vrcholoch La Super Planche des Belles Filles, Col du Granon, Alpe d&#8217;Huez, Peyragudes a Hautacam, \u010do je o dva viac ako v roku 2021. <strong>Tour zah\u0155\u0148a aj zradn\u00fa dl\u00e1\u017eden\u00fa etapu, ktor\u00e1 je potenci\u00e1lnou pascou pre amb\u00edcie jazdcov GC<\/strong>, ale aj mno\u017estvo et\u00e1p pre motivovan\u00fdch jazdcov, ktor\u00ed by n\u00e1m mohli uk\u00e1za\u0165 viacero zauj\u00edmav\u00fdch \u00fanikov a jednu ve\u013emi dlh\u00fa \u010dasovku.<\/p>\n<p>Jedn\u00fdm slovom bude bud\u00facoro\u010dn\u00e1 Tour de France \u0165a\u017ek\u00e1. Dvoma slovami, ve\u013emi \u0165a\u017ek\u00e1.<\/p>\n<p><img loading=\"lazy\" decoding=\"async\" class=\"alignnone size-full wp-image-13433\" src=\"https:\/\/d2p6e6u75xmxt8.cloudfront.net\/4\/2021\/12\/TDF2022.jpeg\" alt=\"Trasa Tour de France 2022\" width=\"1200\" height=\"1800\" \/><\/p>\n<p>Tohtoro\u010dn\u00e1 Tour nebola ani z\u010faleka tak\u00e1 \u0165a\u017ek\u00e1 a napriek tomu t\u00ed jazdci, ktor\u00ed ju pre\u017eili, boli na konci vy\u010derpan\u00ed viac ako na predch\u00e1dzaj\u00facich Tour. D\u00f4vod? Pri\u0161la gener\u00e1cia mlad\u00fdch jazdcov, ktor\u00ed tvoria siln\u00fa konkurenciu ostrie\u013ean\u00fdm hviezdam. V\u010faka tomu je pretekanie na Grand Tour n\u00e1ro\u010dnej\u0161ie ako kedyko\u013evek predt\u00fdm. <strong>Star\u0161\u00ed jazdci sa s\u0165a\u017euj\u00fa, \u017ee po\u010das pretekov nie je \u010das na odpo\u010dinok.<\/strong><\/p>\n<p>Skvel\u00e9. Ak by bola Tour de France \u013eahk\u00e1, jazdil by ju predsa ka\u017ed\u00fd.<\/p>\n<h2><strong>\u010co jazdcov \u010dak\u00e1?<\/strong><\/h2>\n<p>Napriek tomu, \u017ee bud\u00faci rok bud\u00fa preteky n\u00e1ro\u010dn\u00e9, za\u010d\u00ednaj\u00fa sa tromi relat\u00edvne ne\u0161kodn\u00fdmi etapami. <strong>Preteky od\u0161tartuj\u00fa v piatok 01. j\u00fala rovinatou 13-kilometrov dlhou ITT \u010dasovkou ulicami Kodane.<\/strong> Hoci je kr\u00e1tka, mala by ma\u0165 svoje v\u00fdhody, preto\u017ee v\u00ed\u0165az by mohol nosi\u0165 \u017elt\u00fd dres e\u0161te minim\u00e1lne dva dni, ke\u010f\u017ee po nej nasleduj\u00fa dve relat\u00edvne rovinat\u00e9 etapy, ktor\u00e9 by mohli skon\u010di\u0165 z\u00e1vere\u010dn\u00fdm \u0161printom. Ale ako sme sa dozvedeli, preteky sa zmenili do takej miery, \u017ee by sme v roku 2022 mohli a mali o\u010dak\u00e1va\u0165 neo\u010dak\u00e1van\u00e9.<\/p>\n<figure id=\"attachment_13434\" aria-describedby=\"caption-attachment-13434\" style=\"width: 1280px\" class=\"wp-caption alignnone\"><img loading=\"lazy\" decoding=\"async\" class=\"wp-image-13434 size-full\" src=\"https:\/\/d2p6e6u75xmxt8.cloudfront.net\/4\/2021\/12\/pexels-grzegorz-4318250-1.jpg\" alt=\"Copenhagen\" width=\"1280\" height=\"853\" \/><figcaption id=\"caption-attachment-13434\" class=\"wp-caption-text\">Preteky od\u0161tartuj\u00fa v Kodani s ITT \u010dasovkou.<\/figcaption><\/figure>\n<p>Nasleduje de\u0148 vo\u013ena, aby bol mo\u017en\u00fd presun z D\u00e1nska do Franc\u00fazska. Po tom, ako jazdci absolvuj\u00fa relat\u00edvne pokojn\u00fd za\u010diatok, (\u010do ale v\u00f4bec nemus\u00ed by\u0165 pravda) za\u010d\u00edna oh\u0148ostroj na 5. etape, 155 km z Lille do Arenberg Port du Hainaut. <strong>V\u0161etk\u00fdch 11 \u00fasekov s dla\u017eobn\u00fdmi kockami je pripraven\u00fdch na posledn\u00fdch 76 km etapy.<\/strong> Jazdci sa bud\u00fa modli\u0165 za slne\u010dn\u00e9 a such\u00e9 po\u010dasie. Bez oh\u013eadu na po\u010dasie sa tu d\u00e1 z\u00edska\u0165 alebo strati\u0165 ve\u013ea vz\u00e1cnych min\u00fa\u0165. A e\u0161te n\u00e1ro\u010dnej\u0161ie to bude v pr\u00edpade, ak bude pr\u0161a\u0165.<\/p>\n<p>O dve etapy nesk\u00f4r prich\u00e1dza prv\u00fd dojazd do cie\u013ea na vrchole hory. Na vrchu La Super Planche des Belles Filles, 7-kilometrov\u00e9 st\u00fapanie s priemern\u00fdm sklonom 8,7 %. GC pretek\u00e1ri sa bud\u00fa navz\u00e1jom pozorne sledova\u0165. Kto vyhr\u00e1 t\u00fato etapu, by mohol z\u00edska\u0165 \u017elt\u00fd dres a chv\u00ed\u013eu si ho podr\u017ea\u0165.<\/p>\n<div class=\"shortcode-ys-post-pinup\"><article class=\"loop-simple post-12307 post type-post status-publish format-standard has-post-thumbnail hentry category-tour-de-france tag-bora-hansgrohe tag-cestna-cyklistika tag-etapove-preteky tag-francuzsko tag-mark-cavendish tag-michael-matthews tag-nils-politt tag-peter-sagan tag-preteky tag-profesional tag-tadej-pogacar tag-team-jumbo-visma tag-tour-de-france-2021 tag-vitaz tag-wout-van-aert tag-zeleny-dres tag-zlty-dres global-categories-cycling\" data-postid=\"12307\" role=\"article\" data-post-id=\"12307\" data-word-count=\"1008\" data-headline-length=\"22\" data-category=\"Tour de France\" data-global-category=\"Cycling\" data-author=\"WeLoveCycling\" data-published=\"2021-07-21T16:00:00+02:00\" data-published-day=\"Wednesday\">\n    <div class=\"entry-thumbnail article-thumbnail\" content=\"https:\/\/d2p6e6u75xmxt8.cloudfront.net\/4\/2021\/07\/20210706TDF0029-A.S.O._Charly_Lopez-150x150.webp\"><a href=\"https:\/\/www.welovecycling.com\/sk\/2021\/07\/21\/zhrnutie-tour-de-france\/\" class=\"image-holder\" target=\"_self\"><img decoding=\"async\" loading=\"lazy\" class=\"\" src=\"https:\/\/d2p6e6u75xmxt8.cloudfront.net\/4\/2021\/07\/20210706TDF0029-A.S.O._Charly_Lopez-1024x445.webp\" srcset=\"https:\/\/d2p6e6u75xmxt8.cloudfront.net\/4\/2021\/07\/20210706TDF0029-A.S.O._Charly_Lopez.webp 1380w, https:\/\/d2p6e6u75xmxt8.cloudfront.net\/4\/2021\/07\/20210706TDF0029-A.S.O._Charly_Lopez-300x130.webp 300w, https:\/\/d2p6e6u75xmxt8.cloudfront.net\/4\/2021\/07\/20210706TDF0029-A.S.O._Charly_Lopez-1024x445.webp 1024w, https:\/\/d2p6e6u75xmxt8.cloudfront.net\/4\/2021\/07\/20210706TDF0029-A.S.O._Charly_Lopez-768x334.webp 768w\" width=\"1024\" height=\"445\" sizes=\"auto, (min-width: 1200px) 460px, (min-width: 768px) 38vw, 100vw\" alt=\"zhrnutie-tour-de-france\"\/><\/a><\/div>    <div class=\"entry-meta\">\n        <a class=\"label label-secondary post-category\" href=\"https:\/\/www.welovecycling.com\/sk\/category\/grand-tour\/tour-de-france\/\" title=\"Tour de France\">Tour de France<\/a>\n    <\/div>\n    <div class=\"entry-details\">\n        <a href=\"https:\/\/www.welovecycling.com\/sk\/2021\/07\/21\/zhrnutie-tour-de-france\/\" class='entry-title-wrapper'>\n            <h3 class=\"entry-title\"><span>Tour de France v kocke<\/span><\/h3>\n        <\/a>\n    <\/div>\n    <\/article>\n<\/div>\n<p>12. etapa, 166 km z Brian\u00e7onu do Alpe d\u2019Huez, s \u010fal\u0161\u00edm vrcholov\u00fdm cie\u013eom, bude zabijakom etapy s tromi dlh\u00fdmi a \u0165a\u017ek\u00fdmi st\u00fapaniami, vr\u00e1tane Col du Galibier. Prich\u00e1dza tesne za polovicou Tour, tak\u017ee je pravdepodobne pr\u00edli\u0161 skoro na to, aby s\u00fa\u0165a\u017eiaci v GC rozohrali svoju ve\u013ek\u00fa hru. Ale t\u00edmy, ktor\u00e9 si veria a maj\u00fa mno\u017estvo siln\u00fdch jazdcov, m\u00f4\u017eu ma\u0165 pocit, \u017ee toto je presne ten \u010das, aby sa dostali do vedenia pretekov.<\/p>\n<figure id=\"attachment_12897\" aria-describedby=\"caption-attachment-12897\" style=\"width: 1800px\" class=\"wp-caption alignnone\"><img loading=\"lazy\" decoding=\"async\" class=\"size-full wp-image-12897\" src=\"https:\/\/d2p6e6u75xmxt8.cloudfront.net\/4\/2021\/09\/profimedia-0619640037.jpg\" alt=\"Tadej Poga\u010dar\" width=\"1800\" height=\"1200\" \/><figcaption id=\"caption-attachment-12897\" class=\"wp-caption-text\">Wouter Poels, Tadej Pogacar, Mark Cavendish pred 9. etapou Tour de France 2021. \u00a9 Profimedia<\/figcaption><\/figure>\n<h2><strong>Ak\u00fd bude z\u00e1ver?<\/strong><\/h2>\n<p>Tipujem, \u017ee o Tour sa rozhodne v 18. etape, 143 km z L\u00fard do Hautacam. Prich\u00e1dza po troch t\u00fd\u017ed\u0148och vy\u010derp\u00e1vaj\u00facich pretekov a obsahuje tri \u0165a\u017ek\u00e9 st\u00fapania. Pri\u010dom z\u00e1vere\u010dn\u00e9 st\u00fapanie, 13,6&nbsp;km pri 7,6 %, sa st\u00e1va sk\u00fa\u0161kou vytrvalosti a v\u00f4le. Toto je miesto, <strong>kde s\u00faperi z GC, ktor\u00ed s\u00fa st\u00e1le v hre, bud\u00fa chcie\u0165 porovna\u0165 svoje sily s dvojn\u00e1sobn\u00fdm v\u00ed\u0165azom Tour, Tadejom Poga\u010darom<\/strong>, preto\u017ee 20. etapa je 40-kilometrov\u00e1 ITT z Lacapelle Marivale do Rocamadour, kon\u010d\u00ed 1,5-&nbsp;kilometrov\u00fdm st\u00fapan\u00edm so sklonom 7,8 % a ka\u017ed\u00fd si pam\u00e4t\u00e1, ako Slovinec prekonal 50-&nbsp;sekundov\u00fa nev\u00fdhodu Primo\u017ea Rogli\u010da na 20. etape ITT v roku 2020 a vyhral svoju prv\u00fa Tour de France.<\/p>\n<p>Zlou spr\u00e1vou pre n\u00e1deje GC je, \u017ee Poga\u010dar t\u00fato trasu miluje. <em>&#8222;Je to celkom skvel\u00e9,&#8220;<\/em> povedal pre <a href=\"https:\/\/www.velonews.com\/events\/tour-de-france\/what-tadej-pogacar-annemiek-van-vleuten-mark-cavendish-and-other-stars-said-about-the-tour-de-france-courses\/\" rel=\"noopener\" target=\"_blank\">Velo News<\/a>. <em>&#8222;Naozaj sa te\u0161\u00edm.&#8220;<\/em><\/p>\n<p>Ale aj tak\u00fd \u00fa\u017easn\u00fd talent ako Poga\u010dar, u\u017e nemus\u00ed by\u0165 v tomto \u0161t\u00e1diu v hre. Pre\u010do? Preto\u017ee, ako u\u017e bolo povedan\u00e9, <strong>neo\u010dak\u00e1van\u00e9 sa na tejto Tour de France st\u00e1va \u0161tandardom<\/strong>.<\/p>\n","protected":false},"excerpt":{"rendered":"<p>Trasa bud\u00facoro\u010dnej Tour de France bola verejnosti ozn\u00e1men\u00e1 a zd\u00e1 sa, \u017ee v\u0161etci s\u00fahlasia s t\u00fdm, \u017ee m\u00e1 v\u0161etky predpoklady [&hellip;]<\/p>\n","protected":false},"author":81,"featured_media":13436,"comment_status":"open","ping_status":"open","sticky":false,"template":"","format":"standard","meta":{"footnotes":""},"categories":[4],"tags":[115,331,306,179,170,1411,1258,20,1410,269,70,174],"global-categories":[],"class_list":["post-13432","post","type-post","status-publish","format-standard","has-post-thumbnail","hentry","category-cestna-cyklisitika","tag-cestna-cyklistika","tag-etapove-preteky","tag-francuzsko","tag-preteky","tag-primoz-roglic","tag-sezona-2022","tag-tadej-pogacar","tag-tour-de-france","tag-tour-de-france-2022","tag-vitaz","tag-wout-poels","tag-zlty-dres"],"yoast_head":"<!-- This site is optimized with the Yoast SEO Premium plugin v25.3 (Yoast SEO v25.9) - https:\/\/yoast.com\/wordpress\/plugins\/seo\/ -->\n<title>\u010co m\u00f4\u017eeme o\u010dak\u00e1va\u0165 na Tour de France v roku 2022? - \u0160koda We Love Cycling Slovensko<\/title>\n<meta name=\"description\" content=\"Trasa bud\u00facoro\u010dnej Tour de France bola verejnosti ozn\u00e1men\u00e1 a zd\u00e1 sa, \u017ee v\u0161etci s\u00fahlasia s t\u00fdm, \u017ee m\u00e1 v\u0161etky predpoklady poriadnej klasiky.\" \/>\n<meta name=\"robots\" content=\"index, follow, max-snippet:-1, max-image-preview:large, max-video-preview:-1\" \/>\n<link rel=\"canonical\" href=\"https:\/\/www.welovecycling.com\/sk\/2021\/12\/03\/co-mozeme-ocakavat-na-tour-de-france-v-roku-2022\/\" \/>\n<meta property=\"og:locale\" content=\"sk_SK\" \/>\n<meta property=\"og:type\" content=\"article\" \/>\n<meta property=\"og:title\" content=\"\u010co m\u00f4\u017eeme o\u010dak\u00e1va\u0165 na Tour de France v roku 2022?\" \/>\n<meta property=\"og:description\" content=\"Trasa bud\u00facoro\u010dnej Tour de France bola verejnosti ozn\u00e1men\u00e1 a zd\u00e1 sa, \u017ee v\u0161etci s\u00fahlasia s t\u00fdm, \u017ee m\u00e1 v\u0161etky predpoklady poriadnej klasiky.\" \/>\n<meta property=\"og:url\" content=\"https:\/\/www.welovecycling.com\/sk\/2021\/12\/03\/co-mozeme-ocakavat-na-tour-de-france-v-roku-2022\/\" \/>\n<meta property=\"og:site_name\" content=\"\u0160koda We Love Cycling Slovensko\" \/>\n<meta property=\"article:published_time\" content=\"2021-12-03T09:00:16+00:00\" \/>\n<meta property=\"og:image\" content=\"https:\/\/d2p6e6u75xmxt8.cloudfront.net\/4\/2021\/12\/Christian-Prudhomme-CVR-profimedia-0638006219.webp\" \/>\n\t<meta property=\"og:image:width\" content=\"1366\" \/>\n\t<meta property=\"og:image:height\" content=\"600\" \/>\n\t<meta property=\"og:image:type\" content=\"image\/webp\" \/>\n<meta name=\"twitter:card\" content=\"summary_large_image\" \/>\n<meta name=\"twitter:label1\" content=\"Written by\" \/>\n\t<meta name=\"twitter:data1\" content=\"WeLoveCycling\" \/>\n\t<meta name=\"twitter:label2\" content=\"Est. reading time\" \/>\n\t<meta name=\"twitter:data2\" content=\"7\" \/>\n<script type=\"application\/ld+json\" class=\"yoast-schema-graph\">{\"@context\":\"https:\/\/schema.org\",\"@graph\":[{\"@type\":\"WebPage\",\"@id\":\"https:\/\/www.welovecycling.com\/sk\/2021\/12\/03\/co-mozeme-ocakavat-na-tour-de-france-v-roku-2022\/\",\"url\":\"https:\/\/www.welovecycling.com\/sk\/2021\/12\/03\/co-mozeme-ocakavat-na-tour-de-france-v-roku-2022\/\",\"name\":\"\u010co m\u00f4\u017eeme o\u010dak\u00e1va\u0165 na Tour de France v roku 2022? - \u0160koda We Love Cycling Slovensko\",\"isPartOf\":{\"@id\":\"https:\/\/www.welovecycling.com\/sk\/#website\"},\"primaryImageOfPage\":{\"@id\":\"https:\/\/www.welovecycling.com\/sk\/2021\/12\/03\/co-mozeme-ocakavat-na-tour-de-france-v-roku-2022\/#primaryimage\"},\"image\":{\"@id\":\"https:\/\/www.welovecycling.com\/sk\/2021\/12\/03\/co-mozeme-ocakavat-na-tour-de-france-v-roku-2022\/#primaryimage\"},\"thumbnailUrl\":\"https:\/\/d2p6e6u75xmxt8.cloudfront.net\/4\/2021\/12\/Christian-Prudhomme-CVR-profimedia-0638006219.webp\",\"datePublished\":\"2021-12-03T09:00:16+00:00\",\"author\":{\"@id\":\"\"},\"description\":\"Trasa bud\u00facoro\u010dnej Tour de France bola verejnosti ozn\u00e1men\u00e1 a zd\u00e1 sa, \u017ee v\u0161etci s\u00fahlasia s t\u00fdm, \u017ee m\u00e1 v\u0161etky predpoklady poriadnej klasiky.\",\"breadcrumb\":{\"@id\":\"https:\/\/www.welovecycling.com\/sk\/2021\/12\/03\/co-mozeme-ocakavat-na-tour-de-france-v-roku-2022\/#breadcrumb\"},\"inLanguage\":\"sk-SK\",\"potentialAction\":[{\"@type\":\"ReadAction\",\"target\":[\"https:\/\/www.welovecycling.com\/sk\/2021\/12\/03\/co-mozeme-ocakavat-na-tour-de-france-v-roku-2022\/\"]}]},{\"@type\":\"ImageObject\",\"inLanguage\":\"sk-SK\",\"@id\":\"https:\/\/www.welovecycling.com\/sk\/2021\/12\/03\/co-mozeme-ocakavat-na-tour-de-france-v-roku-2022\/#primaryimage\",\"url\":\"https:\/\/d2p6e6u75xmxt8.cloudfront.net\/4\/2021\/12\/Christian-Prudhomme-CVR-profimedia-0638006219.webp\",\"contentUrl\":\"https:\/\/d2p6e6u75xmxt8.cloudfront.net\/4\/2021\/12\/Christian-Prudhomme-CVR-profimedia-0638006219.webp\",\"width\":1366,\"height\":600,\"caption\":\"Christian Prudhomme\"},{\"@type\":\"BreadcrumbList\",\"@id\":\"https:\/\/www.welovecycling.com\/sk\/2021\/12\/03\/co-mozeme-ocakavat-na-tour-de-france-v-roku-2022\/#breadcrumb\",\"itemListElement\":[{\"@type\":\"ListItem\",\"position\":1,\"name\":\"Home\",\"item\":\"https:\/\/www.welovecycling.com\/sk\/\"},{\"@type\":\"ListItem\",\"position\":2,\"name\":\"\u010co m\u00f4\u017eeme o\u010dak\u00e1va\u0165 na Tour de France v roku 2022?\"}]},{\"@type\":\"WebSite\",\"@id\":\"https:\/\/www.welovecycling.com\/sk\/#website\",\"url\":\"https:\/\/www.welovecycling.com\/sk\/\",\"name\":\"\u0160koda We Love Cycling Slovensko\",\"description\":\"\u0160koda We Love Cycling Slovensko je v\u00e1\u0161 ka\u017edodenn\u00fd zdroj noviniek a in\u0161pir\u00e1cie z sveta cyklistiky\",\"potentialAction\":[{\"@type\":\"SearchAction\",\"target\":{\"@type\":\"EntryPoint\",\"urlTemplate\":\"https:\/\/www.welovecycling.com\/sk\/?s={search_term_string}\"},\"query-input\":{\"@type\":\"PropertyValueSpecification\",\"valueRequired\":true,\"valueName\":\"search_term_string\"}}],\"inLanguage\":\"sk-SK\"},{\"@type\":\"Person\",\"@id\":\"\",\"url\":\"https:\/\/www.welovecycling.com\/sk\/author\/\"}]}<\/script>\n<!-- \/ Yoast SEO Premium plugin. -->","yoast_head_json":{"title":"\u010co m\u00f4\u017eeme o\u010dak\u00e1va\u0165 na Tour de France v roku 2022? - \u0160koda We Love Cycling Slovensko","description":"Trasa bud\u00facoro\u010dnej Tour de France bola verejnosti ozn\u00e1men\u00e1 a zd\u00e1 sa, \u017ee v\u0161etci s\u00fahlasia s t\u00fdm, \u017ee m\u00e1 v\u0161etky predpoklady poriadnej klasiky.","robots":{"index":"index","follow":"follow","max-snippet":"max-snippet:-1","max-image-preview":"max-image-preview:large","max-video-preview":"max-video-preview:-1"},"canonical":"https:\/\/www.welovecycling.com\/sk\/2021\/12\/03\/co-mozeme-ocakavat-na-tour-de-france-v-roku-2022\/","og_locale":"sk_SK","og_type":"article","og_title":"\u010co m\u00f4\u017eeme o\u010dak\u00e1va\u0165 na Tour de France v roku 2022?","og_description":"Trasa bud\u00facoro\u010dnej Tour de France bola verejnosti ozn\u00e1men\u00e1 a zd\u00e1 sa, \u017ee v\u0161etci s\u00fahlasia s t\u00fdm, \u017ee m\u00e1 v\u0161etky predpoklady poriadnej klasiky.","og_url":"https:\/\/www.welovecycling.com\/sk\/2021\/12\/03\/co-mozeme-ocakavat-na-tour-de-france-v-roku-2022\/","og_site_name":"\u0160koda We Love Cycling Slovensko","article_published_time":"2021-12-03T09:00:16+00:00","og_image":[{"width":1366,"height":600,"url":"https:\/\/d2p6e6u75xmxt8.cloudfront.net\/4\/2021\/12\/Christian-Prudhomme-CVR-profimedia-0638006219.webp","type":"image\/webp"}],"twitter_card":"summary_large_image","twitter_misc":{"Written by":"WeLoveCycling","Est. reading time":"7"},"schema":{"@context":"https:\/\/schema.org","@graph":[{"@type":"WebPage","@id":"https:\/\/www.welovecycling.com\/sk\/2021\/12\/03\/co-mozeme-ocakavat-na-tour-de-france-v-roku-2022\/","url":"https:\/\/www.welovecycling.com\/sk\/2021\/12\/03\/co-mozeme-ocakavat-na-tour-de-france-v-roku-2022\/","name":"\u010co m\u00f4\u017eeme o\u010dak\u00e1va\u0165 na Tour de France v roku 2022? - \u0160koda We Love Cycling Slovensko","isPartOf":{"@id":"https:\/\/www.welovecycling.com\/sk\/#website"},"primaryImageOfPage":{"@id":"https:\/\/www.welovecycling.com\/sk\/2021\/12\/03\/co-mozeme-ocakavat-na-tour-de-france-v-roku-2022\/#primaryimage"},"image":{"@id":"https:\/\/www.welovecycling.com\/sk\/2021\/12\/03\/co-mozeme-ocakavat-na-tour-de-france-v-roku-2022\/#primaryimage"},"thumbnailUrl":"https:\/\/d2p6e6u75xmxt8.cloudfront.net\/4\/2021\/12\/Christian-Prudhomme-CVR-profimedia-0638006219.webp","datePublished":"2021-12-03T09:00:16+00:00","author":{"@id":""},"description":"Trasa bud\u00facoro\u010dnej Tour de France bola verejnosti ozn\u00e1men\u00e1 a zd\u00e1 sa, \u017ee v\u0161etci s\u00fahlasia s t\u00fdm, \u017ee m\u00e1 v\u0161etky predpoklady poriadnej klasiky.","breadcrumb":{"@id":"https:\/\/www.welovecycling.com\/sk\/2021\/12\/03\/co-mozeme-ocakavat-na-tour-de-france-v-roku-2022\/#breadcrumb"},"inLanguage":"sk-SK","potentialAction":[{"@type":"ReadAction","target":["https:\/\/www.welovecycling.com\/sk\/2021\/12\/03\/co-mozeme-ocakavat-na-tour-de-france-v-roku-2022\/"]}]},{"@type":"ImageObject","inLanguage":"sk-SK","@id":"https:\/\/www.welovecycling.com\/sk\/2021\/12\/03\/co-mozeme-ocakavat-na-tour-de-france-v-roku-2022\/#primaryimage","url":"https:\/\/d2p6e6u75xmxt8.cloudfront.net\/4\/2021\/12\/Christian-Prudhomme-CVR-profimedia-0638006219.webp","contentUrl":"https:\/\/d2p6e6u75xmxt8.cloudfront.net\/4\/2021\/12\/Christian-Prudhomme-CVR-profimedia-0638006219.webp","width":1366,"height":600,"caption":"Christian Prudhomme"},{"@type":"BreadcrumbList","@id":"https:\/\/www.welovecycling.com\/sk\/2021\/12\/03\/co-mozeme-ocakavat-na-tour-de-france-v-roku-2022\/#breadcrumb","itemListElement":[{"@type":"ListItem","position":1,"name":"Home","item":"https:\/\/www.welovecycling.com\/sk\/"},{"@type":"ListItem","position":2,"name":"\u010co m\u00f4\u017eeme o\u010dak\u00e1va\u0165 na Tour de France v roku 2022?"}]},{"@type":"WebSite","@id":"https:\/\/www.welovecycling.com\/sk\/#website","url":"https:\/\/www.welovecycling.com\/sk\/","name":"\u0160koda We Love Cycling Slovensko","description":"\u0160koda We Love Cycling Slovensko je v\u00e1\u0161 ka\u017edodenn\u00fd zdroj noviniek a in\u0161pir\u00e1cie z sveta cyklistiky","potentialAction":[{"@type":"SearchAction","target":{"@type":"EntryPoint","urlTemplate":"https:\/\/www.welovecycling.com\/sk\/?s={search_term_string}"},"query-input":{"@type":"PropertyValueSpecification","valueRequired":true,"valueName":"search_term_string"}}],"inLanguage":"sk-SK"},{"@type":"Person","@id":"","url":"https:\/\/www.welovecycling.com\/sk\/author\/"}]}},"_links":{"self":[{"href":"https:\/\/www.welovecycling.com\/sk\/wp-json\/wp\/v2\/posts\/13432","targetHints":{"allow":["GET"]}}],"collection":[{"href":"https:\/\/www.welovecycling.com\/sk\/wp-json\/wp\/v2\/posts"}],"about":[{"href":"https:\/\/www.welovecycling.com\/sk\/wp-json\/wp\/v2\/types\/post"}],"author":[{"embeddable":true,"href":"https:\/\/www.welovecycling.com\/sk\/wp-json\/wp\/v2\/users\/81"}],"replies":[{"embeddable":true,"href":"https:\/\/www.welovecycling.com\/sk\/wp-json\/wp\/v2\/comments?post=13432"}],"version-history":[{"count":2,"href":"https:\/\/www.welovecycling.com\/sk\/wp-json\/wp\/v2\/posts\/13432\/revisions"}],"predecessor-version":[{"id":13446,"href":"https:\/\/www.welovecycling.com\/sk\/wp-json\/wp\/v2\/posts\/13432\/revisions\/13446"}],"wp:featuredmedia":[{"embeddable":true,"href":"https:\/\/www.welovecycling.com\/sk\/wp-json\/wp\/v2\/media\/13436"}],"wp:attachment":[{"href":"https:\/\/www.welovecycling.com\/sk\/wp-json\/wp\/v2\/media?parent=13432"}],"wp:term":[{"taxonomy":"category","embeddable":true,"href":"https:\/\/www.welovecycling.com\/sk\/wp-json\/wp\/v2\/categories?post=13432"},{"taxonomy":"post_tag","embeddable":true,"href":"https:\/\/www.welovecycling.com\/sk\/wp-json\/wp\/v2\/tags?post=13432"},{"taxonomy":"global-categories","embeddable":true,"href":"https:\/\/www.welovecycling.com\/sk\/wp-json\/wp\/v2\/global-categories?post=13432"}],"curies":[{"name":"wp","href":"https:\/\/api.w.org\/{rel}","templated":true}]}}