{"id":13409,"date":"2021-12-06T10:00:07","date_gmt":"2021-12-06T09:00:07","guid":{"rendered":"https:\/\/www.welovecycling.com\/sk\/?p=13409"},"modified":"2021-11-30T10:12:00","modified_gmt":"2021-11-30T09:12:00","slug":"absolute-black-oval-boost-148-rainbow-skusenosti-s-mojim-prvym-ovalom","status":"publish","type":"post","link":"https:\/\/www.welovecycling.com\/sk\/2021\/12\/06\/absolute-black-oval-boost-148-rainbow-skusenosti-s-mojim-prvym-ovalom\/","title":{"rendered":"Absolute Black Oval Boost 148 rainbow &#8211; sk\u00fasenosti s moj\u00edm prv\u00fdm ov\u00e1lom"},"content":{"rendered":"<p><strong>Ov\u00e1lne prevodn\u00edky s\u00fa tu s nami s\u00edce u\u017e nejak\u00fd ten rok, no ve\u013ea \u013eud\u00ed s nimi doposia\u013e nemalo re\u00e1lne sk\u00fasenosti. Podobne som bol na tom e\u0161te doned\u00e1vna aj ja.<\/strong><!--more--><\/p>\n<p>Posledn\u00e9 roky sme mali a st\u00e1le m\u00e1me mo\u017enos\u0165 vidie\u0165 pou\u017eitie ov\u00e1lnych prevodn\u00edkov predov\u0161etk\u00fdm v cestnej cyklistike. Medzi tie najzvu\u010dnej\u0161ie men\u00e1, ktor\u00e9 ich zvidite\u013enili, bezpochyby patria Bradley Wiggins a Chris Froome. Nie n\u00e1hodou tieto prevodn\u00edky obaja pou\u017e\u00edvali v Pro Tour t\u00edme Sky, teraj\u0161\u00ed Ineos Grenadiers. Tento t\u00edm si potrp\u00ed na takzvan\u00e9 \u201cmarginal gains\u201d, <strong>teda je ochotn\u00fd vysk\u00fa\u0161a\u0165 a investova\u0165 do v\u0161etk\u00e9ho, \u010doho v\u00fdsledkom je \u010do i len minim\u00e1lne zlep\u0161enie v\u00fdkonu alebo oddialenie \u00fanavy.<\/strong><\/p>\n<p><a href=\"https:\/\/d2p6e6u75xmxt8.cloudfront.net\/4\/2021\/11\/oval_09.jpg\"><img loading=\"lazy\" decoding=\"async\" src=\"https:\/\/d2p6e6u75xmxt8.cloudfront.net\/4\/2021\/11\/oval_09.jpg\" alt=\"\" width=\"1200\" height=\"800\" class=\"alignnone size-full wp-image-13412\" \/><\/a><\/p>\n<h2><strong>Ocen\u00ed ov\u00e1l aj amat\u00e9r?<\/strong><\/h2>\n<p>Aj v pr\u00edpade pou\u017eitia ov\u00e1lneho prevodn\u00edka m\u00f4\u017eeme hovori\u0165 sk\u00f4r o nejakom drobnom zlep\u0161en\u00ed (marginal gain), ako o nejakom v\u00fdraznom n\u00e1raste v\u00fdkonu. Je to ale naozaj tak? Ocen\u00ed ov\u00e1lny prevodn\u00edk aj amat\u00e9r ako som napr\u00edklad ja?<\/p>\n<div data-rows=\"2\" id='gallery-1' class='gallery-rows-2 gallery galleryid-13409 gallery-columns-2 gallery-size-full'><figure class='gallery-item'>\n\t\t\t<div class='gallery-icon landscape'>\n\t\t\t\t<a href='https:\/\/d2p6e6u75xmxt8.cloudfront.net\/4\/2021\/11\/oval-26-scaled.webp'><img loading=\"lazy\" decoding=\"async\" width=\"2560\" height=\"1920\" src=\"https:\/\/d2p6e6u75xmxt8.cloudfront.net\/4\/2021\/11\/oval-26-scaled.webp\" class=\"attachment-full size-full\" alt=\"\" srcset=\"https:\/\/d2p6e6u75xmxt8.cloudfront.net\/4\/2021\/11\/oval-26-scaled.webp 2560w, https:\/\/d2p6e6u75xmxt8.cloudfront.net\/4\/2021\/11\/oval-26-scaled-300x225.webp 300w, https:\/\/d2p6e6u75xmxt8.cloudfront.net\/4\/2021\/11\/oval-26-scaled-1024x768.webp 1024w, https:\/\/d2p6e6u75xmxt8.cloudfront.net\/4\/2021\/11\/oval-26-scaled-768x576.webp 768w, https:\/\/d2p6e6u75xmxt8.cloudfront.net\/4\/2021\/11\/oval-26-scaled-1536x1152.webp 1536w, https:\/\/d2p6e6u75xmxt8.cloudfront.net\/4\/2021\/11\/oval-26-scaled-2048x1536.webp 2048w, https:\/\/d2p6e6u75xmxt8.cloudfront.net\/4\/2021\/11\/oval-26-scaled-1920x1440.webp 1920w, https:\/\/d2p6e6u75xmxt8.cloudfront.net\/4\/2021\/11\/oval-26-scaled-1920x1440.webp 1920w\" sizes=\"auto, (max-width: 2560px) 100vw, 2560px\" \/><\/a>\n\t\t\t<\/div><\/figure><figure class='gallery-item'>\n\t\t\t<div class='gallery-icon landscape'>\n\t\t\t\t<a href='https:\/\/d2p6e6u75xmxt8.cloudfront.net\/4\/2021\/11\/oval-23.webp'><img loading=\"lazy\" decoding=\"async\" width=\"2000\" height=\"1333\" src=\"https:\/\/d2p6e6u75xmxt8.cloudfront.net\/4\/2021\/11\/oval-23.webp\" class=\"attachment-full size-full\" alt=\"\" srcset=\"https:\/\/d2p6e6u75xmxt8.cloudfront.net\/4\/2021\/11\/oval-23.webp 2000w, https:\/\/d2p6e6u75xmxt8.cloudfront.net\/4\/2021\/11\/oval-23-300x200.webp 300w, https:\/\/d2p6e6u75xmxt8.cloudfront.net\/4\/2021\/11\/oval-23-1024x682.webp 1024w, https:\/\/d2p6e6u75xmxt8.cloudfront.net\/4\/2021\/11\/oval-23-768x512.webp 768w, https:\/\/d2p6e6u75xmxt8.cloudfront.net\/4\/2021\/11\/oval-23-1536x1024.webp 1536w, https:\/\/d2p6e6u75xmxt8.cloudfront.net\/4\/2021\/11\/oval-23-1920x1280.webp 1920w, https:\/\/d2p6e6u75xmxt8.cloudfront.net\/4\/2021\/11\/oval-23-272x182.webp 272w, https:\/\/d2p6e6u75xmxt8.cloudfront.net\/4\/2021\/11\/oval-23-1920x1280.webp 1920w\" sizes=\"auto, (max-width: 2000px) 100vw, 2000px\" \/><\/a>\n\t\t\t<\/div><\/figure>\n\t\t<\/div>\n        \n<p>M\u00f4j prevodn\u00edk Absolute Black Oval Boost 148 rainbow je s\u00edce ozna\u010den\u00fd ako 34-zubov\u00fd, <strong>no v naj\u0161ir\u0161ej \u010dasti sa spr\u00e1va ako 36-zubov\u00fd, a v naju\u017e\u0161ej ako 32-zubov\u00fd<\/strong>. Podstatou ov\u00e1lneho prevodn\u00edka je efekt\u00edvnej\u0161ie prekonanie m\u0155tveho bodu. Ide o bod, ke\u010f po\u010das \u0161liapania nevieme efekt\u00edvne prenies\u0165 silu do ped\u00e1lov.<\/p>\n<div data-rows=\"2\" id='gallery-2' class='gallery-rows-2 gallery galleryid-13409 gallery-columns-2 gallery-size-full'><figure class='gallery-item'>\n\t\t\t<div class='gallery-icon landscape'>\n\t\t\t\t<a href='https:\/\/d2p6e6u75xmxt8.cloudfront.net\/4\/2021\/11\/oval_25.webp'><img loading=\"lazy\" decoding=\"async\" width=\"1200\" height=\"800\" src=\"https:\/\/d2p6e6u75xmxt8.cloudfront.net\/4\/2021\/11\/oval_25.webp\" class=\"attachment-full size-full\" alt=\"\" srcset=\"https:\/\/d2p6e6u75xmxt8.cloudfront.net\/4\/2021\/11\/oval_25.webp 1200w, https:\/\/d2p6e6u75xmxt8.cloudfront.net\/4\/2021\/11\/oval_25-300x200.webp 300w, https:\/\/d2p6e6u75xmxt8.cloudfront.net\/4\/2021\/11\/oval_25-1024x683.webp 1024w, https:\/\/d2p6e6u75xmxt8.cloudfront.net\/4\/2021\/11\/oval_25-768x512.webp 768w, https:\/\/d2p6e6u75xmxt8.cloudfront.net\/4\/2021\/11\/oval_25-272x182.webp 272w\" sizes=\"auto, (max-width: 1200px) 100vw, 1200px\" \/><\/a>\n\t\t\t<\/div><\/figure><figure class='gallery-item'>\n\t\t\t<div class='gallery-icon landscape'>\n\t\t\t\t<a href='https:\/\/d2p6e6u75xmxt8.cloudfront.net\/4\/2021\/11\/oval_30.webp'><img loading=\"lazy\" decoding=\"async\" width=\"1200\" height=\"800\" src=\"https:\/\/d2p6e6u75xmxt8.cloudfront.net\/4\/2021\/11\/oval_30.webp\" class=\"attachment-full size-full\" alt=\"\" srcset=\"https:\/\/d2p6e6u75xmxt8.cloudfront.net\/4\/2021\/11\/oval_30.webp 1200w, https:\/\/d2p6e6u75xmxt8.cloudfront.net\/4\/2021\/11\/oval_30-300x200.webp 300w, https:\/\/d2p6e6u75xmxt8.cloudfront.net\/4\/2021\/11\/oval_30-1024x683.webp 1024w, https:\/\/d2p6e6u75xmxt8.cloudfront.net\/4\/2021\/11\/oval_30-768x512.webp 768w, https:\/\/d2p6e6u75xmxt8.cloudfront.net\/4\/2021\/11\/oval_30-272x182.webp 272w\" sizes=\"auto, (max-width: 1200px) 100vw, 1200px\" \/><\/a>\n\t\t\t<\/div><\/figure>\n\t\t<\/div>\n        \n<p>\u0160liapanie na ov\u00e1lnom prevodn\u00edku je pocitovo in\u00e9, ako na klasickom okr\u00fahlom prevodn\u00edku. No tento \u201ein\u00fd\u201c pocit trv\u00e1 mo\u017eno prv\u00fdch 5-10 min\u00fat. Potom u\u017e rozdielne \u0161liapanie neregistrujete a ani neviete, \u017ee m\u00e1te ov\u00e1lny prevodn\u00edk. Pri ka\u017edej \u010fal\u0161ej jazde u\u017e nebad\u00e1te na \u0161liapan\u00ed ni\u010d zvl\u00e1\u0161tne.<\/p>\n<div data-rows=\"2\" id='gallery-3' class='gallery-rows-2 gallery galleryid-13409 gallery-columns-2 gallery-size-full'><figure class='gallery-item'>\n\t\t\t<div class='gallery-icon landscape'>\n\t\t\t\t<a href='https:\/\/d2p6e6u75xmxt8.cloudfront.net\/4\/2021\/11\/oval-5.webp'><img loading=\"lazy\" decoding=\"async\" width=\"2000\" height=\"1333\" src=\"https:\/\/d2p6e6u75xmxt8.cloudfront.net\/4\/2021\/11\/oval-5.webp\" class=\"attachment-full size-full\" alt=\"\" srcset=\"https:\/\/d2p6e6u75xmxt8.cloudfront.net\/4\/2021\/11\/oval-5.webp 2000w, https:\/\/d2p6e6u75xmxt8.cloudfront.net\/4\/2021\/11\/oval-5-300x200.webp 300w, https:\/\/d2p6e6u75xmxt8.cloudfront.net\/4\/2021\/11\/oval-5-1024x682.webp 1024w, https:\/\/d2p6e6u75xmxt8.cloudfront.net\/4\/2021\/11\/oval-5-768x512.webp 768w, https:\/\/d2p6e6u75xmxt8.cloudfront.net\/4\/2021\/11\/oval-5-1536x1024.webp 1536w, https:\/\/d2p6e6u75xmxt8.cloudfront.net\/4\/2021\/11\/oval-5-1920x1280.webp 1920w, https:\/\/d2p6e6u75xmxt8.cloudfront.net\/4\/2021\/11\/oval-5-272x182.webp 272w, https:\/\/d2p6e6u75xmxt8.cloudfront.net\/4\/2021\/11\/oval-5-1920x1280.webp 1920w\" sizes=\"auto, (max-width: 2000px) 100vw, 2000px\" \/><\/a>\n\t\t\t<\/div><\/figure><figure class='gallery-item'>\n\t\t\t<div class='gallery-icon landscape'>\n\t\t\t\t<a href='https:\/\/d2p6e6u75xmxt8.cloudfront.net\/4\/2021\/11\/oval-6.webp'><img loading=\"lazy\" decoding=\"async\" width=\"2000\" height=\"1333\" src=\"https:\/\/d2p6e6u75xmxt8.cloudfront.net\/4\/2021\/11\/oval-6.webp\" class=\"attachment-full size-full\" alt=\"\" srcset=\"https:\/\/d2p6e6u75xmxt8.cloudfront.net\/4\/2021\/11\/oval-6.webp 2000w, https:\/\/d2p6e6u75xmxt8.cloudfront.net\/4\/2021\/11\/oval-6-300x200.webp 300w, https:\/\/d2p6e6u75xmxt8.cloudfront.net\/4\/2021\/11\/oval-6-1024x682.webp 1024w, https:\/\/d2p6e6u75xmxt8.cloudfront.net\/4\/2021\/11\/oval-6-768x512.webp 768w, https:\/\/d2p6e6u75xmxt8.cloudfront.net\/4\/2021\/11\/oval-6-1536x1024.webp 1536w, https:\/\/d2p6e6u75xmxt8.cloudfront.net\/4\/2021\/11\/oval-6-1920x1280.webp 1920w, https:\/\/d2p6e6u75xmxt8.cloudfront.net\/4\/2021\/11\/oval-6-272x182.webp 272w, https:\/\/d2p6e6u75xmxt8.cloudfront.net\/4\/2021\/11\/oval-6-1920x1280.webp 1920w\" sizes=\"auto, (max-width: 2000px) 100vw, 2000px\" \/><\/a>\n\t\t\t<\/div><\/figure>\n\t\t<\/div>\n        \n<h2><strong>Pre t\u00fdch, ktor\u00ed ob\u013eubuj\u00fa silov\u00e9 \u0161liapanie<\/strong><\/h2>\n<p>Ov\u00e1lne prevodn\u00edky s\u00fa vhodnej\u0161ie pre t\u00fdch, ktor\u00ed preferuj\u00fa silov\u00e9 \u0161liapanie pred frekven\u010dn\u00fdm. Ja tie\u017e rad\u0161ej idem na ni\u017e\u0161ie ot\u00e1\u010dky s \u0165a\u017e\u0161\u00edm prevodom, ako vy\u0161\u0161ie s \u013eah\u0161\u00edm. Osobne si mysl\u00edm, \u017ee najv\u00e4\u010d\u0161\u00ed pr\u00ednos m\u00e1 ov\u00e1l pri strm\u00fdch v\u00fd\u0161\u013eapoch a tzv. stojk\u00e1ch, kedy je pomoc pri prekonan\u00ed m\u0155tveho bodu v\u00fdrazne efekt\u00edvnej\u0161ia ako pri klasickom okr\u00fahlom prevodn\u00edku.<\/p>\n<div data-rows=\"2\" id='gallery-4' class='gallery-rows-2 gallery galleryid-13409 gallery-columns-2 gallery-size-full'><figure class='gallery-item'>\n\t\t\t<div class='gallery-icon landscape'>\n\t\t\t\t<a href='https:\/\/d2p6e6u75xmxt8.cloudfront.net\/4\/2021\/11\/oval-20.webp'><img loading=\"lazy\" decoding=\"async\" width=\"2000\" height=\"1333\" src=\"https:\/\/d2p6e6u75xmxt8.cloudfront.net\/4\/2021\/11\/oval-20.webp\" class=\"attachment-full size-full\" alt=\"\" srcset=\"https:\/\/d2p6e6u75xmxt8.cloudfront.net\/4\/2021\/11\/oval-20.webp 2000w, https:\/\/d2p6e6u75xmxt8.cloudfront.net\/4\/2021\/11\/oval-20-300x200.webp 300w, https:\/\/d2p6e6u75xmxt8.cloudfront.net\/4\/2021\/11\/oval-20-1024x682.webp 1024w, https:\/\/d2p6e6u75xmxt8.cloudfront.net\/4\/2021\/11\/oval-20-768x512.webp 768w, https:\/\/d2p6e6u75xmxt8.cloudfront.net\/4\/2021\/11\/oval-20-1536x1024.webp 1536w, https:\/\/d2p6e6u75xmxt8.cloudfront.net\/4\/2021\/11\/oval-20-1920x1280.webp 1920w, https:\/\/d2p6e6u75xmxt8.cloudfront.net\/4\/2021\/11\/oval-20-272x182.webp 272w, https:\/\/d2p6e6u75xmxt8.cloudfront.net\/4\/2021\/11\/oval-20-1920x1280.webp 1920w\" sizes=\"auto, (max-width: 2000px) 100vw, 2000px\" \/><\/a>\n\t\t\t<\/div><\/figure><figure class='gallery-item'>\n\t\t\t<div class='gallery-icon landscape'>\n\t\t\t\t<a href='https:\/\/d2p6e6u75xmxt8.cloudfront.net\/4\/2021\/11\/oval-21.webp'><img loading=\"lazy\" decoding=\"async\" width=\"2000\" height=\"1333\" src=\"https:\/\/d2p6e6u75xmxt8.cloudfront.net\/4\/2021\/11\/oval-21.webp\" class=\"attachment-full size-full\" alt=\"\" srcset=\"https:\/\/d2p6e6u75xmxt8.cloudfront.net\/4\/2021\/11\/oval-21.webp 2000w, https:\/\/d2p6e6u75xmxt8.cloudfront.net\/4\/2021\/11\/oval-21-300x200.webp 300w, https:\/\/d2p6e6u75xmxt8.cloudfront.net\/4\/2021\/11\/oval-21-1024x682.webp 1024w, https:\/\/d2p6e6u75xmxt8.cloudfront.net\/4\/2021\/11\/oval-21-768x512.webp 768w, https:\/\/d2p6e6u75xmxt8.cloudfront.net\/4\/2021\/11\/oval-21-1536x1024.webp 1536w, https:\/\/d2p6e6u75xmxt8.cloudfront.net\/4\/2021\/11\/oval-21-1920x1280.webp 1920w, https:\/\/d2p6e6u75xmxt8.cloudfront.net\/4\/2021\/11\/oval-21-272x182.webp 272w, https:\/\/d2p6e6u75xmxt8.cloudfront.net\/4\/2021\/11\/oval-21-1920x1280.webp 1920w\" sizes=\"auto, (max-width: 2000px) 100vw, 2000px\" \/><\/a>\n\t\t\t<\/div><\/figure>\n\t\t<\/div>\n        \n<p>Pri r\u00fdchlej\u0161\u00edch presunoch, napr. po rovine a pri frekven\u010dnej\u0161om \u0161liapan\u00ed som nejak\u00fd extra rozdiel vo\u010di okr\u00fahlemu prevodn\u00edku nespozoroval.<\/p>\n<div data-rows=\"2\" id='gallery-5' class='gallery-rows-2 gallery galleryid-13409 gallery-columns-2 gallery-size-full'><figure class='gallery-item'>\n\t\t\t<div class='gallery-icon landscape'>\n\t\t\t\t<a href='https:\/\/d2p6e6u75xmxt8.cloudfront.net\/4\/2021\/11\/oval-15.webp'><img loading=\"lazy\" decoding=\"async\" width=\"2000\" height=\"1333\" src=\"https:\/\/d2p6e6u75xmxt8.cloudfront.net\/4\/2021\/11\/oval-15.webp\" class=\"attachment-full size-full\" alt=\"\" srcset=\"https:\/\/d2p6e6u75xmxt8.cloudfront.net\/4\/2021\/11\/oval-15.webp 2000w, https:\/\/d2p6e6u75xmxt8.cloudfront.net\/4\/2021\/11\/oval-15-300x200.webp 300w, https:\/\/d2p6e6u75xmxt8.cloudfront.net\/4\/2021\/11\/oval-15-1024x682.webp 1024w, https:\/\/d2p6e6u75xmxt8.cloudfront.net\/4\/2021\/11\/oval-15-768x512.webp 768w, https:\/\/d2p6e6u75xmxt8.cloudfront.net\/4\/2021\/11\/oval-15-1536x1024.webp 1536w, https:\/\/d2p6e6u75xmxt8.cloudfront.net\/4\/2021\/11\/oval-15-1920x1280.webp 1920w, https:\/\/d2p6e6u75xmxt8.cloudfront.net\/4\/2021\/11\/oval-15-272x182.webp 272w, https:\/\/d2p6e6u75xmxt8.cloudfront.net\/4\/2021\/11\/oval-15-1920x1280.webp 1920w\" sizes=\"auto, (max-width: 2000px) 100vw, 2000px\" \/><\/a>\n\t\t\t<\/div><\/figure><figure class='gallery-item'>\n\t\t\t<div class='gallery-icon landscape'>\n\t\t\t\t<a href='https:\/\/d2p6e6u75xmxt8.cloudfront.net\/4\/2021\/11\/oval-18.webp'><img loading=\"lazy\" decoding=\"async\" width=\"2000\" height=\"1333\" src=\"https:\/\/d2p6e6u75xmxt8.cloudfront.net\/4\/2021\/11\/oval-18.webp\" class=\"attachment-full size-full\" alt=\"\" srcset=\"https:\/\/d2p6e6u75xmxt8.cloudfront.net\/4\/2021\/11\/oval-18.webp 2000w, https:\/\/d2p6e6u75xmxt8.cloudfront.net\/4\/2021\/11\/oval-18-300x200.webp 300w, https:\/\/d2p6e6u75xmxt8.cloudfront.net\/4\/2021\/11\/oval-18-1024x682.webp 1024w, https:\/\/d2p6e6u75xmxt8.cloudfront.net\/4\/2021\/11\/oval-18-768x512.webp 768w, https:\/\/d2p6e6u75xmxt8.cloudfront.net\/4\/2021\/11\/oval-18-1536x1024.webp 1536w, https:\/\/d2p6e6u75xmxt8.cloudfront.net\/4\/2021\/11\/oval-18-1920x1280.webp 1920w, https:\/\/d2p6e6u75xmxt8.cloudfront.net\/4\/2021\/11\/oval-18-272x182.webp 272w, https:\/\/d2p6e6u75xmxt8.cloudfront.net\/4\/2021\/11\/oval-18-1920x1280.webp 1920w\" sizes=\"auto, (max-width: 2000px) 100vw, 2000px\" \/><\/a>\n\t\t\t<\/div><\/figure>\n\t\t<\/div>\n        \n<p>Pozit\u00edvom je, \u017ee aj napriek ov\u00e1lnosti nem\u00e1te probl\u00e9m s raden\u00edm, pripadne s padan\u00edm re\u0165aze, alebo s ak\u00fdmko\u013evek in\u00fdm probl\u00e9mom spojen\u00fdm s pohonom. Je s\u00edce pravda, \u017ee ramienko prehadzova\u010dky po\u010das \u0161liapania mierne kmit\u00e1 dopredu a dozadu pr\u00e1ve kv\u00f4li tvaru prevodn\u00edka, no to na \u0148u nem\u00e1 \u017eiadny negat\u00edvny vplyv. <strong>Kmitanie je naozaj minim\u00e1lne.<\/strong><\/p>\n<div data-rows=\"2\" id='gallery-6' class='gallery-rows-2 gallery galleryid-13409 gallery-columns-2 gallery-size-full'><figure class='gallery-item'>\n\t\t\t<div class='gallery-icon landscape'>\n\t\t\t\t<a href='https:\/\/d2p6e6u75xmxt8.cloudfront.net\/4\/2021\/11\/oval_11.webp'><img loading=\"lazy\" decoding=\"async\" width=\"1200\" height=\"800\" src=\"https:\/\/d2p6e6u75xmxt8.cloudfront.net\/4\/2021\/11\/oval_11.webp\" class=\"attachment-full size-full\" alt=\"\" srcset=\"https:\/\/d2p6e6u75xmxt8.cloudfront.net\/4\/2021\/11\/oval_11.webp 1200w, https:\/\/d2p6e6u75xmxt8.cloudfront.net\/4\/2021\/11\/oval_11-300x200.webp 300w, https:\/\/d2p6e6u75xmxt8.cloudfront.net\/4\/2021\/11\/oval_11-1024x683.webp 1024w, https:\/\/d2p6e6u75xmxt8.cloudfront.net\/4\/2021\/11\/oval_11-768x512.webp 768w, https:\/\/d2p6e6u75xmxt8.cloudfront.net\/4\/2021\/11\/oval_11-272x182.webp 272w\" sizes=\"auto, (max-width: 1200px) 100vw, 1200px\" \/><\/a>\n\t\t\t<\/div><\/figure><figure class='gallery-item'>\n\t\t\t<div class='gallery-icon landscape'>\n\t\t\t\t<a href='https:\/\/d2p6e6u75xmxt8.cloudfront.net\/4\/2021\/11\/oval_12.webp'><img loading=\"lazy\" decoding=\"async\" width=\"1200\" height=\"800\" src=\"https:\/\/d2p6e6u75xmxt8.cloudfront.net\/4\/2021\/11\/oval_12.webp\" class=\"attachment-full size-full\" alt=\"\" srcset=\"https:\/\/d2p6e6u75xmxt8.cloudfront.net\/4\/2021\/11\/oval_12.webp 1200w, https:\/\/d2p6e6u75xmxt8.cloudfront.net\/4\/2021\/11\/oval_12-300x200.webp 300w, https:\/\/d2p6e6u75xmxt8.cloudfront.net\/4\/2021\/11\/oval_12-1024x683.webp 1024w, https:\/\/d2p6e6u75xmxt8.cloudfront.net\/4\/2021\/11\/oval_12-768x512.webp 768w, https:\/\/d2p6e6u75xmxt8.cloudfront.net\/4\/2021\/11\/oval_12-272x182.webp 272w\" sizes=\"auto, (max-width: 1200px) 100vw, 1200px\" \/><\/a>\n\t\t\t<\/div><\/figure>\n\t\t<\/div>\n        \n<p>Ak by mi dnes niekto dal na v\u00fdber ov\u00e1lny alebo klasick\u00fd okr\u00fahly prevodn\u00edk, a ak by som sa mal rozhodn\u00fa\u0165 na z\u00e1klade svojich doteraj\u0161\u00edch sk\u00fasenost\u00ed, tak by som si bez v\u00e1hania vybral ten ov\u00e1lny. <strong>Ten margin\u00e1lny pr\u00ednos v efekt\u00edvnej\u0161om prekon\u00e1van\u00ed m\u0155tveho bodu za to stoj\u00ed aj mne, amat\u00e9rovi.<\/strong><\/p>\n<div class=\"shortcode-ys-post-pinup\"><article class=\"loop-simple post-13278 post type-post status-publish format-standard has-post-thumbnail hentry category-odporucame tag-cestna-cyklistika tag-cyklistika tag-horska-cyklistika tag-ochrana tag-odporucame tag-rukavice tag-trening global-categories-cycling\" data-postid=\"13278\" role=\"article\" data-post-id=\"13278\" data-word-count=\"552\" data-headline-length=\"91\" data-category=\"Odpor\u00fa\u010dame\" data-global-category=\"Cycling\" data-author=\"Andrej Turek\" data-published=\"2021-11-03T10:00:58+01:00\" data-published-day=\"Wednesday\">\n    <div class=\"entry-thumbnail article-thumbnail\" content=\"https:\/\/d2p6e6u75xmxt8.cloudfront.net\/4\/2021\/10\/Rukavice_00.JPG-150x150.webp\"><a href=\"https:\/\/www.welovecycling.com\/sk\/2021\/11\/03\/cyklisticke-rukavice-roeckl-itara-bi-fusion-komfort-na-cestnom-ci-horskom-bicykli\/\" class=\"image-holder\" target=\"_self\"><img decoding=\"async\" loading=\"lazy\" class=\"\" src=\"https:\/\/d2p6e6u75xmxt8.cloudfront.net\/4\/2021\/10\/Rukavice_00.JPG-1024x445.webp\" srcset=\"https:\/\/d2p6e6u75xmxt8.cloudfront.net\/4\/2021\/10\/Rukavice_00.JPG.webp 1380w, https:\/\/d2p6e6u75xmxt8.cloudfront.net\/4\/2021\/10\/Rukavice_00.JPG-300x130.webp 300w, https:\/\/d2p6e6u75xmxt8.cloudfront.net\/4\/2021\/10\/Rukavice_00.JPG-1024x445.webp 1024w, https:\/\/d2p6e6u75xmxt8.cloudfront.net\/4\/2021\/10\/Rukavice_00.JPG-768x334.webp 768w\" width=\"1024\" height=\"445\" sizes=\"auto, (min-width: 1200px) 460px, (min-width: 768px) 38vw, 100vw\" alt=\"cyklisticke-rukavice-roeckl-itara-bi-fusion-komfort-na-cestnom-ci-horskom-bicykli\"\/><\/a><\/div>    <div class=\"entry-meta\">\n        <a class=\"label label-secondary post-category\" href=\"https:\/\/www.welovecycling.com\/sk\/category\/odporucame\/\" title=\"Odpor\u00fa\u010dame\">Odpor\u00fa\u010dame<\/a>\n    <\/div>\n    <div class=\"entry-details\">\n        <a href=\"https:\/\/www.welovecycling.com\/sk\/2021\/11\/03\/cyklisticke-rukavice-roeckl-itara-bi-fusion-komfort-na-cestnom-ci-horskom-bicykli\/\" class='entry-title-wrapper'>\n            <h3 class=\"entry-title\"><span>Cyklistick\u00e9 rukavice Roeckl Itara Bi-Fusion &#8211; komfort na cestnom \u010di horskom bicykli<\/span><\/h3>\n        <\/a>\n    <\/div>\n    <\/article>\n<\/div>\n<p><a href=\"https:\/\/d2p6e6u75xmxt8.cloudfront.net\/4\/2021\/11\/oval_27.jpg\"><img loading=\"lazy\" decoding=\"async\" src=\"https:\/\/d2p6e6u75xmxt8.cloudfront.net\/4\/2021\/11\/oval_27.jpg\" alt=\"\" width=\"1200\" height=\"800\" class=\"alignnone size-full wp-image-13426\" \/><\/a><\/p>\n<p>Prevodn\u00edk Absolute Black Oval Boost 148 rainbow, ktor\u00fd som vysk\u00fa\u0161al, stoj\u00ed pribli\u017ene 119 \u20ac a n\u00e1jdete ho na <a href=\"https:\/\/www.mtbiker.sk\/shop\/komponenty\/kluky-a-prevodniky\/prevodniky\/absolute-black-sram-oval-boost-148-rainbow-32z.html\" rel=\"noopener\" target=\"_blank\">tomto odkaze<\/a>.<\/p>\n","protected":false},"excerpt":{"rendered":"<p>Ov\u00e1lne prevodn\u00edky s\u00fa tu s nami s\u00edce u\u017e nejak\u00fd ten rok, no ve\u013ea \u013eud\u00ed s nimi doposia\u013e nemalo re\u00e1lne sk\u00fasenosti. [&hellip;]<\/p>\n","protected":false},"author":81,"featured_media":13411,"comment_status":"open","ping_status":"open","sticky":false,"template":"","format":"standard","meta":{"footnotes":""},"categories":[191],"tags":[180,902,222,931,1160,1096],"global-categories":[1074],"class_list":["post-13409","post","type-post","status-publish","format-standard","has-post-thumbnail","hentry","category-odporucame","tag-horska-cyklistika","tag-horsky-bicykel","tag-komponenty","tag-odporucame","tag-prevodniky","tag-test","global-categories-cycling"],"yoast_head":"<!-- This site is optimized with the Yoast SEO Premium plugin v25.3 (Yoast SEO v25.9) - https:\/\/yoast.com\/wordpress\/plugins\/seo\/ -->\n<title>Absolute Black Oval Boost 148 rainbow - sk\u00fasenosti s moj\u00edm prv\u00fdm ov\u00e1lom - \u0160koda We Love Cycling Slovensko<\/title>\n<meta name=\"description\" content=\"Ov\u00e1lne prevodn\u00edky s\u00fa tu s nami s\u00edce u\u017e nejak\u00fd ten rok, no ve\u013ea \u013eud\u00ed s n\u00edm doposia\u013e nemalo re\u00e1lne sk\u00fasenosti. Podobne som bol na tom e\u0161te doned\u00e1vna aj ja.\" \/>\n<meta name=\"robots\" content=\"index, follow, max-snippet:-1, max-image-preview:large, max-video-preview:-1\" \/>\n<link rel=\"canonical\" href=\"https:\/\/www.welovecycling.com\/sk\/2021\/12\/06\/absolute-black-oval-boost-148-rainbow-skusenosti-s-mojim-prvym-ovalom\/\" \/>\n<meta property=\"og:locale\" content=\"sk_SK\" \/>\n<meta property=\"og:type\" content=\"article\" \/>\n<meta property=\"og:title\" content=\"Absolute Black Oval Boost 148 rainbow - sk\u00fasenosti s moj\u00edm prv\u00fdm ov\u00e1lom\" \/>\n<meta property=\"og:description\" content=\"Ov\u00e1lne prevodn\u00edky s\u00fa tu s nami s\u00edce u\u017e nejak\u00fd ten rok, no ve\u013ea \u013eud\u00ed s n\u00edm doposia\u013e nemalo re\u00e1lne sk\u00fasenosti. Podobne som bol na tom e\u0161te doned\u00e1vna aj ja.\" \/>\n<meta property=\"og:url\" content=\"https:\/\/www.welovecycling.com\/sk\/2021\/12\/06\/absolute-black-oval-boost-148-rainbow-skusenosti-s-mojim-prvym-ovalom\/\" \/>\n<meta property=\"og:site_name\" content=\"\u0160koda We Love Cycling Slovensko\" \/>\n<meta property=\"article:published_time\" content=\"2021-12-06T09:00:07+00:00\" \/>\n<meta property=\"og:image\" content=\"https:\/\/d2p6e6u75xmxt8.cloudfront.net\/4\/2021\/11\/oval_00.webp\" \/>\n\t<meta property=\"og:image:width\" content=\"1380\" \/>\n\t<meta property=\"og:image:height\" content=\"600\" \/>\n\t<meta property=\"og:image:type\" content=\"image\/webp\" \/>\n<meta name=\"twitter:card\" content=\"summary_large_image\" \/>\n<meta name=\"twitter:label1\" content=\"Written by\" \/>\n\t<meta name=\"twitter:data1\" content=\"Andrej Turek\" \/>\n\t<meta name=\"twitter:label2\" content=\"Est. reading time\" \/>\n\t<meta name=\"twitter:data2\" content=\"6\" \/>\n<script type=\"application\/ld+json\" class=\"yoast-schema-graph\">{\"@context\":\"https:\/\/schema.org\",\"@graph\":[{\"@type\":\"WebPage\",\"@id\":\"https:\/\/www.welovecycling.com\/sk\/2021\/12\/06\/absolute-black-oval-boost-148-rainbow-skusenosti-s-mojim-prvym-ovalom\/\",\"url\":\"https:\/\/www.welovecycling.com\/sk\/2021\/12\/06\/absolute-black-oval-boost-148-rainbow-skusenosti-s-mojim-prvym-ovalom\/\",\"name\":\"Absolute Black Oval Boost 148 rainbow - sk\u00fasenosti s moj\u00edm prv\u00fdm ov\u00e1lom - \u0160koda We Love Cycling Slovensko\",\"isPartOf\":{\"@id\":\"https:\/\/www.welovecycling.com\/sk\/#website\"},\"primaryImageOfPage\":{\"@id\":\"https:\/\/www.welovecycling.com\/sk\/2021\/12\/06\/absolute-black-oval-boost-148-rainbow-skusenosti-s-mojim-prvym-ovalom\/#primaryimage\"},\"image\":{\"@id\":\"https:\/\/www.welovecycling.com\/sk\/2021\/12\/06\/absolute-black-oval-boost-148-rainbow-skusenosti-s-mojim-prvym-ovalom\/#primaryimage\"},\"thumbnailUrl\":\"https:\/\/d2p6e6u75xmxt8.cloudfront.net\/4\/2021\/11\/oval_00.webp\",\"datePublished\":\"2021-12-06T09:00:07+00:00\",\"author\":{\"@id\":\"\"},\"description\":\"Ov\u00e1lne prevodn\u00edky s\u00fa tu s nami s\u00edce u\u017e nejak\u00fd ten rok, no ve\u013ea \u013eud\u00ed s n\u00edm doposia\u013e nemalo re\u00e1lne sk\u00fasenosti. Podobne som bol na tom e\u0161te doned\u00e1vna aj ja.\",\"breadcrumb\":{\"@id\":\"https:\/\/www.welovecycling.com\/sk\/2021\/12\/06\/absolute-black-oval-boost-148-rainbow-skusenosti-s-mojim-prvym-ovalom\/#breadcrumb\"},\"inLanguage\":\"sk-SK\",\"potentialAction\":[{\"@type\":\"ReadAction\",\"target\":[\"https:\/\/www.welovecycling.com\/sk\/2021\/12\/06\/absolute-black-oval-boost-148-rainbow-skusenosti-s-mojim-prvym-ovalom\/\"]}]},{\"@type\":\"ImageObject\",\"inLanguage\":\"sk-SK\",\"@id\":\"https:\/\/www.welovecycling.com\/sk\/2021\/12\/06\/absolute-black-oval-boost-148-rainbow-skusenosti-s-mojim-prvym-ovalom\/#primaryimage\",\"url\":\"https:\/\/d2p6e6u75xmxt8.cloudfront.net\/4\/2021\/11\/oval_00.webp\",\"contentUrl\":\"https:\/\/d2p6e6u75xmxt8.cloudfront.net\/4\/2021\/11\/oval_00.webp\",\"width\":1380,\"height\":600},{\"@type\":\"BreadcrumbList\",\"@id\":\"https:\/\/www.welovecycling.com\/sk\/2021\/12\/06\/absolute-black-oval-boost-148-rainbow-skusenosti-s-mojim-prvym-ovalom\/#breadcrumb\",\"itemListElement\":[{\"@type\":\"ListItem\",\"position\":1,\"name\":\"Home\",\"item\":\"https:\/\/www.welovecycling.com\/sk\/\"},{\"@type\":\"ListItem\",\"position\":2,\"name\":\"Absolute Black Oval Boost 148 rainbow &#8211; sk\u00fasenosti s moj\u00edm prv\u00fdm ov\u00e1lom\"}]},{\"@type\":\"WebSite\",\"@id\":\"https:\/\/www.welovecycling.com\/sk\/#website\",\"url\":\"https:\/\/www.welovecycling.com\/sk\/\",\"name\":\"\u0160koda We Love Cycling Slovensko\",\"description\":\"\u0160koda We Love Cycling Slovensko je v\u00e1\u0161 ka\u017edodenn\u00fd zdroj noviniek a in\u0161pir\u00e1cie z sveta cyklistiky\",\"potentialAction\":[{\"@type\":\"SearchAction\",\"target\":{\"@type\":\"EntryPoint\",\"urlTemplate\":\"https:\/\/www.welovecycling.com\/sk\/?s={search_term_string}\"},\"query-input\":{\"@type\":\"PropertyValueSpecification\",\"valueRequired\":true,\"valueName\":\"search_term_string\"}}],\"inLanguage\":\"sk-SK\"},{\"@type\":\"Person\",\"@id\":\"\",\"url\":\"https:\/\/www.welovecycling.com\/sk\/author\/\"}]}<\/script>\n<!-- \/ Yoast SEO Premium plugin. -->","yoast_head_json":{"title":"Absolute Black Oval Boost 148 rainbow - sk\u00fasenosti s moj\u00edm prv\u00fdm ov\u00e1lom - \u0160koda We Love Cycling Slovensko","description":"Ov\u00e1lne prevodn\u00edky s\u00fa tu s nami s\u00edce u\u017e nejak\u00fd ten rok, no ve\u013ea \u013eud\u00ed s n\u00edm doposia\u013e nemalo re\u00e1lne sk\u00fasenosti. Podobne som bol na tom e\u0161te doned\u00e1vna aj ja.","robots":{"index":"index","follow":"follow","max-snippet":"max-snippet:-1","max-image-preview":"max-image-preview:large","max-video-preview":"max-video-preview:-1"},"canonical":"https:\/\/www.welovecycling.com\/sk\/2021\/12\/06\/absolute-black-oval-boost-148-rainbow-skusenosti-s-mojim-prvym-ovalom\/","og_locale":"sk_SK","og_type":"article","og_title":"Absolute Black Oval Boost 148 rainbow - sk\u00fasenosti s moj\u00edm prv\u00fdm ov\u00e1lom","og_description":"Ov\u00e1lne prevodn\u00edky s\u00fa tu s nami s\u00edce u\u017e nejak\u00fd ten rok, no ve\u013ea \u013eud\u00ed s n\u00edm doposia\u013e nemalo re\u00e1lne sk\u00fasenosti. Podobne som bol na tom e\u0161te doned\u00e1vna aj ja.","og_url":"https:\/\/www.welovecycling.com\/sk\/2021\/12\/06\/absolute-black-oval-boost-148-rainbow-skusenosti-s-mojim-prvym-ovalom\/","og_site_name":"\u0160koda We Love Cycling Slovensko","article_published_time":"2021-12-06T09:00:07+00:00","og_image":[{"width":1380,"height":600,"url":"https:\/\/d2p6e6u75xmxt8.cloudfront.net\/4\/2021\/11\/oval_00.webp","type":"image\/webp"}],"twitter_card":"summary_large_image","twitter_misc":{"Written by":"Andrej Turek","Est. reading time":"6"},"schema":{"@context":"https:\/\/schema.org","@graph":[{"@type":"WebPage","@id":"https:\/\/www.welovecycling.com\/sk\/2021\/12\/06\/absolute-black-oval-boost-148-rainbow-skusenosti-s-mojim-prvym-ovalom\/","url":"https:\/\/www.welovecycling.com\/sk\/2021\/12\/06\/absolute-black-oval-boost-148-rainbow-skusenosti-s-mojim-prvym-ovalom\/","name":"Absolute Black Oval Boost 148 rainbow - sk\u00fasenosti s moj\u00edm prv\u00fdm ov\u00e1lom - \u0160koda We Love Cycling Slovensko","isPartOf":{"@id":"https:\/\/www.welovecycling.com\/sk\/#website"},"primaryImageOfPage":{"@id":"https:\/\/www.welovecycling.com\/sk\/2021\/12\/06\/absolute-black-oval-boost-148-rainbow-skusenosti-s-mojim-prvym-ovalom\/#primaryimage"},"image":{"@id":"https:\/\/www.welovecycling.com\/sk\/2021\/12\/06\/absolute-black-oval-boost-148-rainbow-skusenosti-s-mojim-prvym-ovalom\/#primaryimage"},"thumbnailUrl":"https:\/\/d2p6e6u75xmxt8.cloudfront.net\/4\/2021\/11\/oval_00.webp","datePublished":"2021-12-06T09:00:07+00:00","author":{"@id":""},"description":"Ov\u00e1lne prevodn\u00edky s\u00fa tu s nami s\u00edce u\u017e nejak\u00fd ten rok, no ve\u013ea \u013eud\u00ed s n\u00edm doposia\u013e nemalo re\u00e1lne sk\u00fasenosti. Podobne som bol na tom e\u0161te doned\u00e1vna aj ja.","breadcrumb":{"@id":"https:\/\/www.welovecycling.com\/sk\/2021\/12\/06\/absolute-black-oval-boost-148-rainbow-skusenosti-s-mojim-prvym-ovalom\/#breadcrumb"},"inLanguage":"sk-SK","potentialAction":[{"@type":"ReadAction","target":["https:\/\/www.welovecycling.com\/sk\/2021\/12\/06\/absolute-black-oval-boost-148-rainbow-skusenosti-s-mojim-prvym-ovalom\/"]}]},{"@type":"ImageObject","inLanguage":"sk-SK","@id":"https:\/\/www.welovecycling.com\/sk\/2021\/12\/06\/absolute-black-oval-boost-148-rainbow-skusenosti-s-mojim-prvym-ovalom\/#primaryimage","url":"https:\/\/d2p6e6u75xmxt8.cloudfront.net\/4\/2021\/11\/oval_00.webp","contentUrl":"https:\/\/d2p6e6u75xmxt8.cloudfront.net\/4\/2021\/11\/oval_00.webp","width":1380,"height":600},{"@type":"BreadcrumbList","@id":"https:\/\/www.welovecycling.com\/sk\/2021\/12\/06\/absolute-black-oval-boost-148-rainbow-skusenosti-s-mojim-prvym-ovalom\/#breadcrumb","itemListElement":[{"@type":"ListItem","position":1,"name":"Home","item":"https:\/\/www.welovecycling.com\/sk\/"},{"@type":"ListItem","position":2,"name":"Absolute Black Oval Boost 148 rainbow &#8211; sk\u00fasenosti s moj\u00edm prv\u00fdm ov\u00e1lom"}]},{"@type":"WebSite","@id":"https:\/\/www.welovecycling.com\/sk\/#website","url":"https:\/\/www.welovecycling.com\/sk\/","name":"\u0160koda We Love Cycling Slovensko","description":"\u0160koda We Love Cycling Slovensko je v\u00e1\u0161 ka\u017edodenn\u00fd zdroj noviniek a in\u0161pir\u00e1cie z sveta cyklistiky","potentialAction":[{"@type":"SearchAction","target":{"@type":"EntryPoint","urlTemplate":"https:\/\/www.welovecycling.com\/sk\/?s={search_term_string}"},"query-input":{"@type":"PropertyValueSpecification","valueRequired":true,"valueName":"search_term_string"}}],"inLanguage":"sk-SK"},{"@type":"Person","@id":"","url":"https:\/\/www.welovecycling.com\/sk\/author\/"}]}},"_links":{"self":[{"href":"https:\/\/www.welovecycling.com\/sk\/wp-json\/wp\/v2\/posts\/13409","targetHints":{"allow":["GET"]}}],"collection":[{"href":"https:\/\/www.welovecycling.com\/sk\/wp-json\/wp\/v2\/posts"}],"about":[{"href":"https:\/\/www.welovecycling.com\/sk\/wp-json\/wp\/v2\/types\/post"}],"author":[{"embeddable":true,"href":"https:\/\/www.welovecycling.com\/sk\/wp-json\/wp\/v2\/users\/81"}],"replies":[{"embeddable":true,"href":"https:\/\/www.welovecycling.com\/sk\/wp-json\/wp\/v2\/comments?post=13409"}],"version-history":[{"count":2,"href":"https:\/\/www.welovecycling.com\/sk\/wp-json\/wp\/v2\/posts\/13409\/revisions"}],"predecessor-version":[{"id":13431,"href":"https:\/\/www.welovecycling.com\/sk\/wp-json\/wp\/v2\/posts\/13409\/revisions\/13431"}],"wp:featuredmedia":[{"embeddable":true,"href":"https:\/\/www.welovecycling.com\/sk\/wp-json\/wp\/v2\/media\/13411"}],"wp:attachment":[{"href":"https:\/\/www.welovecycling.com\/sk\/wp-json\/wp\/v2\/media?parent=13409"}],"wp:term":[{"taxonomy":"category","embeddable":true,"href":"https:\/\/www.welovecycling.com\/sk\/wp-json\/wp\/v2\/categories?post=13409"},{"taxonomy":"post_tag","embeddable":true,"href":"https:\/\/www.welovecycling.com\/sk\/wp-json\/wp\/v2\/tags?post=13409"},{"taxonomy":"global-categories","embeddable":true,"href":"https:\/\/www.welovecycling.com\/sk\/wp-json\/wp\/v2\/global-categories?post=13409"}],"curies":[{"name":"wp","href":"https:\/\/api.w.org\/{rel}","templated":true}]}}