{"id":13375,"date":"2021-11-24T10:00:51","date_gmt":"2021-11-24T09:00:51","guid":{"rendered":"https:\/\/www.welovecycling.com\/sk\/?p=13375"},"modified":"2021-11-16T10:36:11","modified_gmt":"2021-11-16T09:36:11","slug":"red-bull-illume-2021-fotky-ktore-vyrazaju-dych","status":"publish","type":"post","link":"https:\/\/www.welovecycling.com\/sk\/2021\/11\/24\/red-bull-illume-2021-fotky-ktore-vyrazaju-dych\/","title":{"rendered":"Red Bull Illume 2021 \u2013 fotky, ktor\u00e9 vyr\u00e1\u017eaj\u00fa dych"},"content":{"rendered":"<p><strong>Red Bull Illume 2021 je najv\u00e4\u010d\u0161ia celosvetov\u00e1 fotografick\u00e1 s\u00fa\u0165a\u017e, zameran\u00e1 na \u0161portov\u00e9 a\u00a0dobrodru\u017en\u00e9 obr\u00e1zky, ktor\u00e9 skuto\u010dne vyr\u00e1\u017eaj\u00fa dych. Fotografie prekvapia \u00fa\u017easne zachyten\u00fdmi momentmi, ale aj umeleckou kvalitou. Ako u\u017e n\u00e1zov napoved\u00e1, organiz\u00e1torom tejto akcie je Red Bull. Mnoh\u00e9 z\u00a0fotiek s\u00fa zachyten\u00e9 pr\u00e1ve na ich akci\u00e1ch. Nie je to v\u0161ak podmienkou \u00fa\u010dasti.<\/strong><!--more--><\/p>\n<figure id=\"attachment_13379\" aria-describedby=\"caption-attachment-13379\" style=\"width: 1200px\" class=\"wp-caption alignnone\"><a href=\"https:\/\/d2p6e6u75xmxt8.cloudfront.net\/4\/2021\/11\/Red-Bull-Illume_01.jpg\"><img loading=\"lazy\" decoding=\"async\" class=\"size-full wp-image-13379\" src=\"https:\/\/d2p6e6u75xmxt8.cloudfront.net\/4\/2021\/11\/Red-Bull-Illume_01.jpg\" alt=\"Red Bull Illume 2021\" width=\"1200\" height=\"800\" \/><\/a><figcaption id=\"caption-attachment-13379\" class=\"wp-caption-text\">Foto: Denis Klero \/ Red Bull Illume<\/figcaption><\/figure>\n<div class=\"shortcode-ys-post-pinup\"><article class=\"loop-simple post-13113 post type-post status-publish format-standard has-post-thumbnail hentry category-mtb category-podujatia tag-adrenalin tag-bezpecnost tag-freeride tag-jazda tag-jazdec tag-motivacia tag-mtb tag-nebezpecenstvo tag-pad tag-red-bull tag-rampage tag-sezona-2021 tag-technika tag-trat tag-trik tag-usa global-categories-cycling\" data-postid=\"13113\" role=\"article\" data-post-id=\"13113\" data-word-count=\"329\" data-headline-length=\"21\" data-category=\"MTB\" data-global-category=\"Cycling\" data-author=\"Radovan Vr\u0161ka\" data-published=\"2021-10-13T10:00:18+02:00\" data-published-day=\"Wednesday\">\n    <div class=\"entry-thumbnail article-thumbnail\" content=\"https:\/\/d2p6e6u75xmxt8.cloudfront.net\/4\/2021\/10\/Red-Bull-Rampage_00-150x150.webp\"><a href=\"https:\/\/www.welovecycling.com\/sk\/2021\/10\/13\/red-bull-rampage-2021\/\" class=\"image-holder\" target=\"_self\"><img decoding=\"async\" loading=\"lazy\" class=\"\" src=\"https:\/\/d2p6e6u75xmxt8.cloudfront.net\/4\/2021\/10\/Red-Bull-Rampage_00-1024x445.webp\" srcset=\"https:\/\/d2p6e6u75xmxt8.cloudfront.net\/4\/2021\/10\/Red-Bull-Rampage_00.webp 1380w, https:\/\/d2p6e6u75xmxt8.cloudfront.net\/4\/2021\/10\/Red-Bull-Rampage_00-300x130.webp 300w, https:\/\/d2p6e6u75xmxt8.cloudfront.net\/4\/2021\/10\/Red-Bull-Rampage_00-1024x445.webp 1024w, https:\/\/d2p6e6u75xmxt8.cloudfront.net\/4\/2021\/10\/Red-Bull-Rampage_00-768x334.webp 768w\" width=\"1024\" height=\"445\" sizes=\"auto, (min-width: 1200px) 460px, (min-width: 768px) 38vw, 100vw\" alt=\"red-bull-rampage-2021\"\/><\/a><\/div>    <div class=\"entry-meta\">\n        <a class=\"label label-secondary post-category\" href=\"https:\/\/www.welovecycling.com\/sk\/category\/mtb\/\" title=\"MTB\">MTB<\/a>\n    <\/div>\n    <div class=\"entry-details\">\n        <a href=\"https:\/\/www.welovecycling.com\/sk\/2021\/10\/13\/red-bull-rampage-2021\/\" class='entry-title-wrapper'>\n            <h3 class=\"entry-title\"><span>Red Bull Rampage 2021<\/span><\/h3>\n        <\/a>\n    <\/div>\n    <\/article>\n<\/div>\n<h2><strong>\u010co je l\u00e1kadlom s\u00fa\u0165a\u017ee Red Bull Illume 2021?<\/strong><\/h2>\n<p>Od marca do konca augusta prebiehalo prihlasovanie s\u00fa\u0165a\u017en\u00fdch fotografi\u00ed. Na konci roka porota zlo\u017een\u00e1 z\u00a0p\u00e4\u0165desiatich expertov rozhodne o v\u00ed\u0165azoch v jednotliv\u00fdch kateg\u00f3ri\u00e1ch. Ka\u017ed\u00fd rok prib\u00fadaj\u00fa nov\u00e9 kateg\u00f3rie, nako\u013eko z\u00e1ujem o\u00a0\u00fa\u010das\u0165 je ve\u013ek\u00e1. Ale \u010do je asi najl\u00e1kavej\u0161ie je fakt, \u017ee v\u00ed\u0165az z\u00edskava 200 000 \u20ac. V\u00ed\u0165azov budeme pozna\u0165 v priebehu mesiaca november. Zatia\u013e si m\u00f4\u017eete na <a href=\"https:\/\/www.redbullillume.com\/gallery\/2021\" target=\"_blank\" rel=\"noopener\">tomto odkaze<\/a> pozrie\u0165 semifinalistov, ktor\u00fdch fotky tu prib\u00fadaj\u00fa ka\u017ed\u00fd utorok.<\/p>\n<figure id=\"attachment_13380\" aria-describedby=\"caption-attachment-13380\" style=\"width: 1200px\" class=\"wp-caption alignnone\"><a href=\"https:\/\/d2p6e6u75xmxt8.cloudfront.net\/4\/2021\/11\/Red-Bull-Illume_2.jpg\"><img loading=\"lazy\" decoding=\"async\" class=\"size-full wp-image-13380\" src=\"https:\/\/d2p6e6u75xmxt8.cloudfront.net\/4\/2021\/11\/Red-Bull-Illume_2.jpg\" alt=\"Red Bull Illume 2021\" width=\"1200\" height=\"800\" \/><\/a><figcaption id=\"caption-attachment-13380\" class=\"wp-caption-text\">Foto: Dylan Sherrard \/ Red Bull Illume<\/figcaption><\/figure>\n<p>Vzh\u013eadom na celosvetov\u00fa situ\u00e1ciu a mno\u017estvo \u0161portov\u00fdch udalost\u00ed, ktor\u00e9 boli v\u00a0roku 2020 zru\u0161en\u00e9, sa minul\u00fd rok s\u00fa\u0165a\u017e nekonala. Ale\u00a0aj napriek tomu sa podarilo nafoti\u0165 ve\u013ek\u00e9 mno\u017estvo skvel\u00fdch fotiek. Tohtoro\u010dn\u00e1 \u00fa\u010das\u0165 prekonala v\u0161etky o\u010dak\u00e1vania. Prihl\u00e1sen\u00fdch bolo 41 447 fotografi\u00ed. Pre porovnanie v\u00a0prvom ro\u010dn\u00edku v\u00a0roku 2007 s\u00fa\u0165a\u017eilo 7 500 fotografi\u00ed.<\/p>\n<figure id=\"attachment_13381\" aria-describedby=\"caption-attachment-13381\" style=\"width: 1200px\" class=\"wp-caption alignnone\"><a href=\"https:\/\/d2p6e6u75xmxt8.cloudfront.net\/4\/2021\/11\/Red-Bull-Illume_03.jpg\"><img loading=\"lazy\" decoding=\"async\" class=\"size-full wp-image-13381\" src=\"https:\/\/d2p6e6u75xmxt8.cloudfront.net\/4\/2021\/11\/Red-Bull-Illume_03.jpg\" alt=\"Red Bull Illume 2021\" width=\"1200\" height=\"800\" \/><\/a><figcaption id=\"caption-attachment-13381\" class=\"wp-caption-text\">Foto: Hugo Silva \/ Red Bull Illume<\/figcaption><\/figure>\n<p>Samozrejme vybral som pre v\u00e1s zop\u00e1r zauj\u00edmav\u00fdch fotografi\u00ed z\u00a0oblasti cyklistiky. Tie pote\u0161ia oko ka\u017ed\u00e9ho nad\u0161enca a\u00a0fan\u00fa\u0161ika tohto skvel\u00e9ho \u0161portu. Tak ako aj po minul\u00e9 roky, fotografie ocenen\u00fdch v\u00ed\u0165azov sa objavia na viacer\u00fdch v\u00fdstav\u00e1ch v Amerike, ale aj v Eur\u00f3pe.<\/p>\n<div data-rows=\"2\" id='gallery-1' class='gallery-rows-2 gallery galleryid-13113 gallery-columns-2 gallery-size-full'><figure class='gallery-item'>\n\t\t\t<div class='gallery-icon landscape'>\n\t\t\t\t<a href='https:\/\/d2p6e6u75xmxt8.cloudfront.net\/4\/2021\/11\/Red-Bull-Illume_05.webp'><img loading=\"lazy\" decoding=\"async\" width=\"1200\" height=\"800\" src=\"https:\/\/d2p6e6u75xmxt8.cloudfront.net\/4\/2021\/11\/Red-Bull-Illume_05.webp\" class=\"attachment-full size-full\" alt=\"\" aria-describedby=\"gallery-1-13383\" srcset=\"https:\/\/d2p6e6u75xmxt8.cloudfront.net\/4\/2021\/11\/Red-Bull-Illume_05.webp 1200w, https:\/\/d2p6e6u75xmxt8.cloudfront.net\/4\/2021\/11\/Red-Bull-Illume_05-300x200.webp 300w, https:\/\/d2p6e6u75xmxt8.cloudfront.net\/4\/2021\/11\/Red-Bull-Illume_05-1024x683.webp 1024w, https:\/\/d2p6e6u75xmxt8.cloudfront.net\/4\/2021\/11\/Red-Bull-Illume_05-768x512.webp 768w, https:\/\/d2p6e6u75xmxt8.cloudfront.net\/4\/2021\/11\/Red-Bull-Illume_05-272x182.webp 272w\" sizes=\"auto, (max-width: 1200px) 100vw, 1200px\" \/><\/a>\n\t\t\t<\/div>\n\t\t\t\t<figcaption class='wp-caption-text gallery-caption' id='gallery-1-13383'>\n\t\t\t\tFoto: Bartek Woli\u0144ski\n\t\t\t\t<\/figcaption><\/figure><figure class='gallery-item'>\n\t\t\t<div class='gallery-icon landscape'>\n\t\t\t\t<a href='https:\/\/d2p6e6u75xmxt8.cloudfront.net\/4\/2021\/11\/Red-Bull-Illume_04.webp'><img loading=\"lazy\" decoding=\"async\" width=\"1200\" height=\"800\" src=\"https:\/\/d2p6e6u75xmxt8.cloudfront.net\/4\/2021\/11\/Red-Bull-Illume_04.webp\" class=\"attachment-full size-full\" alt=\"Red Bull Illume 2021\" aria-describedby=\"gallery-1-13382\" srcset=\"https:\/\/d2p6e6u75xmxt8.cloudfront.net\/4\/2021\/11\/Red-Bull-Illume_04.webp 1200w, https:\/\/d2p6e6u75xmxt8.cloudfront.net\/4\/2021\/11\/Red-Bull-Illume_04-300x200.webp 300w, https:\/\/d2p6e6u75xmxt8.cloudfront.net\/4\/2021\/11\/Red-Bull-Illume_04-1024x683.webp 1024w, https:\/\/d2p6e6u75xmxt8.cloudfront.net\/4\/2021\/11\/Red-Bull-Illume_04-768x512.webp 768w, https:\/\/d2p6e6u75xmxt8.cloudfront.net\/4\/2021\/11\/Red-Bull-Illume_04-272x182.webp 272w\" sizes=\"auto, (max-width: 1200px) 100vw, 1200px\" \/><\/a>\n\t\t\t<\/div>\n\t\t\t\t<figcaption class='wp-caption-text gallery-caption' id='gallery-1-13382'>\n\t\t\t\tFoto: Kevin Molano\n\t\t\t\t<\/figcaption><\/figure>\n\t\t<\/div>\n        \n<p>Okrem pe\u0148a\u017enej v\u00fdhry z\u00edskava skvel\u00fd pocit ka\u017ed\u00fd, kto sa z\u00fa\u010dastn\u00ed takejto prest\u00ed\u017enej s\u00fa\u0165a\u017ee &#8211; Red Bull Illume 2021. Tak\u017ee to m\u00f4\u017ee by\u0165 motiv\u00e1cia aj pre v\u00e1s, aby ste sa bud\u00faci rok prihl\u00e1sili.<\/p>\n","protected":false},"excerpt":{"rendered":"<p>Red Bull Illume 2021 je najv\u00e4\u010d\u0161ia celosvetov\u00e1 fotografick\u00e1 s\u00fa\u0165a\u017e, zameran\u00e1 na \u0161portov\u00e9 a\u00a0dobrodru\u017en\u00e9 obr\u00e1zky, ktor\u00e9 skuto\u010dne vyr\u00e1\u017eaj\u00fa dych. Fotografie prekvapia [&hellip;]<\/p>\n","protected":false},"author":81,"featured_media":13378,"comment_status":"open","ping_status":"open","sticky":false,"template":"","format":"standard","meta":{"footnotes":""},"categories":[47,3],"tags":[319,855,856,620,412,302,1409,72],"global-categories":[1074],"class_list":["post-13375","post","type-post","status-publish","format-standard","has-post-thumbnail","hentry","category-adrenalin","category-mtb","tag-adrenalin","tag-fotenie","tag-fotky","tag-fotograf","tag-mtb","tag-red-bull","tag-red-bull-illume-2021","tag-sutaz","global-categories-cycling"],"yoast_head":"<!-- This site is optimized with the Yoast SEO Premium plugin v25.3 (Yoast SEO v25.9) - https:\/\/yoast.com\/wordpress\/plugins\/seo\/ -->\n<title>Red Bull Illume 2021 \u2013 fotky, ktor\u00e9 vyr\u00e1\u017eaj\u00fa dych - \u0160koda We Love Cycling Slovensko<\/title>\n<meta name=\"description\" content=\"Najv\u00e4\u010d\u0161ia celosvetov\u00e1 fotografick\u00e1 s\u00fa\u0165a\u017e, zameran\u00e1 na \u0161portov\u00e9 a\u00a0dobrodru\u017en\u00e9 obr\u00e1zky, ktor\u00e9 skuto\u010dne vyr\u00e1\u017eaj\u00fa dych. Fotografie prekvapia.\" \/>\n<meta name=\"robots\" content=\"index, follow, max-snippet:-1, max-image-preview:large, max-video-preview:-1\" \/>\n<link rel=\"canonical\" href=\"https:\/\/www.welovecycling.com\/sk\/2021\/11\/24\/red-bull-illume-2021-fotky-ktore-vyrazaju-dych\/\" \/>\n<meta property=\"og:locale\" content=\"sk_SK\" \/>\n<meta property=\"og:type\" content=\"article\" \/>\n<meta property=\"og:title\" content=\"Red Bull Illume 2021 \u2013 fotky, ktor\u00e9 vyr\u00e1\u017eaj\u00fa dych\" \/>\n<meta property=\"og:description\" content=\"Najv\u00e4\u010d\u0161ia celosvetov\u00e1 fotografick\u00e1 s\u00fa\u0165a\u017e, zameran\u00e1 na \u0161portov\u00e9 a\u00a0dobrodru\u017en\u00e9 obr\u00e1zky, ktor\u00e9 skuto\u010dne vyr\u00e1\u017eaj\u00fa dych. Fotografie prekvapia.\" \/>\n<meta property=\"og:url\" content=\"https:\/\/www.welovecycling.com\/sk\/2021\/11\/24\/red-bull-illume-2021-fotky-ktore-vyrazaju-dych\/\" \/>\n<meta property=\"og:site_name\" content=\"\u0160koda We Love Cycling Slovensko\" \/>\n<meta property=\"article:published_time\" content=\"2021-11-24T09:00:51+00:00\" \/>\n<meta property=\"og:image\" content=\"https:\/\/d2p6e6u75xmxt8.cloudfront.net\/4\/2021\/11\/Red-Bull-Illume_00.webp\" \/>\n\t<meta property=\"og:image:width\" content=\"1380\" \/>\n\t<meta property=\"og:image:height\" content=\"600\" \/>\n\t<meta property=\"og:image:type\" content=\"image\/webp\" \/>\n<meta name=\"twitter:card\" content=\"summary_large_image\" \/>\n<meta name=\"twitter:label1\" content=\"Written by\" \/>\n\t<meta name=\"twitter:data1\" content=\"Radovan Vr\u0161ka\" \/>\n\t<meta name=\"twitter:label2\" content=\"Est. reading time\" \/>\n\t<meta name=\"twitter:data2\" content=\"2\" \/>\n<script type=\"application\/ld+json\" class=\"yoast-schema-graph\">{\"@context\":\"https:\/\/schema.org\",\"@graph\":[{\"@type\":\"WebPage\",\"@id\":\"https:\/\/www.welovecycling.com\/sk\/2021\/11\/24\/red-bull-illume-2021-fotky-ktore-vyrazaju-dych\/\",\"url\":\"https:\/\/www.welovecycling.com\/sk\/2021\/11\/24\/red-bull-illume-2021-fotky-ktore-vyrazaju-dych\/\",\"name\":\"Red Bull Illume 2021 \u2013 fotky, ktor\u00e9 vyr\u00e1\u017eaj\u00fa dych - \u0160koda We Love Cycling Slovensko\",\"isPartOf\":{\"@id\":\"https:\/\/www.welovecycling.com\/sk\/#website\"},\"primaryImageOfPage\":{\"@id\":\"https:\/\/www.welovecycling.com\/sk\/2021\/11\/24\/red-bull-illume-2021-fotky-ktore-vyrazaju-dych\/#primaryimage\"},\"image\":{\"@id\":\"https:\/\/www.welovecycling.com\/sk\/2021\/11\/24\/red-bull-illume-2021-fotky-ktore-vyrazaju-dych\/#primaryimage\"},\"thumbnailUrl\":\"https:\/\/d2p6e6u75xmxt8.cloudfront.net\/4\/2021\/11\/Red-Bull-Illume_00.webp\",\"datePublished\":\"2021-11-24T09:00:51+00:00\",\"author\":{\"@id\":\"\"},\"description\":\"Najv\u00e4\u010d\u0161ia celosvetov\u00e1 fotografick\u00e1 s\u00fa\u0165a\u017e, zameran\u00e1 na \u0161portov\u00e9 a\u00a0dobrodru\u017en\u00e9 obr\u00e1zky, ktor\u00e9 skuto\u010dne vyr\u00e1\u017eaj\u00fa dych. Fotografie prekvapia.\",\"breadcrumb\":{\"@id\":\"https:\/\/www.welovecycling.com\/sk\/2021\/11\/24\/red-bull-illume-2021-fotky-ktore-vyrazaju-dych\/#breadcrumb\"},\"inLanguage\":\"sk-SK\",\"potentialAction\":[{\"@type\":\"ReadAction\",\"target\":[\"https:\/\/www.welovecycling.com\/sk\/2021\/11\/24\/red-bull-illume-2021-fotky-ktore-vyrazaju-dych\/\"]}]},{\"@type\":\"ImageObject\",\"inLanguage\":\"sk-SK\",\"@id\":\"https:\/\/www.welovecycling.com\/sk\/2021\/11\/24\/red-bull-illume-2021-fotky-ktore-vyrazaju-dych\/#primaryimage\",\"url\":\"https:\/\/d2p6e6u75xmxt8.cloudfront.net\/4\/2021\/11\/Red-Bull-Illume_00.webp\",\"contentUrl\":\"https:\/\/d2p6e6u75xmxt8.cloudfront.net\/4\/2021\/11\/Red-Bull-Illume_00.webp\",\"width\":1380,\"height\":600,\"caption\":\"Photographer: Scott Cody, Athlete: Westley Cody, Location: Utah, United States About the shot: Westley and I started our road trip in Green River, Utah, where we had been a few times before and as amazing and unique as the landscape is, it\u2019s also been in dozens of mountain bike videos and countless magazine images with riders that have way more talent than we do. Not able to come up with anything particularly unique, we packed it up and headed to camp. Rinse and repeat for a couple of days. Amazing landscapes, ridden by way better riders. One morning, as we were heading out to another location, Westley spotted a man-made hole in a cliff off the side of the road. \u201cHey, let\u2019s check that out\u201d, he blurted out. Golden hour was hours away and we were just out driving around the desert, so why not. We parked and, convinced the entrance would be barred, walked over to the entrance\u2026 with a headlamp, just in case. Turns out the bars had been removed and there was evidence of a lot of foot traffic in and out of the tunnel. About 100 feet into the tunnel, Westley noticed that the 6 foot high ceiling briefly opened to about 15 feet high. He turned to me and said, \u201cYou know, I think I could jump my bike in here\u2026\u201d We spent the next 2 afternoons in that tunnel. Light was provided by a large strobe at the back of the tunnel and two speedlights tucked up in the ceiling. All images are free for editorial use in the context of Red Bull Illume. We only ask that you credit the photographer and Red Bull Illume (\u00a9 Photographer \/ Red Bull Illume). \/\/ SI202110280431 \/\/ Usage for editorial use only \/\/\"},{\"@type\":\"BreadcrumbList\",\"@id\":\"https:\/\/www.welovecycling.com\/sk\/2021\/11\/24\/red-bull-illume-2021-fotky-ktore-vyrazaju-dych\/#breadcrumb\",\"itemListElement\":[{\"@type\":\"ListItem\",\"position\":1,\"name\":\"Home\",\"item\":\"https:\/\/www.welovecycling.com\/sk\/\"},{\"@type\":\"ListItem\",\"position\":2,\"name\":\"Red Bull Illume 2021 \u2013 fotky, ktor\u00e9 vyr\u00e1\u017eaj\u00fa dych\"}]},{\"@type\":\"WebSite\",\"@id\":\"https:\/\/www.welovecycling.com\/sk\/#website\",\"url\":\"https:\/\/www.welovecycling.com\/sk\/\",\"name\":\"\u0160koda We Love Cycling Slovensko\",\"description\":\"\u0160koda We Love Cycling Slovensko je v\u00e1\u0161 ka\u017edodenn\u00fd zdroj noviniek a in\u0161pir\u00e1cie z sveta cyklistiky\",\"potentialAction\":[{\"@type\":\"SearchAction\",\"target\":{\"@type\":\"EntryPoint\",\"urlTemplate\":\"https:\/\/www.welovecycling.com\/sk\/?s={search_term_string}\"},\"query-input\":{\"@type\":\"PropertyValueSpecification\",\"valueRequired\":true,\"valueName\":\"search_term_string\"}}],\"inLanguage\":\"sk-SK\"},{\"@type\":\"Person\",\"@id\":\"\",\"url\":\"https:\/\/www.welovecycling.com\/sk\/author\/\"}]}<\/script>\n<!-- \/ Yoast SEO Premium plugin. -->","yoast_head_json":{"title":"Red Bull Illume 2021 \u2013 fotky, ktor\u00e9 vyr\u00e1\u017eaj\u00fa dych - \u0160koda We Love Cycling Slovensko","description":"Najv\u00e4\u010d\u0161ia celosvetov\u00e1 fotografick\u00e1 s\u00fa\u0165a\u017e, zameran\u00e1 na \u0161portov\u00e9 a\u00a0dobrodru\u017en\u00e9 obr\u00e1zky, ktor\u00e9 skuto\u010dne vyr\u00e1\u017eaj\u00fa dych. Fotografie prekvapia.","robots":{"index":"index","follow":"follow","max-snippet":"max-snippet:-1","max-image-preview":"max-image-preview:large","max-video-preview":"max-video-preview:-1"},"canonical":"https:\/\/www.welovecycling.com\/sk\/2021\/11\/24\/red-bull-illume-2021-fotky-ktore-vyrazaju-dych\/","og_locale":"sk_SK","og_type":"article","og_title":"Red Bull Illume 2021 \u2013 fotky, ktor\u00e9 vyr\u00e1\u017eaj\u00fa dych","og_description":"Najv\u00e4\u010d\u0161ia celosvetov\u00e1 fotografick\u00e1 s\u00fa\u0165a\u017e, zameran\u00e1 na \u0161portov\u00e9 a\u00a0dobrodru\u017en\u00e9 obr\u00e1zky, ktor\u00e9 skuto\u010dne vyr\u00e1\u017eaj\u00fa dych. Fotografie prekvapia.","og_url":"https:\/\/www.welovecycling.com\/sk\/2021\/11\/24\/red-bull-illume-2021-fotky-ktore-vyrazaju-dych\/","og_site_name":"\u0160koda We Love Cycling Slovensko","article_published_time":"2021-11-24T09:00:51+00:00","og_image":[{"width":1380,"height":600,"url":"https:\/\/d2p6e6u75xmxt8.cloudfront.net\/4\/2021\/11\/Red-Bull-Illume_00.webp","type":"image\/webp"}],"twitter_card":"summary_large_image","twitter_misc":{"Written by":"Radovan Vr\u0161ka","Est. reading time":"2"},"schema":{"@context":"https:\/\/schema.org","@graph":[{"@type":"WebPage","@id":"https:\/\/www.welovecycling.com\/sk\/2021\/11\/24\/red-bull-illume-2021-fotky-ktore-vyrazaju-dych\/","url":"https:\/\/www.welovecycling.com\/sk\/2021\/11\/24\/red-bull-illume-2021-fotky-ktore-vyrazaju-dych\/","name":"Red Bull Illume 2021 \u2013 fotky, ktor\u00e9 vyr\u00e1\u017eaj\u00fa dych - \u0160koda We Love Cycling Slovensko","isPartOf":{"@id":"https:\/\/www.welovecycling.com\/sk\/#website"},"primaryImageOfPage":{"@id":"https:\/\/www.welovecycling.com\/sk\/2021\/11\/24\/red-bull-illume-2021-fotky-ktore-vyrazaju-dych\/#primaryimage"},"image":{"@id":"https:\/\/www.welovecycling.com\/sk\/2021\/11\/24\/red-bull-illume-2021-fotky-ktore-vyrazaju-dych\/#primaryimage"},"thumbnailUrl":"https:\/\/d2p6e6u75xmxt8.cloudfront.net\/4\/2021\/11\/Red-Bull-Illume_00.webp","datePublished":"2021-11-24T09:00:51+00:00","author":{"@id":""},"description":"Najv\u00e4\u010d\u0161ia celosvetov\u00e1 fotografick\u00e1 s\u00fa\u0165a\u017e, zameran\u00e1 na \u0161portov\u00e9 a\u00a0dobrodru\u017en\u00e9 obr\u00e1zky, ktor\u00e9 skuto\u010dne vyr\u00e1\u017eaj\u00fa dych. Fotografie prekvapia.","breadcrumb":{"@id":"https:\/\/www.welovecycling.com\/sk\/2021\/11\/24\/red-bull-illume-2021-fotky-ktore-vyrazaju-dych\/#breadcrumb"},"inLanguage":"sk-SK","potentialAction":[{"@type":"ReadAction","target":["https:\/\/www.welovecycling.com\/sk\/2021\/11\/24\/red-bull-illume-2021-fotky-ktore-vyrazaju-dych\/"]}]},{"@type":"ImageObject","inLanguage":"sk-SK","@id":"https:\/\/www.welovecycling.com\/sk\/2021\/11\/24\/red-bull-illume-2021-fotky-ktore-vyrazaju-dych\/#primaryimage","url":"https:\/\/d2p6e6u75xmxt8.cloudfront.net\/4\/2021\/11\/Red-Bull-Illume_00.webp","contentUrl":"https:\/\/d2p6e6u75xmxt8.cloudfront.net\/4\/2021\/11\/Red-Bull-Illume_00.webp","width":1380,"height":600,"caption":"Photographer: Scott Cody, Athlete: Westley Cody, Location: Utah, United States About the shot: Westley and I started our road trip in Green River, Utah, where we had been a few times before and as amazing and unique as the landscape is, it\u2019s also been in dozens of mountain bike videos and countless magazine images with riders that have way more talent than we do. Not able to come up with anything particularly unique, we packed it up and headed to camp. Rinse and repeat for a couple of days. Amazing landscapes, ridden by way better riders. One morning, as we were heading out to another location, Westley spotted a man-made hole in a cliff off the side of the road. \u201cHey, let\u2019s check that out\u201d, he blurted out. Golden hour was hours away and we were just out driving around the desert, so why not. We parked and, convinced the entrance would be barred, walked over to the entrance\u2026 with a headlamp, just in case. Turns out the bars had been removed and there was evidence of a lot of foot traffic in and out of the tunnel. About 100 feet into the tunnel, Westley noticed that the 6 foot high ceiling briefly opened to about 15 feet high. He turned to me and said, \u201cYou know, I think I could jump my bike in here\u2026\u201d We spent the next 2 afternoons in that tunnel. Light was provided by a large strobe at the back of the tunnel and two speedlights tucked up in the ceiling. All images are free for editorial use in the context of Red Bull Illume. We only ask that you credit the photographer and Red Bull Illume (\u00a9 Photographer \/ Red Bull Illume). \/\/ SI202110280431 \/\/ Usage for editorial use only \/\/"},{"@type":"BreadcrumbList","@id":"https:\/\/www.welovecycling.com\/sk\/2021\/11\/24\/red-bull-illume-2021-fotky-ktore-vyrazaju-dych\/#breadcrumb","itemListElement":[{"@type":"ListItem","position":1,"name":"Home","item":"https:\/\/www.welovecycling.com\/sk\/"},{"@type":"ListItem","position":2,"name":"Red Bull Illume 2021 \u2013 fotky, ktor\u00e9 vyr\u00e1\u017eaj\u00fa dych"}]},{"@type":"WebSite","@id":"https:\/\/www.welovecycling.com\/sk\/#website","url":"https:\/\/www.welovecycling.com\/sk\/","name":"\u0160koda We Love Cycling Slovensko","description":"\u0160koda We Love Cycling Slovensko je v\u00e1\u0161 ka\u017edodenn\u00fd zdroj noviniek a in\u0161pir\u00e1cie z sveta cyklistiky","potentialAction":[{"@type":"SearchAction","target":{"@type":"EntryPoint","urlTemplate":"https:\/\/www.welovecycling.com\/sk\/?s={search_term_string}"},"query-input":{"@type":"PropertyValueSpecification","valueRequired":true,"valueName":"search_term_string"}}],"inLanguage":"sk-SK"},{"@type":"Person","@id":"","url":"https:\/\/www.welovecycling.com\/sk\/author\/"}]}},"_links":{"self":[{"href":"https:\/\/www.welovecycling.com\/sk\/wp-json\/wp\/v2\/posts\/13375","targetHints":{"allow":["GET"]}}],"collection":[{"href":"https:\/\/www.welovecycling.com\/sk\/wp-json\/wp\/v2\/posts"}],"about":[{"href":"https:\/\/www.welovecycling.com\/sk\/wp-json\/wp\/v2\/types\/post"}],"author":[{"embeddable":true,"href":"https:\/\/www.welovecycling.com\/sk\/wp-json\/wp\/v2\/users\/81"}],"replies":[{"embeddable":true,"href":"https:\/\/www.welovecycling.com\/sk\/wp-json\/wp\/v2\/comments?post=13375"}],"version-history":[{"count":2,"href":"https:\/\/www.welovecycling.com\/sk\/wp-json\/wp\/v2\/posts\/13375\/revisions"}],"predecessor-version":[{"id":13395,"href":"https:\/\/www.welovecycling.com\/sk\/wp-json\/wp\/v2\/posts\/13375\/revisions\/13395"}],"wp:featuredmedia":[{"embeddable":true,"href":"https:\/\/www.welovecycling.com\/sk\/wp-json\/wp\/v2\/media\/13378"}],"wp:attachment":[{"href":"https:\/\/www.welovecycling.com\/sk\/wp-json\/wp\/v2\/media?parent=13375"}],"wp:term":[{"taxonomy":"category","embeddable":true,"href":"https:\/\/www.welovecycling.com\/sk\/wp-json\/wp\/v2\/categories?post=13375"},{"taxonomy":"post_tag","embeddable":true,"href":"https:\/\/www.welovecycling.com\/sk\/wp-json\/wp\/v2\/tags?post=13375"},{"taxonomy":"global-categories","embeddable":true,"href":"https:\/\/www.welovecycling.com\/sk\/wp-json\/wp\/v2\/global-categories?post=13375"}],"curies":[{"name":"wp","href":"https:\/\/api.w.org\/{rel}","templated":true}]}}