{"id":13352,"date":"2021-11-19T10:00:06","date_gmt":"2021-11-19T09:00:06","guid":{"rendered":"https:\/\/www.welovecycling.com\/sk\/?p=13352"},"modified":"2021-11-16T08:25:18","modified_gmt":"2021-11-16T07:25:18","slug":"preco-si-holit-nohy-a-preco-to-cyklisti-robia","status":"publish","type":"post","link":"https:\/\/www.welovecycling.com\/sk\/2021\/11\/19\/preco-si-holit-nohy-a-preco-to-cyklisti-robia\/","title":{"rendered":"Pre\u010do si holi\u0165 nohy a pre\u010do to cyklisti robia?"},"content":{"rendered":"<p><strong>Profesion\u00e1li na Tour de France s\u00fa zn\u00e1mi svojimi hladko oholen\u00fdmi nohami. Zamysleli ste sa niekedy nad t\u00fdm, pre\u010do to cyklisti robia? A mali by ste si za\u010da\u0165 holi\u0165 nohy aj vy? Pozrime sa bli\u017e\u0161ie na naj\u010dastej\u0161ie d\u00f4vody.<\/strong><\/p>\n<p><!--more--><\/p>\n<h2><strong>Oholen\u00e9 nohy s\u00fa r\u00fdchlej\u0161ie<\/strong><\/h2>\n<p>Hlavn\u00fdm d\u00f4vodom, pre\u010do to profesion\u00e1li robia, je aerodynamick\u00e1 v\u00fdhoda. V\u00fdrobca bicyklov Specialized sa rozhodol zmera\u0165, ak\u00fd ve\u013ek\u00fd rozdiel sp\u00f4sobia oholen\u00e9 nohy v porovnan\u00ed s chlpat\u00fdmi nohami pri bicyklovan\u00ed. Cyklistu s ve\u013emi chlpat\u00fdmi nohami otestovali v supermodernom aerodynamickom tuneli. Merali jeho v\u00fdkon s chlpmi, a potom bez nich. Zistili, \u017ee s oholen\u00fdmi nohami bol na 40 km r\u00fdchlej\u0161\u00ed o 82 sek\u00fand!<\/p>\n<div class=\"embed-controller-wrapper\">\n<div class=\"embed-wrapper\"><iframe title=\"The Win Tunnel: Shaved and Dangerous?\" width=\"500\" height=\"281\" data-src=\"https:\/\/www.youtube.com\/embed\/DZnrE17Jg3I?feature=oembed\" frameborder=\"0\" allow=\"accelerometer; autoplay; clipboard-write; encrypted-media; gyroscope; picture-in-picture; web-share\" referrerpolicy=\"strict-origin-when-cross-origin\" allowfullscreen><\/iframe><\/div>\n<\/div>\n<p>Cyklistick\u00e9 preteky sa vyhr\u00e1vaj\u00fa a prehr\u00e1vaj\u00fa na sekundy. Greg LeMond vyhral v roku 1989 Tour de France len o 8 sek\u00fand po troch t\u00fd\u017ed\u0148och pretekania. Oholen\u00e9 nohy sa ur\u010dite javia ako relevantn\u00fd faktor.<\/p>\n<h2><strong>Uk\u00e1za\u0165 oddanos\u0165<\/strong><\/h2>\n<p>Ve\u013ea z n\u00e1s, nad\u0161encov cyklistiky, chce ma\u0165 pocit, \u017ee niekam patr\u00edme. Sna\u017e\u00edme sa \u010do najlep\u0161ie napodob\u0148ova\u0165 na\u0161ich cyklistick\u00fdch hrdinov, vr\u00e1tane hladko oholen\u00fdch n\u00f4h. Holenie n\u00f4h je s\u00fa\u010das\u0165ou kult\u00fary cestnej cyklistiky. Mnoho amat\u00e9rskych cyklistov to rob\u00ed, aby uk\u00e1zali svoju oddanos\u0165 tomuto \u0161portu. A je to tie\u017e sp\u00f4sob, ako predvies\u0165 svoje perfektne vytvarovan\u00e9 nohy.<\/p>\n<h2><strong>Zlep\u0161uje mas\u00e1\u017e n\u00f4h<\/strong><\/h2>\n<p>Profesion\u00e1li dost\u00e1vaj\u00fa denne mas\u00e1\u017ee po\u010das etapov\u00fdch pretekov, ako je Tour de France. S\u00fa potrebn\u00e9 na podporu r\u00fdchleho zotavenia. Oholen\u00e9 nohy pom\u00e1haj\u00fa pri pou\u017e\u00edvan\u00ed mas\u00e1\u017enych olejov, ako aj pri pou\u017eit\u00ed zahrievac\u00edch kr\u00e9mov pred tr\u00e9ningom \u010di pretekmi.<\/p>\n<figure id=\"attachment_13354\" aria-describedby=\"caption-attachment-13354\" style=\"width: 1000px\" class=\"wp-caption alignnone\"><a href=\"https:\/\/d2p6e6u75xmxt8.cloudfront.net\/4\/2021\/11\/Time-trial-cyclist-profimedia-0255460151.jpg\"><img loading=\"lazy\" decoding=\"async\" class=\"size-full wp-image-13354\" src=\"https:\/\/d2p6e6u75xmxt8.cloudfront.net\/4\/2021\/11\/Time-trial-cyclist-profimedia-0255460151.jpg\" alt=\"Time trial\" width=\"1000\" height=\"665\" \/><\/a><figcaption id=\"caption-attachment-13354\" class=\"wp-caption-text\">Oholili by ste si nohy? \u00a9 Profimedia<\/figcaption><\/figure>\n<h2><strong>Aby ste sa \u013eah\u0161ie vysporiadali so \u0161krabancami<\/strong><\/h2>\n<p>\u0160krabance s\u00fa ne\u0161\u0165astnou s\u00fa\u010das\u0165ou cyklistiky rovnako pre prof\u00edkov, ako aj nad\u0161encov cyklistiky. Len s p\u00e1rom tenk\u00fdch cyklistick\u00fdch \u0161ortiek a dresom v\u00e1s toho pri p\u00e1de ve\u013ea nechr\u00e1ni. Odreniny m\u00f4\u017eu by\u0165 ve\u013emi bolestiv\u00e9 a je potrebn\u00e9 ich \u010do najsk\u00f4r vy\u010disti\u0165. Oholen\u00e9 nohy to m\u00f4\u017eu v\u00fdrazne u\u013eah\u010di\u0165. S\u0165ahovanie obv\u00e4zov je potom tie\u017e menej bolestiv\u00e9 a poko\u017eka bez ch\u013apkov sa hoj\u00ed r\u00fdchlej\u0161ie.<\/p>\n<div class=\"shortcode-ys-post-pinup\"><article class=\"loop-simple post-13163 post type-post status-publish format-standard has-post-thumbnail hentry category-odporucame tag-bicykel tag-bikefitting tag-cestna-cyklistika tag-meranie tag-noha\" data-postid=\"13163\" role=\"article\" data-post-id=\"13163\" data-word-count=\"662\" data-headline-length=\"77\" data-category=\"Odpor\u00fa\u010dame\" data-author=\"Andrea Champredonde\" data-published=\"2021-10-18T10:00:03+02:00\" data-published-day=\"Monday\">\n    <div class=\"entry-thumbnail article-thumbnail\" content=\"https:\/\/d2p6e6u75xmxt8.cloudfront.net\/4\/2021\/10\/Cyclists-profimedia-0627402563-CVR-150x150.webp\"><a href=\"https:\/\/www.welovecycling.com\/sk\/2021\/10\/18\/ako-zmerat-vnutornu-dlzku-noh-prvy-krok-k-spravnej-velkosti-bicykla\/\" class=\"image-holder\" target=\"_self\"><img decoding=\"async\" loading=\"lazy\" class=\"\" src=\"https:\/\/d2p6e6u75xmxt8.cloudfront.net\/4\/2021\/10\/Cyclists-profimedia-0627402563-CVR-1024x450.webp\" srcset=\"https:\/\/d2p6e6u75xmxt8.cloudfront.net\/4\/2021\/10\/Cyclists-profimedia-0627402563-CVR.webp 1366w, https:\/\/d2p6e6u75xmxt8.cloudfront.net\/4\/2021\/10\/Cyclists-profimedia-0627402563-CVR-300x132.webp 300w, https:\/\/d2p6e6u75xmxt8.cloudfront.net\/4\/2021\/10\/Cyclists-profimedia-0627402563-CVR-1024x450.webp 1024w, https:\/\/d2p6e6u75xmxt8.cloudfront.net\/4\/2021\/10\/Cyclists-profimedia-0627402563-CVR-768x337.webp 768w\" width=\"1024\" height=\"450\" sizes=\"auto, (min-width: 1200px) 456px, (min-width: 768px) 38vw, 100vw\" alt=\"ako-zmerat-vnutornu-dlzku-noh-prvy-krok-k-spravnej-velkosti-bicykla\"\/><\/a><\/div>    <div class=\"entry-meta\">\n        <a class=\"label label-secondary post-category\" href=\"https:\/\/www.welovecycling.com\/sk\/category\/odporucame\/\" title=\"Odpor\u00fa\u010dame\">Odpor\u00fa\u010dame<\/a>\n    <\/div>\n    <div class=\"entry-details\">\n        <a href=\"https:\/\/www.welovecycling.com\/sk\/2021\/10\/18\/ako-zmerat-vnutornu-dlzku-noh-prvy-krok-k-spravnej-velkosti-bicykla\/\" class='entry-title-wrapper'>\n            <h3 class=\"entry-title\"><span>Ako zmera\u0165 vn\u00fatorn\u00fa d\u013a\u017eku n\u00f4h: Prv\u00fd krok k spr\u00e1vnej ve\u013ekosti bicykla<\/span><\/h3>\n        <\/a>\n    <\/div>\n    <\/article>\n<\/div>\n<h2><strong>Mali by ste to urobi\u0165?<\/strong><\/h2>\n<p>Odpove\u010f z\u00e1vis\u00ed od \u00farovne va\u0161ej kond\u00edcie a va\u0161ich cie\u013eov. Ak ste dobre tr\u00e9novan\u00fd cyklista a z\u00e1le\u017e\u00ed v\u00e1m na nieko\u013ek\u00fdch sekund\u00e1ch, cho\u010fte do toho. Ale my ostatn\u00ed, ktor\u00ed jazd\u00edme pre z\u00e1bavu a udr\u017eiavanie kond\u00edcie, si pravdepodobne rozdiel vo v\u00fdkone nev\u0161imneme. Pokia\u013e ide o estetiku a praktickos\u0165, je tu d\u00f4vod na holenie n\u00f4h aj pre v\u00e1s. Ak chcete zapadn\u00fa\u0165 medzi svojich cyklistick\u00fdch priate\u013eov, alebo si dopria\u0165 mas\u00e1\u017e bez ch\u013apkov, ur\u010dite si nohy oho\u013ete!<\/p>\n","protected":false},"excerpt":{"rendered":"<p>Profesion\u00e1li na Tour de France s\u00fa zn\u00e1mi svojimi hladko oholen\u00fdmi nohami. Zamysleli ste sa niekedy nad t\u00fdm, pre\u010do to cyklisti [&hellip;]<\/p>\n","protected":false},"author":81,"featured_media":13356,"comment_status":"open","ping_status":"open","sticky":false,"template":"","format":"standard","meta":{"footnotes":""},"categories":[191],"tags":[115,597,1399,885,796,486,55],"global-categories":[],"class_list":["post-13352","post","type-post","status-publish","format-standard","has-post-thumbnail","hentry","category-odporucame","tag-cestna-cyklistika","tag-cyklista","tag-noha","tag-profesional","tag-rychlost","tag-specialized","tag-trening"],"yoast_head":"<!-- This site is optimized with the Yoast SEO Premium plugin v25.3 (Yoast SEO v25.9) - https:\/\/yoast.com\/wordpress\/plugins\/seo\/ -->\n<title>Pre\u010do si holi\u0165 nohy a pre\u010do to cyklisti robia?<\/title>\n<meta name=\"description\" content=\"Profesion\u00e1li na Tour de France s\u00fa zn\u00e1mi svojimi hladko oholen\u00fdmi nohami. Zamysleli ste sa niekedy nad t\u00fdm, pre\u010do to cyklisti robia?\" \/>\n<meta name=\"robots\" content=\"index, follow, max-snippet:-1, max-image-preview:large, max-video-preview:-1\" \/>\n<link rel=\"canonical\" href=\"https:\/\/www.welovecycling.com\/sk\/2021\/11\/19\/preco-si-holit-nohy-a-preco-to-cyklisti-robia\/\" \/>\n<meta property=\"og:locale\" content=\"sk_SK\" \/>\n<meta property=\"og:type\" content=\"article\" \/>\n<meta property=\"og:title\" content=\"Pre\u010do si holi\u0165 nohy a pre\u010do to cyklisti robia?\" \/>\n<meta property=\"og:description\" content=\"Profesion\u00e1li na Tour de France s\u00fa zn\u00e1mi svojimi hladko oholen\u00fdmi nohami. Zamysleli ste sa niekedy nad t\u00fdm, pre\u010do to cyklisti robia?\" \/>\n<meta property=\"og:url\" content=\"https:\/\/www.welovecycling.com\/sk\/2021\/11\/19\/preco-si-holit-nohy-a-preco-to-cyklisti-robia\/\" \/>\n<meta property=\"og:site_name\" content=\"\u0160koda We Love Cycling Slovensko\" \/>\n<meta property=\"article:published_time\" content=\"2021-11-19T09:00:06+00:00\" \/>\n<meta property=\"og:image\" content=\"https:\/\/d2p6e6u75xmxt8.cloudfront.net\/4\/2021\/11\/Cyclists-with-shaved-legs-profimedia-0255460295-CVR.webp\" \/>\n\t<meta property=\"og:image:width\" content=\"1366\" \/>\n\t<meta property=\"og:image:height\" content=\"600\" \/>\n\t<meta property=\"og:image:type\" content=\"image\/webp\" \/>\n<meta name=\"twitter:card\" content=\"summary_large_image\" \/>\n<meta name=\"twitter:label1\" content=\"Written by\" \/>\n\t<meta name=\"twitter:data1\" content=\"Andrea Champredonde\" \/>\n\t<meta name=\"twitter:label2\" content=\"Est. reading time\" \/>\n\t<meta name=\"twitter:data2\" content=\"7\" \/>\n<script type=\"application\/ld+json\" class=\"yoast-schema-graph\">{\"@context\":\"https:\/\/schema.org\",\"@graph\":[{\"@type\":\"WebPage\",\"@id\":\"https:\/\/www.welovecycling.com\/sk\/2021\/11\/19\/preco-si-holit-nohy-a-preco-to-cyklisti-robia\/\",\"url\":\"https:\/\/www.welovecycling.com\/sk\/2021\/11\/19\/preco-si-holit-nohy-a-preco-to-cyklisti-robia\/\",\"name\":\"Pre\u010do si holi\u0165 nohy a pre\u010do to cyklisti robia?\",\"isPartOf\":{\"@id\":\"https:\/\/www.welovecycling.com\/sk\/#website\"},\"primaryImageOfPage\":{\"@id\":\"https:\/\/www.welovecycling.com\/sk\/2021\/11\/19\/preco-si-holit-nohy-a-preco-to-cyklisti-robia\/#primaryimage\"},\"image\":{\"@id\":\"https:\/\/www.welovecycling.com\/sk\/2021\/11\/19\/preco-si-holit-nohy-a-preco-to-cyklisti-robia\/#primaryimage\"},\"thumbnailUrl\":\"https:\/\/d2p6e6u75xmxt8.cloudfront.net\/4\/2021\/11\/Cyclists-with-shaved-legs-profimedia-0255460295-CVR.webp\",\"datePublished\":\"2021-11-19T09:00:06+00:00\",\"author\":{\"@id\":\"\"},\"description\":\"Profesion\u00e1li na Tour de France s\u00fa zn\u00e1mi svojimi hladko oholen\u00fdmi nohami. Zamysleli ste sa niekedy nad t\u00fdm, pre\u010do to cyklisti robia?\",\"breadcrumb\":{\"@id\":\"https:\/\/www.welovecycling.com\/sk\/2021\/11\/19\/preco-si-holit-nohy-a-preco-to-cyklisti-robia\/#breadcrumb\"},\"inLanguage\":\"sk-SK\",\"potentialAction\":[{\"@type\":\"ReadAction\",\"target\":[\"https:\/\/www.welovecycling.com\/sk\/2021\/11\/19\/preco-si-holit-nohy-a-preco-to-cyklisti-robia\/\"]}]},{\"@type\":\"ImageObject\",\"inLanguage\":\"sk-SK\",\"@id\":\"https:\/\/www.welovecycling.com\/sk\/2021\/11\/19\/preco-si-holit-nohy-a-preco-to-cyklisti-robia\/#primaryimage\",\"url\":\"https:\/\/d2p6e6u75xmxt8.cloudfront.net\/4\/2021\/11\/Cyclists-with-shaved-legs-profimedia-0255460295-CVR.webp\",\"contentUrl\":\"https:\/\/d2p6e6u75xmxt8.cloudfront.net\/4\/2021\/11\/Cyclists-with-shaved-legs-profimedia-0255460295-CVR.webp\",\"width\":1366,\"height\":600,\"caption\":\"Cyclists with shaved legs\"},{\"@type\":\"BreadcrumbList\",\"@id\":\"https:\/\/www.welovecycling.com\/sk\/2021\/11\/19\/preco-si-holit-nohy-a-preco-to-cyklisti-robia\/#breadcrumb\",\"itemListElement\":[{\"@type\":\"ListItem\",\"position\":1,\"name\":\"Home\",\"item\":\"https:\/\/www.welovecycling.com\/sk\/\"},{\"@type\":\"ListItem\",\"position\":2,\"name\":\"Pre\u010do si holi\u0165 nohy a pre\u010do to cyklisti robia?\"}]},{\"@type\":\"WebSite\",\"@id\":\"https:\/\/www.welovecycling.com\/sk\/#website\",\"url\":\"https:\/\/www.welovecycling.com\/sk\/\",\"name\":\"\u0160koda We Love Cycling Slovensko\",\"description\":\"\u0160koda We Love Cycling Slovensko je v\u00e1\u0161 ka\u017edodenn\u00fd zdroj noviniek a in\u0161pir\u00e1cie z sveta cyklistiky\",\"potentialAction\":[{\"@type\":\"SearchAction\",\"target\":{\"@type\":\"EntryPoint\",\"urlTemplate\":\"https:\/\/www.welovecycling.com\/sk\/?s={search_term_string}\"},\"query-input\":{\"@type\":\"PropertyValueSpecification\",\"valueRequired\":true,\"valueName\":\"search_term_string\"}}],\"inLanguage\":\"sk-SK\"},{\"@type\":\"Person\",\"@id\":\"\",\"url\":\"https:\/\/www.welovecycling.com\/sk\/author\/\"}]}<\/script>\n<!-- \/ Yoast SEO Premium plugin. -->","yoast_head_json":{"title":"Pre\u010do si holi\u0165 nohy a pre\u010do to cyklisti robia?","description":"Profesion\u00e1li na Tour de France s\u00fa zn\u00e1mi svojimi hladko oholen\u00fdmi nohami. Zamysleli ste sa niekedy nad t\u00fdm, pre\u010do to cyklisti robia?","robots":{"index":"index","follow":"follow","max-snippet":"max-snippet:-1","max-image-preview":"max-image-preview:large","max-video-preview":"max-video-preview:-1"},"canonical":"https:\/\/www.welovecycling.com\/sk\/2021\/11\/19\/preco-si-holit-nohy-a-preco-to-cyklisti-robia\/","og_locale":"sk_SK","og_type":"article","og_title":"Pre\u010do si holi\u0165 nohy a pre\u010do to cyklisti robia?","og_description":"Profesion\u00e1li na Tour de France s\u00fa zn\u00e1mi svojimi hladko oholen\u00fdmi nohami. Zamysleli ste sa niekedy nad t\u00fdm, pre\u010do to cyklisti robia?","og_url":"https:\/\/www.welovecycling.com\/sk\/2021\/11\/19\/preco-si-holit-nohy-a-preco-to-cyklisti-robia\/","og_site_name":"\u0160koda We Love Cycling Slovensko","article_published_time":"2021-11-19T09:00:06+00:00","og_image":[{"width":1366,"height":600,"url":"https:\/\/d2p6e6u75xmxt8.cloudfront.net\/4\/2021\/11\/Cyclists-with-shaved-legs-profimedia-0255460295-CVR.webp","type":"image\/webp"}],"twitter_card":"summary_large_image","twitter_misc":{"Written by":"Andrea Champredonde","Est. reading time":"7"},"schema":{"@context":"https:\/\/schema.org","@graph":[{"@type":"WebPage","@id":"https:\/\/www.welovecycling.com\/sk\/2021\/11\/19\/preco-si-holit-nohy-a-preco-to-cyklisti-robia\/","url":"https:\/\/www.welovecycling.com\/sk\/2021\/11\/19\/preco-si-holit-nohy-a-preco-to-cyklisti-robia\/","name":"Pre\u010do si holi\u0165 nohy a pre\u010do to cyklisti robia?","isPartOf":{"@id":"https:\/\/www.welovecycling.com\/sk\/#website"},"primaryImageOfPage":{"@id":"https:\/\/www.welovecycling.com\/sk\/2021\/11\/19\/preco-si-holit-nohy-a-preco-to-cyklisti-robia\/#primaryimage"},"image":{"@id":"https:\/\/www.welovecycling.com\/sk\/2021\/11\/19\/preco-si-holit-nohy-a-preco-to-cyklisti-robia\/#primaryimage"},"thumbnailUrl":"https:\/\/d2p6e6u75xmxt8.cloudfront.net\/4\/2021\/11\/Cyclists-with-shaved-legs-profimedia-0255460295-CVR.webp","datePublished":"2021-11-19T09:00:06+00:00","author":{"@id":""},"description":"Profesion\u00e1li na Tour de France s\u00fa zn\u00e1mi svojimi hladko oholen\u00fdmi nohami. Zamysleli ste sa niekedy nad t\u00fdm, pre\u010do to cyklisti robia?","breadcrumb":{"@id":"https:\/\/www.welovecycling.com\/sk\/2021\/11\/19\/preco-si-holit-nohy-a-preco-to-cyklisti-robia\/#breadcrumb"},"inLanguage":"sk-SK","potentialAction":[{"@type":"ReadAction","target":["https:\/\/www.welovecycling.com\/sk\/2021\/11\/19\/preco-si-holit-nohy-a-preco-to-cyklisti-robia\/"]}]},{"@type":"ImageObject","inLanguage":"sk-SK","@id":"https:\/\/www.welovecycling.com\/sk\/2021\/11\/19\/preco-si-holit-nohy-a-preco-to-cyklisti-robia\/#primaryimage","url":"https:\/\/d2p6e6u75xmxt8.cloudfront.net\/4\/2021\/11\/Cyclists-with-shaved-legs-profimedia-0255460295-CVR.webp","contentUrl":"https:\/\/d2p6e6u75xmxt8.cloudfront.net\/4\/2021\/11\/Cyclists-with-shaved-legs-profimedia-0255460295-CVR.webp","width":1366,"height":600,"caption":"Cyclists with shaved legs"},{"@type":"BreadcrumbList","@id":"https:\/\/www.welovecycling.com\/sk\/2021\/11\/19\/preco-si-holit-nohy-a-preco-to-cyklisti-robia\/#breadcrumb","itemListElement":[{"@type":"ListItem","position":1,"name":"Home","item":"https:\/\/www.welovecycling.com\/sk\/"},{"@type":"ListItem","position":2,"name":"Pre\u010do si holi\u0165 nohy a pre\u010do to cyklisti robia?"}]},{"@type":"WebSite","@id":"https:\/\/www.welovecycling.com\/sk\/#website","url":"https:\/\/www.welovecycling.com\/sk\/","name":"\u0160koda We Love Cycling Slovensko","description":"\u0160koda We Love Cycling Slovensko je v\u00e1\u0161 ka\u017edodenn\u00fd zdroj noviniek a in\u0161pir\u00e1cie z sveta cyklistiky","potentialAction":[{"@type":"SearchAction","target":{"@type":"EntryPoint","urlTemplate":"https:\/\/www.welovecycling.com\/sk\/?s={search_term_string}"},"query-input":{"@type":"PropertyValueSpecification","valueRequired":true,"valueName":"search_term_string"}}],"inLanguage":"sk-SK"},{"@type":"Person","@id":"","url":"https:\/\/www.welovecycling.com\/sk\/author\/"}]}},"_links":{"self":[{"href":"https:\/\/www.welovecycling.com\/sk\/wp-json\/wp\/v2\/posts\/13352","targetHints":{"allow":["GET"]}}],"collection":[{"href":"https:\/\/www.welovecycling.com\/sk\/wp-json\/wp\/v2\/posts"}],"about":[{"href":"https:\/\/www.welovecycling.com\/sk\/wp-json\/wp\/v2\/types\/post"}],"author":[{"embeddable":true,"href":"https:\/\/www.welovecycling.com\/sk\/wp-json\/wp\/v2\/users\/81"}],"replies":[{"embeddable":true,"href":"https:\/\/www.welovecycling.com\/sk\/wp-json\/wp\/v2\/comments?post=13352"}],"version-history":[{"count":2,"href":"https:\/\/www.welovecycling.com\/sk\/wp-json\/wp\/v2\/posts\/13352\/revisions"}],"predecessor-version":[{"id":13360,"href":"https:\/\/www.welovecycling.com\/sk\/wp-json\/wp\/v2\/posts\/13352\/revisions\/13360"}],"wp:featuredmedia":[{"embeddable":true,"href":"https:\/\/www.welovecycling.com\/sk\/wp-json\/wp\/v2\/media\/13356"}],"wp:attachment":[{"href":"https:\/\/www.welovecycling.com\/sk\/wp-json\/wp\/v2\/media?parent=13352"}],"wp:term":[{"taxonomy":"category","embeddable":true,"href":"https:\/\/www.welovecycling.com\/sk\/wp-json\/wp\/v2\/categories?post=13352"},{"taxonomy":"post_tag","embeddable":true,"href":"https:\/\/www.welovecycling.com\/sk\/wp-json\/wp\/v2\/tags?post=13352"},{"taxonomy":"global-categories","embeddable":true,"href":"https:\/\/www.welovecycling.com\/sk\/wp-json\/wp\/v2\/global-categories?post=13352"}],"curies":[{"name":"wp","href":"https:\/\/api.w.org\/{rel}","templated":true}]}}