{"id":13326,"date":"2021-11-17T10:00:42","date_gmt":"2021-11-17T09:00:42","guid":{"rendered":"https:\/\/www.welovecycling.com\/sk\/?p=13326"},"modified":"2021-11-11T08:22:21","modified_gmt":"2021-11-11T07:22:21","slug":"tip-na-vylet-vtacnik-dovod-trenovat-celu-zimu","status":"publish","type":"post","link":"https:\/\/www.welovecycling.com\/sk\/2021\/11\/17\/tip-na-vylet-vtacnik-dovod-trenovat-celu-zimu\/","title":{"rendered":"Tip na v\u00fdlet: Vt\u00e1\u010dnik, d\u00f4vod tr\u00e9nova\u0165 cel\u00fa zimu"},"content":{"rendered":"<p><strong>Napriek tomu, \u017ee tohtoro\u010dn\u00e1 jese\u0148 je tepl\u00e1 a\u00a0slne\u010dn\u00e1, tak\u00fdto n\u00e1ro\u010dnej\u0161\u00ed v\u00fdjazd som predsa len absolvoval v lete, ke\u010f slnko nezapad\u00e1 tak skoro. Je to v\u00fdjazd do nadmorskej v\u00fd\u0161ky nad tis\u00edc metrov, a\u00a0to u\u017e sa tu teplota v\u00a0tomto ro\u010dnom obdob\u00ed bl\u00ed\u017ei k\u00a0nule. Tak\u017ee berte to ako tip na v\u00fdlet na bud\u00face leto. Je dobr\u00e9 si veci napl\u00e1nova\u0165 u\u017e teraz, aby ste mali motiv\u00e1ciu poctivo tr\u00e9nova\u0165 aj cez zimu.<\/strong><!--more--><\/p>\n<h2><strong>N\u00e1dhern\u00e9 v\u00fdh\u013eady a star\u00e9 buky<\/strong><\/h2>\n<p>Ke\u010f\u017ee cel\u00fd \u017eivot \u017eijem ne\u010faleko pohoria Vt\u00e1\u010dnik a\u00a0r\u00e1d tam chod\u00edm pravidelne na turistiku, <strong>rozhodol som sa, \u017ee je najvy\u0161\u0161\u00ed \u010das vybra\u0165 sa tam na v\u00fdjazd aj na bicykli<\/strong>. No a\u00a0ke\u010f \u00eds\u0165 do pohoria Vt\u00e1\u010dnik, tak rovno na jeho najzn\u00e1mej\u0161\u00ed vrchol s\u00a0rovnak\u00fdm n\u00e1zvom. Vrch Vt\u00e1\u010dnik m\u00e1 v\u00fd\u0161ku 1 346 m n. m. Je z\u00a0neho n\u00e1dhern\u00fd v\u00fdh\u013ead do okolia a\u00a0cel\u00fa cestu idete cez zmie\u0161an\u00fd les s\u00a0kr\u00e1snymi star\u00fdmi bukmi.<\/p>\n<p><a href=\"https:\/\/d2p6e6u75xmxt8.cloudfront.net\/4\/2021\/11\/Tip-na-vylet-Vtacnik_01.JPG.jpg\"><img loading=\"lazy\" decoding=\"async\" src=\"https:\/\/d2p6e6u75xmxt8.cloudfront.net\/4\/2021\/11\/Tip-na-vylet-Vtacnik_01.JPG.jpg\" alt=\"\" width=\"1200\" height=\"800\" class=\"alignnone size-full wp-image-13329\" \/><\/a><\/p>\n<p>Vybra\u0165 sa tam m\u00f4\u017eete z\u00a0viacer\u00fdch smerov. \u010ci u\u017e z\u00a0okolit\u00fdch obc\u00ed Kamenec pod Vt\u00e1\u010dnikom, Podhradie, alebo Bystri\u010dany. Ja som si vybral smer na Lehotu pod Vt\u00e1\u010dnikom. A\u00a0tam na zn\u00e1me ly\u017eiarske stredisko Sekaniny. <strong>Asfaltov\u00e1 cesta vedie a\u017e ku chate Smre\u010dina, kde \u017elt\u00e1 turistick\u00e1 zna\u010dka smeruje doprava, ale ja som pokra\u010doval rovno, v\u00a0smere asfaltovej cesty.<\/strong> T\u00e1 sa s\u00edce po chv\u00edli u\u017e men\u00ed na kamenist\u00fa cestu, no st\u00fapanie tu nie je a\u017e tak\u00e9 n\u00e1ro\u010dn\u00e9, ako keby ste sa vybrali po turistickej zna\u010dke. Mimochodom, ak m\u00e1te chu\u0165, odpor\u00fa\u010dam si tu e\u0161te spravi\u0165 na chv\u00ed\u013eu prest\u00e1vku a\u00a0\u00eds\u0165 si pozrie\u0165 partiz\u00e1nsky bunker, ktor\u00fd je len k\u00fasok od zna\u010dky po schod\u00edkoch do lesa.<\/p>\n<p><a href=\"https:\/\/d2p6e6u75xmxt8.cloudfront.net\/4\/2021\/11\/Tip-na-vylet-Vtacnik_02.JPG.jpg\"><img loading=\"lazy\" decoding=\"async\" src=\"https:\/\/d2p6e6u75xmxt8.cloudfront.net\/4\/2021\/11\/Tip-na-vylet-Vtacnik_02.JPG.jpg\" alt=\"\" width=\"1200\" height=\"800\" class=\"alignnone size-full wp-image-13330\" \/><\/a><\/p>\n<h2><strong>Tajomn\u00e9 skaln\u00e9 \u00fatvary kam sa pozriete<\/strong><\/h2>\n<p>\u010cakaj\u00fa ma serpent\u00edny do kopca, <strong>ale \u010doskoro sa do\u010dk\u00e1m odmeny v\u00a0podobe n\u00e1dhern\u00fdch v\u00fdh\u013eadov<\/strong> po tom, ako nast\u00fapam do ur\u010ditej v\u00fd\u0161ky. V\u00a0tomto pohor\u00ed bola kedysi vulkanick\u00e1 aktivita a\u00a0v\u010faka tomu sa tu d\u00e1 vidie\u0165 ve\u013ea zauj\u00edmav\u00fdch skaln\u00fdch \u00fatvarov. Dokonca aj na tak\u00fdch miestach, kde by ste ich ne\u010dakali.<\/p>\n<div id='gallery-1' class='gallery galleryid-13326 gallery-columns-2 gallery-size-full'><figure class='gallery-item'>\n\t\t\t<div class='gallery-icon landscape'>\n\t\t\t\t<a href='https:\/\/d2p6e6u75xmxt8.cloudfront.net\/4\/2021\/11\/Tip-na-vylet-Vtacnik_03.JPG.webp'><img loading=\"lazy\" decoding=\"async\" width=\"1200\" height=\"800\" src=\"https:\/\/d2p6e6u75xmxt8.cloudfront.net\/4\/2021\/11\/Tip-na-vylet-Vtacnik_03.JPG.webp\" class=\"attachment-full size-full\" alt=\"\" srcset=\"https:\/\/d2p6e6u75xmxt8.cloudfront.net\/4\/2021\/11\/Tip-na-vylet-Vtacnik_03.JPG.webp 1200w, https:\/\/d2p6e6u75xmxt8.cloudfront.net\/4\/2021\/11\/Tip-na-vylet-Vtacnik_03.JPG-300x200.webp 300w, https:\/\/d2p6e6u75xmxt8.cloudfront.net\/4\/2021\/11\/Tip-na-vylet-Vtacnik_03.JPG-1024x683.webp 1024w, https:\/\/d2p6e6u75xmxt8.cloudfront.net\/4\/2021\/11\/Tip-na-vylet-Vtacnik_03.JPG-768x512.webp 768w, https:\/\/d2p6e6u75xmxt8.cloudfront.net\/4\/2021\/11\/Tip-na-vylet-Vtacnik_03.JPG-272x182.webp 272w\" sizes=\"auto, (max-width: 1200px) 100vw, 1200px\" \/><\/a>\n\t\t\t<\/div><\/figure><figure class='gallery-item'>\n\t\t\t<div class='gallery-icon landscape'>\n\t\t\t\t<a href='https:\/\/d2p6e6u75xmxt8.cloudfront.net\/4\/2021\/11\/Tip-na-vylet-Vtacnik_04.JPG.webp'><img loading=\"lazy\" decoding=\"async\" width=\"1200\" height=\"800\" src=\"https:\/\/d2p6e6u75xmxt8.cloudfront.net\/4\/2021\/11\/Tip-na-vylet-Vtacnik_04.JPG.webp\" class=\"attachment-full size-full\" alt=\"\" srcset=\"https:\/\/d2p6e6u75xmxt8.cloudfront.net\/4\/2021\/11\/Tip-na-vylet-Vtacnik_04.JPG.webp 1200w, https:\/\/d2p6e6u75xmxt8.cloudfront.net\/4\/2021\/11\/Tip-na-vylet-Vtacnik_04.JPG-300x200.webp 300w, https:\/\/d2p6e6u75xmxt8.cloudfront.net\/4\/2021\/11\/Tip-na-vylet-Vtacnik_04.JPG-1024x683.webp 1024w, https:\/\/d2p6e6u75xmxt8.cloudfront.net\/4\/2021\/11\/Tip-na-vylet-Vtacnik_04.JPG-768x512.webp 768w, https:\/\/d2p6e6u75xmxt8.cloudfront.net\/4\/2021\/11\/Tip-na-vylet-Vtacnik_04.JPG-272x182.webp 272w\" sizes=\"auto, (max-width: 1200px) 100vw, 1200px\" \/><\/a>\n\t\t\t<\/div><\/figure>\n\t\t<\/div>\n\n<p>Prv\u00fa zast\u00e1vku si doprajem na mieste zvanom Vrvrava, kde je pri po\u013eovn\u00edckej chate uroben\u00fd alt\u00e1nok pre turistov. Je tam aj studni\u010dka, kde si dop\u013a\u0148am z\u00e1soby vody.<\/p>\n<div id='gallery-2' class='gallery galleryid-13326 gallery-columns-2 gallery-size-full'><figure class='gallery-item'>\n\t\t\t<div class='gallery-icon landscape'>\n\t\t\t\t<a href='https:\/\/d2p6e6u75xmxt8.cloudfront.net\/4\/2021\/11\/Tip-na-vylet-Vtacnik_05.JPG.webp'><img loading=\"lazy\" decoding=\"async\" width=\"1200\" height=\"800\" src=\"https:\/\/d2p6e6u75xmxt8.cloudfront.net\/4\/2021\/11\/Tip-na-vylet-Vtacnik_05.JPG.webp\" class=\"attachment-full size-full\" alt=\"\" srcset=\"https:\/\/d2p6e6u75xmxt8.cloudfront.net\/4\/2021\/11\/Tip-na-vylet-Vtacnik_05.JPG.webp 1200w, https:\/\/d2p6e6u75xmxt8.cloudfront.net\/4\/2021\/11\/Tip-na-vylet-Vtacnik_05.JPG-300x200.webp 300w, https:\/\/d2p6e6u75xmxt8.cloudfront.net\/4\/2021\/11\/Tip-na-vylet-Vtacnik_05.JPG-1024x683.webp 1024w, https:\/\/d2p6e6u75xmxt8.cloudfront.net\/4\/2021\/11\/Tip-na-vylet-Vtacnik_05.JPG-768x512.webp 768w, https:\/\/d2p6e6u75xmxt8.cloudfront.net\/4\/2021\/11\/Tip-na-vylet-Vtacnik_05.JPG-272x182.webp 272w\" sizes=\"auto, (max-width: 1200px) 100vw, 1200px\" \/><\/a>\n\t\t\t<\/div><\/figure><figure class='gallery-item'>\n\t\t\t<div class='gallery-icon landscape'>\n\t\t\t\t<a href='https:\/\/d2p6e6u75xmxt8.cloudfront.net\/4\/2021\/11\/Tip-na-vylet-Vtacnik_06.JPG.webp'><img loading=\"lazy\" decoding=\"async\" width=\"1200\" height=\"800\" src=\"https:\/\/d2p6e6u75xmxt8.cloudfront.net\/4\/2021\/11\/Tip-na-vylet-Vtacnik_06.JPG.webp\" class=\"attachment-full size-full\" alt=\"\" srcset=\"https:\/\/d2p6e6u75xmxt8.cloudfront.net\/4\/2021\/11\/Tip-na-vylet-Vtacnik_06.JPG.webp 1200w, https:\/\/d2p6e6u75xmxt8.cloudfront.net\/4\/2021\/11\/Tip-na-vylet-Vtacnik_06.JPG-300x200.webp 300w, https:\/\/d2p6e6u75xmxt8.cloudfront.net\/4\/2021\/11\/Tip-na-vylet-Vtacnik_06.JPG-1024x683.webp 1024w, https:\/\/d2p6e6u75xmxt8.cloudfront.net\/4\/2021\/11\/Tip-na-vylet-Vtacnik_06.JPG-768x512.webp 768w, https:\/\/d2p6e6u75xmxt8.cloudfront.net\/4\/2021\/11\/Tip-na-vylet-Vtacnik_06.JPG-272x182.webp 272w\" sizes=\"auto, (max-width: 1200px) 100vw, 1200px\" \/><\/a>\n\t\t\t<\/div><\/figure>\n\t\t<\/div>\n\n<p>Po oddychu sa za chv\u00ed\u013eu dost\u00e1vam na miesto, kde sa cesta rozde\u013euje. Do\u013eava ide cesta k\u00a0vysiela\u010du, doprava je asfaltov\u00e1 cesta, ktor\u00e1 kon\u010d\u00ed v\u00a0Kamenci pod Vt\u00e1\u010dnikom. Ja v\u0161ak pokra\u010dujem rovno, u\u017e po turistickej zna\u010dke na Vt\u00e1\u010dnik.<\/p>\n<p><a href=\"https:\/\/d2p6e6u75xmxt8.cloudfront.net\/4\/2021\/11\/Tip-na-vylet-Vtacnik_07.JPG.jpg\"><img loading=\"lazy\" decoding=\"async\" src=\"https:\/\/d2p6e6u75xmxt8.cloudfront.net\/4\/2021\/11\/Tip-na-vylet-Vtacnik_07.JPG.jpg\" alt=\"\" width=\"1200\" height=\"800\" class=\"alignnone size-full wp-image-13335\" \/><\/a><\/p>\n<h2><strong>Kamenn\u00e1 z\u00e1hrada ma don\u00fatila tla\u010di\u0165<\/strong><\/h2>\n<p>Teraz to v\u0161ak za\u010d\u00edna. E\u0161te chv\u00ed\u013eu si u\u017eijem pr\u00edjemn\u00e9 st\u00fapanie lesom&#8230; <strong>No u\u017e \u010doskoro sa dost\u00e1vam k\u00a0st\u00fapaniu na Mal\u00fa Hom\u00f4\u013eku, kde ma \u010dak\u00e1 kamenist\u00fd \u00fasek, ktor\u00fd bajkeri naz\u00fdvaj\u00fa aj \u201erock garden\u201c<\/strong>. Ale cez t\u00fato z\u00e1hradku nem\u00e1m in\u00fa \u0161ancu ako bicykel tla\u010di\u0165 a\u00a0dokonca ho miestami nies\u0165. Prizn\u00e1m sa, \u017ee som chv\u00ed\u013eami zva\u017eoval, \u010di sa nevr\u00e1tim, ale predsa len cie\u013e u\u017e nebol \u010faleko a\u00a0vedel som, \u017ee ma u\u017e \u010doskoro \u010dak\u00e1 pohodov\u00e1 jazda po \u010dervenej zna\u010dke k\u00a0cie\u013eu.<\/p>\n<p><a href=\"https:\/\/d2p6e6u75xmxt8.cloudfront.net\/4\/2021\/11\/Tip-na-vylet-Vtacnik_08.JPG.jpg\"><img loading=\"lazy\" decoding=\"async\" src=\"https:\/\/d2p6e6u75xmxt8.cloudfront.net\/4\/2021\/11\/Tip-na-vylet-Vtacnik_08.JPG.jpg\" alt=\"\" width=\"1200\" height=\"800\" class=\"alignnone size-full wp-image-13336\" \/><\/a><\/p>\n<p>Hom\u00f4\u013eku som zdolal a\u00a0dost\u00e1vam sa na najkraj\u0161\u00ed \u00fasek cesty. Na Ponitriansku magistr\u00e1lu, ktor\u00e1 ma u\u017e viac-menej po rovinke dostane priamo ku Vt\u00e1\u010dniku. A\u00a0pr\u00e1ve tu stret\u00e1m prv\u00e9ho cyklistu, s\u00a0ktor\u00fdm sa zhodneme na tom, \u017ee ke\u010f sme doma r\u00e1no povedali, kam sa na bicykli chyst\u00e1me, nedostalo sa n\u00e1m pochopenia.<\/p>\n<p><a href=\"https:\/\/d2p6e6u75xmxt8.cloudfront.net\/4\/2021\/11\/Tip-na-vylet-Vtacnik_09.JPG.jpg\"><img loading=\"lazy\" decoding=\"async\" src=\"https:\/\/d2p6e6u75xmxt8.cloudfront.net\/4\/2021\/11\/Tip-na-vylet-Vtacnik_09.JPG.jpg\" alt=\"\" width=\"1200\" height=\"800\" class=\"alignnone size-full wp-image-13337\" \/><\/a><\/p>\n<p>Ale to u\u017e sa dost\u00e1vam k\u00a0cie\u013eu dne\u0161n\u00e9ho sna\u017eenia. \u010cak\u00e1 ma e\u0161te jedna rozcvi\u010dka svalov, a\u00a0to vynies\u0165 bicykel priamo hore po kamenn\u00fdch schodoch. T\u00e1to n\u00e1maha v\u0161ak stoj\u00ed za to, preto\u017ee na vrchole u\u017e sta\u010d\u00ed zdola\u0165 kr\u00e1tku rovinku pomedzi \u010du\u010doriedky a\u00a0pri poh\u013eade na \u0161irok\u00e9 okolie zab\u00fadam na v\u0161etko.<\/p>\n<div class=\"shortcode-ys-post-pinup\"><article class=\"loop-simple post-11165 post type-post status-publish format-standard has-post-thumbnail hentry category-odporucame tag-cestna-cyklistika tag-horska-cyklistika tag-hrad tag-hrad-sivy-kamen tag-jancekova-skala tag-jazda tag-kopec tag-les tag-odporucame tag-pohorie tag-tip-na-vylet tag-trasa tag-vyjazd tag-vylet global-categories-cycling\" data-postid=\"11165\" role=\"article\" data-post-id=\"11165\" data-word-count=\"235\" data-headline-length=\"80\" data-category=\"Odpor\u00fa\u010dame\" data-global-category=\"Cycling\" data-author=\"Radovan Vr\u0161ka\" data-published=\"2020-12-18T10:00:53+01:00\" data-published-day=\"Friday\">\n    <div class=\"entry-thumbnail article-thumbnail\" content=\"https:\/\/d2p6e6u75xmxt8.cloudfront.net\/4\/2020\/12\/Tip-na-vylet-Hrad-Sivy-kamen_00.JPG-150x150.webp\"><a href=\"https:\/\/www.welovecycling.com\/sk\/2020\/12\/18\/tip-na-vylet-hrad-sivy-kamen-spomienky-na-tuto-cyklisticku-sezonu\/\" class=\"image-holder\" target=\"_self\"><img decoding=\"async\" loading=\"lazy\" class=\"\" src=\"https:\/\/d2p6e6u75xmxt8.cloudfront.net\/4\/2020\/12\/Tip-na-vylet-Hrad-Sivy-kamen_00.JPG-1024x445.webp\" srcset=\"https:\/\/d2p6e6u75xmxt8.cloudfront.net\/4\/2020\/12\/Tip-na-vylet-Hrad-Sivy-kamen_00.JPG.webp 1380w, https:\/\/d2p6e6u75xmxt8.cloudfront.net\/4\/2020\/12\/Tip-na-vylet-Hrad-Sivy-kamen_00.JPG-300x130.webp 300w, https:\/\/d2p6e6u75xmxt8.cloudfront.net\/4\/2020\/12\/Tip-na-vylet-Hrad-Sivy-kamen_00.JPG-1024x445.webp 1024w, https:\/\/d2p6e6u75xmxt8.cloudfront.net\/4\/2020\/12\/Tip-na-vylet-Hrad-Sivy-kamen_00.JPG-768x334.webp 768w\" width=\"1024\" height=\"445\" sizes=\"auto, (min-width: 1200px) 460px, (min-width: 768px) 38vw, 100vw\" alt=\"tip-na-vylet-hrad-sivy-kamen-spomienky-na-tuto-cyklisticku-sezonu\"\/><\/a><\/div>    <div class=\"entry-meta\">\n        <a class=\"label label-secondary post-category\" href=\"https:\/\/www.welovecycling.com\/sk\/category\/odporucame\/\" title=\"Odpor\u00fa\u010dame\">Odpor\u00fa\u010dame<\/a>\n    <\/div>\n    <div class=\"entry-details\">\n        <a href=\"https:\/\/www.welovecycling.com\/sk\/2020\/12\/18\/tip-na-vylet-hrad-sivy-kamen-spomienky-na-tuto-cyklisticku-sezonu\/\" class='entry-title-wrapper'>\n            <h3 class=\"entry-title\"><span>Tip na v\u00fdlet: Hrad Siv\u00fd kame\u0148 &#8211; spomienky na t\u00fato cyklistick\u00fa sez\u00f3nu<\/span><\/h3>\n        <\/a>\n    <\/div>\n    <\/article>\n<\/div>\n<div id='gallery-3' class='gallery galleryid-11165 gallery-columns-2 gallery-size-full'><figure class='gallery-item'>\n\t\t\t<div class='gallery-icon landscape'>\n\t\t\t\t<a href='https:\/\/d2p6e6u75xmxt8.cloudfront.net\/4\/2021\/11\/Tip-na-vylet-Vtacnik_10.JPG.webp'><img loading=\"lazy\" decoding=\"async\" width=\"1200\" height=\"800\" src=\"https:\/\/d2p6e6u75xmxt8.cloudfront.net\/4\/2021\/11\/Tip-na-vylet-Vtacnik_10.JPG.webp\" class=\"attachment-full size-full\" alt=\"\" srcset=\"https:\/\/d2p6e6u75xmxt8.cloudfront.net\/4\/2021\/11\/Tip-na-vylet-Vtacnik_10.JPG.webp 1200w, https:\/\/d2p6e6u75xmxt8.cloudfront.net\/4\/2021\/11\/Tip-na-vylet-Vtacnik_10.JPG-300x200.webp 300w, https:\/\/d2p6e6u75xmxt8.cloudfront.net\/4\/2021\/11\/Tip-na-vylet-Vtacnik_10.JPG-1024x683.webp 1024w, https:\/\/d2p6e6u75xmxt8.cloudfront.net\/4\/2021\/11\/Tip-na-vylet-Vtacnik_10.JPG-768x512.webp 768w, https:\/\/d2p6e6u75xmxt8.cloudfront.net\/4\/2021\/11\/Tip-na-vylet-Vtacnik_10.JPG-272x182.webp 272w\" sizes=\"auto, (max-width: 1200px) 100vw, 1200px\" \/><\/a>\n\t\t\t<\/div><\/figure><figure class='gallery-item'>\n\t\t\t<div class='gallery-icon landscape'>\n\t\t\t\t<a href='https:\/\/d2p6e6u75xmxt8.cloudfront.net\/4\/2021\/11\/Tip-na-vylet_Vtacnik_13.JPG.webp'><img loading=\"lazy\" decoding=\"async\" width=\"1200\" height=\"800\" src=\"https:\/\/d2p6e6u75xmxt8.cloudfront.net\/4\/2021\/11\/Tip-na-vylet_Vtacnik_13.JPG.webp\" class=\"attachment-full size-full\" alt=\"\" srcset=\"https:\/\/d2p6e6u75xmxt8.cloudfront.net\/4\/2021\/11\/Tip-na-vylet_Vtacnik_13.JPG.webp 1200w, https:\/\/d2p6e6u75xmxt8.cloudfront.net\/4\/2021\/11\/Tip-na-vylet_Vtacnik_13.JPG-300x200.webp 300w, https:\/\/d2p6e6u75xmxt8.cloudfront.net\/4\/2021\/11\/Tip-na-vylet_Vtacnik_13.JPG-1024x683.webp 1024w, https:\/\/d2p6e6u75xmxt8.cloudfront.net\/4\/2021\/11\/Tip-na-vylet_Vtacnik_13.JPG-768x512.webp 768w, https:\/\/d2p6e6u75xmxt8.cloudfront.net\/4\/2021\/11\/Tip-na-vylet_Vtacnik_13.JPG-272x182.webp 272w\" sizes=\"auto, (max-width: 1200px) 100vw, 1200px\" \/><\/a>\n\t\t\t<\/div><\/figure>\n\t\t<\/div>\n\n<p>Aj na fotk\u00e1ch vidie\u0165, \u017ee po\u010dasie trochu stra\u0161ilo da\u017e\u010fom a\u00a0v\u00a0dia\u013eke p\u00e1rkr\u00e1t aj zahrmelo. Na\u0161\u0165astie som nezmokol a\u00a0zjazd dole som si dokonale u\u017eil. Napriek p\u00e1r n\u00e1ro\u010dn\u00fdm \u00fasekom na ceste hore sa to oplatilo a\u00a0ur\u010dite v\u00e1m tento v\u00fdlet odpor\u00fa\u010dam. <\/p>\n","protected":false},"excerpt":{"rendered":"<p>Napriek tomu, \u017ee tohtoro\u010dn\u00e1 jese\u0148 je tepl\u00e1 a\u00a0slne\u010dn\u00e1, tak\u00fdto n\u00e1ro\u010dnej\u0161\u00ed v\u00fdjazd som predsa len absolvoval v lete, ke\u010f slnko nezapad\u00e1 [&hellip;]<\/p>\n","protected":false},"author":81,"featured_media":13341,"comment_status":"open","ping_status":"open","sticky":false,"template":"","format":"standard","meta":{"footnotes":""},"categories":[191],"tags":[180,902,931,523,741,545,318,508],"global-categories":[1074],"class_list":["post-13326","post","type-post","status-publish","format-standard","has-post-thumbnail","hentry","category-odporucame","tag-horska-cyklistika","tag-horsky-bicykel","tag-odporucame","tag-slovensko","tag-tip-na-vylet","tag-trasa","tag-vyjazd","tag-vylet","global-categories-cycling"],"yoast_head":"<!-- This site is optimized with the Yoast SEO Premium plugin v25.3 (Yoast SEO v25.9) - https:\/\/yoast.com\/wordpress\/plugins\/seo\/ -->\n<title>Tip na v\u00fdlet: Vt\u00e1\u010dnik, d\u00f4vod tr\u00e9nova\u0165 cel\u00fa zimu - \u0160koda We Love Cycling Slovensko<\/title>\n<meta name=\"description\" content=\"Napriek tomu, \u017ee tohtoro\u010dn\u00e1 jese\u0148 je tepl\u00e1 a\u00a0slne\u010dn\u00e1, tak\u00fdto n\u00e1ro\u010dnej\u0161\u00ed v\u00fdjazd som predsa len absolvoval v lete.\" \/>\n<meta name=\"robots\" content=\"index, follow, max-snippet:-1, max-image-preview:large, max-video-preview:-1\" \/>\n<link rel=\"canonical\" href=\"https:\/\/www.welovecycling.com\/sk\/2021\/11\/17\/tip-na-vylet-vtacnik-dovod-trenovat-celu-zimu\/\" \/>\n<meta property=\"og:locale\" content=\"sk_SK\" \/>\n<meta property=\"og:type\" content=\"article\" \/>\n<meta property=\"og:title\" content=\"Tip na v\u00fdlet: Vt\u00e1\u010dnik, d\u00f4vod tr\u00e9nova\u0165 cel\u00fa zimu\" \/>\n<meta property=\"og:description\" content=\"Napriek tomu, \u017ee tohtoro\u010dn\u00e1 jese\u0148 je tepl\u00e1 a\u00a0slne\u010dn\u00e1, tak\u00fdto n\u00e1ro\u010dnej\u0161\u00ed v\u00fdjazd som predsa len absolvoval v lete.\" \/>\n<meta property=\"og:url\" content=\"https:\/\/www.welovecycling.com\/sk\/2021\/11\/17\/tip-na-vylet-vtacnik-dovod-trenovat-celu-zimu\/\" \/>\n<meta property=\"og:site_name\" content=\"\u0160koda We Love Cycling Slovensko\" \/>\n<meta property=\"article:published_time\" content=\"2021-11-17T09:00:42+00:00\" \/>\n<meta property=\"og:image\" content=\"https:\/\/d2p6e6u75xmxt8.cloudfront.net\/4\/2021\/11\/Tip-na-vylet-Vtacnik_00a.JPG.webp\" \/>\n\t<meta property=\"og:image:width\" content=\"1380\" \/>\n\t<meta property=\"og:image:height\" content=\"600\" \/>\n\t<meta property=\"og:image:type\" content=\"image\/webp\" \/>\n<meta name=\"twitter:card\" content=\"summary_large_image\" \/>\n<meta name=\"twitter:label1\" content=\"Written by\" \/>\n\t<meta name=\"twitter:data1\" content=\"Radovan Vr\u0161ka\" \/>\n\t<meta name=\"twitter:label2\" content=\"Est. reading time\" \/>\n\t<meta name=\"twitter:data2\" content=\"2\" \/>\n<script type=\"application\/ld+json\" class=\"yoast-schema-graph\">{\"@context\":\"https:\/\/schema.org\",\"@graph\":[{\"@type\":\"WebPage\",\"@id\":\"https:\/\/www.welovecycling.com\/sk\/2021\/11\/17\/tip-na-vylet-vtacnik-dovod-trenovat-celu-zimu\/\",\"url\":\"https:\/\/www.welovecycling.com\/sk\/2021\/11\/17\/tip-na-vylet-vtacnik-dovod-trenovat-celu-zimu\/\",\"name\":\"Tip na v\u00fdlet: Vt\u00e1\u010dnik, d\u00f4vod tr\u00e9nova\u0165 cel\u00fa zimu - \u0160koda We Love Cycling Slovensko\",\"isPartOf\":{\"@id\":\"https:\/\/www.welovecycling.com\/sk\/#website\"},\"primaryImageOfPage\":{\"@id\":\"https:\/\/www.welovecycling.com\/sk\/2021\/11\/17\/tip-na-vylet-vtacnik-dovod-trenovat-celu-zimu\/#primaryimage\"},\"image\":{\"@id\":\"https:\/\/www.welovecycling.com\/sk\/2021\/11\/17\/tip-na-vylet-vtacnik-dovod-trenovat-celu-zimu\/#primaryimage\"},\"thumbnailUrl\":\"https:\/\/d2p6e6u75xmxt8.cloudfront.net\/4\/2021\/11\/Tip-na-vylet-Vtacnik_00a.JPG.webp\",\"datePublished\":\"2021-11-17T09:00:42+00:00\",\"author\":{\"@id\":\"\"},\"description\":\"Napriek tomu, \u017ee tohtoro\u010dn\u00e1 jese\u0148 je tepl\u00e1 a\u00a0slne\u010dn\u00e1, tak\u00fdto n\u00e1ro\u010dnej\u0161\u00ed v\u00fdjazd som predsa len absolvoval v lete.\",\"breadcrumb\":{\"@id\":\"https:\/\/www.welovecycling.com\/sk\/2021\/11\/17\/tip-na-vylet-vtacnik-dovod-trenovat-celu-zimu\/#breadcrumb\"},\"inLanguage\":\"sk-SK\",\"potentialAction\":[{\"@type\":\"ReadAction\",\"target\":[\"https:\/\/www.welovecycling.com\/sk\/2021\/11\/17\/tip-na-vylet-vtacnik-dovod-trenovat-celu-zimu\/\"]}]},{\"@type\":\"ImageObject\",\"inLanguage\":\"sk-SK\",\"@id\":\"https:\/\/www.welovecycling.com\/sk\/2021\/11\/17\/tip-na-vylet-vtacnik-dovod-trenovat-celu-zimu\/#primaryimage\",\"url\":\"https:\/\/d2p6e6u75xmxt8.cloudfront.net\/4\/2021\/11\/Tip-na-vylet-Vtacnik_00a.JPG.webp\",\"contentUrl\":\"https:\/\/d2p6e6u75xmxt8.cloudfront.net\/4\/2021\/11\/Tip-na-vylet-Vtacnik_00a.JPG.webp\",\"width\":1380,\"height\":600},{\"@type\":\"BreadcrumbList\",\"@id\":\"https:\/\/www.welovecycling.com\/sk\/2021\/11\/17\/tip-na-vylet-vtacnik-dovod-trenovat-celu-zimu\/#breadcrumb\",\"itemListElement\":[{\"@type\":\"ListItem\",\"position\":1,\"name\":\"Home\",\"item\":\"https:\/\/www.welovecycling.com\/sk\/\"},{\"@type\":\"ListItem\",\"position\":2,\"name\":\"Tip na v\u00fdlet: Vt\u00e1\u010dnik, d\u00f4vod tr\u00e9nova\u0165 cel\u00fa zimu\"}]},{\"@type\":\"WebSite\",\"@id\":\"https:\/\/www.welovecycling.com\/sk\/#website\",\"url\":\"https:\/\/www.welovecycling.com\/sk\/\",\"name\":\"\u0160koda We Love Cycling Slovensko\",\"description\":\"\u0160koda We Love Cycling Slovensko je v\u00e1\u0161 ka\u017edodenn\u00fd zdroj noviniek a in\u0161pir\u00e1cie z sveta cyklistiky\",\"potentialAction\":[{\"@type\":\"SearchAction\",\"target\":{\"@type\":\"EntryPoint\",\"urlTemplate\":\"https:\/\/www.welovecycling.com\/sk\/?s={search_term_string}\"},\"query-input\":{\"@type\":\"PropertyValueSpecification\",\"valueRequired\":true,\"valueName\":\"search_term_string\"}}],\"inLanguage\":\"sk-SK\"},{\"@type\":\"Person\",\"@id\":\"\",\"url\":\"https:\/\/www.welovecycling.com\/sk\/author\/\"}]}<\/script>\n<!-- \/ Yoast SEO Premium plugin. -->","yoast_head_json":{"title":"Tip na v\u00fdlet: Vt\u00e1\u010dnik, d\u00f4vod tr\u00e9nova\u0165 cel\u00fa zimu - \u0160koda We Love Cycling Slovensko","description":"Napriek tomu, \u017ee tohtoro\u010dn\u00e1 jese\u0148 je tepl\u00e1 a\u00a0slne\u010dn\u00e1, tak\u00fdto n\u00e1ro\u010dnej\u0161\u00ed v\u00fdjazd som predsa len absolvoval v lete.","robots":{"index":"index","follow":"follow","max-snippet":"max-snippet:-1","max-image-preview":"max-image-preview:large","max-video-preview":"max-video-preview:-1"},"canonical":"https:\/\/www.welovecycling.com\/sk\/2021\/11\/17\/tip-na-vylet-vtacnik-dovod-trenovat-celu-zimu\/","og_locale":"sk_SK","og_type":"article","og_title":"Tip na v\u00fdlet: Vt\u00e1\u010dnik, d\u00f4vod tr\u00e9nova\u0165 cel\u00fa zimu","og_description":"Napriek tomu, \u017ee tohtoro\u010dn\u00e1 jese\u0148 je tepl\u00e1 a\u00a0slne\u010dn\u00e1, tak\u00fdto n\u00e1ro\u010dnej\u0161\u00ed v\u00fdjazd som predsa len absolvoval v lete.","og_url":"https:\/\/www.welovecycling.com\/sk\/2021\/11\/17\/tip-na-vylet-vtacnik-dovod-trenovat-celu-zimu\/","og_site_name":"\u0160koda We Love Cycling Slovensko","article_published_time":"2021-11-17T09:00:42+00:00","og_image":[{"width":1380,"height":600,"url":"https:\/\/d2p6e6u75xmxt8.cloudfront.net\/4\/2021\/11\/Tip-na-vylet-Vtacnik_00a.JPG.webp","type":"image\/webp"}],"twitter_card":"summary_large_image","twitter_misc":{"Written by":"Radovan Vr\u0161ka","Est. reading time":"2"},"schema":{"@context":"https:\/\/schema.org","@graph":[{"@type":"WebPage","@id":"https:\/\/www.welovecycling.com\/sk\/2021\/11\/17\/tip-na-vylet-vtacnik-dovod-trenovat-celu-zimu\/","url":"https:\/\/www.welovecycling.com\/sk\/2021\/11\/17\/tip-na-vylet-vtacnik-dovod-trenovat-celu-zimu\/","name":"Tip na v\u00fdlet: Vt\u00e1\u010dnik, d\u00f4vod tr\u00e9nova\u0165 cel\u00fa zimu - \u0160koda We Love Cycling Slovensko","isPartOf":{"@id":"https:\/\/www.welovecycling.com\/sk\/#website"},"primaryImageOfPage":{"@id":"https:\/\/www.welovecycling.com\/sk\/2021\/11\/17\/tip-na-vylet-vtacnik-dovod-trenovat-celu-zimu\/#primaryimage"},"image":{"@id":"https:\/\/www.welovecycling.com\/sk\/2021\/11\/17\/tip-na-vylet-vtacnik-dovod-trenovat-celu-zimu\/#primaryimage"},"thumbnailUrl":"https:\/\/d2p6e6u75xmxt8.cloudfront.net\/4\/2021\/11\/Tip-na-vylet-Vtacnik_00a.JPG.webp","datePublished":"2021-11-17T09:00:42+00:00","author":{"@id":""},"description":"Napriek tomu, \u017ee tohtoro\u010dn\u00e1 jese\u0148 je tepl\u00e1 a\u00a0slne\u010dn\u00e1, tak\u00fdto n\u00e1ro\u010dnej\u0161\u00ed v\u00fdjazd som predsa len absolvoval v lete.","breadcrumb":{"@id":"https:\/\/www.welovecycling.com\/sk\/2021\/11\/17\/tip-na-vylet-vtacnik-dovod-trenovat-celu-zimu\/#breadcrumb"},"inLanguage":"sk-SK","potentialAction":[{"@type":"ReadAction","target":["https:\/\/www.welovecycling.com\/sk\/2021\/11\/17\/tip-na-vylet-vtacnik-dovod-trenovat-celu-zimu\/"]}]},{"@type":"ImageObject","inLanguage":"sk-SK","@id":"https:\/\/www.welovecycling.com\/sk\/2021\/11\/17\/tip-na-vylet-vtacnik-dovod-trenovat-celu-zimu\/#primaryimage","url":"https:\/\/d2p6e6u75xmxt8.cloudfront.net\/4\/2021\/11\/Tip-na-vylet-Vtacnik_00a.JPG.webp","contentUrl":"https:\/\/d2p6e6u75xmxt8.cloudfront.net\/4\/2021\/11\/Tip-na-vylet-Vtacnik_00a.JPG.webp","width":1380,"height":600},{"@type":"BreadcrumbList","@id":"https:\/\/www.welovecycling.com\/sk\/2021\/11\/17\/tip-na-vylet-vtacnik-dovod-trenovat-celu-zimu\/#breadcrumb","itemListElement":[{"@type":"ListItem","position":1,"name":"Home","item":"https:\/\/www.welovecycling.com\/sk\/"},{"@type":"ListItem","position":2,"name":"Tip na v\u00fdlet: Vt\u00e1\u010dnik, d\u00f4vod tr\u00e9nova\u0165 cel\u00fa zimu"}]},{"@type":"WebSite","@id":"https:\/\/www.welovecycling.com\/sk\/#website","url":"https:\/\/www.welovecycling.com\/sk\/","name":"\u0160koda We Love Cycling Slovensko","description":"\u0160koda We Love Cycling Slovensko je v\u00e1\u0161 ka\u017edodenn\u00fd zdroj noviniek a in\u0161pir\u00e1cie z sveta cyklistiky","potentialAction":[{"@type":"SearchAction","target":{"@type":"EntryPoint","urlTemplate":"https:\/\/www.welovecycling.com\/sk\/?s={search_term_string}"},"query-input":{"@type":"PropertyValueSpecification","valueRequired":true,"valueName":"search_term_string"}}],"inLanguage":"sk-SK"},{"@type":"Person","@id":"","url":"https:\/\/www.welovecycling.com\/sk\/author\/"}]}},"_links":{"self":[{"href":"https:\/\/www.welovecycling.com\/sk\/wp-json\/wp\/v2\/posts\/13326","targetHints":{"allow":["GET"]}}],"collection":[{"href":"https:\/\/www.welovecycling.com\/sk\/wp-json\/wp\/v2\/posts"}],"about":[{"href":"https:\/\/www.welovecycling.com\/sk\/wp-json\/wp\/v2\/types\/post"}],"author":[{"embeddable":true,"href":"https:\/\/www.welovecycling.com\/sk\/wp-json\/wp\/v2\/users\/81"}],"replies":[{"embeddable":true,"href":"https:\/\/www.welovecycling.com\/sk\/wp-json\/wp\/v2\/comments?post=13326"}],"version-history":[{"count":2,"href":"https:\/\/www.welovecycling.com\/sk\/wp-json\/wp\/v2\/posts\/13326\/revisions"}],"predecessor-version":[{"id":13351,"href":"https:\/\/www.welovecycling.com\/sk\/wp-json\/wp\/v2\/posts\/13326\/revisions\/13351"}],"wp:featuredmedia":[{"embeddable":true,"href":"https:\/\/www.welovecycling.com\/sk\/wp-json\/wp\/v2\/media\/13341"}],"wp:attachment":[{"href":"https:\/\/www.welovecycling.com\/sk\/wp-json\/wp\/v2\/media?parent=13326"}],"wp:term":[{"taxonomy":"category","embeddable":true,"href":"https:\/\/www.welovecycling.com\/sk\/wp-json\/wp\/v2\/categories?post=13326"},{"taxonomy":"post_tag","embeddable":true,"href":"https:\/\/www.welovecycling.com\/sk\/wp-json\/wp\/v2\/tags?post=13326"},{"taxonomy":"global-categories","embeddable":true,"href":"https:\/\/www.welovecycling.com\/sk\/wp-json\/wp\/v2\/global-categories?post=13326"}],"curies":[{"name":"wp","href":"https:\/\/api.w.org\/{rel}","templated":true}]}}