{"id":13315,"date":"2021-11-15T10:00:56","date_gmt":"2021-11-15T09:00:56","guid":{"rendered":"https:\/\/www.welovecycling.com\/sk\/?p=13315"},"modified":"2021-11-10T10:00:37","modified_gmt":"2021-11-10T09:00:37","slug":"kolko-hodin-tyzdenne-by-ste-mali-jazdit","status":"publish","type":"post","link":"https:\/\/www.welovecycling.com\/sk\/2021\/11\/15\/kolko-hodin-tyzdenne-by-ste-mali-jazdit\/","title":{"rendered":"Ko\u013eko hod\u00edn t\u00fd\u017edenne by ste mali jazdi\u0165?"},"content":{"rendered":"<p><strong>Prem\u00fd\u0161\u013eali ste niekedy nad t\u00fdm, \u010di tr\u00e1vite ka\u017ed\u00fd t\u00fd\u017ede\u0148 spr\u00e1vne mno\u017estvo \u010dasu na bicykli? \u010ci mus\u00edte jazdi\u0165 viac, ak chcete dosiahnu\u0165 svoje ciele? V tejto s\u00e9rii presk\u00famame, pre\u010do jazdi\u0165 viac nie je v\u017edy najlep\u0161\u00ed n\u00e1pad a ako n\u00e1js\u0165 spr\u00e1vny po\u010det t\u00fd\u017edenn\u00fdch tr\u00e9ningov\u00fdch hod\u00edn pr\u00e1ve pre v\u00e1s.<\/strong><\/p>\n<p><!--more--><\/p>\n<h2><strong>Neexistuje \u017eiadny dokonal\u00fd po\u010det hod\u00edn<\/strong><\/h2>\n<p>Zv\u00fd\u0161enie po\u010dtu hod\u00edn v sedle nie je z\u00e1rukou, \u017ee si zlep\u0161\u00edte kond\u00edciu, schudnete, zlep\u0161\u00edte si zdravie alebo z\u00edskate in\u00e9 v\u00fdhody z jazdy na bicykli. V skuto\u010dnosti to m\u00f4\u017ee vies\u0165 dokonca k opaku. Ak po bicyklovan\u00ed nedostato\u010dne zregenerujete, m\u00f4\u017eete sa pretr\u00e9nova\u0165 a zhor\u0161i\u0165 svoj v\u00fdkon alebo dokonca si po\u0161kodi\u0165 zdravie.<\/p>\n<figure id=\"attachment_13316\" aria-describedby=\"caption-attachment-13316\" style=\"width: 1000px\" class=\"wp-caption alignnone\"><a href=\"https:\/\/d2p6e6u75xmxt8.cloudfront.net\/4\/2021\/11\/Cyclist-MTB-profimedia-0640050929.jpg\"><img loading=\"lazy\" decoding=\"async\" class=\"size-full wp-image-13316\" src=\"https:\/\/d2p6e6u75xmxt8.cloudfront.net\/4\/2021\/11\/Cyclist-MTB-profimedia-0640050929.jpg\" alt=\"MTB cyclist\" width=\"1000\" height=\"667\" \/><\/a><figcaption id=\"caption-attachment-13316\" class=\"wp-caption-text\">Nikto v\u00e1m nepovie presn\u00fd po\u010det hod\u00edn, ktor\u00e9 by ste mali jazdi\u0165.<\/figcaption><\/figure>\n<p>Je to smutn\u00e9, ale neexistuje \u017eiadny dokonal\u00fd po\u010det hod\u00edn, ktor\u00e9 bud\u00fa najlep\u0161ie fungova\u0165 pre v\u0161etk\u00fdch. Ka\u017ed\u00fd si mus\u00edme n\u00e1js\u0165 svoje \u010d\u00edslo.<\/p>\n<h2><strong>N\u00e1jdite svoju minim\u00e1lnu \u00fa\u010dinn\u00fa d\u00e1vku<\/strong><\/h2>\n<p>Nez\u00e1le\u017e\u00ed na tom, \u010di jazd\u00edte pre zdravie, v\u00fdkon, alebo sa chcete sta\u0165 profesion\u00e1lnym cyklistom. Stres, ktor\u00fd tr\u00e9ning sp\u00f4sobuje v\u00e1\u0161mu telu, je k\u013e\u00fa\u010dovou premennou. M\u00f4\u017ee bu\u010f stimulova\u0165 va\u0161e telo, aby sa prisp\u00f4sobilo a zlep\u0161ovalo, alebo sp\u00f4sobi\u0165 v\u00e1\u017ene zdravotn\u00e9 po\u0161kodenie, ak va\u0161e telo nest\u00edha.<\/p>\n<p>To je d\u00f4vod, pre\u010do je dobr\u00e9 h\u013eada\u0165 \u201eminim\u00e1lnu \u00fa\u010dinn\u00fa d\u00e1vku\u201c. To znamen\u00e1 minim\u00e1lny po\u010det hod\u00edn, ktor\u00e9 spustia pozit\u00edvnu adapt\u00e1ciu. Ak bicyklujete menej hod\u00edn, budete stagnova\u0165 a neuvid\u00edte \u017eiadne pozit\u00edvne zmeny. Ak v\u0161ak budete prid\u00e1va\u0165 \u010fal\u0161ie hodiny, dostanete sa do bodu, kedy v\u00e1m to u\u017e neprinesie \u017eiadny pokrok.<\/p>\n<p><a href=\"https:\/\/d2p6e6u75xmxt8.cloudfront.net\/4\/2021\/11\/Outdoor-cycling-ride-profimedia-0641014698.jpg\"><img loading=\"lazy\" decoding=\"async\" class=\"alignnone size-full wp-image-13317\" src=\"https:\/\/d2p6e6u75xmxt8.cloudfront.net\/4\/2021\/11\/Outdoor-cycling-ride-profimedia-0641014698.jpg\" alt=\"Cycling ride\" width=\"1000\" height=\"666\" \/><\/a><\/p>\n<p>Ak napr\u00edklad jazd\u00edte p\u00e4\u0165 hod\u00edn t\u00fd\u017edenne, zv\u00fd\u0161enie na 10 hod\u00edn nebude dvakr\u00e1t tak\u00e9 efekt\u00edvne. A ak svoju t\u00fd\u017edenn\u00fa d\u00e1vku pred\u013a\u017eite na 20 hod\u00edn, va\u0161e telo to nemus\u00ed v\u00f4bec zvl\u00e1dnu\u0165. Ako teda n\u00e1js\u0165 svoju minim\u00e1lnu \u00fa\u010dinn\u00fa d\u00e1vku?<\/p>\n<div class=\"shortcode-ys-post-pinup\"><article class=\"loop-simple post-11873 post type-post status-publish format-standard has-post-thumbnail hentry category-odporucame tag-cestna-cyklistika tag-dusa tag-horska-cyklistika tag-jedlo tag-napoj tag-naradie tag-odporucame tag-vyjazd global-categories-cycling\" data-postid=\"11873\" role=\"article\" data-post-id=\"11873\" data-word-count=\"453\" data-headline-length=\"42\" data-category=\"Odpor\u00fa\u010dame\" data-global-category=\"Cycling\" data-author=\"Radovan Vr\u0161ka\" data-published=\"2021-06-08T10:00:45+02:00\" data-published-day=\"Tuesday\">\n    <div class=\"entry-thumbnail article-thumbnail\" content=\"https:\/\/d2p6e6u75xmxt8.cloudfront.net\/4\/2021\/06\/7-veci_00-150x150.webp\"><a href=\"https:\/\/www.welovecycling.com\/sk\/2021\/06\/08\/7-veci-ktore-si-nezabudnut-na-vyjazd\/\" class=\"image-holder\" target=\"_self\"><img decoding=\"async\" loading=\"lazy\" class=\"\" src=\"https:\/\/d2p6e6u75xmxt8.cloudfront.net\/4\/2021\/06\/7-veci_00-1024x445.webp\" srcset=\"https:\/\/d2p6e6u75xmxt8.cloudfront.net\/4\/2021\/06\/7-veci_00.webp 1380w, https:\/\/d2p6e6u75xmxt8.cloudfront.net\/4\/2021\/06\/7-veci_00-300x130.webp 300w, https:\/\/d2p6e6u75xmxt8.cloudfront.net\/4\/2021\/06\/7-veci_00-1024x445.webp 1024w, https:\/\/d2p6e6u75xmxt8.cloudfront.net\/4\/2021\/06\/7-veci_00-768x334.webp 768w\" width=\"1024\" height=\"445\" sizes=\"auto, (min-width: 1200px) 460px, (min-width: 768px) 38vw, 100vw\" alt=\"7-veci-ktore-si-nezabudnut-na-vyjazd\"\/><\/a><\/div>    <div class=\"entry-meta\">\n        <a class=\"label label-secondary post-category\" href=\"https:\/\/www.welovecycling.com\/sk\/category\/odporucame\/\" title=\"Odpor\u00fa\u010dame\">Odpor\u00fa\u010dame<\/a>\n    <\/div>\n    <div class=\"entry-details\">\n        <a href=\"https:\/\/www.welovecycling.com\/sk\/2021\/06\/08\/7-veci-ktore-si-nezabudnut-na-vyjazd\/\" class='entry-title-wrapper'>\n            <h3 class=\"entry-title\"><span>7 vec\u00ed, ktor\u00e9 si nezabudn\u00fa\u0165 na v\u00fdjazd<\/span><\/h3>\n        <\/a>\n    <\/div>\n    <\/article>\n<\/div>\n<h2><strong>V\u0161etko z\u00e1vis\u00ed od va\u0161ich cie\u013eov<\/strong><\/h2>\n<p>Od cie\u013ea, ktor\u00fd chcete dosiahnu\u0165, z\u00e1visia hodiny str\u00e1ven\u00e9 na bicykli a pokrok, ktor\u00fd mus\u00edte urobi\u0165. Pozorne sledujte, ako dobre va\u0161e telo reaguje na zv\u00fd\u0161enia a kedy presta\u0165 prid\u00e1va\u0165 hodiny navy\u0161e. Ale v kone\u010dnom d\u00f4sledku s\u00fa hlavn\u00fdm hnac\u00edm faktorom va\u0161e d\u00f4vody, pre\u010do bicyklujete a \u010do by ste chceli dosiahnu\u0165? Tu s\u00fa \u0161tyri scen\u00e1re, na ktor\u00e9 sa pozrieme.<\/p>\n<ul>\n<li>Bicyklujete, aby ste zostali fit a zdrav\u00ed.<\/li>\n<li>Bicyklujete pre zlep\u0161enie v\u00fdkonu.<\/li>\n<li>Bicyklujete, aby ste vyhrali preteky.<\/li>\n<li>Bicyklujete, aby ste sa stali profesion\u00e1lom.<\/li>\n<\/ul>\n<p>V tejto s\u00e9rii sa podrobne pozrieme na pr\u00edklady minim\u00e1lnej \u00fa\u010dinnej d\u00e1vky pre dosiahnutie ka\u017ed\u00e9ho z t\u00fdchto cie\u013eov. V\u00e4\u010d\u0161ina z n\u00e1s pravdepodobne aj tak skon\u010d\u00ed niekde na pol ceste, ale bude u\u017eito\u010dn\u00e9 ma\u0165 v\u0161eobecn\u00fa predstavu o tom, kde za\u010da\u0165.<\/p>\n","protected":false},"excerpt":{"rendered":"<p>Prem\u00fd\u0161\u013eali ste niekedy nad t\u00fdm, \u010di tr\u00e1vite ka\u017ed\u00fd t\u00fd\u017ede\u0148 spr\u00e1vne mno\u017estvo \u010dasu na bicykli? \u010ci mus\u00edte jazdi\u0165 viac, ak chcete [&hellip;]<\/p>\n","protected":false},"author":81,"featured_media":13319,"comment_status":"open","ping_status":"open","sticky":false,"template":"","format":"standard","meta":{"footnotes":""},"categories":[2],"tags":[619,794,115,180,55,1097,161],"global-categories":[],"class_list":["post-13315","post","type-post","status-publish","format-standard","has-post-thumbnail","hentry","category-zdravie-trening","tag-bicyklovanie","tag-cas","tag-cestna-cyklistika","tag-horska-cyklistika","tag-trening","tag-vykon","tag-zdravie"],"yoast_head":"<!-- This site is optimized with the Yoast SEO Premium plugin v25.3 (Yoast SEO v25.9) - https:\/\/yoast.com\/wordpress\/plugins\/seo\/ -->\n<title>Ko\u013eko hod\u00edn t\u00fd\u017edenne by ste mali jazdi\u0165? - We Love Cycling<\/title>\n<meta name=\"description\" content=\"Prem\u00fd\u0161\u013eali ste nad t\u00fdm, \u010di tr\u00e1vite ka\u017ed\u00fd t\u00fd\u017ede\u0148 spr\u00e1vne mno\u017estvo \u010dasu na bicykli? \u010ci mus\u00edte jazdi\u0165 viac, ak chcete dosiahnu\u0165 svoje ciele?\" \/>\n<meta name=\"robots\" content=\"index, follow, max-snippet:-1, max-image-preview:large, max-video-preview:-1\" \/>\n<link rel=\"canonical\" href=\"https:\/\/www.welovecycling.com\/sk\/2021\/11\/15\/kolko-hodin-tyzdenne-by-ste-mali-jazdit\/\" \/>\n<meta property=\"og:locale\" content=\"sk_SK\" \/>\n<meta property=\"og:type\" content=\"article\" \/>\n<meta property=\"og:title\" content=\"Ko\u013eko hod\u00edn t\u00fd\u017edenne by ste mali jazdi\u0165?\" \/>\n<meta property=\"og:description\" content=\"Prem\u00fd\u0161\u013eali ste nad t\u00fdm, \u010di tr\u00e1vite ka\u017ed\u00fd t\u00fd\u017ede\u0148 spr\u00e1vne mno\u017estvo \u010dasu na bicykli? \u010ci mus\u00edte jazdi\u0165 viac, ak chcete dosiahnu\u0165 svoje ciele?\" \/>\n<meta property=\"og:url\" content=\"https:\/\/www.welovecycling.com\/sk\/2021\/11\/15\/kolko-hodin-tyzdenne-by-ste-mali-jazdit\/\" \/>\n<meta property=\"og:site_name\" content=\"\u0160koda We Love Cycling Slovensko\" \/>\n<meta property=\"article:published_time\" content=\"2021-11-15T09:00:56+00:00\" \/>\n<meta property=\"og:image\" content=\"https:\/\/d2p6e6u75xmxt8.cloudfront.net\/4\/2021\/11\/Cyclists-legs-profimedia-0636181220-CVR.webp\" \/>\n\t<meta property=\"og:image:width\" content=\"1366\" \/>\n\t<meta property=\"og:image:height\" content=\"600\" \/>\n\t<meta property=\"og:image:type\" content=\"image\/webp\" \/>\n<meta name=\"twitter:card\" content=\"summary_large_image\" \/>\n<meta name=\"twitter:label1\" content=\"Written by\" \/>\n\t<meta name=\"twitter:data1\" content=\"Radovan Vr\u0161ka\" \/>\n\t<meta name=\"twitter:label2\" content=\"Est. reading time\" \/>\n\t<meta name=\"twitter:data2\" content=\"3\" \/>\n<script type=\"application\/ld+json\" class=\"yoast-schema-graph\">{\"@context\":\"https:\/\/schema.org\",\"@graph\":[{\"@type\":\"WebPage\",\"@id\":\"https:\/\/www.welovecycling.com\/sk\/2021\/11\/15\/kolko-hodin-tyzdenne-by-ste-mali-jazdit\/\",\"url\":\"https:\/\/www.welovecycling.com\/sk\/2021\/11\/15\/kolko-hodin-tyzdenne-by-ste-mali-jazdit\/\",\"name\":\"Ko\u013eko hod\u00edn t\u00fd\u017edenne by ste mali jazdi\u0165? - We Love Cycling\",\"isPartOf\":{\"@id\":\"https:\/\/www.welovecycling.com\/sk\/#website\"},\"primaryImageOfPage\":{\"@id\":\"https:\/\/www.welovecycling.com\/sk\/2021\/11\/15\/kolko-hodin-tyzdenne-by-ste-mali-jazdit\/#primaryimage\"},\"image\":{\"@id\":\"https:\/\/www.welovecycling.com\/sk\/2021\/11\/15\/kolko-hodin-tyzdenne-by-ste-mali-jazdit\/#primaryimage\"},\"thumbnailUrl\":\"https:\/\/d2p6e6u75xmxt8.cloudfront.net\/4\/2021\/11\/Cyclists-legs-profimedia-0636181220-CVR.webp\",\"datePublished\":\"2021-11-15T09:00:56+00:00\",\"author\":{\"@id\":\"\"},\"description\":\"Prem\u00fd\u0161\u013eali ste nad t\u00fdm, \u010di tr\u00e1vite ka\u017ed\u00fd t\u00fd\u017ede\u0148 spr\u00e1vne mno\u017estvo \u010dasu na bicykli? \u010ci mus\u00edte jazdi\u0165 viac, ak chcete dosiahnu\u0165 svoje ciele?\",\"breadcrumb\":{\"@id\":\"https:\/\/www.welovecycling.com\/sk\/2021\/11\/15\/kolko-hodin-tyzdenne-by-ste-mali-jazdit\/#breadcrumb\"},\"inLanguage\":\"sk-SK\",\"potentialAction\":[{\"@type\":\"ReadAction\",\"target\":[\"https:\/\/www.welovecycling.com\/sk\/2021\/11\/15\/kolko-hodin-tyzdenne-by-ste-mali-jazdit\/\"]}]},{\"@type\":\"ImageObject\",\"inLanguage\":\"sk-SK\",\"@id\":\"https:\/\/www.welovecycling.com\/sk\/2021\/11\/15\/kolko-hodin-tyzdenne-by-ste-mali-jazdit\/#primaryimage\",\"url\":\"https:\/\/d2p6e6u75xmxt8.cloudfront.net\/4\/2021\/11\/Cyclists-legs-profimedia-0636181220-CVR.webp\",\"contentUrl\":\"https:\/\/d2p6e6u75xmxt8.cloudfront.net\/4\/2021\/11\/Cyclists-legs-profimedia-0636181220-CVR.webp\",\"width\":1366,\"height\":600,\"caption\":\"Pro cyclists\"},{\"@type\":\"BreadcrumbList\",\"@id\":\"https:\/\/www.welovecycling.com\/sk\/2021\/11\/15\/kolko-hodin-tyzdenne-by-ste-mali-jazdit\/#breadcrumb\",\"itemListElement\":[{\"@type\":\"ListItem\",\"position\":1,\"name\":\"Home\",\"item\":\"https:\/\/www.welovecycling.com\/sk\/\"},{\"@type\":\"ListItem\",\"position\":2,\"name\":\"Ko\u013eko hod\u00edn t\u00fd\u017edenne by ste mali jazdi\u0165?\"}]},{\"@type\":\"WebSite\",\"@id\":\"https:\/\/www.welovecycling.com\/sk\/#website\",\"url\":\"https:\/\/www.welovecycling.com\/sk\/\",\"name\":\"\u0160koda We Love Cycling Slovensko\",\"description\":\"\u0160koda We Love Cycling Slovensko je v\u00e1\u0161 ka\u017edodenn\u00fd zdroj noviniek a in\u0161pir\u00e1cie z sveta cyklistiky\",\"potentialAction\":[{\"@type\":\"SearchAction\",\"target\":{\"@type\":\"EntryPoint\",\"urlTemplate\":\"https:\/\/www.welovecycling.com\/sk\/?s={search_term_string}\"},\"query-input\":{\"@type\":\"PropertyValueSpecification\",\"valueRequired\":true,\"valueName\":\"search_term_string\"}}],\"inLanguage\":\"sk-SK\"},{\"@type\":\"Person\",\"@id\":\"\",\"url\":\"https:\/\/www.welovecycling.com\/sk\/author\/\"}]}<\/script>\n<!-- \/ Yoast SEO Premium plugin. -->","yoast_head_json":{"title":"Ko\u013eko hod\u00edn t\u00fd\u017edenne by ste mali jazdi\u0165? - We Love Cycling","description":"Prem\u00fd\u0161\u013eali ste nad t\u00fdm, \u010di tr\u00e1vite ka\u017ed\u00fd t\u00fd\u017ede\u0148 spr\u00e1vne mno\u017estvo \u010dasu na bicykli? \u010ci mus\u00edte jazdi\u0165 viac, ak chcete dosiahnu\u0165 svoje ciele?","robots":{"index":"index","follow":"follow","max-snippet":"max-snippet:-1","max-image-preview":"max-image-preview:large","max-video-preview":"max-video-preview:-1"},"canonical":"https:\/\/www.welovecycling.com\/sk\/2021\/11\/15\/kolko-hodin-tyzdenne-by-ste-mali-jazdit\/","og_locale":"sk_SK","og_type":"article","og_title":"Ko\u013eko hod\u00edn t\u00fd\u017edenne by ste mali jazdi\u0165?","og_description":"Prem\u00fd\u0161\u013eali ste nad t\u00fdm, \u010di tr\u00e1vite ka\u017ed\u00fd t\u00fd\u017ede\u0148 spr\u00e1vne mno\u017estvo \u010dasu na bicykli? \u010ci mus\u00edte jazdi\u0165 viac, ak chcete dosiahnu\u0165 svoje ciele?","og_url":"https:\/\/www.welovecycling.com\/sk\/2021\/11\/15\/kolko-hodin-tyzdenne-by-ste-mali-jazdit\/","og_site_name":"\u0160koda We Love Cycling Slovensko","article_published_time":"2021-11-15T09:00:56+00:00","og_image":[{"width":1366,"height":600,"url":"https:\/\/d2p6e6u75xmxt8.cloudfront.net\/4\/2021\/11\/Cyclists-legs-profimedia-0636181220-CVR.webp","type":"image\/webp"}],"twitter_card":"summary_large_image","twitter_misc":{"Written by":"Radovan Vr\u0161ka","Est. reading time":"3"},"schema":{"@context":"https:\/\/schema.org","@graph":[{"@type":"WebPage","@id":"https:\/\/www.welovecycling.com\/sk\/2021\/11\/15\/kolko-hodin-tyzdenne-by-ste-mali-jazdit\/","url":"https:\/\/www.welovecycling.com\/sk\/2021\/11\/15\/kolko-hodin-tyzdenne-by-ste-mali-jazdit\/","name":"Ko\u013eko hod\u00edn t\u00fd\u017edenne by ste mali jazdi\u0165? - We Love Cycling","isPartOf":{"@id":"https:\/\/www.welovecycling.com\/sk\/#website"},"primaryImageOfPage":{"@id":"https:\/\/www.welovecycling.com\/sk\/2021\/11\/15\/kolko-hodin-tyzdenne-by-ste-mali-jazdit\/#primaryimage"},"image":{"@id":"https:\/\/www.welovecycling.com\/sk\/2021\/11\/15\/kolko-hodin-tyzdenne-by-ste-mali-jazdit\/#primaryimage"},"thumbnailUrl":"https:\/\/d2p6e6u75xmxt8.cloudfront.net\/4\/2021\/11\/Cyclists-legs-profimedia-0636181220-CVR.webp","datePublished":"2021-11-15T09:00:56+00:00","author":{"@id":""},"description":"Prem\u00fd\u0161\u013eali ste nad t\u00fdm, \u010di tr\u00e1vite ka\u017ed\u00fd t\u00fd\u017ede\u0148 spr\u00e1vne mno\u017estvo \u010dasu na bicykli? \u010ci mus\u00edte jazdi\u0165 viac, ak chcete dosiahnu\u0165 svoje ciele?","breadcrumb":{"@id":"https:\/\/www.welovecycling.com\/sk\/2021\/11\/15\/kolko-hodin-tyzdenne-by-ste-mali-jazdit\/#breadcrumb"},"inLanguage":"sk-SK","potentialAction":[{"@type":"ReadAction","target":["https:\/\/www.welovecycling.com\/sk\/2021\/11\/15\/kolko-hodin-tyzdenne-by-ste-mali-jazdit\/"]}]},{"@type":"ImageObject","inLanguage":"sk-SK","@id":"https:\/\/www.welovecycling.com\/sk\/2021\/11\/15\/kolko-hodin-tyzdenne-by-ste-mali-jazdit\/#primaryimage","url":"https:\/\/d2p6e6u75xmxt8.cloudfront.net\/4\/2021\/11\/Cyclists-legs-profimedia-0636181220-CVR.webp","contentUrl":"https:\/\/d2p6e6u75xmxt8.cloudfront.net\/4\/2021\/11\/Cyclists-legs-profimedia-0636181220-CVR.webp","width":1366,"height":600,"caption":"Pro cyclists"},{"@type":"BreadcrumbList","@id":"https:\/\/www.welovecycling.com\/sk\/2021\/11\/15\/kolko-hodin-tyzdenne-by-ste-mali-jazdit\/#breadcrumb","itemListElement":[{"@type":"ListItem","position":1,"name":"Home","item":"https:\/\/www.welovecycling.com\/sk\/"},{"@type":"ListItem","position":2,"name":"Ko\u013eko hod\u00edn t\u00fd\u017edenne by ste mali jazdi\u0165?"}]},{"@type":"WebSite","@id":"https:\/\/www.welovecycling.com\/sk\/#website","url":"https:\/\/www.welovecycling.com\/sk\/","name":"\u0160koda We Love Cycling Slovensko","description":"\u0160koda We Love Cycling Slovensko je v\u00e1\u0161 ka\u017edodenn\u00fd zdroj noviniek a in\u0161pir\u00e1cie z sveta cyklistiky","potentialAction":[{"@type":"SearchAction","target":{"@type":"EntryPoint","urlTemplate":"https:\/\/www.welovecycling.com\/sk\/?s={search_term_string}"},"query-input":{"@type":"PropertyValueSpecification","valueRequired":true,"valueName":"search_term_string"}}],"inLanguage":"sk-SK"},{"@type":"Person","@id":"","url":"https:\/\/www.welovecycling.com\/sk\/author\/"}]}},"_links":{"self":[{"href":"https:\/\/www.welovecycling.com\/sk\/wp-json\/wp\/v2\/posts\/13315","targetHints":{"allow":["GET"]}}],"collection":[{"href":"https:\/\/www.welovecycling.com\/sk\/wp-json\/wp\/v2\/posts"}],"about":[{"href":"https:\/\/www.welovecycling.com\/sk\/wp-json\/wp\/v2\/types\/post"}],"author":[{"embeddable":true,"href":"https:\/\/www.welovecycling.com\/sk\/wp-json\/wp\/v2\/users\/81"}],"replies":[{"embeddable":true,"href":"https:\/\/www.welovecycling.com\/sk\/wp-json\/wp\/v2\/comments?post=13315"}],"version-history":[{"count":2,"href":"https:\/\/www.welovecycling.com\/sk\/wp-json\/wp\/v2\/posts\/13315\/revisions"}],"predecessor-version":[{"id":13325,"href":"https:\/\/www.welovecycling.com\/sk\/wp-json\/wp\/v2\/posts\/13315\/revisions\/13325"}],"wp:featuredmedia":[{"embeddable":true,"href":"https:\/\/www.welovecycling.com\/sk\/wp-json\/wp\/v2\/media\/13319"}],"wp:attachment":[{"href":"https:\/\/www.welovecycling.com\/sk\/wp-json\/wp\/v2\/media?parent=13315"}],"wp:term":[{"taxonomy":"category","embeddable":true,"href":"https:\/\/www.welovecycling.com\/sk\/wp-json\/wp\/v2\/categories?post=13315"},{"taxonomy":"post_tag","embeddable":true,"href":"https:\/\/www.welovecycling.com\/sk\/wp-json\/wp\/v2\/tags?post=13315"},{"taxonomy":"global-categories","embeddable":true,"href":"https:\/\/www.welovecycling.com\/sk\/wp-json\/wp\/v2\/global-categories?post=13315"}],"curies":[{"name":"wp","href":"https:\/\/api.w.org\/{rel}","templated":true}]}}