{"id":13298,"date":"2021-11-12T10:00:53","date_gmt":"2021-11-12T09:00:53","guid":{"rendered":"https:\/\/www.welovecycling.com\/sk\/?p=13298"},"modified":"2021-11-08T11:04:51","modified_gmt":"2021-11-08T10:04:51","slug":"julian-alaphilippe-o-kliatbe-duhoveho-dresu-a-dalsich-skvelych-spravach-zo-sveta-cyklistiky","status":"publish","type":"post","link":"https:\/\/www.welovecycling.com\/sk\/2021\/11\/12\/julian-alaphilippe-o-kliatbe-duhoveho-dresu-a-dalsich-skvelych-spravach-zo-sveta-cyklistiky\/","title":{"rendered":"Julian Alaphilippe o kliatbe d\u00fahov\u00e9ho dresu a \u010fal\u0161\u00edch skvel\u00fdch spr\u00e1vach zo sveta cyklistiky"},"content":{"rendered":"<h2 class=\"Standard\"><b>Franc\u00faz uv\u00e1dza na trh knihu<\/b><\/h2>\n<p>Julian Alaphilippe, dvojn\u00e1sobn\u00fd majster sveta v cestnej cyklistike, vydal nov\u00fa knihu s n\u00e1zvom Julian. Sleduje rok v jeho \u017eivote od z\u00edskania prv\u00e9ho z jeho d\u00fahov\u00fdch dresov v roku 2021 a podrobne hovor\u00ed o tom, ak\u00fd vplyv na\u0148ho v\u00ed\u0165azstvo malo.<\/p>\n<p><em>&#8222;D\u00fahov\u00fd dres sp\u00f4sobuje, \u017ee \u013eudia robia chyby,&#8220;<\/em> povedal pre Het Nieuwsblad. <em>\u201eMusel som sa nau\u010di\u0165 s t\u00fdm dresom jazdi\u0165, musel som sa nau\u010di\u0165 ten dres nosi\u0165. Moja najv\u00e4\u010d\u0161ia chyba? Nepochybne prehra v Li\u00e8ge-Bastogne-Li\u00e8ge. Chcel som, aby ten dres \u017eiaril a\u017e pr\u00edli\u0161, a preto som robil chyby. S tak\u00fdmto dresom nechcete nikoho sklama\u0165 &#8211; ani fan\u00fa\u0161ikov, ani t\u00edm a dokonca ani seba. D\u00fafam, \u017ee v bud\u00facom roku u\u017e tie chyby neurob\u00edm a \u017ee v bud\u00facej sez\u00f3ne budem m\u00f4c\u0165 robi\u0165 to, \u010do rob\u00edm bez komplexov: odjazdi\u0165 preteky a vyhra\u0165.&#8220;<\/em><\/p>\n<div class=\"shortcode-ys-post-pinup\"><article class=\"loop-simple post-12913 post type-post status-publish format-standard has-post-thumbnail hentry category-cestna-cyklisitika tag-alejandro-valverde tag-cestna-cyklistika tag-duhovy-dres tag-etapove-preteky tag-julian-alaphilippe tag-mads-pedersen tag-majster-sveta tag-majstrovstva-sveta tag-peter-sagan tag-preteky tag-tour-de-france\" data-postid=\"12913\" role=\"article\" data-post-id=\"12913\" data-word-count=\"635\" data-headline-length=\"44\" data-category=\"Cestn\u00e1 cyklistika\" data-author=\"Joshua Donaldson\" data-published=\"2021-09-20T10:00:07+02:00\" data-published-day=\"Monday\">\n    <div class=\"entry-thumbnail article-thumbnail\" content=\"https:\/\/d2p6e6u75xmxt8.cloudfront.net\/4\/2021\/09\/Peter-Sagan-profimedia-0340403775-CVR-150x150.webp\"><a href=\"https:\/\/www.welovecycling.com\/sk\/2021\/09\/20\/skutocne-existuje-kliatba-duhoveho-dresu\/\" class=\"image-holder\" target=\"_self\"><img decoding=\"async\" loading=\"lazy\" class=\"\" src=\"https:\/\/d2p6e6u75xmxt8.cloudfront.net\/4\/2021\/09\/Peter-Sagan-profimedia-0340403775-CVR-1024x450.webp\" srcset=\"https:\/\/d2p6e6u75xmxt8.cloudfront.net\/4\/2021\/09\/Peter-Sagan-profimedia-0340403775-CVR.webp 1366w, https:\/\/d2p6e6u75xmxt8.cloudfront.net\/4\/2021\/09\/Peter-Sagan-profimedia-0340403775-CVR-300x132.webp 300w, https:\/\/d2p6e6u75xmxt8.cloudfront.net\/4\/2021\/09\/Peter-Sagan-profimedia-0340403775-CVR-1024x450.webp 1024w, https:\/\/d2p6e6u75xmxt8.cloudfront.net\/4\/2021\/09\/Peter-Sagan-profimedia-0340403775-CVR-768x337.webp 768w\" width=\"1024\" height=\"450\" sizes=\"auto, (min-width: 1200px) 456px, (min-width: 768px) 38vw, 100vw\" alt=\"skutocne-existuje-kliatba-duhoveho-dresu\"\/><\/a><\/div>    <div class=\"entry-meta\">\n        <a class=\"label label-secondary post-category\" href=\"https:\/\/www.welovecycling.com\/sk\/category\/cestna-cyklisitika\/\" title=\"Cestn\u00e1 cyklistika\">Cestn\u00e1 cyklistika<\/a>\n    <\/div>\n    <div class=\"entry-details\">\n        <a href=\"https:\/\/www.welovecycling.com\/sk\/2021\/09\/20\/skutocne-existuje-kliatba-duhoveho-dresu\/\" class='entry-title-wrapper'>\n            <h3 class=\"entry-title\"><span>Skuto\u010dne existuje kliatba d\u00fahov\u00e9ho dresu?<\/span><\/h3>\n        <\/a>\n    <\/div>\n    <\/article>\n<\/div>\n<figure id=\"attachment_13303\" aria-describedby=\"caption-attachment-13303\" style=\"width: 1000px\" class=\"wp-caption alignnone\"><a href=\"https:\/\/d2p6e6u75xmxt8.cloudfront.net\/4\/2021\/11\/Liege-Bastogne-Liege-Alaphilippe-profimedia-0608275495.jpg\"><img loading=\"lazy\" decoding=\"async\" class=\"size-full wp-image-13303\" src=\"https:\/\/d2p6e6u75xmxt8.cloudfront.net\/4\/2021\/11\/Liege-Bastogne-Liege-Alaphilippe-profimedia-0608275495.jpg\" alt=\"\" width=\"1000\" height=\"666\" \/><\/a><figcaption id=\"caption-attachment-13303\" class=\"wp-caption-text\">Alaphilippe pova\u017euje prehru v Li\u00e8ge-Bastogne-Li\u00e8ge za svoju najv\u00e4\u010d\u0161iu chybu. \u00a9 Profimedia<\/figcaption><\/figure>\n<p>Alaphilippe toho za\u017eil ve\u013ea na bicykli aj mimo neho. Narodil sa mu prv\u00fd syn a musel sa rozl\u00fa\u010di\u0165 so zosnul\u00fdm otcom.<\/p>\n<p><em>\u201eKniha je o jednom roku mojej kari\u00e9ry, ale nie hocijakom. Bol to rok pln\u00fd em\u00f3ci\u00ed, pracovn\u00fdch aj s\u00fakromn\u00fdch. Dos\u0165 na to, aby som o tom nap\u00edsal knihu, pomyslel som si. Spomienky, obr\u00e1zky&#8230; Chcel som sa o to podeli\u0165 so svojimi fan\u00fa\u0161ikmi. Sna\u017eil som sa o tom roku rozpr\u00e1va\u0165 \u010do najotvorenej\u0161ie.&#8220;<\/em><\/p>\n<p><em>\u201ePreto\u017ee v \u0148om bolo to\u013eko em\u00f3ci\u00ed, samozrejme svetov\u00e9 tituly, ale ve\u013ea sa dialo aj v mojom s\u00fakromnom \u017eivote. Myslel som, \u017ee by to malo by\u0165 aj v knihe. V\u0161etky tie rozhovory boli \u00faplne prirodzen\u00e9.&#8220;<\/em><\/p>\n<h2 class=\"Standard\"><b>Tutu sukni\u010dka<\/b><\/h2>\n<div class=\"embed-controller-wrapper\">\n<blockquote class=\"twitter-tweet\" data-width=\"500\" data-dnt=\"true\">\n<p lang=\"en\" dir=\"ltr\">BREAKING!<\/p>\n<p>Dowsett records lowest ever CdA ahead of hour record attempt despite wearing tutu.<a href=\"https:\/\/twitter.com\/hashtag\/hourofbloodsweatandtears?src=hash&amp;ref_src=twsrc%5Etfw\">#hourofbloodsweatandtears<\/a> <a href=\"https:\/\/t.co\/iSlGJXW8qq\">pic.twitter.com\/iSlGJXW8qq<\/a><\/p>\n<p>&mdash; Alex Dowsett (@alexdowsett) <a href=\"https:\/\/twitter.com\/alexdowsett\/status\/1450182363556765696?ref_src=twsrc%5Etfw\">October 18, 2021<\/a><\/p><\/blockquote>\n<p><script async data-src=\"https:\/\/platform.twitter.com\/widgets.js\" charset=\"utf-8\"><\/script><\/div>\n<h2 class=\"Standard\"><b>Ve\u013ea<\/b><\/h2>\n<p>https:\/\/www.instagram.com\/p\/CVkGz6dse2y\/<\/p>\n<h2 class=\"Standard\"><b>To nie je spr\u00e1vne<\/b><\/h2>\n<p>https:\/\/www.instagram.com\/p\/CVgAGQkIOWq\/<\/p>\n<h2 class=\"Standard\"><b>Prav\u00e1 l\u00e1ska<\/b><\/h2>\n<p>https:\/\/www.instagram.com\/p\/CViFXyosopZ<\/p>\n","protected":false},"excerpt":{"rendered":"<p>Franc\u00faz uv\u00e1dza na trh knihu Julian Alaphilippe, dvojn\u00e1sobn\u00fd majster sveta v cestnej cyklistike, vydal nov\u00fa knihu s n\u00e1zvom Julian. Sleduje [&hellip;]<\/p>\n","protected":false},"author":81,"featured_media":13305,"comment_status":"open","ping_status":"open","sticky":false,"template":"","format":"standard","meta":{"footnotes":""},"categories":[4],"tags":[115,306,580,498,432,257],"global-categories":[],"class_list":["post-13298","post","type-post","status-publish","format-standard","has-post-thumbnail","hentry","category-cestna-cyklisitika","tag-cestna-cyklistika","tag-francuzsko","tag-instagram","tag-julian-alaphilippe","tag-liege-bastogne-liege","tag-novinky"],"yoast_head":"<!-- This site is optimized with the Yoast SEO Premium plugin v25.3 (Yoast SEO v25.9) - https:\/\/yoast.com\/wordpress\/plugins\/seo\/ -->\n<title>Julian Alaphilippe o kliatbe d\u00fahov\u00e9ho dresu<\/title>\n<meta name=\"description\" content=\"Julian Alaphilippe, dvojn\u00e1sobn\u00fd majster sveta v cestnej cyklistike, vydal nov\u00fa knihu s n\u00e1zvom Julian. Sleduje rok v jeho \u017eivote.\" \/>\n<meta name=\"robots\" content=\"index, follow, max-snippet:-1, max-image-preview:large, max-video-preview:-1\" \/>\n<link rel=\"canonical\" href=\"https:\/\/www.welovecycling.com\/sk\/2021\/11\/12\/julian-alaphilippe-o-kliatbe-duhoveho-dresu-a-dalsich-skvelych-spravach-zo-sveta-cyklistiky\/\" \/>\n<meta property=\"og:locale\" content=\"sk_SK\" \/>\n<meta property=\"og:type\" content=\"article\" \/>\n<meta property=\"og:title\" content=\"Julian Alaphilippe o kliatbe d\u00fahov\u00e9ho dresu a \u010fal\u0161\u00edch skvel\u00fdch spr\u00e1vach zo sveta cyklistiky\" \/>\n<meta property=\"og:description\" content=\"Julian Alaphilippe, dvojn\u00e1sobn\u00fd majster sveta v cestnej cyklistike, vydal nov\u00fa knihu s n\u00e1zvom Julian. Sleduje rok v jeho \u017eivote.\" \/>\n<meta property=\"og:url\" content=\"https:\/\/www.welovecycling.com\/sk\/2021\/11\/12\/julian-alaphilippe-o-kliatbe-duhoveho-dresu-a-dalsich-skvelych-spravach-zo-sveta-cyklistiky\/\" \/>\n<meta property=\"og:site_name\" content=\"\u0160koda We Love Cycling Slovensko\" \/>\n<meta property=\"article:published_time\" content=\"2021-11-12T09:00:53+00:00\" \/>\n<meta property=\"og:image\" content=\"https:\/\/d2p6e6u75xmxt8.cloudfront.net\/4\/2021\/11\/Julian-Alaphilippe-profimedia-0637986776-CVR.webp\" \/>\n\t<meta property=\"og:image:width\" content=\"1366\" \/>\n\t<meta property=\"og:image:height\" content=\"600\" \/>\n\t<meta property=\"og:image:type\" content=\"image\/webp\" \/>\n<meta name=\"twitter:card\" content=\"summary_large_image\" \/>\n<meta name=\"twitter:label1\" content=\"Written by\" \/>\n\t<meta name=\"twitter:data1\" content=\"Joshua Donaldson\" \/>\n\t<meta name=\"twitter:label2\" content=\"Est. reading time\" \/>\n\t<meta name=\"twitter:data2\" content=\"6\" \/>\n<script type=\"application\/ld+json\" class=\"yoast-schema-graph\">{\"@context\":\"https:\/\/schema.org\",\"@graph\":[{\"@type\":\"WebPage\",\"@id\":\"https:\/\/www.welovecycling.com\/sk\/2021\/11\/12\/julian-alaphilippe-o-kliatbe-duhoveho-dresu-a-dalsich-skvelych-spravach-zo-sveta-cyklistiky\/\",\"url\":\"https:\/\/www.welovecycling.com\/sk\/2021\/11\/12\/julian-alaphilippe-o-kliatbe-duhoveho-dresu-a-dalsich-skvelych-spravach-zo-sveta-cyklistiky\/\",\"name\":\"Julian Alaphilippe o kliatbe d\u00fahov\u00e9ho dresu\",\"isPartOf\":{\"@id\":\"https:\/\/www.welovecycling.com\/sk\/#website\"},\"primaryImageOfPage\":{\"@id\":\"https:\/\/www.welovecycling.com\/sk\/2021\/11\/12\/julian-alaphilippe-o-kliatbe-duhoveho-dresu-a-dalsich-skvelych-spravach-zo-sveta-cyklistiky\/#primaryimage\"},\"image\":{\"@id\":\"https:\/\/www.welovecycling.com\/sk\/2021\/11\/12\/julian-alaphilippe-o-kliatbe-duhoveho-dresu-a-dalsich-skvelych-spravach-zo-sveta-cyklistiky\/#primaryimage\"},\"thumbnailUrl\":\"https:\/\/d2p6e6u75xmxt8.cloudfront.net\/4\/2021\/11\/Julian-Alaphilippe-profimedia-0637986776-CVR.webp\",\"datePublished\":\"2021-11-12T09:00:53+00:00\",\"author\":{\"@id\":\"\"},\"description\":\"Julian Alaphilippe, dvojn\u00e1sobn\u00fd majster sveta v cestnej cyklistike, vydal nov\u00fa knihu s n\u00e1zvom Julian. Sleduje rok v jeho \u017eivote.\",\"breadcrumb\":{\"@id\":\"https:\/\/www.welovecycling.com\/sk\/2021\/11\/12\/julian-alaphilippe-o-kliatbe-duhoveho-dresu-a-dalsich-skvelych-spravach-zo-sveta-cyklistiky\/#breadcrumb\"},\"inLanguage\":\"sk-SK\",\"potentialAction\":[{\"@type\":\"ReadAction\",\"target\":[\"https:\/\/www.welovecycling.com\/sk\/2021\/11\/12\/julian-alaphilippe-o-kliatbe-duhoveho-dresu-a-dalsich-skvelych-spravach-zo-sveta-cyklistiky\/\"]}]},{\"@type\":\"ImageObject\",\"inLanguage\":\"sk-SK\",\"@id\":\"https:\/\/www.welovecycling.com\/sk\/2021\/11\/12\/julian-alaphilippe-o-kliatbe-duhoveho-dresu-a-dalsich-skvelych-spravach-zo-sveta-cyklistiky\/#primaryimage\",\"url\":\"https:\/\/d2p6e6u75xmxt8.cloudfront.net\/4\/2021\/11\/Julian-Alaphilippe-profimedia-0637986776-CVR.webp\",\"contentUrl\":\"https:\/\/d2p6e6u75xmxt8.cloudfront.net\/4\/2021\/11\/Julian-Alaphilippe-profimedia-0637986776-CVR.webp\",\"width\":1366,\"height\":600,\"caption\":\"Julian Alaphilippe\"},{\"@type\":\"BreadcrumbList\",\"@id\":\"https:\/\/www.welovecycling.com\/sk\/2021\/11\/12\/julian-alaphilippe-o-kliatbe-duhoveho-dresu-a-dalsich-skvelych-spravach-zo-sveta-cyklistiky\/#breadcrumb\",\"itemListElement\":[{\"@type\":\"ListItem\",\"position\":1,\"name\":\"Home\",\"item\":\"https:\/\/www.welovecycling.com\/sk\/\"},{\"@type\":\"ListItem\",\"position\":2,\"name\":\"Julian Alaphilippe o kliatbe d\u00fahov\u00e9ho dresu a \u010fal\u0161\u00edch skvel\u00fdch spr\u00e1vach zo sveta cyklistiky\"}]},{\"@type\":\"WebSite\",\"@id\":\"https:\/\/www.welovecycling.com\/sk\/#website\",\"url\":\"https:\/\/www.welovecycling.com\/sk\/\",\"name\":\"\u0160koda We Love Cycling Slovensko\",\"description\":\"\u0160koda We Love Cycling Slovensko je v\u00e1\u0161 ka\u017edodenn\u00fd zdroj noviniek a in\u0161pir\u00e1cie z sveta cyklistiky\",\"potentialAction\":[{\"@type\":\"SearchAction\",\"target\":{\"@type\":\"EntryPoint\",\"urlTemplate\":\"https:\/\/www.welovecycling.com\/sk\/?s={search_term_string}\"},\"query-input\":{\"@type\":\"PropertyValueSpecification\",\"valueRequired\":true,\"valueName\":\"search_term_string\"}}],\"inLanguage\":\"sk-SK\"},{\"@type\":\"Person\",\"@id\":\"\",\"url\":\"https:\/\/www.welovecycling.com\/sk\/author\/\"}]}<\/script>\n<!-- \/ Yoast SEO Premium plugin. -->","yoast_head_json":{"title":"Julian Alaphilippe o kliatbe d\u00fahov\u00e9ho dresu","description":"Julian Alaphilippe, dvojn\u00e1sobn\u00fd majster sveta v cestnej cyklistike, vydal nov\u00fa knihu s n\u00e1zvom Julian. Sleduje rok v jeho \u017eivote.","robots":{"index":"index","follow":"follow","max-snippet":"max-snippet:-1","max-image-preview":"max-image-preview:large","max-video-preview":"max-video-preview:-1"},"canonical":"https:\/\/www.welovecycling.com\/sk\/2021\/11\/12\/julian-alaphilippe-o-kliatbe-duhoveho-dresu-a-dalsich-skvelych-spravach-zo-sveta-cyklistiky\/","og_locale":"sk_SK","og_type":"article","og_title":"Julian Alaphilippe o kliatbe d\u00fahov\u00e9ho dresu a \u010fal\u0161\u00edch skvel\u00fdch spr\u00e1vach zo sveta cyklistiky","og_description":"Julian Alaphilippe, dvojn\u00e1sobn\u00fd majster sveta v cestnej cyklistike, vydal nov\u00fa knihu s n\u00e1zvom Julian. Sleduje rok v jeho \u017eivote.","og_url":"https:\/\/www.welovecycling.com\/sk\/2021\/11\/12\/julian-alaphilippe-o-kliatbe-duhoveho-dresu-a-dalsich-skvelych-spravach-zo-sveta-cyklistiky\/","og_site_name":"\u0160koda We Love Cycling Slovensko","article_published_time":"2021-11-12T09:00:53+00:00","og_image":[{"width":1366,"height":600,"url":"https:\/\/d2p6e6u75xmxt8.cloudfront.net\/4\/2021\/11\/Julian-Alaphilippe-profimedia-0637986776-CVR.webp","type":"image\/webp"}],"twitter_card":"summary_large_image","twitter_misc":{"Written by":"Joshua Donaldson","Est. reading time":"6"},"schema":{"@context":"https:\/\/schema.org","@graph":[{"@type":"WebPage","@id":"https:\/\/www.welovecycling.com\/sk\/2021\/11\/12\/julian-alaphilippe-o-kliatbe-duhoveho-dresu-a-dalsich-skvelych-spravach-zo-sveta-cyklistiky\/","url":"https:\/\/www.welovecycling.com\/sk\/2021\/11\/12\/julian-alaphilippe-o-kliatbe-duhoveho-dresu-a-dalsich-skvelych-spravach-zo-sveta-cyklistiky\/","name":"Julian Alaphilippe o kliatbe d\u00fahov\u00e9ho dresu","isPartOf":{"@id":"https:\/\/www.welovecycling.com\/sk\/#website"},"primaryImageOfPage":{"@id":"https:\/\/www.welovecycling.com\/sk\/2021\/11\/12\/julian-alaphilippe-o-kliatbe-duhoveho-dresu-a-dalsich-skvelych-spravach-zo-sveta-cyklistiky\/#primaryimage"},"image":{"@id":"https:\/\/www.welovecycling.com\/sk\/2021\/11\/12\/julian-alaphilippe-o-kliatbe-duhoveho-dresu-a-dalsich-skvelych-spravach-zo-sveta-cyklistiky\/#primaryimage"},"thumbnailUrl":"https:\/\/d2p6e6u75xmxt8.cloudfront.net\/4\/2021\/11\/Julian-Alaphilippe-profimedia-0637986776-CVR.webp","datePublished":"2021-11-12T09:00:53+00:00","author":{"@id":""},"description":"Julian Alaphilippe, dvojn\u00e1sobn\u00fd majster sveta v cestnej cyklistike, vydal nov\u00fa knihu s n\u00e1zvom Julian. Sleduje rok v jeho \u017eivote.","breadcrumb":{"@id":"https:\/\/www.welovecycling.com\/sk\/2021\/11\/12\/julian-alaphilippe-o-kliatbe-duhoveho-dresu-a-dalsich-skvelych-spravach-zo-sveta-cyklistiky\/#breadcrumb"},"inLanguage":"sk-SK","potentialAction":[{"@type":"ReadAction","target":["https:\/\/www.welovecycling.com\/sk\/2021\/11\/12\/julian-alaphilippe-o-kliatbe-duhoveho-dresu-a-dalsich-skvelych-spravach-zo-sveta-cyklistiky\/"]}]},{"@type":"ImageObject","inLanguage":"sk-SK","@id":"https:\/\/www.welovecycling.com\/sk\/2021\/11\/12\/julian-alaphilippe-o-kliatbe-duhoveho-dresu-a-dalsich-skvelych-spravach-zo-sveta-cyklistiky\/#primaryimage","url":"https:\/\/d2p6e6u75xmxt8.cloudfront.net\/4\/2021\/11\/Julian-Alaphilippe-profimedia-0637986776-CVR.webp","contentUrl":"https:\/\/d2p6e6u75xmxt8.cloudfront.net\/4\/2021\/11\/Julian-Alaphilippe-profimedia-0637986776-CVR.webp","width":1366,"height":600,"caption":"Julian Alaphilippe"},{"@type":"BreadcrumbList","@id":"https:\/\/www.welovecycling.com\/sk\/2021\/11\/12\/julian-alaphilippe-o-kliatbe-duhoveho-dresu-a-dalsich-skvelych-spravach-zo-sveta-cyklistiky\/#breadcrumb","itemListElement":[{"@type":"ListItem","position":1,"name":"Home","item":"https:\/\/www.welovecycling.com\/sk\/"},{"@type":"ListItem","position":2,"name":"Julian Alaphilippe o kliatbe d\u00fahov\u00e9ho dresu a \u010fal\u0161\u00edch skvel\u00fdch spr\u00e1vach zo sveta cyklistiky"}]},{"@type":"WebSite","@id":"https:\/\/www.welovecycling.com\/sk\/#website","url":"https:\/\/www.welovecycling.com\/sk\/","name":"\u0160koda We Love Cycling Slovensko","description":"\u0160koda We Love Cycling Slovensko je v\u00e1\u0161 ka\u017edodenn\u00fd zdroj noviniek a in\u0161pir\u00e1cie z sveta cyklistiky","potentialAction":[{"@type":"SearchAction","target":{"@type":"EntryPoint","urlTemplate":"https:\/\/www.welovecycling.com\/sk\/?s={search_term_string}"},"query-input":{"@type":"PropertyValueSpecification","valueRequired":true,"valueName":"search_term_string"}}],"inLanguage":"sk-SK"},{"@type":"Person","@id":"","url":"https:\/\/www.welovecycling.com\/sk\/author\/"}]}},"_links":{"self":[{"href":"https:\/\/www.welovecycling.com\/sk\/wp-json\/wp\/v2\/posts\/13298","targetHints":{"allow":["GET"]}}],"collection":[{"href":"https:\/\/www.welovecycling.com\/sk\/wp-json\/wp\/v2\/posts"}],"about":[{"href":"https:\/\/www.welovecycling.com\/sk\/wp-json\/wp\/v2\/types\/post"}],"author":[{"embeddable":true,"href":"https:\/\/www.welovecycling.com\/sk\/wp-json\/wp\/v2\/users\/81"}],"replies":[{"embeddable":true,"href":"https:\/\/www.welovecycling.com\/sk\/wp-json\/wp\/v2\/comments?post=13298"}],"version-history":[{"count":2,"href":"https:\/\/www.welovecycling.com\/sk\/wp-json\/wp\/v2\/posts\/13298\/revisions"}],"predecessor-version":[{"id":13313,"href":"https:\/\/www.welovecycling.com\/sk\/wp-json\/wp\/v2\/posts\/13298\/revisions\/13313"}],"wp:featuredmedia":[{"embeddable":true,"href":"https:\/\/www.welovecycling.com\/sk\/wp-json\/wp\/v2\/media\/13305"}],"wp:attachment":[{"href":"https:\/\/www.welovecycling.com\/sk\/wp-json\/wp\/v2\/media?parent=13298"}],"wp:term":[{"taxonomy":"category","embeddable":true,"href":"https:\/\/www.welovecycling.com\/sk\/wp-json\/wp\/v2\/categories?post=13298"},{"taxonomy":"post_tag","embeddable":true,"href":"https:\/\/www.welovecycling.com\/sk\/wp-json\/wp\/v2\/tags?post=13298"},{"taxonomy":"global-categories","embeddable":true,"href":"https:\/\/www.welovecycling.com\/sk\/wp-json\/wp\/v2\/global-categories?post=13298"}],"curies":[{"name":"wp","href":"https:\/\/api.w.org\/{rel}","templated":true}]}}