{"id":13278,"date":"2021-11-03T10:00:58","date_gmt":"2021-11-03T09:00:58","guid":{"rendered":"https:\/\/www.welovecycling.com\/sk\/?p=13278"},"modified":"2021-10-29T20:35:57","modified_gmt":"2021-10-29T18:35:57","slug":"cyklisticke-rukavice-roeckl-itara-bi-fusion-komfort-na-cestnom-ci-horskom-bicykli","status":"publish","type":"post","link":"https:\/\/www.welovecycling.com\/sk\/2021\/11\/03\/cyklisticke-rukavice-roeckl-itara-bi-fusion-komfort-na-cestnom-ci-horskom-bicykli\/","title":{"rendered":"Cyklistick\u00e9 rukavice Roeckl Itara Bi-Fusion &#8211; komfort na cestnom \u010di horskom bicykli"},"content":{"rendered":"<p><strong>Jedna z\u00a0vroden\u00fdch vlastnost\u00ed \u010dloveka je in\u0161tinkt pri p\u00e1de ako prv\u00e9 dopada\u0165 na ruky, a\u00a0to je jeden z viacer\u00fdch d\u00f4vodov, pre\u010do si ich treba chr\u00e1ni\u0165 kvalitn\u00fdmi rukavicami v\u00a0zime aj v\u00a0lete. Po\u010fme sa teda pozrie\u0165 na rukavice Roeckl Itara Bi-Fusion.<\/strong><!--more--><\/p>\n<h2><strong>Pre\u010do ma zaujala zna\u010dka Roeckl?<\/strong><\/h2>\n<p>Roeckl je nemeck\u00e1 zna\u010dka so 180 ro\u010dnou hist\u00f3riou. Rodinn\u00e1 firma bola zalo\u017een\u00e1 v\u00a0meste Mn\u00edchov. Firma vlastn\u00ed nieko\u013eko desiatok v\u00fdrobn\u00fdch patentov a\u00a0predstavuje absol\u00fatnu \u0161pi\u010dku vo v\u00fdrobe rukav\u00edc. <strong>Vo svojej ponuke m\u00e1 preva\u017ene cyklistick\u00e9, ly\u017eiarske, biatlonov\u00e9, be\u017ek\u00e1rske \u010di futbalov\u00e9 rukavice.<\/strong> Spolo\u010dnos\u0165 z\u00e1rove\u0148 sponzoruje mnoho biatlonov\u00fdch reprezent\u00e1ci\u00ed, vr\u00e1tane na\u0161ej, slovenskej, a\u00a0taktie\u017e spolupracuje s\u00a0mnoh\u00fdmi profesion\u00e1lnymi cyklistami.<\/p>\n<p><a href=\"https:\/\/d2p6e6u75xmxt8.cloudfront.net\/4\/2021\/10\/Fotka6.JPG.jpg\"><img loading=\"lazy\" decoding=\"async\" src=\"https:\/\/d2p6e6u75xmxt8.cloudfront.net\/4\/2021\/10\/Fotka6.JPG.jpg\" alt=\"\" width=\"1200\" height=\"800\" class=\"alignnone size-full wp-image-13280\" \/><\/a><\/p>\n<h2><strong>Spracovanie rukav\u00edc<\/strong><\/h2>\n<p>Dizajn rukav\u00edc je prisp\u00f4soben\u00fd pre cestn\u00fdch aj horsk\u00fdch cyklistov. To znamen\u00e1, \u017ee strih nie je ani pr\u00edli\u0161 tesn\u00fd a\u00a0taktie\u017e ani vo\u013en\u00fd. S moj\u00edm obvodom dlane 22 cm som testoval ve\u013ekos\u0165 M, ale k\u013eudne by som zniesol aj L. Z\u00e1le\u017e\u00ed u\u017e na cyklistovi, \u010do viac preferuje. <strong>Vonkaj\u0161ia strana rukav\u00edc je vyroben\u00e1 z\u00a0elastick\u00e9ho materi\u00e1lu Vita Polyester, ktor\u00fd sa dobre prisp\u00f4sob\u00ed tvaru dlane.<\/strong><\/p>\n<p><a href=\"https:\/\/d2p6e6u75xmxt8.cloudfront.net\/4\/2021\/10\/Fotka4.JPG.jpg\"><img loading=\"lazy\" decoding=\"async\" src=\"https:\/\/d2p6e6u75xmxt8.cloudfront.net\/4\/2021\/10\/Fotka4.JPG.jpg\" alt=\"\" width=\"1200\" height=\"800\" class=\"alignnone size-full wp-image-13281\" \/><\/a><\/p>\n<p>Spodn\u00e1 strana je vyroben\u00e1 z\u00a0materi\u00e1lu Durasense, ktor\u00fd je ve\u013emi jemn\u00fd a\u00a0pr\u00edjemn\u00fd na dotyk. Spodn\u00fa stranu rukav\u00edc pokr\u00fdva g\u00e9lov\u00e1 vlo\u017eka, ktor\u00e1 sl\u00fa\u017ei na absorpciu n\u00e1razov, ale k\u00a0tomu sa e\u0161te dostaneme nesk\u00f4r. Pri strihu rukav\u00edc bola pou\u017eit\u00e1 technol\u00f3gia ERGONOMIC CUT, ktor\u00e1 br\u00e1ni pomlia\u017edeniu citliv\u00fdch nervov, prech\u00e1dzaj\u00facich cez z\u00e1p\u00e4stie, \u010do m\u00f4\u017ee by\u0165 sp\u00f4soben\u00e9 uchopovac\u00edm tlakom a\u00a0n\u00e1sledne vyvola\u0165 syndr\u00f3m karp\u00e1lneho tunela. Toto zabezpe\u010duje cite\u013ene v\u00e4\u010d\u0161ie pohodlie na riadidl\u00e1ch. <\/p>\n<p>Spodn\u00e1 \u010das\u0165 vn\u00fatornej strany je pred\u013a\u017een\u00e1.<strong> V\u00fdrobca t\u00fdmto krokom myslel na to, aby sa rukavice dali z\u013eahka obliec\u0165, napr\u00edklad aj po\u010das jazdy.<\/strong> Naopak, na prstenn\u00edku a\u00a0prostredn\u00edku s\u00fa na\u0161it\u00e9 dve p\u00fatka, ktor\u00e9  sl\u00fa\u017eia na u\u013eah\u010denie pri vyzliekan\u00ed rukav\u00edc. Tak\u00e9to mal\u00e9 detaily dok\u00e1\u017eu ve\u013emi pom\u00f4c\u0165 pri manipul\u00e1cii na pretekoch, \u010di pri tr\u00e9ningoch.<\/p>\n<div id='gallery-1' class='gallery galleryid-13278 gallery-columns-2 gallery-size-full'><figure class='gallery-item'>\n\t\t\t<div class='gallery-icon landscape'>\n\t\t\t\t<a href='https:\/\/d2p6e6u75xmxt8.cloudfront.net\/4\/2021\/10\/Fotka8.JPG.webp'><img loading=\"lazy\" decoding=\"async\" width=\"1200\" height=\"800\" src=\"https:\/\/d2p6e6u75xmxt8.cloudfront.net\/4\/2021\/10\/Fotka8.JPG.webp\" class=\"attachment-full size-full\" alt=\"\" srcset=\"https:\/\/d2p6e6u75xmxt8.cloudfront.net\/4\/2021\/10\/Fotka8.JPG.webp 1200w, https:\/\/d2p6e6u75xmxt8.cloudfront.net\/4\/2021\/10\/Fotka8.JPG-300x200.webp 300w, https:\/\/d2p6e6u75xmxt8.cloudfront.net\/4\/2021\/10\/Fotka8.JPG-1024x683.webp 1024w, https:\/\/d2p6e6u75xmxt8.cloudfront.net\/4\/2021\/10\/Fotka8.JPG-768x512.webp 768w, https:\/\/d2p6e6u75xmxt8.cloudfront.net\/4\/2021\/10\/Fotka8.JPG-272x182.webp 272w\" sizes=\"auto, (max-width: 1200px) 100vw, 1200px\" \/><\/a>\n\t\t\t<\/div><\/figure><figure class='gallery-item'>\n\t\t\t<div class='gallery-icon landscape'>\n\t\t\t\t<a href='https:\/\/d2p6e6u75xmxt8.cloudfront.net\/4\/2021\/10\/Fotka16.JPG.webp'><img loading=\"lazy\" decoding=\"async\" width=\"1200\" height=\"800\" src=\"https:\/\/d2p6e6u75xmxt8.cloudfront.net\/4\/2021\/10\/Fotka16.JPG.webp\" class=\"attachment-full size-full\" alt=\"\" srcset=\"https:\/\/d2p6e6u75xmxt8.cloudfront.net\/4\/2021\/10\/Fotka16.JPG.webp 1200w, https:\/\/d2p6e6u75xmxt8.cloudfront.net\/4\/2021\/10\/Fotka16.JPG-300x200.webp 300w, https:\/\/d2p6e6u75xmxt8.cloudfront.net\/4\/2021\/10\/Fotka16.JPG-1024x683.webp 1024w, https:\/\/d2p6e6u75xmxt8.cloudfront.net\/4\/2021\/10\/Fotka16.JPG-768x512.webp 768w, https:\/\/d2p6e6u75xmxt8.cloudfront.net\/4\/2021\/10\/Fotka16.JPG-272x182.webp 272w\" sizes=\"auto, (max-width: 1200px) 100vw, 1200px\" \/><\/a>\n\t\t\t<\/div><\/figure>\n\t\t<\/div>\n\n<h2><strong>Technol\u00f3gia Bi-Fusion<\/strong><\/h2>\n<p>Bi-Fusion je technol\u00f3gia, ktor\u00e1 predstavuje dvojzlo\u017ekov\u00e9 tlmenie n\u00e1razov a\u00a0vibr\u00e1ci\u00ed. Na ruke p\u00f4sob\u00ed ako tekutina, no st\u00e1le zost\u00e1va dostato\u010dne tvarovo stabiln\u00e1. <strong>To zais\u0165uje rovnomern\u00e9 rozlo\u017eenie tlaku, minimalizuje \u00fanavu r\u00fak a\u00a0maximalizuje komfort nosenia.<\/strong> Prv\u00e1 vrstva, vonkaj\u0161ia, je pru\u017en\u00e1 a\u00a0elastick\u00e1, poskytuje dobr\u00e9 tlmenie na nerovnostiach povrchu, napr\u00edklad na \u0161trku, dla\u017eobn\u00fdch kock\u00e1ch a\u00a0drsn\u00fdch cest\u00e1ch. Tak isto optimalizuje rozlo\u017eenie tlaku a\u00a0hmotnosti dlan\u00ed, \u010do celkovo kladne vpl\u00fdva na \u00fanavu r\u00fak. Druh\u00e1 vrstva, vn\u00fatorn\u00e1, tlm\u00ed n\u00e1razy na konkr\u00e9tnych miestach ruky, tlm\u00ed v\u00e4\u010d\u0161ie \u00fadery a\u00a0v\u010faka otvorenej \u0161trukt\u00fare buniek zais\u0165uje pohodln\u00e9 nosenie.<\/p>\n<p><a href=\"https:\/\/d2p6e6u75xmxt8.cloudfront.net\/4\/2021\/10\/Fotka7.JPG.jpg\"><img loading=\"lazy\" decoding=\"async\" src=\"https:\/\/d2p6e6u75xmxt8.cloudfront.net\/4\/2021\/10\/Fotka7.JPG.jpg\" alt=\"\" width=\"1200\" height=\"800\" class=\"alignnone size-full wp-image-13283\" \/><\/a><\/p>\n<h2><strong>Testovanie na horskom \u010di cestnom bicykli.<\/strong><\/h2>\n<p>Prv\u00fdkr\u00e1t som rukavice vzal na dlh\u0161\u00ed v\u00fdjazd na horskom bicykli na na\u0161e lok\u00e1lne kopce a\u00a0traily pri Tren\u010d\u00edne. U\u017e od\u00a0za\u010diatku som c\u00edtil ve\u013ek\u00fd komfort. <strong>Ruky sa v\u00a0rukaviciach skoro v\u00f4bec nepotia, \u010do znamen\u00e1, \u017ee ve\u013emi dobre odv\u00e1dzaj\u00fa pot.<\/strong> Siln\u00e1 str\u00e1nka rukav\u00edc sa uk\u00e1zala a\u017e na\u00a0traile. Pou\u017eit\u00e1 g\u00e9lov\u00e1 vlo\u017eka s\u00a0technol\u00f3giou Bi-Fusion funguje ve\u013emi dobre. Pom\u00e1ha tlmeniu nerovnost\u00ed, ktor\u00e9 prech\u00e1dzaj\u00fa do va\u0161ich dlan\u00ed. Spolu s\u00a0vidlicou RockShox SID Ultimate tvoria dokonal\u00fd p\u00e1r. Cel\u00e1 spodn\u00e1 strana je e\u0161te pogelovan\u00e1 mal\u00fdmi k\u00faskami g\u00e9lu, ktor\u00e9 zabra\u0148uj\u00fa tomu, aby sa rukavice na gripoch \u0161\u00fachali. Tento sp\u00f4sob funguje ve\u013emi dobre a\u00a0ruky dr\u017eia ako prikovan\u00e9. Tak, ako na horskom bicykli, na cestnom nie je taktie\u017e \u010do vytkn\u00fa\u0165. S\u00a0rukavicami sa dobre prera\u010fuje, \u017eiaden \u0161ev ni\u010domu nebr\u00e1ni. Ur\u010dite m\u00f4\u017eem potvrdi\u0165, \u017ee s\u00fa vhodn\u00e9 aj na dlh\u00e9 cestn\u00e9 v\u00fdjazdy.<\/p>\n<div id='gallery-2' class='gallery galleryid-13278 gallery-columns-2 gallery-size-full'><figure class='gallery-item'>\n\t\t\t<div class='gallery-icon landscape'>\n\t\t\t\t<a href='https:\/\/d2p6e6u75xmxt8.cloudfront.net\/4\/2021\/10\/Fotka10.JPG.webp'><img loading=\"lazy\" decoding=\"async\" width=\"1200\" height=\"800\" src=\"https:\/\/d2p6e6u75xmxt8.cloudfront.net\/4\/2021\/10\/Fotka10.JPG.webp\" class=\"attachment-full size-full\" alt=\"\" srcset=\"https:\/\/d2p6e6u75xmxt8.cloudfront.net\/4\/2021\/10\/Fotka10.JPG.webp 1200w, https:\/\/d2p6e6u75xmxt8.cloudfront.net\/4\/2021\/10\/Fotka10.JPG-300x200.webp 300w, https:\/\/d2p6e6u75xmxt8.cloudfront.net\/4\/2021\/10\/Fotka10.JPG-1024x683.webp 1024w, https:\/\/d2p6e6u75xmxt8.cloudfront.net\/4\/2021\/10\/Fotka10.JPG-768x512.webp 768w, https:\/\/d2p6e6u75xmxt8.cloudfront.net\/4\/2021\/10\/Fotka10.JPG-272x182.webp 272w\" sizes=\"auto, (max-width: 1200px) 100vw, 1200px\" \/><\/a>\n\t\t\t<\/div><\/figure><figure class='gallery-item'>\n\t\t\t<div class='gallery-icon landscape'>\n\t\t\t\t<a href='https:\/\/d2p6e6u75xmxt8.cloudfront.net\/4\/2021\/10\/Fotka13.JPG.webp'><img loading=\"lazy\" decoding=\"async\" width=\"1200\" height=\"800\" src=\"https:\/\/d2p6e6u75xmxt8.cloudfront.net\/4\/2021\/10\/Fotka13.JPG.webp\" class=\"attachment-full size-full\" alt=\"\" srcset=\"https:\/\/d2p6e6u75xmxt8.cloudfront.net\/4\/2021\/10\/Fotka13.JPG.webp 1200w, https:\/\/d2p6e6u75xmxt8.cloudfront.net\/4\/2021\/10\/Fotka13.JPG-300x200.webp 300w, https:\/\/d2p6e6u75xmxt8.cloudfront.net\/4\/2021\/10\/Fotka13.JPG-1024x683.webp 1024w, https:\/\/d2p6e6u75xmxt8.cloudfront.net\/4\/2021\/10\/Fotka13.JPG-768x512.webp 768w, https:\/\/d2p6e6u75xmxt8.cloudfront.net\/4\/2021\/10\/Fotka13.JPG-272x182.webp 272w\" sizes=\"auto, (max-width: 1200px) 100vw, 1200px\" \/><\/a>\n\t\t\t<\/div><\/figure>\n\t\t<\/div>\n\n<p><strong>Plusy<\/strong><\/p>\n<ul>\n<li>Dizajn<\/li>\n<li>Komfort<\/li>\n<li>Proti\u0161mykov\u00fd povrch<\/li>\n<li>Odv\u00e1dzanie potu<\/li>\n<li>Technol\u00f3gia Bi-Fusion<\/li>\n<li>P\u00fatka na oble\u010denie a\u00a0vyzle\u010denie rukav\u00edc<\/li>\n<\/ul>\n<p><strong>M\u00ednusy<\/strong><\/p>\n<ul>\n<li>Vy\u0161\u0161ia cena<\/li>\n<\/ul>\n<p><a href=\"https:\/\/d2p6e6u75xmxt8.cloudfront.net\/4\/2021\/10\/Fotka12.JPG.jpg\"><img loading=\"lazy\" decoding=\"async\" src=\"https:\/\/d2p6e6u75xmxt8.cloudfront.net\/4\/2021\/10\/Fotka12.JPG.jpg\" alt=\"\" width=\"1200\" height=\"800\" class=\"alignnone size-full wp-image-13282\" \/><\/a><\/p>\n<h2><strong>Ako rukavice obst\u00e1li test?<\/strong><\/h2>\n<p>Ver\u00edm, \u017ee rukavice Roeckl v\u010faka pou\u017eit\u00fdm materi\u00e1lom vydr\u017eia mnoho rokov a\u00a0pran\u00ed. Ich kvalitn\u00e9 spracovanie tomu len prospieva. Je vidie\u0165, \u017ee v\u00fdrobca si dal z\u00e1le\u017ea\u0165 ako na celkovom vzh\u013eade, pou\u017eit\u00fdch technol\u00f3gi\u00e1ch, tak aj na detailoch. <strong>Osobne som s\u00a0rukavicami ve\u013emi spokojn\u00fd a ur\u010dite ich budem na\u010falej vyu\u017e\u00edva\u0165 pri v\u00e4\u010d\u0161ine v\u00fdjazdov, preto\u017ee ich komfort nepozn\u00e1 hran\u00edc.<\/strong> V porovnan\u00ed s lacnej\u0161\u00edmi rukavicami spozn\u00e1te najv\u00e4\u010d\u0161\u00ed rozdiel vo vy\u0161\u0161ie spom\u00ednanom komforte a tak isto aj odolnosti. Po nieko\u013ek\u00fdch praniach a pravidelnom nosen\u00ed sa \u0161vy neza\u010dali p\u00e1ra\u0165, potla\u010d sa zm\u00fdva\u0165 a za ten \u010das, \u010do som ich testoval, g\u00e9l neza\u010dal poznate\u013ene m\u00e4kn\u00fa\u0165. Pr\u00e1ve toto vysvet\u013euje kvalitn\u00e9 spracovanie a t\u00fdm p\u00e1dom aj vy\u0161\u0161iu cenu.<\/p>\n<p><a href=\"https:\/\/d2p6e6u75xmxt8.cloudfront.net\/4\/2021\/10\/Fotka14.JPG.jpg\"><img loading=\"lazy\" decoding=\"async\" src=\"https:\/\/d2p6e6u75xmxt8.cloudfront.net\/4\/2021\/10\/Fotka14.JPG.jpg\" alt=\"\" width=\"1200\" height=\"800\" class=\"alignnone size-full wp-image-13292\" \/><\/a><\/p>\n<p>Rukavice v\u00a0cyklistike zohr\u00e1vaj\u00fa d\u00f4le\u017eit\u00fa rolu komfortu, ale taktie\u017e aj ochrany. S\u00fa jedn\u00fdm z\u00a0hlavn\u00fdch prvkov v\u00fdbavy cyklistu a\u00a0to hlavne z\u00a0poh\u013eadu ochrany hmatu. Vysk\u00fa\u0161ajte tento model cyklistick\u00fdch rukav\u00edc od spolo\u010dnosti Roeckl aj vy. Cena sa pohybuje okolo 50 \u20ac a viac inform\u00e1ci\u00ed o\u00a0produkte sa dozviete na <a href=\"https:\/\/www.roeckl.de\/#Rad:B2C\/article\/10\/10-103270\" rel=\"noopener\" target=\"_blank\">tomto odkaze<\/a>.<\/p>\n","protected":false},"excerpt":{"rendered":"<p>Jedna z\u00a0vroden\u00fdch vlastnost\u00ed \u010dloveka je in\u0161tinkt pri p\u00e1de ako prv\u00e9 dopada\u0165 na ruky, a\u00a0to je jeden z viacer\u00fdch d\u00f4vodov, pre\u010do [&hellip;]<\/p>\n","protected":false},"author":81,"featured_media":13291,"comment_status":"open","ping_status":"open","sticky":false,"template":"","format":"standard","meta":{"footnotes":""},"categories":[191],"tags":[115,546,180,621,931,712,55],"global-categories":[1074],"class_list":["post-13278","post","type-post","status-publish","format-standard","has-post-thumbnail","hentry","category-odporucame","tag-cestna-cyklistika","tag-cyklistika","tag-horska-cyklistika","tag-ochrana","tag-odporucame","tag-rukavice","tag-trening","global-categories-cycling"],"yoast_head":"<!-- This site is optimized with the Yoast SEO Premium plugin v25.3 (Yoast SEO v25.9) - https:\/\/yoast.com\/wordpress\/plugins\/seo\/ -->\n<title>Cyklistick\u00e9 rukavice Roeckl Itara Bi-Fusion - komfort na cestnom \u010di horskom bicykli - \u0160koda We Love Cycling Slovensko<\/title>\n<meta name=\"description\" content=\"Jedna z\u00a0vroden\u00fdch vlastnost\u00ed \u010dloveka je in\u0161tinkt pri p\u00e1de ako prv\u00e9 dopada\u0165 na ruky. Cyklistick\u00e9 rukavice Roeckl Itara Bi-Fusion.\" \/>\n<meta name=\"robots\" content=\"index, follow, max-snippet:-1, max-image-preview:large, max-video-preview:-1\" \/>\n<link rel=\"canonical\" href=\"https:\/\/www.welovecycling.com\/sk\/2021\/11\/03\/cyklisticke-rukavice-roeckl-itara-bi-fusion-komfort-na-cestnom-ci-horskom-bicykli\/\" \/>\n<meta property=\"og:locale\" content=\"sk_SK\" \/>\n<meta property=\"og:type\" content=\"article\" \/>\n<meta property=\"og:title\" content=\"Cyklistick\u00e9 rukavice Roeckl Itara Bi-Fusion - komfort na cestnom \u010di horskom bicykli\" \/>\n<meta property=\"og:description\" content=\"Jedna z\u00a0vroden\u00fdch vlastnost\u00ed \u010dloveka je in\u0161tinkt pri p\u00e1de ako prv\u00e9 dopada\u0165 na ruky. Cyklistick\u00e9 rukavice Roeckl Itara Bi-Fusion.\" \/>\n<meta property=\"og:url\" content=\"https:\/\/www.welovecycling.com\/sk\/2021\/11\/03\/cyklisticke-rukavice-roeckl-itara-bi-fusion-komfort-na-cestnom-ci-horskom-bicykli\/\" \/>\n<meta property=\"og:site_name\" content=\"\u0160koda We Love Cycling Slovensko\" \/>\n<meta property=\"article:published_time\" content=\"2021-11-03T09:00:58+00:00\" \/>\n<meta property=\"og:image\" content=\"https:\/\/d2p6e6u75xmxt8.cloudfront.net\/4\/2021\/10\/Rukavice_00.JPG.webp\" \/>\n\t<meta property=\"og:image:width\" content=\"1380\" \/>\n\t<meta property=\"og:image:height\" content=\"600\" \/>\n\t<meta property=\"og:image:type\" content=\"image\/webp\" \/>\n<meta name=\"twitter:card\" content=\"summary_large_image\" \/>\n<meta name=\"twitter:label1\" content=\"Written by\" \/>\n\t<meta name=\"twitter:data1\" content=\"Andrej Turek\" \/>\n\t<meta name=\"twitter:label2\" content=\"Est. reading time\" \/>\n\t<meta name=\"twitter:data2\" content=\"6\" \/>\n<script type=\"application\/ld+json\" class=\"yoast-schema-graph\">{\"@context\":\"https:\/\/schema.org\",\"@graph\":[{\"@type\":\"WebPage\",\"@id\":\"https:\/\/www.welovecycling.com\/sk\/2021\/11\/03\/cyklisticke-rukavice-roeckl-itara-bi-fusion-komfort-na-cestnom-ci-horskom-bicykli\/\",\"url\":\"https:\/\/www.welovecycling.com\/sk\/2021\/11\/03\/cyklisticke-rukavice-roeckl-itara-bi-fusion-komfort-na-cestnom-ci-horskom-bicykli\/\",\"name\":\"Cyklistick\u00e9 rukavice Roeckl Itara Bi-Fusion - komfort na cestnom \u010di horskom bicykli - \u0160koda We Love Cycling Slovensko\",\"isPartOf\":{\"@id\":\"https:\/\/www.welovecycling.com\/sk\/#website\"},\"primaryImageOfPage\":{\"@id\":\"https:\/\/www.welovecycling.com\/sk\/2021\/11\/03\/cyklisticke-rukavice-roeckl-itara-bi-fusion-komfort-na-cestnom-ci-horskom-bicykli\/#primaryimage\"},\"image\":{\"@id\":\"https:\/\/www.welovecycling.com\/sk\/2021\/11\/03\/cyklisticke-rukavice-roeckl-itara-bi-fusion-komfort-na-cestnom-ci-horskom-bicykli\/#primaryimage\"},\"thumbnailUrl\":\"https:\/\/d2p6e6u75xmxt8.cloudfront.net\/4\/2021\/10\/Rukavice_00.JPG.webp\",\"datePublished\":\"2021-11-03T09:00:58+00:00\",\"author\":{\"@id\":\"\"},\"description\":\"Jedna z\u00a0vroden\u00fdch vlastnost\u00ed \u010dloveka je in\u0161tinkt pri p\u00e1de ako prv\u00e9 dopada\u0165 na ruky. Cyklistick\u00e9 rukavice Roeckl Itara Bi-Fusion.\",\"breadcrumb\":{\"@id\":\"https:\/\/www.welovecycling.com\/sk\/2021\/11\/03\/cyklisticke-rukavice-roeckl-itara-bi-fusion-komfort-na-cestnom-ci-horskom-bicykli\/#breadcrumb\"},\"inLanguage\":\"sk-SK\",\"potentialAction\":[{\"@type\":\"ReadAction\",\"target\":[\"https:\/\/www.welovecycling.com\/sk\/2021\/11\/03\/cyklisticke-rukavice-roeckl-itara-bi-fusion-komfort-na-cestnom-ci-horskom-bicykli\/\"]}]},{\"@type\":\"ImageObject\",\"inLanguage\":\"sk-SK\",\"@id\":\"https:\/\/www.welovecycling.com\/sk\/2021\/11\/03\/cyklisticke-rukavice-roeckl-itara-bi-fusion-komfort-na-cestnom-ci-horskom-bicykli\/#primaryimage\",\"url\":\"https:\/\/d2p6e6u75xmxt8.cloudfront.net\/4\/2021\/10\/Rukavice_00.JPG.webp\",\"contentUrl\":\"https:\/\/d2p6e6u75xmxt8.cloudfront.net\/4\/2021\/10\/Rukavice_00.JPG.webp\",\"width\":1380,\"height\":600},{\"@type\":\"BreadcrumbList\",\"@id\":\"https:\/\/www.welovecycling.com\/sk\/2021\/11\/03\/cyklisticke-rukavice-roeckl-itara-bi-fusion-komfort-na-cestnom-ci-horskom-bicykli\/#breadcrumb\",\"itemListElement\":[{\"@type\":\"ListItem\",\"position\":1,\"name\":\"Home\",\"item\":\"https:\/\/www.welovecycling.com\/sk\/\"},{\"@type\":\"ListItem\",\"position\":2,\"name\":\"Cyklistick\u00e9 rukavice Roeckl Itara Bi-Fusion &#8211; komfort na cestnom \u010di horskom bicykli\"}]},{\"@type\":\"WebSite\",\"@id\":\"https:\/\/www.welovecycling.com\/sk\/#website\",\"url\":\"https:\/\/www.welovecycling.com\/sk\/\",\"name\":\"\u0160koda We Love Cycling Slovensko\",\"description\":\"\u0160koda We Love Cycling Slovensko je v\u00e1\u0161 ka\u017edodenn\u00fd zdroj noviniek a in\u0161pir\u00e1cie z sveta cyklistiky\",\"potentialAction\":[{\"@type\":\"SearchAction\",\"target\":{\"@type\":\"EntryPoint\",\"urlTemplate\":\"https:\/\/www.welovecycling.com\/sk\/?s={search_term_string}\"},\"query-input\":{\"@type\":\"PropertyValueSpecification\",\"valueRequired\":true,\"valueName\":\"search_term_string\"}}],\"inLanguage\":\"sk-SK\"},{\"@type\":\"Person\",\"@id\":\"\",\"url\":\"https:\/\/www.welovecycling.com\/sk\/author\/\"}]}<\/script>\n<!-- \/ Yoast SEO Premium plugin. -->","yoast_head_json":{"title":"Cyklistick\u00e9 rukavice Roeckl Itara Bi-Fusion - komfort na cestnom \u010di horskom bicykli - \u0160koda We Love Cycling Slovensko","description":"Jedna z\u00a0vroden\u00fdch vlastnost\u00ed \u010dloveka je in\u0161tinkt pri p\u00e1de ako prv\u00e9 dopada\u0165 na ruky. Cyklistick\u00e9 rukavice Roeckl Itara Bi-Fusion.","robots":{"index":"index","follow":"follow","max-snippet":"max-snippet:-1","max-image-preview":"max-image-preview:large","max-video-preview":"max-video-preview:-1"},"canonical":"https:\/\/www.welovecycling.com\/sk\/2021\/11\/03\/cyklisticke-rukavice-roeckl-itara-bi-fusion-komfort-na-cestnom-ci-horskom-bicykli\/","og_locale":"sk_SK","og_type":"article","og_title":"Cyklistick\u00e9 rukavice Roeckl Itara Bi-Fusion - komfort na cestnom \u010di horskom bicykli","og_description":"Jedna z\u00a0vroden\u00fdch vlastnost\u00ed \u010dloveka je in\u0161tinkt pri p\u00e1de ako prv\u00e9 dopada\u0165 na ruky. Cyklistick\u00e9 rukavice Roeckl Itara Bi-Fusion.","og_url":"https:\/\/www.welovecycling.com\/sk\/2021\/11\/03\/cyklisticke-rukavice-roeckl-itara-bi-fusion-komfort-na-cestnom-ci-horskom-bicykli\/","og_site_name":"\u0160koda We Love Cycling Slovensko","article_published_time":"2021-11-03T09:00:58+00:00","og_image":[{"width":1380,"height":600,"url":"https:\/\/d2p6e6u75xmxt8.cloudfront.net\/4\/2021\/10\/Rukavice_00.JPG.webp","type":"image\/webp"}],"twitter_card":"summary_large_image","twitter_misc":{"Written by":"Andrej Turek","Est. reading time":"6"},"schema":{"@context":"https:\/\/schema.org","@graph":[{"@type":"WebPage","@id":"https:\/\/www.welovecycling.com\/sk\/2021\/11\/03\/cyklisticke-rukavice-roeckl-itara-bi-fusion-komfort-na-cestnom-ci-horskom-bicykli\/","url":"https:\/\/www.welovecycling.com\/sk\/2021\/11\/03\/cyklisticke-rukavice-roeckl-itara-bi-fusion-komfort-na-cestnom-ci-horskom-bicykli\/","name":"Cyklistick\u00e9 rukavice Roeckl Itara Bi-Fusion - komfort na cestnom \u010di horskom bicykli - \u0160koda We Love Cycling Slovensko","isPartOf":{"@id":"https:\/\/www.welovecycling.com\/sk\/#website"},"primaryImageOfPage":{"@id":"https:\/\/www.welovecycling.com\/sk\/2021\/11\/03\/cyklisticke-rukavice-roeckl-itara-bi-fusion-komfort-na-cestnom-ci-horskom-bicykli\/#primaryimage"},"image":{"@id":"https:\/\/www.welovecycling.com\/sk\/2021\/11\/03\/cyklisticke-rukavice-roeckl-itara-bi-fusion-komfort-na-cestnom-ci-horskom-bicykli\/#primaryimage"},"thumbnailUrl":"https:\/\/d2p6e6u75xmxt8.cloudfront.net\/4\/2021\/10\/Rukavice_00.JPG.webp","datePublished":"2021-11-03T09:00:58+00:00","author":{"@id":""},"description":"Jedna z\u00a0vroden\u00fdch vlastnost\u00ed \u010dloveka je in\u0161tinkt pri p\u00e1de ako prv\u00e9 dopada\u0165 na ruky. Cyklistick\u00e9 rukavice Roeckl Itara Bi-Fusion.","breadcrumb":{"@id":"https:\/\/www.welovecycling.com\/sk\/2021\/11\/03\/cyklisticke-rukavice-roeckl-itara-bi-fusion-komfort-na-cestnom-ci-horskom-bicykli\/#breadcrumb"},"inLanguage":"sk-SK","potentialAction":[{"@type":"ReadAction","target":["https:\/\/www.welovecycling.com\/sk\/2021\/11\/03\/cyklisticke-rukavice-roeckl-itara-bi-fusion-komfort-na-cestnom-ci-horskom-bicykli\/"]}]},{"@type":"ImageObject","inLanguage":"sk-SK","@id":"https:\/\/www.welovecycling.com\/sk\/2021\/11\/03\/cyklisticke-rukavice-roeckl-itara-bi-fusion-komfort-na-cestnom-ci-horskom-bicykli\/#primaryimage","url":"https:\/\/d2p6e6u75xmxt8.cloudfront.net\/4\/2021\/10\/Rukavice_00.JPG.webp","contentUrl":"https:\/\/d2p6e6u75xmxt8.cloudfront.net\/4\/2021\/10\/Rukavice_00.JPG.webp","width":1380,"height":600},{"@type":"BreadcrumbList","@id":"https:\/\/www.welovecycling.com\/sk\/2021\/11\/03\/cyklisticke-rukavice-roeckl-itara-bi-fusion-komfort-na-cestnom-ci-horskom-bicykli\/#breadcrumb","itemListElement":[{"@type":"ListItem","position":1,"name":"Home","item":"https:\/\/www.welovecycling.com\/sk\/"},{"@type":"ListItem","position":2,"name":"Cyklistick\u00e9 rukavice Roeckl Itara Bi-Fusion &#8211; komfort na cestnom \u010di horskom bicykli"}]},{"@type":"WebSite","@id":"https:\/\/www.welovecycling.com\/sk\/#website","url":"https:\/\/www.welovecycling.com\/sk\/","name":"\u0160koda We Love Cycling Slovensko","description":"\u0160koda We Love Cycling Slovensko je v\u00e1\u0161 ka\u017edodenn\u00fd zdroj noviniek a in\u0161pir\u00e1cie z sveta cyklistiky","potentialAction":[{"@type":"SearchAction","target":{"@type":"EntryPoint","urlTemplate":"https:\/\/www.welovecycling.com\/sk\/?s={search_term_string}"},"query-input":{"@type":"PropertyValueSpecification","valueRequired":true,"valueName":"search_term_string"}}],"inLanguage":"sk-SK"},{"@type":"Person","@id":"","url":"https:\/\/www.welovecycling.com\/sk\/author\/"}]}},"_links":{"self":[{"href":"https:\/\/www.welovecycling.com\/sk\/wp-json\/wp\/v2\/posts\/13278","targetHints":{"allow":["GET"]}}],"collection":[{"href":"https:\/\/www.welovecycling.com\/sk\/wp-json\/wp\/v2\/posts"}],"about":[{"href":"https:\/\/www.welovecycling.com\/sk\/wp-json\/wp\/v2\/types\/post"}],"author":[{"embeddable":true,"href":"https:\/\/www.welovecycling.com\/sk\/wp-json\/wp\/v2\/users\/81"}],"replies":[{"embeddable":true,"href":"https:\/\/www.welovecycling.com\/sk\/wp-json\/wp\/v2\/comments?post=13278"}],"version-history":[{"count":2,"href":"https:\/\/www.welovecycling.com\/sk\/wp-json\/wp\/v2\/posts\/13278\/revisions"}],"predecessor-version":[{"id":13296,"href":"https:\/\/www.welovecycling.com\/sk\/wp-json\/wp\/v2\/posts\/13278\/revisions\/13296"}],"wp:featuredmedia":[{"embeddable":true,"href":"https:\/\/www.welovecycling.com\/sk\/wp-json\/wp\/v2\/media\/13291"}],"wp:attachment":[{"href":"https:\/\/www.welovecycling.com\/sk\/wp-json\/wp\/v2\/media?parent=13278"}],"wp:term":[{"taxonomy":"category","embeddable":true,"href":"https:\/\/www.welovecycling.com\/sk\/wp-json\/wp\/v2\/categories?post=13278"},{"taxonomy":"post_tag","embeddable":true,"href":"https:\/\/www.welovecycling.com\/sk\/wp-json\/wp\/v2\/tags?post=13278"},{"taxonomy":"global-categories","embeddable":true,"href":"https:\/\/www.welovecycling.com\/sk\/wp-json\/wp\/v2\/global-categories?post=13278"}],"curies":[{"name":"wp","href":"https:\/\/api.w.org\/{rel}","templated":true}]}}