{"id":13253,"date":"2021-10-31T10:00:58","date_gmt":"2021-10-31T09:00:58","guid":{"rendered":"https:\/\/www.welovecycling.com\/sk\/?p=13253"},"modified":"2021-10-28T10:39:37","modified_gmt":"2021-10-28T08:39:37","slug":"skoda-bike-open-tour-rozlucka-so-sezonou-2021","status":"publish","type":"post","link":"https:\/\/www.welovecycling.com\/sk\/2021\/10\/31\/skoda-bike-open-tour-rozlucka-so-sezonou-2021\/","title":{"rendered":"\u0160koda BIKE OPEN TOUR &#8211; rozl\u00fa\u010dka so sez\u00f3nou 2021"},"content":{"rendered":"<p><strong>1 854 pretek\u00e1rov a takmer 85 000 najazden\u00fdch kilometrov. Tieto ohromuj\u00face \u010d\u00edsla s\u00fa v\u00fdsledkom z\u00e1ujmu o tohtoro\u010dn\u00fa \u0160koda BIKE OPEN TOUR. \u00d4smy ro\u010dn\u00edk najprest\u00ed\u017enej\u0161\u00edch horsk\u00fdch pretekov si u\u017eili nielen fan\u00fa\u0161ikovia cyklistiky, ale aj hobby bikeri, ktor\u00ed sa jednotliv\u00fdch k\u00f4l z\u00fa\u010dastnili a svojou \u00fa\u010das\u0165ou prispeli k \u00fa\u017easnej atmosf\u00e9re.<\/strong><!--more--><\/p>\n<h2><strong>Za\u010diatok dobr\u00fd, v\u0161etko dobr\u00e9<\/strong><\/h2>\n<p>Za\u010d\u00ednalo sa p\u00e1r dn\u00ed pred letn\u00fdmi pr\u00e1zdninami v Topo\u013e\u010diankach a po\u010dasie bolo ako na objedn\u00e1vku. Po\u010det pretek\u00e1rov bol vy\u0161\u0161\u00ed ako minul\u00fd rok a pri\u0161lo ich podpori\u0165 ve\u013ek\u00e9 mno\u017estvo fan\u00fa\u0161ikov. Najv\u00e4\u010d\u0161\u00ed z\u00e1ujem bol o kateg\u00f3riu Polmarat\u00f3n, \u010do bola stredn\u00e1 tra\u0165 s d\u013a\u017ekou 45 km. <strong>Prv\u00e9ho kola sa z\u00fa\u010dastnil aj Martin Haring, majster Slovenska v XCO<\/strong>, tak\u017ee ostatn\u00ed pretek\u00e1ri mali motiv\u00e1ciu a \u0161ancu zajazdi\u0165 si s profesion\u00e1lom. Najmlad\u0161\u00ed pretek\u00e1r mal len \u0161es\u0165 rokov a najstar\u0161\u00ed takmer sedemdesiat. To je tie\u017e d\u00f4kazom toho, \u017ee o preteky mali z\u00e1ujem v\u0161etky vekov\u00e9 kateg\u00f3rie.<\/p>\n<p><a href=\"https:\/\/d2p6e6u75xmxt8.cloudfront.net\/4\/2021\/10\/SBOT-2021_02.jpg\"><img loading=\"lazy\" decoding=\"async\" src=\"https:\/\/d2p6e6u75xmxt8.cloudfront.net\/4\/2021\/10\/SBOT-2021_02.jpg\" alt=\"\" width=\"1200\" height=\"800\" class=\"alignnone size-full wp-image-13255\" \/><\/a><\/p>\n<h2><strong>Jazdenie ako v raji<\/strong><\/h2>\n<p>Ob\u013e\u00faben\u00e9 kolo mnoh\u00fdch pretek\u00e1rov, preto\u017ee Slovensk\u00fd raj je ve\u013emi popul\u00e1rna lokalita, nielen pre cyklistov, ale aj pre turistov. Po\u010das cel\u00e9ho d\u0148a sa s\u00edce po oblohe valili \u010dierne mraky, ale po\u010dasie vydr\u017ealo. To jemn\u00e9 mrholenie, po\u010das vyhlasovania v\u00fdsledkov, bolo vlastne len pr\u00edjemn\u00fdm osvie\u017een\u00edm. <strong>Aj tu bol najv\u00e4\u010d\u0161\u00ed z\u00e1ujem o stredn\u00fa tra\u0165 v d\u013a\u017eke 48 km, ktorej sa z\u00fa\u010dastnilo a\u017e 240 jazdcov<\/strong> a dokonca jeden pretek\u00e1r z Rak\u00faska, tak\u017ee bola aj zahrani\u010dn\u00e1 \u00fa\u010das\u0165 \ud83d\ude0a<\/p>\n<p><a href=\"https:\/\/d2p6e6u75xmxt8.cloudfront.net\/4\/2021\/10\/SBOT-2021_03.jpg\"><img loading=\"lazy\" decoding=\"async\" src=\"https:\/\/d2p6e6u75xmxt8.cloudfront.net\/4\/2021\/10\/SBOT-2021_03.jpg\" alt=\"\" width=\"1200\" height=\"800\" class=\"alignnone size-full wp-image-13256\" \/><\/a><\/p>\n<h2><strong>Kolo pre Horalov<\/strong><\/h2>\n<p>Ak si chcete v r\u00e1mci \u0160koda BIKE OPEN TOUR da\u0165 do tela, tak Horal je to spr\u00e1vne kolo. Aj napriek tomu, \u017ee tento rok to bolo bez trate Krejzi, \u010di\u017ee v\u00fdjazdu na Kr\u00e1\u013eovu ho\u013eu, aj tak je to poriadna d\u00e1vka kopcov a kilometrov. Zauj\u00edmav\u00fdm \u00fasekom bol v\u00fdjazd na Pansk\u00fa Ho\u013eu, s v\u00fd\u0161kou 1 400 m n. m. Taktie\u017e aj 10 kilometrov\u00e9 st\u00fapanie z Vikartoviec do sedla Madejovo, ktor\u00e9 preverilo pr\u00edpravu pretek\u00e1rov. <strong>\u00da\u010das\u0165 pretek\u00e1rov v jednotliv\u00fdch kateg\u00f3ri\u00e1ch bola prekvapivo vyrovnan\u00e1 a ani jedna tra\u0165 nebola nejako v\u00fdrazne preferovan\u00e1.<\/strong> Na tomto kole hrala aj \u017eiv\u00e1 hudba, tak\u017ee n\u00e1lada v z\u00e1zem\u00ed bola naozaj skvel\u00e1.<\/p>\n<p><a href=\"https:\/\/d2p6e6u75xmxt8.cloudfront.net\/4\/2021\/10\/SBOT-2021_04.jpg\"><img loading=\"lazy\" decoding=\"async\" src=\"https:\/\/d2p6e6u75xmxt8.cloudfront.net\/4\/2021\/10\/SBOT-2021_04.jpg\" alt=\"\" width=\"1200\" height=\"800\" class=\"alignnone size-full wp-image-13257\" \/><\/a><\/p>\n<h2><strong>K\u00fapele na z\u00e1ver<\/strong><\/h2>\n<p>K\u00fape\u013en\u00e9 mesto Rajeck\u00e9 Teplice pripravilo pre pretek\u00e1rov bahenn\u00e9 k\u00fapele. Nie, nemyslite si, \u017ee jazdci si d\u00e1vali nejak\u00e9 pr\u00edjemn\u00e9 proced\u00fary, to po\u010dasie takto s\u0165a\u017eilo pretekanie a tratiam zv\u00fd\u0161ilo poriadne n\u00e1ro\u010dnos\u0165. Napriek tomu v\u0161ak bol z\u00e1ver sez\u00f3ny skvel\u00fd, ako sa patr\u00ed a organiz\u00e1tori po\u010fakovali v\u0161etk\u00fdm z\u00fa\u010dastnen\u00fdm za skvel\u00fa atmosf\u00e9ru, ktor\u00fa po\u010das v\u0161etk\u00fdch \u0161tyroch k\u00f4l vytvorili. V r\u00e1mci sprievodn\u00e9ho programu zaspievala Michaela Martykanov\u00e1, spev\u00e1\u010dka kapely KOMA. Zauj\u00edmavos\u0165ou bola \u00fa\u010das\u0165 cyklistu a\u017e zo \u0160panielska.<\/p>\n<p><a href=\"https:\/\/d2p6e6u75xmxt8.cloudfront.net\/4\/2021\/10\/SBOT-2021_05.jpg\"><img loading=\"lazy\" decoding=\"async\" src=\"https:\/\/d2p6e6u75xmxt8.cloudfront.net\/4\/2021\/10\/SBOT-2021_05.jpg\" alt=\"\" width=\"1200\" height=\"800\" class=\"alignnone size-full wp-image-13258\" \/><\/a><\/p>\n<p>Treba pochv\u00e1li\u0165 aj organiz\u00e1torov jednotliv\u00fdch pretekov za perfektn\u00fa pr\u00edpravu a starostlivos\u0165 o komfort pretek\u00e1rov, \u010di u\u017e to boli umyv\u00e1rne pre bicykle, sprchy pre jazdcov, alebo zabezpe\u010denie servisu bicyklov. <strong>Samozrejmos\u0165ou boli aj ekologick\u00e9 aktivity, ako pou\u017e\u00edvanie kompostovate\u013en\u00fdch riadov, \u010di triedenie odpadu, v\u010faka \u010domu boli preteky op\u00e4\u0165 \u201ezelen\u0161ie\u201c a eko.<\/strong> Atrakt\u00edvne ceny v tombole pril\u00e1kali mno\u017estvo fan\u00fa\u0161ikov, preto\u017ee na ka\u017edom kole bola mo\u017enos\u0165 vyhra\u0165 od hlavn\u00e9ho sponzora bicykel \u0160koda, \u010di elektrick\u00e9 SUV \u0160koda ENYAQ iV na t\u00fd\u017ede\u0148.<\/p>\n<p><a href=\"https:\/\/d2p6e6u75xmxt8.cloudfront.net\/4\/2021\/10\/SBOT-2021_06.jpg\"><img loading=\"lazy\" decoding=\"async\" src=\"https:\/\/d2p6e6u75xmxt8.cloudfront.net\/4\/2021\/10\/SBOT-2021_06.jpg\" alt=\"\" width=\"1200\" height=\"800\" class=\"alignnone size-full wp-image-13259\" \/><\/a><\/p>\n<p>Preteky \u0160koda BIKE OPEN TOUR aj v\u010faka viacer\u00fdm kol\u00e1m, ktor\u00e9 sa konaj\u00fa v atrakt\u00edvnych lokalit\u00e1ch po celom Slovensku, pri\u0165ahuj\u00fa ve\u013ek\u00e9 mno\u017estvo pretek\u00e1rov, fan\u00fa\u0161ikov a div\u00e1kov. Na svoje si ka\u017edoro\u010dne pr\u00eddu mal\u00ed pretek\u00e1ri, ktor\u00ed sa m\u00f4\u017eu z\u00fa\u010dastni\u0165 \u0160koda Family trate, ako aj t\u00ed najstar\u0161\u00ed, o \u010dom sved\u010d\u00ed \u00fa\u010das\u0165 sedemdesiatnikov na ka\u017edom kole. <\/p>\n<div class=\"shortcode-ys-post-pinup\"><article class=\"loop-simple post-12965 post type-post status-publish format-standard has-post-thumbnail hentry category-reportaz category-sbot tag-blato tag-maraton tag-preteky tag-reportaz tag-sezona-2021 tag-skoda-auto tag-sbot tag-skoda-enyaq-iv tag-skoda-mtb-maraton-rajecke-teplice tag-slovensko global-categories-cycling\" data-postid=\"12965\" role=\"article\" data-post-id=\"12965\" data-word-count=\"363\" data-headline-length=\"82\" data-category=\"Report\u00e1\u017e\" data-global-category=\"Cycling\" data-author=\"WeLoveCycling\" data-published=\"2021-09-22T10:00:34+02:00\" data-published-day=\"Wednesday\">\n    <div class=\"entry-thumbnail article-thumbnail\" content=\"https:\/\/d2p6e6u75xmxt8.cloudfront.net\/4\/2021\/09\/SBOT_RT_00a-150x150.webp\"><a href=\"https:\/\/www.welovecycling.com\/sk\/2021\/09\/22\/reportaz-skoda-mtb-maraton-rajecke-teplice-poriadne-bahenne-kupele\/\" class=\"image-holder\" target=\"_self\"><img decoding=\"async\" loading=\"lazy\" class=\"\" src=\"https:\/\/d2p6e6u75xmxt8.cloudfront.net\/4\/2021\/09\/SBOT_RT_00a-1024x445.webp\" srcset=\"https:\/\/d2p6e6u75xmxt8.cloudfront.net\/4\/2021\/09\/SBOT_RT_00a.webp 1380w, https:\/\/d2p6e6u75xmxt8.cloudfront.net\/4\/2021\/09\/SBOT_RT_00a-300x130.webp 300w, https:\/\/d2p6e6u75xmxt8.cloudfront.net\/4\/2021\/09\/SBOT_RT_00a-1024x445.webp 1024w, https:\/\/d2p6e6u75xmxt8.cloudfront.net\/4\/2021\/09\/SBOT_RT_00a-768x334.webp 768w\" width=\"1024\" height=\"445\" sizes=\"auto, (min-width: 1200px) 460px, (min-width: 768px) 38vw, 100vw\" alt=\"reportaz-skoda-mtb-maraton-rajecke-teplice-poriadne-bahenne-kupele\"\/><\/a><\/div>    <div class=\"entry-meta\">\n        <a class=\"label label-secondary post-category\" href=\"https:\/\/www.welovecycling.com\/sk\/category\/sbot\/reportaz\/\" title=\"Report\u00e1\u017e\">Report\u00e1\u017e<\/a>\n    <\/div>\n    <div class=\"entry-details\">\n        <a href=\"https:\/\/www.welovecycling.com\/sk\/2021\/09\/22\/reportaz-skoda-mtb-maraton-rajecke-teplice-poriadne-bahenne-kupele\/\" class='entry-title-wrapper'>\n            <h3 class=\"entry-title\"><span>Report\u00e1\u017e: \u0160koda MTB marat\u00f3n Rajeck\u00e9 Teplice &#8211; poriadne bahenn\u00e9 k\u00fapele<\/span><\/h3>\n        <\/a>\n    <\/div>\n    <\/article>\n<\/div>\n<p>Tradi\u010dne je program pripaven\u00fd aj pre deti\u010dky, ktor\u00e9 so sebou nemaj\u00fa bicykel, ale ako fan\u00fa\u0161ikovia na trati si aj tak\u00fdmto sp\u00f4sobom buduj\u00fa vz\u0165ah k \u0161portu. Aktivity v z\u00e1zem\u00ed sa postaraj\u00fa o pr\u00edjemn\u00e9 z\u00e1\u017eitky celej rodiny. Je to skr\u00e1tka rodinn\u00e1 udalos\u0165, nielen \u010do sa s\u00fa\u0165a\u017eenia t\u00fdka, ale aj toho, \u017ee mnoh\u00ed si vyhradili cel\u00fd v\u00edkend, aby spozn\u00e1vali okolie konania jednotliv\u00fdch k\u00f4l pretekov. <strong>A o to predsa ide, aby sme si upevnili zdravie, rovnako telesn\u00e9 ako aj du\u0161evn\u00e9.<\/strong> U\u017e teraz sa m\u00f4\u017eeme te\u0161i\u0165 na nov\u00fd ro\u010dn\u00edk a na to, \u010do n\u00e1m organiz\u00e1tori pripravia. <\/p>\n","protected":false},"excerpt":{"rendered":"<p>1 854 pretek\u00e1rov a takmer 85 000 najazden\u00fdch kilometrov. Tieto ohromuj\u00face \u010d\u00edsla s\u00fa v\u00fdsledkom z\u00e1ujmu o tohtoro\u010dn\u00fa \u0160koda BIKE OPEN [&hellip;]<\/p>\n","protected":false},"author":81,"featured_media":13254,"comment_status":"open","ping_status":"open","sticky":false,"template":"","format":"standard","meta":{"footnotes":""},"categories":[33],"tags":[178,179,474,1311,542,1009,562,35,860,271],"global-categories":[1074],"class_list":["post-13253","post","type-post","status-publish","format-standard","has-post-thumbnail","hentry","category-sbot","tag-maraton","tag-preteky","tag-rodinny-maraton","tag-sezona-2021","tag-skoda","tag-skoda-auto","tag-skoda-bicykel","tag-sbot","tag-skoda-mtb-maraton-rajecke-teplice","tag-skoda-slovensky-raj","global-categories-cycling"],"yoast_head":"<!-- This site is optimized with the Yoast SEO Premium plugin v25.3 (Yoast SEO v25.9) - https:\/\/yoast.com\/wordpress\/plugins\/seo\/ -->\n<title>\u0160koda BIKE OPEN TOUR - rozl\u00fa\u010dka so sez\u00f3nou 2021 - \u0160koda We Love Cycling Slovensko<\/title>\n<meta name=\"description\" content=\"1 854 pretek\u00e1rov a takmer 85 tis\u00edc najazden\u00fdch kilometrov. Tieto ohromuj\u00face \u010d\u00edsla s\u00fa v\u00fdsledkom z\u00e1ujmu o tohtoro\u010dn\u00fa \u0160koda BIKE OPEN TOUR.\" \/>\n<meta name=\"robots\" content=\"index, follow, max-snippet:-1, max-image-preview:large, max-video-preview:-1\" \/>\n<link rel=\"canonical\" href=\"https:\/\/www.welovecycling.com\/sk\/2021\/10\/31\/skoda-bike-open-tour-rozlucka-so-sezonou-2021\/\" \/>\n<meta property=\"og:locale\" content=\"sk_SK\" \/>\n<meta property=\"og:type\" content=\"article\" \/>\n<meta property=\"og:title\" content=\"\u0160koda BIKE OPEN TOUR - rozl\u00fa\u010dka so sez\u00f3nou 2021\" \/>\n<meta property=\"og:description\" content=\"1 854 pretek\u00e1rov a takmer 85 tis\u00edc najazden\u00fdch kilometrov. Tieto ohromuj\u00face \u010d\u00edsla s\u00fa v\u00fdsledkom z\u00e1ujmu o tohtoro\u010dn\u00fa \u0160koda BIKE OPEN TOUR.\" \/>\n<meta property=\"og:url\" content=\"https:\/\/www.welovecycling.com\/sk\/2021\/10\/31\/skoda-bike-open-tour-rozlucka-so-sezonou-2021\/\" \/>\n<meta property=\"og:site_name\" content=\"\u0160koda We Love Cycling Slovensko\" \/>\n<meta property=\"article:published_time\" content=\"2021-10-31T09:00:58+00:00\" \/>\n<meta property=\"og:image\" content=\"https:\/\/d2p6e6u75xmxt8.cloudfront.net\/4\/2021\/10\/SBOT-2021_00.webp\" \/>\n\t<meta property=\"og:image:width\" content=\"1380\" \/>\n\t<meta property=\"og:image:height\" content=\"600\" \/>\n\t<meta property=\"og:image:type\" content=\"image\/webp\" \/>\n<meta name=\"twitter:card\" content=\"summary_large_image\" \/>\n<meta name=\"twitter:label1\" content=\"Written by\" \/>\n\t<meta name=\"twitter:data1\" content=\"WeLoveCycling\" \/>\n\t<meta name=\"twitter:label2\" content=\"Est. reading time\" \/>\n\t<meta name=\"twitter:data2\" content=\"3\" \/>\n<script type=\"application\/ld+json\" class=\"yoast-schema-graph\">{\"@context\":\"https:\/\/schema.org\",\"@graph\":[{\"@type\":\"WebPage\",\"@id\":\"https:\/\/www.welovecycling.com\/sk\/2021\/10\/31\/skoda-bike-open-tour-rozlucka-so-sezonou-2021\/\",\"url\":\"https:\/\/www.welovecycling.com\/sk\/2021\/10\/31\/skoda-bike-open-tour-rozlucka-so-sezonou-2021\/\",\"name\":\"\u0160koda BIKE OPEN TOUR - rozl\u00fa\u010dka so sez\u00f3nou 2021 - \u0160koda We Love Cycling Slovensko\",\"isPartOf\":{\"@id\":\"https:\/\/www.welovecycling.com\/sk\/#website\"},\"primaryImageOfPage\":{\"@id\":\"https:\/\/www.welovecycling.com\/sk\/2021\/10\/31\/skoda-bike-open-tour-rozlucka-so-sezonou-2021\/#primaryimage\"},\"image\":{\"@id\":\"https:\/\/www.welovecycling.com\/sk\/2021\/10\/31\/skoda-bike-open-tour-rozlucka-so-sezonou-2021\/#primaryimage\"},\"thumbnailUrl\":\"https:\/\/d2p6e6u75xmxt8.cloudfront.net\/4\/2021\/10\/SBOT-2021_00.webp\",\"datePublished\":\"2021-10-31T09:00:58+00:00\",\"author\":{\"@id\":\"\"},\"description\":\"1 854 pretek\u00e1rov a takmer 85 tis\u00edc najazden\u00fdch kilometrov. Tieto ohromuj\u00face \u010d\u00edsla s\u00fa v\u00fdsledkom z\u00e1ujmu o tohtoro\u010dn\u00fa \u0160koda BIKE OPEN TOUR.\",\"breadcrumb\":{\"@id\":\"https:\/\/www.welovecycling.com\/sk\/2021\/10\/31\/skoda-bike-open-tour-rozlucka-so-sezonou-2021\/#breadcrumb\"},\"inLanguage\":\"sk-SK\",\"potentialAction\":[{\"@type\":\"ReadAction\",\"target\":[\"https:\/\/www.welovecycling.com\/sk\/2021\/10\/31\/skoda-bike-open-tour-rozlucka-so-sezonou-2021\/\"]}]},{\"@type\":\"ImageObject\",\"inLanguage\":\"sk-SK\",\"@id\":\"https:\/\/www.welovecycling.com\/sk\/2021\/10\/31\/skoda-bike-open-tour-rozlucka-so-sezonou-2021\/#primaryimage\",\"url\":\"https:\/\/d2p6e6u75xmxt8.cloudfront.net\/4\/2021\/10\/SBOT-2021_00.webp\",\"contentUrl\":\"https:\/\/d2p6e6u75xmxt8.cloudfront.net\/4\/2021\/10\/SBOT-2021_00.webp\",\"width\":1380,\"height\":600},{\"@type\":\"BreadcrumbList\",\"@id\":\"https:\/\/www.welovecycling.com\/sk\/2021\/10\/31\/skoda-bike-open-tour-rozlucka-so-sezonou-2021\/#breadcrumb\",\"itemListElement\":[{\"@type\":\"ListItem\",\"position\":1,\"name\":\"Home\",\"item\":\"https:\/\/www.welovecycling.com\/sk\/\"},{\"@type\":\"ListItem\",\"position\":2,\"name\":\"\u0160koda BIKE OPEN TOUR &#8211; rozl\u00fa\u010dka so sez\u00f3nou 2021\"}]},{\"@type\":\"WebSite\",\"@id\":\"https:\/\/www.welovecycling.com\/sk\/#website\",\"url\":\"https:\/\/www.welovecycling.com\/sk\/\",\"name\":\"\u0160koda We Love Cycling Slovensko\",\"description\":\"\u0160koda We Love Cycling Slovensko je v\u00e1\u0161 ka\u017edodenn\u00fd zdroj noviniek a in\u0161pir\u00e1cie z sveta cyklistiky\",\"potentialAction\":[{\"@type\":\"SearchAction\",\"target\":{\"@type\":\"EntryPoint\",\"urlTemplate\":\"https:\/\/www.welovecycling.com\/sk\/?s={search_term_string}\"},\"query-input\":{\"@type\":\"PropertyValueSpecification\",\"valueRequired\":true,\"valueName\":\"search_term_string\"}}],\"inLanguage\":\"sk-SK\"},{\"@type\":\"Person\",\"@id\":\"\",\"url\":\"https:\/\/www.welovecycling.com\/sk\/author\/\"}]}<\/script>\n<!-- \/ Yoast SEO Premium plugin. -->","yoast_head_json":{"title":"\u0160koda BIKE OPEN TOUR - rozl\u00fa\u010dka so sez\u00f3nou 2021 - \u0160koda We Love Cycling Slovensko","description":"1 854 pretek\u00e1rov a takmer 85 tis\u00edc najazden\u00fdch kilometrov. Tieto ohromuj\u00face \u010d\u00edsla s\u00fa v\u00fdsledkom z\u00e1ujmu o tohtoro\u010dn\u00fa \u0160koda BIKE OPEN TOUR.","robots":{"index":"index","follow":"follow","max-snippet":"max-snippet:-1","max-image-preview":"max-image-preview:large","max-video-preview":"max-video-preview:-1"},"canonical":"https:\/\/www.welovecycling.com\/sk\/2021\/10\/31\/skoda-bike-open-tour-rozlucka-so-sezonou-2021\/","og_locale":"sk_SK","og_type":"article","og_title":"\u0160koda BIKE OPEN TOUR - rozl\u00fa\u010dka so sez\u00f3nou 2021","og_description":"1 854 pretek\u00e1rov a takmer 85 tis\u00edc najazden\u00fdch kilometrov. Tieto ohromuj\u00face \u010d\u00edsla s\u00fa v\u00fdsledkom z\u00e1ujmu o tohtoro\u010dn\u00fa \u0160koda BIKE OPEN TOUR.","og_url":"https:\/\/www.welovecycling.com\/sk\/2021\/10\/31\/skoda-bike-open-tour-rozlucka-so-sezonou-2021\/","og_site_name":"\u0160koda We Love Cycling Slovensko","article_published_time":"2021-10-31T09:00:58+00:00","og_image":[{"width":1380,"height":600,"url":"https:\/\/d2p6e6u75xmxt8.cloudfront.net\/4\/2021\/10\/SBOT-2021_00.webp","type":"image\/webp"}],"twitter_card":"summary_large_image","twitter_misc":{"Written by":"WeLoveCycling","Est. reading time":"3"},"schema":{"@context":"https:\/\/schema.org","@graph":[{"@type":"WebPage","@id":"https:\/\/www.welovecycling.com\/sk\/2021\/10\/31\/skoda-bike-open-tour-rozlucka-so-sezonou-2021\/","url":"https:\/\/www.welovecycling.com\/sk\/2021\/10\/31\/skoda-bike-open-tour-rozlucka-so-sezonou-2021\/","name":"\u0160koda BIKE OPEN TOUR - rozl\u00fa\u010dka so sez\u00f3nou 2021 - \u0160koda We Love Cycling Slovensko","isPartOf":{"@id":"https:\/\/www.welovecycling.com\/sk\/#website"},"primaryImageOfPage":{"@id":"https:\/\/www.welovecycling.com\/sk\/2021\/10\/31\/skoda-bike-open-tour-rozlucka-so-sezonou-2021\/#primaryimage"},"image":{"@id":"https:\/\/www.welovecycling.com\/sk\/2021\/10\/31\/skoda-bike-open-tour-rozlucka-so-sezonou-2021\/#primaryimage"},"thumbnailUrl":"https:\/\/d2p6e6u75xmxt8.cloudfront.net\/4\/2021\/10\/SBOT-2021_00.webp","datePublished":"2021-10-31T09:00:58+00:00","author":{"@id":""},"description":"1 854 pretek\u00e1rov a takmer 85 tis\u00edc najazden\u00fdch kilometrov. Tieto ohromuj\u00face \u010d\u00edsla s\u00fa v\u00fdsledkom z\u00e1ujmu o tohtoro\u010dn\u00fa \u0160koda BIKE OPEN TOUR.","breadcrumb":{"@id":"https:\/\/www.welovecycling.com\/sk\/2021\/10\/31\/skoda-bike-open-tour-rozlucka-so-sezonou-2021\/#breadcrumb"},"inLanguage":"sk-SK","potentialAction":[{"@type":"ReadAction","target":["https:\/\/www.welovecycling.com\/sk\/2021\/10\/31\/skoda-bike-open-tour-rozlucka-so-sezonou-2021\/"]}]},{"@type":"ImageObject","inLanguage":"sk-SK","@id":"https:\/\/www.welovecycling.com\/sk\/2021\/10\/31\/skoda-bike-open-tour-rozlucka-so-sezonou-2021\/#primaryimage","url":"https:\/\/d2p6e6u75xmxt8.cloudfront.net\/4\/2021\/10\/SBOT-2021_00.webp","contentUrl":"https:\/\/d2p6e6u75xmxt8.cloudfront.net\/4\/2021\/10\/SBOT-2021_00.webp","width":1380,"height":600},{"@type":"BreadcrumbList","@id":"https:\/\/www.welovecycling.com\/sk\/2021\/10\/31\/skoda-bike-open-tour-rozlucka-so-sezonou-2021\/#breadcrumb","itemListElement":[{"@type":"ListItem","position":1,"name":"Home","item":"https:\/\/www.welovecycling.com\/sk\/"},{"@type":"ListItem","position":2,"name":"\u0160koda BIKE OPEN TOUR &#8211; rozl\u00fa\u010dka so sez\u00f3nou 2021"}]},{"@type":"WebSite","@id":"https:\/\/www.welovecycling.com\/sk\/#website","url":"https:\/\/www.welovecycling.com\/sk\/","name":"\u0160koda We Love Cycling Slovensko","description":"\u0160koda We Love Cycling Slovensko je v\u00e1\u0161 ka\u017edodenn\u00fd zdroj noviniek a in\u0161pir\u00e1cie z sveta cyklistiky","potentialAction":[{"@type":"SearchAction","target":{"@type":"EntryPoint","urlTemplate":"https:\/\/www.welovecycling.com\/sk\/?s={search_term_string}"},"query-input":{"@type":"PropertyValueSpecification","valueRequired":true,"valueName":"search_term_string"}}],"inLanguage":"sk-SK"},{"@type":"Person","@id":"","url":"https:\/\/www.welovecycling.com\/sk\/author\/"}]}},"_links":{"self":[{"href":"https:\/\/www.welovecycling.com\/sk\/wp-json\/wp\/v2\/posts\/13253","targetHints":{"allow":["GET"]}}],"collection":[{"href":"https:\/\/www.welovecycling.com\/sk\/wp-json\/wp\/v2\/posts"}],"about":[{"href":"https:\/\/www.welovecycling.com\/sk\/wp-json\/wp\/v2\/types\/post"}],"author":[{"embeddable":true,"href":"https:\/\/www.welovecycling.com\/sk\/wp-json\/wp\/v2\/users\/81"}],"replies":[{"embeddable":true,"href":"https:\/\/www.welovecycling.com\/sk\/wp-json\/wp\/v2\/comments?post=13253"}],"version-history":[{"count":2,"href":"https:\/\/www.welovecycling.com\/sk\/wp-json\/wp\/v2\/posts\/13253\/revisions"}],"predecessor-version":[{"id":13268,"href":"https:\/\/www.welovecycling.com\/sk\/wp-json\/wp\/v2\/posts\/13253\/revisions\/13268"}],"wp:featuredmedia":[{"embeddable":true,"href":"https:\/\/www.welovecycling.com\/sk\/wp-json\/wp\/v2\/media\/13254"}],"wp:attachment":[{"href":"https:\/\/www.welovecycling.com\/sk\/wp-json\/wp\/v2\/media?parent=13253"}],"wp:term":[{"taxonomy":"category","embeddable":true,"href":"https:\/\/www.welovecycling.com\/sk\/wp-json\/wp\/v2\/categories?post=13253"},{"taxonomy":"post_tag","embeddable":true,"href":"https:\/\/www.welovecycling.com\/sk\/wp-json\/wp\/v2\/tags?post=13253"},{"taxonomy":"global-categories","embeddable":true,"href":"https:\/\/www.welovecycling.com\/sk\/wp-json\/wp\/v2\/global-categories?post=13253"}],"curies":[{"name":"wp","href":"https:\/\/api.w.org\/{rel}","templated":true}]}}