{"id":13223,"date":"2021-10-25T10:00:04","date_gmt":"2021-10-25T08:00:04","guid":{"rendered":"https:\/\/www.welovecycling.com\/sk\/?p=13223"},"modified":"2021-10-20T11:42:56","modified_gmt":"2021-10-20T09:42:56","slug":"5-europskych-cyklistickych-vyziev-pre-rok-2022-na-ktore-sa-musite-zacat-pripravovat","status":"publish","type":"post","link":"https:\/\/www.welovecycling.com\/sk\/2021\/10\/25\/5-europskych-cyklistickych-vyziev-pre-rok-2022-na-ktore-sa-musite-zacat-pripravovat\/","title":{"rendered":"5 eur\u00f3pskych cyklistick\u00fdch v\u00fdziev pre rok 2022, na ktor\u00e9 sa mus\u00edte za\u010da\u0165 pripravova\u0165"},"content":{"rendered":"<p><strong>Leto u\u017e skon\u010dilo a hoci je cyklistika celoro\u010dnou aktivitou, niektor\u00e9 v\u00fdjazdy s\u00fa ur\u010den\u00e9 predov\u0161etk\u00fdm na letn\u00e9 obdobie. Po\u010das najdlh\u0161\u00edch dn\u00ed, ke\u010f bude po\u010dasie s najv\u00e4\u010d\u0161ou pravdepodobnos\u0165ou dobr\u00e9 a nemenn\u00e9. To s\u00fa tie dlh\u00e9 v\u00fdjazdy, ktor\u00e9 preveria va\u0161e fyzick\u00e9 a du\u0161evn\u00e9 schopnosti. Niektor\u00e9 trvaj\u00fa len de\u0148 ale s\u00fa aj tak\u00e9, ktor\u00e9 m\u00f4\u017eu trva\u0165 dlh\u0161ie. Na tak\u00fdto druh dobrodru\u017estva sa treba pripravi\u0165 vopred. Ak ste si teda e\u0161te nenapl\u00e1novali ve\u013ek\u00e9 v\u00fdzvy na bud\u00faci rok, podel\u00edme sa s vami o niektor\u00e9 z najlep\u0161\u00edch v\u00fdletov, ktor\u00e9 m\u00f4\u017eete v Eur\u00f3pe podnikn\u00fa\u0165.<\/strong><br \/>\n<!--more--><\/p>\n<h2><strong>Z Par\u00ed\u017ea do Lond\u00fdna<\/strong><\/h2>\n<p>Jazda z Lond\u00fdna do Par\u00ed\u017ea za 24 hod\u00edn znie ako \u0161ialen\u00fd n\u00e1pad, v\u0161ak? Ka\u017ed\u00fd rok sa tejto v\u00fdzvy chopia stovky nad\u0161encov a urobia 300-kilometrov\u00fa trasu za jeden de\u0148. Najlep\u0161ie na tom je, \u017ee nemus\u00edte nikoho in\u00e9ho presvied\u010da\u0165, aby sa vydal na toto dobrodru\u017estvo. Sta\u010d\u00ed, ak sa zapoj\u00edte do organizovanej akcie, ktor\u00e1 sa uskuto\u010dn\u00ed 30. marca 2022. Na druhej strane, ak ste viac osamel\u00fd jazdec alebo sa po\u010das pand\u00e9mie rad\u0161ej neprid\u00e1vate k nezn\u00e1mym \u013eudom, m\u00f4\u017eete v\u00fdzvu zvl\u00e1dnu\u0165 aj s\u00e1m. Web <a href=\"https:\/\/london2paris.co.uk\/\" rel=\"noopener\" target=\"_blank\">london2paris<\/a> obsahuje v\u0161etky potrebn\u00e9 inform\u00e1cie.<\/p>\n<p>https:\/\/www.instagram.com\/p\/CTaHM5WsK8k\/<\/p>\n<p>V\u0161imnite si, \u017ee t\u00e1to v\u00fdzva rozhodne nie je pre za\u010diato\u010dn\u00edkov. Najlep\u0161ie je, ak ste u\u017e podobn\u00e9 vzdialenosti na bicykli sk\u00fasili predt\u00fdm, ako vysk\u00fa\u0161ate v\u00fdzvu z Lond\u00fdna do Par\u00ed\u017ea. Tie\u017e, ak idete na vlastn\u00fa p\u00e4s\u0165, vezmite si so sebou dostatok jedla, energetick\u00e9 g\u00e9ly, n\u00e1poje a vhodn\u00e9 oble\u010denie. V Par\u00ed\u017ei budete musie\u0165 str\u00e1vi\u0165 najmenej jednu noc, preto je dobr\u00e9 rezervova\u0165 si hotel alebo Airbnb, kde si m\u00f4\u017eete svoj bicykel necha\u0165 v bezpe\u010d\u00ed. \u010co je najd\u00f4le\u017eitej\u0161ie, nezabudnite sa odfoti\u0165 pred Big Benom na za\u010diatku a pred Eiffelovou ve\u017eou na konci. Po dokon\u010den\u00ed ich budete potrebova\u0165, aby ste sa so svojim \u00faspechom poriadne pochv\u00e1lili.<\/p>\n<h2><strong>Alpe d&#8217;Huez a Mont Ventoux<\/strong><\/h2>\n<p>Ak ste fan\u00fa\u0161ikom Tour de France (a asi ste, ke\u010f \u010d\u00edtate tento web), pravdepodobne sn\u00edvate o tom, \u017ee si zmeriate svoje sily s Tadejom Poga\u010darom. Hoci v\u00e1m nem\u00f4\u017eeme zaru\u010di\u0165, \u017ee sa so svojimi v\u00fdkonmi pribl\u00ed\u017eite k tomuto Slovincovi, ktor\u00fd na bicykli do kopcov jazd\u00ed tak fam\u00f3zne, \u017ee by r\u00fdchlos\u0165ou zahanbil aj kamz\u00edky, ur\u010dite by ste mali vysk\u00fa\u0161a\u0165 niektor\u00e9 (ak nie v\u0161etky) st\u00fapania, kategorizovan\u00e9 na Tour de France. Odpor\u00fa\u010dame bu\u010f Mont Ventoux alebo Alpe d\u2019Huez. Ale pre\u010do nie oba? Alpe d\u2019Huez je pravdepodobne najzn\u00e1mej\u0161\u00edm st\u00fapan\u00edm na svete. V\u010faka svojim legend\u00e1rnym 21 zat\u00e1\u010dkam a priemern\u00e9mu sklonu 7,9 % je so svojou vzdialenos\u0165ou 13,8 km v\u00fdzvou pre ka\u017ed\u00e9ho jazdca.<\/p>\n<p>Mont Ventoux je o nie\u010do dlh\u0161\u00ed a o nie\u010do strm\u0161\u00ed. Aj ke\u010f m\u00e1 celkov\u00fd 21,8 km dlh\u00fd \u00fasek priemern\u00fd sklon 7,43 %, posledn\u00fdch 16 km m\u00e1 v skuto\u010dnosti viac ako 9 % st\u00fapanie, \u010do z neho rob\u00ed jednu z naj\u0165a\u017e\u0161\u00edch vec\u00ed, ak\u00e9 kedy budete na dvoch koles\u00e1ch vykon\u00e1va\u0165. Asi netreba hovori\u0165, \u017ee na tieto dva kopce sa budete musie\u0165 intenz\u00edvne pripravi\u0165, najm\u00e4 ak ich chcete stihn\u00fa\u0165 za jeden v\u00edkend. Ak sa teda na t\u00fato v\u00fdzvu chyst\u00e1te v roku 2022, mali by ste ihne\u010f za\u010da\u0165 s pr\u00edpravou. Postupne zvy\u0161ujte z\u00e1\u0165a\u017e a za\u010dnite jazdi\u0165 vo vy\u0161\u0161\u00edch nadmorsk\u00fdch v\u00fd\u0161kach. Nezabudnite, \u017ee vzduch tam hore je red\u0161\u00ed a budete si na to musie\u0165 zvykn\u00fa\u0165.<\/p>\n<figure id=\"attachment_8137\" aria-describedby=\"caption-attachment-8137\" style=\"width: 1250px\" class=\"wp-caption alignnone\"><a href=\"https:\/\/d2p6e6u75xmxt8.cloudfront.net\/4\/2019\/08\/mont-ventoux-profimedia-0397272618.jpg\"><img loading=\"lazy\" decoding=\"async\" class=\"size-full wp-image-8137\" src=\"https:\/\/d2p6e6u75xmxt8.cloudfront.net\/4\/2019\/08\/mont-ventoux-profimedia-0397272618.jpg\" alt=\"Mont Ventoux\" width=\"1250\" height=\"833\" \/><\/a><figcaption id=\"caption-attachment-8137\" class=\"wp-caption-text\">Poh\u013ead na vrcholov\u00fa stanicu na Mont Ventoux zo z\u00e1padnej cesty. \u00a9 Profimedia, AFP<\/figcaption><\/figure>\n<p>Najlep\u0161ia \u010das\u0165 tejto v\u00fdzvy s\u00fa ohromuj\u00face v\u00fdh\u013eady, ktor\u00e9, bohu\u017eia\u013e, neuvid\u00edte, preto\u017ee budete pr\u00edli\u0161 zanepr\u00e1zdnen\u00ed h\u013eaden\u00edm na predn\u00e9 koleso a snahou nevyp\u013eu\u0165 svoje vlastn\u00e9 p\u013e\u00faca. Ke\u010f ste v\u0161ak na vrchole, u\u017eijete si nielen n\u00e1dhern\u00e9 franc\u00fazske Alpy, ale aj pr\u00edrodu, v\u00fdh\u013eady a hlavne dlh\u00fd a zasl\u00fa\u017een\u00fd zjazd.<\/p>\n<h2><strong>Tour du Mont Blanc<\/strong><\/h2>\n<p>Ak v\u00e1m Alpe d&#8217;Huez a Mont Ventoux pripadaj\u00fa sk\u00f4r ako cesta, ktorou si va\u0161a 3-ro\u010dn\u00e1 dc\u00e9ra kr\u00e1ti cestu do \u0161k\u00f4lky, alebo ak ste n\u00e1hodou Tadej Poga\u010dar osobne, mo\u017eno budete chcie\u0165 sk\u00fasi\u0165 v\u00fdzvu Tour du Mont Blanc. \u013dudia, ktor\u00ed sa tejto v\u00fdzvy zhostili, s\u00fa presved\u010den\u00ed, \u017ee je to jedin\u00e1 a naj\u0165a\u017e\u0161ia jazda, ktor\u00e1 v\u00e1s dokonale prever\u00ed a \u00faplne v\u00e1m zni\u010d\u00ed nohy. Trasa dlh\u00e1 338 km m\u00e1 prev\u00fd\u0161enie pribli\u017ene 8 500 metrov. Be\u017ene to cyklisti robia za dva dni, ale to pre v\u00e1s asi nie je t\u00e1 skuto\u010dn\u00e1 v\u00fdzva, v\u0161ak?<\/p>\n<p>Chyst\u00e1te sa na nie\u010do ve\u013ek\u00e9, na nie\u010do brut\u00e1lne. Potom preteky Tour du Mont Blanc s\u00fa teda tie, ktor\u00fdch by ste sa mali z\u00fa\u010dastni\u0165. Uskuto\u010dnia sa 16. j\u00fala 2022. Pravdepodobne sa vtedy o 4:58 r\u00e1no na \u0161tartovej \u010diare, opr\u00e1vnene sp\u00fdtate: <em>\u201eSom norm\u00e1lny?\u201c<\/em> Av\u0161ak o nie\u010do menej ako 24 hod\u00edn, ke\u010f dokon\u010d\u00edte tieto 330-kilometrov\u00e9 preteky napriek bolesti, ktor\u00fa poc\u00edtite, aj ke\u010f bude poriadne intenz\u00edvna, nebude ni\u010d\u00edm v porovnan\u00ed s hrdos\u0165ou a rados\u0165ou z dokon\u010denia najn\u00e1ro\u010dnej\u0161ej cyklistickej v\u00fdzvy, ak\u00fa m\u00f4\u017ee Eur\u00f3pa pon\u00faknu\u0165. Preteky prech\u00e1dzaj\u00fa malebn\u00fdmi horsk\u00fdmi svahmi Talianska, Franc\u00fazska a \u0160vaj\u010diarska a st\u00fapaj\u00fa na nieko\u013eko vrcholov, ktor\u00e9 v\u00e1m doslova a do p\u00edsmena vyrazia dych.<\/p>\n<p>https:\/\/www.instagram.com\/p\/CQ1KpBOoLtN\/<\/p>\n<p>Splnenie tejto v\u00fdzvy je vyhraden\u00e9 iba pre najlep\u0161\u00edch z najlep\u0161\u00edch. Mnoh\u00ed to sk\u00fa\u0161ali a zlyhali, preto\u017ee nikde ni\u010d tak\u00e9 neexistuje. Pr\u00edprava trv\u00e1 roky, a ak ste e\u0161te nevykonali \u017eiadne dia\u013ekov\u00e9 horsk\u00e9 v\u00fdjazdy, nechajte si t\u00fato v\u00fdzvu aspo\u0148 na rok 2025. Ak ste v\u0161ak v\u00e1\u0161niv\u00fd milovn\u00edk cestnej cyklistiky a jazdenie po horsk\u00fdch cest\u00e1ch je pre v\u00e1s len formalita, tieto preteky s\u00fa vzru\u0161en\u00edm, ktor\u00e9 h\u013ead\u00e1te. Zv\u00fd\u0161te objem tr\u00e9ningov v hor\u00e1ch a svalov\u00fa z\u00e1\u0165a\u017e. Sk\u00faste nieko\u013eko dlh\u0161\u00edch vzdialenost\u00ed za 24 hod\u00edn. Zistite, ko\u013eko energie budete potrebova\u0165, a pok\u00faste sa zdokonali\u0165 svoju techniku. Budete to potrebova\u0165, ak chcete dokon\u010di\u0165 Tour du Mont Blanc Cyclo.<\/p>\n<h2><strong>Bicyklujte pri Dunaji<\/strong><\/h2>\n<p>Ak nie ste z t\u00fdch, ktor\u00ed vyh\u013ead\u00e1vaj\u00fa horsk\u00e9 st\u00fapania a net\u00fa\u017eite preveri\u0165 svoje nohy a p\u013e\u00faca, ale sk\u00f4r svoju schopnos\u0165 jazdi\u0165 na dlh\u00e9 vzdialenosti, potom by ste mali na bicykli ur\u010dite bicyklova\u0165 pri Dunaji. Takmer 3 000 km popri brehu tejto mohutnej rieky, ktor\u00e1 prech\u00e1dza cez osem kraj\u00edn. Asi netreba dod\u00e1va\u0165, \u017ee to nie je v\u00fdlet, ktor\u00fd by ste urobili za jeden de\u0148, ale ak p\u00f4jdete 24 hod\u00edn v kuse priemernou r\u00fdchlos\u0165ou 125 km\/h, dok\u00e1\u017eete to. Ke\u010f sa v\u0161ak vr\u00e1time do reality, t\u00e1to cesta bude trva\u0165 najmenej mesiac, ak chcete dokon\u010di\u0165 cel\u00fa v\u00fdzvu. <\/p>\n<p>Preto sa mnoh\u00ed rozhodn\u00fa jazdi\u0165 na \u010dasti. Tra\u0165 sa spravidla sklad\u00e1 zo 4 hlavn\u00fdch \u010dast\u00ed: nemeck\u00e1 \u010das\u0165, rak\u00faska \u010das\u0165, slovensko\/ma\u010farsk\u00e1 \u010das\u0165 a v\u00fdchodoeur\u00f3pska \u010das\u0165. V\u0161etky maj\u00fa jedno spolo\u010dn\u00e9: rovinat\u00fd ter\u00e9n, ktor\u00fd postupne kles\u00e1. V\u010faka tomu je t\u00e1to v\u00fdzva perfektn\u00e1 aj pre za\u010diato\u010dn\u00edkov, preto\u017ee cesta z Donaueschingenu, kde sa rieky Brigach, Breg, Stille Musel a Riedgraben sp\u00e1jaj\u00fa a vytv\u00e1raj\u00fa mohutn\u00fd Dunaj, do ma\u010farskej Budape\u0161ti je ve\u013emi pohodln\u00e1 a jednoduch\u00e1. M\u00e1lokedy sa stretne s ru\u0161nou dopravou a je pln\u00e1 malebn\u00fdch dediniek, hotelov a kaviarn\u00ed vhodn\u00fdch pre cyklistov.<\/p>\n<p>https:\/\/www.instagram.com\/p\/CF9FHNNlPr7\/?hl=en<\/p>\n<p>Na druhej strane, ak si chcete urobi\u0165 v\u00fdlet o nie\u010do n\u00e1ro\u010dnej\u0161\u00ed, m\u00f4\u017eete po Budape\u0161ti pokra\u010dova\u0165 \u010falej. Majte na pam\u00e4ti, \u017ee na zvy\u0161nej ceste cez Ma\u010farsko u\u017e bud\u00fa na ceste okolo brehu rieky ob\u010das aj nejak\u00e9 prek\u00e1\u017eky v jazde, a v\u00e1s e\u0161te do cie\u013ea bude \u010daka\u0165 140 km v Chorv\u00e1tsku, 380 km v Srbsku a asi 870 km v Rumunsku a Bulharsku. Tu u\u017e ob\u010das n\u00e1jdete miesta, ktor\u00e9 nie s\u00fa vhodn\u00e9 pre bicykle a budete musie\u0165 prejs\u0165 star\u00fdmi cestami a dokonca aj po po\u013en\u00fdch cest\u00e1ch. Pokia\u013e ide o \u010das\u0165 Rumunsko-Bulharsko, majte na pam\u00e4ti, \u017ee v d\u013a\u017eke asi 400 km od seba existuj\u00fa na trase iba dva mosty. <\/p>\n<p>Ak sa teda rozhodnete jazdi\u0165 v Bulharsku, do Rumunska sa v\u00e1m tak \u013eahko na bicykli nebude da\u0165 dosta\u0165, aj ke\u010f teda st\u00e1le je tu mo\u017enos\u0165 vyu\u017ei\u0165 na trase nieko\u013eko trajektov. Vyberte si preto svoju cestu starostlivo a pl\u00e1nujte dopredu.<\/p>\n<p>Po\u010das v\u00fdchodoeur\u00f3pskej \u010dasti sa odpor\u00fa\u010da pobyt vo v\u00e4\u010d\u0161\u00edch mest\u00e1ch. \u013dudia s\u00fa tam zvyknut\u00ed na cudzincov a spravidla ovl\u00e1daj\u00fa aspo\u0148 jeden cudz\u00ed jazyk. V dedin\u00e1ch m\u00f4\u017ee by\u0165 situ\u00e1cia odli\u0161n\u00e1. Napl\u00e1nujte si teda zast\u00e1vky v Osijeku, Novom Sade, Belehrade, v Drobeta Turnu Severin, Vidin, Rouse, Calarasi alebo Silistre, Braile a \u010fal\u0161\u00edch podobn\u00fdch mest\u00e1ch. Tento v\u00fdlet po Dunaji je testom va\u0161ej v\u00f4le a testom va\u0161ej odolnosti jazdi\u0165 100 km ka\u017ed\u00fd de\u0148 po dobu jedn\u00e9ho mesiaca. Ak si chcete napl\u00e1nova\u0165 tento fantastick\u00fd v\u00fdlet, webov\u00e1 str\u00e1nka <a href=\"https:\/\/www.danube-cycle-path.com\/cycling-slovakia-hungary.html\" rel=\"noopener\" target=\"_blank\">danubecyclepath<\/a> m\u00e1 ve\u013ea d\u00f4le\u017eit\u00fdch inform\u00e1ci\u00ed, ktor\u00e9 by ste chceli vidie\u0165.<\/p>\n<h2><strong>Z Lisabonu do Istanbulu<\/strong><\/h2>\n<p>Toto celoeur\u00f3pske turn\u00e9 nie je len v\u00fdzva. Je to celo\u017eivotn\u00e1 sk\u00fasenos\u0165, ktor\u00fa zvl\u00e1dol len m\u00e1lokto. Zatia\u013e \u010do v\u00e4\u010d\u0161ina v\u00fdziev je na de\u0148 alebo v\u00edkend a niektor\u00e9, podobne ako dunajsk\u00e1 v\u00fdzva, s\u00fa na mesiac, toto je na \u0161tvr\u0165 roka. V\u00fdzva z Lisabonu do Istanbulu vy\u017eaduje odhodlanie, pr\u00edpravu a ve\u013ea l\u00e1sky k cyklistike. Skuto\u010dne, len h\u0155stke \u013eud\u00ed sa podarilo dokon\u010di\u0165 t\u00fato 5 000 km t\u00faru. T\u00e1to v\u00fdzva v\u00e1s prevedie 12 krajinami a 7 eur\u00f3pskymi hlavn\u00fdmi mestami. Celkov\u00e9 st\u00fapanie je 13 620 m, kde prejdete srdcom Pyrenej\u00ed, \u010das\u0165ami \u00c1lp a balk\u00e1nskymi horami. Najn\u00e1ro\u010dnej\u0161ie st\u00fapania s\u00fa v\u0161ak na za\u010diatku, medzi \u0160panielskom a Andorrou.<\/p>\n<p>Va\u0161a cesta za\u010dne pri Atlantickom oce\u00e1ne ne\u010faleko Lisabonu. Odtia\u013e sa vyberiete po vidieckych cest\u00e1ch do Madridu, po ktor\u00fdch sa vyd\u00e1te na severov\u00fdchod do Andorra la Vella. Kr\u00e1sne franc\u00fazske stredomorsk\u00e9 mesto Montpellier je va\u0161\u00edm \u010fal\u0161\u00edm cie\u013eom, odkia\u013e budete pokra\u010dova\u0165 pozd\u013a\u017e pobre\u017eia cez Marseille, Nice, Monaco a Janov. Potom prejdete n\u00e1dhern\u00fdmi pamiatkami provincie Emilia-Romagna v Taliansku a budete sa kocha\u0165 poh\u013eadom na korunn\u00fd klenot, ktor\u00fdm s\u00fa Ben\u00e1tky.<\/p>\n<figure id=\"attachment_13227\" aria-describedby=\"caption-attachment-13227\" style=\"width: 1000px\" class=\"wp-caption alignnone\"><a href=\"https:\/\/d2p6e6u75xmxt8.cloudfront.net\/4\/2021\/10\/Venezia-profimedia-0630792644.jpg\"><img loading=\"lazy\" decoding=\"async\" class=\"size-full wp-image-13227\" src=\"https:\/\/d2p6e6u75xmxt8.cloudfront.net\/4\/2021\/10\/Venezia-profimedia-0630792644.jpg\" alt=\"Venezia\" width=\"1000\" height=\"666\" \/><\/a><figcaption id=\"caption-attachment-13227\" class=\"wp-caption-text\">Trasa v\u00e1s prevedie n\u00e1dhern\u00fdmi Ben\u00e1tkami.<\/figcaption><\/figure>\n<p>Do tohto bodu bude va\u0161a cesta relat\u00edvne bezpe\u010dn\u00e1 a pohodln\u00e1. Akon\u00e1hle v\u0161ak vst\u00fapite na Balk\u00e1n, pripravte sa na n\u00e1ro\u010dnej\u0161ie cesty, aj ke\u010f s\u00fa tam \u013eudia priate\u013esk\u00ed a v\u017edy pripraven\u00ed pom\u00f4c\u0165. \u013dub\u013eana a Z\u00e1hreb s\u00fa va\u0161\u00edm \u010fal\u0161\u00edm cie\u013eom. Obe hlavn\u00e9 mest\u00e1 s\u00fa kr\u00e1snymi miestami s priate\u013esk\u00fdmi \u013eu\u010fmi, chutn\u00fdm jedlom a maj\u00fa \u010do pon\u00faknu\u0165. Akon\u00e1hle sa dostanete k rieke Dunaj na hranici medzi Chorv\u00e1tskom a Srbskom, u\u017e v\u00e1s del\u00ed len mesiac od cie\u013ea.<\/p>\n<p>Belehrad, Rouse a ak sa chcete mierne odkloni\u0165 od hlavnej cesty, ur\u010dite by ste cestou do Istanbulu mali nav\u0161t\u00edvi\u0165 Bukure\u0161\u0165 a Veliko Turnovo. Uistite sa, \u017ee zostanete aspo\u0148 jednu noc v Edirne a vychutn\u00e1te si miestnu kuchy\u0148u. Va\u0161a cesta sa skon\u010d\u00ed pred Hagia Sofia v centre Istanbulu, priamo na rohu Eur\u00f3py.<\/p>\n<p>Cesta nepatr\u00ed k \u013eahk\u00fdm. Ka\u017ed\u00fd, kto si tr\u00fafa za\u010da\u0165, mus\u00ed by\u0165 pripraven\u00fd jazdi\u0165 t\u00fd\u017edne a nakoniec spa\u0165 v stanoch, spac\u00e1ku a spravidla pod hviezdami. V\u00e1\u0161 bicykel by mal by\u0165 v perfektnom stave a budete si musie\u0165 so sebou nies\u0165 ve\u013ea vec\u00ed. Toto nie je jednod\u0148ov\u00fd v\u00fdlet. To je vec, ktor\u00fa budete robi\u0165 najmenej dva mesiace. Ak sa v\u00e1m v\u0161ak tento v\u00fdlet podar\u00ed dokon\u010di\u0165, budete jedn\u00fdm z m\u00e1la, ktor\u00ed to zvl\u00e1dli. Je to p\u00fa\u0165 a perfektn\u00e1 v\u00fdzva, ktor\u00fa by ste mali zaradi\u0165 do svojho zoznamu.<\/p>\n","protected":false},"excerpt":{"rendered":"<p>Leto u\u017e skon\u010dilo a hoci je cyklistika celoro\u010dnou aktivitou, niektor\u00e9 v\u00fdjazdy s\u00fa ur\u010den\u00e9 predov\u0161etk\u00fdm na letn\u00e9 obdobie. Po\u010das najdlh\u0161\u00edch dn\u00ed, [&hellip;]<\/p>\n","protected":false},"author":81,"featured_media":13229,"comment_status":"open","ping_status":"open","sticky":false,"template":"","format":"standard","meta":{"footnotes":""},"categories":[191],"tags":[1253,115,1310,1406,180,1407,1405,1103,767,1404,179,815,1403,318,508,1233],"global-categories":[],"class_list":["post-13223","post","type-post","status-publish","format-standard","has-post-thumbnail","hentry","category-odporucame","tag-alpe-dhuez","tag-cestna-cyklistika","tag-dlhy-vyjazd","tag-dunaj","tag-horska-cyklistika","tag-istanbul","tag-londyn","tag-mont-ventoux","tag-motivacia","tag-pariz","tag-preteky","tag-svet","tag-tour-du-mont-blanc","tag-vyjazd","tag-vylet","tag-vyzva"],"yoast_head":"<!-- This site is optimized with the Yoast SEO Premium plugin v25.3 (Yoast SEO v25.9) - https:\/\/yoast.com\/wordpress\/plugins\/seo\/ -->\n<title>5 eur\u00f3pskych cyklistick\u00fdch v\u00fdziev pre rok 2022, na ktor\u00e9 sa mus\u00edte za\u010da\u0165 pripravova\u0165<\/title>\n<meta name=\"description\" content=\"To s\u00fa tie dlh\u00e9 v\u00fdjazdy a v\u00fdzvy, ktor\u00e9 preveria va\u0161e fyzick\u00e9 a du\u0161evn\u00e9 schopnosti. Niektor\u00e9 trvaj\u00fa len de\u0148 ale s\u00fa aj tak\u00e9, ktor\u00e9 m\u00f4\u017eu trva\u0165 dlh\u0161ie.\" \/>\n<meta name=\"robots\" content=\"index, follow, max-snippet:-1, max-image-preview:large, max-video-preview:-1\" \/>\n<link rel=\"canonical\" href=\"https:\/\/www.welovecycling.com\/sk\/2021\/10\/25\/5-europskych-cyklistickych-vyziev-pre-rok-2022-na-ktore-sa-musite-zacat-pripravovat\/\" \/>\n<meta property=\"og:locale\" content=\"sk_SK\" \/>\n<meta property=\"og:type\" content=\"article\" \/>\n<meta property=\"og:title\" content=\"5 eur\u00f3pskych cyklistick\u00fdch v\u00fdziev pre rok 2022, na ktor\u00e9 sa mus\u00edte za\u010da\u0165 pripravova\u0165\" \/>\n<meta property=\"og:description\" content=\"To s\u00fa tie dlh\u00e9 v\u00fdjazdy a v\u00fdzvy, ktor\u00e9 preveria va\u0161e fyzick\u00e9 a du\u0161evn\u00e9 schopnosti. Niektor\u00e9 trvaj\u00fa len de\u0148 ale s\u00fa aj tak\u00e9, ktor\u00e9 m\u00f4\u017eu trva\u0165 dlh\u0161ie.\" \/>\n<meta property=\"og:url\" content=\"https:\/\/www.welovecycling.com\/sk\/2021\/10\/25\/5-europskych-cyklistickych-vyziev-pre-rok-2022-na-ktore-sa-musite-zacat-pripravovat\/\" \/>\n<meta property=\"og:site_name\" content=\"\u0160koda We Love Cycling Slovensko\" \/>\n<meta property=\"article:published_time\" content=\"2021-10-25T08:00:04+00:00\" \/>\n<meta property=\"og:image\" content=\"https:\/\/d2p6e6u75xmxt8.cloudfront.net\/4\/2021\/10\/Mont-Ventoux-profimedia-0620239650-CVR.webp\" \/>\n\t<meta property=\"og:image:width\" content=\"1366\" \/>\n\t<meta property=\"og:image:height\" content=\"600\" \/>\n\t<meta property=\"og:image:type\" content=\"image\/webp\" \/>\n<meta name=\"twitter:card\" content=\"summary_large_image\" \/>\n<meta name=\"twitter:label1\" content=\"Written by\" \/>\n\t<meta name=\"twitter:data1\" content=\"Martin Atanasov\" \/>\n\t<meta name=\"twitter:label2\" content=\"Est. reading time\" \/>\n\t<meta name=\"twitter:data2\" content=\"7\" \/>\n<script type=\"application\/ld+json\" class=\"yoast-schema-graph\">{\"@context\":\"https:\/\/schema.org\",\"@graph\":[{\"@type\":\"WebPage\",\"@id\":\"https:\/\/www.welovecycling.com\/sk\/2021\/10\/25\/5-europskych-cyklistickych-vyziev-pre-rok-2022-na-ktore-sa-musite-zacat-pripravovat\/\",\"url\":\"https:\/\/www.welovecycling.com\/sk\/2021\/10\/25\/5-europskych-cyklistickych-vyziev-pre-rok-2022-na-ktore-sa-musite-zacat-pripravovat\/\",\"name\":\"5 eur\u00f3pskych cyklistick\u00fdch v\u00fdziev pre rok 2022, na ktor\u00e9 sa mus\u00edte za\u010da\u0165 pripravova\u0165\",\"isPartOf\":{\"@id\":\"https:\/\/www.welovecycling.com\/sk\/#website\"},\"primaryImageOfPage\":{\"@id\":\"https:\/\/www.welovecycling.com\/sk\/2021\/10\/25\/5-europskych-cyklistickych-vyziev-pre-rok-2022-na-ktore-sa-musite-zacat-pripravovat\/#primaryimage\"},\"image\":{\"@id\":\"https:\/\/www.welovecycling.com\/sk\/2021\/10\/25\/5-europskych-cyklistickych-vyziev-pre-rok-2022-na-ktore-sa-musite-zacat-pripravovat\/#primaryimage\"},\"thumbnailUrl\":\"https:\/\/d2p6e6u75xmxt8.cloudfront.net\/4\/2021\/10\/Mont-Ventoux-profimedia-0620239650-CVR.webp\",\"datePublished\":\"2021-10-25T08:00:04+00:00\",\"author\":{\"@id\":\"\"},\"description\":\"To s\u00fa tie dlh\u00e9 v\u00fdjazdy a v\u00fdzvy, ktor\u00e9 preveria va\u0161e fyzick\u00e9 a du\u0161evn\u00e9 schopnosti. Niektor\u00e9 trvaj\u00fa len de\u0148 ale s\u00fa aj tak\u00e9, ktor\u00e9 m\u00f4\u017eu trva\u0165 dlh\u0161ie.\",\"breadcrumb\":{\"@id\":\"https:\/\/www.welovecycling.com\/sk\/2021\/10\/25\/5-europskych-cyklistickych-vyziev-pre-rok-2022-na-ktore-sa-musite-zacat-pripravovat\/#breadcrumb\"},\"inLanguage\":\"sk-SK\",\"potentialAction\":[{\"@type\":\"ReadAction\",\"target\":[\"https:\/\/www.welovecycling.com\/sk\/2021\/10\/25\/5-europskych-cyklistickych-vyziev-pre-rok-2022-na-ktore-sa-musite-zacat-pripravovat\/\"]}]},{\"@type\":\"ImageObject\",\"inLanguage\":\"sk-SK\",\"@id\":\"https:\/\/www.welovecycling.com\/sk\/2021\/10\/25\/5-europskych-cyklistickych-vyziev-pre-rok-2022-na-ktore-sa-musite-zacat-pripravovat\/#primaryimage\",\"url\":\"https:\/\/d2p6e6u75xmxt8.cloudfront.net\/4\/2021\/10\/Mont-Ventoux-profimedia-0620239650-CVR.webp\",\"contentUrl\":\"https:\/\/d2p6e6u75xmxt8.cloudfront.net\/4\/2021\/10\/Mont-Ventoux-profimedia-0620239650-CVR.webp\",\"width\":1366,\"height\":600,\"caption\":\"Mont Ventoux\"},{\"@type\":\"BreadcrumbList\",\"@id\":\"https:\/\/www.welovecycling.com\/sk\/2021\/10\/25\/5-europskych-cyklistickych-vyziev-pre-rok-2022-na-ktore-sa-musite-zacat-pripravovat\/#breadcrumb\",\"itemListElement\":[{\"@type\":\"ListItem\",\"position\":1,\"name\":\"Home\",\"item\":\"https:\/\/www.welovecycling.com\/sk\/\"},{\"@type\":\"ListItem\",\"position\":2,\"name\":\"5 eur\u00f3pskych cyklistick\u00fdch v\u00fdziev pre rok 2022, na ktor\u00e9 sa mus\u00edte za\u010da\u0165 pripravova\u0165\"}]},{\"@type\":\"WebSite\",\"@id\":\"https:\/\/www.welovecycling.com\/sk\/#website\",\"url\":\"https:\/\/www.welovecycling.com\/sk\/\",\"name\":\"\u0160koda We Love Cycling Slovensko\",\"description\":\"\u0160koda We Love Cycling Slovensko je v\u00e1\u0161 ka\u017edodenn\u00fd zdroj noviniek a in\u0161pir\u00e1cie z sveta cyklistiky\",\"potentialAction\":[{\"@type\":\"SearchAction\",\"target\":{\"@type\":\"EntryPoint\",\"urlTemplate\":\"https:\/\/www.welovecycling.com\/sk\/?s={search_term_string}\"},\"query-input\":{\"@type\":\"PropertyValueSpecification\",\"valueRequired\":true,\"valueName\":\"search_term_string\"}}],\"inLanguage\":\"sk-SK\"},{\"@type\":\"Person\",\"@id\":\"\",\"url\":\"https:\/\/www.welovecycling.com\/sk\/author\/\"}]}<\/script>\n<!-- \/ Yoast SEO Premium plugin. -->","yoast_head_json":{"title":"5 eur\u00f3pskych cyklistick\u00fdch v\u00fdziev pre rok 2022, na ktor\u00e9 sa mus\u00edte za\u010da\u0165 pripravova\u0165","description":"To s\u00fa tie dlh\u00e9 v\u00fdjazdy a v\u00fdzvy, ktor\u00e9 preveria va\u0161e fyzick\u00e9 a du\u0161evn\u00e9 schopnosti. Niektor\u00e9 trvaj\u00fa len de\u0148 ale s\u00fa aj tak\u00e9, ktor\u00e9 m\u00f4\u017eu trva\u0165 dlh\u0161ie.","robots":{"index":"index","follow":"follow","max-snippet":"max-snippet:-1","max-image-preview":"max-image-preview:large","max-video-preview":"max-video-preview:-1"},"canonical":"https:\/\/www.welovecycling.com\/sk\/2021\/10\/25\/5-europskych-cyklistickych-vyziev-pre-rok-2022-na-ktore-sa-musite-zacat-pripravovat\/","og_locale":"sk_SK","og_type":"article","og_title":"5 eur\u00f3pskych cyklistick\u00fdch v\u00fdziev pre rok 2022, na ktor\u00e9 sa mus\u00edte za\u010da\u0165 pripravova\u0165","og_description":"To s\u00fa tie dlh\u00e9 v\u00fdjazdy a v\u00fdzvy, ktor\u00e9 preveria va\u0161e fyzick\u00e9 a du\u0161evn\u00e9 schopnosti. Niektor\u00e9 trvaj\u00fa len de\u0148 ale s\u00fa aj tak\u00e9, ktor\u00e9 m\u00f4\u017eu trva\u0165 dlh\u0161ie.","og_url":"https:\/\/www.welovecycling.com\/sk\/2021\/10\/25\/5-europskych-cyklistickych-vyziev-pre-rok-2022-na-ktore-sa-musite-zacat-pripravovat\/","og_site_name":"\u0160koda We Love Cycling Slovensko","article_published_time":"2021-10-25T08:00:04+00:00","og_image":[{"width":1366,"height":600,"url":"https:\/\/d2p6e6u75xmxt8.cloudfront.net\/4\/2021\/10\/Mont-Ventoux-profimedia-0620239650-CVR.webp","type":"image\/webp"}],"twitter_card":"summary_large_image","twitter_misc":{"Written by":"Martin Atanasov","Est. reading time":"7"},"schema":{"@context":"https:\/\/schema.org","@graph":[{"@type":"WebPage","@id":"https:\/\/www.welovecycling.com\/sk\/2021\/10\/25\/5-europskych-cyklistickych-vyziev-pre-rok-2022-na-ktore-sa-musite-zacat-pripravovat\/","url":"https:\/\/www.welovecycling.com\/sk\/2021\/10\/25\/5-europskych-cyklistickych-vyziev-pre-rok-2022-na-ktore-sa-musite-zacat-pripravovat\/","name":"5 eur\u00f3pskych cyklistick\u00fdch v\u00fdziev pre rok 2022, na ktor\u00e9 sa mus\u00edte za\u010da\u0165 pripravova\u0165","isPartOf":{"@id":"https:\/\/www.welovecycling.com\/sk\/#website"},"primaryImageOfPage":{"@id":"https:\/\/www.welovecycling.com\/sk\/2021\/10\/25\/5-europskych-cyklistickych-vyziev-pre-rok-2022-na-ktore-sa-musite-zacat-pripravovat\/#primaryimage"},"image":{"@id":"https:\/\/www.welovecycling.com\/sk\/2021\/10\/25\/5-europskych-cyklistickych-vyziev-pre-rok-2022-na-ktore-sa-musite-zacat-pripravovat\/#primaryimage"},"thumbnailUrl":"https:\/\/d2p6e6u75xmxt8.cloudfront.net\/4\/2021\/10\/Mont-Ventoux-profimedia-0620239650-CVR.webp","datePublished":"2021-10-25T08:00:04+00:00","author":{"@id":""},"description":"To s\u00fa tie dlh\u00e9 v\u00fdjazdy a v\u00fdzvy, ktor\u00e9 preveria va\u0161e fyzick\u00e9 a du\u0161evn\u00e9 schopnosti. Niektor\u00e9 trvaj\u00fa len de\u0148 ale s\u00fa aj tak\u00e9, ktor\u00e9 m\u00f4\u017eu trva\u0165 dlh\u0161ie.","breadcrumb":{"@id":"https:\/\/www.welovecycling.com\/sk\/2021\/10\/25\/5-europskych-cyklistickych-vyziev-pre-rok-2022-na-ktore-sa-musite-zacat-pripravovat\/#breadcrumb"},"inLanguage":"sk-SK","potentialAction":[{"@type":"ReadAction","target":["https:\/\/www.welovecycling.com\/sk\/2021\/10\/25\/5-europskych-cyklistickych-vyziev-pre-rok-2022-na-ktore-sa-musite-zacat-pripravovat\/"]}]},{"@type":"ImageObject","inLanguage":"sk-SK","@id":"https:\/\/www.welovecycling.com\/sk\/2021\/10\/25\/5-europskych-cyklistickych-vyziev-pre-rok-2022-na-ktore-sa-musite-zacat-pripravovat\/#primaryimage","url":"https:\/\/d2p6e6u75xmxt8.cloudfront.net\/4\/2021\/10\/Mont-Ventoux-profimedia-0620239650-CVR.webp","contentUrl":"https:\/\/d2p6e6u75xmxt8.cloudfront.net\/4\/2021\/10\/Mont-Ventoux-profimedia-0620239650-CVR.webp","width":1366,"height":600,"caption":"Mont Ventoux"},{"@type":"BreadcrumbList","@id":"https:\/\/www.welovecycling.com\/sk\/2021\/10\/25\/5-europskych-cyklistickych-vyziev-pre-rok-2022-na-ktore-sa-musite-zacat-pripravovat\/#breadcrumb","itemListElement":[{"@type":"ListItem","position":1,"name":"Home","item":"https:\/\/www.welovecycling.com\/sk\/"},{"@type":"ListItem","position":2,"name":"5 eur\u00f3pskych cyklistick\u00fdch v\u00fdziev pre rok 2022, na ktor\u00e9 sa mus\u00edte za\u010da\u0165 pripravova\u0165"}]},{"@type":"WebSite","@id":"https:\/\/www.welovecycling.com\/sk\/#website","url":"https:\/\/www.welovecycling.com\/sk\/","name":"\u0160koda We Love Cycling Slovensko","description":"\u0160koda We Love Cycling Slovensko je v\u00e1\u0161 ka\u017edodenn\u00fd zdroj noviniek a in\u0161pir\u00e1cie z sveta cyklistiky","potentialAction":[{"@type":"SearchAction","target":{"@type":"EntryPoint","urlTemplate":"https:\/\/www.welovecycling.com\/sk\/?s={search_term_string}"},"query-input":{"@type":"PropertyValueSpecification","valueRequired":true,"valueName":"search_term_string"}}],"inLanguage":"sk-SK"},{"@type":"Person","@id":"","url":"https:\/\/www.welovecycling.com\/sk\/author\/"}]}},"_links":{"self":[{"href":"https:\/\/www.welovecycling.com\/sk\/wp-json\/wp\/v2\/posts\/13223","targetHints":{"allow":["GET"]}}],"collection":[{"href":"https:\/\/www.welovecycling.com\/sk\/wp-json\/wp\/v2\/posts"}],"about":[{"href":"https:\/\/www.welovecycling.com\/sk\/wp-json\/wp\/v2\/types\/post"}],"author":[{"embeddable":true,"href":"https:\/\/www.welovecycling.com\/sk\/wp-json\/wp\/v2\/users\/81"}],"replies":[{"embeddable":true,"href":"https:\/\/www.welovecycling.com\/sk\/wp-json\/wp\/v2\/comments?post=13223"}],"version-history":[{"count":2,"href":"https:\/\/www.welovecycling.com\/sk\/wp-json\/wp\/v2\/posts\/13223\/revisions"}],"predecessor-version":[{"id":13237,"href":"https:\/\/www.welovecycling.com\/sk\/wp-json\/wp\/v2\/posts\/13223\/revisions\/13237"}],"wp:featuredmedia":[{"embeddable":true,"href":"https:\/\/www.welovecycling.com\/sk\/wp-json\/wp\/v2\/media\/13229"}],"wp:attachment":[{"href":"https:\/\/www.welovecycling.com\/sk\/wp-json\/wp\/v2\/media?parent=13223"}],"wp:term":[{"taxonomy":"category","embeddable":true,"href":"https:\/\/www.welovecycling.com\/sk\/wp-json\/wp\/v2\/categories?post=13223"},{"taxonomy":"post_tag","embeddable":true,"href":"https:\/\/www.welovecycling.com\/sk\/wp-json\/wp\/v2\/tags?post=13223"},{"taxonomy":"global-categories","embeddable":true,"href":"https:\/\/www.welovecycling.com\/sk\/wp-json\/wp\/v2\/global-categories?post=13223"}],"curies":[{"name":"wp","href":"https:\/\/api.w.org\/{rel}","templated":true}]}}