{"id":13132,"date":"2021-10-09T10:00:35","date_gmt":"2021-10-09T08:00:35","guid":{"rendered":"https:\/\/www.welovecycling.com\/sk\/?p=13132"},"modified":"2021-10-20T11:36:21","modified_gmt":"2021-10-20T09:36:21","slug":"rozhovor-cyklisticka-nadej-martin-svrcek-som-rad-ze-ma-prirovnavaju-k-saganovi-ale-chcem-zostat-sam-sebou","status":"publish","type":"post","link":"https:\/\/www.welovecycling.com\/sk\/2021\/10\/09\/rozhovor-cyklisticka-nadej-martin-svrcek-som-rad-ze-ma-prirovnavaju-k-saganovi-ale-chcem-zostat-sam-sebou\/","title":{"rendered":"Rozhovor: Cyklistick\u00e1 n\u00e1dej Martin Svr\u010dek \u2013 som r\u00e1d, \u017ee ma prirovn\u00e1vaj\u00fa k Saganovi, ale chcem zosta\u0165 s\u00e1m sebou"},"content":{"rendered":"<p><strong>Vekom e\u0161te st\u00e1le junior, 18-ro\u010dn\u00fd Martin Svr\u010dek, za\u017eil tento rok prelomov\u00fa sez\u00f3nu. Na svojom konte m\u00e1 p\u00e4tn\u00e1s\u0165 v\u00ed\u0165azstiev, \u0161tvrt\u00e9 miesto z majstrovstiev sveta \u010di prestup do najlep\u0161ieho t\u00edmu WorldTour Deceunincku \u2013 Quick-Step. Rod\u00e1k z malej obce Neslu\u0161a pri \u017diline svoj ve\u013ek\u00fd potenci\u00e1l do bud\u00facna uk\u00e1zal aj na ned\u00e1vnom juniorskom Paris-Roubaix, kde fini\u0161oval \u0161iesty.<\/strong><!--more--><\/p>\n<p><em>\u201eBol to neskuto\u010dn\u00fd z\u00e1\u017eitok \u0161tartova\u0165 na tak\u00fdch pretekoch ako je Paris-Roubaix. Mali sme aj \u0161peci\u00e1lne dresy s n\u00e1pisom \u201eMerci Roubaix\u201c, \u010do bolo smerovan\u00e9 Talianovi, ktor\u00fd tieto preteky dvakr\u00e1t vyhral. Dokonca sa mi p\u00e1\u010dilo aj to, \u017ee pr\u0161alo.\u201c<\/em><\/p>\n<p><strong>Aktu\u00e1lny juniorsk\u00fd majster Slovenska v \u010dasovke aj v pretekoch s hromadn\u00fdm \u0161tartom nemal na trati \u017eiadne technick\u00e9 probl\u00e9my. Pre lep\u0161\u00ed v\u00fdsledok bol rozdielov\u00fd naj\u0165a\u017e\u0161\u00ed sektor Carrefour, kde mu ved\u00faca skupina u\u0161la.<\/strong><br \/>\n<em>\u201ePrv\u00fdkr\u00e1t mi odi\u0161li u\u017e na \u0161tvrtom sektore pred cie\u013eom, to som ich v\u0161ak e\u0161te dok\u00e1zal stiahnu\u0165. Na Carrefour ale nast\u00fapil majster sveta Per Strand Hagenes a ja u\u017e som nemal silu odpoveda\u0165. Tie kocky a v\u0161etko, bol som rozbit\u00fd.\u201c<\/em><\/p>\n<p><a href=\"https:\/\/d2p6e6u75xmxt8.cloudfront.net\/4\/2021\/10\/Martin_Svrcek_01.jpg\"><img loading=\"lazy\" decoding=\"async\" class=\"alignnone size-full wp-image-13135\" src=\"https:\/\/d2p6e6u75xmxt8.cloudfront.net\/4\/2021\/10\/Martin_Svrcek_01.jpg\" alt=\"\" width=\"1200\" height=\"800\" \/><\/a><\/p>\n<p><strong>Po pretekoch nemal probl\u00e9m udr\u017ea\u0165 ly\u017ei\u010dku v ruke.<\/strong><br \/>\n<em>\u201eJa som mal probl\u00e9m hlavne s o\u010dami. Najhor\u0161ie bolo to blato. Ke\u010f som i\u0161iel spa\u0165, hrozne ma \u0161t\u00edpali. S jedlom som bol v pohode, ani som sa netriasol. Ja nem\u00e1m probl\u00e9m jes\u0165, sk\u00f4r m\u00e1m probl\u00e9m nejes\u0165,\u201c<\/em> poznamenal Svr\u010dek s \u00fasmevom.<\/p>\n<div class=\"shortcode-ys-post-pinup\"><article class=\"loop-simple post-8374 post type-post status-publish format-standard has-post-thumbnail hentry category-zabava tag-cesta tag-cestna-cyklistika tag-cestny-bicykel tag-jazdec tag-jazdenie tag-kariera tag-majster-slovenska tag-majstrovstva tag-majstrovstva-slovenska tag-pretekar tag-preteky tag-profesional tag-rodina tag-rozhovor tag-trening tag-zabava tag-zdravie global-categories-cycling\" data-postid=\"8374\" role=\"article\" data-post-id=\"8374\" data-word-count=\"561\" data-headline-length=\"81\" data-category=\"Z\u00e1bava\" data-global-category=\"Cycling\" data-author=\"Tom\u00e1\u0161 Cepka\" data-published=\"2019-10-07T11:17:27+02:00\" data-published-day=\"Monday\">\n    <div class=\"entry-thumbnail article-thumbnail\" content=\"https:\/\/d2p6e6u75xmxt8.cloudfront.net\/4\/2019\/10\/titulka-150x150.webp\"><a href=\"https:\/\/www.welovecycling.com\/sk\/2019\/10\/07\/rozhovor-laco-sidlo-rodina-cyklistika-a-praca-fungujuca-rovnovaha\/\" class=\"image-holder\" target=\"_self\"><img decoding=\"async\" loading=\"lazy\" class=\"\" src=\"https:\/\/d2p6e6u75xmxt8.cloudfront.net\/4\/2019\/10\/titulka-1024x445.webp\" srcset=\"https:\/\/d2p6e6u75xmxt8.cloudfront.net\/4\/2019\/10\/titulka.webp 1380w, https:\/\/d2p6e6u75xmxt8.cloudfront.net\/4\/2019\/10\/titulka-300x130.webp 300w, https:\/\/d2p6e6u75xmxt8.cloudfront.net\/4\/2019\/10\/titulka-1024x445.webp 1024w, https:\/\/d2p6e6u75xmxt8.cloudfront.net\/4\/2019\/10\/titulka-768x334.webp 768w\" width=\"1024\" height=\"445\" sizes=\"auto, (min-width: 1200px) 460px, (min-width: 768px) 38vw, 100vw\" alt=\"rozhovor-laco-sidlo-rodina-cyklistika-a-praca-fungujuca-rovnovaha\"\/><\/a><\/div>    <div class=\"entry-meta\">\n        <a class=\"label label-secondary post-category\" href=\"https:\/\/www.welovecycling.com\/sk\/category\/zabava\/\" title=\"Z\u00e1bava\">Z\u00e1bava<\/a>\n    <\/div>\n    <div class=\"entry-details\">\n        <a href=\"https:\/\/www.welovecycling.com\/sk\/2019\/10\/07\/rozhovor-laco-sidlo-rodina-cyklistika-a-praca-fungujuca-rovnovaha\/\" class='entry-title-wrapper'>\n            <h3 class=\"entry-title\"><span>Rozhovor: Laco \u0160idlo &#8211; rodina, cyklistika a pr\u00e1ca = funguj\u00faca rovnov\u00e1ha<\/span><\/h3>\n        <\/a>\n    <\/div>\n    <\/article>\n<\/div>\n<p><strong>Po podpise zmluvy s WorldTour t\u00edmom Deceuninck \u2013 Quick-Step sa odchovanec Akad\u00e9mie Petra Sagana stane profesion\u00e1lom. Za \u201evl\u010diu svorku\u201c bude jazdi\u0165 od j\u00fala 2022. Dovtedy bude s\u00fa\u010das\u0165ou t\u00edmu Biesse Carrera Continental v kateg\u00f3rii do 23 rokov. Prechodu do kateg\u00f3rie elite sa v\u0161ak neboj\u00ed.<\/strong><br \/>\n<em>\u201eD\u013a\u017eka pretekov a tr\u00e9ningov sa v\u00fdrazne zmen\u00ed, ale tento rok som dobre potr\u00e9noval, najazdil som ve\u013ea kilometrov. Ver\u00edm preto, \u017ee to zvl\u00e1dnem.\u201c<\/em><\/p>\n<p><a href=\"https:\/\/d2p6e6u75xmxt8.cloudfront.net\/4\/2021\/10\/Martin_Svrcek_02.jpg\"><img loading=\"lazy\" decoding=\"async\" class=\"alignnone size-full wp-image-13136\" src=\"https:\/\/d2p6e6u75xmxt8.cloudfront.net\/4\/2021\/10\/Martin_Svrcek_02.jpg\" alt=\"\" width=\"1200\" height=\"800\" \/><\/a><\/p>\n<p><strong>Na za\u010diatku sez\u00f3ny e\u0161te neveril, \u017ee sa mu tak\u00fdto prestup podar\u00ed.<\/strong><br \/>\n<em>\u201eBol som \u0161\u0165astn\u00fd, v\u00f4bec som to ne\u010dakal. Ke\u010f mi m\u00f4j mana\u017e\u00e9r povedal, \u017ee chc\u00fa, aby som i\u0161iel na testy, nev\u00e1hal som ani min\u00fatu. Potom, ke\u010f mi volali, \u017ee o m\u0148a maj\u00fa z\u00e1ujem, bol som r\u00e1d. No re\u00e1lne som tomu uveril a\u017e vtedy, ke\u010f prestup zverejnili na svojom Instagrame a podp\u00edsal som zmluvu. Vtedy to bolo neskuto\u010dn\u00e9. Ani neviem na koho z t\u00edmu sa te\u0161\u00edm najviac, ale kto by nechcel spozna\u0165 Alaphilippa?\u201c<\/em><\/p>\n<p><strong>V t\u00edme, ktor\u00fd m\u00e1 u\u017e nieko\u013eko sez\u00f3n po sebe najviac etapov\u00fdch v\u00ed\u0165azstiev, bude ma\u0165 o motiv\u00e1ciu postaran\u00e9.<\/strong><br \/>\n<em>\u201eNa za\u010diatku budem ur\u010dite chcie\u0165 t\u00edmu pom\u00e1ha\u0165 najviac, ako to len p\u00f4jde. Potom uvid\u00edme, \u010di sa uk\u00e1\u017eem alebo neuk\u00e1\u017eem. Ke\u010f\u017ee som bol v\u00e4\u010d\u0161inou l\u00eddrom ja, teraz sa te\u0161\u00edm, \u017ee budem \u0165aha\u0165.\u201c<\/em><\/p>\n<div id='gallery-1' class='gallery galleryid-8374 gallery-columns-2 gallery-size-full'><figure class='gallery-item'>\n\t\t\t<div class='gallery-icon landscape'>\n\t\t\t\t<a href='https:\/\/d2p6e6u75xmxt8.cloudfront.net\/4\/2021\/10\/Martin_Svrcek_03.webp'><img loading=\"lazy\" decoding=\"async\" width=\"1200\" height=\"800\" src=\"https:\/\/d2p6e6u75xmxt8.cloudfront.net\/4\/2021\/10\/Martin_Svrcek_03.webp\" class=\"attachment-full size-full\" alt=\"\" srcset=\"https:\/\/d2p6e6u75xmxt8.cloudfront.net\/4\/2021\/10\/Martin_Svrcek_03.webp 1200w, https:\/\/d2p6e6u75xmxt8.cloudfront.net\/4\/2021\/10\/Martin_Svrcek_03-300x200.webp 300w, https:\/\/d2p6e6u75xmxt8.cloudfront.net\/4\/2021\/10\/Martin_Svrcek_03-1024x683.webp 1024w, https:\/\/d2p6e6u75xmxt8.cloudfront.net\/4\/2021\/10\/Martin_Svrcek_03-768x512.webp 768w, https:\/\/d2p6e6u75xmxt8.cloudfront.net\/4\/2021\/10\/Martin_Svrcek_03-272x182.webp 272w\" sizes=\"auto, (max-width: 1200px) 100vw, 1200px\" \/><\/a>\n\t\t\t<\/div><\/figure><figure class='gallery-item'>\n\t\t\t<div class='gallery-icon landscape'>\n\t\t\t\t<a href='https:\/\/d2p6e6u75xmxt8.cloudfront.net\/4\/2021\/10\/Martin_Svrcek_04.webp'><img loading=\"lazy\" decoding=\"async\" width=\"1200\" height=\"800\" src=\"https:\/\/d2p6e6u75xmxt8.cloudfront.net\/4\/2021\/10\/Martin_Svrcek_04.webp\" class=\"attachment-full size-full\" alt=\"\" srcset=\"https:\/\/d2p6e6u75xmxt8.cloudfront.net\/4\/2021\/10\/Martin_Svrcek_04.webp 1200w, https:\/\/d2p6e6u75xmxt8.cloudfront.net\/4\/2021\/10\/Martin_Svrcek_04-300x200.webp 300w, https:\/\/d2p6e6u75xmxt8.cloudfront.net\/4\/2021\/10\/Martin_Svrcek_04-1024x683.webp 1024w, https:\/\/d2p6e6u75xmxt8.cloudfront.net\/4\/2021\/10\/Martin_Svrcek_04-768x512.webp 768w, https:\/\/d2p6e6u75xmxt8.cloudfront.net\/4\/2021\/10\/Martin_Svrcek_04-272x182.webp 272w\" sizes=\"auto, (max-width: 1200px) 100vw, 1200px\" \/><\/a>\n\t\t\t<\/div><\/figure>\n\t\t<\/div>\n\n<p><strong>Na bud\u00faci rok by chcel zabojova\u0165 aj o \u0161tart na na\u0161ich najv\u00e4\u010d\u0161\u00edch etapov\u00fdch pretekoch Okolo Slovenska. Pred prestupom do Deceunincku bude doh\u00e1\u0148a\u0165 neresti zo svojho b\u00fdval\u00e9ho talianskeho t\u00edmu Franco Ballerini aj po jazykovej str\u00e1nke.<\/strong><br \/>\n<em>\u201ePo anglicky viem dobre, no talian\u010dina \u0161kr\u00edpe. Teraz som tam bol rok a ni\u010d moc som sa nenau\u010dil. V Deceunincku hovoria v\u0161etci po taliansky, tak\u017ee m\u00e1m motiv\u00e1ciu sa ju nau\u010di\u0165. Ka\u017ed\u00fd tvrd\u00ed, \u017ee to je pekn\u00fd a \u013eahk\u00fd jazyk. Ja som tam bol rok a neviem ni\u010d, iba nad\u00e1vky,\u201c<\/em> skon\u0161tatoval s humorom.<\/p>\n<p><strong>A \u010do hovor\u00ed na to, \u017ee ho pasuj\u00fa za n\u00e1stupcu trojn\u00e1sobn\u00e9ho majstra sveta Petra Sagana?<\/strong><br \/>\n<em>\u201eJasn\u00e9, \u017ee som \u0161\u0165astn\u00fd, \u017ee sa tak o mne hovor\u00ed, ale mysl\u00edm si, \u017ee ka\u017ed\u00fd sme v\u00fdnimo\u010dn\u00fd nie\u010d\u00edm in\u00fdm. Aj ke\u010f mus\u00edm uzna\u0165, \u017ee propor\u010dne a aj v\u00fdbu\u0161nos\u0165ou sme si podobn\u00ed. Hlavn\u00e9 ale je, aby som zostal s\u00e1m sebou.\u201c<\/em><\/p>\n<p>Zdroj fotografi\u00ed: s\u00fakromn\u00fd arch\u00edv Martina Svr\u010deka<\/p>\n","protected":false},"excerpt":{"rendered":"<p>Vekom e\u0161te st\u00e1le junior, 18-ro\u010dn\u00fd Martin Svr\u010dek, za\u017eil tento rok prelomov\u00fa sez\u00f3nu. Na svojom konte m\u00e1 p\u00e4tn\u00e1s\u0165 v\u00ed\u0165azstiev, \u0161tvrt\u00e9 miesto [&hellip;]<\/p>\n","protected":false},"author":81,"featured_media":13134,"comment_status":"open","ping_status":"open","sticky":false,"template":"","format":"standard","meta":{"footnotes":""},"categories":[4],"tags":[115,898,1398,885,501,753],"global-categories":[1074],"class_list":["post-13132","post","type-post","status-publish","format-standard","has-post-thumbnail","hentry","category-cestna-cyklisitika","tag-cestna-cyklistika","tag-deceuninck-quick-step","tag-martin-svrcek","tag-profesional","tag-rozhovor","tag-talent","global-categories-cycling"],"yoast_head":"<!-- This site is optimized with the Yoast SEO Premium plugin v25.3 (Yoast SEO v25.9) - https:\/\/yoast.com\/wordpress\/plugins\/seo\/ -->\n<title>Rozhovor: Cyklistick\u00e1 n\u00e1dej Martin Svr\u010dek \u2013 som r\u00e1d, \u017ee ma prirovn\u00e1vaj\u00fa k Saganovi, ale chcem zosta\u0165 s\u00e1m sebou - \u0160koda We Love Cycling Slovensko<\/title>\n<meta name=\"description\" content=\"Vekom e\u0161te st\u00e1le junior, 18-ro\u010dn\u00fd Martin Svr\u010dek, za\u017eil tento rok prelomov\u00fa sez\u00f3nu. Na svojom konte m\u00e1 p\u00e4tn\u00e1s\u0165 v\u00ed\u0165azstiev.\" \/>\n<meta name=\"robots\" content=\"index, follow, max-snippet:-1, max-image-preview:large, max-video-preview:-1\" \/>\n<link rel=\"canonical\" href=\"https:\/\/www.welovecycling.com\/sk\/2021\/10\/09\/rozhovor-cyklisticka-nadej-martin-svrcek-som-rad-ze-ma-prirovnavaju-k-saganovi-ale-chcem-zostat-sam-sebou\/\" \/>\n<meta property=\"og:locale\" content=\"sk_SK\" \/>\n<meta property=\"og:type\" content=\"article\" \/>\n<meta property=\"og:title\" content=\"Rozhovor: Cyklistick\u00e1 n\u00e1dej Martin Svr\u010dek \u2013 som r\u00e1d, \u017ee ma prirovn\u00e1vaj\u00fa k Saganovi, ale chcem zosta\u0165 s\u00e1m sebou\" \/>\n<meta property=\"og:description\" content=\"Vekom e\u0161te st\u00e1le junior, 18-ro\u010dn\u00fd Martin Svr\u010dek, za\u017eil tento rok prelomov\u00fa sez\u00f3nu. Na svojom konte m\u00e1 p\u00e4tn\u00e1s\u0165 v\u00ed\u0165azstiev.\" \/>\n<meta property=\"og:url\" content=\"https:\/\/www.welovecycling.com\/sk\/2021\/10\/09\/rozhovor-cyklisticka-nadej-martin-svrcek-som-rad-ze-ma-prirovnavaju-k-saganovi-ale-chcem-zostat-sam-sebou\/\" \/>\n<meta property=\"og:site_name\" content=\"\u0160koda We Love Cycling Slovensko\" \/>\n<meta property=\"article:published_time\" content=\"2021-10-09T08:00:35+00:00\" \/>\n<meta property=\"article:modified_time\" content=\"2021-10-20T09:36:21+00:00\" \/>\n<meta property=\"og:image\" content=\"https:\/\/d2p6e6u75xmxt8.cloudfront.net\/4\/2021\/10\/Martin_Svrcek_00.webp\" \/>\n\t<meta property=\"og:image:width\" content=\"1380\" \/>\n\t<meta property=\"og:image:height\" content=\"600\" \/>\n\t<meta property=\"og:image:type\" content=\"image\/webp\" \/>\n<meta name=\"twitter:card\" content=\"summary_large_image\" \/>\n<meta name=\"twitter:label1\" content=\"Written by\" \/>\n\t<meta name=\"twitter:data1\" content=\"Tom\u00e1\u0161 Cepka\" \/>\n\t<meta name=\"twitter:label2\" content=\"Est. reading time\" \/>\n\t<meta name=\"twitter:data2\" content=\"5\" \/>\n<script type=\"application\/ld+json\" class=\"yoast-schema-graph\">{\"@context\":\"https:\/\/schema.org\",\"@graph\":[{\"@type\":\"WebPage\",\"@id\":\"https:\/\/www.welovecycling.com\/sk\/2021\/10\/09\/rozhovor-cyklisticka-nadej-martin-svrcek-som-rad-ze-ma-prirovnavaju-k-saganovi-ale-chcem-zostat-sam-sebou\/\",\"url\":\"https:\/\/www.welovecycling.com\/sk\/2021\/10\/09\/rozhovor-cyklisticka-nadej-martin-svrcek-som-rad-ze-ma-prirovnavaju-k-saganovi-ale-chcem-zostat-sam-sebou\/\",\"name\":\"Rozhovor: Cyklistick\u00e1 n\u00e1dej Martin Svr\u010dek \u2013 som r\u00e1d, \u017ee ma prirovn\u00e1vaj\u00fa k Saganovi, ale chcem zosta\u0165 s\u00e1m sebou - \u0160koda We Love Cycling Slovensko\",\"isPartOf\":{\"@id\":\"https:\/\/www.welovecycling.com\/sk\/#website\"},\"primaryImageOfPage\":{\"@id\":\"https:\/\/www.welovecycling.com\/sk\/2021\/10\/09\/rozhovor-cyklisticka-nadej-martin-svrcek-som-rad-ze-ma-prirovnavaju-k-saganovi-ale-chcem-zostat-sam-sebou\/#primaryimage\"},\"image\":{\"@id\":\"https:\/\/www.welovecycling.com\/sk\/2021\/10\/09\/rozhovor-cyklisticka-nadej-martin-svrcek-som-rad-ze-ma-prirovnavaju-k-saganovi-ale-chcem-zostat-sam-sebou\/#primaryimage\"},\"thumbnailUrl\":\"https:\/\/d2p6e6u75xmxt8.cloudfront.net\/4\/2021\/10\/Martin_Svrcek_00.webp\",\"datePublished\":\"2021-10-09T08:00:35+00:00\",\"dateModified\":\"2021-10-20T09:36:21+00:00\",\"author\":{\"@id\":\"\"},\"description\":\"Vekom e\u0161te st\u00e1le junior, 18-ro\u010dn\u00fd Martin Svr\u010dek, za\u017eil tento rok prelomov\u00fa sez\u00f3nu. Na svojom konte m\u00e1 p\u00e4tn\u00e1s\u0165 v\u00ed\u0165azstiev.\",\"breadcrumb\":{\"@id\":\"https:\/\/www.welovecycling.com\/sk\/2021\/10\/09\/rozhovor-cyklisticka-nadej-martin-svrcek-som-rad-ze-ma-prirovnavaju-k-saganovi-ale-chcem-zostat-sam-sebou\/#breadcrumb\"},\"inLanguage\":\"sk-SK\",\"potentialAction\":[{\"@type\":\"ReadAction\",\"target\":[\"https:\/\/www.welovecycling.com\/sk\/2021\/10\/09\/rozhovor-cyklisticka-nadej-martin-svrcek-som-rad-ze-ma-prirovnavaju-k-saganovi-ale-chcem-zostat-sam-sebou\/\"]}]},{\"@type\":\"ImageObject\",\"inLanguage\":\"sk-SK\",\"@id\":\"https:\/\/www.welovecycling.com\/sk\/2021\/10\/09\/rozhovor-cyklisticka-nadej-martin-svrcek-som-rad-ze-ma-prirovnavaju-k-saganovi-ale-chcem-zostat-sam-sebou\/#primaryimage\",\"url\":\"https:\/\/d2p6e6u75xmxt8.cloudfront.net\/4\/2021\/10\/Martin_Svrcek_00.webp\",\"contentUrl\":\"https:\/\/d2p6e6u75xmxt8.cloudfront.net\/4\/2021\/10\/Martin_Svrcek_00.webp\",\"width\":1380,\"height\":600},{\"@type\":\"BreadcrumbList\",\"@id\":\"https:\/\/www.welovecycling.com\/sk\/2021\/10\/09\/rozhovor-cyklisticka-nadej-martin-svrcek-som-rad-ze-ma-prirovnavaju-k-saganovi-ale-chcem-zostat-sam-sebou\/#breadcrumb\",\"itemListElement\":[{\"@type\":\"ListItem\",\"position\":1,\"name\":\"Home\",\"item\":\"https:\/\/www.welovecycling.com\/sk\/\"},{\"@type\":\"ListItem\",\"position\":2,\"name\":\"Rozhovor: Cyklistick\u00e1 n\u00e1dej Martin Svr\u010dek \u2013 som r\u00e1d, \u017ee ma prirovn\u00e1vaj\u00fa k Saganovi, ale chcem zosta\u0165 s\u00e1m sebou\"}]},{\"@type\":\"WebSite\",\"@id\":\"https:\/\/www.welovecycling.com\/sk\/#website\",\"url\":\"https:\/\/www.welovecycling.com\/sk\/\",\"name\":\"\u0160koda We Love Cycling Slovensko\",\"description\":\"\u0160koda We Love Cycling Slovensko je v\u00e1\u0161 ka\u017edodenn\u00fd zdroj noviniek a in\u0161pir\u00e1cie z sveta cyklistiky\",\"potentialAction\":[{\"@type\":\"SearchAction\",\"target\":{\"@type\":\"EntryPoint\",\"urlTemplate\":\"https:\/\/www.welovecycling.com\/sk\/?s={search_term_string}\"},\"query-input\":{\"@type\":\"PropertyValueSpecification\",\"valueRequired\":true,\"valueName\":\"search_term_string\"}}],\"inLanguage\":\"sk-SK\"},{\"@type\":\"Person\",\"@id\":\"\",\"url\":\"https:\/\/www.welovecycling.com\/sk\/author\/\"}]}<\/script>\n<!-- \/ Yoast SEO Premium plugin. -->","yoast_head_json":{"title":"Rozhovor: Cyklistick\u00e1 n\u00e1dej Martin Svr\u010dek \u2013 som r\u00e1d, \u017ee ma prirovn\u00e1vaj\u00fa k Saganovi, ale chcem zosta\u0165 s\u00e1m sebou - \u0160koda We Love Cycling Slovensko","description":"Vekom e\u0161te st\u00e1le junior, 18-ro\u010dn\u00fd Martin Svr\u010dek, za\u017eil tento rok prelomov\u00fa sez\u00f3nu. Na svojom konte m\u00e1 p\u00e4tn\u00e1s\u0165 v\u00ed\u0165azstiev.","robots":{"index":"index","follow":"follow","max-snippet":"max-snippet:-1","max-image-preview":"max-image-preview:large","max-video-preview":"max-video-preview:-1"},"canonical":"https:\/\/www.welovecycling.com\/sk\/2021\/10\/09\/rozhovor-cyklisticka-nadej-martin-svrcek-som-rad-ze-ma-prirovnavaju-k-saganovi-ale-chcem-zostat-sam-sebou\/","og_locale":"sk_SK","og_type":"article","og_title":"Rozhovor: Cyklistick\u00e1 n\u00e1dej Martin Svr\u010dek \u2013 som r\u00e1d, \u017ee ma prirovn\u00e1vaj\u00fa k Saganovi, ale chcem zosta\u0165 s\u00e1m sebou","og_description":"Vekom e\u0161te st\u00e1le junior, 18-ro\u010dn\u00fd Martin Svr\u010dek, za\u017eil tento rok prelomov\u00fa sez\u00f3nu. Na svojom konte m\u00e1 p\u00e4tn\u00e1s\u0165 v\u00ed\u0165azstiev.","og_url":"https:\/\/www.welovecycling.com\/sk\/2021\/10\/09\/rozhovor-cyklisticka-nadej-martin-svrcek-som-rad-ze-ma-prirovnavaju-k-saganovi-ale-chcem-zostat-sam-sebou\/","og_site_name":"\u0160koda We Love Cycling Slovensko","article_published_time":"2021-10-09T08:00:35+00:00","article_modified_time":"2021-10-20T09:36:21+00:00","og_image":[{"width":1380,"height":600,"url":"https:\/\/d2p6e6u75xmxt8.cloudfront.net\/4\/2021\/10\/Martin_Svrcek_00.webp","type":"image\/webp"}],"twitter_card":"summary_large_image","twitter_misc":{"Written by":"Tom\u00e1\u0161 Cepka","Est. reading time":"5"},"schema":{"@context":"https:\/\/schema.org","@graph":[{"@type":"WebPage","@id":"https:\/\/www.welovecycling.com\/sk\/2021\/10\/09\/rozhovor-cyklisticka-nadej-martin-svrcek-som-rad-ze-ma-prirovnavaju-k-saganovi-ale-chcem-zostat-sam-sebou\/","url":"https:\/\/www.welovecycling.com\/sk\/2021\/10\/09\/rozhovor-cyklisticka-nadej-martin-svrcek-som-rad-ze-ma-prirovnavaju-k-saganovi-ale-chcem-zostat-sam-sebou\/","name":"Rozhovor: Cyklistick\u00e1 n\u00e1dej Martin Svr\u010dek \u2013 som r\u00e1d, \u017ee ma prirovn\u00e1vaj\u00fa k Saganovi, ale chcem zosta\u0165 s\u00e1m sebou - \u0160koda We Love Cycling Slovensko","isPartOf":{"@id":"https:\/\/www.welovecycling.com\/sk\/#website"},"primaryImageOfPage":{"@id":"https:\/\/www.welovecycling.com\/sk\/2021\/10\/09\/rozhovor-cyklisticka-nadej-martin-svrcek-som-rad-ze-ma-prirovnavaju-k-saganovi-ale-chcem-zostat-sam-sebou\/#primaryimage"},"image":{"@id":"https:\/\/www.welovecycling.com\/sk\/2021\/10\/09\/rozhovor-cyklisticka-nadej-martin-svrcek-som-rad-ze-ma-prirovnavaju-k-saganovi-ale-chcem-zostat-sam-sebou\/#primaryimage"},"thumbnailUrl":"https:\/\/d2p6e6u75xmxt8.cloudfront.net\/4\/2021\/10\/Martin_Svrcek_00.webp","datePublished":"2021-10-09T08:00:35+00:00","dateModified":"2021-10-20T09:36:21+00:00","author":{"@id":""},"description":"Vekom e\u0161te st\u00e1le junior, 18-ro\u010dn\u00fd Martin Svr\u010dek, za\u017eil tento rok prelomov\u00fa sez\u00f3nu. Na svojom konte m\u00e1 p\u00e4tn\u00e1s\u0165 v\u00ed\u0165azstiev.","breadcrumb":{"@id":"https:\/\/www.welovecycling.com\/sk\/2021\/10\/09\/rozhovor-cyklisticka-nadej-martin-svrcek-som-rad-ze-ma-prirovnavaju-k-saganovi-ale-chcem-zostat-sam-sebou\/#breadcrumb"},"inLanguage":"sk-SK","potentialAction":[{"@type":"ReadAction","target":["https:\/\/www.welovecycling.com\/sk\/2021\/10\/09\/rozhovor-cyklisticka-nadej-martin-svrcek-som-rad-ze-ma-prirovnavaju-k-saganovi-ale-chcem-zostat-sam-sebou\/"]}]},{"@type":"ImageObject","inLanguage":"sk-SK","@id":"https:\/\/www.welovecycling.com\/sk\/2021\/10\/09\/rozhovor-cyklisticka-nadej-martin-svrcek-som-rad-ze-ma-prirovnavaju-k-saganovi-ale-chcem-zostat-sam-sebou\/#primaryimage","url":"https:\/\/d2p6e6u75xmxt8.cloudfront.net\/4\/2021\/10\/Martin_Svrcek_00.webp","contentUrl":"https:\/\/d2p6e6u75xmxt8.cloudfront.net\/4\/2021\/10\/Martin_Svrcek_00.webp","width":1380,"height":600},{"@type":"BreadcrumbList","@id":"https:\/\/www.welovecycling.com\/sk\/2021\/10\/09\/rozhovor-cyklisticka-nadej-martin-svrcek-som-rad-ze-ma-prirovnavaju-k-saganovi-ale-chcem-zostat-sam-sebou\/#breadcrumb","itemListElement":[{"@type":"ListItem","position":1,"name":"Home","item":"https:\/\/www.welovecycling.com\/sk\/"},{"@type":"ListItem","position":2,"name":"Rozhovor: Cyklistick\u00e1 n\u00e1dej Martin Svr\u010dek \u2013 som r\u00e1d, \u017ee ma prirovn\u00e1vaj\u00fa k Saganovi, ale chcem zosta\u0165 s\u00e1m sebou"}]},{"@type":"WebSite","@id":"https:\/\/www.welovecycling.com\/sk\/#website","url":"https:\/\/www.welovecycling.com\/sk\/","name":"\u0160koda We Love Cycling Slovensko","description":"\u0160koda We Love Cycling Slovensko je v\u00e1\u0161 ka\u017edodenn\u00fd zdroj noviniek a in\u0161pir\u00e1cie z sveta cyklistiky","potentialAction":[{"@type":"SearchAction","target":{"@type":"EntryPoint","urlTemplate":"https:\/\/www.welovecycling.com\/sk\/?s={search_term_string}"},"query-input":{"@type":"PropertyValueSpecification","valueRequired":true,"valueName":"search_term_string"}}],"inLanguage":"sk-SK"},{"@type":"Person","@id":"","url":"https:\/\/www.welovecycling.com\/sk\/author\/"}]}},"_links":{"self":[{"href":"https:\/\/www.welovecycling.com\/sk\/wp-json\/wp\/v2\/posts\/13132","targetHints":{"allow":["GET"]}}],"collection":[{"href":"https:\/\/www.welovecycling.com\/sk\/wp-json\/wp\/v2\/posts"}],"about":[{"href":"https:\/\/www.welovecycling.com\/sk\/wp-json\/wp\/v2\/types\/post"}],"author":[{"embeddable":true,"href":"https:\/\/www.welovecycling.com\/sk\/wp-json\/wp\/v2\/users\/81"}],"replies":[{"embeddable":true,"href":"https:\/\/www.welovecycling.com\/sk\/wp-json\/wp\/v2\/comments?post=13132"}],"version-history":[{"count":2,"href":"https:\/\/www.welovecycling.com\/sk\/wp-json\/wp\/v2\/posts\/13132\/revisions"}],"predecessor-version":[{"id":13173,"href":"https:\/\/www.welovecycling.com\/sk\/wp-json\/wp\/v2\/posts\/13132\/revisions\/13173"}],"wp:featuredmedia":[{"embeddable":true,"href":"https:\/\/www.welovecycling.com\/sk\/wp-json\/wp\/v2\/media\/13134"}],"wp:attachment":[{"href":"https:\/\/www.welovecycling.com\/sk\/wp-json\/wp\/v2\/media?parent=13132"}],"wp:term":[{"taxonomy":"category","embeddable":true,"href":"https:\/\/www.welovecycling.com\/sk\/wp-json\/wp\/v2\/categories?post=13132"},{"taxonomy":"post_tag","embeddable":true,"href":"https:\/\/www.welovecycling.com\/sk\/wp-json\/wp\/v2\/tags?post=13132"},{"taxonomy":"global-categories","embeddable":true,"href":"https:\/\/www.welovecycling.com\/sk\/wp-json\/wp\/v2\/global-categories?post=13132"}],"curies":[{"name":"wp","href":"https:\/\/api.w.org\/{rel}","templated":true}]}}