{"id":13065,"date":"2021-10-04T14:00:56","date_gmt":"2021-10-04T12:00:56","guid":{"rendered":"https:\/\/www.welovecycling.com\/sk\/?p=13065"},"modified":"2021-10-04T13:33:26","modified_gmt":"2021-10-04T11:33:26","slug":"krasa-pozorovania-vtakov-na-bicykli","status":"publish","type":"post","link":"https:\/\/www.welovecycling.com\/sk\/2021\/10\/04\/krasa-pozorovania-vtakov-na-bicykli\/","title":{"rendered":"Kr\u00e1sa pozorovania vt\u00e1kov na bicykli"},"content":{"rendered":"<p><strong>Aj ke\u010f cyklisti a pozorovatelia vt\u00e1kov sa zdaj\u00fa by\u0165 dve ve\u013emi odli\u0161n\u00e9 osobnosti, nech u\u017e sa sp\u00e1jate s ktorouko\u013evek, kombin\u00e1cia t\u00fdchto dvoch aktiv\u00edt m\u00f4\u017ee prinies\u0165 nie\u010do nov\u00e9 pre obe strany. Pozorova\u0165 vt\u00e1ky zo sedla bicykla v\u00e1m m\u00f4\u017ee prinies\u0165 nekone\u010dn\u00e9 hodiny z\u00e1bavy, \u010di u\u017e s\u00f3lo alebo v skupine.<\/strong><\/p>\n<p><!--more--><\/p>\n<p>Mo\u017eno ste cyklista, ktor\u00fd si u\u017e nevie a\u017e tak u\u017ei\u0165 jazdu svojej ob\u013e\u00fabenej trasy, alebo ste pr\u00e1ve ten pozorovate\u013e vt\u00e1kov, ktor\u00fd by si r\u00e1d roz\u0161\u00edril svoj nekone\u010dn\u00fd zoznam o nov\u00e9 druhy.<\/p>\n<div id='gallery-1' class='gallery galleryid-13065 gallery-columns-2 gallery-size-large'><figure class='gallery-item'>\n\t\t\t<div class='gallery-icon landscape'>\n\t\t\t\t<a href='https:\/\/d2p6e6u75xmxt8.cloudfront.net\/4\/2021\/10\/chaffinch.webp'><img loading=\"lazy\" decoding=\"async\" width=\"1024\" height=\"683\" src=\"https:\/\/d2p6e6u75xmxt8.cloudfront.net\/4\/2021\/10\/chaffinch-1024x683.webp\" class=\"attachment-large size-large\" alt=\"A Chaffinch\" aria-describedby=\"gallery-1-13063\" srcset=\"https:\/\/d2p6e6u75xmxt8.cloudfront.net\/4\/2021\/10\/chaffinch-1024x683.webp 1024w, https:\/\/d2p6e6u75xmxt8.cloudfront.net\/4\/2021\/10\/chaffinch-300x200.webp 300w, https:\/\/d2p6e6u75xmxt8.cloudfront.net\/4\/2021\/10\/chaffinch-768x512.webp 768w, https:\/\/d2p6e6u75xmxt8.cloudfront.net\/4\/2021\/10\/chaffinch-1536x1025.webp 1536w, https:\/\/d2p6e6u75xmxt8.cloudfront.net\/4\/2021\/10\/chaffinch-1920x1281.webp 1920w, https:\/\/d2p6e6u75xmxt8.cloudfront.net\/4\/2021\/10\/chaffinch-272x182.webp 272w, https:\/\/d2p6e6u75xmxt8.cloudfront.net\/4\/2021\/10\/chaffinch.webp 2048w, https:\/\/d2p6e6u75xmxt8.cloudfront.net\/4\/2021\/10\/chaffinch-1920x1281.webp 1920w\" sizes=\"auto, (max-width: 1024px) 100vw, 1024px\" \/><\/a>\n\t\t\t<\/div>\n\t\t\t\t<figcaption class='wp-caption-text gallery-caption' id='gallery-1-13063'>\n\t\t\t\tChaffinch\n\t\t\t\t<\/figcaption><\/figure><figure class='gallery-item'>\n\t\t\t<div class='gallery-icon landscape'>\n\t\t\t\t<a href='https:\/\/d2p6e6u75xmxt8.cloudfront.net\/4\/2021\/10\/puffin.webp'><img loading=\"lazy\" decoding=\"async\" width=\"1024\" height=\"683\" src=\"https:\/\/d2p6e6u75xmxt8.cloudfront.net\/4\/2021\/10\/puffin-1024x683.webp\" class=\"attachment-large size-large\" alt=\"A puffin\" aria-describedby=\"gallery-1-13064\" srcset=\"https:\/\/d2p6e6u75xmxt8.cloudfront.net\/4\/2021\/10\/puffin-1024x683.webp 1024w, https:\/\/d2p6e6u75xmxt8.cloudfront.net\/4\/2021\/10\/puffin-300x200.webp 300w, https:\/\/d2p6e6u75xmxt8.cloudfront.net\/4\/2021\/10\/puffin-768x512.webp 768w, https:\/\/d2p6e6u75xmxt8.cloudfront.net\/4\/2021\/10\/puffin-272x182.webp 272w, https:\/\/d2p6e6u75xmxt8.cloudfront.net\/4\/2021\/10\/puffin.webp 1080w\" sizes=\"auto, (max-width: 1024px) 100vw, 1024px\" \/><\/a>\n\t\t\t<\/div>\n\t\t\t\t<figcaption class='wp-caption-text gallery-caption' id='gallery-1-13064'>\n\t\t\t\tPuffin\n\t\t\t\t<\/figcaption><\/figure>\n\t\t<\/div>\n\n<h2><strong>Ako si napl\u00e1nova\u0165 pozorovanie vt\u00e1kov na bicykli<\/strong><\/h2>\n<p>Mo\u017eno \u017eijete pr\u00e1ve na mieste, kde vt\u00e1ctvo \u017eij\u00face vo vo\u013enej pr\u00edrode je pestr\u00e9 a bicykel je sp\u00f4sob, ak\u00fdm sa prepravujete tento svet spozn\u00e1va\u0165. V takomto pr\u00edpade by nemal vo va\u0161om vrecku ch\u00fdba\u0165 mal\u00fd vreckov\u00fd sprievodca o vt\u00e1koch. Takto m\u00f4\u017eete r\u00fdchlo identifikova\u0165 a zap\u00edsa\u0165 druhy, ktor\u00e9 v\u00e1s zaujali po\u010das va\u0161ej jazdy. V n\u00e1rodn\u00fdch rezerv\u00e1ci\u00e1ch a parkoch je ve\u013ea skryt\u00fdch miest, kde m\u00f4\u017eete str\u00e1vi\u0165 ve\u013ea \u010dasu a pozorova\u0165 k\u0155dle r\u00f4znych druhov t\u00fdchto operen\u00fdch kr\u00e1savcov. Na ve\u013ea miestach m\u00f4\u017eete n\u00e1js\u0165 aj pr\u00edjemn\u00fd coffee spot, kde si m\u00f4\u017eete vychutna\u0165 v\u00fdborn\u00fa k\u00e1vu. Ak sa chcete lok\u00e1lne in\u0161pirova\u0165, organiz\u00e1cia Wildlife Trust v Spojenom kr\u00e1\u013eovstve, d\u00e1va do popredia aj rezerv\u00e1cie, kde m\u00f4\u017eete pozorova\u0165 hlavne divok\u00e9 drav\u00e9 vt\u00e1ctvo.<\/p>\n<p>Pod\u013ea toho, kam sa vyberiete, ur\u010d\u00ed, ak\u00fd bicykel budete potrebova\u0165. Ak sa zameriate na lok\u00e1lne cesty alebo vidiecke chodn\u00ed\u010dky ur\u010dite efekt\u00edvne vyu\u017eijete v\u00e1\u0161 cestn\u00fd bicykel. Tak\u00e1to cesta v\u00e1s m\u00f4\u017ee dovies\u0165 k druhom vt\u00e1kov \u017eij\u00facich v tr\u00e1vnat\u00fdch porastoch, poliach alebo z\u00e1hrad\u00e1ch v pr\u00edmestsk\u00fdch \u010dastiach miest. Cross alebo gravel bicykel v\u00e1m m\u00f4\u017ee umo\u017eni\u0165 spozna\u0165 miesta, ktor\u00e9 s\u00fa menej nav\u0161tevovan\u00e9 a vidie\u0165 vt\u00e1ctvo, ktor\u00e9 preferuje tich\u0161ie miesta. Hrub\u0161ie pneumatiky v\u00e1s m\u00f4\u017eu zavies\u0165 na pl\u00e1\u017e, kde \u017eij\u00fa brodiv\u00e9 a morsk\u00e9 vt\u00e1ky, alebo sa m\u00f4\u017eete vybra\u0165 po horsk\u00fdch cesti\u010dk\u00e1ch za drav\u00fdmi vt\u00e1kmi. Neexistuje \u017eiadna preferovan\u00e1 alebo spr\u00e1vna cesta k pozorovaniu vt\u00e1kov na bicykli, tak\u017ee ak\u00fdko\u013evek bicykel si zvol\u00edte na n\u00e1v\u0161tevu va\u0161ej lokality, bude to ur\u010dite pekn\u00fd z\u00e1\u017eitok.<\/p>\n<figure id=\"attachment_13066\" aria-describedby=\"caption-attachment-13066\" style=\"width: 1250px\" class=\"wp-caption alignnone\"><a href=\"https:\/\/d2p6e6u75xmxt8.cloudfront.net\/4\/2021\/10\/Bird-watching-profimedia-0120823677.jpg\"><img loading=\"lazy\" decoding=\"async\" class=\"size-full wp-image-13066\" src=\"https:\/\/d2p6e6u75xmxt8.cloudfront.net\/4\/2021\/10\/Bird-watching-profimedia-0120823677.jpg\" alt=\"Birdwatching\" width=\"1250\" height=\"833\" \/><\/a><figcaption id=\"caption-attachment-13066\" class=\"wp-caption-text\">Budete potrebova\u0165 dobr\u00fd \u010falekoh\u013ead. \u00a9Profimedia<\/figcaption><\/figure>\n<p>Na pozorovanie vt\u00e1kov na bicykli toho nepotrebujete ve\u013ea. No dobr\u00fd \u010falekoh\u013ead m\u00f4\u017ee drasticky zv\u00fd\u0161i\u0165 va\u0161e \u0161ance identifikova\u0165 r\u00f4zne druhy, ale hlavne v\u00e1m m\u00f4\u017ee pom\u00f4c\u0165 lep\u0161ie vidie\u0165 druhy, ktor\u00e9 s\u00fa ve\u013emi \u010faleko. Na trhu je ve\u013ea druhov \u010falekoh\u013eadov. V\u0161etko z\u00e1vis\u00ed len na va\u0161ich preferenci\u00e1ch a potreb\u00e1ch. \u013dahk\u00fd \u010falekoh\u013ead, kde si m\u00f4\u017eete objekt pribl\u00ed\u017ei\u0165 aspo\u0148 8x, by mal by\u0165 na tak\u00fdto \u00fa\u010del viac ne\u017e dosta\u010duj\u00faci.<\/p>\n<h2><strong>Zaznamen\u00e1vanie va\u0161ej pozorovacej jazdy<\/strong><\/h2>\n<p>Niektor\u00ed \u013eudia si veci radi zaznamen\u00e1vaj\u00fa a in\u00ed zase nie. Jednoducho tu nie je spr\u00e1vna alebo nespr\u00e1vna cesta. Ak spad\u00e1te do tej kateg\u00f3rie \u013eud\u00ed, ktor\u00ed maj\u00fa radi svoje \u0161tatistiky z bikovania, ma\u0165 akt\u00edvny Strava \u00fa\u010det bude ma\u0165 isto svoje v\u00fdhody. Je to miesto, kde m\u00e1te zaznamenan\u00e9 svoje person\u00e1lne v\u00fdkony. No a tak\u00fdto zvyk sa \u013eahko d\u00e1 vyu\u017ei\u0165 aj pri pozorovan\u00ed vt\u00e1kov. Podobne ako v cyklistike, aj tu je nespo\u010detne ve\u013ea ciest, ako si zapisova\u0165 va\u0161e pozorovania a objavy.<\/p>\n<p>Mal\u00fd z\u00e1pisn\u00ed\u010dek je t\u00e1 najbe\u017enej\u0161ia forma na pozn\u00e1mky z pozorovania vt\u00e1kov. Klasick\u00e9 zapisovanie a kreslenie do \u017eurn\u00e1lu je pre ve\u013ea b\u00e1date\u013eov a pozorovate\u013eov ve\u013ek\u00fd p\u00f4\u017eitok. Namiesto toho, aby ste vt\u00e1ky identifikovali hne\u010f na mieste, pekne si ich takto zakresl\u00edte. Identifikujete u\u017eito\u010dn\u00e9 \u010drty, ako napr\u00edklad ve\u013ekos\u0165, tvar, farbu, miesto, zvuk, ak\u00fdm je dan\u00fd druh charakteristick\u00fd. A s tak\u00fdmto n\u00e1kresom a pozn\u00e1mkami m\u00f4\u017eete \u00eds\u0165 v k\u013eude domov, kde na identifikovanie v\u00e1\u0161ho pozorovania m\u00e1te ve\u013ea \u010dasu.<\/p>\n<p><a href=\"https:\/\/d2p6e6u75xmxt8.cloudfront.net\/4\/2021\/10\/Bird-watch-diary.jpg\"><img loading=\"lazy\" decoding=\"async\" class=\"wp-image-13067 size-full\" src=\"https:\/\/d2p6e6u75xmxt8.cloudfront.net\/4\/2021\/10\/Bird-watch-diary.jpg\" alt=\"Notebook\" width=\"1022\" height=\"575\" \/><\/a><\/p>\n<p>Ak ste zvyknut\u00ed so sebou nosi\u0165 na bicykli viac vec\u00ed a radi fotografujete, potom pr\u00e1ve fotky v\u00e1m u\u013eah\u010dia proces spozn\u00e1vania r\u00f4znych druhov (tie\u017e si prid\u00e1te do v\u00e1\u0161ho hobby aj nie\u010do nov\u00e9, a to fotografiu). Ve\u013ek\u00e1 pomoc v dne\u0161nom digit\u00e1lnom svete s\u00fa aj mobiln\u00e9 aplik\u00e1cie, ktor\u00e9 umo\u017e\u0148uj\u00fa pozorovate\u013eom \u013eah\u0161ie identifikova\u0165 dan\u00fd druh. Tam si m\u00f4\u017eete vt\u00e1\u010dika bu\u010f odfoti\u0165, alebo nato\u010di\u0165 a aplik\u00e1cia to hne\u010f vyhodnot\u00ed. Tie\u017e si m\u00f4\u017eete stiahnu\u0165 aplik\u00e1ciu, v\u010faka ktorej si m\u00f4\u017eete spev vt\u00e1kov nahra\u0165 a identifikova\u0165 ich zase touto cestou. Jednou z tak\u00fdchto aplik\u00e1cii je BirdNET od Cornellovho laborat\u00f3ria ornitol\u00f3gie.<\/p>\n<p>Cyklistika sa \u010dasto pou\u017e\u00edva ako sp\u00f4sob, ako z\u00edska\u0165 trochu priestoru a u\u017ei\u0165 si svet okolo seba. Pozorovan\u00edm vt\u00e1kov ju m\u00f4\u017eete obohati\u0165 t\u00fdm, \u017ee pr\u00eddete na in\u00e9 my\u0161lienky a pon\u00fakne v\u00e1m to mo\u017enos\u0165 naladi\u0165 sa na pr\u00edrodu. M\u00f4\u017ee to by\u0165 z\u00e1bavn\u00fd sp\u00f4sob, ako objavova\u0165 svet a vidie\u0165 star\u00e9 trasy nov\u00fdmi o\u010dami.<\/p>\n<h2><strong>Bezpe\u010dnos\u0165<\/strong><strong>\u00a0<\/strong><\/h2>\n<p>Bez poch\u00fdb m\u00f4\u017eeme poveda\u0165, \u017ee bicyklovanie po\u010das pozorovania vt\u00e1kov nemus\u00ed by\u0165 a\u017e tak\u00e9 bezpe\u010dn\u00e9. V\u017edy je lep\u0161ie n\u00e1js\u0165 si miesta, kde sa daj\u00fa vt\u00e1ky pozorova\u0165 v dobrej vzdialenosti bez toho, aby ste museli by\u0165 st\u00e1le v sedle. D\u00f4le\u017eit\u00e9 tie\u017e je ma\u0165 v\u017edy so sebou n\u00e1radie na opravu defektu, v pr\u00edpade, \u017ee by sa v\u00e1m nie\u010do tak\u00e9 po\u010das jazdy prihodilo. Najd\u00f4le\u017eitej\u0161ie ale je, aby ste si v\u00e1\u0161 \u010das na bicykli aj v pr\u00edrode u\u017eili. Zba\u013ete si zo sebou nie\u010do dobr\u00e9 na pitie, nie\u010do pod zub a u\u017e\u00edvajte si v tichosti svet okolo v\u00e1s.<\/p>\n<figure id=\"attachment_13063\" aria-describedby=\"caption-attachment-13063\" style=\"width: 1920px\" class=\"wp-caption alignnone\"><a href=\"https:\/\/d2p6e6u75xmxt8.cloudfront.net\/2\/2021\/09\/chaffinch.jpg\"><img loading=\"lazy\" decoding=\"async\" class=\"size-extra-large wp-image-13063\" src=\"https:\/\/d2p6e6u75xmxt8.cloudfront.net\/4\/2021\/10\/chaffinch-1920x1281.jpg\" alt=\"A Chaffinch\" width=\"1920\" height=\"1281\" \/><\/a><figcaption id=\"caption-attachment-13063\" class=\"wp-caption-text\">Pinka<\/p>\n<p><\/p>\n<p><a href=\"https:\/\/d2p6e6u75xmxt8.cloudfront.net\/4\/2021\/10\/puffin.jpg\"><img loading=\"lazy\" decoding=\"async\" class=\"size-full wp-image-13064\" src=\"https:\/\/d2p6e6u75xmxt8.cloudfront.net\/4\/2021\/10\/puffin.jpg\" alt=\"A puffin\" width=\"1080\" height=\"720\" \/><\/a> Alka<\/figcaption><\/figure>\n","protected":false},"excerpt":{"rendered":"<p>Aj ke\u010f cyklisti a pozorovatelia vt\u00e1kov sa zdaj\u00fa by\u0165 dve ve\u013emi odli\u0161n\u00e9 osobnosti, nech u\u017e sa sp\u00e1jate s ktorouko\u013evek, kombin\u00e1cia [&hellip;]<\/p>\n","protected":false},"author":81,"featured_media":13069,"comment_status":"open","ping_status":"open","sticky":false,"template":"","format":"standard","meta":{"footnotes":""},"categories":[118],"tags":[115,546,180,1393,183],"global-categories":[],"class_list":["post-13065","post","type-post","status-publish","format-standard","has-post-thumbnail","hentry","category-zabava","tag-cestna-cyklistika","tag-cyklistika","tag-horska-cyklistika","tag-pozorovanie-vtakov","tag-zabava"],"yoast_head":"<!-- This site is optimized with the Yoast SEO Premium plugin v25.3 (Yoast SEO v25.9) - https:\/\/yoast.com\/wordpress\/plugins\/seo\/ -->\n<title>Kr\u00e1sa pozorovania vt\u00e1kov na bicykli - \u0160koda We Love Cycling Slovensko<\/title>\n<meta name=\"description\" content=\"Aj ke\u010f cyklisti a pozorovatelia vt\u00e1kov sa zdaj\u00fa by\u0165 dve ve\u013emi odli\u0161n\u00e9 osobnosti, ich kombin\u00e1cia m\u00f4\u017ee prinies\u0165 nie\u010do nov\u00e9 pre obe strany.\" \/>\n<meta name=\"robots\" content=\"index, follow, max-snippet:-1, max-image-preview:large, max-video-preview:-1\" \/>\n<link rel=\"canonical\" href=\"https:\/\/www.welovecycling.com\/sk\/2021\/10\/04\/krasa-pozorovania-vtakov-na-bicykli\/\" \/>\n<meta property=\"og:locale\" content=\"sk_SK\" \/>\n<meta property=\"og:type\" content=\"article\" \/>\n<meta property=\"og:title\" content=\"Kr\u00e1sa pozorovania vt\u00e1kov na bicykli\" \/>\n<meta property=\"og:description\" content=\"Aj ke\u010f cyklisti a pozorovatelia vt\u00e1kov sa zdaj\u00fa by\u0165 dve ve\u013emi odli\u0161n\u00e9 osobnosti, ich kombin\u00e1cia m\u00f4\u017ee prinies\u0165 nie\u010do nov\u00e9 pre obe strany.\" \/>\n<meta property=\"og:url\" content=\"https:\/\/www.welovecycling.com\/sk\/2021\/10\/04\/krasa-pozorovania-vtakov-na-bicykli\/\" \/>\n<meta property=\"og:site_name\" content=\"\u0160koda We Love Cycling Slovensko\" \/>\n<meta property=\"article:published_time\" content=\"2021-10-04T12:00:56+00:00\" \/>\n<meta property=\"og:image\" content=\"https:\/\/d2p6e6u75xmxt8.cloudfront.net\/4\/2021\/10\/Bird-watching-profimedia-0400379590-CVR.webp\" \/>\n\t<meta property=\"og:image:width\" content=\"1366\" \/>\n\t<meta property=\"og:image:height\" content=\"600\" \/>\n\t<meta property=\"og:image:type\" content=\"image\/webp\" \/>\n<meta name=\"twitter:card\" content=\"summary_large_image\" \/>\n<meta name=\"twitter:label1\" content=\"Written by\" \/>\n\t<meta name=\"twitter:data1\" content=\"Charlotte Murray\" \/>\n\t<meta name=\"twitter:label2\" content=\"Est. reading time\" \/>\n\t<meta name=\"twitter:data2\" content=\"6\" \/>\n<script type=\"application\/ld+json\" class=\"yoast-schema-graph\">{\"@context\":\"https:\/\/schema.org\",\"@graph\":[{\"@type\":\"WebPage\",\"@id\":\"https:\/\/www.welovecycling.com\/sk\/2021\/10\/04\/krasa-pozorovania-vtakov-na-bicykli\/\",\"url\":\"https:\/\/www.welovecycling.com\/sk\/2021\/10\/04\/krasa-pozorovania-vtakov-na-bicykli\/\",\"name\":\"Kr\u00e1sa pozorovania vt\u00e1kov na bicykli - \u0160koda We Love Cycling Slovensko\",\"isPartOf\":{\"@id\":\"https:\/\/www.welovecycling.com\/sk\/#website\"},\"primaryImageOfPage\":{\"@id\":\"https:\/\/www.welovecycling.com\/sk\/2021\/10\/04\/krasa-pozorovania-vtakov-na-bicykli\/#primaryimage\"},\"image\":{\"@id\":\"https:\/\/www.welovecycling.com\/sk\/2021\/10\/04\/krasa-pozorovania-vtakov-na-bicykli\/#primaryimage\"},\"thumbnailUrl\":\"https:\/\/d2p6e6u75xmxt8.cloudfront.net\/4\/2021\/10\/Bird-watching-profimedia-0400379590-CVR.webp\",\"datePublished\":\"2021-10-04T12:00:56+00:00\",\"author\":{\"@id\":\"\"},\"description\":\"Aj ke\u010f cyklisti a pozorovatelia vt\u00e1kov sa zdaj\u00fa by\u0165 dve ve\u013emi odli\u0161n\u00e9 osobnosti, ich kombin\u00e1cia m\u00f4\u017ee prinies\u0165 nie\u010do nov\u00e9 pre obe strany.\",\"breadcrumb\":{\"@id\":\"https:\/\/www.welovecycling.com\/sk\/2021\/10\/04\/krasa-pozorovania-vtakov-na-bicykli\/#breadcrumb\"},\"inLanguage\":\"sk-SK\",\"potentialAction\":[{\"@type\":\"ReadAction\",\"target\":[\"https:\/\/www.welovecycling.com\/sk\/2021\/10\/04\/krasa-pozorovania-vtakov-na-bicykli\/\"]}]},{\"@type\":\"ImageObject\",\"inLanguage\":\"sk-SK\",\"@id\":\"https:\/\/www.welovecycling.com\/sk\/2021\/10\/04\/krasa-pozorovania-vtakov-na-bicykli\/#primaryimage\",\"url\":\"https:\/\/d2p6e6u75xmxt8.cloudfront.net\/4\/2021\/10\/Bird-watching-profimedia-0400379590-CVR.webp\",\"contentUrl\":\"https:\/\/d2p6e6u75xmxt8.cloudfront.net\/4\/2021\/10\/Bird-watching-profimedia-0400379590-CVR.webp\",\"width\":1366,\"height\":600,\"caption\":\"Bird watching\"},{\"@type\":\"BreadcrumbList\",\"@id\":\"https:\/\/www.welovecycling.com\/sk\/2021\/10\/04\/krasa-pozorovania-vtakov-na-bicykli\/#breadcrumb\",\"itemListElement\":[{\"@type\":\"ListItem\",\"position\":1,\"name\":\"Home\",\"item\":\"https:\/\/www.welovecycling.com\/sk\/\"},{\"@type\":\"ListItem\",\"position\":2,\"name\":\"Kr\u00e1sa pozorovania vt\u00e1kov na bicykli\"}]},{\"@type\":\"WebSite\",\"@id\":\"https:\/\/www.welovecycling.com\/sk\/#website\",\"url\":\"https:\/\/www.welovecycling.com\/sk\/\",\"name\":\"\u0160koda We Love Cycling Slovensko\",\"description\":\"\u0160koda We Love Cycling Slovensko je v\u00e1\u0161 ka\u017edodenn\u00fd zdroj noviniek a in\u0161pir\u00e1cie z sveta cyklistiky\",\"potentialAction\":[{\"@type\":\"SearchAction\",\"target\":{\"@type\":\"EntryPoint\",\"urlTemplate\":\"https:\/\/www.welovecycling.com\/sk\/?s={search_term_string}\"},\"query-input\":{\"@type\":\"PropertyValueSpecification\",\"valueRequired\":true,\"valueName\":\"search_term_string\"}}],\"inLanguage\":\"sk-SK\"},{\"@type\":\"Person\",\"@id\":\"\",\"url\":\"https:\/\/www.welovecycling.com\/sk\/author\/\"}]}<\/script>\n<!-- \/ Yoast SEO Premium plugin. -->","yoast_head_json":{"title":"Kr\u00e1sa pozorovania vt\u00e1kov na bicykli - \u0160koda We Love Cycling Slovensko","description":"Aj ke\u010f cyklisti a pozorovatelia vt\u00e1kov sa zdaj\u00fa by\u0165 dve ve\u013emi odli\u0161n\u00e9 osobnosti, ich kombin\u00e1cia m\u00f4\u017ee prinies\u0165 nie\u010do nov\u00e9 pre obe strany.","robots":{"index":"index","follow":"follow","max-snippet":"max-snippet:-1","max-image-preview":"max-image-preview:large","max-video-preview":"max-video-preview:-1"},"canonical":"https:\/\/www.welovecycling.com\/sk\/2021\/10\/04\/krasa-pozorovania-vtakov-na-bicykli\/","og_locale":"sk_SK","og_type":"article","og_title":"Kr\u00e1sa pozorovania vt\u00e1kov na bicykli","og_description":"Aj ke\u010f cyklisti a pozorovatelia vt\u00e1kov sa zdaj\u00fa by\u0165 dve ve\u013emi odli\u0161n\u00e9 osobnosti, ich kombin\u00e1cia m\u00f4\u017ee prinies\u0165 nie\u010do nov\u00e9 pre obe strany.","og_url":"https:\/\/www.welovecycling.com\/sk\/2021\/10\/04\/krasa-pozorovania-vtakov-na-bicykli\/","og_site_name":"\u0160koda We Love Cycling Slovensko","article_published_time":"2021-10-04T12:00:56+00:00","og_image":[{"width":1366,"height":600,"url":"https:\/\/d2p6e6u75xmxt8.cloudfront.net\/4\/2021\/10\/Bird-watching-profimedia-0400379590-CVR.webp","type":"image\/webp"}],"twitter_card":"summary_large_image","twitter_misc":{"Written by":"Charlotte Murray","Est. reading time":"6"},"schema":{"@context":"https:\/\/schema.org","@graph":[{"@type":"WebPage","@id":"https:\/\/www.welovecycling.com\/sk\/2021\/10\/04\/krasa-pozorovania-vtakov-na-bicykli\/","url":"https:\/\/www.welovecycling.com\/sk\/2021\/10\/04\/krasa-pozorovania-vtakov-na-bicykli\/","name":"Kr\u00e1sa pozorovania vt\u00e1kov na bicykli - \u0160koda We Love Cycling Slovensko","isPartOf":{"@id":"https:\/\/www.welovecycling.com\/sk\/#website"},"primaryImageOfPage":{"@id":"https:\/\/www.welovecycling.com\/sk\/2021\/10\/04\/krasa-pozorovania-vtakov-na-bicykli\/#primaryimage"},"image":{"@id":"https:\/\/www.welovecycling.com\/sk\/2021\/10\/04\/krasa-pozorovania-vtakov-na-bicykli\/#primaryimage"},"thumbnailUrl":"https:\/\/d2p6e6u75xmxt8.cloudfront.net\/4\/2021\/10\/Bird-watching-profimedia-0400379590-CVR.webp","datePublished":"2021-10-04T12:00:56+00:00","author":{"@id":""},"description":"Aj ke\u010f cyklisti a pozorovatelia vt\u00e1kov sa zdaj\u00fa by\u0165 dve ve\u013emi odli\u0161n\u00e9 osobnosti, ich kombin\u00e1cia m\u00f4\u017ee prinies\u0165 nie\u010do nov\u00e9 pre obe strany.","breadcrumb":{"@id":"https:\/\/www.welovecycling.com\/sk\/2021\/10\/04\/krasa-pozorovania-vtakov-na-bicykli\/#breadcrumb"},"inLanguage":"sk-SK","potentialAction":[{"@type":"ReadAction","target":["https:\/\/www.welovecycling.com\/sk\/2021\/10\/04\/krasa-pozorovania-vtakov-na-bicykli\/"]}]},{"@type":"ImageObject","inLanguage":"sk-SK","@id":"https:\/\/www.welovecycling.com\/sk\/2021\/10\/04\/krasa-pozorovania-vtakov-na-bicykli\/#primaryimage","url":"https:\/\/d2p6e6u75xmxt8.cloudfront.net\/4\/2021\/10\/Bird-watching-profimedia-0400379590-CVR.webp","contentUrl":"https:\/\/d2p6e6u75xmxt8.cloudfront.net\/4\/2021\/10\/Bird-watching-profimedia-0400379590-CVR.webp","width":1366,"height":600,"caption":"Bird watching"},{"@type":"BreadcrumbList","@id":"https:\/\/www.welovecycling.com\/sk\/2021\/10\/04\/krasa-pozorovania-vtakov-na-bicykli\/#breadcrumb","itemListElement":[{"@type":"ListItem","position":1,"name":"Home","item":"https:\/\/www.welovecycling.com\/sk\/"},{"@type":"ListItem","position":2,"name":"Kr\u00e1sa pozorovania vt\u00e1kov na bicykli"}]},{"@type":"WebSite","@id":"https:\/\/www.welovecycling.com\/sk\/#website","url":"https:\/\/www.welovecycling.com\/sk\/","name":"\u0160koda We Love Cycling Slovensko","description":"\u0160koda We Love Cycling Slovensko je v\u00e1\u0161 ka\u017edodenn\u00fd zdroj noviniek a in\u0161pir\u00e1cie z sveta cyklistiky","potentialAction":[{"@type":"SearchAction","target":{"@type":"EntryPoint","urlTemplate":"https:\/\/www.welovecycling.com\/sk\/?s={search_term_string}"},"query-input":{"@type":"PropertyValueSpecification","valueRequired":true,"valueName":"search_term_string"}}],"inLanguage":"sk-SK"},{"@type":"Person","@id":"","url":"https:\/\/www.welovecycling.com\/sk\/author\/"}]}},"_links":{"self":[{"href":"https:\/\/www.welovecycling.com\/sk\/wp-json\/wp\/v2\/posts\/13065","targetHints":{"allow":["GET"]}}],"collection":[{"href":"https:\/\/www.welovecycling.com\/sk\/wp-json\/wp\/v2\/posts"}],"about":[{"href":"https:\/\/www.welovecycling.com\/sk\/wp-json\/wp\/v2\/types\/post"}],"author":[{"embeddable":true,"href":"https:\/\/www.welovecycling.com\/sk\/wp-json\/wp\/v2\/users\/81"}],"replies":[{"embeddable":true,"href":"https:\/\/www.welovecycling.com\/sk\/wp-json\/wp\/v2\/comments?post=13065"}],"version-history":[{"count":2,"href":"https:\/\/www.welovecycling.com\/sk\/wp-json\/wp\/v2\/posts\/13065\/revisions"}],"predecessor-version":[{"id":13077,"href":"https:\/\/www.welovecycling.com\/sk\/wp-json\/wp\/v2\/posts\/13065\/revisions\/13077"}],"wp:featuredmedia":[{"embeddable":true,"href":"https:\/\/www.welovecycling.com\/sk\/wp-json\/wp\/v2\/media\/13069"}],"wp:attachment":[{"href":"https:\/\/www.welovecycling.com\/sk\/wp-json\/wp\/v2\/media?parent=13065"}],"wp:term":[{"taxonomy":"category","embeddable":true,"href":"https:\/\/www.welovecycling.com\/sk\/wp-json\/wp\/v2\/categories?post=13065"},{"taxonomy":"post_tag","embeddable":true,"href":"https:\/\/www.welovecycling.com\/sk\/wp-json\/wp\/v2\/tags?post=13065"},{"taxonomy":"global-categories","embeddable":true,"href":"https:\/\/www.welovecycling.com\/sk\/wp-json\/wp\/v2\/global-categories?post=13065"}],"curies":[{"name":"wp","href":"https:\/\/api.w.org\/{rel}","templated":true}]}}