{"id":13019,"date":"2021-09-29T10:00:31","date_gmt":"2021-09-29T08:00:31","guid":{"rendered":"https:\/\/www.welovecycling.com\/sk\/?p=13019"},"modified":"2021-09-28T12:08:07","modified_gmt":"2021-09-28T10:08:07","slug":"paris-roubaix-tradicne-preteky-v-netradicnom-termine","status":"publish","type":"post","link":"https:\/\/www.welovecycling.com\/sk\/2021\/09\/29\/paris-roubaix-tradicne-preteky-v-netradicnom-termine\/","title":{"rendered":"Paris-Roubaix &#8211; tradi\u010dn\u00e9 preteky v netradi\u010dnom term\u00edne"},"content":{"rendered":"<p><strong>Paris\u2013Roubaix patr\u00ed medzi popul\u00e1rne tradi\u010dn\u00e9 jarn\u00e9 cyklistick\u00e9 klasiky. Jej hist\u00f3ria siaha a\u017e do roku 1896 a\u00a0v\u010faka n\u00e1ro\u010dnosti ter\u00e9nu z\u00edskala prez\u00fdvku aj \u201epeklo severu\u201c. <\/strong><!--more--><\/p>\n<p>Ve\u013ek\u00e9 mno\u017estvo \u00fasekov s\u00a0dla\u017eobn\u00fdmi kockami kladie vysok\u00e9 n\u00e1roky na technick\u00e9 vybavenie t\u00edmov aj jazdcov a\u00a0t\u00fdm si tieto preteky z\u00edskali svoju originalitu. Navy\u0161e, ak sa k\u00a0tomu prid\u00e1 jesenn\u00e9 po\u010dasie s\u00a0da\u017e\u010fom a\u00a0vetrom, bude v\u00ed\u0165azom ka\u017ed\u00fd, kto pr\u00edde do cie\u013ea.<\/p>\n<figure id=\"attachment_13023\" aria-describedby=\"caption-attachment-13023\" style=\"width: 1200px\" class=\"wp-caption alignnone\"><a href=\"https:\/\/d2p6e6u75xmxt8.cloudfront.net\/4\/2021\/09\/Paris-Roubaix_01.jpg\"><img loading=\"lazy\" decoding=\"async\" class=\"size-full wp-image-13023\" src=\"https:\/\/d2p6e6u75xmxt8.cloudfront.net\/4\/2021\/09\/Paris-Roubaix_01.jpg\" alt=\"\" width=\"1200\" height=\"641\" \/><\/a><figcaption id=\"caption-attachment-13023\" class=\"wp-caption-text\">Foto: paris-roubaix.fr<\/figcaption><\/figure>\n<h2><strong>Netradi\u010dn\u00fd term\u00edn<\/strong><\/h2>\n<p>Jarn\u00fd term\u00edn bol z\u00a0d\u00f4vodu zhor\u0161enej pandemickej situ\u00e1cie v\u00a0oblasti konania presunut\u00fd na jese\u0148. <strong>Nov\u00fd term\u00edn je nede\u013ea 3. okt\u00f3bra a\u00a0ost\u00e1va d\u00fafa\u0165, \u017ee za t\u00fdch p\u00e1r dn\u00ed sa u\u017e ni\u010d z\u00e1sadn\u00e9 neudeje<\/strong>, \u010do by dok\u00e1zalo preteky prekazi\u0165. Ak si dobre pam\u00e4t\u00e1te, tak minul\u00fd rok boli preteky takisto presunut\u00e9 z\u00a0jarn\u00e9ho na jesenn\u00fd term\u00edn a\u00a0nakoniec sa nekonali v\u00f4bec. Zatia\u013e posledn\u00e9 preteky boli v\u00a0roku 2019, kedy vyhral Philippe Gilbert a\u00a0v\u00a0roku 2018 sl\u00e1vil svoje ve\u013ek\u00e9 v\u00ed\u0165azstvo n\u00e1\u0161 Peter Sagan.<\/p>\n<lite-youtube videoid=sFDNJ_8jKUA params=\"enablejsapi=1\" style=\"background-image: url('https:\/\/i.ytimg.com\/vi_webp\/sFDNJ_8jKUA\/maxresdefault.webp');\"><\/lite-youtube>\n<h2><strong>Bud\u00fa aj \u017eensk\u00e9 preteky &#8211; Paris\u2013Roubaix Femmes?<\/strong><\/h2>\n<p>Ak sa v\u0161etko podar\u00ed pod\u013ea pl\u00e1nu, tak sa cyklistick\u00fd svet te\u0161\u00ed aj na historicky prv\u00e9 \u017eensk\u00e9 preteky Paris\u2013Roubaix Femmes, ktor\u00e9 sa bud\u00fa kona\u0165 de\u0148 predt\u00fdm. Napl\u00e1novan\u00e9 boli u\u017e minul\u00fd rok, ale zo zn\u00e1mych d\u00f4vodov sa nekonali. <strong>Ver\u00edme, \u017ee bud\u00fa ma\u0165 \u00faspe\u0161n\u00fd \u0161tart a pred sebou dlh\u00e9 roky konania.<\/strong> Vr\u00e1\u0165me sa ale k\u00a0ob\u00e1vanej klasike. T\u00e1to m\u00e1 d\u013a\u017eku 257 km a\u00a0dla\u017eobn\u00e9 kocky dokonale vytras\u00fa z\u00a0cyklistov v\u0161etky zbytky energie. Niet sa \u010do divi\u0165, \u017ee aj cena pre v\u00ed\u0165aza je dla\u017eobn\u00e1 kocka. Tento rok bude drobn\u00e1 zmena. Do trasy sa zaradil sektor Hameau du Buat, ktor\u00fd sa jazdil prv\u00fdkr\u00e1t v\u00a0roku 2005 a\u00a0od roku 2016 sa vynech\u00e1val. Tak\u017ee v\u010faka tomu sa po\u010det \u00fasekov s\u00a0dla\u017eobn\u00fdmi kockami roz\u0161\u00edri na tridsa\u0165. Sektor doteraz zn\u00e1my ako Briastre bol premenovan\u00fd na po\u010des\u0165 belgick\u00e9ho jazdca Michaela Goolaertsa, ktor\u00fd v\u00a0roku 2018 na pretekoch tragicky zahynul na z\u00e1stavu srdca.<\/p>\n<figure id=\"attachment_13024\" aria-describedby=\"caption-attachment-13024\" style=\"width: 1200px\" class=\"wp-caption alignnone\"><a href=\"https:\/\/d2p6e6u75xmxt8.cloudfront.net\/4\/2021\/09\/Paris-Roubaix_02.jpg\"><img loading=\"lazy\" decoding=\"async\" class=\"size-full wp-image-13024\" src=\"https:\/\/d2p6e6u75xmxt8.cloudfront.net\/4\/2021\/09\/Paris-Roubaix_02.jpg\" alt=\"\" width=\"1200\" height=\"800\" \/><\/a><figcaption id=\"caption-attachment-13024\" class=\"wp-caption-text\">Foto: Photo by\u00a0Simon Connellan\u00a0on\u00a0Unsplash<\/figcaption><\/figure>\n<p>Peter Sagan prirovn\u00e1va jazdu na Paris\u2013Roubaix k\u00a0v\u00edrivke. Nie, nie je to tak\u00e1 pohoda ako vo v\u00edrivke. Striedaj\u00fa sa tam momenty jazdy na dla\u017eobn\u00fdch kock\u00e1ch, kedy to poriadne trasie, hrkoce a\u00a0jazdec mus\u00ed by\u0165 maxim\u00e1lne s\u00fastreden\u00fd. <strong>Zrazu v\u0161ak pr\u00edde norm\u00e1lny povrch, kedy v\u0161etko st\u00edchne a\u00a0bicykel sa pod vami upokoj\u00ed presne ako vo v\u00edrivke<\/strong>, ke\u010f voda okolo v\u00e1s prestane bublinkova\u0165 a\u00a0hladina sa upokoj\u00ed. Na Petra Sagana sa m\u00f4\u017eeme te\u0161i\u0165 aj tento rok a\u00a0dr\u017e\u00edme mu palce, aby vyhral. Ak ste nov\u00e1\u010dik a e\u0161te st\u00e1le si neviete predstavi\u0165 jazdu na t\u00fdchto pretekoch, pozrite si video, kde Peter bez slov predv\u00e1dza svoje v\u00ed\u0165azstvo na tejto klasike.<\/p>\n<p>https:\/\/www.facebook.com\/PeterSagan\/videos\/10156817321224467\/<\/p>\n<p>&nbsp;<\/p>\n<p>Okrem bratov Petra a Juraja Sagana na tejto tradi\u010dnej klasike budeme ma\u0165 aj \u017eensk\u00e9 zast\u00fapenie. <strong>A to konkr\u00e9tne z kontinent\u00e1lneho t\u00edmu BePink, Noru Jen\u010du\u0161ov\u00fa.<\/strong><\/p>\n<p>https:\/\/www.instagram.com\/p\/CMKMQEfhYdI\/?utm_source=ig_web_copy_link<\/p>\n<p>Tituln\u00e1 foto: Photo by\u00a0Simon Connellan\u00a0on\u00a0Unsplash<\/p>\n","protected":false},"excerpt":{"rendered":"<p>Paris\u2013Roubaix patr\u00ed medzi popul\u00e1rne tradi\u010dn\u00e9 jarn\u00e9 cyklistick\u00e9 klasiky. Jej hist\u00f3ria siaha a\u017e do roku 1896 a\u00a0v\u010faka n\u00e1ro\u010dnosti ter\u00e9nu z\u00edskala prez\u00fdvku [&hellip;]<\/p>\n","protected":false},"author":81,"featured_media":13027,"comment_status":"open","ping_status":"open","sticky":false,"template":"","format":"standard","meta":{"footnotes":""},"categories":[4],"tags":[115,306,600,428,46,1311,475],"global-categories":[1074],"class_list":["post-13019","post","type-post","status-publish","format-standard","has-post-thumbnail","hentry","category-cestna-cyklisitika","tag-cestna-cyklistika","tag-francuzsko","tag-muzi","tag-pariz-roubaix","tag-peter-sagan","tag-sezona-2021","tag-zeny","global-categories-cycling"],"yoast_head":"<!-- This site is optimized with the Yoast SEO Premium plugin v25.3 (Yoast SEO v25.9) - https:\/\/yoast.com\/wordpress\/plugins\/seo\/ -->\n<title>Paris-Roubaix - tradi\u010dn\u00e9 preteky v netradi\u010dnom term\u00edne - \u0160koda We Love Cycling Slovensko<\/title>\n<meta name=\"description\" content=\"Paris-Roubaix patr\u00ed medzi popul\u00e1rne jarn\u00e9 cyklistick\u00e9 klasiky. Jarn\u00fd term\u00edn bol presunut\u00fd na jese\u0148. Peter Sagan ju prirovn\u00e1va k v\u00edrivke.\" \/>\n<meta name=\"robots\" content=\"index, follow, max-snippet:-1, max-image-preview:large, max-video-preview:-1\" \/>\n<link rel=\"canonical\" href=\"https:\/\/www.welovecycling.com\/sk\/2021\/09\/29\/paris-roubaix-tradicne-preteky-v-netradicnom-termine\/\" \/>\n<meta property=\"og:locale\" content=\"sk_SK\" \/>\n<meta property=\"og:type\" content=\"article\" \/>\n<meta property=\"og:title\" content=\"Paris-Roubaix - tradi\u010dn\u00e9 preteky v netradi\u010dnom term\u00edne\" \/>\n<meta property=\"og:description\" content=\"Paris-Roubaix patr\u00ed medzi popul\u00e1rne jarn\u00e9 cyklistick\u00e9 klasiky. Jarn\u00fd term\u00edn bol presunut\u00fd na jese\u0148. Peter Sagan ju prirovn\u00e1va k v\u00edrivke.\" \/>\n<meta property=\"og:url\" content=\"https:\/\/www.welovecycling.com\/sk\/2021\/09\/29\/paris-roubaix-tradicne-preteky-v-netradicnom-termine\/\" \/>\n<meta property=\"og:site_name\" content=\"\u0160koda We Love Cycling Slovensko\" \/>\n<meta property=\"article:published_time\" content=\"2021-09-29T08:00:31+00:00\" \/>\n<meta property=\"og:image\" content=\"https:\/\/d2p6e6u75xmxt8.cloudfront.net\/4\/2021\/09\/Paris-Roubaix_00.webp\" \/>\n\t<meta property=\"og:image:width\" content=\"1380\" \/>\n\t<meta property=\"og:image:height\" content=\"600\" \/>\n\t<meta property=\"og:image:type\" content=\"image\/webp\" \/>\n<meta name=\"twitter:card\" content=\"summary_large_image\" \/>\n<meta name=\"twitter:label1\" content=\"Written by\" \/>\n\t<meta name=\"twitter:data1\" content=\"Radovan Vr\u0161ka\" \/>\n\t<meta name=\"twitter:label2\" content=\"Est. reading time\" \/>\n\t<meta name=\"twitter:data2\" content=\"2\" \/>\n<script type=\"application\/ld+json\" class=\"yoast-schema-graph\">{\"@context\":\"https:\/\/schema.org\",\"@graph\":[{\"@type\":\"WebPage\",\"@id\":\"https:\/\/www.welovecycling.com\/sk\/2021\/09\/29\/paris-roubaix-tradicne-preteky-v-netradicnom-termine\/\",\"url\":\"https:\/\/www.welovecycling.com\/sk\/2021\/09\/29\/paris-roubaix-tradicne-preteky-v-netradicnom-termine\/\",\"name\":\"Paris-Roubaix - tradi\u010dn\u00e9 preteky v netradi\u010dnom term\u00edne - \u0160koda We Love Cycling Slovensko\",\"isPartOf\":{\"@id\":\"https:\/\/www.welovecycling.com\/sk\/#website\"},\"primaryImageOfPage\":{\"@id\":\"https:\/\/www.welovecycling.com\/sk\/2021\/09\/29\/paris-roubaix-tradicne-preteky-v-netradicnom-termine\/#primaryimage\"},\"image\":{\"@id\":\"https:\/\/www.welovecycling.com\/sk\/2021\/09\/29\/paris-roubaix-tradicne-preteky-v-netradicnom-termine\/#primaryimage\"},\"thumbnailUrl\":\"https:\/\/d2p6e6u75xmxt8.cloudfront.net\/4\/2021\/09\/Paris-Roubaix_00.webp\",\"datePublished\":\"2021-09-29T08:00:31+00:00\",\"author\":{\"@id\":\"\"},\"description\":\"Paris-Roubaix patr\u00ed medzi popul\u00e1rne jarn\u00e9 cyklistick\u00e9 klasiky. Jarn\u00fd term\u00edn bol presunut\u00fd na jese\u0148. Peter Sagan ju prirovn\u00e1va k v\u00edrivke.\",\"breadcrumb\":{\"@id\":\"https:\/\/www.welovecycling.com\/sk\/2021\/09\/29\/paris-roubaix-tradicne-preteky-v-netradicnom-termine\/#breadcrumb\"},\"inLanguage\":\"sk-SK\",\"potentialAction\":[{\"@type\":\"ReadAction\",\"target\":[\"https:\/\/www.welovecycling.com\/sk\/2021\/09\/29\/paris-roubaix-tradicne-preteky-v-netradicnom-termine\/\"]}]},{\"@type\":\"ImageObject\",\"inLanguage\":\"sk-SK\",\"@id\":\"https:\/\/www.welovecycling.com\/sk\/2021\/09\/29\/paris-roubaix-tradicne-preteky-v-netradicnom-termine\/#primaryimage\",\"url\":\"https:\/\/d2p6e6u75xmxt8.cloudfront.net\/4\/2021\/09\/Paris-Roubaix_00.webp\",\"contentUrl\":\"https:\/\/d2p6e6u75xmxt8.cloudfront.net\/4\/2021\/09\/Paris-Roubaix_00.webp\",\"width\":1380,\"height\":600},{\"@type\":\"BreadcrumbList\",\"@id\":\"https:\/\/www.welovecycling.com\/sk\/2021\/09\/29\/paris-roubaix-tradicne-preteky-v-netradicnom-termine\/#breadcrumb\",\"itemListElement\":[{\"@type\":\"ListItem\",\"position\":1,\"name\":\"Home\",\"item\":\"https:\/\/www.welovecycling.com\/sk\/\"},{\"@type\":\"ListItem\",\"position\":2,\"name\":\"Paris-Roubaix &#8211; tradi\u010dn\u00e9 preteky v netradi\u010dnom term\u00edne\"}]},{\"@type\":\"WebSite\",\"@id\":\"https:\/\/www.welovecycling.com\/sk\/#website\",\"url\":\"https:\/\/www.welovecycling.com\/sk\/\",\"name\":\"\u0160koda We Love Cycling Slovensko\",\"description\":\"\u0160koda We Love Cycling Slovensko je v\u00e1\u0161 ka\u017edodenn\u00fd zdroj noviniek a in\u0161pir\u00e1cie z sveta cyklistiky\",\"potentialAction\":[{\"@type\":\"SearchAction\",\"target\":{\"@type\":\"EntryPoint\",\"urlTemplate\":\"https:\/\/www.welovecycling.com\/sk\/?s={search_term_string}\"},\"query-input\":{\"@type\":\"PropertyValueSpecification\",\"valueRequired\":true,\"valueName\":\"search_term_string\"}}],\"inLanguage\":\"sk-SK\"},{\"@type\":\"Person\",\"@id\":\"\",\"url\":\"https:\/\/www.welovecycling.com\/sk\/author\/\"}]}<\/script>\n<!-- \/ Yoast SEO Premium plugin. -->","yoast_head_json":{"title":"Paris-Roubaix - tradi\u010dn\u00e9 preteky v netradi\u010dnom term\u00edne - \u0160koda We Love Cycling Slovensko","description":"Paris-Roubaix patr\u00ed medzi popul\u00e1rne jarn\u00e9 cyklistick\u00e9 klasiky. Jarn\u00fd term\u00edn bol presunut\u00fd na jese\u0148. Peter Sagan ju prirovn\u00e1va k v\u00edrivke.","robots":{"index":"index","follow":"follow","max-snippet":"max-snippet:-1","max-image-preview":"max-image-preview:large","max-video-preview":"max-video-preview:-1"},"canonical":"https:\/\/www.welovecycling.com\/sk\/2021\/09\/29\/paris-roubaix-tradicne-preteky-v-netradicnom-termine\/","og_locale":"sk_SK","og_type":"article","og_title":"Paris-Roubaix - tradi\u010dn\u00e9 preteky v netradi\u010dnom term\u00edne","og_description":"Paris-Roubaix patr\u00ed medzi popul\u00e1rne jarn\u00e9 cyklistick\u00e9 klasiky. Jarn\u00fd term\u00edn bol presunut\u00fd na jese\u0148. Peter Sagan ju prirovn\u00e1va k v\u00edrivke.","og_url":"https:\/\/www.welovecycling.com\/sk\/2021\/09\/29\/paris-roubaix-tradicne-preteky-v-netradicnom-termine\/","og_site_name":"\u0160koda We Love Cycling Slovensko","article_published_time":"2021-09-29T08:00:31+00:00","og_image":[{"width":1380,"height":600,"url":"https:\/\/d2p6e6u75xmxt8.cloudfront.net\/4\/2021\/09\/Paris-Roubaix_00.webp","type":"image\/webp"}],"twitter_card":"summary_large_image","twitter_misc":{"Written by":"Radovan Vr\u0161ka","Est. reading time":"2"},"schema":{"@context":"https:\/\/schema.org","@graph":[{"@type":"WebPage","@id":"https:\/\/www.welovecycling.com\/sk\/2021\/09\/29\/paris-roubaix-tradicne-preteky-v-netradicnom-termine\/","url":"https:\/\/www.welovecycling.com\/sk\/2021\/09\/29\/paris-roubaix-tradicne-preteky-v-netradicnom-termine\/","name":"Paris-Roubaix - tradi\u010dn\u00e9 preteky v netradi\u010dnom term\u00edne - \u0160koda We Love Cycling Slovensko","isPartOf":{"@id":"https:\/\/www.welovecycling.com\/sk\/#website"},"primaryImageOfPage":{"@id":"https:\/\/www.welovecycling.com\/sk\/2021\/09\/29\/paris-roubaix-tradicne-preteky-v-netradicnom-termine\/#primaryimage"},"image":{"@id":"https:\/\/www.welovecycling.com\/sk\/2021\/09\/29\/paris-roubaix-tradicne-preteky-v-netradicnom-termine\/#primaryimage"},"thumbnailUrl":"https:\/\/d2p6e6u75xmxt8.cloudfront.net\/4\/2021\/09\/Paris-Roubaix_00.webp","datePublished":"2021-09-29T08:00:31+00:00","author":{"@id":""},"description":"Paris-Roubaix patr\u00ed medzi popul\u00e1rne jarn\u00e9 cyklistick\u00e9 klasiky. Jarn\u00fd term\u00edn bol presunut\u00fd na jese\u0148. Peter Sagan ju prirovn\u00e1va k v\u00edrivke.","breadcrumb":{"@id":"https:\/\/www.welovecycling.com\/sk\/2021\/09\/29\/paris-roubaix-tradicne-preteky-v-netradicnom-termine\/#breadcrumb"},"inLanguage":"sk-SK","potentialAction":[{"@type":"ReadAction","target":["https:\/\/www.welovecycling.com\/sk\/2021\/09\/29\/paris-roubaix-tradicne-preteky-v-netradicnom-termine\/"]}]},{"@type":"ImageObject","inLanguage":"sk-SK","@id":"https:\/\/www.welovecycling.com\/sk\/2021\/09\/29\/paris-roubaix-tradicne-preteky-v-netradicnom-termine\/#primaryimage","url":"https:\/\/d2p6e6u75xmxt8.cloudfront.net\/4\/2021\/09\/Paris-Roubaix_00.webp","contentUrl":"https:\/\/d2p6e6u75xmxt8.cloudfront.net\/4\/2021\/09\/Paris-Roubaix_00.webp","width":1380,"height":600},{"@type":"BreadcrumbList","@id":"https:\/\/www.welovecycling.com\/sk\/2021\/09\/29\/paris-roubaix-tradicne-preteky-v-netradicnom-termine\/#breadcrumb","itemListElement":[{"@type":"ListItem","position":1,"name":"Home","item":"https:\/\/www.welovecycling.com\/sk\/"},{"@type":"ListItem","position":2,"name":"Paris-Roubaix &#8211; tradi\u010dn\u00e9 preteky v netradi\u010dnom term\u00edne"}]},{"@type":"WebSite","@id":"https:\/\/www.welovecycling.com\/sk\/#website","url":"https:\/\/www.welovecycling.com\/sk\/","name":"\u0160koda We Love Cycling Slovensko","description":"\u0160koda We Love Cycling Slovensko je v\u00e1\u0161 ka\u017edodenn\u00fd zdroj noviniek a in\u0161pir\u00e1cie z sveta cyklistiky","potentialAction":[{"@type":"SearchAction","target":{"@type":"EntryPoint","urlTemplate":"https:\/\/www.welovecycling.com\/sk\/?s={search_term_string}"},"query-input":{"@type":"PropertyValueSpecification","valueRequired":true,"valueName":"search_term_string"}}],"inLanguage":"sk-SK"},{"@type":"Person","@id":"","url":"https:\/\/www.welovecycling.com\/sk\/author\/"}]}},"_links":{"self":[{"href":"https:\/\/www.welovecycling.com\/sk\/wp-json\/wp\/v2\/posts\/13019","targetHints":{"allow":["GET"]}}],"collection":[{"href":"https:\/\/www.welovecycling.com\/sk\/wp-json\/wp\/v2\/posts"}],"about":[{"href":"https:\/\/www.welovecycling.com\/sk\/wp-json\/wp\/v2\/types\/post"}],"author":[{"embeddable":true,"href":"https:\/\/www.welovecycling.com\/sk\/wp-json\/wp\/v2\/users\/81"}],"replies":[{"embeddable":true,"href":"https:\/\/www.welovecycling.com\/sk\/wp-json\/wp\/v2\/comments?post=13019"}],"version-history":[{"count":2,"href":"https:\/\/www.welovecycling.com\/sk\/wp-json\/wp\/v2\/posts\/13019\/revisions"}],"predecessor-version":[{"id":13039,"href":"https:\/\/www.welovecycling.com\/sk\/wp-json\/wp\/v2\/posts\/13019\/revisions\/13039"}],"wp:featuredmedia":[{"embeddable":true,"href":"https:\/\/www.welovecycling.com\/sk\/wp-json\/wp\/v2\/media\/13027"}],"wp:attachment":[{"href":"https:\/\/www.welovecycling.com\/sk\/wp-json\/wp\/v2\/media?parent=13019"}],"wp:term":[{"taxonomy":"category","embeddable":true,"href":"https:\/\/www.welovecycling.com\/sk\/wp-json\/wp\/v2\/categories?post=13019"},{"taxonomy":"post_tag","embeddable":true,"href":"https:\/\/www.welovecycling.com\/sk\/wp-json\/wp\/v2\/tags?post=13019"},{"taxonomy":"global-categories","embeddable":true,"href":"https:\/\/www.welovecycling.com\/sk\/wp-json\/wp\/v2\/global-categories?post=13019"}],"curies":[{"name":"wp","href":"https:\/\/api.w.org\/{rel}","templated":true}]}}