{"id":1300,"date":"2017-06-27T00:42:05","date_gmt":"2017-06-26T22:42:05","guid":{"rendered":"https:\/\/www.welovecycling.com\/sk\/?p=1300"},"modified":"2017-12-18T13:13:00","modified_gmt":"2017-12-18T12:13:00","slug":"auta-tour-de-france","status":"publish","type":"post","link":"https:\/\/www.welovecycling.com\/sk\/2017\/06\/27\/auta-tour-de-france\/","title":{"rendered":"Aut\u00e1 na Tour de France"},"content":{"rendered":"<p><strong>Cyklisti na Le Tour potrebuj\u00fa zodpovedaj\u00facu starostlivos\u0165 a rovnako aj n\u00e1hradn\u00e9 bicykle. Vozidl\u00e1, ktor\u00e9 poskytla \u0160koda, najazdili v priebehu roku 2016 na Le Tour 2,8 mili\u00f3na kilometrov, pri\u010dom vozidlov\u00fd park pozost\u00e1val z 250 \u00e1ut &#8211; kol\u00f3na \u00e1ut, pri ktorej by aj prezident zbledol z\u00e1vis\u0165ou. Tak\u017ee, \u010do robia v\u0161etky tieto aut\u00e1?<\/strong><br \/>\n<!--more--><\/p>\n<h2><strong>\u017dlt\u00e9 neutr\u00e1lne servisn\u00e9 vozidl\u00e1<\/strong><\/h2>\n<p>Ak sa v\u00e1\u0161 bicykel pokaz\u00ed, potrebujete auto, ktor\u00e9 je dobre vidite\u013en\u00e9 aj na pre\u013eudnenom mieste. Na pomoc dorazia aut\u00e1 \u0160koda OCTAVIA \u017eltej farby s n\u00e1lepkami Mavic &#8211; s\u00fa dostato\u010dne ve\u013ek\u00e9 na to, aby prev\u00e1\u017eali vodu, koles\u00e1 a v pr\u00edpade n\u00fadze aj cel\u00e9 bicykle.<\/p>\n<p><a href=\"https:\/\/d2p6e6u75xmxt8.cloudfront.net\/4\/2017\/06\/profimedia-0294076251.jpg\"><img loading=\"lazy\" decoding=\"async\" class=\"wp-image-1306 size-full\" src=\"https:\/\/d2p6e6u75xmxt8.cloudfront.net\/4\/2017\/06\/profimedia-0294076251.jpg\" alt=\"\" width=\"1250\" height=\"833\" \/><\/a><\/p>\n<p>V roku 2010 narazil Jens Voigt na bicykli tak \u0161karedo, \u017ee bicykel nebolo mo\u017en\u00e9 opravi\u0165 &#8211; z najbli\u017e\u0161ej \u017eltej OCTAVIE zobral bicykel Mavic a napriek tomu, \u017ee pre\u0148ho bol o nieko\u013eko ve\u013ekosti men\u0161\u00ed, posta\u010dil na to, aby sa udr\u017eal v pretekoch.<\/p>\n<h2><strong>\u010cerven\u00fd SUPERB pre riadite\u013ea pretekov<\/strong><\/h2>\n<p>Pod\u013ea o\u010dak\u00e1van\u00ed jazd\u00ed Christian Prudhomme vo vlajkovom modeli zna\u010dky \u0160koda &#8211; exkluz\u00edvnom modeli SUPERB &#8211; toto konkr\u00e9tne auto je navy\u0161e naozaj jedine\u010dn\u00e9. Prudhommov SUPERB vybavili na objedn\u00e1vku stre\u0161n\u00fdm oknom, ktor\u00e9 umo\u017e\u0148uje plni\u0165 r\u00f4zne \u201epovinnosti\u201c riadite\u013ea pretekov, vr\u00e1tane m\u00e1vania vlajkou na za\u010diatku ka\u017edej etapy, \u010d\u00edm signalizuje ofici\u00e1lny \u0161tart.<\/p>\n<p><a href=\"https:\/\/d2p6e6u75xmxt8.cloudfront.net\/4\/2017\/06\/PML1113-1024x695-1024x695.jpg\"><img loading=\"lazy\" decoding=\"async\" class=\"alignnone size-full wp-image-1319\" src=\"https:\/\/d2p6e6u75xmxt8.cloudfront.net\/4\/2017\/06\/PML1113-1024x695-1024x695.jpg\" alt=\"\" width=\"1024\" height=\"695\" \/><\/a><\/p>\n<p>\u010cerven\u00fd SUPERB je dod\u00e1van\u00fd so \u0161peci\u00e1lnymi dr\u017eiakmi na f\u013ea\u0161e \u0161ampansk\u00e9ho a komunika\u010dn\u00fdm syst\u00e9mom na mieru, tak\u017ee Prudhomme m\u00f4\u017ee pripi\u0165 na \u00faspech jazdcov a rovnako tak by\u0165 v kontakte s t\u00edmami.<\/p>\n<h2><strong>Komunik\u00e1cia, svi\u017enos\u0165 a bezpe\u010dnos\u0165<\/strong><\/h2>\n<p>Okrem podporn\u00fdch vozidiel Mavic s\u00fa v ka\u017edom t\u00edme dve aut\u00e1, ktor\u00e9 nasleduj\u00fa pelot\u00f3n. Poradie, v akom tieto vozidl\u00e1 nasleduj\u00fa preteky, z\u00e1vis\u00ed od poradia ved\u00faceho jazdca dan\u00e9ho t\u00edmu.<\/p>\n<p>Prudhomme zost\u00e1va v kontakte so v\u0161etk\u00fdmi autami, z ktor\u00fdch v\u00e4\u010d\u0161inu tvoria OCTAVIE a zdie\u013ea inform\u00e1cie o pretekoch. Komunik\u00e1cia medzi vozidlami je rozhoduj\u00faca, preto\u017ee je potrebn\u00e9 ohl\u00e1si\u0165 \u00faniky a poruchy, aby bolo mo\u017en\u00e9 udeli\u0165 povolenie podporn\u00fdm vozidl\u00e1m zmeni\u0165 ich poz\u00edciu a aby sa pod\u013ea potreby premiestnili vy\u0161\u0161ie alebo ni\u017e\u0161ie.<\/p>\n<figure id=\"attachment_152241\" aria-describedby=\"caption-attachment-152241\" style=\"width: 1250px\" class=\"wp-caption alignnone\"><a href=\"https:\/\/d2p6e6u75xmxt8.cloudfront.net\/4\/2017\/06\/profimedia-0293242328.jpg\"><img loading=\"lazy\" decoding=\"async\" class=\"size-full wp-image-1330\" src=\"https:\/\/d2p6e6u75xmxt8.cloudfront.net\/4\/2017\/06\/profimedia-0293242328.jpg\" alt=\"\" width=\"1250\" height=\"834\" \/><\/a><figcaption id=\"caption-attachment-152241\" class=\"wp-caption-text\">Jazdec t\u00edmu Dimension Data brit Mark Cavendish komunikuje s t\u00edmov\u00fdm vozidlom po\u010das 4. etapy Tour de France0 2016<\/figcaption><\/figure>\n<p>Ka\u017ed\u00e1 \u0160koda OTAVIA je z\u00e1rove\u0148 aj mobiln\u00e1 diel\u0148a, tak\u017ee na z\u00e1klade pokynu &#8222;cyklista v n\u00fadzi&#8220; musia by\u0165 dos\u0165 svi\u017en\u00e9 na to, aby mohli prech\u00e1dza\u0165 pomedzi motocykle, skupiny jazdcov, telev\u00edzne pos\u00e1dky a ostatn\u00e9 podporn\u00e9 vozidl\u00e1. \u010c\u00edm r\u00fdchlej\u0161ie sa tieto aut\u00e1 dostan\u00fa k svojim jazdcom, t\u00fdm r\u00fdchlej\u0161ie sa jazdci dostan\u00fa sp\u00e4\u0165 do pretekov, a teda t\u00edmy, sponzori a hlavne fan\u00fa\u0161ikovia m\u00f4\u017eu by\u0165 spokojn\u00ed.<\/p>\n<p><img loading=\"lazy\" decoding=\"async\" class=\"alignnone wp-image-1566 size-full\" src=\"https:\/\/d2p6e6u75xmxt8.cloudfront.net\/4\/2017\/07\/TDF_banner_02.jpg\" alt=\"\" width=\"780\" height=\"180\" \/><\/p>\n","protected":false},"excerpt":{"rendered":"<p>Cyklisti na Le Tour potrebuj\u00fa zodpovedaj\u00facu starostlivos\u0165 a rovnako aj n\u00e1hradn\u00e9 bicykle. Vozidl\u00e1, ktor\u00e9 poskytla \u0160koda, najazdili v priebehu roku [&hellip;]<\/p>\n","protected":false},"author":38,"featured_media":1347,"comment_status":"open","ping_status":"open","sticky":false,"template":"","format":"standard","meta":{"footnotes":""},"categories":[4,117],"tags":[125,115,126,20,108],"global-categories":[],"class_list":["post-1300","post","type-post","status-publish","format-standard","has-post-thumbnail","hentry","category-cestna-cyklisitika","category-tour-de-france","tag-cerveny-superb","tag-cestna-cyklistika","tag-neutralne-servisne-vozidla","tag-tour-de-france","tag-tour-de-france-2017"],"yoast_head":"<!-- This site is optimized with the Yoast SEO Premium plugin v25.3 (Yoast SEO v25.9) - https:\/\/yoast.com\/wordpress\/plugins\/seo\/ -->\n<title>Aut\u00e1 na Tour de France - \u0160koda We Love Cycling Slovensko<\/title>\n<meta name=\"robots\" content=\"index, follow, max-snippet:-1, max-image-preview:large, max-video-preview:-1\" \/>\n<link rel=\"canonical\" href=\"https:\/\/www.welovecycling.com\/sk\/2017\/06\/27\/auta-tour-de-france\/\" \/>\n<meta property=\"og:locale\" content=\"sk_SK\" \/>\n<meta property=\"og:type\" content=\"article\" \/>\n<meta property=\"og:title\" content=\"Aut\u00e1 na Tour de France\" \/>\n<meta property=\"og:description\" content=\"Cyklisti na Le Tour potrebuj\u00fa zodpovedaj\u00facu starostlivos\u0165 a rovnako aj n\u00e1hradn\u00e9 bicykle. Vozidl\u00e1, ktor\u00e9 poskytla \u0160koda, najazdili v priebehu roku [&hellip;]\" \/>\n<meta property=\"og:url\" content=\"https:\/\/www.welovecycling.com\/sk\/2017\/06\/27\/auta-tour-de-france\/\" \/>\n<meta property=\"og:site_name\" content=\"\u0160koda We Love Cycling Slovensko\" \/>\n<meta property=\"article:published_time\" content=\"2017-06-26T22:42:05+00:00\" \/>\n<meta property=\"article:modified_time\" content=\"2017-12-18T12:13:00+00:00\" \/>\n<meta property=\"og:image\" content=\"https:\/\/d2p6e6u75xmxt8.cloudfront.net\/4\/2017\/06\/profimedia-0293242330-cover.webp\" \/>\n\t<meta property=\"og:image:width\" content=\"1800\" \/>\n\t<meta property=\"og:image:height\" content=\"785\" \/>\n\t<meta property=\"og:image:type\" content=\"image\/webp\" \/>\n<meta name=\"author\" content=\"Ondrej Ga\u0161par\" \/>\n<meta name=\"twitter:card\" content=\"summary_large_image\" \/>\n<meta name=\"twitter:label1\" content=\"Written by\" \/>\n\t<meta name=\"twitter:data1\" content=\"We Love Cycling\" \/>\n\t<meta name=\"twitter:label2\" content=\"Est. reading time\" \/>\n\t<meta name=\"twitter:data2\" content=\"2 minutes\" \/>\n<script type=\"application\/ld+json\" class=\"yoast-schema-graph\">{\"@context\":\"https:\/\/schema.org\",\"@graph\":[{\"@type\":\"WebPage\",\"@id\":\"https:\/\/www.welovecycling.com\/sk\/2017\/06\/27\/auta-tour-de-france\/\",\"url\":\"https:\/\/www.welovecycling.com\/sk\/2017\/06\/27\/auta-tour-de-france\/\",\"name\":\"Aut\u00e1 na Tour de France - \u0160koda We Love Cycling Slovensko\",\"isPartOf\":{\"@id\":\"https:\/\/www.welovecycling.com\/sk\/#website\"},\"primaryImageOfPage\":{\"@id\":\"https:\/\/www.welovecycling.com\/sk\/2017\/06\/27\/auta-tour-de-france\/#primaryimage\"},\"image\":{\"@id\":\"https:\/\/www.welovecycling.com\/sk\/2017\/06\/27\/auta-tour-de-france\/#primaryimage\"},\"thumbnailUrl\":\"https:\/\/d2p6e6u75xmxt8.cloudfront.net\/4\/2017\/06\/profimedia-0293242330-cover.webp\",\"datePublished\":\"2017-06-26T22:42:05+00:00\",\"dateModified\":\"2017-12-18T12:13:00+00:00\",\"author\":{\"@id\":\"https:\/\/www.welovecycling.com\/sk\/#\/schema\/person\/8ee09ba39b7e25b1870160aa5b3a89bc\"},\"breadcrumb\":{\"@id\":\"https:\/\/www.welovecycling.com\/sk\/2017\/06\/27\/auta-tour-de-france\/#breadcrumb\"},\"inLanguage\":\"sk-SK\",\"potentialAction\":[{\"@type\":\"ReadAction\",\"target\":[\"https:\/\/www.welovecycling.com\/sk\/2017\/06\/27\/auta-tour-de-france\/\"]}]},{\"@type\":\"ImageObject\",\"inLanguage\":\"sk-SK\",\"@id\":\"https:\/\/www.welovecycling.com\/sk\/2017\/06\/27\/auta-tour-de-france\/#primaryimage\",\"url\":\"https:\/\/d2p6e6u75xmxt8.cloudfront.net\/4\/2017\/06\/profimedia-0293242330-cover.webp\",\"contentUrl\":\"https:\/\/d2p6e6u75xmxt8.cloudfront.net\/4\/2017\/06\/profimedia-0293242330-cover.webp\",\"width\":1800,\"height\":785},{\"@type\":\"BreadcrumbList\",\"@id\":\"https:\/\/www.welovecycling.com\/sk\/2017\/06\/27\/auta-tour-de-france\/#breadcrumb\",\"itemListElement\":[{\"@type\":\"ListItem\",\"position\":1,\"name\":\"Home\",\"item\":\"https:\/\/www.welovecycling.com\/sk\/\"},{\"@type\":\"ListItem\",\"position\":2,\"name\":\"Aut\u00e1 na Tour de France\"}]},{\"@type\":\"WebSite\",\"@id\":\"https:\/\/www.welovecycling.com\/sk\/#website\",\"url\":\"https:\/\/www.welovecycling.com\/sk\/\",\"name\":\"\u0160koda We Love Cycling Slovensko\",\"description\":\"\u0160koda We Love Cycling Slovensko je v\u00e1\u0161 ka\u017edodenn\u00fd zdroj noviniek a in\u0161pir\u00e1cie z sveta cyklistiky\",\"potentialAction\":[{\"@type\":\"SearchAction\",\"target\":{\"@type\":\"EntryPoint\",\"urlTemplate\":\"https:\/\/www.welovecycling.com\/sk\/?s={search_term_string}\"},\"query-input\":{\"@type\":\"PropertyValueSpecification\",\"valueRequired\":true,\"valueName\":\"search_term_string\"}}],\"inLanguage\":\"sk-SK\"},{\"@type\":\"Person\",\"@id\":\"https:\/\/www.welovecycling.com\/sk\/#\/schema\/person\/8ee09ba39b7e25b1870160aa5b3a89bc\",\"name\":\"Ondrej Ga\u0161par\",\"image\":{\"@type\":\"ImageObject\",\"inLanguage\":\"sk-SK\",\"@id\":\"https:\/\/www.welovecycling.com\/sk\/#\/schema\/person\/image\/\",\"url\":\"https:\/\/secure.gravatar.com\/avatar\/6126c9afb87b70da5abbb083ddbb21933da15f18f8ca7cb822aba0fb096a48f6?s=96&d=mm&r=g\",\"contentUrl\":\"https:\/\/secure.gravatar.com\/avatar\/6126c9afb87b70da5abbb083ddbb21933da15f18f8ca7cb822aba0fb096a48f6?s=96&d=mm&r=g\",\"caption\":\"Ondrej Ga\u0161par\"},\"url\":\"https:\/\/www.welovecycling.com\/sk\/author\/ondrejgaspar\/\"}]}<\/script>\n<!-- \/ Yoast SEO Premium plugin. -->","yoast_head_json":{"title":"Aut\u00e1 na Tour de France - \u0160koda We Love Cycling Slovensko","robots":{"index":"index","follow":"follow","max-snippet":"max-snippet:-1","max-image-preview":"max-image-preview:large","max-video-preview":"max-video-preview:-1"},"canonical":"https:\/\/www.welovecycling.com\/sk\/2017\/06\/27\/auta-tour-de-france\/","og_locale":"sk_SK","og_type":"article","og_title":"Aut\u00e1 na Tour de France","og_description":"Cyklisti na Le Tour potrebuj\u00fa zodpovedaj\u00facu starostlivos\u0165 a rovnako aj n\u00e1hradn\u00e9 bicykle. Vozidl\u00e1, ktor\u00e9 poskytla \u0160koda, najazdili v priebehu roku [&hellip;]","og_url":"https:\/\/www.welovecycling.com\/sk\/2017\/06\/27\/auta-tour-de-france\/","og_site_name":"\u0160koda We Love Cycling Slovensko","article_published_time":"2017-06-26T22:42:05+00:00","article_modified_time":"2017-12-18T12:13:00+00:00","og_image":[{"width":1800,"height":785,"url":"https:\/\/d2p6e6u75xmxt8.cloudfront.net\/4\/2017\/06\/profimedia-0293242330-cover.webp","type":"image\/webp"}],"author":"Ondrej Ga\u0161par","twitter_card":"summary_large_image","twitter_misc":{"Written by":"We Love Cycling","Est. reading time":"2 minutes"},"schema":{"@context":"https:\/\/schema.org","@graph":[{"@type":"WebPage","@id":"https:\/\/www.welovecycling.com\/sk\/2017\/06\/27\/auta-tour-de-france\/","url":"https:\/\/www.welovecycling.com\/sk\/2017\/06\/27\/auta-tour-de-france\/","name":"Aut\u00e1 na Tour de France - \u0160koda We Love Cycling Slovensko","isPartOf":{"@id":"https:\/\/www.welovecycling.com\/sk\/#website"},"primaryImageOfPage":{"@id":"https:\/\/www.welovecycling.com\/sk\/2017\/06\/27\/auta-tour-de-france\/#primaryimage"},"image":{"@id":"https:\/\/www.welovecycling.com\/sk\/2017\/06\/27\/auta-tour-de-france\/#primaryimage"},"thumbnailUrl":"https:\/\/d2p6e6u75xmxt8.cloudfront.net\/4\/2017\/06\/profimedia-0293242330-cover.webp","datePublished":"2017-06-26T22:42:05+00:00","dateModified":"2017-12-18T12:13:00+00:00","author":{"@id":"https:\/\/www.welovecycling.com\/sk\/#\/schema\/person\/8ee09ba39b7e25b1870160aa5b3a89bc"},"breadcrumb":{"@id":"https:\/\/www.welovecycling.com\/sk\/2017\/06\/27\/auta-tour-de-france\/#breadcrumb"},"inLanguage":"sk-SK","potentialAction":[{"@type":"ReadAction","target":["https:\/\/www.welovecycling.com\/sk\/2017\/06\/27\/auta-tour-de-france\/"]}]},{"@type":"ImageObject","inLanguage":"sk-SK","@id":"https:\/\/www.welovecycling.com\/sk\/2017\/06\/27\/auta-tour-de-france\/#primaryimage","url":"https:\/\/d2p6e6u75xmxt8.cloudfront.net\/4\/2017\/06\/profimedia-0293242330-cover.webp","contentUrl":"https:\/\/d2p6e6u75xmxt8.cloudfront.net\/4\/2017\/06\/profimedia-0293242330-cover.webp","width":1800,"height":785},{"@type":"BreadcrumbList","@id":"https:\/\/www.welovecycling.com\/sk\/2017\/06\/27\/auta-tour-de-france\/#breadcrumb","itemListElement":[{"@type":"ListItem","position":1,"name":"Home","item":"https:\/\/www.welovecycling.com\/sk\/"},{"@type":"ListItem","position":2,"name":"Aut\u00e1 na Tour de France"}]},{"@type":"WebSite","@id":"https:\/\/www.welovecycling.com\/sk\/#website","url":"https:\/\/www.welovecycling.com\/sk\/","name":"\u0160koda We Love Cycling Slovensko","description":"\u0160koda We Love Cycling Slovensko je v\u00e1\u0161 ka\u017edodenn\u00fd zdroj noviniek a in\u0161pir\u00e1cie z sveta cyklistiky","potentialAction":[{"@type":"SearchAction","target":{"@type":"EntryPoint","urlTemplate":"https:\/\/www.welovecycling.com\/sk\/?s={search_term_string}"},"query-input":{"@type":"PropertyValueSpecification","valueRequired":true,"valueName":"search_term_string"}}],"inLanguage":"sk-SK"},{"@type":"Person","@id":"https:\/\/www.welovecycling.com\/sk\/#\/schema\/person\/8ee09ba39b7e25b1870160aa5b3a89bc","name":"Ondrej Ga\u0161par","image":{"@type":"ImageObject","inLanguage":"sk-SK","@id":"https:\/\/www.welovecycling.com\/sk\/#\/schema\/person\/image\/","url":"https:\/\/secure.gravatar.com\/avatar\/6126c9afb87b70da5abbb083ddbb21933da15f18f8ca7cb822aba0fb096a48f6?s=96&d=mm&r=g","contentUrl":"https:\/\/secure.gravatar.com\/avatar\/6126c9afb87b70da5abbb083ddbb21933da15f18f8ca7cb822aba0fb096a48f6?s=96&d=mm&r=g","caption":"Ondrej Ga\u0161par"},"url":"https:\/\/www.welovecycling.com\/sk\/author\/ondrejgaspar\/"}]}},"_links":{"self":[{"href":"https:\/\/www.welovecycling.com\/sk\/wp-json\/wp\/v2\/posts\/1300","targetHints":{"allow":["GET"]}}],"collection":[{"href":"https:\/\/www.welovecycling.com\/sk\/wp-json\/wp\/v2\/posts"}],"about":[{"href":"https:\/\/www.welovecycling.com\/sk\/wp-json\/wp\/v2\/types\/post"}],"author":[{"embeddable":true,"href":"https:\/\/www.welovecycling.com\/sk\/wp-json\/wp\/v2\/users\/38"}],"replies":[{"embeddable":true,"href":"https:\/\/www.welovecycling.com\/sk\/wp-json\/wp\/v2\/comments?post=1300"}],"version-history":[{"count":2,"href":"https:\/\/www.welovecycling.com\/sk\/wp-json\/wp\/v2\/posts\/1300\/revisions"}],"predecessor-version":[{"id":1574,"href":"https:\/\/www.welovecycling.com\/sk\/wp-json\/wp\/v2\/posts\/1300\/revisions\/1574"}],"wp:featuredmedia":[{"embeddable":true,"href":"https:\/\/www.welovecycling.com\/sk\/wp-json\/wp\/v2\/media\/1347"}],"wp:attachment":[{"href":"https:\/\/www.welovecycling.com\/sk\/wp-json\/wp\/v2\/media?parent=1300"}],"wp:term":[{"taxonomy":"category","embeddable":true,"href":"https:\/\/www.welovecycling.com\/sk\/wp-json\/wp\/v2\/categories?post=1300"},{"taxonomy":"post_tag","embeddable":true,"href":"https:\/\/www.welovecycling.com\/sk\/wp-json\/wp\/v2\/tags?post=1300"},{"taxonomy":"global-categories","embeddable":true,"href":"https:\/\/www.welovecycling.com\/sk\/wp-json\/wp\/v2\/global-categories?post=1300"}],"curies":[{"name":"wp","href":"https:\/\/api.w.org\/{rel}","templated":true}]}}