{"id":12994,"date":"2021-09-23T13:00:29","date_gmt":"2021-09-23T11:00:29","guid":{"rendered":"https:\/\/www.welovecycling.com\/sk\/?p=12994"},"modified":"2021-09-28T14:59:45","modified_gmt":"2021-09-28T12:59:45","slug":"saganove-sance-na-zisk-stvrteho-duhoveho-dresu","status":"publish","type":"post","link":"https:\/\/www.welovecycling.com\/sk\/2021\/09\/23\/saganove-sance-na-zisk-stvrteho-duhoveho-dresu\/","title":{"rendered":"Po celkovom triumfe na Okolo Slovenska op\u00e4\u0165 v akcii \u2013 ak\u00e9 s\u00fa Saganove \u0161ance na zisk \u0161tvrt\u00e9ho d\u00fahov\u00e9ho dresu?"},"content":{"rendered":"<p><strong>Trojn\u00e1sobn\u00fd majster sveta Peter Sagan sa po sklaman\u00ed na majstrovstv\u00e1ch Eur\u00f3py navnadil na svetov\u00fd \u0161ampion\u00e1t celkov\u00fdm triumfom na na\u0161ich najv\u00e4\u010d\u0161\u00edch etapov\u00fdch pretekoch Okolo Slovenska. Pri svojej premi\u00e9re pred dom\u00e1cimi fan\u00fa\u0161ikmi s\u00edce nevyhral ani jednu etapu, no tri druh\u00e9 a jedno tretie miesto sved\u010dia o tom, \u017ee 31-ro\u010dn\u00fd \u017dilin\u010dan je po zranen\u00ed kolena op\u00e4\u0165 v top forme.<\/strong><!--more--><\/p>\n<p>Majstrovstv\u00e1 sveta v cestnej cyklistike maj\u00fa tento rok \u0161peci\u00e1lny n\u00e1dych. Ubehlo presne 100 rokov, odkedy sa konali prv\u00fdkr\u00e1t. Za cel\u00fa storo\u010dn\u00fa hist\u00f3riu je Peter Sagan jedin\u00fdm cyklistom, ktor\u00e9mu sa podarilo ovl\u00e1dnu\u0165 najsledovanej\u0161ie preteky s hromadn\u00fdm \u0161tartom trikr\u00e1t po sebe.<\/p>\n<p><a href=\"https:\/\/d2p6e6u75xmxt8.cloudfront.net\/4\/2021\/09\/IMG-3668.jpg\"><img loading=\"lazy\" decoding=\"async\" class=\"alignnone wp-image-13010 size-full\" src=\"https:\/\/d2p6e6u75xmxt8.cloudfront.net\/4\/2021\/09\/IMG-3668.jpg\" alt=\"Fotka Petra Sagana na Okolo Slovenska\" width=\"1200\" height=\"1000\" \/><\/a><\/p>\n<p>St\u00e9 v\u00fdro\u010die cyklisti sl\u00e1via na mieste s bohat\u00fdm cyklistick\u00fdm dedi\u010dstvom &#8211; vo Fl\u00e1msku. Hoci sa tu jazdia zn\u00e1me klasiky, o dr\u017eite\u013eoch d\u00fahov\u00fdch dresov sa bude rozhodova\u0165 na menej zn\u00e1mych miestach. Tra\u0165 by mala ale n\u00e1\u0161mu elitn\u00e9mu pretek\u00e1rovi Petrovi Saganovi sedie\u0165.<\/p>\n<p>Cyklisti, ktor\u00ed sa postavia na \u0161tart pretekov s hromadn\u00fdm \u0161tartom, bud\u00fa musie\u0165 pokori\u0165 tra\u0165 dlh\u00fa 268 kilometrov s prev\u00fd\u0161en\u00edm 2 562 metrov. <strong>\u0160tart je napl\u00e1novan\u00fd na nede\u013eu 26. septembra o 10:25, v druhom najv\u00e4\u010d\u0161om meste Belgicka v Antverp\u00e1ch.<\/strong> Do cie\u013ea v Leuvene by mali jazdci dorazi\u0165 pribli\u017ene o \u0161es\u0165 a pol hodiny nesk\u00f4r.<\/p>\n<p>https:\/\/www.instagram.com\/p\/CTzM289oFKP\/?utm_source=ig_web_copy_link<\/p>\n<p>Tra\u0165 je technicky n\u00e1ro\u010dn\u00e1. Bud\u00fa sa jazdi\u0165 dva okruhy &#8211; dlh\u0161\u00ed so \u0161iestimi a krat\u0161\u00ed (fin\u00e1lny mestsk\u00fd okruh) so \u0161tyrmi st\u00fapaniami. Kopce nie s\u00fa prudk\u00e9, no na \u00fazkych cest\u00e1ch pln\u00fdch z\u00e1krut bude rozhodova\u0165 dobr\u00e1 pozi\u010dn\u00e1 jazda. D\u00e1 sa predpoklada\u0165, \u017ee pelot\u00f3n sa bude deli\u0165. Kto nebude v zlomov\u00fdch momentoch vpredu, pr\u00edde o \u0161ancu na dobr\u00e9 umiestnenie.<\/p>\n<p>V honbe za \u0161tvrt\u00fdm titulom majstra sveta bud\u00fa Petrovi Saganovi pom\u00e1ha\u0165 jeho brat Juraj Sagan, \u010fal\u0161\u00ed t\u00edmov\u00fd kolega z Bory-Hansgrohe Erik Ba\u0161ka a jazdec Dukly Bansk\u00e1 Bystrica Patrik Tybor. <strong>Ak by v Belgicku \u201etourmin\u00e1tor\u201c \u0161tvrt\u00fd d\u00fahov\u00fd dres majstra sveta z\u00edskal, zaistil by si v\u00fdnimo\u010dn\u00e9 miesto v cyklistickej hist\u00f3rii.<\/strong> Nikomu sa e\u0161te nepodarilo vyhra\u0165 viac ako tri tituly.<\/p>\n","protected":false},"excerpt":{"rendered":"<p>Trojn\u00e1sobn\u00fd majster sveta Peter Sagan sa po sklaman\u00ed na majstrovstv\u00e1ch Eur\u00f3py navnadil na svetov\u00fd \u0161ampion\u00e1t celkov\u00fdm triumfom na na\u0161ich najv\u00e4\u010d\u0161\u00edch [&hellip;]<\/p>\n","protected":false},"author":81,"featured_media":12996,"comment_status":"open","ping_status":"open","sticky":false,"template":"","format":"standard","meta":{"footnotes":""},"categories":[4],"tags":[421,115,473,281,46,179,885],"global-categories":[1074],"class_list":["post-12994","post","type-post","status-publish","format-standard","has-post-thumbnail","hentry","category-cestna-cyklisitika","tag-belgicko","tag-cestna-cyklistika","tag-duhovy-dres","tag-majstrovstva-sveta","tag-peter-sagan","tag-preteky","tag-profesional","global-categories-cycling"],"yoast_head":"<!-- This site is optimized with the Yoast SEO Premium plugin v25.3 (Yoast SEO v25.9) - https:\/\/yoast.com\/wordpress\/plugins\/seo\/ -->\n<title>Ak\u00e9 s\u00fa Saganove \u0161ance na zisk d\u00fahov\u00e9ho dresu? - We Love Cycling<\/title>\n<meta name=\"description\" content=\"Majstrovstv\u00e1 sveta v cestnej cyklistike maj\u00fa tento rok \u0161peci\u00e1lny n\u00e1dych. Ubehlo presne 100 rokov, odkedy sa konali prv\u00fdkr\u00e1t.\" \/>\n<meta name=\"robots\" content=\"index, follow, max-snippet:-1, max-image-preview:large, max-video-preview:-1\" \/>\n<link rel=\"canonical\" href=\"https:\/\/www.welovecycling.com\/sk\/2021\/09\/23\/saganove-sance-na-zisk-stvrteho-duhoveho-dresu\/\" \/>\n<meta property=\"og:locale\" content=\"sk_SK\" \/>\n<meta property=\"og:type\" content=\"article\" \/>\n<meta property=\"og:title\" content=\"Po celkovom triumfe na Okolo Slovenska op\u00e4\u0165 v akcii \u2013 ak\u00e9 s\u00fa Saganove \u0161ance na zisk \u0161tvrt\u00e9ho d\u00fahov\u00e9ho dresu?\" \/>\n<meta property=\"og:description\" content=\"Majstrovstv\u00e1 sveta v cestnej cyklistike maj\u00fa tento rok \u0161peci\u00e1lny n\u00e1dych. Ubehlo presne 100 rokov, odkedy sa konali prv\u00fdkr\u00e1t.\" \/>\n<meta property=\"og:url\" content=\"https:\/\/www.welovecycling.com\/sk\/2021\/09\/23\/saganove-sance-na-zisk-stvrteho-duhoveho-dresu\/\" \/>\n<meta property=\"og:site_name\" content=\"\u0160koda We Love Cycling Slovensko\" \/>\n<meta property=\"article:published_time\" content=\"2021-09-23T11:00:29+00:00\" \/>\n<meta property=\"article:modified_time\" content=\"2021-09-28T12:59:45+00:00\" \/>\n<meta property=\"og:image\" content=\"https:\/\/d2p6e6u75xmxt8.cloudfront.net\/4\/2021\/09\/Majstrovstva_SR_m__4256.webp\" \/>\n\t<meta property=\"og:image:width\" content=\"1380\" \/>\n\t<meta property=\"og:image:height\" content=\"600\" \/>\n\t<meta property=\"og:image:type\" content=\"image\/webp\" \/>\n<meta name=\"twitter:card\" content=\"summary_large_image\" \/>\n<meta name=\"twitter:label1\" content=\"Written by\" \/>\n\t<meta name=\"twitter:data1\" content=\"WeLoveCycling\" \/>\n\t<meta name=\"twitter:label2\" content=\"Est. reading time\" \/>\n\t<meta name=\"twitter:data2\" content=\"2\" \/>\n<script type=\"application\/ld+json\" class=\"yoast-schema-graph\">{\"@context\":\"https:\/\/schema.org\",\"@graph\":[{\"@type\":\"WebPage\",\"@id\":\"https:\/\/www.welovecycling.com\/sk\/2021\/09\/23\/saganove-sance-na-zisk-stvrteho-duhoveho-dresu\/\",\"url\":\"https:\/\/www.welovecycling.com\/sk\/2021\/09\/23\/saganove-sance-na-zisk-stvrteho-duhoveho-dresu\/\",\"name\":\"Ak\u00e9 s\u00fa Saganove \u0161ance na zisk d\u00fahov\u00e9ho dresu? - We Love Cycling\",\"isPartOf\":{\"@id\":\"https:\/\/www.welovecycling.com\/sk\/#website\"},\"primaryImageOfPage\":{\"@id\":\"https:\/\/www.welovecycling.com\/sk\/2021\/09\/23\/saganove-sance-na-zisk-stvrteho-duhoveho-dresu\/#primaryimage\"},\"image\":{\"@id\":\"https:\/\/www.welovecycling.com\/sk\/2021\/09\/23\/saganove-sance-na-zisk-stvrteho-duhoveho-dresu\/#primaryimage\"},\"thumbnailUrl\":\"https:\/\/d2p6e6u75xmxt8.cloudfront.net\/4\/2021\/09\/Majstrovstva_SR_m__4256.webp\",\"datePublished\":\"2021-09-23T11:00:29+00:00\",\"dateModified\":\"2021-09-28T12:59:45+00:00\",\"author\":{\"@id\":\"\"},\"description\":\"Majstrovstv\u00e1 sveta v cestnej cyklistike maj\u00fa tento rok \u0161peci\u00e1lny n\u00e1dych. Ubehlo presne 100 rokov, odkedy sa konali prv\u00fdkr\u00e1t.\",\"breadcrumb\":{\"@id\":\"https:\/\/www.welovecycling.com\/sk\/2021\/09\/23\/saganove-sance-na-zisk-stvrteho-duhoveho-dresu\/#breadcrumb\"},\"inLanguage\":\"sk-SK\",\"potentialAction\":[{\"@type\":\"ReadAction\",\"target\":[\"https:\/\/www.welovecycling.com\/sk\/2021\/09\/23\/saganove-sance-na-zisk-stvrteho-duhoveho-dresu\/\"]}]},{\"@type\":\"ImageObject\",\"inLanguage\":\"sk-SK\",\"@id\":\"https:\/\/www.welovecycling.com\/sk\/2021\/09\/23\/saganove-sance-na-zisk-stvrteho-duhoveho-dresu\/#primaryimage\",\"url\":\"https:\/\/d2p6e6u75xmxt8.cloudfront.net\/4\/2021\/09\/Majstrovstva_SR_m__4256.webp\",\"contentUrl\":\"https:\/\/d2p6e6u75xmxt8.cloudfront.net\/4\/2021\/09\/Majstrovstva_SR_m__4256.webp\",\"width\":1380,\"height\":600},{\"@type\":\"BreadcrumbList\",\"@id\":\"https:\/\/www.welovecycling.com\/sk\/2021\/09\/23\/saganove-sance-na-zisk-stvrteho-duhoveho-dresu\/#breadcrumb\",\"itemListElement\":[{\"@type\":\"ListItem\",\"position\":1,\"name\":\"Home\",\"item\":\"https:\/\/www.welovecycling.com\/sk\/\"},{\"@type\":\"ListItem\",\"position\":2,\"name\":\"Po celkovom triumfe na Okolo Slovenska op\u00e4\u0165 v akcii \u2013 ak\u00e9 s\u00fa Saganove \u0161ance na zisk \u0161tvrt\u00e9ho d\u00fahov\u00e9ho dresu?\"}]},{\"@type\":\"WebSite\",\"@id\":\"https:\/\/www.welovecycling.com\/sk\/#website\",\"url\":\"https:\/\/www.welovecycling.com\/sk\/\",\"name\":\"\u0160koda We Love Cycling Slovensko\",\"description\":\"\u0160koda We Love Cycling Slovensko je v\u00e1\u0161 ka\u017edodenn\u00fd zdroj noviniek a in\u0161pir\u00e1cie z sveta cyklistiky\",\"potentialAction\":[{\"@type\":\"SearchAction\",\"target\":{\"@type\":\"EntryPoint\",\"urlTemplate\":\"https:\/\/www.welovecycling.com\/sk\/?s={search_term_string}\"},\"query-input\":{\"@type\":\"PropertyValueSpecification\",\"valueRequired\":true,\"valueName\":\"search_term_string\"}}],\"inLanguage\":\"sk-SK\"},{\"@type\":\"Person\",\"@id\":\"\",\"url\":\"https:\/\/www.welovecycling.com\/sk\/author\/\"}]}<\/script>\n<!-- \/ Yoast SEO Premium plugin. -->","yoast_head_json":{"title":"Ak\u00e9 s\u00fa Saganove \u0161ance na zisk d\u00fahov\u00e9ho dresu? - We Love Cycling","description":"Majstrovstv\u00e1 sveta v cestnej cyklistike maj\u00fa tento rok \u0161peci\u00e1lny n\u00e1dych. Ubehlo presne 100 rokov, odkedy sa konali prv\u00fdkr\u00e1t.","robots":{"index":"index","follow":"follow","max-snippet":"max-snippet:-1","max-image-preview":"max-image-preview:large","max-video-preview":"max-video-preview:-1"},"canonical":"https:\/\/www.welovecycling.com\/sk\/2021\/09\/23\/saganove-sance-na-zisk-stvrteho-duhoveho-dresu\/","og_locale":"sk_SK","og_type":"article","og_title":"Po celkovom triumfe na Okolo Slovenska op\u00e4\u0165 v akcii \u2013 ak\u00e9 s\u00fa Saganove \u0161ance na zisk \u0161tvrt\u00e9ho d\u00fahov\u00e9ho dresu?","og_description":"Majstrovstv\u00e1 sveta v cestnej cyklistike maj\u00fa tento rok \u0161peci\u00e1lny n\u00e1dych. Ubehlo presne 100 rokov, odkedy sa konali prv\u00fdkr\u00e1t.","og_url":"https:\/\/www.welovecycling.com\/sk\/2021\/09\/23\/saganove-sance-na-zisk-stvrteho-duhoveho-dresu\/","og_site_name":"\u0160koda We Love Cycling Slovensko","article_published_time":"2021-09-23T11:00:29+00:00","article_modified_time":"2021-09-28T12:59:45+00:00","og_image":[{"width":1380,"height":600,"url":"https:\/\/d2p6e6u75xmxt8.cloudfront.net\/4\/2021\/09\/Majstrovstva_SR_m__4256.webp","type":"image\/webp"}],"twitter_card":"summary_large_image","twitter_misc":{"Written by":"WeLoveCycling","Est. reading time":"2"},"schema":{"@context":"https:\/\/schema.org","@graph":[{"@type":"WebPage","@id":"https:\/\/www.welovecycling.com\/sk\/2021\/09\/23\/saganove-sance-na-zisk-stvrteho-duhoveho-dresu\/","url":"https:\/\/www.welovecycling.com\/sk\/2021\/09\/23\/saganove-sance-na-zisk-stvrteho-duhoveho-dresu\/","name":"Ak\u00e9 s\u00fa Saganove \u0161ance na zisk d\u00fahov\u00e9ho dresu? - We Love Cycling","isPartOf":{"@id":"https:\/\/www.welovecycling.com\/sk\/#website"},"primaryImageOfPage":{"@id":"https:\/\/www.welovecycling.com\/sk\/2021\/09\/23\/saganove-sance-na-zisk-stvrteho-duhoveho-dresu\/#primaryimage"},"image":{"@id":"https:\/\/www.welovecycling.com\/sk\/2021\/09\/23\/saganove-sance-na-zisk-stvrteho-duhoveho-dresu\/#primaryimage"},"thumbnailUrl":"https:\/\/d2p6e6u75xmxt8.cloudfront.net\/4\/2021\/09\/Majstrovstva_SR_m__4256.webp","datePublished":"2021-09-23T11:00:29+00:00","dateModified":"2021-09-28T12:59:45+00:00","author":{"@id":""},"description":"Majstrovstv\u00e1 sveta v cestnej cyklistike maj\u00fa tento rok \u0161peci\u00e1lny n\u00e1dych. Ubehlo presne 100 rokov, odkedy sa konali prv\u00fdkr\u00e1t.","breadcrumb":{"@id":"https:\/\/www.welovecycling.com\/sk\/2021\/09\/23\/saganove-sance-na-zisk-stvrteho-duhoveho-dresu\/#breadcrumb"},"inLanguage":"sk-SK","potentialAction":[{"@type":"ReadAction","target":["https:\/\/www.welovecycling.com\/sk\/2021\/09\/23\/saganove-sance-na-zisk-stvrteho-duhoveho-dresu\/"]}]},{"@type":"ImageObject","inLanguage":"sk-SK","@id":"https:\/\/www.welovecycling.com\/sk\/2021\/09\/23\/saganove-sance-na-zisk-stvrteho-duhoveho-dresu\/#primaryimage","url":"https:\/\/d2p6e6u75xmxt8.cloudfront.net\/4\/2021\/09\/Majstrovstva_SR_m__4256.webp","contentUrl":"https:\/\/d2p6e6u75xmxt8.cloudfront.net\/4\/2021\/09\/Majstrovstva_SR_m__4256.webp","width":1380,"height":600},{"@type":"BreadcrumbList","@id":"https:\/\/www.welovecycling.com\/sk\/2021\/09\/23\/saganove-sance-na-zisk-stvrteho-duhoveho-dresu\/#breadcrumb","itemListElement":[{"@type":"ListItem","position":1,"name":"Home","item":"https:\/\/www.welovecycling.com\/sk\/"},{"@type":"ListItem","position":2,"name":"Po celkovom triumfe na Okolo Slovenska op\u00e4\u0165 v akcii \u2013 ak\u00e9 s\u00fa Saganove \u0161ance na zisk \u0161tvrt\u00e9ho d\u00fahov\u00e9ho dresu?"}]},{"@type":"WebSite","@id":"https:\/\/www.welovecycling.com\/sk\/#website","url":"https:\/\/www.welovecycling.com\/sk\/","name":"\u0160koda We Love Cycling Slovensko","description":"\u0160koda We Love Cycling Slovensko je v\u00e1\u0161 ka\u017edodenn\u00fd zdroj noviniek a in\u0161pir\u00e1cie z sveta cyklistiky","potentialAction":[{"@type":"SearchAction","target":{"@type":"EntryPoint","urlTemplate":"https:\/\/www.welovecycling.com\/sk\/?s={search_term_string}"},"query-input":{"@type":"PropertyValueSpecification","valueRequired":true,"valueName":"search_term_string"}}],"inLanguage":"sk-SK"},{"@type":"Person","@id":"","url":"https:\/\/www.welovecycling.com\/sk\/author\/"}]}},"_links":{"self":[{"href":"https:\/\/www.welovecycling.com\/sk\/wp-json\/wp\/v2\/posts\/12994","targetHints":{"allow":["GET"]}}],"collection":[{"href":"https:\/\/www.welovecycling.com\/sk\/wp-json\/wp\/v2\/posts"}],"about":[{"href":"https:\/\/www.welovecycling.com\/sk\/wp-json\/wp\/v2\/types\/post"}],"author":[{"embeddable":true,"href":"https:\/\/www.welovecycling.com\/sk\/wp-json\/wp\/v2\/users\/81"}],"replies":[{"embeddable":true,"href":"https:\/\/www.welovecycling.com\/sk\/wp-json\/wp\/v2\/comments?post=12994"}],"version-history":[{"count":2,"href":"https:\/\/www.welovecycling.com\/sk\/wp-json\/wp\/v2\/posts\/12994\/revisions"}],"predecessor-version":[{"id":13042,"href":"https:\/\/www.welovecycling.com\/sk\/wp-json\/wp\/v2\/posts\/12994\/revisions\/13042"}],"wp:featuredmedia":[{"embeddable":true,"href":"https:\/\/www.welovecycling.com\/sk\/wp-json\/wp\/v2\/media\/12996"}],"wp:attachment":[{"href":"https:\/\/www.welovecycling.com\/sk\/wp-json\/wp\/v2\/media?parent=12994"}],"wp:term":[{"taxonomy":"category","embeddable":true,"href":"https:\/\/www.welovecycling.com\/sk\/wp-json\/wp\/v2\/categories?post=12994"},{"taxonomy":"post_tag","embeddable":true,"href":"https:\/\/www.welovecycling.com\/sk\/wp-json\/wp\/v2\/tags?post=12994"},{"taxonomy":"global-categories","embeddable":true,"href":"https:\/\/www.welovecycling.com\/sk\/wp-json\/wp\/v2\/global-categories?post=12994"}],"curies":[{"name":"wp","href":"https:\/\/api.w.org\/{rel}","templated":true}]}}