{"id":1298,"date":"2017-06-26T00:53:26","date_gmt":"2017-06-25T22:53:26","guid":{"rendered":"https:\/\/www.welovecycling.com\/sk\/?p=1298"},"modified":"2018-07-17T17:31:16","modified_gmt":"2018-07-17T15:31:16","slug":"vzostupy-pady-stephena-rocheho-bez-hranic-bez-vyhovoriek","status":"publish","type":"post","link":"https:\/\/www.welovecycling.com\/sk\/2017\/06\/26\/vzostupy-pady-stephena-rocheho-bez-hranic-bez-vyhovoriek\/","title":{"rendered":"Vzostupy a p\u00e1dy Stephena Rocheho &#8211; bez hran\u00edc a bez v\u00fdhovoriek"},"content":{"rendered":"<p><strong>Len osem cyklistov vyhralo dve Grand Tour za rok a iba sedem vyhralo v tom istom roku jednu Grand Tour spolu s majstrovstvami sveta. Ale len dvaja cyklisti vyhrali v jednom roku Giro d&#8217;Italia, Le Tour de France aj majstrovstv\u00e1 sveta, a teda z\u00edskali Triple Crown of Cycling. T\u00fdmito legendami s\u00fa Eddie Merckx zn\u00e1my aj pod prez\u00fdvkou \u201eKanibal\u201c a skromn\u00fd \u00cdr Stephen Roche.<\/strong><!--more--><\/p>\n<h2><strong>Tragick\u00e9 udalosti<\/strong><\/h2>\n<p>V roku 1986 Roche vo vysokej r\u00fdchlosti havaroval s trval\u00fdm n\u00e1sledkom vo forme chronick\u00e9ho zranenia prav\u00e9ho kolena. Roche sa rozhodol pokra\u010dova\u0165 vo svojej profesion\u00e1lnej cyklistickej kari\u00e9re a v sez\u00f3ne 1987 bojoval, akoby mala by\u0165 jeho posledn\u00e1.<\/p>\n<figure id=\"attachment_152281\" aria-describedby=\"caption-attachment-152281\" style=\"width: 1250px\" class=\"wp-caption alignnone\"><a href=\"https:\/\/d2p6e6u75xmxt8.cloudfront.net\/4\/2017\/06\/profimedia-0226083874.jpg\"><img loading=\"lazy\" decoding=\"async\" class=\"size-full wp-image-1305\" src=\"https:\/\/d2p6e6u75xmxt8.cloudfront.net\/4\/2017\/06\/profimedia-0226083874.jpg\" alt=\"\" width=\"1250\" height=\"821\" \/><\/a><figcaption id=\"caption-attachment-152281\" class=\"wp-caption-text\">\u00cdri Stephen Roche a Sean Kelly po\u010das majstrovstiev sveta v roku 1982, Goodwood, Ve\u013ek\u00e1 Brit\u00e1nia.<\/figcaption><\/figure>\n<h2><strong>Jazdi\u0165 ako amat\u00e9r<\/strong><\/h2>\n<p>Za\u010diatok sez\u00f3ny 1987 mal by\u0165 pre Rocheho sen &#8211; prekonal o\u010dak\u00e1vania, ke\u010f vyhral Volta a la Communitat Valenciana a umiestnil sa medzi najlep\u0161\u00edmi tromi v nieko\u013ek\u00fdch klasik\u00e1ch. Napriek tomu Roche novin\u00e1rom povedal, \u017ee \u201ejazd\u00ed ako amat\u00e9r&#8220;.<\/p>\n<div class=\"shortcode-ys-post-pinup\"><article class=\"loop-simple post-1296 post type-post status-publish format-video has-post-thumbnail hentry category-cestna-cyklisitika category-legendy category-zdravie-trening tag-cestna-cyklistika tag-jiri-jezek tag-letape-du-tour tag-tour-de-france post_format-video\" data-postid=\"1296\" role=\"article\" data-post-id=\"1296\" data-word-count=\"533\" data-headline-length=\"47\" data-category=\"Cestn\u00e1 cyklistika\" data-author=\"We Love Cycling\" data-published=\"2017-06-30T20:15:23+02:00\" data-published-day=\"Friday\">\n    <div class=\"entry-thumbnail article-thumbnail video-thumbnail\" content=\"https:\/\/d2p6e6u75xmxt8.cloudfront.net\/4\/2017\/06\/Untitled-collage-5-150x150.webp\"><svg class=\"play font-icon\"><use href=\"#play_round\" xlink:href=\"#play_round\"><\/use><\/svg><a href=\"https:\/\/www.welovecycling.com\/sk\/2017\/06\/30\/jiri-jezek-pribeh-nezlomneho-ducha\/\" class=\"image-holder\" target=\"_self\"><img decoding=\"async\" loading=\"lazy\" class=\"\" src=\"https:\/\/d2p6e6u75xmxt8.cloudfront.net\/4\/2017\/06\/Untitled-collage-5-1024x447.webp\" srcset=\"https:\/\/d2p6e6u75xmxt8.cloudfront.net\/4\/2017\/06\/Untitled-collage-5.webp 1800w, https:\/\/d2p6e6u75xmxt8.cloudfront.net\/4\/2017\/06\/Untitled-collage-5-300x131.webp 300w, https:\/\/d2p6e6u75xmxt8.cloudfront.net\/4\/2017\/06\/Untitled-collage-5-1024x447.webp 1024w, https:\/\/d2p6e6u75xmxt8.cloudfront.net\/4\/2017\/06\/Untitled-collage-5-768x335.webp 768w, https:\/\/d2p6e6u75xmxt8.cloudfront.net\/4\/2017\/06\/Untitled-collage-5-1536x670.webp 1536w\" width=\"1024\" height=\"447\" sizes=\"auto, (min-width: 1200px) 458px, (min-width: 768px) 38vw, 100vw\" alt=\"jiri-jezek-pribeh-nezlomneho-ducha\"\/><\/a><\/div>    <div class=\"entry-meta\">\n        <a class=\"label label-secondary post-category\" href=\"https:\/\/www.welovecycling.com\/sk\/category\/cestna-cyklisitika\/\" title=\"Cestn\u00e1 cyklistika\">Cestn\u00e1 cyklistika<\/a>\n    <\/div>\n    <div class=\"entry-details\">\n        <a href=\"https:\/\/www.welovecycling.com\/sk\/2017\/06\/30\/jiri-jezek-pribeh-nezlomneho-ducha\/\" class='entry-title-wrapper'>\n            <h3 class=\"entry-title\"><span>Ji\u0159\u00ed Je\u017eek &#8211; pr\u00edbeh nezlomn\u00e9ho ducha<\/span><\/h3>\n        <\/a>\n    <\/div>\n    <\/article>\n<\/div>\n<p>Roche potom pokra\u010doval v etap\u00e1ch na Giro d&#8217;Italia a stal sa prv\u00fdm \u00cdrom, ktor\u00fd vyhral celkov\u00e9 poradie. Svet cyklistiky bol uchv\u00e1ten\u00fd &#8211; ak toto dok\u00e1\u017ee amat\u00e9r Stephen Roche, predstavte si, \u010do by mohol dok\u00e1za\u0165 Stephen Roche profesion\u00e1l.<\/p>\n<h2><strong>Svetlo na konci tunela<\/strong><\/h2>\n<p>Roche op\u00edsal svoju Tour de France v roku 1986 ako \u201etemn\u00fd tunel bolesti&#8220; a nikto by mu nemal za zl\u00e9, ak by sa odklonil od profesion\u00e1lnej cyklistiky. Ale Roche sa nejako nau\u010dil potla\u010di\u0165 hranice bolesti a \u00fanavy, a v 21. etape Tour de France 1987 prilial olej do oh\u0148a.<\/p>\n<figure id=\"attachment_152284\" aria-describedby=\"caption-attachment-152284\" style=\"width: 1250px\" class=\"wp-caption alignnone\"><a href=\"https:\/\/d2p6e6u75xmxt8.cloudfront.net\/4\/2017\/06\/profimedia-0226083837.jpg\"><img loading=\"lazy\" decoding=\"async\" class=\"size-full wp-image-1317\" src=\"https:\/\/d2p6e6u75xmxt8.cloudfront.net\/4\/2017\/06\/profimedia-0226083837.jpg\" alt=\"\" width=\"1250\" height=\"931\" \/><\/a><figcaption id=\"caption-attachment-152284\" class=\"wp-caption-text\">Stephen Roche \u0165ah\u00e1 Seana Kellyho.<\/figcaption><\/figure>\n<h2><strong>By\u0165 nad vecou<\/strong><\/h2>\n<p>Do 20. etapy Tour de France v roku 1987 Roche zaost\u00e1val za svojim s\u00faperom Delgadom. Roche vedel, \u017ee Delgado miluje v\u00fdstupy a myslel si, \u017ee sa neuspokoj\u00ed, pokia\u013e nezdol\u00e1 La Plagne, a preto sa rozhodol prekvapi\u0165 \u00fatokom hne\u010f na za\u010diatku etapy a s\u00e1m pokra\u010dova\u0165 v st\u00fapan\u00ed po Col de la Madeleine.<\/p>\n<lite-youtube videoid=sQojh-wqL04 params=\"enablejsapi=1\" style=\"background-image: url('https:\/\/i.ytimg.com\/vi_webp\/sQojh-wqL04\/maxresdefault.webp');\"><\/lite-youtube>\n<p>Ke\u010f nastal \u010das, Delgado za\u00fato\u010dil na La Plagne, presne ako predpovedal Roche. Delgado mal jednu min\u00fatu n\u00e1skok a Roche d\u00fafal, \u017ee Delgado zvo\u013en\u00ed nato\u013eko, \u017ee u\u017e svoj n\u00e1skok nebude viac zv\u00e4\u010d\u0161ova\u0165. Na \u00fadiv koment\u00e1torov sa Roche vynoril na ve\u013ekej rovine a uh\u00e1\u0148al cez zvy\u0161ok st\u00fapania.<\/p>\n<h2><strong>Zrodenie legendy<\/strong><\/h2>\n<p>Rocheho \u00fasilie bolo tak\u00e9 obrovsk\u00e9, \u017ee na konci etapy stratil vedomie a skolaboval. Po nalo\u017een\u00ed do sanitky a podan\u00ed kysl\u00edka sa Roche nakoniec prebral a na ot\u00e1zku \u010di je v poriadku, odpovedal: &#8222;\u00c1no, len so sexom by som e\u0161te tro\u0161ku po\u010dkal&#8220;.<\/p>\n<div class=\"shortcode-ys-post-pinup\"><article class=\"loop-simple post-1326 post type-post status-publish format-video has-post-thumbnail hentry category-cestna-cyklisitika category-tour-de-france tag-bicycle-race tag-cestna-cyklistika tag-fat-bottomed-girls tag-queen tag-tour-de-france post_format-video\" data-postid=\"1326\" role=\"article\" data-post-id=\"1326\" data-word-count=\"301\" data-headline-length=\"31\" data-category=\"Cestn\u00e1 cyklistika\" data-author=\"We Love Cycling\" data-published=\"2017-06-28T00:18:17+02:00\" data-published-day=\"Wednesday\">\n    <div class=\"entry-thumbnail article-thumbnail video-thumbnail\" content=\"https:\/\/d2p6e6u75xmxt8.cloudfront.net\/4\/2017\/06\/profimedia-0222666193-cover-150x150.webp\"><svg class=\"play font-icon\"><use href=\"#play_round\" xlink:href=\"#play_round\"><\/use><\/svg><a href=\"https:\/\/www.welovecycling.com\/sk\/2017\/06\/28\/milujeme-bicycle-race-queen\/\" class=\"image-holder\" target=\"_self\"><img decoding=\"async\" loading=\"lazy\" class=\"\" src=\"https:\/\/d2p6e6u75xmxt8.cloudfront.net\/4\/2017\/06\/profimedia-0222666193-cover-1024x447.webp\" srcset=\"https:\/\/d2p6e6u75xmxt8.cloudfront.net\/4\/2017\/06\/profimedia-0222666193-cover.webp 1800w, https:\/\/d2p6e6u75xmxt8.cloudfront.net\/4\/2017\/06\/profimedia-0222666193-cover-300x131.webp 300w, https:\/\/d2p6e6u75xmxt8.cloudfront.net\/4\/2017\/06\/profimedia-0222666193-cover-1024x447.webp 1024w, https:\/\/d2p6e6u75xmxt8.cloudfront.net\/4\/2017\/06\/profimedia-0222666193-cover-768x335.webp 768w, https:\/\/d2p6e6u75xmxt8.cloudfront.net\/4\/2017\/06\/profimedia-0222666193-cover-1536x670.webp 1536w\" width=\"1024\" height=\"447\" sizes=\"auto, (min-width: 1200px) 458px, (min-width: 768px) 38vw, 100vw\" alt=\"milujeme-bicycle-race-queen\"\/><\/a><\/div>    <div class=\"entry-meta\">\n        <a class=\"label label-secondary post-category\" href=\"https:\/\/www.welovecycling.com\/sk\/category\/cestna-cyklisitika\/\" title=\"Cestn\u00e1 cyklistika\">Cestn\u00e1 cyklistika<\/a>\n    <\/div>\n    <div class=\"entry-details\">\n        <a href=\"https:\/\/www.welovecycling.com\/sk\/2017\/06\/28\/milujeme-bicycle-race-queen\/\" class='entry-title-wrapper'>\n            <h3 class=\"entry-title\"><span>Milujeme: Bicycle Race od Queen<\/span><\/h3>\n        <\/a>\n    <\/div>\n    <\/article>\n<\/div>\n<p>Rocheho rozhodnutie odola\u0165 poku\u0161eniu bolo rozumn\u00e9 &#8211; pokra\u010doval a Tour de France 1987 vyhral so 40 sekundov\u00fdm n\u00e1skokom pred Delgadom. Nesk\u00f4r v rovnakom roku Roche vyhral majstrovstv\u00e1 sveta na pretekoch v rak\u00faskom Villachu, \u010d\u00edm z roku 1987 urobil druh\u00fd a zatia\u013e posledn\u00fd rok, v ktorom cyklista vyhral Triple Crown of Cycling.<\/p>\n<h2><strong>Nejak\u00e1 prek\u00e1\u017eka?<\/strong><\/h2>\n<p>Cyklisti, ktor\u00ed dosiahli najviac, \u010do sa v cyklistike d\u00e1, dok\u00e1\u017eu pos\u00fadi\u0165, \u010do je v \u017eivote skuto\u010dne d\u00f4le\u017eit\u00e9.<\/p>\n<p>Roche raz povedal: ,,Nikdy nechcem opusti\u0165 svoj bicykel. Ke\u010f vid\u00edm, ako m\u00f4j sedemdesiatro\u010dn\u00fd star\u00fd otec jazd\u00ed kade-tade, je to pre m\u0148a naozaj kr\u00e1sne. M\u00f4j bicykel mus\u00ed nav\u017edy osta\u0165 s\u00fa\u010das\u0165ou m\u00f4jho \u017eivota.&#8220; Skuto\u010dn\u00fd cyklista \ud83d\ude42<\/p>\n<div class=\"embed-controller-wrapper\">\n<div class=\"embed-wrapper\"><iframe title=\"Nechce sa v\u00e1m? A \u010do by na to povedali va\u0161e nohy? #TDF2017\" width=\"500\" height=\"281\" data-src=\"https:\/\/www.youtube.com\/embed\/FYBLQak2Fao?feature=oembed\" frameborder=\"0\" allow=\"accelerometer; autoplay; clipboard-write; encrypted-media; gyroscope; picture-in-picture; web-share\" referrerpolicy=\"strict-origin-when-cross-origin\" allowfullscreen><\/iframe><\/div>\n<\/div>\n","protected":false},"excerpt":{"rendered":"<p>Len osem cyklistov vyhralo dve Grand Tour za rok a iba sedem vyhralo v tom istom roku jednu Grand Tour [&hellip;]<\/p>\n","protected":false},"author":38,"featured_media":1331,"comment_status":"open","ping_status":"open","sticky":false,"template":"","format":"video","meta":{"footnotes":""},"categories":[4,127],"tags":[115,129,130,133,128,20,132,131],"global-categories":[],"class_list":["post-1298","post","type-post","status-publish","format-video","has-post-thumbnail","hentry","category-cestna-cyklisitika","category-legendy","tag-cestna-cyklistika","tag-eddie-merckx","tag-la-plagne","tag-sean-kelly","tag-stephen-roche","tag-tour-de-france","tag-tour-de-france-1987","tag-triple-crown-of-cycling","post_format-post-format-video"],"yoast_head":"<!-- This site is optimized with the Yoast SEO Premium plugin v25.3 (Yoast SEO v25.9) - https:\/\/yoast.com\/wordpress\/plugins\/seo\/ -->\n<title>Vzostupy a p\u00e1dy Stephena Rocheho - bez hran\u00edc a bez v\u00fdhovoriek - \u0160koda We Love Cycling Slovensko<\/title>\n<meta name=\"robots\" content=\"index, follow, max-snippet:-1, max-image-preview:large, max-video-preview:-1\" \/>\n<link rel=\"canonical\" href=\"https:\/\/www.welovecycling.com\/sk\/2017\/06\/26\/vzostupy-pady-stephena-rocheho-bez-hranic-bez-vyhovoriek\/\" \/>\n<meta property=\"og:locale\" content=\"sk_SK\" \/>\n<meta property=\"og:type\" content=\"article\" \/>\n<meta property=\"og:title\" content=\"Vzostupy a p\u00e1dy Stephena Rocheho - bez hran\u00edc a bez v\u00fdhovoriek\" \/>\n<meta property=\"og:description\" content=\"Len osem cyklistov vyhralo dve Grand Tour za rok a iba sedem vyhralo v tom istom roku jednu Grand Tour [&hellip;]\" \/>\n<meta property=\"og:url\" content=\"https:\/\/www.welovecycling.com\/sk\/2017\/06\/26\/vzostupy-pady-stephena-rocheho-bez-hranic-bez-vyhovoriek\/\" \/>\n<meta property=\"og:site_name\" content=\"\u0160koda We Love Cycling Slovensko\" \/>\n<meta property=\"article:published_time\" content=\"2017-06-25T22:53:26+00:00\" \/>\n<meta property=\"article:modified_time\" content=\"2018-07-17T15:31:16+00:00\" \/>\n<meta property=\"og:image\" content=\"https:\/\/d2p6e6u75xmxt8.cloudfront.net\/4\/2017\/06\/profimedia-0068376051-1.webp\" \/>\n\t<meta property=\"og:image:width\" content=\"1800\" \/>\n\t<meta property=\"og:image:height\" content=\"785\" \/>\n\t<meta property=\"og:image:type\" content=\"image\/webp\" \/>\n<meta name=\"author\" content=\"Ondrej Ga\u0161par\" \/>\n<meta name=\"twitter:card\" content=\"summary_large_image\" \/>\n<meta name=\"twitter:label1\" content=\"Written by\" \/>\n\t<meta name=\"twitter:data1\" content=\"We Love Cycling\" \/>\n\t<meta name=\"twitter:label2\" content=\"Est. reading time\" \/>\n\t<meta name=\"twitter:data2\" content=\"3 minutes\" \/>\n<script type=\"application\/ld+json\" class=\"yoast-schema-graph\">{\"@context\":\"https:\/\/schema.org\",\"@graph\":[{\"@type\":\"WebPage\",\"@id\":\"https:\/\/www.welovecycling.com\/sk\/2017\/06\/26\/vzostupy-pady-stephena-rocheho-bez-hranic-bez-vyhovoriek\/\",\"url\":\"https:\/\/www.welovecycling.com\/sk\/2017\/06\/26\/vzostupy-pady-stephena-rocheho-bez-hranic-bez-vyhovoriek\/\",\"name\":\"Vzostupy a p\u00e1dy Stephena Rocheho - bez hran\u00edc a bez v\u00fdhovoriek - \u0160koda We Love Cycling Slovensko\",\"isPartOf\":{\"@id\":\"https:\/\/www.welovecycling.com\/sk\/#website\"},\"primaryImageOfPage\":{\"@id\":\"https:\/\/www.welovecycling.com\/sk\/2017\/06\/26\/vzostupy-pady-stephena-rocheho-bez-hranic-bez-vyhovoriek\/#primaryimage\"},\"image\":{\"@id\":\"https:\/\/www.welovecycling.com\/sk\/2017\/06\/26\/vzostupy-pady-stephena-rocheho-bez-hranic-bez-vyhovoriek\/#primaryimage\"},\"thumbnailUrl\":\"https:\/\/d2p6e6u75xmxt8.cloudfront.net\/4\/2017\/06\/profimedia-0068376051-1.webp\",\"datePublished\":\"2017-06-25T22:53:26+00:00\",\"dateModified\":\"2018-07-17T15:31:16+00:00\",\"author\":{\"@id\":\"https:\/\/www.welovecycling.com\/sk\/#\/schema\/person\/8ee09ba39b7e25b1870160aa5b3a89bc\"},\"breadcrumb\":{\"@id\":\"https:\/\/www.welovecycling.com\/sk\/2017\/06\/26\/vzostupy-pady-stephena-rocheho-bez-hranic-bez-vyhovoriek\/#breadcrumb\"},\"inLanguage\":\"sk-SK\",\"potentialAction\":[{\"@type\":\"ReadAction\",\"target\":[\"https:\/\/www.welovecycling.com\/sk\/2017\/06\/26\/vzostupy-pady-stephena-rocheho-bez-hranic-bez-vyhovoriek\/\"]}]},{\"@type\":\"ImageObject\",\"inLanguage\":\"sk-SK\",\"@id\":\"https:\/\/www.welovecycling.com\/sk\/2017\/06\/26\/vzostupy-pady-stephena-rocheho-bez-hranic-bez-vyhovoriek\/#primaryimage\",\"url\":\"https:\/\/d2p6e6u75xmxt8.cloudfront.net\/4\/2017\/06\/profimedia-0068376051-1.webp\",\"contentUrl\":\"https:\/\/d2p6e6u75xmxt8.cloudfront.net\/4\/2017\/06\/profimedia-0068376051-1.webp\",\"width\":1800,\"height\":785},{\"@type\":\"BreadcrumbList\",\"@id\":\"https:\/\/www.welovecycling.com\/sk\/2017\/06\/26\/vzostupy-pady-stephena-rocheho-bez-hranic-bez-vyhovoriek\/#breadcrumb\",\"itemListElement\":[{\"@type\":\"ListItem\",\"position\":1,\"name\":\"Home\",\"item\":\"https:\/\/www.welovecycling.com\/sk\/\"},{\"@type\":\"ListItem\",\"position\":2,\"name\":\"Vzostupy a p\u00e1dy Stephena Rocheho &#8211; bez hran\u00edc a bez v\u00fdhovoriek\"}]},{\"@type\":\"WebSite\",\"@id\":\"https:\/\/www.welovecycling.com\/sk\/#website\",\"url\":\"https:\/\/www.welovecycling.com\/sk\/\",\"name\":\"\u0160koda We Love Cycling Slovensko\",\"description\":\"\u0160koda We Love Cycling Slovensko je v\u00e1\u0161 ka\u017edodenn\u00fd zdroj noviniek a in\u0161pir\u00e1cie z sveta cyklistiky\",\"potentialAction\":[{\"@type\":\"SearchAction\",\"target\":{\"@type\":\"EntryPoint\",\"urlTemplate\":\"https:\/\/www.welovecycling.com\/sk\/?s={search_term_string}\"},\"query-input\":{\"@type\":\"PropertyValueSpecification\",\"valueRequired\":true,\"valueName\":\"search_term_string\"}}],\"inLanguage\":\"sk-SK\"},{\"@type\":\"Person\",\"@id\":\"https:\/\/www.welovecycling.com\/sk\/#\/schema\/person\/8ee09ba39b7e25b1870160aa5b3a89bc\",\"name\":\"Ondrej Ga\u0161par\",\"image\":{\"@type\":\"ImageObject\",\"inLanguage\":\"sk-SK\",\"@id\":\"https:\/\/www.welovecycling.com\/sk\/#\/schema\/person\/image\/\",\"url\":\"https:\/\/secure.gravatar.com\/avatar\/6126c9afb87b70da5abbb083ddbb21933da15f18f8ca7cb822aba0fb096a48f6?s=96&d=mm&r=g\",\"contentUrl\":\"https:\/\/secure.gravatar.com\/avatar\/6126c9afb87b70da5abbb083ddbb21933da15f18f8ca7cb822aba0fb096a48f6?s=96&d=mm&r=g\",\"caption\":\"Ondrej Ga\u0161par\"},\"url\":\"https:\/\/www.welovecycling.com\/sk\/author\/ondrejgaspar\/\"}]}<\/script>\n<!-- \/ Yoast SEO Premium plugin. -->","yoast_head_json":{"title":"Vzostupy a p\u00e1dy Stephena Rocheho - bez hran\u00edc a bez v\u00fdhovoriek - \u0160koda We Love Cycling Slovensko","robots":{"index":"index","follow":"follow","max-snippet":"max-snippet:-1","max-image-preview":"max-image-preview:large","max-video-preview":"max-video-preview:-1"},"canonical":"https:\/\/www.welovecycling.com\/sk\/2017\/06\/26\/vzostupy-pady-stephena-rocheho-bez-hranic-bez-vyhovoriek\/","og_locale":"sk_SK","og_type":"article","og_title":"Vzostupy a p\u00e1dy Stephena Rocheho - bez hran\u00edc a bez v\u00fdhovoriek","og_description":"Len osem cyklistov vyhralo dve Grand Tour za rok a iba sedem vyhralo v tom istom roku jednu Grand Tour [&hellip;]","og_url":"https:\/\/www.welovecycling.com\/sk\/2017\/06\/26\/vzostupy-pady-stephena-rocheho-bez-hranic-bez-vyhovoriek\/","og_site_name":"\u0160koda We Love Cycling Slovensko","article_published_time":"2017-06-25T22:53:26+00:00","article_modified_time":"2018-07-17T15:31:16+00:00","og_image":[{"width":1800,"height":785,"url":"https:\/\/d2p6e6u75xmxt8.cloudfront.net\/4\/2017\/06\/profimedia-0068376051-1.webp","type":"image\/webp"}],"author":"Ondrej Ga\u0161par","twitter_card":"summary_large_image","twitter_misc":{"Written by":"We Love Cycling","Est. reading time":"3 minutes"},"schema":{"@context":"https:\/\/schema.org","@graph":[{"@type":"WebPage","@id":"https:\/\/www.welovecycling.com\/sk\/2017\/06\/26\/vzostupy-pady-stephena-rocheho-bez-hranic-bez-vyhovoriek\/","url":"https:\/\/www.welovecycling.com\/sk\/2017\/06\/26\/vzostupy-pady-stephena-rocheho-bez-hranic-bez-vyhovoriek\/","name":"Vzostupy a p\u00e1dy Stephena Rocheho - bez hran\u00edc a bez v\u00fdhovoriek - \u0160koda We Love Cycling Slovensko","isPartOf":{"@id":"https:\/\/www.welovecycling.com\/sk\/#website"},"primaryImageOfPage":{"@id":"https:\/\/www.welovecycling.com\/sk\/2017\/06\/26\/vzostupy-pady-stephena-rocheho-bez-hranic-bez-vyhovoriek\/#primaryimage"},"image":{"@id":"https:\/\/www.welovecycling.com\/sk\/2017\/06\/26\/vzostupy-pady-stephena-rocheho-bez-hranic-bez-vyhovoriek\/#primaryimage"},"thumbnailUrl":"https:\/\/d2p6e6u75xmxt8.cloudfront.net\/4\/2017\/06\/profimedia-0068376051-1.webp","datePublished":"2017-06-25T22:53:26+00:00","dateModified":"2018-07-17T15:31:16+00:00","author":{"@id":"https:\/\/www.welovecycling.com\/sk\/#\/schema\/person\/8ee09ba39b7e25b1870160aa5b3a89bc"},"breadcrumb":{"@id":"https:\/\/www.welovecycling.com\/sk\/2017\/06\/26\/vzostupy-pady-stephena-rocheho-bez-hranic-bez-vyhovoriek\/#breadcrumb"},"inLanguage":"sk-SK","potentialAction":[{"@type":"ReadAction","target":["https:\/\/www.welovecycling.com\/sk\/2017\/06\/26\/vzostupy-pady-stephena-rocheho-bez-hranic-bez-vyhovoriek\/"]}]},{"@type":"ImageObject","inLanguage":"sk-SK","@id":"https:\/\/www.welovecycling.com\/sk\/2017\/06\/26\/vzostupy-pady-stephena-rocheho-bez-hranic-bez-vyhovoriek\/#primaryimage","url":"https:\/\/d2p6e6u75xmxt8.cloudfront.net\/4\/2017\/06\/profimedia-0068376051-1.webp","contentUrl":"https:\/\/d2p6e6u75xmxt8.cloudfront.net\/4\/2017\/06\/profimedia-0068376051-1.webp","width":1800,"height":785},{"@type":"BreadcrumbList","@id":"https:\/\/www.welovecycling.com\/sk\/2017\/06\/26\/vzostupy-pady-stephena-rocheho-bez-hranic-bez-vyhovoriek\/#breadcrumb","itemListElement":[{"@type":"ListItem","position":1,"name":"Home","item":"https:\/\/www.welovecycling.com\/sk\/"},{"@type":"ListItem","position":2,"name":"Vzostupy a p\u00e1dy Stephena Rocheho &#8211; bez hran\u00edc a bez v\u00fdhovoriek"}]},{"@type":"WebSite","@id":"https:\/\/www.welovecycling.com\/sk\/#website","url":"https:\/\/www.welovecycling.com\/sk\/","name":"\u0160koda We Love Cycling Slovensko","description":"\u0160koda We Love Cycling Slovensko je v\u00e1\u0161 ka\u017edodenn\u00fd zdroj noviniek a in\u0161pir\u00e1cie z sveta cyklistiky","potentialAction":[{"@type":"SearchAction","target":{"@type":"EntryPoint","urlTemplate":"https:\/\/www.welovecycling.com\/sk\/?s={search_term_string}"},"query-input":{"@type":"PropertyValueSpecification","valueRequired":true,"valueName":"search_term_string"}}],"inLanguage":"sk-SK"},{"@type":"Person","@id":"https:\/\/www.welovecycling.com\/sk\/#\/schema\/person\/8ee09ba39b7e25b1870160aa5b3a89bc","name":"Ondrej Ga\u0161par","image":{"@type":"ImageObject","inLanguage":"sk-SK","@id":"https:\/\/www.welovecycling.com\/sk\/#\/schema\/person\/image\/","url":"https:\/\/secure.gravatar.com\/avatar\/6126c9afb87b70da5abbb083ddbb21933da15f18f8ca7cb822aba0fb096a48f6?s=96&d=mm&r=g","contentUrl":"https:\/\/secure.gravatar.com\/avatar\/6126c9afb87b70da5abbb083ddbb21933da15f18f8ca7cb822aba0fb096a48f6?s=96&d=mm&r=g","caption":"Ondrej Ga\u0161par"},"url":"https:\/\/www.welovecycling.com\/sk\/author\/ondrejgaspar\/"}]}},"_links":{"self":[{"href":"https:\/\/www.welovecycling.com\/sk\/wp-json\/wp\/v2\/posts\/1298","targetHints":{"allow":["GET"]}}],"collection":[{"href":"https:\/\/www.welovecycling.com\/sk\/wp-json\/wp\/v2\/posts"}],"about":[{"href":"https:\/\/www.welovecycling.com\/sk\/wp-json\/wp\/v2\/types\/post"}],"author":[{"embeddable":true,"href":"https:\/\/www.welovecycling.com\/sk\/wp-json\/wp\/v2\/users\/38"}],"replies":[{"embeddable":true,"href":"https:\/\/www.welovecycling.com\/sk\/wp-json\/wp\/v2\/comments?post=1298"}],"version-history":[{"count":2,"href":"https:\/\/www.welovecycling.com\/sk\/wp-json\/wp\/v2\/posts\/1298\/revisions"}],"predecessor-version":[{"id":4220,"href":"https:\/\/www.welovecycling.com\/sk\/wp-json\/wp\/v2\/posts\/1298\/revisions\/4220"}],"wp:featuredmedia":[{"embeddable":true,"href":"https:\/\/www.welovecycling.com\/sk\/wp-json\/wp\/v2\/media\/1331"}],"wp:attachment":[{"href":"https:\/\/www.welovecycling.com\/sk\/wp-json\/wp\/v2\/media?parent=1298"}],"wp:term":[{"taxonomy":"category","embeddable":true,"href":"https:\/\/www.welovecycling.com\/sk\/wp-json\/wp\/v2\/categories?post=1298"},{"taxonomy":"post_tag","embeddable":true,"href":"https:\/\/www.welovecycling.com\/sk\/wp-json\/wp\/v2\/tags?post=1298"},{"taxonomy":"global-categories","embeddable":true,"href":"https:\/\/www.welovecycling.com\/sk\/wp-json\/wp\/v2\/global-categories?post=1298"}],"curies":[{"name":"wp","href":"https:\/\/api.w.org\/{rel}","templated":true}]}}